{"id":40426,"date":"2016-09-20T09:48:07","date_gmt":"2016-09-20T14:48:07","guid":{"rendered":"https:\/\/centrourbano.com\/?p=40426"},"modified":"2016-09-20T09:48:22","modified_gmt":"2016-09-20T14:48:22","slug":"planificacion-urbana-mejora-calidad-de-vida","status":"publish","type":"post","link":"https:\/\/centrourbano.com\/revista\/entrevistas\/planificacion-urbana-mejora-calidad-de-vida\/","title":{"rendered":"Planificaci\u00f3n urbana mejora calidad de vida"},"content":{"rendered":"<p><em>Agilizar la movilidad urbana promueve el desarrollo de la econom\u00eda y contribuye a evitar asentamientos irregulares<\/em><br \/>\n<!--more--><\/p>\n<p>Para Erik Vittrup, representante en M\u00e9xico del programa de Naciones Unidas para los Asentamientos Humanos (ONU-H\u00e1bitat), el desarrollo urbano no es suficiente para que una ciudad genere riqueza y se combata a la pobreza urbana, tambi\u00e9n se deben gestar incentivos econ\u00f3micos y fiscales que promuevan una econom\u00eda pr\u00f3spera en las ciudades. <\/p>\n<p>\u201cUna cosa es que se piense en la econom\u00eda como producto de la acci\u00f3n p\u00fablica, que en autom\u00e1tico genera desarrollo econ\u00f3mico, pero no es as\u00ed. Hay que hacer cosas adicionales para planificar la ciudad, generar crecimiento econ\u00f3mico y que a su vez permita al gobierno captar su plusval\u00eda, para que pueda tener los beneficios que se generan en una ciudad y seguirlo reinvirtiendo\u201d. <\/p>\n<p>Para este urbanista dan\u00e9s que ha trabajado en 25 pa\u00edses en tres continentes, esto es algo importante que los gobiernos deben entender ya que una buena planificaci\u00f3n urbana incrementa entre 10 y 15 por ciento el Producto Interno Bruto (PIB) de una ciudad. En distintos an\u00e1lisis han demostrado, de manera emp\u00edrica, que por cada peso por ciudadano que se invierta en desarrollo urbano, se puede tener un retorno de cuatro mil pesos per c\u00e1pita a trav\u00e9s de los a\u00f1os.<\/p>\n<p>Asimismo, consider\u00f3 que grandes ciudades pueden todav\u00eda tener un crecimiento planeado, como es el caso de la Ciudad de M\u00e9xico, que podr\u00eda considerarse como una ciudad consolidada; sin embargo, hay distintas zonas que no est\u00e1n aprovechadas. <\/p>\n<p>\u201cLa Ciudad de M\u00e9xico en realidad es una mezcla de muchas cosas; efectivamente tiene un centro hist\u00f3rico bastante s\u00f3lido, pero tambi\u00e9n dentro del mismo hay un mont\u00f3n de \u00e1reas que est\u00e1n semiabandonadas. La migraci\u00f3n est\u00e1 dejando muchas zonas en donde no hay gente, econom\u00eda, donde no se aprovechan las oportunidades que genera la aglomeraci\u00f3n de gente, as\u00ed que hablar de ciudad consolidada no existe\u201d, agreg\u00f3. <\/p>\n<p>Es as\u00ed que se puede dar el crecimiento paulatino de las ciudades, como muchas del pa\u00eds que est\u00e1n fragmentadas y dispersas, sin un costo-beneficio eficiente; por lo que en las reuniones de H\u00e1bitat han visto que dos de los grandes desaf\u00edos son la regeneraci\u00f3n y el ensanche urbano.<\/p>\n<p>El primero de ellos consiste en dinamizar las ciudades con lo que ya se tiene construido, con planteamientos de solidificaci\u00f3n, densidades, infraestructura y conectividad. \u201cLos ensanches deben ser para que haya un crecimiento y una expansi\u00f3n econ\u00f3mica racional, un costo eficiente de los servicios que ofrece una ciudad moderna a todos por igual, para eliminar el crecimiento informal que sigue siendo el gran dolor de cabeza que tienen muchas ciudades\u201d. <\/p>\n<p>Explic\u00f3 que la ausencia de planificaci\u00f3n y de opciones ha hecho que la gente de escasos recursos se vean obligados a ocupar zonas de alto riesgo, zonas lejanas de las ciudades y lejos de sus fuentes de trabajo, lo que hace que el costo de vida de una persona de bajos recursos sea m\u00e1s caro que alguien de clase media que vive en la ciudad. <\/p>\n<p>Situaci\u00f3n que se da por el tiempo que invierte en trasladarse a sus fuentes de trabajo y que adem\u00e1s no les genera ingresos al momento, lo que es un costo para ellos y las empresas. <\/p>\n<p>Por lo que es necesario que se apueste cada vez m\u00e1s a construir ciudades \u201cde los 15 minutos\u201d, es decir, donde la gente no tarde m\u00e1s de ese tiempo para llegar de sus hogares, a las zonas de trabajo, escuelas o a un centro masivo de transporte que se conecte r\u00e1pidamente a sus destinos.<\/p>\n","protected":false},"excerpt":{"rendered":"<p>Agilizar la movilidad urbana promueve el desarrollo de la econom\u00eda y contribuye a evitar asentamientos irregulares<\/p>\n","protected":false},"author":45,"featured_media":40427,"comment_status":"open","ping_status":"closed","sticky":false,"template":"","format":"standard","meta":{"om_disable_all_campaigns":false,"inline_featured_image":false,"_monsterinsights_skip_tracking":false,"_monsterinsights_sitenote_active":false,"_monsterinsights_sitenote_note":"","_monsterinsights_sitenote_category":0,"footnotes":""},"categories":[13],"tags":[],"class_list":["post-40426","post","type-post","status-publish","format-standard","has-post-thumbnail","hentry","category-entrevistas"],"yoast_head":"<!-- This site is optimized with the Yoast SEO plugin v27.4 - https:\/\/yoast.com\/product\/yoast-seo-wordpress\/ -->\n<title>Planificaci\u00f3n urbana mejora calidad de vida -<\/title>\n<meta name=\"description\" content=\"Para Erik Vittrup, representante en M\u00e9xico del programa de Naciones Unidas para los Asentamientos Humanos (ONU-H\u00e1bitat), el desarrollo urbano no es suficiente para que una ciudad genere riqueza y se combata a la pobreza urbana, tambi\u00e9n se deben gestar incentivos econ\u00f3micos y fiscales que promuevan una econom\u00eda pr\u00f3spera en las ciudades.\" \/>\n<meta name=\"robots\" content=\"index, follow, max-snippet:-1, max-image-preview:large, max-video-preview:-1\" \/>\n<link rel=\"canonical\" href=\"https:\/\/centrourbano.com\/revista\/entrevistas\/planificacion-urbana-mejora-calidad-de-vida\/\" \/>\n<meta property=\"og:locale\" content=\"es_ES\" \/>\n<meta property=\"og:type\" content=\"article\" \/>\n<meta property=\"og:title\" content=\"Planificaci\u00f3n urbana mejora calidad de vida -\" \/>\n<meta property=\"og:description\" content=\"Para Erik Vittrup, representante en M\u00e9xico del programa de Naciones Unidas para los Asentamientos Humanos (ONU-H\u00e1bitat), el desarrollo urbano no es suficiente para que una ciudad genere riqueza y se combata a la pobreza urbana, tambi\u00e9n se deben gestar incentivos econ\u00f3micos y fiscales que promuevan una econom\u00eda pr\u00f3spera en las ciudades.\" \/>\n<meta property=\"og:url\" content=\"https:\/\/centrourbano.com\/revista\/entrevistas\/planificacion-urbana-mejora-calidad-de-vida\/\" \/>\n<meta property=\"og:site_name\" content=\"Centro Urbano\" \/>\n<meta property=\"article:publisher\" content=\"https:\/\/www.facebook.com\/portalcentrourbano\" \/>\n<meta property=\"article:published_time\" content=\"2016-09-20T14:48:07+00:00\" \/>\n<meta property=\"article:modified_time\" content=\"2016-09-20T14:48:22+00:00\" \/>\n<meta property=\"og:image\" content=\"https:\/\/centrourbano.com\/revista\/wp-content\/uploads\/Erik-Vittrup.jpg\" \/>\n\t<meta property=\"og:image:width\" content=\"2500\" \/>\n\t<meta property=\"og:image:height\" content=\"1875\" \/>\n\t<meta property=\"og:image:type\" content=\"image\/jpeg\" \/>\n<meta name=\"author\" content=\"Hanae Pacheco\" \/>\n<meta name=\"twitter:card\" content=\"summary_large_image\" \/>\n<meta name=\"twitter:creator\" content=\"@CentroUrbano\" \/>\n<meta name=\"twitter:site\" content=\"@CentroUrbano\" \/>\n<meta name=\"twitter:label1\" content=\"Escrito por\" \/>\n\t<meta name=\"twitter:data1\" content=\"Hanae Pacheco\" \/>\n\t<meta name=\"twitter:label2\" content=\"Tiempo de lectura\" \/>\n\t<meta name=\"twitter:data2\" content=\"3 minutos\" \/>\n<script type=\"application\/ld+json\" class=\"yoast-schema-graph\">{\"@context\":\"https:\\\/\\\/schema.org\",\"@graph\":[{\"@type\":\"Article\",\"@id\":\"https:\\\/\\\/centrourbano.com\\\/revista\\\/entrevistas\\\/planificacion-urbana-mejora-calidad-de-vida\\\/#article\",\"isPartOf\":{\"@id\":\"https:\\\/\\\/centrourbano.com\\\/revista\\\/entrevistas\\\/planificacion-urbana-mejora-calidad-de-vida\\\/\"},\"author\":{\"name\":\"Hanae Pacheco\",\"@id\":\"https:\\\/\\\/centrourbano.com\\\/revista\\\/#\\\/schema\\\/person\\\/db5aba19153b4dc77f48808c4c2e7027\"},\"headline\":\"Planificaci\u00f3n urbana mejora calidad de vida\",\"datePublished\":\"2016-09-20T14:48:07+00:00\",\"dateModified\":\"2016-09-20T14:48:22+00:00\",\"mainEntityOfPage\":{\"@id\":\"https:\\\/\\\/centrourbano.com\\\/revista\\\/entrevistas\\\/planificacion-urbana-mejora-calidad-de-vida\\\/\"},\"wordCount\":635,\"commentCount\":0,\"publisher\":{\"@id\":\"https:\\\/\\\/centrourbano.com\\\/revista\\\/#organization\"},\"image\":{\"@id\":\"https:\\\/\\\/centrourbano.com\\\/revista\\\/entrevistas\\\/planificacion-urbana-mejora-calidad-de-vida\\\/#primaryimage\"},\"thumbnailUrl\":\"https:\\\/\\\/centrourbano.com\\\/revista\\\/wp-content\\\/uploads\\\/Erik-Vittrup.jpg\",\"articleSection\":[\"Entrevistas\"],\"inLanguage\":\"es\",\"potentialAction\":[{\"@type\":\"CommentAction\",\"name\":\"Comment\",\"target\":[\"https:\\\/\\\/centrourbano.com\\\/revista\\\/entrevistas\\\/planificacion-urbana-mejora-calidad-de-vida\\\/#respond\"]}]},{\"@type\":\"WebPage\",\"@id\":\"https:\\\/\\\/centrourbano.com\\\/revista\\\/entrevistas\\\/planificacion-urbana-mejora-calidad-de-vida\\\/\",\"url\":\"https:\\\/\\\/centrourbano.com\\\/revista\\\/entrevistas\\\/planificacion-urbana-mejora-calidad-de-vida\\\/\",\"name\":\"Planificaci\u00f3n urbana mejora calidad de vida -\",\"isPartOf\":{\"@id\":\"https:\\\/\\\/centrourbano.com\\\/revista\\\/#website\"},\"primaryImageOfPage\":{\"@id\":\"https:\\\/\\\/centrourbano.com\\\/revista\\\/entrevistas\\\/planificacion-urbana-mejora-calidad-de-vida\\\/#primaryimage\"},\"image\":{\"@id\":\"https:\\\/\\\/centrourbano.com\\\/revista\\\/entrevistas\\\/planificacion-urbana-mejora-calidad-de-vida\\\/#primaryimage\"},\"thumbnailUrl\":\"https:\\\/\\\/centrourbano.com\\\/revista\\\/wp-content\\\/uploads\\\/Erik-Vittrup.jpg\",\"datePublished\":\"2016-09-20T14:48:07+00:00\",\"dateModified\":\"2016-09-20T14:48:22+00:00\",\"description\":\"Para Erik Vittrup, representante en M\u00e9xico del programa de Naciones Unidas para los Asentamientos Humanos (ONU-H\u00e1bitat), el desarrollo urbano no es suficiente para que una ciudad genere riqueza y se combata a la pobreza urbana, tambi\u00e9n se deben gestar incentivos econ\u00f3micos y fiscales que promuevan una econom\u00eda pr\u00f3spera en las ciudades.\",\"breadcrumb\":{\"@id\":\"https:\\\/\\\/centrourbano.com\\\/revista\\\/entrevistas\\\/planificacion-urbana-mejora-calidad-de-vida\\\/#breadcrumb\"},\"inLanguage\":\"es\",\"potentialAction\":[{\"@type\":\"ReadAction\",\"target\":[\"https:\\\/\\\/centrourbano.com\\\/revista\\\/entrevistas\\\/planificacion-urbana-mejora-calidad-de-vida\\\/\"]}]},{\"@type\":\"ImageObject\",\"inLanguage\":\"es\",\"@id\":\"https:\\\/\\\/centrourbano.com\\\/revista\\\/entrevistas\\\/planificacion-urbana-mejora-calidad-de-vida\\\/#primaryimage\",\"url\":\"https:\\\/\\\/centrourbano.com\\\/revista\\\/wp-content\\\/uploads\\\/Erik-Vittrup.jpg\",\"contentUrl\":\"https:\\\/\\\/centrourbano.com\\\/revista\\\/wp-content\\\/uploads\\\/Erik-Vittrup.jpg\",\"width\":2500,\"height\":1875,\"caption\":\"Agilizar la movilidad urbana promueve el desarrollo de la econom\u00eda y contribuye a evitar asentamientos irregulares\"},{\"@type\":\"BreadcrumbList\",\"@id\":\"https:\\\/\\\/centrourbano.com\\\/revista\\\/entrevistas\\\/planificacion-urbana-mejora-calidad-de-vida\\\/#breadcrumb\",\"itemListElement\":[{\"@type\":\"ListItem\",\"position\":1,\"name\":\"Portada\",\"item\":\"https:\\\/\\\/centrourbano.com\\\/revista\\\/\"},{\"@type\":\"ListItem\",\"position\":2,\"name\":\"Planificaci\u00f3n urbana mejora calidad de vida\"}]},{\"@type\":\"WebSite\",\"@id\":\"https:\\\/\\\/centrourbano.com\\\/revista\\\/#website\",\"url\":\"https:\\\/\\\/centrourbano.com\\\/revista\\\/\",\"name\":\"Centro Urbano\",\"description\":\"Medio especializado en los sectores vivienda, inmobiliario, construcci\u00f3n, arquitectura y urbanismo.\",\"publisher\":{\"@id\":\"https:\\\/\\\/centrourbano.com\\\/revista\\\/#organization\"},\"potentialAction\":[{\"@type\":\"SearchAction\",\"target\":{\"@type\":\"EntryPoint\",\"urlTemplate\":\"https:\\\/\\\/centrourbano.com\\\/revista\\\/?s={search_term_string}\"},\"query-input\":{\"@type\":\"PropertyValueSpecification\",\"valueRequired\":true,\"valueName\":\"search_term_string\"}}],\"inLanguage\":\"es\"},{\"@type\":\"Organization\",\"@id\":\"https:\\\/\\\/centrourbano.com\\\/revista\\\/#organization\",\"name\":\"Centro Urbano\",\"url\":\"https:\\\/\\\/centrourbano.com\\\/revista\\\/\",\"logo\":{\"@type\":\"ImageObject\",\"inLanguage\":\"es\",\"@id\":\"https:\\\/\\\/centrourbano.com\\\/revista\\\/#\\\/schema\\\/logo\\\/image\\\/\",\"url\":\"https:\\\/\\\/centrourbano.com\\\/revista\\\/wp-content\\\/uploads\\\/web_CU_logo-1.png\",\"contentUrl\":\"https:\\\/\\\/centrourbano.com\\\/revista\\\/wp-content\\\/uploads\\\/web_CU_logo-1.png\",\"width\":350,\"height\":91,\"caption\":\"Centro Urbano\"},\"image\":{\"@id\":\"https:\\\/\\\/centrourbano.com\\\/revista\\\/#\\\/schema\\\/logo\\\/image\\\/\"},\"sameAs\":[\"https:\\\/\\\/www.facebook.com\\\/portalcentrourbano\",\"https:\\\/\\\/x.com\\\/CentroUrbano\",\"https:\\\/\\\/www.instagram.com\\\/centro_urbano\\\/\",\"https:\\\/\\\/www.linkedin.com\\\/company\\\/centro-urbano\\\/\",\"http:\\\/\\\/www.youtube.com\\\/user\\\/portalcentrourbano\"]},{\"@type\":\"Person\",\"@id\":\"https:\\\/\\\/centrourbano.com\\\/revista\\\/#\\\/schema\\\/person\\\/db5aba19153b4dc77f48808c4c2e7027\",\"name\":\"Hanae Pacheco\",\"image\":{\"@type\":\"ImageObject\",\"inLanguage\":\"es\",\"@id\":\"https:\\\/\\\/secure.gravatar.com\\\/avatar\\\/85378918db488c7c72bd7acaea6909bbfd5df076ffaf5e56cf397f98ef67f72d?s=96&d=mm&r=g\",\"url\":\"https:\\\/\\\/secure.gravatar.com\\\/avatar\\\/85378918db488c7c72bd7acaea6909bbfd5df076ffaf5e56cf397f98ef67f72d?s=96&d=mm&r=g\",\"contentUrl\":\"https:\\\/\\\/secure.gravatar.com\\\/avatar\\\/85378918db488c7c72bd7acaea6909bbfd5df076ffaf5e56cf397f98ef67f72d?s=96&d=mm&r=g\",\"caption\":\"Hanae Pacheco\"},\"url\":\"https:\\\/\\\/centrourbano.com\\\/revista\\\/author\\\/hanae-pacheco\\\/\"}]}<\/script>\n<!-- \/ Yoast SEO plugin. -->","yoast_head_json":{"title":"Planificaci\u00f3n urbana mejora calidad de vida -","description":"Para Erik Vittrup, representante en M\u00e9xico del programa de Naciones Unidas para los Asentamientos Humanos (ONU-H\u00e1bitat), el desarrollo urbano no es suficiente para que una ciudad genere riqueza y se combata a la pobreza urbana, tambi\u00e9n se deben gestar incentivos econ\u00f3micos y fiscales que promuevan una econom\u00eda pr\u00f3spera en las ciudades.","robots":{"index":"index","follow":"follow","max-snippet":"max-snippet:-1","max-image-preview":"max-image-preview:large","max-video-preview":"max-video-preview:-1"},"canonical":"https:\/\/centrourbano.com\/revista\/entrevistas\/planificacion-urbana-mejora-calidad-de-vida\/","og_locale":"es_ES","og_type":"article","og_title":"Planificaci\u00f3n urbana mejora calidad de vida -","og_description":"Para Erik Vittrup, representante en M\u00e9xico del programa de Naciones Unidas para los Asentamientos Humanos (ONU-H\u00e1bitat), el desarrollo urbano no es suficiente para que una ciudad genere riqueza y se combata a la pobreza urbana, tambi\u00e9n se deben gestar incentivos econ\u00f3micos y fiscales que promuevan una econom\u00eda pr\u00f3spera en las ciudades.","og_url":"https:\/\/centrourbano.com\/revista\/entrevistas\/planificacion-urbana-mejora-calidad-de-vida\/","og_site_name":"Centro Urbano","article_publisher":"https:\/\/www.facebook.com\/portalcentrourbano","article_published_time":"2016-09-20T14:48:07+00:00","article_modified_time":"2016-09-20T14:48:22+00:00","og_image":[{"width":2500,"height":1875,"url":"https:\/\/centrourbano.com\/revista\/wp-content\/uploads\/Erik-Vittrup.jpg","type":"image\/jpeg"}],"author":"Hanae Pacheco","twitter_card":"summary_large_image","twitter_creator":"@CentroUrbano","twitter_site":"@CentroUrbano","twitter_misc":{"Escrito por":"Hanae Pacheco","Tiempo de lectura":"3 minutos"},"schema":{"@context":"https:\/\/schema.org","@graph":[{"@type":"Article","@id":"https:\/\/centrourbano.com\/revista\/entrevistas\/planificacion-urbana-mejora-calidad-de-vida\/#article","isPartOf":{"@id":"https:\/\/centrourbano.com\/revista\/entrevistas\/planificacion-urbana-mejora-calidad-de-vida\/"},"author":{"name":"Hanae Pacheco","@id":"https:\/\/centrourbano.com\/revista\/#\/schema\/person\/db5aba19153b4dc77f48808c4c2e7027"},"headline":"Planificaci\u00f3n urbana mejora calidad de vida","datePublished":"2016-09-20T14:48:07+00:00","dateModified":"2016-09-20T14:48:22+00:00","mainEntityOfPage":{"@id":"https:\/\/centrourbano.com\/revista\/entrevistas\/planificacion-urbana-mejora-calidad-de-vida\/"},"wordCount":635,"commentCount":0,"publisher":{"@id":"https:\/\/centrourbano.com\/revista\/#organization"},"image":{"@id":"https:\/\/centrourbano.com\/revista\/entrevistas\/planificacion-urbana-mejora-calidad-de-vida\/#primaryimage"},"thumbnailUrl":"https:\/\/centrourbano.com\/revista\/wp-content\/uploads\/Erik-Vittrup.jpg","articleSection":["Entrevistas"],"inLanguage":"es","potentialAction":[{"@type":"CommentAction","name":"Comment","target":["https:\/\/centrourbano.com\/revista\/entrevistas\/planificacion-urbana-mejora-calidad-de-vida\/#respond"]}]},{"@type":"WebPage","@id":"https:\/\/centrourbano.com\/revista\/entrevistas\/planificacion-urbana-mejora-calidad-de-vida\/","url":"https:\/\/centrourbano.com\/revista\/entrevistas\/planificacion-urbana-mejora-calidad-de-vida\/","name":"Planificaci\u00f3n urbana mejora calidad de vida -","isPartOf":{"@id":"https:\/\/centrourbano.com\/revista\/#website"},"primaryImageOfPage":{"@id":"https:\/\/centrourbano.com\/revista\/entrevistas\/planificacion-urbana-mejora-calidad-de-vida\/#primaryimage"},"image":{"@id":"https:\/\/centrourbano.com\/revista\/entrevistas\/planificacion-urbana-mejora-calidad-de-vida\/#primaryimage"},"thumbnailUrl":"https:\/\/centrourbano.com\/revista\/wp-content\/uploads\/Erik-Vittrup.jpg","datePublished":"2016-09-20T14:48:07+00:00","dateModified":"2016-09-20T14:48:22+00:00","description":"Para Erik Vittrup, representante en M\u00e9xico del programa de Naciones Unidas para los Asentamientos Humanos (ONU-H\u00e1bitat), el desarrollo urbano no es suficiente para que una ciudad genere riqueza y se combata a la pobreza urbana, tambi\u00e9n se deben gestar incentivos econ\u00f3micos y fiscales que promuevan una econom\u00eda pr\u00f3spera en las ciudades.","breadcrumb":{"@id":"https:\/\/centrourbano.com\/revista\/entrevistas\/planificacion-urbana-mejora-calidad-de-vida\/#breadcrumb"},"inLanguage":"es","potentialAction":[{"@type":"ReadAction","target":["https:\/\/centrourbano.com\/revista\/entrevistas\/planificacion-urbana-mejora-calidad-de-vida\/"]}]},{"@type":"ImageObject","inLanguage":"es","@id":"https:\/\/centrourbano.com\/revista\/entrevistas\/planificacion-urbana-mejora-calidad-de-vida\/#primaryimage","url":"https:\/\/centrourbano.com\/revista\/wp-content\/uploads\/Erik-Vittrup.jpg","contentUrl":"https:\/\/centrourbano.com\/revista\/wp-content\/uploads\/Erik-Vittrup.jpg","width":2500,"height":1875,"caption":"Agilizar la movilidad urbana promueve el desarrollo de la econom\u00eda y contribuye a evitar asentamientos irregulares"},{"@type":"BreadcrumbList","@id":"https:\/\/centrourbano.com\/revista\/entrevistas\/planificacion-urbana-mejora-calidad-de-vida\/#breadcrumb","itemListElement":[{"@type":"ListItem","position":1,"name":"Portada","item":"https:\/\/centrourbano.com\/revista\/"},{"@type":"ListItem","position":2,"name":"Planificaci\u00f3n urbana mejora calidad de vida"}]},{"@type":"WebSite","@id":"https:\/\/centrourbano.com\/revista\/#website","url":"https:\/\/centrourbano.com\/revista\/","name":"Centro Urbano","description":"Medio especializado en los sectores vivienda, inmobiliario, construcci\u00f3n, arquitectura y urbanismo.","publisher":{"@id":"https:\/\/centrourbano.com\/revista\/#organization"},"potentialAction":[{"@type":"SearchAction","target":{"@type":"EntryPoint","urlTemplate":"https:\/\/centrourbano.com\/revista\/?s={search_term_string}"},"query-input":{"@type":"PropertyValueSpecification","valueRequired":true,"valueName":"search_term_string"}}],"inLanguage":"es"},{"@type":"Organization","@id":"https:\/\/centrourbano.com\/revista\/#organization","name":"Centro Urbano","url":"https:\/\/centrourbano.com\/revista\/","logo":{"@type":"ImageObject","inLanguage":"es","@id":"https:\/\/centrourbano.com\/revista\/#\/schema\/logo\/image\/","url":"https:\/\/centrourbano.com\/revista\/wp-content\/uploads\/web_CU_logo-1.png","contentUrl":"https:\/\/centrourbano.com\/revista\/wp-content\/uploads\/web_CU_logo-1.png","width":350,"height":91,"caption":"Centro Urbano"},"image":{"@id":"https:\/\/centrourbano.com\/revista\/#\/schema\/logo\/image\/"},"sameAs":["https:\/\/www.facebook.com\/portalcentrourbano","https:\/\/x.com\/CentroUrbano","https:\/\/www.instagram.com\/centro_urbano\/","https:\/\/www.linkedin.com\/company\/centro-urbano\/","http:\/\/www.youtube.com\/user\/portalcentrourbano"]},{"@type":"Person","@id":"https:\/\/centrourbano.com\/revista\/#\/schema\/person\/db5aba19153b4dc77f48808c4c2e7027","name":"Hanae Pacheco","image":{"@type":"ImageObject","inLanguage":"es","@id":"https:\/\/secure.gravatar.com\/avatar\/85378918db488c7c72bd7acaea6909bbfd5df076ffaf5e56cf397f98ef67f72d?s=96&d=mm&r=g","url":"https:\/\/secure.gravatar.com\/avatar\/85378918db488c7c72bd7acaea6909bbfd5df076ffaf5e56cf397f98ef67f72d?s=96&d=mm&r=g","contentUrl":"https:\/\/secure.gravatar.com\/avatar\/85378918db488c7c72bd7acaea6909bbfd5df076ffaf5e56cf397f98ef67f72d?s=96&d=mm&r=g","caption":"Hanae Pacheco"},"url":"https:\/\/centrourbano.com\/revista\/author\/hanae-pacheco\/"}]}},"_links":{"self":[{"href":"https:\/\/centrourbano.com\/revista\/wp-json\/wp\/v2\/posts\/40426","targetHints":{"allow":["GET"]}}],"collection":[{"href":"https:\/\/centrourbano.com\/revista\/wp-json\/wp\/v2\/posts"}],"about":[{"href":"https:\/\/centrourbano.com\/revista\/wp-json\/wp\/v2\/types\/post"}],"author":[{"embeddable":true,"href":"https:\/\/centrourbano.com\/revista\/wp-json\/wp\/v2\/users\/45"}],"replies":[{"embeddable":true,"href":"https:\/\/centrourbano.com\/revista\/wp-json\/wp\/v2\/comments?post=40426"}],"version-history":[{"count":0,"href":"https:\/\/centrourbano.com\/revista\/wp-json\/wp\/v2\/posts\/40426\/revisions"}],"wp:featuredmedia":[{"embeddable":true,"href":"https:\/\/centrourbano.com\/revista\/wp-json\/wp\/v2\/media\/40427"}],"wp:attachment":[{"href":"https:\/\/centrourbano.com\/revista\/wp-json\/wp\/v2\/media?parent=40426"}],"wp:term":[{"taxonomy":"category","embeddable":true,"href":"https:\/\/centrourbano.com\/revista\/wp-json\/wp\/v2\/categories?post=40426"},{"taxonomy":"post_tag","embeddable":true,"href":"https:\/\/centrourbano.com\/revista\/wp-json\/wp\/v2\/tags?post=40426"}],"curies":[{"name":"wp","href":"https:\/\/api.w.org\/{rel}","templated":true}]}}