{"id":4015,"date":"2014-03-03T09:00:59","date_gmt":"2014-03-03T15:00:59","guid":{"rendered":"http:\/\/centrourbano.com\/?p=4015"},"modified":"2014-03-20T13:35:14","modified_gmt":"2014-03-20T19:35:14","slug":"inauguran-cinemex-azcapotzalco","status":"publish","type":"post","link":"https:\/\/centrourbano.com\/revista\/inmobiliario\/inauguran-cinemex-azcapotzalco\/","title":{"rendered":"Inauguran Cinemex Azcapotzalco"},"content":{"rendered":"<p><i>El complejo con capacidad para 1,022 butacas cuenta con 6 salas y 2 salas para proyecci\u00f3n 3D<\/i><\/p>\n<p><!--more--><\/p>\n<p>La empresa de exhibici\u00f3n cinematogr\u00e1fica Cinemex abri\u00f3 este viernes un nuevo complejo ubicado en dentro del centro comercial Patio Claver\u00eda, con una capacidad para mil 22 personas.<\/p>\n<p>A trav\u00e9s de un comunicado la firma anunci\u00f3 que esta nueva sucursal cuenta con cuatro salas de proyecci\u00f3n tradicional as\u00ed como dos salas de proyecci\u00f3n 3D, adem\u00e1s de todos los servicios que ofrece esta cadena.<\/p>\n<p>Cinemex Patio Claver\u00eda se encuentra ubicado justo en Av. Egipto 142, Col. Claver\u00eda, en la delegaci\u00f3n Azcapotzalco.<\/p>\n<p>\u201cEn Grupo Cinemex estamos muy satisfechos del crecimiento que hemos tenido en los \u00faltimos a\u00f1os. Estamos enfocados en acercar la mejor experiencia de entretenimiento a m\u00e1s gente\u201d, indic\u00f3 Dami\u00e1n Piz\u00e1, director de operaciones de Cinemex.<\/p>\n<p>Dentro de las instalaciones se encuentran pantallas 100 por ciento digitales, que ofrecer\u00e1n los mejores estrenos para disfrutar de todos los servicios de Cinemex tales como Caf\u00e9 Central Gourmet, Alavista y Dulcer\u00eda La Locura.<\/p>\n<p>En su reci\u00e9n apertura Cinemex Patio Claver\u00eda tendr\u00e1 una promoci\u00f3n del 2&#215;1 hasta este jueves 6 de marzo.<\/p>\n<p>Actualmente Cinemex suma un total de 267 cines y 2 mil 338 pantallas en alrededor de 76 ciudades de todo el pa\u00eds.<\/p>\n","protected":false},"excerpt":{"rendered":"<p>El complejo con capacidad para 1,022 butacas cuenta con 6 salas y 2 salas para proyecci\u00f3n 3D<\/p>\n","protected":false},"author":14,"featured_media":0,"comment_status":"open","ping_status":"closed","sticky":false,"template":"","format":"standard","meta":{"om_disable_all_campaigns":false,"inline_featured_image":false,"_monsterinsights_skip_tracking":false,"_monsterinsights_sitenote_active":false,"_monsterinsights_sitenote_note":"","_monsterinsights_sitenote_category":0,"footnotes":""},"categories":[15],"tags":[1098,69],"class_list":["post-4015","post","type-post","status-publish","format-standard","hentry","category-inmobiliario","tag-azcapotzalco","tag-cinemex"],"yoast_head":"<!-- This site is optimized with the Yoast SEO plugin v27.5 - https:\/\/yoast.com\/product\/yoast-seo-wordpress\/ -->\n<title>Inauguran Cinemex Azcapotzalco -<\/title>\n<meta name=\"description\" content=\"El complejo con capacidad para 1,022 butacas cuenta con 6 salas y 2 salas para proyecci\u00f3n 3D La empresa de exhibici\u00f3n cinematogr\u00e1fica Cinemex abri\u00f3 este\" \/>\n<meta name=\"robots\" content=\"index, follow, max-snippet:-1, max-image-preview:large, max-video-preview:-1\" \/>\n<link rel=\"canonical\" href=\"https:\/\/centrourbano.com\/revista\/inmobiliario\/inauguran-cinemex-azcapotzalco\/\" \/>\n<meta property=\"og:locale\" content=\"es_ES\" \/>\n<meta property=\"og:type\" content=\"article\" \/>\n<meta property=\"og:title\" content=\"Inauguran Cinemex Azcapotzalco -\" \/>\n<meta property=\"og:description\" content=\"El complejo con capacidad para 1,022 butacas cuenta con 6 salas y 2 salas para proyecci\u00f3n 3D La empresa de exhibici\u00f3n cinematogr\u00e1fica Cinemex abri\u00f3 este\" \/>\n<meta property=\"og:url\" content=\"https:\/\/centrourbano.com\/revista\/inmobiliario\/inauguran-cinemex-azcapotzalco\/\" \/>\n<meta property=\"og:site_name\" content=\"Centro Urbano\" \/>\n<meta property=\"article:publisher\" content=\"https:\/\/www.facebook.com\/portalcentrourbano\" \/>\n<meta property=\"article:published_time\" content=\"2014-03-03T15:00:59+00:00\" \/>\n<meta property=\"article:modified_time\" content=\"2014-03-20T19:35:14+00:00\" \/>\n<meta property=\"og:image\" content=\"https:\/\/centrourbano.com\/revista\/wp-content\/uploads\/CU-logo.png\" \/>\n\t<meta property=\"og:image:width\" content=\"350\" \/>\n\t<meta property=\"og:image:height\" content=\"91\" \/>\n\t<meta property=\"og:image:type\" content=\"image\/png\" \/>\n<meta name=\"author\" content=\"Redacci\u00f3n Centro Urbano\" \/>\n<meta name=\"twitter:card\" content=\"summary_large_image\" \/>\n<meta name=\"twitter:creator\" content=\"@CentroUrbano\" \/>\n<meta name=\"twitter:site\" content=\"@CentroUrbano\" \/>\n<meta name=\"twitter:label1\" content=\"Escrito por\" \/>\n\t<meta name=\"twitter:data1\" content=\"Redacci\u00f3n Centro Urbano\" \/>\n\t<meta name=\"twitter:label2\" content=\"Tiempo de lectura\" \/>\n\t<meta name=\"twitter:data2\" content=\"1 minuto\" \/>\n<script type=\"application\/ld+json\" class=\"yoast-schema-graph\">{\"@context\":\"https:\\\/\\\/schema.org\",\"@graph\":[{\"@type\":\"Article\",\"@id\":\"https:\\\/\\\/centrourbano.com\\\/revista\\\/inmobiliario\\\/inauguran-cinemex-azcapotzalco\\\/#article\",\"isPartOf\":{\"@id\":\"https:\\\/\\\/centrourbano.com\\\/revista\\\/inmobiliario\\\/inauguran-cinemex-azcapotzalco\\\/\"},\"author\":{\"name\":\"Redacci\u00f3n Centro Urbano\",\"@id\":\"https:\\\/\\\/centrourbano.com\\\/revista\\\/#\\\/schema\\\/person\\\/5259f06e282c59482812d0e9a84a6440\"},\"headline\":\"Inauguran Cinemex Azcapotzalco\",\"datePublished\":\"2014-03-03T15:00:59+00:00\",\"dateModified\":\"2014-03-20T19:35:14+00:00\",\"mainEntityOfPage\":{\"@id\":\"https:\\\/\\\/centrourbano.com\\\/revista\\\/inmobiliario\\\/inauguran-cinemex-azcapotzalco\\\/\"},\"wordCount\":217,\"commentCount\":0,\"publisher\":{\"@id\":\"https:\\\/\\\/centrourbano.com\\\/revista\\\/#organization\"},\"keywords\":[\"Azcapotzalco\",\"Cinemex\"],\"articleSection\":[\"Inmobiliario\"],\"inLanguage\":\"es\",\"potentialAction\":[{\"@type\":\"CommentAction\",\"name\":\"Comment\",\"target\":[\"https:\\\/\\\/centrourbano.com\\\/revista\\\/inmobiliario\\\/inauguran-cinemex-azcapotzalco\\\/#respond\"]}]},{\"@type\":\"WebPage\",\"@id\":\"https:\\\/\\\/centrourbano.com\\\/revista\\\/inmobiliario\\\/inauguran-cinemex-azcapotzalco\\\/\",\"url\":\"https:\\\/\\\/centrourbano.com\\\/revista\\\/inmobiliario\\\/inauguran-cinemex-azcapotzalco\\\/\",\"name\":\"Inauguran Cinemex Azcapotzalco -\",\"isPartOf\":{\"@id\":\"https:\\\/\\\/centrourbano.com\\\/revista\\\/#website\"},\"datePublished\":\"2014-03-03T15:00:59+00:00\",\"dateModified\":\"2014-03-20T19:35:14+00:00\",\"description\":\"El complejo con capacidad para 1,022 butacas cuenta con 6 salas y 2 salas para proyecci\u00f3n 3D La empresa de exhibici\u00f3n cinematogr\u00e1fica Cinemex abri\u00f3 este\",\"breadcrumb\":{\"@id\":\"https:\\\/\\\/centrourbano.com\\\/revista\\\/inmobiliario\\\/inauguran-cinemex-azcapotzalco\\\/#breadcrumb\"},\"inLanguage\":\"es\",\"potentialAction\":[{\"@type\":\"ReadAction\",\"target\":[\"https:\\\/\\\/centrourbano.com\\\/revista\\\/inmobiliario\\\/inauguran-cinemex-azcapotzalco\\\/\"]}]},{\"@type\":\"BreadcrumbList\",\"@id\":\"https:\\\/\\\/centrourbano.com\\\/revista\\\/inmobiliario\\\/inauguran-cinemex-azcapotzalco\\\/#breadcrumb\",\"itemListElement\":[{\"@type\":\"ListItem\",\"position\":1,\"name\":\"Portada\",\"item\":\"https:\\\/\\\/centrourbano.com\\\/revista\\\/\"},{\"@type\":\"ListItem\",\"position\":2,\"name\":\"Inauguran Cinemex Azcapotzalco\"}]},{\"@type\":\"WebSite\",\"@id\":\"https:\\\/\\\/centrourbano.com\\\/revista\\\/#website\",\"url\":\"https:\\\/\\\/centrourbano.com\\\/revista\\\/\",\"name\":\"Centro Urbano\",\"description\":\"Medio especializado en los sectores vivienda, inmobiliario, construcci\u00f3n, arquitectura y urbanismo.\",\"publisher\":{\"@id\":\"https:\\\/\\\/centrourbano.com\\\/revista\\\/#organization\"},\"potentialAction\":[{\"@type\":\"SearchAction\",\"target\":{\"@type\":\"EntryPoint\",\"urlTemplate\":\"https:\\\/\\\/centrourbano.com\\\/revista\\\/?s={search_term_string}\"},\"query-input\":{\"@type\":\"PropertyValueSpecification\",\"valueRequired\":true,\"valueName\":\"search_term_string\"}}],\"inLanguage\":\"es\"},{\"@type\":\"Organization\",\"@id\":\"https:\\\/\\\/centrourbano.com\\\/revista\\\/#organization\",\"name\":\"Centro Urbano\",\"url\":\"https:\\\/\\\/centrourbano.com\\\/revista\\\/\",\"logo\":{\"@type\":\"ImageObject\",\"inLanguage\":\"es\",\"@id\":\"https:\\\/\\\/centrourbano.com\\\/revista\\\/#\\\/schema\\\/logo\\\/image\\\/\",\"url\":\"https:\\\/\\\/centrourbano.com\\\/revista\\\/wp-content\\\/uploads\\\/web_CU_logo-1.png\",\"contentUrl\":\"https:\\\/\\\/centrourbano.com\\\/revista\\\/wp-content\\\/uploads\\\/web_CU_logo-1.png\",\"width\":350,\"height\":91,\"caption\":\"Centro Urbano\"},\"image\":{\"@id\":\"https:\\\/\\\/centrourbano.com\\\/revista\\\/#\\\/schema\\\/logo\\\/image\\\/\"},\"sameAs\":[\"https:\\\/\\\/www.facebook.com\\\/portalcentrourbano\",\"https:\\\/\\\/x.com\\\/CentroUrbano\",\"https:\\\/\\\/www.instagram.com\\\/centro_urbano\\\/\",\"https:\\\/\\\/www.linkedin.com\\\/company\\\/centro-urbano\\\/\",\"http:\\\/\\\/www.youtube.com\\\/user\\\/portalcentrourbano\"]},{\"@type\":\"Person\",\"@id\":\"https:\\\/\\\/centrourbano.com\\\/revista\\\/#\\\/schema\\\/person\\\/5259f06e282c59482812d0e9a84a6440\",\"name\":\"Redacci\u00f3n Centro Urbano\",\"image\":{\"@type\":\"ImageObject\",\"inLanguage\":\"es\",\"@id\":\"https:\\\/\\\/secure.gravatar.com\\\/avatar\\\/15a789f894398c0f311f3a7a2ee28032bbc0483098539da66b6a045aa810bf35?s=96&d=mm&r=g\",\"url\":\"https:\\\/\\\/secure.gravatar.com\\\/avatar\\\/15a789f894398c0f311f3a7a2ee28032bbc0483098539da66b6a045aa810bf35?s=96&d=mm&r=g\",\"contentUrl\":\"https:\\\/\\\/secure.gravatar.com\\\/avatar\\\/15a789f894398c0f311f3a7a2ee28032bbc0483098539da66b6a045aa810bf35?s=96&d=mm&r=g\",\"caption\":\"Redacci\u00f3n Centro Urbano\"},\"url\":\"https:\\\/\\\/centrourbano.com\\\/revista\\\/author\\\/editorial\\\/\"}]}<\/script>\n<!-- \/ Yoast SEO plugin. -->","yoast_head_json":{"title":"Inauguran Cinemex Azcapotzalco -","description":"El complejo con capacidad para 1,022 butacas cuenta con 6 salas y 2 salas para proyecci\u00f3n 3D La empresa de exhibici\u00f3n cinematogr\u00e1fica Cinemex abri\u00f3 este","robots":{"index":"index","follow":"follow","max-snippet":"max-snippet:-1","max-image-preview":"max-image-preview:large","max-video-preview":"max-video-preview:-1"},"canonical":"https:\/\/centrourbano.com\/revista\/inmobiliario\/inauguran-cinemex-azcapotzalco\/","og_locale":"es_ES","og_type":"article","og_title":"Inauguran Cinemex Azcapotzalco -","og_description":"El complejo con capacidad para 1,022 butacas cuenta con 6 salas y 2 salas para proyecci\u00f3n 3D La empresa de exhibici\u00f3n cinematogr\u00e1fica Cinemex abri\u00f3 este","og_url":"https:\/\/centrourbano.com\/revista\/inmobiliario\/inauguran-cinemex-azcapotzalco\/","og_site_name":"Centro Urbano","article_publisher":"https:\/\/www.facebook.com\/portalcentrourbano","article_published_time":"2014-03-03T15:00:59+00:00","article_modified_time":"2014-03-20T19:35:14+00:00","og_image":[{"width":350,"height":91,"url":"https:\/\/centrourbano.com\/revista\/wp-content\/uploads\/CU-logo.png","type":"image\/png"}],"author":"Redacci\u00f3n Centro Urbano","twitter_card":"summary_large_image","twitter_creator":"@CentroUrbano","twitter_site":"@CentroUrbano","twitter_misc":{"Escrito por":"Redacci\u00f3n Centro Urbano","Tiempo de lectura":"1 minuto"},"schema":{"@context":"https:\/\/schema.org","@graph":[{"@type":"Article","@id":"https:\/\/centrourbano.com\/revista\/inmobiliario\/inauguran-cinemex-azcapotzalco\/#article","isPartOf":{"@id":"https:\/\/centrourbano.com\/revista\/inmobiliario\/inauguran-cinemex-azcapotzalco\/"},"author":{"name":"Redacci\u00f3n Centro Urbano","@id":"https:\/\/centrourbano.com\/revista\/#\/schema\/person\/5259f06e282c59482812d0e9a84a6440"},"headline":"Inauguran Cinemex Azcapotzalco","datePublished":"2014-03-03T15:00:59+00:00","dateModified":"2014-03-20T19:35:14+00:00","mainEntityOfPage":{"@id":"https:\/\/centrourbano.com\/revista\/inmobiliario\/inauguran-cinemex-azcapotzalco\/"},"wordCount":217,"commentCount":0,"publisher":{"@id":"https:\/\/centrourbano.com\/revista\/#organization"},"keywords":["Azcapotzalco","Cinemex"],"articleSection":["Inmobiliario"],"inLanguage":"es","potentialAction":[{"@type":"CommentAction","name":"Comment","target":["https:\/\/centrourbano.com\/revista\/inmobiliario\/inauguran-cinemex-azcapotzalco\/#respond"]}]},{"@type":"WebPage","@id":"https:\/\/centrourbano.com\/revista\/inmobiliario\/inauguran-cinemex-azcapotzalco\/","url":"https:\/\/centrourbano.com\/revista\/inmobiliario\/inauguran-cinemex-azcapotzalco\/","name":"Inauguran Cinemex Azcapotzalco -","isPartOf":{"@id":"https:\/\/centrourbano.com\/revista\/#website"},"datePublished":"2014-03-03T15:00:59+00:00","dateModified":"2014-03-20T19:35:14+00:00","description":"El complejo con capacidad para 1,022 butacas cuenta con 6 salas y 2 salas para proyecci\u00f3n 3D La empresa de exhibici\u00f3n cinematogr\u00e1fica Cinemex abri\u00f3 este","breadcrumb":{"@id":"https:\/\/centrourbano.com\/revista\/inmobiliario\/inauguran-cinemex-azcapotzalco\/#breadcrumb"},"inLanguage":"es","potentialAction":[{"@type":"ReadAction","target":["https:\/\/centrourbano.com\/revista\/inmobiliario\/inauguran-cinemex-azcapotzalco\/"]}]},{"@type":"BreadcrumbList","@id":"https:\/\/centrourbano.com\/revista\/inmobiliario\/inauguran-cinemex-azcapotzalco\/#breadcrumb","itemListElement":[{"@type":"ListItem","position":1,"name":"Portada","item":"https:\/\/centrourbano.com\/revista\/"},{"@type":"ListItem","position":2,"name":"Inauguran Cinemex Azcapotzalco"}]},{"@type":"WebSite","@id":"https:\/\/centrourbano.com\/revista\/#website","url":"https:\/\/centrourbano.com\/revista\/","name":"Centro Urbano","description":"Medio especializado en los sectores vivienda, inmobiliario, construcci\u00f3n, arquitectura y urbanismo.","publisher":{"@id":"https:\/\/centrourbano.com\/revista\/#organization"},"potentialAction":[{"@type":"SearchAction","target":{"@type":"EntryPoint","urlTemplate":"https:\/\/centrourbano.com\/revista\/?s={search_term_string}"},"query-input":{"@type":"PropertyValueSpecification","valueRequired":true,"valueName":"search_term_string"}}],"inLanguage":"es"},{"@type":"Organization","@id":"https:\/\/centrourbano.com\/revista\/#organization","name":"Centro Urbano","url":"https:\/\/centrourbano.com\/revista\/","logo":{"@type":"ImageObject","inLanguage":"es","@id":"https:\/\/centrourbano.com\/revista\/#\/schema\/logo\/image\/","url":"https:\/\/centrourbano.com\/revista\/wp-content\/uploads\/web_CU_logo-1.png","contentUrl":"https:\/\/centrourbano.com\/revista\/wp-content\/uploads\/web_CU_logo-1.png","width":350,"height":91,"caption":"Centro Urbano"},"image":{"@id":"https:\/\/centrourbano.com\/revista\/#\/schema\/logo\/image\/"},"sameAs":["https:\/\/www.facebook.com\/portalcentrourbano","https:\/\/x.com\/CentroUrbano","https:\/\/www.instagram.com\/centro_urbano\/","https:\/\/www.linkedin.com\/company\/centro-urbano\/","http:\/\/www.youtube.com\/user\/portalcentrourbano"]},{"@type":"Person","@id":"https:\/\/centrourbano.com\/revista\/#\/schema\/person\/5259f06e282c59482812d0e9a84a6440","name":"Redacci\u00f3n Centro Urbano","image":{"@type":"ImageObject","inLanguage":"es","@id":"https:\/\/secure.gravatar.com\/avatar\/15a789f894398c0f311f3a7a2ee28032bbc0483098539da66b6a045aa810bf35?s=96&d=mm&r=g","url":"https:\/\/secure.gravatar.com\/avatar\/15a789f894398c0f311f3a7a2ee28032bbc0483098539da66b6a045aa810bf35?s=96&d=mm&r=g","contentUrl":"https:\/\/secure.gravatar.com\/avatar\/15a789f894398c0f311f3a7a2ee28032bbc0483098539da66b6a045aa810bf35?s=96&d=mm&r=g","caption":"Redacci\u00f3n Centro Urbano"},"url":"https:\/\/centrourbano.com\/revista\/author\/editorial\/"}]}},"_links":{"self":[{"href":"https:\/\/centrourbano.com\/revista\/wp-json\/wp\/v2\/posts\/4015","targetHints":{"allow":["GET"]}}],"collection":[{"href":"https:\/\/centrourbano.com\/revista\/wp-json\/wp\/v2\/posts"}],"about":[{"href":"https:\/\/centrourbano.com\/revista\/wp-json\/wp\/v2\/types\/post"}],"author":[{"embeddable":true,"href":"https:\/\/centrourbano.com\/revista\/wp-json\/wp\/v2\/users\/14"}],"replies":[{"embeddable":true,"href":"https:\/\/centrourbano.com\/revista\/wp-json\/wp\/v2\/comments?post=4015"}],"version-history":[{"count":0,"href":"https:\/\/centrourbano.com\/revista\/wp-json\/wp\/v2\/posts\/4015\/revisions"}],"wp:attachment":[{"href":"https:\/\/centrourbano.com\/revista\/wp-json\/wp\/v2\/media?parent=4015"}],"wp:term":[{"taxonomy":"category","embeddable":true,"href":"https:\/\/centrourbano.com\/revista\/wp-json\/wp\/v2\/categories?post=4015"},{"taxonomy":"post_tag","embeddable":true,"href":"https:\/\/centrourbano.com\/revista\/wp-json\/wp\/v2\/tags?post=4015"}],"curies":[{"name":"wp","href":"https:\/\/api.w.org\/{rel}","templated":true}]}}