{"id":40088,"date":"2016-09-12T17:30:42","date_gmt":"2016-09-12T22:30:42","guid":{"rendered":"https:\/\/centrourbano.com\/?p=40088"},"modified":"2016-09-12T17:30:42","modified_gmt":"2016-09-12T22:30:42","slug":"inauguran-centro-rehabilitacion-infantil-gustavo-madero","status":"publish","type":"post","link":"https:\/\/centrourbano.com\/revista\/construccion\/inauguran-centro-rehabilitacion-infantil-gustavo-madero\/","title":{"rendered":"Inauguran centro de rehabilitaci\u00f3n infantil en Gustavo A. Madero"},"content":{"rendered":"<p><em>Atender\u00e1 a 1, 631 ni\u00f1os con discapacidad y contar\u00e1 con terapia f\u00edsica, ocupacional y de lenguaje<\/em><\/p>\n<p><strong>\u00a0<\/strong><\/p>\n<p>Para atender las necesidades de 1,631 ni\u00f1os con discapacidad, el jefe delegacional en Gustavo A. Madero, V\u00edctor Hugo Lobo Rom\u00e1n, inaugur\u00f3 el primer centro de rehabilitaci\u00f3n infantil, dirigido principalmente a las familias que carecen de recursos econ\u00f3micos y no cuentan con los servicios institucionales de salud.<\/p>\n<p>El delegado abri\u00f3 las puertas del centro a la comunidad infantil que padece discapacidad motriz, auditiva, de lenguaje y visual, en compa\u00f1\u00eda del Secretario de Salud de la Ciudad de M\u00e9xico, Armando Ahued y la Diputada Nora Arias Contreras, Presidente de la Comisi\u00f3n de Salud y Bienestar Social de la Asamblea Legislativa del Distrito Federal (ALDF).<\/p>\n<p>La construcci\u00f3n cuenta con 1,654 metros cuadrados para brindar terapia f\u00edsica, ocupacional y de lenguaje, servicio de audiometr\u00eda y optometr\u00eda, as\u00ed como atenci\u00f3n psicol\u00f3gica e integraci\u00f3n social, todo ello en un modelo de atenci\u00f3n integral que abarcar\u00e1 los \u00e1mbitos f\u00edsicos, psicol\u00f3gicos y sociales de los menores, destac\u00f3 Lobo Rom\u00e1n.<\/p>\n<p>Finalmente, ser\u00e1n destinados recursos para dar apoyo econ\u00f3mico a las familias de los ni\u00f1os y por medio de veh\u00edculos especializados, trasladar a los ni\u00f1os de sus casas al CRI para facilitar la toma de terapia; ser\u00e1n atendidos 800 peque\u00f1os anualmente, hasta recuperar gradualmente su autoestima y autonom\u00eda.<\/p>\n<p>&nbsp;<\/p>\n<p>&nbsp;<\/p>\n","protected":false},"excerpt":{"rendered":"<p>Atender\u00e1 a 1, 631 ni\u00f1os con discapacidad y contar\u00e1 con terapia f\u00edsica, ocupacional y de lenguaje \u00a0 Para atender las necesidades de 1,631 ni\u00f1os con discapacidad, el jefe delegacional en Gustavo A. Madero, V\u00edctor Hugo Lobo Rom\u00e1n, inaugur\u00f3 el primer centro de rehabilitaci\u00f3n infantil, dirigido principalmente a las familias que carecen de recursos econ\u00f3micos y [&hellip;]<\/p>\n","protected":false},"author":42,"featured_media":40089,"comment_status":"open","ping_status":"closed","sticky":false,"template":"","format":"standard","meta":{"om_disable_all_campaigns":false,"inline_featured_image":false,"_monsterinsights_skip_tracking":false,"_monsterinsights_sitenote_active":false,"_monsterinsights_sitenote_note":"","_monsterinsights_sitenote_category":0,"footnotes":""},"categories":[14],"tags":[8499,4325,8500],"class_list":["post-40088","post","type-post","status-publish","format-standard","has-post-thumbnail","hentry","category-construccion","tag-centro-de-rehabilitacion-infantil","tag-gam","tag-victor-hugo-lobo-roman"],"yoast_head":"<!-- This site is optimized with the Yoast SEO plugin v27.4 - https:\/\/yoast.com\/product\/yoast-seo-wordpress\/ -->\n<title>Inauguran centro de rehabilitaci\u00f3n infantil en Gustavo A. Madero -<\/title>\n<meta name=\"description\" content=\"Para atender las necesidades de 1,631 ni\u00f1os con discapacidad, el jefe delegacional en Gustavo A. Madero, V\u00edctor Hugo Lobo Rom\u00e1n, inaugur\u00f3 el primer centro de rehabilitaci\u00f3n infantil, dirigido principalmente a las familias que carecen de recursos econ\u00f3micos y no cuentan con los servicios institucionales de salud.\" \/>\n<meta name=\"robots\" content=\"index, follow, max-snippet:-1, max-image-preview:large, max-video-preview:-1\" \/>\n<link rel=\"canonical\" href=\"https:\/\/centrourbano.com\/revista\/construccion\/inauguran-centro-rehabilitacion-infantil-gustavo-madero\/\" \/>\n<meta property=\"og:locale\" content=\"es_ES\" \/>\n<meta property=\"og:type\" content=\"article\" \/>\n<meta property=\"og:title\" content=\"Inauguran centro de rehabilitaci\u00f3n infantil en Gustavo A. Madero -\" \/>\n<meta property=\"og:description\" content=\"Para atender las necesidades de 1,631 ni\u00f1os con discapacidad, el jefe delegacional en Gustavo A. Madero, V\u00edctor Hugo Lobo Rom\u00e1n, inaugur\u00f3 el primer centro de rehabilitaci\u00f3n infantil, dirigido principalmente a las familias que carecen de recursos econ\u00f3micos y no cuentan con los servicios institucionales de salud.\" \/>\n<meta property=\"og:url\" content=\"https:\/\/centrourbano.com\/revista\/construccion\/inauguran-centro-rehabilitacion-infantil-gustavo-madero\/\" \/>\n<meta property=\"og:site_name\" content=\"Centro Urbano\" \/>\n<meta property=\"article:publisher\" content=\"https:\/\/www.facebook.com\/portalcentrourbano\" \/>\n<meta property=\"article:published_time\" content=\"2016-09-12T22:30:42+00:00\" \/>\n<meta property=\"og:image\" content=\"https:\/\/centrourbano.com\/revista\/wp-content\/uploads\/unnamed-33.jpg\" \/>\n\t<meta property=\"og:image:width\" content=\"1181\" \/>\n\t<meta property=\"og:image:height\" content=\"787\" \/>\n\t<meta property=\"og:image:type\" content=\"image\/jpeg\" \/>\n<meta name=\"author\" content=\"Priscila D\u00edaz\" \/>\n<meta name=\"twitter:card\" content=\"summary_large_image\" \/>\n<meta name=\"twitter:creator\" content=\"@CentroUrbano\" \/>\n<meta name=\"twitter:site\" content=\"@CentroUrbano\" \/>\n<meta name=\"twitter:label1\" content=\"Escrito por\" \/>\n\t<meta name=\"twitter:data1\" content=\"Priscila D\u00edaz\" \/>\n\t<meta name=\"twitter:label2\" content=\"Tiempo de lectura\" \/>\n\t<meta name=\"twitter:data2\" content=\"1 minuto\" \/>\n<script type=\"application\/ld+json\" class=\"yoast-schema-graph\">{\"@context\":\"https:\\\/\\\/schema.org\",\"@graph\":[{\"@type\":\"Article\",\"@id\":\"https:\\\/\\\/centrourbano.com\\\/revista\\\/construccion\\\/inauguran-centro-rehabilitacion-infantil-gustavo-madero\\\/#article\",\"isPartOf\":{\"@id\":\"https:\\\/\\\/centrourbano.com\\\/revista\\\/construccion\\\/inauguran-centro-rehabilitacion-infantil-gustavo-madero\\\/\"},\"author\":{\"name\":\"Priscila D\u00edaz\",\"@id\":\"https:\\\/\\\/centrourbano.com\\\/revista\\\/#\\\/schema\\\/person\\\/20613dd8a7db2b263325af517bc7420c\"},\"headline\":\"Inauguran centro de rehabilitaci\u00f3n infantil en Gustavo A. Madero\",\"datePublished\":\"2016-09-12T22:30:42+00:00\",\"mainEntityOfPage\":{\"@id\":\"https:\\\/\\\/centrourbano.com\\\/revista\\\/construccion\\\/inauguran-centro-rehabilitacion-infantil-gustavo-madero\\\/\"},\"wordCount\":250,\"commentCount\":0,\"publisher\":{\"@id\":\"https:\\\/\\\/centrourbano.com\\\/revista\\\/#organization\"},\"image\":{\"@id\":\"https:\\\/\\\/centrourbano.com\\\/revista\\\/construccion\\\/inauguran-centro-rehabilitacion-infantil-gustavo-madero\\\/#primaryimage\"},\"thumbnailUrl\":\"https:\\\/\\\/centrourbano.com\\\/revista\\\/wp-content\\\/uploads\\\/unnamed-33.jpg\",\"keywords\":[\"Centro de rehabilitaci\u00f3n infantil\",\"GAM\",\"V\u00edctor Hugo Lobo Rom\u00e1n\"],\"articleSection\":[\"Construcci\u00f3n\"],\"inLanguage\":\"es\",\"potentialAction\":[{\"@type\":\"CommentAction\",\"name\":\"Comment\",\"target\":[\"https:\\\/\\\/centrourbano.com\\\/revista\\\/construccion\\\/inauguran-centro-rehabilitacion-infantil-gustavo-madero\\\/#respond\"]}]},{\"@type\":\"WebPage\",\"@id\":\"https:\\\/\\\/centrourbano.com\\\/revista\\\/construccion\\\/inauguran-centro-rehabilitacion-infantil-gustavo-madero\\\/\",\"url\":\"https:\\\/\\\/centrourbano.com\\\/revista\\\/construccion\\\/inauguran-centro-rehabilitacion-infantil-gustavo-madero\\\/\",\"name\":\"Inauguran centro de rehabilitaci\u00f3n infantil en Gustavo A. Madero -\",\"isPartOf\":{\"@id\":\"https:\\\/\\\/centrourbano.com\\\/revista\\\/#website\"},\"primaryImageOfPage\":{\"@id\":\"https:\\\/\\\/centrourbano.com\\\/revista\\\/construccion\\\/inauguran-centro-rehabilitacion-infantil-gustavo-madero\\\/#primaryimage\"},\"image\":{\"@id\":\"https:\\\/\\\/centrourbano.com\\\/revista\\\/construccion\\\/inauguran-centro-rehabilitacion-infantil-gustavo-madero\\\/#primaryimage\"},\"thumbnailUrl\":\"https:\\\/\\\/centrourbano.com\\\/revista\\\/wp-content\\\/uploads\\\/unnamed-33.jpg\",\"datePublished\":\"2016-09-12T22:30:42+00:00\",\"description\":\"Para atender las necesidades de 1,631 ni\u00f1os con discapacidad, el jefe delegacional en Gustavo A. Madero, V\u00edctor Hugo Lobo Rom\u00e1n, inaugur\u00f3 el primer centro de rehabilitaci\u00f3n infantil, dirigido principalmente a las familias que carecen de recursos econ\u00f3micos y no cuentan con los servicios institucionales de salud.\",\"breadcrumb\":{\"@id\":\"https:\\\/\\\/centrourbano.com\\\/revista\\\/construccion\\\/inauguran-centro-rehabilitacion-infantil-gustavo-madero\\\/#breadcrumb\"},\"inLanguage\":\"es\",\"potentialAction\":[{\"@type\":\"ReadAction\",\"target\":[\"https:\\\/\\\/centrourbano.com\\\/revista\\\/construccion\\\/inauguran-centro-rehabilitacion-infantil-gustavo-madero\\\/\"]}]},{\"@type\":\"ImageObject\",\"inLanguage\":\"es\",\"@id\":\"https:\\\/\\\/centrourbano.com\\\/revista\\\/construccion\\\/inauguran-centro-rehabilitacion-infantil-gustavo-madero\\\/#primaryimage\",\"url\":\"https:\\\/\\\/centrourbano.com\\\/revista\\\/wp-content\\\/uploads\\\/unnamed-33.jpg\",\"contentUrl\":\"https:\\\/\\\/centrourbano.com\\\/revista\\\/wp-content\\\/uploads\\\/unnamed-33.jpg\",\"width\":1181,\"height\":787,\"caption\":\"Atender\u00e1 a 1, 631 ni\u00f1os con discapacidad y contar\u00e1 con terapia f\u00edsica, ocupacional y de lenguaje\"},{\"@type\":\"BreadcrumbList\",\"@id\":\"https:\\\/\\\/centrourbano.com\\\/revista\\\/construccion\\\/inauguran-centro-rehabilitacion-infantil-gustavo-madero\\\/#breadcrumb\",\"itemListElement\":[{\"@type\":\"ListItem\",\"position\":1,\"name\":\"Portada\",\"item\":\"https:\\\/\\\/centrourbano.com\\\/revista\\\/\"},{\"@type\":\"ListItem\",\"position\":2,\"name\":\"Inauguran centro de rehabilitaci\u00f3n infantil en Gustavo A. Madero\"}]},{\"@type\":\"WebSite\",\"@id\":\"https:\\\/\\\/centrourbano.com\\\/revista\\\/#website\",\"url\":\"https:\\\/\\\/centrourbano.com\\\/revista\\\/\",\"name\":\"Centro Urbano\",\"description\":\"Medio especializado en los sectores vivienda, inmobiliario, construcci\u00f3n, arquitectura y urbanismo.\",\"publisher\":{\"@id\":\"https:\\\/\\\/centrourbano.com\\\/revista\\\/#organization\"},\"potentialAction\":[{\"@type\":\"SearchAction\",\"target\":{\"@type\":\"EntryPoint\",\"urlTemplate\":\"https:\\\/\\\/centrourbano.com\\\/revista\\\/?s={search_term_string}\"},\"query-input\":{\"@type\":\"PropertyValueSpecification\",\"valueRequired\":true,\"valueName\":\"search_term_string\"}}],\"inLanguage\":\"es\"},{\"@type\":\"Organization\",\"@id\":\"https:\\\/\\\/centrourbano.com\\\/revista\\\/#organization\",\"name\":\"Centro Urbano\",\"url\":\"https:\\\/\\\/centrourbano.com\\\/revista\\\/\",\"logo\":{\"@type\":\"ImageObject\",\"inLanguage\":\"es\",\"@id\":\"https:\\\/\\\/centrourbano.com\\\/revista\\\/#\\\/schema\\\/logo\\\/image\\\/\",\"url\":\"https:\\\/\\\/centrourbano.com\\\/revista\\\/wp-content\\\/uploads\\\/web_CU_logo-1.png\",\"contentUrl\":\"https:\\\/\\\/centrourbano.com\\\/revista\\\/wp-content\\\/uploads\\\/web_CU_logo-1.png\",\"width\":350,\"height\":91,\"caption\":\"Centro Urbano\"},\"image\":{\"@id\":\"https:\\\/\\\/centrourbano.com\\\/revista\\\/#\\\/schema\\\/logo\\\/image\\\/\"},\"sameAs\":[\"https:\\\/\\\/www.facebook.com\\\/portalcentrourbano\",\"https:\\\/\\\/x.com\\\/CentroUrbano\",\"https:\\\/\\\/www.instagram.com\\\/centro_urbano\\\/\",\"https:\\\/\\\/www.linkedin.com\\\/company\\\/centro-urbano\\\/\",\"http:\\\/\\\/www.youtube.com\\\/user\\\/portalcentrourbano\"]},{\"@type\":\"Person\",\"@id\":\"https:\\\/\\\/centrourbano.com\\\/revista\\\/#\\\/schema\\\/person\\\/20613dd8a7db2b263325af517bc7420c\",\"name\":\"Priscila D\u00edaz\",\"image\":{\"@type\":\"ImageObject\",\"inLanguage\":\"es\",\"@id\":\"https:\\\/\\\/secure.gravatar.com\\\/avatar\\\/bf28a62a51d45b542a0c3fe4c31a60c3887b5037867f58a6225cbf7479b56636?s=96&d=mm&r=g\",\"url\":\"https:\\\/\\\/secure.gravatar.com\\\/avatar\\\/bf28a62a51d45b542a0c3fe4c31a60c3887b5037867f58a6225cbf7479b56636?s=96&d=mm&r=g\",\"contentUrl\":\"https:\\\/\\\/secure.gravatar.com\\\/avatar\\\/bf28a62a51d45b542a0c3fe4c31a60c3887b5037867f58a6225cbf7479b56636?s=96&d=mm&r=g\",\"caption\":\"Priscila D\u00edaz\"},\"url\":\"https:\\\/\\\/centrourbano.com\\\/revista\\\/author\\\/priscila-diaz\\\/\"}]}<\/script>\n<!-- \/ Yoast SEO plugin. -->","yoast_head_json":{"title":"Inauguran centro de rehabilitaci\u00f3n infantil en Gustavo A. Madero -","description":"Para atender las necesidades de 1,631 ni\u00f1os con discapacidad, el jefe delegacional en Gustavo A. Madero, V\u00edctor Hugo Lobo Rom\u00e1n, inaugur\u00f3 el primer centro de rehabilitaci\u00f3n infantil, dirigido principalmente a las familias que carecen de recursos econ\u00f3micos y no cuentan con los servicios institucionales de salud.","robots":{"index":"index","follow":"follow","max-snippet":"max-snippet:-1","max-image-preview":"max-image-preview:large","max-video-preview":"max-video-preview:-1"},"canonical":"https:\/\/centrourbano.com\/revista\/construccion\/inauguran-centro-rehabilitacion-infantil-gustavo-madero\/","og_locale":"es_ES","og_type":"article","og_title":"Inauguran centro de rehabilitaci\u00f3n infantil en Gustavo A. Madero -","og_description":"Para atender las necesidades de 1,631 ni\u00f1os con discapacidad, el jefe delegacional en Gustavo A. Madero, V\u00edctor Hugo Lobo Rom\u00e1n, inaugur\u00f3 el primer centro de rehabilitaci\u00f3n infantil, dirigido principalmente a las familias que carecen de recursos econ\u00f3micos y no cuentan con los servicios institucionales de salud.","og_url":"https:\/\/centrourbano.com\/revista\/construccion\/inauguran-centro-rehabilitacion-infantil-gustavo-madero\/","og_site_name":"Centro Urbano","article_publisher":"https:\/\/www.facebook.com\/portalcentrourbano","article_published_time":"2016-09-12T22:30:42+00:00","og_image":[{"width":1181,"height":787,"url":"https:\/\/centrourbano.com\/revista\/wp-content\/uploads\/unnamed-33.jpg","type":"image\/jpeg"}],"author":"Priscila D\u00edaz","twitter_card":"summary_large_image","twitter_creator":"@CentroUrbano","twitter_site":"@CentroUrbano","twitter_misc":{"Escrito por":"Priscila D\u00edaz","Tiempo de lectura":"1 minuto"},"schema":{"@context":"https:\/\/schema.org","@graph":[{"@type":"Article","@id":"https:\/\/centrourbano.com\/revista\/construccion\/inauguran-centro-rehabilitacion-infantil-gustavo-madero\/#article","isPartOf":{"@id":"https:\/\/centrourbano.com\/revista\/construccion\/inauguran-centro-rehabilitacion-infantil-gustavo-madero\/"},"author":{"name":"Priscila D\u00edaz","@id":"https:\/\/centrourbano.com\/revista\/#\/schema\/person\/20613dd8a7db2b263325af517bc7420c"},"headline":"Inauguran centro de rehabilitaci\u00f3n infantil en Gustavo A. Madero","datePublished":"2016-09-12T22:30:42+00:00","mainEntityOfPage":{"@id":"https:\/\/centrourbano.com\/revista\/construccion\/inauguran-centro-rehabilitacion-infantil-gustavo-madero\/"},"wordCount":250,"commentCount":0,"publisher":{"@id":"https:\/\/centrourbano.com\/revista\/#organization"},"image":{"@id":"https:\/\/centrourbano.com\/revista\/construccion\/inauguran-centro-rehabilitacion-infantil-gustavo-madero\/#primaryimage"},"thumbnailUrl":"https:\/\/centrourbano.com\/revista\/wp-content\/uploads\/unnamed-33.jpg","keywords":["Centro de rehabilitaci\u00f3n infantil","GAM","V\u00edctor Hugo Lobo Rom\u00e1n"],"articleSection":["Construcci\u00f3n"],"inLanguage":"es","potentialAction":[{"@type":"CommentAction","name":"Comment","target":["https:\/\/centrourbano.com\/revista\/construccion\/inauguran-centro-rehabilitacion-infantil-gustavo-madero\/#respond"]}]},{"@type":"WebPage","@id":"https:\/\/centrourbano.com\/revista\/construccion\/inauguran-centro-rehabilitacion-infantil-gustavo-madero\/","url":"https:\/\/centrourbano.com\/revista\/construccion\/inauguran-centro-rehabilitacion-infantil-gustavo-madero\/","name":"Inauguran centro de rehabilitaci\u00f3n infantil en Gustavo A. Madero -","isPartOf":{"@id":"https:\/\/centrourbano.com\/revista\/#website"},"primaryImageOfPage":{"@id":"https:\/\/centrourbano.com\/revista\/construccion\/inauguran-centro-rehabilitacion-infantil-gustavo-madero\/#primaryimage"},"image":{"@id":"https:\/\/centrourbano.com\/revista\/construccion\/inauguran-centro-rehabilitacion-infantil-gustavo-madero\/#primaryimage"},"thumbnailUrl":"https:\/\/centrourbano.com\/revista\/wp-content\/uploads\/unnamed-33.jpg","datePublished":"2016-09-12T22:30:42+00:00","description":"Para atender las necesidades de 1,631 ni\u00f1os con discapacidad, el jefe delegacional en Gustavo A. Madero, V\u00edctor Hugo Lobo Rom\u00e1n, inaugur\u00f3 el primer centro de rehabilitaci\u00f3n infantil, dirigido principalmente a las familias que carecen de recursos econ\u00f3micos y no cuentan con los servicios institucionales de salud.","breadcrumb":{"@id":"https:\/\/centrourbano.com\/revista\/construccion\/inauguran-centro-rehabilitacion-infantil-gustavo-madero\/#breadcrumb"},"inLanguage":"es","potentialAction":[{"@type":"ReadAction","target":["https:\/\/centrourbano.com\/revista\/construccion\/inauguran-centro-rehabilitacion-infantil-gustavo-madero\/"]}]},{"@type":"ImageObject","inLanguage":"es","@id":"https:\/\/centrourbano.com\/revista\/construccion\/inauguran-centro-rehabilitacion-infantil-gustavo-madero\/#primaryimage","url":"https:\/\/centrourbano.com\/revista\/wp-content\/uploads\/unnamed-33.jpg","contentUrl":"https:\/\/centrourbano.com\/revista\/wp-content\/uploads\/unnamed-33.jpg","width":1181,"height":787,"caption":"Atender\u00e1 a 1, 631 ni\u00f1os con discapacidad y contar\u00e1 con terapia f\u00edsica, ocupacional y de lenguaje"},{"@type":"BreadcrumbList","@id":"https:\/\/centrourbano.com\/revista\/construccion\/inauguran-centro-rehabilitacion-infantil-gustavo-madero\/#breadcrumb","itemListElement":[{"@type":"ListItem","position":1,"name":"Portada","item":"https:\/\/centrourbano.com\/revista\/"},{"@type":"ListItem","position":2,"name":"Inauguran centro de rehabilitaci\u00f3n infantil en Gustavo A. Madero"}]},{"@type":"WebSite","@id":"https:\/\/centrourbano.com\/revista\/#website","url":"https:\/\/centrourbano.com\/revista\/","name":"Centro Urbano","description":"Medio especializado en los sectores vivienda, inmobiliario, construcci\u00f3n, arquitectura y urbanismo.","publisher":{"@id":"https:\/\/centrourbano.com\/revista\/#organization"},"potentialAction":[{"@type":"SearchAction","target":{"@type":"EntryPoint","urlTemplate":"https:\/\/centrourbano.com\/revista\/?s={search_term_string}"},"query-input":{"@type":"PropertyValueSpecification","valueRequired":true,"valueName":"search_term_string"}}],"inLanguage":"es"},{"@type":"Organization","@id":"https:\/\/centrourbano.com\/revista\/#organization","name":"Centro Urbano","url":"https:\/\/centrourbano.com\/revista\/","logo":{"@type":"ImageObject","inLanguage":"es","@id":"https:\/\/centrourbano.com\/revista\/#\/schema\/logo\/image\/","url":"https:\/\/centrourbano.com\/revista\/wp-content\/uploads\/web_CU_logo-1.png","contentUrl":"https:\/\/centrourbano.com\/revista\/wp-content\/uploads\/web_CU_logo-1.png","width":350,"height":91,"caption":"Centro Urbano"},"image":{"@id":"https:\/\/centrourbano.com\/revista\/#\/schema\/logo\/image\/"},"sameAs":["https:\/\/www.facebook.com\/portalcentrourbano","https:\/\/x.com\/CentroUrbano","https:\/\/www.instagram.com\/centro_urbano\/","https:\/\/www.linkedin.com\/company\/centro-urbano\/","http:\/\/www.youtube.com\/user\/portalcentrourbano"]},{"@type":"Person","@id":"https:\/\/centrourbano.com\/revista\/#\/schema\/person\/20613dd8a7db2b263325af517bc7420c","name":"Priscila D\u00edaz","image":{"@type":"ImageObject","inLanguage":"es","@id":"https:\/\/secure.gravatar.com\/avatar\/bf28a62a51d45b542a0c3fe4c31a60c3887b5037867f58a6225cbf7479b56636?s=96&d=mm&r=g","url":"https:\/\/secure.gravatar.com\/avatar\/bf28a62a51d45b542a0c3fe4c31a60c3887b5037867f58a6225cbf7479b56636?s=96&d=mm&r=g","contentUrl":"https:\/\/secure.gravatar.com\/avatar\/bf28a62a51d45b542a0c3fe4c31a60c3887b5037867f58a6225cbf7479b56636?s=96&d=mm&r=g","caption":"Priscila D\u00edaz"},"url":"https:\/\/centrourbano.com\/revista\/author\/priscila-diaz\/"}]}},"_links":{"self":[{"href":"https:\/\/centrourbano.com\/revista\/wp-json\/wp\/v2\/posts\/40088","targetHints":{"allow":["GET"]}}],"collection":[{"href":"https:\/\/centrourbano.com\/revista\/wp-json\/wp\/v2\/posts"}],"about":[{"href":"https:\/\/centrourbano.com\/revista\/wp-json\/wp\/v2\/types\/post"}],"author":[{"embeddable":true,"href":"https:\/\/centrourbano.com\/revista\/wp-json\/wp\/v2\/users\/42"}],"replies":[{"embeddable":true,"href":"https:\/\/centrourbano.com\/revista\/wp-json\/wp\/v2\/comments?post=40088"}],"version-history":[{"count":0,"href":"https:\/\/centrourbano.com\/revista\/wp-json\/wp\/v2\/posts\/40088\/revisions"}],"wp:featuredmedia":[{"embeddable":true,"href":"https:\/\/centrourbano.com\/revista\/wp-json\/wp\/v2\/media\/40089"}],"wp:attachment":[{"href":"https:\/\/centrourbano.com\/revista\/wp-json\/wp\/v2\/media?parent=40088"}],"wp:term":[{"taxonomy":"category","embeddable":true,"href":"https:\/\/centrourbano.com\/revista\/wp-json\/wp\/v2\/categories?post=40088"},{"taxonomy":"post_tag","embeddable":true,"href":"https:\/\/centrourbano.com\/revista\/wp-json\/wp\/v2\/tags?post=40088"}],"curies":[{"name":"wp","href":"https:\/\/api.w.org\/{rel}","templated":true}]}}