{"id":40036,"date":"2016-09-12T10:53:04","date_gmt":"2016-09-12T15:53:04","guid":{"rendered":"https:\/\/centrourbano.com\/?p=40036"},"modified":"2016-09-12T10:53:04","modified_gmt":"2016-09-12T15:53:04","slug":"ferrocarril-cuernavaca-una-zona-gran-potencial-urbano","status":"publish","type":"post","link":"https:\/\/centrourbano.com\/revista\/reportajes\/ferrocarril-cuernavaca-una-zona-gran-potencial-urbano\/","title":{"rendered":"Ferrocarril de Cuernavaca, una zona con gran potencial urbano"},"content":{"rendered":"<p>Este lugar ser\u00e1 trasformado en un espacio din\u00e1mico, con \u00e1reas verdes y de esparcimiento que fomenten el desarrollo social y la movilidad sustentable <\/p>\n<p>Por Dinorah Nava Arias <\/p>\n<p>Durante los \u00faltimos 20 a\u00f1os la Ciudad de M\u00e9xico vivi\u00f3 una desindustrializaci\u00f3n que condujo a que la mayor\u00eda de estos espacios fueran sustituidos por vivienda de baja y alta densidad.<\/p>\n<p>Un caso en particular es el de la antigua zona del Ferrocarril de Cuernavaca, que  se ha convertido en un lugar con un gran potencial econ\u00f3mico y urbano, ya que atraviesa diversas zonas de la Ciudad de M\u00e9xico que han tenido un enorme crecimiento en los \u00faltimos a\u00f1os.<\/p>\n<p>La historia que envuelve a este sitio revela una importante huella y rasgos de una industria ligera a\u00fan presente, posicion\u00e1ndolo como un territorio y suelo tradicionalmente asociado al desarrollo industrial. <\/p>\n<p>El contexto urbano que lo circunscribe refleja esta herencia, con un inventario de edificios que incluye talleres, f\u00e1bricas y almacenes. Sin embargo, el tejido urbano actual en esta zona se diferencia considerablemente.<\/p>\n<p>Con la desindustrializaci\u00f3n de la ciudad y la densificaci\u00f3n de la metr\u00f3poli, grandes industrias asentadas en esta zona fueron reubicadas, mientras que otras mantuvieron la parte corporativa, lo que dio banderazo de salida para la concentraci\u00f3n de otros corporativos en la zona. <\/p>\n<p>A lo largo  de sus 4.6 kil\u00f3metros se han desarrollado diversas colonias, barrios y concentraciones, y est\u00e1 rodeado de importantes centros de negocios, viviendas y zonas comerciales como es el caso de Nuevo Polanco, un barrio que ha experimentado un elevado desarrollo inmobiliario y muse\u00edstico impulsado por el establecimiento de los centros comerciales Antara y Parques Polanco, as\u00ed como la Plaza Carso, el Acuario Inbursa, el Museo Soumaya y el Museo Jumex.<\/p>\n<p>Es as\u00ed como el legado con el que cuenta la antigua zona del Ferrocarril de Cuernavaca lo han convertido en un lugar \u00fanico, lleno de plusval\u00eda, que falta explotar a\u00fan m\u00e1s.<\/p>\n<p><strong>La reconversi\u00f3n de una antigua zona industrial<br \/>\n<\/strong><br \/>\nCon todos los antecedentes con los que cuenta esta importante zona y la gran infraestructura que a\u00fan puede desarrollarse en ella, recientemente el Gobierno de la Ciudad de M\u00e9xico lanz\u00f3 la convocatoria para el Concurso Internacional de Arquitectura y Paisajismo \u201cParque Lineal Ferrocarril de Cuernavaca\u201d.<\/p>\n<p>El prop\u00f3sito es generar y crear espacios p\u00fablicos a partir de la recuperaci\u00f3n de la antigua infraestructura del Ferrocarril, y transformarla en un espacio din\u00e1mico, con \u00e1reas verdes y de esparcimiento. <\/p>\n<a href=\"https:\/\/centrourbano.com\/revista\/wp-content\/uploads\/Ferrocarril-de-Cuernavaca.png\"><img loading=\"lazy\" decoding=\"async\" src=\"https:\/\/centrourbano.com\/revista\/wp-content\/uploads\/Ferrocarril-de-Cuernavaca.png\" alt=\"ferrocarril-de-cuernavaca\" width=\"707\" height=\"316\" class=\"alignnone size-full wp-image-40040\" srcset=\"https:\/\/centrourbano.com\/revista\/wp-content\/uploads\/Ferrocarril-de-Cuernavaca.png 707w, https:\/\/centrourbano.com\/revista\/wp-content\/uploads\/Ferrocarril-de-Cuernavaca-300x134.png 300w\" sizes=\"auto, (max-width: 707px) 100vw, 707px\" \/><\/a>\n<p>En este concurso pueden participar equipos de arquitectos, urbanistas y paisajistas, tanto mexicanos como extranjeros, con un proyecto que logre integrar la historia del sitio a su inminente necesidad de \u00e1reas verdes y de esparcimiento, as\u00ed como abrir un abanico de oportunidades a la comunidad local para que encuentre nuevas maneras de interactuar con y en el espacio p\u00fablico. <\/p>\n<p>El tramo a transformar comprende desde la Avenida Ej\u00e9rcito Nacional hasta Calzada de los Gallos, y lo que se pretende es transformar este remanente urbano en un espacio p\u00fablico que entienda el paisaje como infraestructura h\u00eddrica.<\/p>\n<p>Por tal motivo, el proyecto debe comprender un parque lineal que promueva el manejo responsable del agua de lluvia para su propio mantenimiento y reinyecci\u00f3n al manto acu\u00edfero, as\u00ed como fomentar el desarrollo social y la movilidad sustentable en la zona.<\/p>\n<p>Debido a que el tejido urbano que define el \u00e1rea de intervenci\u00f3n convive con diversas infraestructuras como puentes, industrias, ciclov\u00edas, avenidas, museos, vivienda de baja y alta densidad y equipamiento metropolitano, todas las propuestas deber\u00e1n de ser sensibles tanto a la complejidad y diversidad del entorno como a las necesidades espec\u00edficas de la comunidad. <\/p>\n","protected":false},"excerpt":{"rendered":"<p>Este lugar ser\u00e1 trasformado en un espacio din\u00e1mico, con \u00e1reas verdes y de esparcimiento que fomenten el desarrollo social y la movilidad sustentable Por Dinorah Nava Arias Durante los \u00faltimos 20 a\u00f1os la Ciudad de M\u00e9xico vivi\u00f3 una desindustrializaci\u00f3n que condujo a que la mayor\u00eda de estos espacios fueran sustituidos por vivienda de baja y [&hellip;]<\/p>\n","protected":false},"author":9,"featured_media":40039,"comment_status":"open","ping_status":"closed","sticky":false,"template":"","format":"standard","meta":{"om_disable_all_campaigns":false,"inline_featured_image":false,"_monsterinsights_skip_tracking":false,"_monsterinsights_sitenote_active":false,"_monsterinsights_sitenote_note":"","_monsterinsights_sitenote_category":0,"footnotes":""},"categories":[16,82],"tags":[],"class_list":["post-40036","post","type-post","status-publish","format-standard","has-post-thumbnail","hentry","category-reportajes","category-urbanismo"],"yoast_head":"<!-- This site is optimized with the Yoast SEO plugin v27.4 - https:\/\/yoast.com\/product\/yoast-seo-wordpress\/ -->\n<title>Ferrocarril de Cuernavaca, una zona con gran potencial urbano -<\/title>\n<meta name=\"description\" content=\"Este lugar ser\u00e1 trasformado en un espacio din\u00e1mico, con \u00e1reas verdes y de esparcimiento que fomenten el desarrollo social y la movilidad sustentable Por\" \/>\n<meta name=\"robots\" content=\"index, follow, max-snippet:-1, max-image-preview:large, max-video-preview:-1\" \/>\n<link rel=\"canonical\" href=\"https:\/\/centrourbano.com\/revista\/reportajes\/ferrocarril-cuernavaca-una-zona-gran-potencial-urbano\/\" \/>\n<meta property=\"og:locale\" content=\"es_ES\" \/>\n<meta property=\"og:type\" content=\"article\" \/>\n<meta property=\"og:title\" content=\"Ferrocarril de Cuernavaca, una zona con gran potencial urbano -\" \/>\n<meta property=\"og:description\" content=\"Este lugar ser\u00e1 trasformado en un espacio din\u00e1mico, con \u00e1reas verdes y de esparcimiento que fomenten el desarrollo social y la movilidad sustentable Por\" \/>\n<meta property=\"og:url\" content=\"https:\/\/centrourbano.com\/revista\/reportajes\/ferrocarril-cuernavaca-una-zona-gran-potencial-urbano\/\" \/>\n<meta property=\"og:site_name\" content=\"Centro Urbano\" \/>\n<meta property=\"article:publisher\" content=\"https:\/\/www.facebook.com\/portalcentrourbano\" \/>\n<meta property=\"article:published_time\" content=\"2016-09-12T15:53:04+00:00\" \/>\n<meta property=\"og:image\" content=\"https:\/\/centrourbano.com\/revista\/wp-content\/uploads\/Ferrocarril-de-Cuernavaca-2.png\" \/>\n\t<meta property=\"og:image:width\" content=\"706\" \/>\n\t<meta property=\"og:image:height\" content=\"320\" \/>\n\t<meta property=\"og:image:type\" content=\"image\/png\" \/>\n<meta name=\"author\" content=\"Dinorah Nava\" \/>\n<meta name=\"twitter:card\" content=\"summary_large_image\" \/>\n<meta name=\"twitter:creator\" content=\"@https:\/\/twitter.com\/Dinorah_Nava28\" \/>\n<meta name=\"twitter:site\" content=\"@CentroUrbano\" \/>\n<meta name=\"twitter:label1\" content=\"Escrito por\" \/>\n\t<meta name=\"twitter:data1\" content=\"Dinorah Nava\" \/>\n\t<meta name=\"twitter:label2\" content=\"Tiempo de lectura\" \/>\n\t<meta name=\"twitter:data2\" content=\"3 minutos\" \/>\n<script type=\"application\/ld+json\" class=\"yoast-schema-graph\">{\"@context\":\"https:\\\/\\\/schema.org\",\"@graph\":[{\"@type\":\"Article\",\"@id\":\"https:\\\/\\\/centrourbano.com\\\/revista\\\/reportajes\\\/ferrocarril-cuernavaca-una-zona-gran-potencial-urbano\\\/#article\",\"isPartOf\":{\"@id\":\"https:\\\/\\\/centrourbano.com\\\/revista\\\/reportajes\\\/ferrocarril-cuernavaca-una-zona-gran-potencial-urbano\\\/\"},\"author\":{\"name\":\"Dinorah Nava\",\"@id\":\"https:\\\/\\\/centrourbano.com\\\/revista\\\/#\\\/schema\\\/person\\\/b45db815d96831257ba428a3d5a5fbdc\"},\"headline\":\"Ferrocarril de Cuernavaca, una zona con gran potencial urbano\",\"datePublished\":\"2016-09-12T15:53:04+00:00\",\"mainEntityOfPage\":{\"@id\":\"https:\\\/\\\/centrourbano.com\\\/revista\\\/reportajes\\\/ferrocarril-cuernavaca-una-zona-gran-potencial-urbano\\\/\"},\"wordCount\":629,\"commentCount\":0,\"publisher\":{\"@id\":\"https:\\\/\\\/centrourbano.com\\\/revista\\\/#organization\"},\"image\":{\"@id\":\"https:\\\/\\\/centrourbano.com\\\/revista\\\/reportajes\\\/ferrocarril-cuernavaca-una-zona-gran-potencial-urbano\\\/#primaryimage\"},\"thumbnailUrl\":\"https:\\\/\\\/centrourbano.com\\\/revista\\\/wp-content\\\/uploads\\\/Ferrocarril-de-Cuernavaca-2.png\",\"articleSection\":[\"Reportajes\",\"Urbanismo\"],\"inLanguage\":\"es\",\"potentialAction\":[{\"@type\":\"CommentAction\",\"name\":\"Comment\",\"target\":[\"https:\\\/\\\/centrourbano.com\\\/revista\\\/reportajes\\\/ferrocarril-cuernavaca-una-zona-gran-potencial-urbano\\\/#respond\"]}]},{\"@type\":\"WebPage\",\"@id\":\"https:\\\/\\\/centrourbano.com\\\/revista\\\/reportajes\\\/ferrocarril-cuernavaca-una-zona-gran-potencial-urbano\\\/\",\"url\":\"https:\\\/\\\/centrourbano.com\\\/revista\\\/reportajes\\\/ferrocarril-cuernavaca-una-zona-gran-potencial-urbano\\\/\",\"name\":\"Ferrocarril de Cuernavaca, una zona con gran potencial urbano -\",\"isPartOf\":{\"@id\":\"https:\\\/\\\/centrourbano.com\\\/revista\\\/#website\"},\"primaryImageOfPage\":{\"@id\":\"https:\\\/\\\/centrourbano.com\\\/revista\\\/reportajes\\\/ferrocarril-cuernavaca-una-zona-gran-potencial-urbano\\\/#primaryimage\"},\"image\":{\"@id\":\"https:\\\/\\\/centrourbano.com\\\/revista\\\/reportajes\\\/ferrocarril-cuernavaca-una-zona-gran-potencial-urbano\\\/#primaryimage\"},\"thumbnailUrl\":\"https:\\\/\\\/centrourbano.com\\\/revista\\\/wp-content\\\/uploads\\\/Ferrocarril-de-Cuernavaca-2.png\",\"datePublished\":\"2016-09-12T15:53:04+00:00\",\"description\":\"Este lugar ser\u00e1 trasformado en un espacio din\u00e1mico, con \u00e1reas verdes y de esparcimiento que fomenten el desarrollo social y la movilidad sustentable Por\",\"breadcrumb\":{\"@id\":\"https:\\\/\\\/centrourbano.com\\\/revista\\\/reportajes\\\/ferrocarril-cuernavaca-una-zona-gran-potencial-urbano\\\/#breadcrumb\"},\"inLanguage\":\"es\",\"potentialAction\":[{\"@type\":\"ReadAction\",\"target\":[\"https:\\\/\\\/centrourbano.com\\\/revista\\\/reportajes\\\/ferrocarril-cuernavaca-una-zona-gran-potencial-urbano\\\/\"]}]},{\"@type\":\"ImageObject\",\"inLanguage\":\"es\",\"@id\":\"https:\\\/\\\/centrourbano.com\\\/revista\\\/reportajes\\\/ferrocarril-cuernavaca-una-zona-gran-potencial-urbano\\\/#primaryimage\",\"url\":\"https:\\\/\\\/centrourbano.com\\\/revista\\\/wp-content\\\/uploads\\\/Ferrocarril-de-Cuernavaca-2.png\",\"contentUrl\":\"https:\\\/\\\/centrourbano.com\\\/revista\\\/wp-content\\\/uploads\\\/Ferrocarril-de-Cuernavaca-2.png\",\"width\":706,\"height\":320,\"caption\":\"Ferrocarril de Cuernavaca, una zona con gran potencial urbano\"},{\"@type\":\"BreadcrumbList\",\"@id\":\"https:\\\/\\\/centrourbano.com\\\/revista\\\/reportajes\\\/ferrocarril-cuernavaca-una-zona-gran-potencial-urbano\\\/#breadcrumb\",\"itemListElement\":[{\"@type\":\"ListItem\",\"position\":1,\"name\":\"Portada\",\"item\":\"https:\\\/\\\/centrourbano.com\\\/revista\\\/\"},{\"@type\":\"ListItem\",\"position\":2,\"name\":\"Ferrocarril de Cuernavaca, una zona con gran potencial urbano\"}]},{\"@type\":\"WebSite\",\"@id\":\"https:\\\/\\\/centrourbano.com\\\/revista\\\/#website\",\"url\":\"https:\\\/\\\/centrourbano.com\\\/revista\\\/\",\"name\":\"Centro Urbano\",\"description\":\"Medio especializado en los sectores vivienda, inmobiliario, construcci\u00f3n, arquitectura y urbanismo.\",\"publisher\":{\"@id\":\"https:\\\/\\\/centrourbano.com\\\/revista\\\/#organization\"},\"potentialAction\":[{\"@type\":\"SearchAction\",\"target\":{\"@type\":\"EntryPoint\",\"urlTemplate\":\"https:\\\/\\\/centrourbano.com\\\/revista\\\/?s={search_term_string}\"},\"query-input\":{\"@type\":\"PropertyValueSpecification\",\"valueRequired\":true,\"valueName\":\"search_term_string\"}}],\"inLanguage\":\"es\"},{\"@type\":\"Organization\",\"@id\":\"https:\\\/\\\/centrourbano.com\\\/revista\\\/#organization\",\"name\":\"Centro Urbano\",\"url\":\"https:\\\/\\\/centrourbano.com\\\/revista\\\/\",\"logo\":{\"@type\":\"ImageObject\",\"inLanguage\":\"es\",\"@id\":\"https:\\\/\\\/centrourbano.com\\\/revista\\\/#\\\/schema\\\/logo\\\/image\\\/\",\"url\":\"https:\\\/\\\/centrourbano.com\\\/revista\\\/wp-content\\\/uploads\\\/web_CU_logo-1.png\",\"contentUrl\":\"https:\\\/\\\/centrourbano.com\\\/revista\\\/wp-content\\\/uploads\\\/web_CU_logo-1.png\",\"width\":350,\"height\":91,\"caption\":\"Centro Urbano\"},\"image\":{\"@id\":\"https:\\\/\\\/centrourbano.com\\\/revista\\\/#\\\/schema\\\/logo\\\/image\\\/\"},\"sameAs\":[\"https:\\\/\\\/www.facebook.com\\\/portalcentrourbano\",\"https:\\\/\\\/x.com\\\/CentroUrbano\",\"https:\\\/\\\/www.instagram.com\\\/centro_urbano\\\/\",\"https:\\\/\\\/www.linkedin.com\\\/company\\\/centro-urbano\\\/\",\"http:\\\/\\\/www.youtube.com\\\/user\\\/portalcentrourbano\"]},{\"@type\":\"Person\",\"@id\":\"https:\\\/\\\/centrourbano.com\\\/revista\\\/#\\\/schema\\\/person\\\/b45db815d96831257ba428a3d5a5fbdc\",\"name\":\"Dinorah Nava\",\"image\":{\"@type\":\"ImageObject\",\"inLanguage\":\"es\",\"@id\":\"https:\\\/\\\/secure.gravatar.com\\\/avatar\\\/f6ca6430c51d147f363940f84e1225aa4b8183885c11802cc3b042305a4ecc1a?s=96&d=mm&r=g\",\"url\":\"https:\\\/\\\/secure.gravatar.com\\\/avatar\\\/f6ca6430c51d147f363940f84e1225aa4b8183885c11802cc3b042305a4ecc1a?s=96&d=mm&r=g\",\"contentUrl\":\"https:\\\/\\\/secure.gravatar.com\\\/avatar\\\/f6ca6430c51d147f363940f84e1225aa4b8183885c11802cc3b042305a4ecc1a?s=96&d=mm&r=g\",\"caption\":\"Dinorah Nava\"},\"description\":\"Editora de Contenidos y Estrategias Digitales en Centro Urbano y Coeditora en Peri\u00f3dico Mi Casa. Egresada de la licenciatura en Comunicaci\u00f3n y Periodismo de la Facultad de Estudios Superiores Arag\u00f3n (UNAM). Amante de la edici\u00f3n y correcci\u00f3n de estilo, las redes sociales y el mundo digital. Especialista en temas son arquitectura, inmobiliario y urbanismo.\",\"sameAs\":[\"linkedin.com\\\/in\\\/dinorah-nava\",\"https:\\\/\\\/x.com\\\/https:\\\/\\\/twitter.com\\\/Dinorah_Nava28\"],\"url\":\"https:\\\/\\\/centrourbano.com\\\/revista\\\/author\\\/dinorah-nava\\\/\"}]}<\/script>\n<!-- \/ Yoast SEO plugin. -->","yoast_head_json":{"title":"Ferrocarril de Cuernavaca, una zona con gran potencial urbano -","description":"Este lugar ser\u00e1 trasformado en un espacio din\u00e1mico, con \u00e1reas verdes y de esparcimiento que fomenten el desarrollo social y la movilidad sustentable Por","robots":{"index":"index","follow":"follow","max-snippet":"max-snippet:-1","max-image-preview":"max-image-preview:large","max-video-preview":"max-video-preview:-1"},"canonical":"https:\/\/centrourbano.com\/revista\/reportajes\/ferrocarril-cuernavaca-una-zona-gran-potencial-urbano\/","og_locale":"es_ES","og_type":"article","og_title":"Ferrocarril de Cuernavaca, una zona con gran potencial urbano -","og_description":"Este lugar ser\u00e1 trasformado en un espacio din\u00e1mico, con \u00e1reas verdes y de esparcimiento que fomenten el desarrollo social y la movilidad sustentable Por","og_url":"https:\/\/centrourbano.com\/revista\/reportajes\/ferrocarril-cuernavaca-una-zona-gran-potencial-urbano\/","og_site_name":"Centro Urbano","article_publisher":"https:\/\/www.facebook.com\/portalcentrourbano","article_published_time":"2016-09-12T15:53:04+00:00","og_image":[{"width":706,"height":320,"url":"https:\/\/centrourbano.com\/revista\/wp-content\/uploads\/Ferrocarril-de-Cuernavaca-2.png","type":"image\/png"}],"author":"Dinorah Nava","twitter_card":"summary_large_image","twitter_creator":"@https:\/\/twitter.com\/Dinorah_Nava28","twitter_site":"@CentroUrbano","twitter_misc":{"Escrito por":"Dinorah Nava","Tiempo de lectura":"3 minutos"},"schema":{"@context":"https:\/\/schema.org","@graph":[{"@type":"Article","@id":"https:\/\/centrourbano.com\/revista\/reportajes\/ferrocarril-cuernavaca-una-zona-gran-potencial-urbano\/#article","isPartOf":{"@id":"https:\/\/centrourbano.com\/revista\/reportajes\/ferrocarril-cuernavaca-una-zona-gran-potencial-urbano\/"},"author":{"name":"Dinorah Nava","@id":"https:\/\/centrourbano.com\/revista\/#\/schema\/person\/b45db815d96831257ba428a3d5a5fbdc"},"headline":"Ferrocarril de Cuernavaca, una zona con gran potencial urbano","datePublished":"2016-09-12T15:53:04+00:00","mainEntityOfPage":{"@id":"https:\/\/centrourbano.com\/revista\/reportajes\/ferrocarril-cuernavaca-una-zona-gran-potencial-urbano\/"},"wordCount":629,"commentCount":0,"publisher":{"@id":"https:\/\/centrourbano.com\/revista\/#organization"},"image":{"@id":"https:\/\/centrourbano.com\/revista\/reportajes\/ferrocarril-cuernavaca-una-zona-gran-potencial-urbano\/#primaryimage"},"thumbnailUrl":"https:\/\/centrourbano.com\/revista\/wp-content\/uploads\/Ferrocarril-de-Cuernavaca-2.png","articleSection":["Reportajes","Urbanismo"],"inLanguage":"es","potentialAction":[{"@type":"CommentAction","name":"Comment","target":["https:\/\/centrourbano.com\/revista\/reportajes\/ferrocarril-cuernavaca-una-zona-gran-potencial-urbano\/#respond"]}]},{"@type":"WebPage","@id":"https:\/\/centrourbano.com\/revista\/reportajes\/ferrocarril-cuernavaca-una-zona-gran-potencial-urbano\/","url":"https:\/\/centrourbano.com\/revista\/reportajes\/ferrocarril-cuernavaca-una-zona-gran-potencial-urbano\/","name":"Ferrocarril de Cuernavaca, una zona con gran potencial urbano -","isPartOf":{"@id":"https:\/\/centrourbano.com\/revista\/#website"},"primaryImageOfPage":{"@id":"https:\/\/centrourbano.com\/revista\/reportajes\/ferrocarril-cuernavaca-una-zona-gran-potencial-urbano\/#primaryimage"},"image":{"@id":"https:\/\/centrourbano.com\/revista\/reportajes\/ferrocarril-cuernavaca-una-zona-gran-potencial-urbano\/#primaryimage"},"thumbnailUrl":"https:\/\/centrourbano.com\/revista\/wp-content\/uploads\/Ferrocarril-de-Cuernavaca-2.png","datePublished":"2016-09-12T15:53:04+00:00","description":"Este lugar ser\u00e1 trasformado en un espacio din\u00e1mico, con \u00e1reas verdes y de esparcimiento que fomenten el desarrollo social y la movilidad sustentable Por","breadcrumb":{"@id":"https:\/\/centrourbano.com\/revista\/reportajes\/ferrocarril-cuernavaca-una-zona-gran-potencial-urbano\/#breadcrumb"},"inLanguage":"es","potentialAction":[{"@type":"ReadAction","target":["https:\/\/centrourbano.com\/revista\/reportajes\/ferrocarril-cuernavaca-una-zona-gran-potencial-urbano\/"]}]},{"@type":"ImageObject","inLanguage":"es","@id":"https:\/\/centrourbano.com\/revista\/reportajes\/ferrocarril-cuernavaca-una-zona-gran-potencial-urbano\/#primaryimage","url":"https:\/\/centrourbano.com\/revista\/wp-content\/uploads\/Ferrocarril-de-Cuernavaca-2.png","contentUrl":"https:\/\/centrourbano.com\/revista\/wp-content\/uploads\/Ferrocarril-de-Cuernavaca-2.png","width":706,"height":320,"caption":"Ferrocarril de Cuernavaca, una zona con gran potencial urbano"},{"@type":"BreadcrumbList","@id":"https:\/\/centrourbano.com\/revista\/reportajes\/ferrocarril-cuernavaca-una-zona-gran-potencial-urbano\/#breadcrumb","itemListElement":[{"@type":"ListItem","position":1,"name":"Portada","item":"https:\/\/centrourbano.com\/revista\/"},{"@type":"ListItem","position":2,"name":"Ferrocarril de Cuernavaca, una zona con gran potencial urbano"}]},{"@type":"WebSite","@id":"https:\/\/centrourbano.com\/revista\/#website","url":"https:\/\/centrourbano.com\/revista\/","name":"Centro Urbano","description":"Medio especializado en los sectores vivienda, inmobiliario, construcci\u00f3n, arquitectura y urbanismo.","publisher":{"@id":"https:\/\/centrourbano.com\/revista\/#organization"},"potentialAction":[{"@type":"SearchAction","target":{"@type":"EntryPoint","urlTemplate":"https:\/\/centrourbano.com\/revista\/?s={search_term_string}"},"query-input":{"@type":"PropertyValueSpecification","valueRequired":true,"valueName":"search_term_string"}}],"inLanguage":"es"},{"@type":"Organization","@id":"https:\/\/centrourbano.com\/revista\/#organization","name":"Centro Urbano","url":"https:\/\/centrourbano.com\/revista\/","logo":{"@type":"ImageObject","inLanguage":"es","@id":"https:\/\/centrourbano.com\/revista\/#\/schema\/logo\/image\/","url":"https:\/\/centrourbano.com\/revista\/wp-content\/uploads\/web_CU_logo-1.png","contentUrl":"https:\/\/centrourbano.com\/revista\/wp-content\/uploads\/web_CU_logo-1.png","width":350,"height":91,"caption":"Centro Urbano"},"image":{"@id":"https:\/\/centrourbano.com\/revista\/#\/schema\/logo\/image\/"},"sameAs":["https:\/\/www.facebook.com\/portalcentrourbano","https:\/\/x.com\/CentroUrbano","https:\/\/www.instagram.com\/centro_urbano\/","https:\/\/www.linkedin.com\/company\/centro-urbano\/","http:\/\/www.youtube.com\/user\/portalcentrourbano"]},{"@type":"Person","@id":"https:\/\/centrourbano.com\/revista\/#\/schema\/person\/b45db815d96831257ba428a3d5a5fbdc","name":"Dinorah Nava","image":{"@type":"ImageObject","inLanguage":"es","@id":"https:\/\/secure.gravatar.com\/avatar\/f6ca6430c51d147f363940f84e1225aa4b8183885c11802cc3b042305a4ecc1a?s=96&d=mm&r=g","url":"https:\/\/secure.gravatar.com\/avatar\/f6ca6430c51d147f363940f84e1225aa4b8183885c11802cc3b042305a4ecc1a?s=96&d=mm&r=g","contentUrl":"https:\/\/secure.gravatar.com\/avatar\/f6ca6430c51d147f363940f84e1225aa4b8183885c11802cc3b042305a4ecc1a?s=96&d=mm&r=g","caption":"Dinorah Nava"},"description":"Editora de Contenidos y Estrategias Digitales en Centro Urbano y Coeditora en Peri\u00f3dico Mi Casa. Egresada de la licenciatura en Comunicaci\u00f3n y Periodismo de la Facultad de Estudios Superiores Arag\u00f3n (UNAM). Amante de la edici\u00f3n y correcci\u00f3n de estilo, las redes sociales y el mundo digital. Especialista en temas son arquitectura, inmobiliario y urbanismo.","sameAs":["linkedin.com\/in\/dinorah-nava","https:\/\/x.com\/https:\/\/twitter.com\/Dinorah_Nava28"],"url":"https:\/\/centrourbano.com\/revista\/author\/dinorah-nava\/"}]}},"_links":{"self":[{"href":"https:\/\/centrourbano.com\/revista\/wp-json\/wp\/v2\/posts\/40036","targetHints":{"allow":["GET"]}}],"collection":[{"href":"https:\/\/centrourbano.com\/revista\/wp-json\/wp\/v2\/posts"}],"about":[{"href":"https:\/\/centrourbano.com\/revista\/wp-json\/wp\/v2\/types\/post"}],"author":[{"embeddable":true,"href":"https:\/\/centrourbano.com\/revista\/wp-json\/wp\/v2\/users\/9"}],"replies":[{"embeddable":true,"href":"https:\/\/centrourbano.com\/revista\/wp-json\/wp\/v2\/comments?post=40036"}],"version-history":[{"count":0,"href":"https:\/\/centrourbano.com\/revista\/wp-json\/wp\/v2\/posts\/40036\/revisions"}],"wp:featuredmedia":[{"embeddable":true,"href":"https:\/\/centrourbano.com\/revista\/wp-json\/wp\/v2\/media\/40039"}],"wp:attachment":[{"href":"https:\/\/centrourbano.com\/revista\/wp-json\/wp\/v2\/media?parent=40036"}],"wp:term":[{"taxonomy":"category","embeddable":true,"href":"https:\/\/centrourbano.com\/revista\/wp-json\/wp\/v2\/categories?post=40036"},{"taxonomy":"post_tag","embeddable":true,"href":"https:\/\/centrourbano.com\/revista\/wp-json\/wp\/v2\/tags?post=40036"}],"curies":[{"name":"wp","href":"https:\/\/api.w.org\/{rel}","templated":true}]}}