{"id":40024,"date":"2016-09-09T18:01:01","date_gmt":"2016-09-09T23:01:01","guid":{"rendered":"https:\/\/centrourbano.com\/?p=40024"},"modified":"2016-09-09T18:01:01","modified_gmt":"2016-09-09T23:01:01","slug":"produccion-industrial-del-pais-crece-0-3-inegi","status":"publish","type":"post","link":"https:\/\/centrourbano.com\/revista\/construccion\/produccion-industrial-del-pais-crece-0-3-inegi\/","title":{"rendered":"Producci\u00f3n industrial del pa\u00eds crece 0.3%: INEGI"},"content":{"rendered":"<p><em>Con base a cifras desestacionalizadas de julio de este a\u00f1o<\/em><\/p>\n<p>&nbsp;<\/p>\n<p>El Instituto Nacional de Estad\u00edstica y Geograf\u00eda (INEGI) inform\u00f3 que la producci\u00f3n industrial del pa\u00eds creci\u00f3 0.3% durante el s\u00e9ptimo mes de este a\u00f1o, frente a la de junio pasado, con base a cifras desestacionalizadas.<\/p>\n<p>Las Industrias manufactureras avanzaron 0.8%, tambi\u00e9n la generaci\u00f3n, transmisi\u00f3n y distribuci\u00f3n de energ\u00eda el\u00e9ctrica, suministro de agua y de gas por ductos al consumidor final 0.4%; mientras que la miner\u00eda disminuy\u00f3 0.4% y la construcci\u00f3n 0.3% en julio de este a\u00f1o respecto al mes previo.<\/p>\n<p>Adem\u00e1s, por sectores de actividad econ\u00f3mica, la generaci\u00f3n, transmisi\u00f3n y distribuci\u00f3n de energ\u00eda el\u00e9ctrica, suministro de agua y de gas por ductos al consumidor final se elevaron 5.9%, las industrias manufactureras 2.1% y la construcci\u00f3n 0.2%; en tanto que la miner\u00eda cay\u00f3 6.3% en el mes de referencia con relaci\u00f3n al s\u00e9ptimo mes de 2015.<\/p>\n<p>Detall\u00f3 que por sectores de actividad econ\u00f3mica, las industrias manufactureras avanzaron 0.8% y la generaci\u00f3n, transmisi\u00f3n y distribuci\u00f3n de energ\u00eda el\u00e9ctrica, suministro de agua y de gas por ductos al consumidor final 0.4%; mientras que la Miner\u00eda disminuy\u00f3 0.4% y la construcci\u00f3n 0.3% en julio de este a\u00f1o frente al mes previo.<\/p>\n<p>Finalmente, con base en cifras desestacionalizadas, la actividad Industrial en M\u00e9xico (Miner\u00eda; Generaci\u00f3n, transmisi\u00f3n y distribuci\u00f3n de energ\u00eda el\u00e9ctrica, suministro de agua y de gas por ductos al consumidor final; construcci\u00f3n, y las industrias manufactureras) se increment\u00f3 0.3% durante julio de 2016 respecto a la del mes inmediato anterior.<\/p>\n","protected":false},"excerpt":{"rendered":"<p>Con base a cifras desestacionalizadas de julio de este a\u00f1o &nbsp; El Instituto Nacional de Estad\u00edstica y Geograf\u00eda (INEGI) inform\u00f3 que la producci\u00f3n industrial del pa\u00eds creci\u00f3 0.3% durante el s\u00e9ptimo mes de este a\u00f1o, frente a la de junio pasado, con base a cifras desestacionalizadas. Las Industrias manufactureras avanzaron 0.8%, tambi\u00e9n la generaci\u00f3n, transmisi\u00f3n [&hellip;]<\/p>\n","protected":false},"author":42,"featured_media":40025,"comment_status":"open","ping_status":"closed","sticky":false,"template":"","format":"standard","meta":{"om_disable_all_campaigns":false,"inline_featured_image":false,"_monsterinsights_skip_tracking":false,"_monsterinsights_sitenote_active":false,"_monsterinsights_sitenote_note":"","_monsterinsights_sitenote_category":0,"footnotes":""},"categories":[14],"tags":[430,8494],"class_list":["post-40024","post","type-post","status-publish","format-standard","has-post-thumbnail","hentry","category-construccion","tag-inegi","tag-produccion-industrial-del-pais"],"yoast_head":"<!-- This site is optimized with the Yoast SEO plugin v27.4 - https:\/\/yoast.com\/product\/yoast-seo-wordpress\/ -->\n<title>Producci\u00f3n industrial del pa\u00eds crece 0.3%: INEGI -<\/title>\n<meta name=\"description\" content=\"El Instituto Nacional de Estad\u00edstica y Geograf\u00eda (INEGI) inform\u00f3 que la producci\u00f3n industrial del pa\u00eds creci\u00f3 0.3% durante el s\u00e9ptimo mes de este a\u00f1o, frente a la de junio pasado, con base a cifras desestacionalizadas.\" \/>\n<meta name=\"robots\" content=\"index, follow, max-snippet:-1, max-image-preview:large, max-video-preview:-1\" \/>\n<link rel=\"canonical\" href=\"https:\/\/centrourbano.com\/revista\/construccion\/produccion-industrial-del-pais-crece-0-3-inegi\/\" \/>\n<meta property=\"og:locale\" content=\"es_ES\" \/>\n<meta property=\"og:type\" content=\"article\" \/>\n<meta property=\"og:title\" content=\"Producci\u00f3n industrial del pa\u00eds crece 0.3%: INEGI -\" \/>\n<meta property=\"og:description\" content=\"El Instituto Nacional de Estad\u00edstica y Geograf\u00eda (INEGI) inform\u00f3 que la producci\u00f3n industrial del pa\u00eds creci\u00f3 0.3% durante el s\u00e9ptimo mes de este a\u00f1o, frente a la de junio pasado, con base a cifras desestacionalizadas.\" \/>\n<meta property=\"og:url\" content=\"https:\/\/centrourbano.com\/revista\/construccion\/produccion-industrial-del-pais-crece-0-3-inegi\/\" \/>\n<meta property=\"og:site_name\" content=\"Centro Urbano\" \/>\n<meta property=\"article:publisher\" content=\"https:\/\/www.facebook.com\/portalcentrourbano\" \/>\n<meta property=\"article:published_time\" content=\"2016-09-09T23:01:01+00:00\" \/>\n<meta property=\"og:image\" content=\"https:\/\/centrourbano.com\/revista\/wp-content\/uploads\/0014324702-1.jpg\" \/>\n\t<meta property=\"og:image:width\" content=\"770\" \/>\n\t<meta property=\"og:image:height\" content=\"433\" \/>\n\t<meta property=\"og:image:type\" content=\"image\/jpeg\" \/>\n<meta name=\"author\" content=\"Priscila D\u00edaz\" \/>\n<meta name=\"twitter:card\" content=\"summary_large_image\" \/>\n<meta name=\"twitter:creator\" content=\"@CentroUrbano\" \/>\n<meta name=\"twitter:site\" content=\"@CentroUrbano\" \/>\n<meta name=\"twitter:label1\" content=\"Escrito por\" \/>\n\t<meta name=\"twitter:data1\" content=\"Priscila D\u00edaz\" \/>\n\t<meta name=\"twitter:label2\" content=\"Tiempo de lectura\" \/>\n\t<meta name=\"twitter:data2\" content=\"1 minuto\" \/>\n<script type=\"application\/ld+json\" class=\"yoast-schema-graph\">{\"@context\":\"https:\\\/\\\/schema.org\",\"@graph\":[{\"@type\":\"Article\",\"@id\":\"https:\\\/\\\/centrourbano.com\\\/revista\\\/construccion\\\/produccion-industrial-del-pais-crece-0-3-inegi\\\/#article\",\"isPartOf\":{\"@id\":\"https:\\\/\\\/centrourbano.com\\\/revista\\\/construccion\\\/produccion-industrial-del-pais-crece-0-3-inegi\\\/\"},\"author\":{\"name\":\"Priscila D\u00edaz\",\"@id\":\"https:\\\/\\\/centrourbano.com\\\/revista\\\/#\\\/schema\\\/person\\\/20613dd8a7db2b263325af517bc7420c\"},\"headline\":\"Producci\u00f3n industrial del pa\u00eds crece 0.3%: INEGI\",\"datePublished\":\"2016-09-09T23:01:01+00:00\",\"mainEntityOfPage\":{\"@id\":\"https:\\\/\\\/centrourbano.com\\\/revista\\\/construccion\\\/produccion-industrial-del-pais-crece-0-3-inegi\\\/\"},\"wordCount\":283,\"commentCount\":0,\"publisher\":{\"@id\":\"https:\\\/\\\/centrourbano.com\\\/revista\\\/#organization\"},\"image\":{\"@id\":\"https:\\\/\\\/centrourbano.com\\\/revista\\\/construccion\\\/produccion-industrial-del-pais-crece-0-3-inegi\\\/#primaryimage\"},\"thumbnailUrl\":\"https:\\\/\\\/centrourbano.com\\\/revista\\\/wp-content\\\/uploads\\\/0014324702-1.jpg\",\"keywords\":[\"Inegi\",\"Producci\u00f3n industrial del pa\u00eds\"],\"articleSection\":[\"Construcci\u00f3n\"],\"inLanguage\":\"es\",\"potentialAction\":[{\"@type\":\"CommentAction\",\"name\":\"Comment\",\"target\":[\"https:\\\/\\\/centrourbano.com\\\/revista\\\/construccion\\\/produccion-industrial-del-pais-crece-0-3-inegi\\\/#respond\"]}]},{\"@type\":\"WebPage\",\"@id\":\"https:\\\/\\\/centrourbano.com\\\/revista\\\/construccion\\\/produccion-industrial-del-pais-crece-0-3-inegi\\\/\",\"url\":\"https:\\\/\\\/centrourbano.com\\\/revista\\\/construccion\\\/produccion-industrial-del-pais-crece-0-3-inegi\\\/\",\"name\":\"Producci\u00f3n industrial del pa\u00eds crece 0.3%: INEGI -\",\"isPartOf\":{\"@id\":\"https:\\\/\\\/centrourbano.com\\\/revista\\\/#website\"},\"primaryImageOfPage\":{\"@id\":\"https:\\\/\\\/centrourbano.com\\\/revista\\\/construccion\\\/produccion-industrial-del-pais-crece-0-3-inegi\\\/#primaryimage\"},\"image\":{\"@id\":\"https:\\\/\\\/centrourbano.com\\\/revista\\\/construccion\\\/produccion-industrial-del-pais-crece-0-3-inegi\\\/#primaryimage\"},\"thumbnailUrl\":\"https:\\\/\\\/centrourbano.com\\\/revista\\\/wp-content\\\/uploads\\\/0014324702-1.jpg\",\"datePublished\":\"2016-09-09T23:01:01+00:00\",\"description\":\"El Instituto Nacional de Estad\u00edstica y Geograf\u00eda (INEGI) inform\u00f3 que la producci\u00f3n industrial del pa\u00eds creci\u00f3 0.3% durante el s\u00e9ptimo mes de este a\u00f1o, frente a la de junio pasado, con base a cifras desestacionalizadas.\",\"breadcrumb\":{\"@id\":\"https:\\\/\\\/centrourbano.com\\\/revista\\\/construccion\\\/produccion-industrial-del-pais-crece-0-3-inegi\\\/#breadcrumb\"},\"inLanguage\":\"es\",\"potentialAction\":[{\"@type\":\"ReadAction\",\"target\":[\"https:\\\/\\\/centrourbano.com\\\/revista\\\/construccion\\\/produccion-industrial-del-pais-crece-0-3-inegi\\\/\"]}]},{\"@type\":\"ImageObject\",\"inLanguage\":\"es\",\"@id\":\"https:\\\/\\\/centrourbano.com\\\/revista\\\/construccion\\\/produccion-industrial-del-pais-crece-0-3-inegi\\\/#primaryimage\",\"url\":\"https:\\\/\\\/centrourbano.com\\\/revista\\\/wp-content\\\/uploads\\\/0014324702-1.jpg\",\"contentUrl\":\"https:\\\/\\\/centrourbano.com\\\/revista\\\/wp-content\\\/uploads\\\/0014324702-1.jpg\",\"width\":770,\"height\":433},{\"@type\":\"BreadcrumbList\",\"@id\":\"https:\\\/\\\/centrourbano.com\\\/revista\\\/construccion\\\/produccion-industrial-del-pais-crece-0-3-inegi\\\/#breadcrumb\",\"itemListElement\":[{\"@type\":\"ListItem\",\"position\":1,\"name\":\"Portada\",\"item\":\"https:\\\/\\\/centrourbano.com\\\/revista\\\/\"},{\"@type\":\"ListItem\",\"position\":2,\"name\":\"Producci\u00f3n industrial del pa\u00eds crece 0.3%: INEGI\"}]},{\"@type\":\"WebSite\",\"@id\":\"https:\\\/\\\/centrourbano.com\\\/revista\\\/#website\",\"url\":\"https:\\\/\\\/centrourbano.com\\\/revista\\\/\",\"name\":\"Centro Urbano\",\"description\":\"Medio especializado en los sectores vivienda, inmobiliario, construcci\u00f3n, arquitectura y urbanismo.\",\"publisher\":{\"@id\":\"https:\\\/\\\/centrourbano.com\\\/revista\\\/#organization\"},\"potentialAction\":[{\"@type\":\"SearchAction\",\"target\":{\"@type\":\"EntryPoint\",\"urlTemplate\":\"https:\\\/\\\/centrourbano.com\\\/revista\\\/?s={search_term_string}\"},\"query-input\":{\"@type\":\"PropertyValueSpecification\",\"valueRequired\":true,\"valueName\":\"search_term_string\"}}],\"inLanguage\":\"es\"},{\"@type\":\"Organization\",\"@id\":\"https:\\\/\\\/centrourbano.com\\\/revista\\\/#organization\",\"name\":\"Centro Urbano\",\"url\":\"https:\\\/\\\/centrourbano.com\\\/revista\\\/\",\"logo\":{\"@type\":\"ImageObject\",\"inLanguage\":\"es\",\"@id\":\"https:\\\/\\\/centrourbano.com\\\/revista\\\/#\\\/schema\\\/logo\\\/image\\\/\",\"url\":\"https:\\\/\\\/centrourbano.com\\\/revista\\\/wp-content\\\/uploads\\\/web_CU_logo-1.png\",\"contentUrl\":\"https:\\\/\\\/centrourbano.com\\\/revista\\\/wp-content\\\/uploads\\\/web_CU_logo-1.png\",\"width\":350,\"height\":91,\"caption\":\"Centro Urbano\"},\"image\":{\"@id\":\"https:\\\/\\\/centrourbano.com\\\/revista\\\/#\\\/schema\\\/logo\\\/image\\\/\"},\"sameAs\":[\"https:\\\/\\\/www.facebook.com\\\/portalcentrourbano\",\"https:\\\/\\\/x.com\\\/CentroUrbano\",\"https:\\\/\\\/www.instagram.com\\\/centro_urbano\\\/\",\"https:\\\/\\\/www.linkedin.com\\\/company\\\/centro-urbano\\\/\",\"http:\\\/\\\/www.youtube.com\\\/user\\\/portalcentrourbano\"]},{\"@type\":\"Person\",\"@id\":\"https:\\\/\\\/centrourbano.com\\\/revista\\\/#\\\/schema\\\/person\\\/20613dd8a7db2b263325af517bc7420c\",\"name\":\"Priscila D\u00edaz\",\"image\":{\"@type\":\"ImageObject\",\"inLanguage\":\"es\",\"@id\":\"https:\\\/\\\/secure.gravatar.com\\\/avatar\\\/bf28a62a51d45b542a0c3fe4c31a60c3887b5037867f58a6225cbf7479b56636?s=96&d=mm&r=g\",\"url\":\"https:\\\/\\\/secure.gravatar.com\\\/avatar\\\/bf28a62a51d45b542a0c3fe4c31a60c3887b5037867f58a6225cbf7479b56636?s=96&d=mm&r=g\",\"contentUrl\":\"https:\\\/\\\/secure.gravatar.com\\\/avatar\\\/bf28a62a51d45b542a0c3fe4c31a60c3887b5037867f58a6225cbf7479b56636?s=96&d=mm&r=g\",\"caption\":\"Priscila D\u00edaz\"},\"url\":\"https:\\\/\\\/centrourbano.com\\\/revista\\\/author\\\/priscila-diaz\\\/\"}]}<\/script>\n<!-- \/ Yoast SEO plugin. -->","yoast_head_json":{"title":"Producci\u00f3n industrial del pa\u00eds crece 0.3%: INEGI -","description":"El Instituto Nacional de Estad\u00edstica y Geograf\u00eda (INEGI) inform\u00f3 que la producci\u00f3n industrial del pa\u00eds creci\u00f3 0.3% durante el s\u00e9ptimo mes de este a\u00f1o, frente a la de junio pasado, con base a cifras desestacionalizadas.","robots":{"index":"index","follow":"follow","max-snippet":"max-snippet:-1","max-image-preview":"max-image-preview:large","max-video-preview":"max-video-preview:-1"},"canonical":"https:\/\/centrourbano.com\/revista\/construccion\/produccion-industrial-del-pais-crece-0-3-inegi\/","og_locale":"es_ES","og_type":"article","og_title":"Producci\u00f3n industrial del pa\u00eds crece 0.3%: INEGI -","og_description":"El Instituto Nacional de Estad\u00edstica y Geograf\u00eda (INEGI) inform\u00f3 que la producci\u00f3n industrial del pa\u00eds creci\u00f3 0.3% durante el s\u00e9ptimo mes de este a\u00f1o, frente a la de junio pasado, con base a cifras desestacionalizadas.","og_url":"https:\/\/centrourbano.com\/revista\/construccion\/produccion-industrial-del-pais-crece-0-3-inegi\/","og_site_name":"Centro Urbano","article_publisher":"https:\/\/www.facebook.com\/portalcentrourbano","article_published_time":"2016-09-09T23:01:01+00:00","og_image":[{"width":770,"height":433,"url":"https:\/\/centrourbano.com\/revista\/wp-content\/uploads\/0014324702-1.jpg","type":"image\/jpeg"}],"author":"Priscila D\u00edaz","twitter_card":"summary_large_image","twitter_creator":"@CentroUrbano","twitter_site":"@CentroUrbano","twitter_misc":{"Escrito por":"Priscila D\u00edaz","Tiempo de lectura":"1 minuto"},"schema":{"@context":"https:\/\/schema.org","@graph":[{"@type":"Article","@id":"https:\/\/centrourbano.com\/revista\/construccion\/produccion-industrial-del-pais-crece-0-3-inegi\/#article","isPartOf":{"@id":"https:\/\/centrourbano.com\/revista\/construccion\/produccion-industrial-del-pais-crece-0-3-inegi\/"},"author":{"name":"Priscila D\u00edaz","@id":"https:\/\/centrourbano.com\/revista\/#\/schema\/person\/20613dd8a7db2b263325af517bc7420c"},"headline":"Producci\u00f3n industrial del pa\u00eds crece 0.3%: INEGI","datePublished":"2016-09-09T23:01:01+00:00","mainEntityOfPage":{"@id":"https:\/\/centrourbano.com\/revista\/construccion\/produccion-industrial-del-pais-crece-0-3-inegi\/"},"wordCount":283,"commentCount":0,"publisher":{"@id":"https:\/\/centrourbano.com\/revista\/#organization"},"image":{"@id":"https:\/\/centrourbano.com\/revista\/construccion\/produccion-industrial-del-pais-crece-0-3-inegi\/#primaryimage"},"thumbnailUrl":"https:\/\/centrourbano.com\/revista\/wp-content\/uploads\/0014324702-1.jpg","keywords":["Inegi","Producci\u00f3n industrial del pa\u00eds"],"articleSection":["Construcci\u00f3n"],"inLanguage":"es","potentialAction":[{"@type":"CommentAction","name":"Comment","target":["https:\/\/centrourbano.com\/revista\/construccion\/produccion-industrial-del-pais-crece-0-3-inegi\/#respond"]}]},{"@type":"WebPage","@id":"https:\/\/centrourbano.com\/revista\/construccion\/produccion-industrial-del-pais-crece-0-3-inegi\/","url":"https:\/\/centrourbano.com\/revista\/construccion\/produccion-industrial-del-pais-crece-0-3-inegi\/","name":"Producci\u00f3n industrial del pa\u00eds crece 0.3%: INEGI -","isPartOf":{"@id":"https:\/\/centrourbano.com\/revista\/#website"},"primaryImageOfPage":{"@id":"https:\/\/centrourbano.com\/revista\/construccion\/produccion-industrial-del-pais-crece-0-3-inegi\/#primaryimage"},"image":{"@id":"https:\/\/centrourbano.com\/revista\/construccion\/produccion-industrial-del-pais-crece-0-3-inegi\/#primaryimage"},"thumbnailUrl":"https:\/\/centrourbano.com\/revista\/wp-content\/uploads\/0014324702-1.jpg","datePublished":"2016-09-09T23:01:01+00:00","description":"El Instituto Nacional de Estad\u00edstica y Geograf\u00eda (INEGI) inform\u00f3 que la producci\u00f3n industrial del pa\u00eds creci\u00f3 0.3% durante el s\u00e9ptimo mes de este a\u00f1o, frente a la de junio pasado, con base a cifras desestacionalizadas.","breadcrumb":{"@id":"https:\/\/centrourbano.com\/revista\/construccion\/produccion-industrial-del-pais-crece-0-3-inegi\/#breadcrumb"},"inLanguage":"es","potentialAction":[{"@type":"ReadAction","target":["https:\/\/centrourbano.com\/revista\/construccion\/produccion-industrial-del-pais-crece-0-3-inegi\/"]}]},{"@type":"ImageObject","inLanguage":"es","@id":"https:\/\/centrourbano.com\/revista\/construccion\/produccion-industrial-del-pais-crece-0-3-inegi\/#primaryimage","url":"https:\/\/centrourbano.com\/revista\/wp-content\/uploads\/0014324702-1.jpg","contentUrl":"https:\/\/centrourbano.com\/revista\/wp-content\/uploads\/0014324702-1.jpg","width":770,"height":433},{"@type":"BreadcrumbList","@id":"https:\/\/centrourbano.com\/revista\/construccion\/produccion-industrial-del-pais-crece-0-3-inegi\/#breadcrumb","itemListElement":[{"@type":"ListItem","position":1,"name":"Portada","item":"https:\/\/centrourbano.com\/revista\/"},{"@type":"ListItem","position":2,"name":"Producci\u00f3n industrial del pa\u00eds crece 0.3%: INEGI"}]},{"@type":"WebSite","@id":"https:\/\/centrourbano.com\/revista\/#website","url":"https:\/\/centrourbano.com\/revista\/","name":"Centro Urbano","description":"Medio especializado en los sectores vivienda, inmobiliario, construcci\u00f3n, arquitectura y urbanismo.","publisher":{"@id":"https:\/\/centrourbano.com\/revista\/#organization"},"potentialAction":[{"@type":"SearchAction","target":{"@type":"EntryPoint","urlTemplate":"https:\/\/centrourbano.com\/revista\/?s={search_term_string}"},"query-input":{"@type":"PropertyValueSpecification","valueRequired":true,"valueName":"search_term_string"}}],"inLanguage":"es"},{"@type":"Organization","@id":"https:\/\/centrourbano.com\/revista\/#organization","name":"Centro Urbano","url":"https:\/\/centrourbano.com\/revista\/","logo":{"@type":"ImageObject","inLanguage":"es","@id":"https:\/\/centrourbano.com\/revista\/#\/schema\/logo\/image\/","url":"https:\/\/centrourbano.com\/revista\/wp-content\/uploads\/web_CU_logo-1.png","contentUrl":"https:\/\/centrourbano.com\/revista\/wp-content\/uploads\/web_CU_logo-1.png","width":350,"height":91,"caption":"Centro Urbano"},"image":{"@id":"https:\/\/centrourbano.com\/revista\/#\/schema\/logo\/image\/"},"sameAs":["https:\/\/www.facebook.com\/portalcentrourbano","https:\/\/x.com\/CentroUrbano","https:\/\/www.instagram.com\/centro_urbano\/","https:\/\/www.linkedin.com\/company\/centro-urbano\/","http:\/\/www.youtube.com\/user\/portalcentrourbano"]},{"@type":"Person","@id":"https:\/\/centrourbano.com\/revista\/#\/schema\/person\/20613dd8a7db2b263325af517bc7420c","name":"Priscila D\u00edaz","image":{"@type":"ImageObject","inLanguage":"es","@id":"https:\/\/secure.gravatar.com\/avatar\/bf28a62a51d45b542a0c3fe4c31a60c3887b5037867f58a6225cbf7479b56636?s=96&d=mm&r=g","url":"https:\/\/secure.gravatar.com\/avatar\/bf28a62a51d45b542a0c3fe4c31a60c3887b5037867f58a6225cbf7479b56636?s=96&d=mm&r=g","contentUrl":"https:\/\/secure.gravatar.com\/avatar\/bf28a62a51d45b542a0c3fe4c31a60c3887b5037867f58a6225cbf7479b56636?s=96&d=mm&r=g","caption":"Priscila D\u00edaz"},"url":"https:\/\/centrourbano.com\/revista\/author\/priscila-diaz\/"}]}},"_links":{"self":[{"href":"https:\/\/centrourbano.com\/revista\/wp-json\/wp\/v2\/posts\/40024","targetHints":{"allow":["GET"]}}],"collection":[{"href":"https:\/\/centrourbano.com\/revista\/wp-json\/wp\/v2\/posts"}],"about":[{"href":"https:\/\/centrourbano.com\/revista\/wp-json\/wp\/v2\/types\/post"}],"author":[{"embeddable":true,"href":"https:\/\/centrourbano.com\/revista\/wp-json\/wp\/v2\/users\/42"}],"replies":[{"embeddable":true,"href":"https:\/\/centrourbano.com\/revista\/wp-json\/wp\/v2\/comments?post=40024"}],"version-history":[{"count":0,"href":"https:\/\/centrourbano.com\/revista\/wp-json\/wp\/v2\/posts\/40024\/revisions"}],"wp:featuredmedia":[{"embeddable":true,"href":"https:\/\/centrourbano.com\/revista\/wp-json\/wp\/v2\/media\/40025"}],"wp:attachment":[{"href":"https:\/\/centrourbano.com\/revista\/wp-json\/wp\/v2\/media?parent=40024"}],"wp:term":[{"taxonomy":"category","embeddable":true,"href":"https:\/\/centrourbano.com\/revista\/wp-json\/wp\/v2\/categories?post=40024"},{"taxonomy":"post_tag","embeddable":true,"href":"https:\/\/centrourbano.com\/revista\/wp-json\/wp\/v2\/tags?post=40024"}],"curies":[{"name":"wp","href":"https:\/\/api.w.org\/{rel}","templated":true}]}}