{"id":39792,"date":"2016-09-05T18:51:18","date_gmt":"2016-09-05T23:51:18","guid":{"rendered":"https:\/\/centrourbano.com\/?p=39792"},"modified":"2016-09-06T13:25:49","modified_gmt":"2016-09-06T18:25:49","slug":"presenta-lilia-lujan-exposicion-la-gb-gallery","status":"publish","type":"post","link":"https:\/\/centrourbano.com\/revista\/actualidad\/presenta-lilia-lujan-exposicion-la-gb-gallery\/","title":{"rendered":"Presenta Lilia Luj\u00e1n exposici\u00f3n en la GB GALLERY"},"content":{"rendered":"<p><em>Ser\u00e1 una muestra formada por 20 obras minimalistas, <\/em><em>t\u00e9cnica mixta en distintos formatos, donde la estructura\u00a0de cada pieza es la propia materia<\/em><\/p>\n<p><em>\u00a0<\/em><\/p>\n<p>Abren exposici\u00f3n de la artista visual Lilia Luj\u00e1n en la GB GALLERY del 31 de agosto al 1\u00b0 de octubre, la cual es una muestra formada por 20 obras minimalistas, t\u00e9cnica mixta en distintos formatos, donde la estructura\u00a0de cada pieza es la propia materia.<\/p>\n<p>En la exposici\u00f3n, incorpora elementos como la madera, fibras naturales, cart\u00f3n, textiles, espejos, m\u00e1rmol y metales a manera de collage.<\/p>\n<a href=\"https:\/\/centrourbano.com\/revista\/wp-content\/uploads\/unnamed-3-1.jpg\"><img loading=\"lazy\" decoding=\"async\" class=\"wp-image-39814 alignleft\" src=\"https:\/\/centrourbano.com\/revista\/wp-content\/uploads\/unnamed-3-1-300x194.jpg\" alt=\"unnamed (3)\" width=\"275\" height=\"178\" srcset=\"https:\/\/centrourbano.com\/revista\/wp-content\/uploads\/unnamed-3-1-300x194.jpg 300w, https:\/\/centrourbano.com\/revista\/wp-content\/uploads\/unnamed-3-1-1000x647.jpg 1000w, https:\/\/centrourbano.com\/revista\/wp-content\/uploads\/unnamed-3-1-768x497.jpg 768w, https:\/\/centrourbano.com\/revista\/wp-content\/uploads\/unnamed-3-1-400x260.jpg 400w, https:\/\/centrourbano.com\/revista\/wp-content\/uploads\/unnamed-3-1.jpg 1235w\" sizes=\"auto, (max-width: 275px) 100vw, 275px\" \/><\/a>\n<p>Lilia Luj\u00e1n es una artista quien inicio en las Artes Pl\u00e1sticas de tiempo completo, tambi\u00e9n ha explorado y experimentado con varias t\u00e9cnicas, materiales y soportes de forma multidisciplinar, especializ\u00e1ndose esencialmente en la pintura, escultura alternativa, murales y la docencia con ni\u00f1os, adolescentes y adultos.<\/p>\n<a href=\"https:\/\/centrourbano.com\/revista\/wp-content\/uploads\/unnamed-4-1.jpg\"><img loading=\"lazy\" decoding=\"async\" class=\"wp-image-39815 alignright\" src=\"https:\/\/centrourbano.com\/revista\/wp-content\/uploads\/unnamed-4-1-300x236.jpg\" alt=\"unnamed (4)\" width=\"276\" height=\"217\" srcset=\"https:\/\/centrourbano.com\/revista\/wp-content\/uploads\/unnamed-4-1-300x236.jpg 300w, https:\/\/centrourbano.com\/revista\/wp-content\/uploads\/unnamed-4-1-1000x787.jpg 1000w, https:\/\/centrourbano.com\/revista\/wp-content\/uploads\/unnamed-4-1-768x605.jpg 768w, https:\/\/centrourbano.com\/revista\/wp-content\/uploads\/unnamed-4-1.jpg 1015w\" sizes=\"auto, (max-width: 276px) 100vw, 276px\" \/><\/a>\n<p>Sus exposiciones se han llevado a cabo en lugares\u00a0como el WTC, Alianza Francesa, Centro Asturiano, Pemex, Lonter\u00eda Nacional, Sep, C\u00e1mara de Diputados, Radio Edicaci\u00f3n, SCT, Universidad de Guanajuato, Museo Jos\u00e9 Luis Cuevas, Hotel Camino Real, Museo Soumaya, entre otros, sumando 350 exposiciones tanto nacionales como internacionales.<\/p>\n<p>Adem\u00e1s, sus obras forman parte del Patrimonio Art\u00edstico de la Universidad Aut\u00f3noma de Madrid y la Universidad de Alcal\u00e1, en Espa\u00f1a, Museo Poeta Javier de la Rosa, en Gran Canaria; Museum of the Americas, en Miami, y Piag Museum, en Florida, USA. Claudio Le\u00f3n Sempere-Museum of Fine Arts, en Buenos Aires y Museo Alma Fuerte, en la Plata, Argentina, y National Art Museum of China.<\/p>\n<a href=\"https:\/\/centrourbano.com\/revista\/wp-content\/uploads\/unnamed-30.jpg\"><img loading=\"lazy\" decoding=\"async\" class=\"wp-image-39816 alignleft\" src=\"https:\/\/centrourbano.com\/revista\/wp-content\/uploads\/unnamed-30-300x239.jpg\" alt=\"unnamed\" width=\"261\" height=\"208\" srcset=\"https:\/\/centrourbano.com\/revista\/wp-content\/uploads\/unnamed-30-300x239.jpg 300w, https:\/\/centrourbano.com\/revista\/wp-content\/uploads\/unnamed-30-1000x797.jpg 1000w, https:\/\/centrourbano.com\/revista\/wp-content\/uploads\/unnamed-30-768x612.jpg 768w, https:\/\/centrourbano.com\/revista\/wp-content\/uploads\/unnamed-30.jpg 1003w\" sizes=\"auto, (max-width: 261px) 100vw, 261px\" \/><\/a>\n<p>Cuenta con exposiciones privadas en varios pa\u00edses como M\u00e9xico, Espa\u00f1a, Francia, Italia, Holanda, Alemania, Suecia, Jap\u00f3n y Rusia y cinco libros publicados.<\/p>\n<p>Finalmente, la artista colabora regularmente con su obra en diversas publicaciones de arte, cultura, dise\u00f1o, interiorismo y arquitectura, nacionales e internacionales.<\/p>\n<a href=\"https:\/\/centrourbano.com\/revista\/wp-content\/uploads\/unnamed-5-1.jpg\"><img loading=\"lazy\" decoding=\"async\" class=\"wp-image-39817 aligncenter\" src=\"https:\/\/centrourbano.com\/revista\/wp-content\/uploads\/unnamed-5-1-300x237.jpg\" alt=\"unnamed (5)\" width=\"251\" height=\"199\" srcset=\"https:\/\/centrourbano.com\/revista\/wp-content\/uploads\/unnamed-5-1-300x237.jpg 300w, https:\/\/centrourbano.com\/revista\/wp-content\/uploads\/unnamed-5-1.jpg 720w\" sizes=\"auto, (max-width: 251px) 100vw, 251px\" \/><\/a>\n","protected":false},"excerpt":{"rendered":"<p>Ser\u00e1 una muestra formada por 20 obras minimalistas, t\u00e9cnica mixta en distintos formatos, donde la estructura\u00a0de cada pieza es la propia materia \u00a0 Abren exposici\u00f3n de la artista visual Lilia Luj\u00e1n en la GB GALLERY del 31 de agosto al 1\u00b0 de octubre, la cual es una muestra formada por 20 obras minimalistas, t\u00e9cnica mixta [&hellip;]<\/p>\n","protected":false},"author":42,"featured_media":39813,"comment_status":"open","ping_status":"closed","sticky":false,"template":"","format":"standard","meta":{"om_disable_all_campaigns":false,"inline_featured_image":false,"_monsterinsights_skip_tracking":false,"_monsterinsights_sitenote_active":false,"_monsterinsights_sitenote_note":"","_monsterinsights_sitenote_category":0,"footnotes":""},"categories":[80],"tags":[4375,8472,4312],"class_list":["post-39792","post","type-post","status-publish","format-standard","has-post-thumbnail","hentry","category-actualidad","tag-exposicion","tag-gb-gallery","tag-lilia-lujan"],"yoast_head":"<!-- This site is optimized with the Yoast SEO plugin v27.5 - https:\/\/yoast.com\/product\/yoast-seo-wordpress\/ -->\n<title>Presenta Lilia Luj\u00e1n exposici\u00f3n en la GB GALLERY -<\/title>\n<meta name=\"description\" content=\"Abren exposici\u00f3n de la artista visual Lilia Luj\u00e1n en la GB GALLERY del 31 de agosto al 1\u00b0 de octubre la cual, es una muestra formada por 20 obras minimalistas, t\u00e9cnica mixta en distintos formatos, donde la estructura de cada pieza es la propia materia.\" \/>\n<meta name=\"robots\" content=\"index, follow, max-snippet:-1, max-image-preview:large, max-video-preview:-1\" \/>\n<link rel=\"canonical\" href=\"https:\/\/centrourbano.com\/revista\/actualidad\/presenta-lilia-lujan-exposicion-la-gb-gallery\/\" \/>\n<meta property=\"og:locale\" content=\"es_ES\" \/>\n<meta property=\"og:type\" content=\"article\" \/>\n<meta property=\"og:title\" content=\"Presenta Lilia Luj\u00e1n exposici\u00f3n en la GB GALLERY -\" \/>\n<meta property=\"og:description\" content=\"Abren exposici\u00f3n de la artista visual Lilia Luj\u00e1n en la GB GALLERY del 31 de agosto al 1\u00b0 de octubre la cual, es una muestra formada por 20 obras minimalistas, t\u00e9cnica mixta en distintos formatos, donde la estructura de cada pieza es la propia materia.\" \/>\n<meta property=\"og:url\" content=\"https:\/\/centrourbano.com\/revista\/actualidad\/presenta-lilia-lujan-exposicion-la-gb-gallery\/\" \/>\n<meta property=\"og:site_name\" content=\"Centro Urbano\" \/>\n<meta property=\"article:publisher\" content=\"https:\/\/www.facebook.com\/portalcentrourbano\" \/>\n<meta property=\"article:published_time\" content=\"2016-09-05T23:51:18+00:00\" \/>\n<meta property=\"article:modified_time\" content=\"2016-09-06T18:25:49+00:00\" \/>\n<meta property=\"og:image\" content=\"https:\/\/centrourbano.com\/revista\/wp-content\/uploads\/unnamed-6-1.jpg\" \/>\n\t<meta property=\"og:image:width\" content=\"1600\" \/>\n\t<meta property=\"og:image:height\" content=\"680\" \/>\n\t<meta property=\"og:image:type\" content=\"image\/jpeg\" \/>\n<meta name=\"author\" content=\"Priscila D\u00edaz\" \/>\n<meta name=\"twitter:card\" content=\"summary_large_image\" \/>\n<meta name=\"twitter:creator\" content=\"@CentroUrbano\" \/>\n<meta name=\"twitter:site\" content=\"@CentroUrbano\" \/>\n<meta name=\"twitter:label1\" content=\"Escrito por\" \/>\n\t<meta name=\"twitter:data1\" content=\"Priscila D\u00edaz\" \/>\n\t<meta name=\"twitter:label2\" content=\"Tiempo de lectura\" \/>\n\t<meta name=\"twitter:data2\" content=\"2 minutos\" \/>\n<script type=\"application\/ld+json\" class=\"yoast-schema-graph\">{\"@context\":\"https:\\\/\\\/schema.org\",\"@graph\":[{\"@type\":\"Article\",\"@id\":\"https:\\\/\\\/centrourbano.com\\\/revista\\\/actualidad\\\/presenta-lilia-lujan-exposicion-la-gb-gallery\\\/#article\",\"isPartOf\":{\"@id\":\"https:\\\/\\\/centrourbano.com\\\/revista\\\/actualidad\\\/presenta-lilia-lujan-exposicion-la-gb-gallery\\\/\"},\"author\":{\"name\":\"Priscila D\u00edaz\",\"@id\":\"https:\\\/\\\/centrourbano.com\\\/revista\\\/#\\\/schema\\\/person\\\/97e0e5e1f84fc331e58993c6cb96c1ea\"},\"headline\":\"Presenta Lilia Luj\u00e1n exposici\u00f3n en la GB GALLERY\",\"datePublished\":\"2016-09-05T23:51:18+00:00\",\"dateModified\":\"2016-09-06T18:25:49+00:00\",\"mainEntityOfPage\":{\"@id\":\"https:\\\/\\\/centrourbano.com\\\/revista\\\/actualidad\\\/presenta-lilia-lujan-exposicion-la-gb-gallery\\\/\"},\"wordCount\":318,\"commentCount\":0,\"publisher\":{\"@id\":\"https:\\\/\\\/centrourbano.com\\\/revista\\\/#organization\"},\"image\":{\"@id\":\"https:\\\/\\\/centrourbano.com\\\/revista\\\/actualidad\\\/presenta-lilia-lujan-exposicion-la-gb-gallery\\\/#primaryimage\"},\"thumbnailUrl\":\"https:\\\/\\\/centrourbano.com\\\/revista\\\/wp-content\\\/uploads\\\/unnamed-6-1.jpg\",\"keywords\":[\"exposici\u00f3n\",\"GB GALLERY\",\"Lilia Lujan\"],\"articleSection\":[\"Actualidad\"],\"inLanguage\":\"es\",\"potentialAction\":[{\"@type\":\"CommentAction\",\"name\":\"Comment\",\"target\":[\"https:\\\/\\\/centrourbano.com\\\/revista\\\/actualidad\\\/presenta-lilia-lujan-exposicion-la-gb-gallery\\\/#respond\"]}]},{\"@type\":\"WebPage\",\"@id\":\"https:\\\/\\\/centrourbano.com\\\/revista\\\/actualidad\\\/presenta-lilia-lujan-exposicion-la-gb-gallery\\\/\",\"url\":\"https:\\\/\\\/centrourbano.com\\\/revista\\\/actualidad\\\/presenta-lilia-lujan-exposicion-la-gb-gallery\\\/\",\"name\":\"Presenta Lilia Luj\u00e1n exposici\u00f3n en la GB GALLERY -\",\"isPartOf\":{\"@id\":\"https:\\\/\\\/centrourbano.com\\\/revista\\\/#website\"},\"primaryImageOfPage\":{\"@id\":\"https:\\\/\\\/centrourbano.com\\\/revista\\\/actualidad\\\/presenta-lilia-lujan-exposicion-la-gb-gallery\\\/#primaryimage\"},\"image\":{\"@id\":\"https:\\\/\\\/centrourbano.com\\\/revista\\\/actualidad\\\/presenta-lilia-lujan-exposicion-la-gb-gallery\\\/#primaryimage\"},\"thumbnailUrl\":\"https:\\\/\\\/centrourbano.com\\\/revista\\\/wp-content\\\/uploads\\\/unnamed-6-1.jpg\",\"datePublished\":\"2016-09-05T23:51:18+00:00\",\"dateModified\":\"2016-09-06T18:25:49+00:00\",\"description\":\"Abren exposici\u00f3n de la artista visual Lilia Luj\u00e1n en la GB GALLERY del 31 de agosto al 1\u00b0 de octubre la cual, es una muestra formada por 20 obras minimalistas, t\u00e9cnica mixta en distintos formatos, donde la estructura de cada pieza es la propia materia.\",\"breadcrumb\":{\"@id\":\"https:\\\/\\\/centrourbano.com\\\/revista\\\/actualidad\\\/presenta-lilia-lujan-exposicion-la-gb-gallery\\\/#breadcrumb\"},\"inLanguage\":\"es\",\"potentialAction\":[{\"@type\":\"ReadAction\",\"target\":[\"https:\\\/\\\/centrourbano.com\\\/revista\\\/actualidad\\\/presenta-lilia-lujan-exposicion-la-gb-gallery\\\/\"]}]},{\"@type\":\"ImageObject\",\"inLanguage\":\"es\",\"@id\":\"https:\\\/\\\/centrourbano.com\\\/revista\\\/actualidad\\\/presenta-lilia-lujan-exposicion-la-gb-gallery\\\/#primaryimage\",\"url\":\"https:\\\/\\\/centrourbano.com\\\/revista\\\/wp-content\\\/uploads\\\/unnamed-6-1.jpg\",\"contentUrl\":\"https:\\\/\\\/centrourbano.com\\\/revista\\\/wp-content\\\/uploads\\\/unnamed-6-1.jpg\",\"width\":1600,\"height\":680},{\"@type\":\"BreadcrumbList\",\"@id\":\"https:\\\/\\\/centrourbano.com\\\/revista\\\/actualidad\\\/presenta-lilia-lujan-exposicion-la-gb-gallery\\\/#breadcrumb\",\"itemListElement\":[{\"@type\":\"ListItem\",\"position\":1,\"name\":\"Portada\",\"item\":\"https:\\\/\\\/centrourbano.com\\\/revista\\\/\"},{\"@type\":\"ListItem\",\"position\":2,\"name\":\"Presenta Lilia Luj\u00e1n exposici\u00f3n en la GB GALLERY\"}]},{\"@type\":\"WebSite\",\"@id\":\"https:\\\/\\\/centrourbano.com\\\/revista\\\/#website\",\"url\":\"https:\\\/\\\/centrourbano.com\\\/revista\\\/\",\"name\":\"Centro Urbano\",\"description\":\"Medio especializado en los sectores vivienda, inmobiliario, construcci\u00f3n, arquitectura y urbanismo.\",\"publisher\":{\"@id\":\"https:\\\/\\\/centrourbano.com\\\/revista\\\/#organization\"},\"potentialAction\":[{\"@type\":\"SearchAction\",\"target\":{\"@type\":\"EntryPoint\",\"urlTemplate\":\"https:\\\/\\\/centrourbano.com\\\/revista\\\/?s={search_term_string}\"},\"query-input\":{\"@type\":\"PropertyValueSpecification\",\"valueRequired\":true,\"valueName\":\"search_term_string\"}}],\"inLanguage\":\"es\"},{\"@type\":\"Organization\",\"@id\":\"https:\\\/\\\/centrourbano.com\\\/revista\\\/#organization\",\"name\":\"Centro Urbano\",\"url\":\"https:\\\/\\\/centrourbano.com\\\/revista\\\/\",\"logo\":{\"@type\":\"ImageObject\",\"inLanguage\":\"es\",\"@id\":\"https:\\\/\\\/centrourbano.com\\\/revista\\\/#\\\/schema\\\/logo\\\/image\\\/\",\"url\":\"https:\\\/\\\/centrourbano.com\\\/revista\\\/wp-content\\\/uploads\\\/web_CU_logo-1.png\",\"contentUrl\":\"https:\\\/\\\/centrourbano.com\\\/revista\\\/wp-content\\\/uploads\\\/web_CU_logo-1.png\",\"width\":350,\"height\":91,\"caption\":\"Centro Urbano\"},\"image\":{\"@id\":\"https:\\\/\\\/centrourbano.com\\\/revista\\\/#\\\/schema\\\/logo\\\/image\\\/\"},\"sameAs\":[\"https:\\\/\\\/www.facebook.com\\\/portalcentrourbano\",\"https:\\\/\\\/x.com\\\/CentroUrbano\",\"https:\\\/\\\/www.instagram.com\\\/centro_urbano\\\/\",\"https:\\\/\\\/www.linkedin.com\\\/company\\\/centro-urbano\\\/\",\"http:\\\/\\\/www.youtube.com\\\/user\\\/portalcentrourbano\"]},{\"@type\":\"Person\",\"@id\":\"https:\\\/\\\/centrourbano.com\\\/revista\\\/#\\\/schema\\\/person\\\/97e0e5e1f84fc331e58993c6cb96c1ea\",\"name\":\"Priscila D\u00edaz\",\"image\":{\"@type\":\"ImageObject\",\"inLanguage\":\"es\",\"@id\":\"https:\\\/\\\/secure.gravatar.com\\\/avatar\\\/bf28a62a51d45b542a0c3fe4c31a60c3887b5037867f58a6225cbf7479b56636?s=96&d=mm&r=g\",\"url\":\"https:\\\/\\\/secure.gravatar.com\\\/avatar\\\/bf28a62a51d45b542a0c3fe4c31a60c3887b5037867f58a6225cbf7479b56636?s=96&d=mm&r=g\",\"contentUrl\":\"https:\\\/\\\/secure.gravatar.com\\\/avatar\\\/bf28a62a51d45b542a0c3fe4c31a60c3887b5037867f58a6225cbf7479b56636?s=96&d=mm&r=g\",\"caption\":\"Priscila D\u00edaz\"},\"url\":\"https:\\\/\\\/centrourbano.com\\\/revista\\\/author\\\/priscila-diaz\\\/\"}]}<\/script>\n<!-- \/ Yoast SEO plugin. -->","yoast_head_json":{"title":"Presenta Lilia Luj\u00e1n exposici\u00f3n en la GB GALLERY -","description":"Abren exposici\u00f3n de la artista visual Lilia Luj\u00e1n en la GB GALLERY del 31 de agosto al 1\u00b0 de octubre la cual, es una muestra formada por 20 obras minimalistas, t\u00e9cnica mixta en distintos formatos, donde la estructura de cada pieza es la propia materia.","robots":{"index":"index","follow":"follow","max-snippet":"max-snippet:-1","max-image-preview":"max-image-preview:large","max-video-preview":"max-video-preview:-1"},"canonical":"https:\/\/centrourbano.com\/revista\/actualidad\/presenta-lilia-lujan-exposicion-la-gb-gallery\/","og_locale":"es_ES","og_type":"article","og_title":"Presenta Lilia Luj\u00e1n exposici\u00f3n en la GB GALLERY -","og_description":"Abren exposici\u00f3n de la artista visual Lilia Luj\u00e1n en la GB GALLERY del 31 de agosto al 1\u00b0 de octubre la cual, es una muestra formada por 20 obras minimalistas, t\u00e9cnica mixta en distintos formatos, donde la estructura de cada pieza es la propia materia.","og_url":"https:\/\/centrourbano.com\/revista\/actualidad\/presenta-lilia-lujan-exposicion-la-gb-gallery\/","og_site_name":"Centro Urbano","article_publisher":"https:\/\/www.facebook.com\/portalcentrourbano","article_published_time":"2016-09-05T23:51:18+00:00","article_modified_time":"2016-09-06T18:25:49+00:00","og_image":[{"width":1600,"height":680,"url":"https:\/\/centrourbano.com\/revista\/wp-content\/uploads\/unnamed-6-1.jpg","type":"image\/jpeg"}],"author":"Priscila D\u00edaz","twitter_card":"summary_large_image","twitter_creator":"@CentroUrbano","twitter_site":"@CentroUrbano","twitter_misc":{"Escrito por":"Priscila D\u00edaz","Tiempo de lectura":"2 minutos"},"schema":{"@context":"https:\/\/schema.org","@graph":[{"@type":"Article","@id":"https:\/\/centrourbano.com\/revista\/actualidad\/presenta-lilia-lujan-exposicion-la-gb-gallery\/#article","isPartOf":{"@id":"https:\/\/centrourbano.com\/revista\/actualidad\/presenta-lilia-lujan-exposicion-la-gb-gallery\/"},"author":{"name":"Priscila D\u00edaz","@id":"https:\/\/centrourbano.com\/revista\/#\/schema\/person\/97e0e5e1f84fc331e58993c6cb96c1ea"},"headline":"Presenta Lilia Luj\u00e1n exposici\u00f3n en la GB GALLERY","datePublished":"2016-09-05T23:51:18+00:00","dateModified":"2016-09-06T18:25:49+00:00","mainEntityOfPage":{"@id":"https:\/\/centrourbano.com\/revista\/actualidad\/presenta-lilia-lujan-exposicion-la-gb-gallery\/"},"wordCount":318,"commentCount":0,"publisher":{"@id":"https:\/\/centrourbano.com\/revista\/#organization"},"image":{"@id":"https:\/\/centrourbano.com\/revista\/actualidad\/presenta-lilia-lujan-exposicion-la-gb-gallery\/#primaryimage"},"thumbnailUrl":"https:\/\/centrourbano.com\/revista\/wp-content\/uploads\/unnamed-6-1.jpg","keywords":["exposici\u00f3n","GB GALLERY","Lilia Lujan"],"articleSection":["Actualidad"],"inLanguage":"es","potentialAction":[{"@type":"CommentAction","name":"Comment","target":["https:\/\/centrourbano.com\/revista\/actualidad\/presenta-lilia-lujan-exposicion-la-gb-gallery\/#respond"]}]},{"@type":"WebPage","@id":"https:\/\/centrourbano.com\/revista\/actualidad\/presenta-lilia-lujan-exposicion-la-gb-gallery\/","url":"https:\/\/centrourbano.com\/revista\/actualidad\/presenta-lilia-lujan-exposicion-la-gb-gallery\/","name":"Presenta Lilia Luj\u00e1n exposici\u00f3n en la GB GALLERY -","isPartOf":{"@id":"https:\/\/centrourbano.com\/revista\/#website"},"primaryImageOfPage":{"@id":"https:\/\/centrourbano.com\/revista\/actualidad\/presenta-lilia-lujan-exposicion-la-gb-gallery\/#primaryimage"},"image":{"@id":"https:\/\/centrourbano.com\/revista\/actualidad\/presenta-lilia-lujan-exposicion-la-gb-gallery\/#primaryimage"},"thumbnailUrl":"https:\/\/centrourbano.com\/revista\/wp-content\/uploads\/unnamed-6-1.jpg","datePublished":"2016-09-05T23:51:18+00:00","dateModified":"2016-09-06T18:25:49+00:00","description":"Abren exposici\u00f3n de la artista visual Lilia Luj\u00e1n en la GB GALLERY del 31 de agosto al 1\u00b0 de octubre la cual, es una muestra formada por 20 obras minimalistas, t\u00e9cnica mixta en distintos formatos, donde la estructura de cada pieza es la propia materia.","breadcrumb":{"@id":"https:\/\/centrourbano.com\/revista\/actualidad\/presenta-lilia-lujan-exposicion-la-gb-gallery\/#breadcrumb"},"inLanguage":"es","potentialAction":[{"@type":"ReadAction","target":["https:\/\/centrourbano.com\/revista\/actualidad\/presenta-lilia-lujan-exposicion-la-gb-gallery\/"]}]},{"@type":"ImageObject","inLanguage":"es","@id":"https:\/\/centrourbano.com\/revista\/actualidad\/presenta-lilia-lujan-exposicion-la-gb-gallery\/#primaryimage","url":"https:\/\/centrourbano.com\/revista\/wp-content\/uploads\/unnamed-6-1.jpg","contentUrl":"https:\/\/centrourbano.com\/revista\/wp-content\/uploads\/unnamed-6-1.jpg","width":1600,"height":680},{"@type":"BreadcrumbList","@id":"https:\/\/centrourbano.com\/revista\/actualidad\/presenta-lilia-lujan-exposicion-la-gb-gallery\/#breadcrumb","itemListElement":[{"@type":"ListItem","position":1,"name":"Portada","item":"https:\/\/centrourbano.com\/revista\/"},{"@type":"ListItem","position":2,"name":"Presenta Lilia Luj\u00e1n exposici\u00f3n en la GB GALLERY"}]},{"@type":"WebSite","@id":"https:\/\/centrourbano.com\/revista\/#website","url":"https:\/\/centrourbano.com\/revista\/","name":"Centro Urbano","description":"Medio especializado en los sectores vivienda, inmobiliario, construcci\u00f3n, arquitectura y urbanismo.","publisher":{"@id":"https:\/\/centrourbano.com\/revista\/#organization"},"potentialAction":[{"@type":"SearchAction","target":{"@type":"EntryPoint","urlTemplate":"https:\/\/centrourbano.com\/revista\/?s={search_term_string}"},"query-input":{"@type":"PropertyValueSpecification","valueRequired":true,"valueName":"search_term_string"}}],"inLanguage":"es"},{"@type":"Organization","@id":"https:\/\/centrourbano.com\/revista\/#organization","name":"Centro Urbano","url":"https:\/\/centrourbano.com\/revista\/","logo":{"@type":"ImageObject","inLanguage":"es","@id":"https:\/\/centrourbano.com\/revista\/#\/schema\/logo\/image\/","url":"https:\/\/centrourbano.com\/revista\/wp-content\/uploads\/web_CU_logo-1.png","contentUrl":"https:\/\/centrourbano.com\/revista\/wp-content\/uploads\/web_CU_logo-1.png","width":350,"height":91,"caption":"Centro Urbano"},"image":{"@id":"https:\/\/centrourbano.com\/revista\/#\/schema\/logo\/image\/"},"sameAs":["https:\/\/www.facebook.com\/portalcentrourbano","https:\/\/x.com\/CentroUrbano","https:\/\/www.instagram.com\/centro_urbano\/","https:\/\/www.linkedin.com\/company\/centro-urbano\/","http:\/\/www.youtube.com\/user\/portalcentrourbano"]},{"@type":"Person","@id":"https:\/\/centrourbano.com\/revista\/#\/schema\/person\/97e0e5e1f84fc331e58993c6cb96c1ea","name":"Priscila D\u00edaz","image":{"@type":"ImageObject","inLanguage":"es","@id":"https:\/\/secure.gravatar.com\/avatar\/bf28a62a51d45b542a0c3fe4c31a60c3887b5037867f58a6225cbf7479b56636?s=96&d=mm&r=g","url":"https:\/\/secure.gravatar.com\/avatar\/bf28a62a51d45b542a0c3fe4c31a60c3887b5037867f58a6225cbf7479b56636?s=96&d=mm&r=g","contentUrl":"https:\/\/secure.gravatar.com\/avatar\/bf28a62a51d45b542a0c3fe4c31a60c3887b5037867f58a6225cbf7479b56636?s=96&d=mm&r=g","caption":"Priscila D\u00edaz"},"url":"https:\/\/centrourbano.com\/revista\/author\/priscila-diaz\/"}]}},"_links":{"self":[{"href":"https:\/\/centrourbano.com\/revista\/wp-json\/wp\/v2\/posts\/39792","targetHints":{"allow":["GET"]}}],"collection":[{"href":"https:\/\/centrourbano.com\/revista\/wp-json\/wp\/v2\/posts"}],"about":[{"href":"https:\/\/centrourbano.com\/revista\/wp-json\/wp\/v2\/types\/post"}],"author":[{"embeddable":true,"href":"https:\/\/centrourbano.com\/revista\/wp-json\/wp\/v2\/users\/42"}],"replies":[{"embeddable":true,"href":"https:\/\/centrourbano.com\/revista\/wp-json\/wp\/v2\/comments?post=39792"}],"version-history":[{"count":0,"href":"https:\/\/centrourbano.com\/revista\/wp-json\/wp\/v2\/posts\/39792\/revisions"}],"wp:featuredmedia":[{"embeddable":true,"href":"https:\/\/centrourbano.com\/revista\/wp-json\/wp\/v2\/media\/39813"}],"wp:attachment":[{"href":"https:\/\/centrourbano.com\/revista\/wp-json\/wp\/v2\/media?parent=39792"}],"wp:term":[{"taxonomy":"category","embeddable":true,"href":"https:\/\/centrourbano.com\/revista\/wp-json\/wp\/v2\/categories?post=39792"},{"taxonomy":"post_tag","embeddable":true,"href":"https:\/\/centrourbano.com\/revista\/wp-json\/wp\/v2\/tags?post=39792"}],"curies":[{"name":"wp","href":"https:\/\/api.w.org\/{rel}","templated":true}]}}