{"id":39712,"date":"2016-09-02T12:47:53","date_gmt":"2016-09-02T17:47:53","guid":{"rendered":"https:\/\/centrourbano.com\/?p=39712"},"modified":"2016-09-02T12:47:53","modified_gmt":"2016-09-02T17:47:53","slug":"inauguran-escuelas-indigenas-nayarit","status":"publish","type":"post","link":"https:\/\/centrourbano.com\/revista\/construccion\/inauguran-escuelas-indigenas-nayarit\/","title":{"rendered":"Inauguran escuelas ind\u00edgenas en Nayarit"},"content":{"rendered":"<p><em>Ubicadas en la colonia 3 de julio, Tepic; la inversi\u00f3n fue de 7 mdp<\/em><\/p>\n<p>&nbsp;<\/p>\n<p>El Gobernador de Nayarit, Roberto Sandoval Casta\u00f1eda, inaugur\u00f3 el Jard\u00edn de Ni\u00f1os Ne Niwe y la Escuela Primaria Huye Maitsika, con una inversi\u00f3n de 7,000,000 de pesos, para continuar con la ampliaci\u00f3n de la cobertura educativa y contribuir a la educaci\u00f3n ind\u00edgena en la colonia 3 de julio, Tepic.<\/p>\n<p>El mandatario destac\u00f3 en el encuentro con los habitantes de la zona, que el Gobierno del estado invierte en infraestructura escolar para la lograr la dignificaci\u00f3n de la educaci\u00f3n, como parte de su estrategia en materia educativa.<\/p>\n<p>Sandoval Casta\u00f1eda reiter\u00f3 que, durante su administraci\u00f3n, contin\u00faa el compromiso para que se lleven a cabo obras que repercutan en el tejido social de la comunidad.<\/p>\n<p>Detall\u00f3 que dentro del Programa General de Obra, ejercicio fiscal 2016, se tiene programada en una segunda etapa la construcci\u00f3n de dos aulas did\u00e1cticas, direcci\u00f3n-bodega en la escuela primaria reci\u00e9n inaugurada.<\/p>\n<p>Finalmente, el jefe del Ejecutivo estatal recorri\u00f3 las nuevas instalaciones, acompa\u00f1ado de los habitantes de la colonia 3 de julio.<\/p>\n","protected":false},"excerpt":{"rendered":"<p>Ubicadas en la colonia 3 de julio, Tepic; la inversi\u00f3n fue de 7 mdp &nbsp; El Gobernador de Nayarit, Roberto Sandoval Casta\u00f1eda, inaugur\u00f3 el Jard\u00edn de Ni\u00f1os Ne Niwe y la Escuela Primaria Huye Maitsika, con una inversi\u00f3n de 7,000,000 de pesos, para continuar con la ampliaci\u00f3n de la cobertura educativa y contribuir a la [&hellip;]<\/p>\n","protected":false},"author":42,"featured_media":39713,"comment_status":"open","ping_status":"closed","sticky":false,"template":"","format":"standard","meta":{"om_disable_all_campaigns":false,"inline_featured_image":false,"_monsterinsights_skip_tracking":false,"_monsterinsights_sitenote_active":false,"_monsterinsights_sitenote_note":"","_monsterinsights_sitenote_category":0,"footnotes":""},"categories":[14],"tags":[8467,8468,7930],"class_list":["post-39712","post","type-post","status-publish","format-standard","has-post-thumbnail","hentry","category-construccion","tag-escuelas-indigenas","tag-gobierno-del-estado","tag-tepic"],"yoast_head":"<!-- This site is optimized with the Yoast SEO plugin v27.4 - https:\/\/yoast.com\/product\/yoast-seo-wordpress\/ -->\n<title>Inauguran escuelas ind\u00edgenas en Nayarit -<\/title>\n<meta name=\"description\" content=\"El Gobernador de Nayarit, Roberto Sandoval Casta\u00f1eda, inaugur\u00f3 el Jard\u00edn de Ni\u00f1os Ne Niwe y la Escuela Primaria Huye Maitsika, con una inversi\u00f3n de 7,000,000 de pesos, para continuar con la ampliaci\u00f3n de la cobertura educativa y contribuir a la educaci\u00f3n ind\u00edgena en la colonia 3 de julio, Tepic.\" \/>\n<meta name=\"robots\" content=\"index, follow, max-snippet:-1, max-image-preview:large, max-video-preview:-1\" \/>\n<link rel=\"canonical\" href=\"https:\/\/centrourbano.com\/revista\/construccion\/inauguran-escuelas-indigenas-nayarit\/\" \/>\n<meta property=\"og:locale\" content=\"es_ES\" \/>\n<meta property=\"og:type\" content=\"article\" \/>\n<meta property=\"og:title\" content=\"Inauguran escuelas ind\u00edgenas en Nayarit -\" \/>\n<meta property=\"og:description\" content=\"El Gobernador de Nayarit, Roberto Sandoval Casta\u00f1eda, inaugur\u00f3 el Jard\u00edn de Ni\u00f1os Ne Niwe y la Escuela Primaria Huye Maitsika, con una inversi\u00f3n de 7,000,000 de pesos, para continuar con la ampliaci\u00f3n de la cobertura educativa y contribuir a la educaci\u00f3n ind\u00edgena en la colonia 3 de julio, Tepic.\" \/>\n<meta property=\"og:url\" content=\"https:\/\/centrourbano.com\/revista\/construccion\/inauguran-escuelas-indigenas-nayarit\/\" \/>\n<meta property=\"og:site_name\" content=\"Centro Urbano\" \/>\n<meta property=\"article:publisher\" content=\"https:\/\/www.facebook.com\/portalcentrourbano\" \/>\n<meta property=\"article:published_time\" content=\"2016-09-02T17:47:53+00:00\" \/>\n<meta property=\"og:image\" content=\"https:\/\/centrourbano.com\/revista\/wp-content\/uploads\/1472794523.jpg\" \/>\n\t<meta property=\"og:image:width\" content=\"660\" \/>\n\t<meta property=\"og:image:height\" content=\"441\" \/>\n\t<meta property=\"og:image:type\" content=\"image\/jpeg\" \/>\n<meta name=\"author\" content=\"Priscila D\u00edaz\" \/>\n<meta name=\"twitter:card\" content=\"summary_large_image\" \/>\n<meta name=\"twitter:creator\" content=\"@CentroUrbano\" \/>\n<meta name=\"twitter:site\" content=\"@CentroUrbano\" \/>\n<meta name=\"twitter:label1\" content=\"Escrito por\" \/>\n\t<meta name=\"twitter:data1\" content=\"Priscila D\u00edaz\" \/>\n\t<meta name=\"twitter:label2\" content=\"Tiempo de lectura\" \/>\n\t<meta name=\"twitter:data2\" content=\"1 minuto\" \/>\n<script type=\"application\/ld+json\" class=\"yoast-schema-graph\">{\"@context\":\"https:\\\/\\\/schema.org\",\"@graph\":[{\"@type\":\"Article\",\"@id\":\"https:\\\/\\\/centrourbano.com\\\/revista\\\/construccion\\\/inauguran-escuelas-indigenas-nayarit\\\/#article\",\"isPartOf\":{\"@id\":\"https:\\\/\\\/centrourbano.com\\\/revista\\\/construccion\\\/inauguran-escuelas-indigenas-nayarit\\\/\"},\"author\":{\"name\":\"Priscila D\u00edaz\",\"@id\":\"https:\\\/\\\/centrourbano.com\\\/revista\\\/#\\\/schema\\\/person\\\/20613dd8a7db2b263325af517bc7420c\"},\"headline\":\"Inauguran escuelas ind\u00edgenas en Nayarit\",\"datePublished\":\"2016-09-02T17:47:53+00:00\",\"mainEntityOfPage\":{\"@id\":\"https:\\\/\\\/centrourbano.com\\\/revista\\\/construccion\\\/inauguran-escuelas-indigenas-nayarit\\\/\"},\"wordCount\":196,\"commentCount\":0,\"publisher\":{\"@id\":\"https:\\\/\\\/centrourbano.com\\\/revista\\\/#organization\"},\"image\":{\"@id\":\"https:\\\/\\\/centrourbano.com\\\/revista\\\/construccion\\\/inauguran-escuelas-indigenas-nayarit\\\/#primaryimage\"},\"thumbnailUrl\":\"https:\\\/\\\/centrourbano.com\\\/revista\\\/wp-content\\\/uploads\\\/1472794523.jpg\",\"keywords\":[\"Escuelas ind\u00edgenas\",\"Gobierno del Estado\",\"Tepic\"],\"articleSection\":[\"Construcci\u00f3n\"],\"inLanguage\":\"es\",\"potentialAction\":[{\"@type\":\"CommentAction\",\"name\":\"Comment\",\"target\":[\"https:\\\/\\\/centrourbano.com\\\/revista\\\/construccion\\\/inauguran-escuelas-indigenas-nayarit\\\/#respond\"]}]},{\"@type\":\"WebPage\",\"@id\":\"https:\\\/\\\/centrourbano.com\\\/revista\\\/construccion\\\/inauguran-escuelas-indigenas-nayarit\\\/\",\"url\":\"https:\\\/\\\/centrourbano.com\\\/revista\\\/construccion\\\/inauguran-escuelas-indigenas-nayarit\\\/\",\"name\":\"Inauguran escuelas ind\u00edgenas en Nayarit -\",\"isPartOf\":{\"@id\":\"https:\\\/\\\/centrourbano.com\\\/revista\\\/#website\"},\"primaryImageOfPage\":{\"@id\":\"https:\\\/\\\/centrourbano.com\\\/revista\\\/construccion\\\/inauguran-escuelas-indigenas-nayarit\\\/#primaryimage\"},\"image\":{\"@id\":\"https:\\\/\\\/centrourbano.com\\\/revista\\\/construccion\\\/inauguran-escuelas-indigenas-nayarit\\\/#primaryimage\"},\"thumbnailUrl\":\"https:\\\/\\\/centrourbano.com\\\/revista\\\/wp-content\\\/uploads\\\/1472794523.jpg\",\"datePublished\":\"2016-09-02T17:47:53+00:00\",\"description\":\"El Gobernador de Nayarit, Roberto Sandoval Casta\u00f1eda, inaugur\u00f3 el Jard\u00edn de Ni\u00f1os Ne Niwe y la Escuela Primaria Huye Maitsika, con una inversi\u00f3n de 7,000,000 de pesos, para continuar con la ampliaci\u00f3n de la cobertura educativa y contribuir a la educaci\u00f3n ind\u00edgena en la colonia 3 de julio, Tepic.\",\"breadcrumb\":{\"@id\":\"https:\\\/\\\/centrourbano.com\\\/revista\\\/construccion\\\/inauguran-escuelas-indigenas-nayarit\\\/#breadcrumb\"},\"inLanguage\":\"es\",\"potentialAction\":[{\"@type\":\"ReadAction\",\"target\":[\"https:\\\/\\\/centrourbano.com\\\/revista\\\/construccion\\\/inauguran-escuelas-indigenas-nayarit\\\/\"]}]},{\"@type\":\"ImageObject\",\"inLanguage\":\"es\",\"@id\":\"https:\\\/\\\/centrourbano.com\\\/revista\\\/construccion\\\/inauguran-escuelas-indigenas-nayarit\\\/#primaryimage\",\"url\":\"https:\\\/\\\/centrourbano.com\\\/revista\\\/wp-content\\\/uploads\\\/1472794523.jpg\",\"contentUrl\":\"https:\\\/\\\/centrourbano.com\\\/revista\\\/wp-content\\\/uploads\\\/1472794523.jpg\",\"width\":660,\"height\":441,\"caption\":\"Ubicadas en la colonia 3 de julio, Tepic; la inversi\u00f3n fue de 7 mdp\"},{\"@type\":\"BreadcrumbList\",\"@id\":\"https:\\\/\\\/centrourbano.com\\\/revista\\\/construccion\\\/inauguran-escuelas-indigenas-nayarit\\\/#breadcrumb\",\"itemListElement\":[{\"@type\":\"ListItem\",\"position\":1,\"name\":\"Portada\",\"item\":\"https:\\\/\\\/centrourbano.com\\\/revista\\\/\"},{\"@type\":\"ListItem\",\"position\":2,\"name\":\"Inauguran escuelas ind\u00edgenas en Nayarit\"}]},{\"@type\":\"WebSite\",\"@id\":\"https:\\\/\\\/centrourbano.com\\\/revista\\\/#website\",\"url\":\"https:\\\/\\\/centrourbano.com\\\/revista\\\/\",\"name\":\"Centro Urbano\",\"description\":\"Medio especializado en los sectores vivienda, inmobiliario, construcci\u00f3n, arquitectura y urbanismo.\",\"publisher\":{\"@id\":\"https:\\\/\\\/centrourbano.com\\\/revista\\\/#organization\"},\"potentialAction\":[{\"@type\":\"SearchAction\",\"target\":{\"@type\":\"EntryPoint\",\"urlTemplate\":\"https:\\\/\\\/centrourbano.com\\\/revista\\\/?s={search_term_string}\"},\"query-input\":{\"@type\":\"PropertyValueSpecification\",\"valueRequired\":true,\"valueName\":\"search_term_string\"}}],\"inLanguage\":\"es\"},{\"@type\":\"Organization\",\"@id\":\"https:\\\/\\\/centrourbano.com\\\/revista\\\/#organization\",\"name\":\"Centro Urbano\",\"url\":\"https:\\\/\\\/centrourbano.com\\\/revista\\\/\",\"logo\":{\"@type\":\"ImageObject\",\"inLanguage\":\"es\",\"@id\":\"https:\\\/\\\/centrourbano.com\\\/revista\\\/#\\\/schema\\\/logo\\\/image\\\/\",\"url\":\"https:\\\/\\\/centrourbano.com\\\/revista\\\/wp-content\\\/uploads\\\/web_CU_logo-1.png\",\"contentUrl\":\"https:\\\/\\\/centrourbano.com\\\/revista\\\/wp-content\\\/uploads\\\/web_CU_logo-1.png\",\"width\":350,\"height\":91,\"caption\":\"Centro Urbano\"},\"image\":{\"@id\":\"https:\\\/\\\/centrourbano.com\\\/revista\\\/#\\\/schema\\\/logo\\\/image\\\/\"},\"sameAs\":[\"https:\\\/\\\/www.facebook.com\\\/portalcentrourbano\",\"https:\\\/\\\/x.com\\\/CentroUrbano\",\"https:\\\/\\\/www.instagram.com\\\/centro_urbano\\\/\",\"https:\\\/\\\/www.linkedin.com\\\/company\\\/centro-urbano\\\/\",\"http:\\\/\\\/www.youtube.com\\\/user\\\/portalcentrourbano\"]},{\"@type\":\"Person\",\"@id\":\"https:\\\/\\\/centrourbano.com\\\/revista\\\/#\\\/schema\\\/person\\\/20613dd8a7db2b263325af517bc7420c\",\"name\":\"Priscila D\u00edaz\",\"image\":{\"@type\":\"ImageObject\",\"inLanguage\":\"es\",\"@id\":\"https:\\\/\\\/secure.gravatar.com\\\/avatar\\\/bf28a62a51d45b542a0c3fe4c31a60c3887b5037867f58a6225cbf7479b56636?s=96&d=mm&r=g\",\"url\":\"https:\\\/\\\/secure.gravatar.com\\\/avatar\\\/bf28a62a51d45b542a0c3fe4c31a60c3887b5037867f58a6225cbf7479b56636?s=96&d=mm&r=g\",\"contentUrl\":\"https:\\\/\\\/secure.gravatar.com\\\/avatar\\\/bf28a62a51d45b542a0c3fe4c31a60c3887b5037867f58a6225cbf7479b56636?s=96&d=mm&r=g\",\"caption\":\"Priscila D\u00edaz\"},\"url\":\"https:\\\/\\\/centrourbano.com\\\/revista\\\/author\\\/priscila-diaz\\\/\"}]}<\/script>\n<!-- \/ Yoast SEO plugin. -->","yoast_head_json":{"title":"Inauguran escuelas ind\u00edgenas en Nayarit -","description":"El Gobernador de Nayarit, Roberto Sandoval Casta\u00f1eda, inaugur\u00f3 el Jard\u00edn de Ni\u00f1os Ne Niwe y la Escuela Primaria Huye Maitsika, con una inversi\u00f3n de 7,000,000 de pesos, para continuar con la ampliaci\u00f3n de la cobertura educativa y contribuir a la educaci\u00f3n ind\u00edgena en la colonia 3 de julio, Tepic.","robots":{"index":"index","follow":"follow","max-snippet":"max-snippet:-1","max-image-preview":"max-image-preview:large","max-video-preview":"max-video-preview:-1"},"canonical":"https:\/\/centrourbano.com\/revista\/construccion\/inauguran-escuelas-indigenas-nayarit\/","og_locale":"es_ES","og_type":"article","og_title":"Inauguran escuelas ind\u00edgenas en Nayarit -","og_description":"El Gobernador de Nayarit, Roberto Sandoval Casta\u00f1eda, inaugur\u00f3 el Jard\u00edn de Ni\u00f1os Ne Niwe y la Escuela Primaria Huye Maitsika, con una inversi\u00f3n de 7,000,000 de pesos, para continuar con la ampliaci\u00f3n de la cobertura educativa y contribuir a la educaci\u00f3n ind\u00edgena en la colonia 3 de julio, Tepic.","og_url":"https:\/\/centrourbano.com\/revista\/construccion\/inauguran-escuelas-indigenas-nayarit\/","og_site_name":"Centro Urbano","article_publisher":"https:\/\/www.facebook.com\/portalcentrourbano","article_published_time":"2016-09-02T17:47:53+00:00","og_image":[{"width":660,"height":441,"url":"https:\/\/centrourbano.com\/revista\/wp-content\/uploads\/1472794523.jpg","type":"image\/jpeg"}],"author":"Priscila D\u00edaz","twitter_card":"summary_large_image","twitter_creator":"@CentroUrbano","twitter_site":"@CentroUrbano","twitter_misc":{"Escrito por":"Priscila D\u00edaz","Tiempo de lectura":"1 minuto"},"schema":{"@context":"https:\/\/schema.org","@graph":[{"@type":"Article","@id":"https:\/\/centrourbano.com\/revista\/construccion\/inauguran-escuelas-indigenas-nayarit\/#article","isPartOf":{"@id":"https:\/\/centrourbano.com\/revista\/construccion\/inauguran-escuelas-indigenas-nayarit\/"},"author":{"name":"Priscila D\u00edaz","@id":"https:\/\/centrourbano.com\/revista\/#\/schema\/person\/20613dd8a7db2b263325af517bc7420c"},"headline":"Inauguran escuelas ind\u00edgenas en Nayarit","datePublished":"2016-09-02T17:47:53+00:00","mainEntityOfPage":{"@id":"https:\/\/centrourbano.com\/revista\/construccion\/inauguran-escuelas-indigenas-nayarit\/"},"wordCount":196,"commentCount":0,"publisher":{"@id":"https:\/\/centrourbano.com\/revista\/#organization"},"image":{"@id":"https:\/\/centrourbano.com\/revista\/construccion\/inauguran-escuelas-indigenas-nayarit\/#primaryimage"},"thumbnailUrl":"https:\/\/centrourbano.com\/revista\/wp-content\/uploads\/1472794523.jpg","keywords":["Escuelas ind\u00edgenas","Gobierno del Estado","Tepic"],"articleSection":["Construcci\u00f3n"],"inLanguage":"es","potentialAction":[{"@type":"CommentAction","name":"Comment","target":["https:\/\/centrourbano.com\/revista\/construccion\/inauguran-escuelas-indigenas-nayarit\/#respond"]}]},{"@type":"WebPage","@id":"https:\/\/centrourbano.com\/revista\/construccion\/inauguran-escuelas-indigenas-nayarit\/","url":"https:\/\/centrourbano.com\/revista\/construccion\/inauguran-escuelas-indigenas-nayarit\/","name":"Inauguran escuelas ind\u00edgenas en Nayarit -","isPartOf":{"@id":"https:\/\/centrourbano.com\/revista\/#website"},"primaryImageOfPage":{"@id":"https:\/\/centrourbano.com\/revista\/construccion\/inauguran-escuelas-indigenas-nayarit\/#primaryimage"},"image":{"@id":"https:\/\/centrourbano.com\/revista\/construccion\/inauguran-escuelas-indigenas-nayarit\/#primaryimage"},"thumbnailUrl":"https:\/\/centrourbano.com\/revista\/wp-content\/uploads\/1472794523.jpg","datePublished":"2016-09-02T17:47:53+00:00","description":"El Gobernador de Nayarit, Roberto Sandoval Casta\u00f1eda, inaugur\u00f3 el Jard\u00edn de Ni\u00f1os Ne Niwe y la Escuela Primaria Huye Maitsika, con una inversi\u00f3n de 7,000,000 de pesos, para continuar con la ampliaci\u00f3n de la cobertura educativa y contribuir a la educaci\u00f3n ind\u00edgena en la colonia 3 de julio, Tepic.","breadcrumb":{"@id":"https:\/\/centrourbano.com\/revista\/construccion\/inauguran-escuelas-indigenas-nayarit\/#breadcrumb"},"inLanguage":"es","potentialAction":[{"@type":"ReadAction","target":["https:\/\/centrourbano.com\/revista\/construccion\/inauguran-escuelas-indigenas-nayarit\/"]}]},{"@type":"ImageObject","inLanguage":"es","@id":"https:\/\/centrourbano.com\/revista\/construccion\/inauguran-escuelas-indigenas-nayarit\/#primaryimage","url":"https:\/\/centrourbano.com\/revista\/wp-content\/uploads\/1472794523.jpg","contentUrl":"https:\/\/centrourbano.com\/revista\/wp-content\/uploads\/1472794523.jpg","width":660,"height":441,"caption":"Ubicadas en la colonia 3 de julio, Tepic; la inversi\u00f3n fue de 7 mdp"},{"@type":"BreadcrumbList","@id":"https:\/\/centrourbano.com\/revista\/construccion\/inauguran-escuelas-indigenas-nayarit\/#breadcrumb","itemListElement":[{"@type":"ListItem","position":1,"name":"Portada","item":"https:\/\/centrourbano.com\/revista\/"},{"@type":"ListItem","position":2,"name":"Inauguran escuelas ind\u00edgenas en Nayarit"}]},{"@type":"WebSite","@id":"https:\/\/centrourbano.com\/revista\/#website","url":"https:\/\/centrourbano.com\/revista\/","name":"Centro Urbano","description":"Medio especializado en los sectores vivienda, inmobiliario, construcci\u00f3n, arquitectura y urbanismo.","publisher":{"@id":"https:\/\/centrourbano.com\/revista\/#organization"},"potentialAction":[{"@type":"SearchAction","target":{"@type":"EntryPoint","urlTemplate":"https:\/\/centrourbano.com\/revista\/?s={search_term_string}"},"query-input":{"@type":"PropertyValueSpecification","valueRequired":true,"valueName":"search_term_string"}}],"inLanguage":"es"},{"@type":"Organization","@id":"https:\/\/centrourbano.com\/revista\/#organization","name":"Centro Urbano","url":"https:\/\/centrourbano.com\/revista\/","logo":{"@type":"ImageObject","inLanguage":"es","@id":"https:\/\/centrourbano.com\/revista\/#\/schema\/logo\/image\/","url":"https:\/\/centrourbano.com\/revista\/wp-content\/uploads\/web_CU_logo-1.png","contentUrl":"https:\/\/centrourbano.com\/revista\/wp-content\/uploads\/web_CU_logo-1.png","width":350,"height":91,"caption":"Centro Urbano"},"image":{"@id":"https:\/\/centrourbano.com\/revista\/#\/schema\/logo\/image\/"},"sameAs":["https:\/\/www.facebook.com\/portalcentrourbano","https:\/\/x.com\/CentroUrbano","https:\/\/www.instagram.com\/centro_urbano\/","https:\/\/www.linkedin.com\/company\/centro-urbano\/","http:\/\/www.youtube.com\/user\/portalcentrourbano"]},{"@type":"Person","@id":"https:\/\/centrourbano.com\/revista\/#\/schema\/person\/20613dd8a7db2b263325af517bc7420c","name":"Priscila D\u00edaz","image":{"@type":"ImageObject","inLanguage":"es","@id":"https:\/\/secure.gravatar.com\/avatar\/bf28a62a51d45b542a0c3fe4c31a60c3887b5037867f58a6225cbf7479b56636?s=96&d=mm&r=g","url":"https:\/\/secure.gravatar.com\/avatar\/bf28a62a51d45b542a0c3fe4c31a60c3887b5037867f58a6225cbf7479b56636?s=96&d=mm&r=g","contentUrl":"https:\/\/secure.gravatar.com\/avatar\/bf28a62a51d45b542a0c3fe4c31a60c3887b5037867f58a6225cbf7479b56636?s=96&d=mm&r=g","caption":"Priscila D\u00edaz"},"url":"https:\/\/centrourbano.com\/revista\/author\/priscila-diaz\/"}]}},"_links":{"self":[{"href":"https:\/\/centrourbano.com\/revista\/wp-json\/wp\/v2\/posts\/39712","targetHints":{"allow":["GET"]}}],"collection":[{"href":"https:\/\/centrourbano.com\/revista\/wp-json\/wp\/v2\/posts"}],"about":[{"href":"https:\/\/centrourbano.com\/revista\/wp-json\/wp\/v2\/types\/post"}],"author":[{"embeddable":true,"href":"https:\/\/centrourbano.com\/revista\/wp-json\/wp\/v2\/users\/42"}],"replies":[{"embeddable":true,"href":"https:\/\/centrourbano.com\/revista\/wp-json\/wp\/v2\/comments?post=39712"}],"version-history":[{"count":0,"href":"https:\/\/centrourbano.com\/revista\/wp-json\/wp\/v2\/posts\/39712\/revisions"}],"wp:featuredmedia":[{"embeddable":true,"href":"https:\/\/centrourbano.com\/revista\/wp-json\/wp\/v2\/media\/39713"}],"wp:attachment":[{"href":"https:\/\/centrourbano.com\/revista\/wp-json\/wp\/v2\/media?parent=39712"}],"wp:term":[{"taxonomy":"category","embeddable":true,"href":"https:\/\/centrourbano.com\/revista\/wp-json\/wp\/v2\/categories?post=39712"},{"taxonomy":"post_tag","embeddable":true,"href":"https:\/\/centrourbano.com\/revista\/wp-json\/wp\/v2\/tags?post=39712"}],"curies":[{"name":"wp","href":"https:\/\/api.w.org\/{rel}","templated":true}]}}