{"id":39324,"date":"2016-08-26T08:57:52","date_gmt":"2016-08-26T13:57:52","guid":{"rendered":"https:\/\/centrourbano.com\/?p=39324"},"modified":"2016-08-25T17:23:03","modified_gmt":"2016-08-25T22:23:03","slug":"expo-vivienda-2016-yucatan-incluira-pabellon-lujo","status":"publish","type":"post","link":"https:\/\/centrourbano.com\/revista\/vivienda\/expo-vivienda-2016-yucatan-incluira-pabellon-lujo\/","title":{"rendered":"Expo Vivienda 2016 Yucat\u00e1n incluir\u00e1 pabell\u00f3n de lujo"},"content":{"rendered":"<p><em>Inmuebles con valor igual o superior a 1.25 mdp podr\u00e1n adquirirse en el foro comercial<\/em><!--more--><\/p>\n<p>La C\u00e1mara Nacional de la Vivienda (Canadevi) Yucat\u00e1n reagrupar\u00e1 a los expositores residenciales para ofertar en un pabell\u00f3n especial los inmuebles con valor de un mill\u00f3n 250 mil pesos o m\u00e1s, esto, en el marco de la 12a edici\u00f3n de la Expo Vivienda.<\/p>\n<p>En conferencia directivos de la C\u00e1mara encabezados por su presidente, Armando Valencia Castillo, relevaron los avances de la organizaci\u00f3n de este evento que se realizar\u00e1 del 7 al 9 de octubre de 2016 en el Centro de Convenciones Siglo XXI.<\/p>\n<p>La Expo contar\u00e1 con m\u00e1s de 100 \u00e1reas de exposici\u00f3n ocupadas por 80 empresas que ofertar\u00e1n alrededor de 7,000 viviendas de tipo econ\u00f3mico, media, residencial y residencial plus en la entidad.<\/p>\n<p>Adem\u00e1s, habr\u00e1 expo shows de proveedores de art\u00edculos diversas para el hogar, muebles y electrodom\u00e9sticos acabados y jardiner\u00eda, entre otras novedades.<\/p>\n<p>El evento se realizar\u00e1 en el Sal\u00f3n Chichen Itz\u00e1, Centro de Convenciones \u201cSiglo XXI\u201d con horarios de 10:00 a 21:00 hrs., donde adem\u00e1s, se podr\u00e1 fomentar las relaciones de negocios con los compradores, en busca de la oportunidad para hacer negocios; conocer la competencia y el movimiento comercial del mercado y conocer nuevas estrategias, innovaciones y tecnolog\u00eda.<\/p>\n<p>M\u00e9rida Residencial, es una zona exclusiva de la Expovivienda, que ser\u00e1 cobijada por los m\u00e1s de 10 a\u00f1os de experiencia del principal evento de Canadevi Yucat\u00e1n, donde se expondr\u00e1n vivienda arriba  de un mill\u00f3n 250 mil pesos.<\/p>\n<p>Los Desarrollos Habitacionales que participan en M\u00e9rida Residencial, el pabell\u00f3n residencial de Expovivienda, son empresas de reconocido trayecto constructivo que representan la oferta residencial m\u00e1s importante.<\/p>\n","protected":false},"excerpt":{"rendered":"<p>Inmuebles con valor igual o superior a 1.25 mdp podr\u00e1n adquirirse en el foro comercial<\/p>\n","protected":false},"author":28,"featured_media":39325,"comment_status":"open","ping_status":"closed","sticky":false,"template":"","format":"standard","meta":{"om_disable_all_campaigns":false,"inline_featured_image":false,"_monsterinsights_skip_tracking":false,"_monsterinsights_sitenote_active":false,"_monsterinsights_sitenote_note":"","_monsterinsights_sitenote_category":0,"footnotes":""},"categories":[12],"tags":[60],"class_list":["post-39324","post","type-post","status-publish","format-standard","has-post-thumbnail","hentry","category-vivienda","tag-vivienda-2"],"yoast_head":"<!-- This site is optimized with the Yoast SEO plugin v27.5 - https:\/\/yoast.com\/product\/yoast-seo-wordpress\/ -->\n<title>Expo Vivienda 2016 Yucat\u00e1n incluir\u00e1 pabell\u00f3n de lujo<\/title>\n<meta name=\"description\" content=\"La C\u00e1mara Nacional de la Vivienda (Canadevi) Yucat\u00e1n reagrupar\u00e1 a los expositores residenciales para ofertar en un pabell\u00f3n especial los inmuebles con valor de un mill\u00f3n 250 mil pesos o m\u00e1s, esto, en el marco de la 12a edici\u00f3n de la Expo Vivienda.\" \/>\n<meta name=\"robots\" content=\"index, follow, max-snippet:-1, max-image-preview:large, max-video-preview:-1\" \/>\n<link rel=\"canonical\" href=\"https:\/\/centrourbano.com\/revista\/vivienda\/expo-vivienda-2016-yucatan-incluira-pabellon-lujo\/\" \/>\n<meta property=\"og:locale\" content=\"es_ES\" \/>\n<meta property=\"og:type\" content=\"article\" \/>\n<meta property=\"og:title\" content=\"Expo Vivienda 2016 Yucat\u00e1n incluir\u00e1 pabell\u00f3n de lujo\" \/>\n<meta property=\"og:description\" content=\"La C\u00e1mara Nacional de la Vivienda (Canadevi) Yucat\u00e1n reagrupar\u00e1 a los expositores residenciales para ofertar en un pabell\u00f3n especial los inmuebles con valor de un mill\u00f3n 250 mil pesos o m\u00e1s, esto, en el marco de la 12a edici\u00f3n de la Expo Vivienda.\" \/>\n<meta property=\"og:url\" content=\"https:\/\/centrourbano.com\/revista\/vivienda\/expo-vivienda-2016-yucatan-incluira-pabellon-lujo\/\" \/>\n<meta property=\"og:site_name\" content=\"Centro Urbano\" \/>\n<meta property=\"article:publisher\" content=\"https:\/\/www.facebook.com\/portalcentrourbano\" \/>\n<meta property=\"article:published_time\" content=\"2016-08-26T13:57:52+00:00\" \/>\n<meta property=\"og:image\" content=\"https:\/\/centrourbano.com\/revista\/wp-content\/uploads\/ok-1-6.jpg\" \/>\n\t<meta property=\"og:image:width\" content=\"719\" \/>\n\t<meta property=\"og:image:height\" content=\"428\" \/>\n\t<meta property=\"og:image:type\" content=\"image\/jpeg\" \/>\n<meta name=\"author\" content=\"Mario V\u00e1zquez Barrios\" \/>\n<meta name=\"twitter:card\" content=\"summary_large_image\" \/>\n<meta name=\"twitter:creator\" content=\"@MarioDeNiro\" \/>\n<meta name=\"twitter:site\" content=\"@CentroUrbano\" \/>\n<meta name=\"twitter:label1\" content=\"Escrito por\" \/>\n\t<meta name=\"twitter:data1\" content=\"Mario V\u00e1zquez Barrios\" \/>\n\t<meta name=\"twitter:label2\" content=\"Tiempo de lectura\" \/>\n\t<meta name=\"twitter:data2\" content=\"1 minuto\" \/>\n<script type=\"application\/ld+json\" class=\"yoast-schema-graph\">{\"@context\":\"https:\\\/\\\/schema.org\",\"@graph\":[{\"@type\":\"Article\",\"@id\":\"https:\\\/\\\/centrourbano.com\\\/revista\\\/vivienda\\\/expo-vivienda-2016-yucatan-incluira-pabellon-lujo\\\/#article\",\"isPartOf\":{\"@id\":\"https:\\\/\\\/centrourbano.com\\\/revista\\\/vivienda\\\/expo-vivienda-2016-yucatan-incluira-pabellon-lujo\\\/\"},\"author\":{\"name\":\"Mario V\u00e1zquez Barrios\",\"@id\":\"https:\\\/\\\/centrourbano.com\\\/revista\\\/#\\\/schema\\\/person\\\/45e1c041fc3bb6068a3502be717d44df\"},\"headline\":\"Expo Vivienda 2016 Yucat\u00e1n incluir\u00e1 pabell\u00f3n de lujo\",\"datePublished\":\"2016-08-26T13:57:52+00:00\",\"mainEntityOfPage\":{\"@id\":\"https:\\\/\\\/centrourbano.com\\\/revista\\\/vivienda\\\/expo-vivienda-2016-yucatan-incluira-pabellon-lujo\\\/\"},\"wordCount\":296,\"commentCount\":0,\"publisher\":{\"@id\":\"https:\\\/\\\/centrourbano.com\\\/revista\\\/#organization\"},\"image\":{\"@id\":\"https:\\\/\\\/centrourbano.com\\\/revista\\\/vivienda\\\/expo-vivienda-2016-yucatan-incluira-pabellon-lujo\\\/#primaryimage\"},\"thumbnailUrl\":\"https:\\\/\\\/centrourbano.com\\\/revista\\\/wp-content\\\/uploads\\\/ok-1-6.jpg\",\"keywords\":[\"vivienda\"],\"articleSection\":[\"Vivienda\"],\"inLanguage\":\"es\",\"potentialAction\":[{\"@type\":\"CommentAction\",\"name\":\"Comment\",\"target\":[\"https:\\\/\\\/centrourbano.com\\\/revista\\\/vivienda\\\/expo-vivienda-2016-yucatan-incluira-pabellon-lujo\\\/#respond\"]}]},{\"@type\":\"WebPage\",\"@id\":\"https:\\\/\\\/centrourbano.com\\\/revista\\\/vivienda\\\/expo-vivienda-2016-yucatan-incluira-pabellon-lujo\\\/\",\"url\":\"https:\\\/\\\/centrourbano.com\\\/revista\\\/vivienda\\\/expo-vivienda-2016-yucatan-incluira-pabellon-lujo\\\/\",\"name\":\"Expo Vivienda 2016 Yucat\u00e1n incluir\u00e1 pabell\u00f3n de lujo\",\"isPartOf\":{\"@id\":\"https:\\\/\\\/centrourbano.com\\\/revista\\\/#website\"},\"primaryImageOfPage\":{\"@id\":\"https:\\\/\\\/centrourbano.com\\\/revista\\\/vivienda\\\/expo-vivienda-2016-yucatan-incluira-pabellon-lujo\\\/#primaryimage\"},\"image\":{\"@id\":\"https:\\\/\\\/centrourbano.com\\\/revista\\\/vivienda\\\/expo-vivienda-2016-yucatan-incluira-pabellon-lujo\\\/#primaryimage\"},\"thumbnailUrl\":\"https:\\\/\\\/centrourbano.com\\\/revista\\\/wp-content\\\/uploads\\\/ok-1-6.jpg\",\"datePublished\":\"2016-08-26T13:57:52+00:00\",\"description\":\"La C\u00e1mara Nacional de la Vivienda (Canadevi) Yucat\u00e1n reagrupar\u00e1 a los expositores residenciales para ofertar en un pabell\u00f3n especial los inmuebles con valor de un mill\u00f3n 250 mil pesos o m\u00e1s, esto, en el marco de la 12a edici\u00f3n de la Expo Vivienda.\",\"breadcrumb\":{\"@id\":\"https:\\\/\\\/centrourbano.com\\\/revista\\\/vivienda\\\/expo-vivienda-2016-yucatan-incluira-pabellon-lujo\\\/#breadcrumb\"},\"inLanguage\":\"es\",\"potentialAction\":[{\"@type\":\"ReadAction\",\"target\":[\"https:\\\/\\\/centrourbano.com\\\/revista\\\/vivienda\\\/expo-vivienda-2016-yucatan-incluira-pabellon-lujo\\\/\"]}]},{\"@type\":\"ImageObject\",\"inLanguage\":\"es\",\"@id\":\"https:\\\/\\\/centrourbano.com\\\/revista\\\/vivienda\\\/expo-vivienda-2016-yucatan-incluira-pabellon-lujo\\\/#primaryimage\",\"url\":\"https:\\\/\\\/centrourbano.com\\\/revista\\\/wp-content\\\/uploads\\\/ok-1-6.jpg\",\"contentUrl\":\"https:\\\/\\\/centrourbano.com\\\/revista\\\/wp-content\\\/uploads\\\/ok-1-6.jpg\",\"width\":719,\"height\":428,\"caption\":\"La C\u00e1mara Nacional de la Vivienda (Canadevi) Yucat\u00e1n reagrupar\u00e1 a los expositores residenciales para ofertar en un pabell\u00f3n especial los inmuebles con valor de un mill\u00f3n 250 mil pesos o m\u00e1s, esto, en el marco de la 12a edici\u00f3n de la Expo Vivienda.\"},{\"@type\":\"BreadcrumbList\",\"@id\":\"https:\\\/\\\/centrourbano.com\\\/revista\\\/vivienda\\\/expo-vivienda-2016-yucatan-incluira-pabellon-lujo\\\/#breadcrumb\",\"itemListElement\":[{\"@type\":\"ListItem\",\"position\":1,\"name\":\"Portada\",\"item\":\"https:\\\/\\\/centrourbano.com\\\/revista\\\/\"},{\"@type\":\"ListItem\",\"position\":2,\"name\":\"Expo Vivienda 2016 Yucat\u00e1n incluir\u00e1 pabell\u00f3n de lujo\"}]},{\"@type\":\"WebSite\",\"@id\":\"https:\\\/\\\/centrourbano.com\\\/revista\\\/#website\",\"url\":\"https:\\\/\\\/centrourbano.com\\\/revista\\\/\",\"name\":\"Centro Urbano\",\"description\":\"Medio especializado en los sectores vivienda, inmobiliario, construcci\u00f3n, arquitectura y urbanismo.\",\"publisher\":{\"@id\":\"https:\\\/\\\/centrourbano.com\\\/revista\\\/#organization\"},\"potentialAction\":[{\"@type\":\"SearchAction\",\"target\":{\"@type\":\"EntryPoint\",\"urlTemplate\":\"https:\\\/\\\/centrourbano.com\\\/revista\\\/?s={search_term_string}\"},\"query-input\":{\"@type\":\"PropertyValueSpecification\",\"valueRequired\":true,\"valueName\":\"search_term_string\"}}],\"inLanguage\":\"es\"},{\"@type\":\"Organization\",\"@id\":\"https:\\\/\\\/centrourbano.com\\\/revista\\\/#organization\",\"name\":\"Centro Urbano\",\"url\":\"https:\\\/\\\/centrourbano.com\\\/revista\\\/\",\"logo\":{\"@type\":\"ImageObject\",\"inLanguage\":\"es\",\"@id\":\"https:\\\/\\\/centrourbano.com\\\/revista\\\/#\\\/schema\\\/logo\\\/image\\\/\",\"url\":\"https:\\\/\\\/centrourbano.com\\\/revista\\\/wp-content\\\/uploads\\\/web_CU_logo-1.png\",\"contentUrl\":\"https:\\\/\\\/centrourbano.com\\\/revista\\\/wp-content\\\/uploads\\\/web_CU_logo-1.png\",\"width\":350,\"height\":91,\"caption\":\"Centro Urbano\"},\"image\":{\"@id\":\"https:\\\/\\\/centrourbano.com\\\/revista\\\/#\\\/schema\\\/logo\\\/image\\\/\"},\"sameAs\":[\"https:\\\/\\\/www.facebook.com\\\/portalcentrourbano\",\"https:\\\/\\\/x.com\\\/CentroUrbano\",\"https:\\\/\\\/www.instagram.com\\\/centro_urbano\\\/\",\"https:\\\/\\\/www.linkedin.com\\\/company\\\/centro-urbano\\\/\",\"http:\\\/\\\/www.youtube.com\\\/user\\\/portalcentrourbano\"]},{\"@type\":\"Person\",\"@id\":\"https:\\\/\\\/centrourbano.com\\\/revista\\\/#\\\/schema\\\/person\\\/45e1c041fc3bb6068a3502be717d44df\",\"name\":\"Mario V\u00e1zquez Barrios\",\"image\":{\"@type\":\"ImageObject\",\"inLanguage\":\"es\",\"@id\":\"https:\\\/\\\/secure.gravatar.com\\\/avatar\\\/347e6d9c0b04f0194ca244ba64b0fe62752d716a3a93d1713bd259eb87aad5b6?s=96&d=mm&r=g\",\"url\":\"https:\\\/\\\/secure.gravatar.com\\\/avatar\\\/347e6d9c0b04f0194ca244ba64b0fe62752d716a3a93d1713bd259eb87aad5b6?s=96&d=mm&r=g\",\"contentUrl\":\"https:\\\/\\\/secure.gravatar.com\\\/avatar\\\/347e6d9c0b04f0194ca244ba64b0fe62752d716a3a93d1713bd259eb87aad5b6?s=96&d=mm&r=g\",\"caption\":\"Mario V\u00e1zquez Barrios\"},\"description\":\"Me inici\u00e9 en El Financiero haciendo reportajes; en MegaNoticias Televisi\u00f3n fui reportero titular; en EMedios, control de calidad; y Radio 13 Noticias me acogi\u00f3 como colaborador. Me gusta encontrar en las banquetas la nota, una entrevista y el inicio de un reportaje.\",\"sameAs\":[\"https:\\\/\\\/x.com\\\/@MarioDeNiro\"],\"url\":\"https:\\\/\\\/centrourbano.com\\\/revista\\\/author\\\/mario-vazquez\\\/\"}]}<\/script>\n<!-- \/ Yoast SEO plugin. -->","yoast_head_json":{"title":"Expo Vivienda 2016 Yucat\u00e1n incluir\u00e1 pabell\u00f3n de lujo","description":"La C\u00e1mara Nacional de la Vivienda (Canadevi) Yucat\u00e1n reagrupar\u00e1 a los expositores residenciales para ofertar en un pabell\u00f3n especial los inmuebles con valor de un mill\u00f3n 250 mil pesos o m\u00e1s, esto, en el marco de la 12a edici\u00f3n de la Expo Vivienda.","robots":{"index":"index","follow":"follow","max-snippet":"max-snippet:-1","max-image-preview":"max-image-preview:large","max-video-preview":"max-video-preview:-1"},"canonical":"https:\/\/centrourbano.com\/revista\/vivienda\/expo-vivienda-2016-yucatan-incluira-pabellon-lujo\/","og_locale":"es_ES","og_type":"article","og_title":"Expo Vivienda 2016 Yucat\u00e1n incluir\u00e1 pabell\u00f3n de lujo","og_description":"La C\u00e1mara Nacional de la Vivienda (Canadevi) Yucat\u00e1n reagrupar\u00e1 a los expositores residenciales para ofertar en un pabell\u00f3n especial los inmuebles con valor de un mill\u00f3n 250 mil pesos o m\u00e1s, esto, en el marco de la 12a edici\u00f3n de la Expo Vivienda.","og_url":"https:\/\/centrourbano.com\/revista\/vivienda\/expo-vivienda-2016-yucatan-incluira-pabellon-lujo\/","og_site_name":"Centro Urbano","article_publisher":"https:\/\/www.facebook.com\/portalcentrourbano","article_published_time":"2016-08-26T13:57:52+00:00","og_image":[{"width":719,"height":428,"url":"https:\/\/centrourbano.com\/revista\/wp-content\/uploads\/ok-1-6.jpg","type":"image\/jpeg"}],"author":"Mario V\u00e1zquez Barrios","twitter_card":"summary_large_image","twitter_creator":"@MarioDeNiro","twitter_site":"@CentroUrbano","twitter_misc":{"Escrito por":"Mario V\u00e1zquez Barrios","Tiempo de lectura":"1 minuto"},"schema":{"@context":"https:\/\/schema.org","@graph":[{"@type":"Article","@id":"https:\/\/centrourbano.com\/revista\/vivienda\/expo-vivienda-2016-yucatan-incluira-pabellon-lujo\/#article","isPartOf":{"@id":"https:\/\/centrourbano.com\/revista\/vivienda\/expo-vivienda-2016-yucatan-incluira-pabellon-lujo\/"},"author":{"name":"Mario V\u00e1zquez Barrios","@id":"https:\/\/centrourbano.com\/revista\/#\/schema\/person\/45e1c041fc3bb6068a3502be717d44df"},"headline":"Expo Vivienda 2016 Yucat\u00e1n incluir\u00e1 pabell\u00f3n de lujo","datePublished":"2016-08-26T13:57:52+00:00","mainEntityOfPage":{"@id":"https:\/\/centrourbano.com\/revista\/vivienda\/expo-vivienda-2016-yucatan-incluira-pabellon-lujo\/"},"wordCount":296,"commentCount":0,"publisher":{"@id":"https:\/\/centrourbano.com\/revista\/#organization"},"image":{"@id":"https:\/\/centrourbano.com\/revista\/vivienda\/expo-vivienda-2016-yucatan-incluira-pabellon-lujo\/#primaryimage"},"thumbnailUrl":"https:\/\/centrourbano.com\/revista\/wp-content\/uploads\/ok-1-6.jpg","keywords":["vivienda"],"articleSection":["Vivienda"],"inLanguage":"es","potentialAction":[{"@type":"CommentAction","name":"Comment","target":["https:\/\/centrourbano.com\/revista\/vivienda\/expo-vivienda-2016-yucatan-incluira-pabellon-lujo\/#respond"]}]},{"@type":"WebPage","@id":"https:\/\/centrourbano.com\/revista\/vivienda\/expo-vivienda-2016-yucatan-incluira-pabellon-lujo\/","url":"https:\/\/centrourbano.com\/revista\/vivienda\/expo-vivienda-2016-yucatan-incluira-pabellon-lujo\/","name":"Expo Vivienda 2016 Yucat\u00e1n incluir\u00e1 pabell\u00f3n de lujo","isPartOf":{"@id":"https:\/\/centrourbano.com\/revista\/#website"},"primaryImageOfPage":{"@id":"https:\/\/centrourbano.com\/revista\/vivienda\/expo-vivienda-2016-yucatan-incluira-pabellon-lujo\/#primaryimage"},"image":{"@id":"https:\/\/centrourbano.com\/revista\/vivienda\/expo-vivienda-2016-yucatan-incluira-pabellon-lujo\/#primaryimage"},"thumbnailUrl":"https:\/\/centrourbano.com\/revista\/wp-content\/uploads\/ok-1-6.jpg","datePublished":"2016-08-26T13:57:52+00:00","description":"La C\u00e1mara Nacional de la Vivienda (Canadevi) Yucat\u00e1n reagrupar\u00e1 a los expositores residenciales para ofertar en un pabell\u00f3n especial los inmuebles con valor de un mill\u00f3n 250 mil pesos o m\u00e1s, esto, en el marco de la 12a edici\u00f3n de la Expo Vivienda.","breadcrumb":{"@id":"https:\/\/centrourbano.com\/revista\/vivienda\/expo-vivienda-2016-yucatan-incluira-pabellon-lujo\/#breadcrumb"},"inLanguage":"es","potentialAction":[{"@type":"ReadAction","target":["https:\/\/centrourbano.com\/revista\/vivienda\/expo-vivienda-2016-yucatan-incluira-pabellon-lujo\/"]}]},{"@type":"ImageObject","inLanguage":"es","@id":"https:\/\/centrourbano.com\/revista\/vivienda\/expo-vivienda-2016-yucatan-incluira-pabellon-lujo\/#primaryimage","url":"https:\/\/centrourbano.com\/revista\/wp-content\/uploads\/ok-1-6.jpg","contentUrl":"https:\/\/centrourbano.com\/revista\/wp-content\/uploads\/ok-1-6.jpg","width":719,"height":428,"caption":"La C\u00e1mara Nacional de la Vivienda (Canadevi) Yucat\u00e1n reagrupar\u00e1 a los expositores residenciales para ofertar en un pabell\u00f3n especial los inmuebles con valor de un mill\u00f3n 250 mil pesos o m\u00e1s, esto, en el marco de la 12a edici\u00f3n de la Expo Vivienda."},{"@type":"BreadcrumbList","@id":"https:\/\/centrourbano.com\/revista\/vivienda\/expo-vivienda-2016-yucatan-incluira-pabellon-lujo\/#breadcrumb","itemListElement":[{"@type":"ListItem","position":1,"name":"Portada","item":"https:\/\/centrourbano.com\/revista\/"},{"@type":"ListItem","position":2,"name":"Expo Vivienda 2016 Yucat\u00e1n incluir\u00e1 pabell\u00f3n de lujo"}]},{"@type":"WebSite","@id":"https:\/\/centrourbano.com\/revista\/#website","url":"https:\/\/centrourbano.com\/revista\/","name":"Centro Urbano","description":"Medio especializado en los sectores vivienda, inmobiliario, construcci\u00f3n, arquitectura y urbanismo.","publisher":{"@id":"https:\/\/centrourbano.com\/revista\/#organization"},"potentialAction":[{"@type":"SearchAction","target":{"@type":"EntryPoint","urlTemplate":"https:\/\/centrourbano.com\/revista\/?s={search_term_string}"},"query-input":{"@type":"PropertyValueSpecification","valueRequired":true,"valueName":"search_term_string"}}],"inLanguage":"es"},{"@type":"Organization","@id":"https:\/\/centrourbano.com\/revista\/#organization","name":"Centro Urbano","url":"https:\/\/centrourbano.com\/revista\/","logo":{"@type":"ImageObject","inLanguage":"es","@id":"https:\/\/centrourbano.com\/revista\/#\/schema\/logo\/image\/","url":"https:\/\/centrourbano.com\/revista\/wp-content\/uploads\/web_CU_logo-1.png","contentUrl":"https:\/\/centrourbano.com\/revista\/wp-content\/uploads\/web_CU_logo-1.png","width":350,"height":91,"caption":"Centro Urbano"},"image":{"@id":"https:\/\/centrourbano.com\/revista\/#\/schema\/logo\/image\/"},"sameAs":["https:\/\/www.facebook.com\/portalcentrourbano","https:\/\/x.com\/CentroUrbano","https:\/\/www.instagram.com\/centro_urbano\/","https:\/\/www.linkedin.com\/company\/centro-urbano\/","http:\/\/www.youtube.com\/user\/portalcentrourbano"]},{"@type":"Person","@id":"https:\/\/centrourbano.com\/revista\/#\/schema\/person\/45e1c041fc3bb6068a3502be717d44df","name":"Mario V\u00e1zquez Barrios","image":{"@type":"ImageObject","inLanguage":"es","@id":"https:\/\/secure.gravatar.com\/avatar\/347e6d9c0b04f0194ca244ba64b0fe62752d716a3a93d1713bd259eb87aad5b6?s=96&d=mm&r=g","url":"https:\/\/secure.gravatar.com\/avatar\/347e6d9c0b04f0194ca244ba64b0fe62752d716a3a93d1713bd259eb87aad5b6?s=96&d=mm&r=g","contentUrl":"https:\/\/secure.gravatar.com\/avatar\/347e6d9c0b04f0194ca244ba64b0fe62752d716a3a93d1713bd259eb87aad5b6?s=96&d=mm&r=g","caption":"Mario V\u00e1zquez Barrios"},"description":"Me inici\u00e9 en El Financiero haciendo reportajes; en MegaNoticias Televisi\u00f3n fui reportero titular; en EMedios, control de calidad; y Radio 13 Noticias me acogi\u00f3 como colaborador. Me gusta encontrar en las banquetas la nota, una entrevista y el inicio de un reportaje.","sameAs":["https:\/\/x.com\/@MarioDeNiro"],"url":"https:\/\/centrourbano.com\/revista\/author\/mario-vazquez\/"}]}},"_links":{"self":[{"href":"https:\/\/centrourbano.com\/revista\/wp-json\/wp\/v2\/posts\/39324","targetHints":{"allow":["GET"]}}],"collection":[{"href":"https:\/\/centrourbano.com\/revista\/wp-json\/wp\/v2\/posts"}],"about":[{"href":"https:\/\/centrourbano.com\/revista\/wp-json\/wp\/v2\/types\/post"}],"author":[{"embeddable":true,"href":"https:\/\/centrourbano.com\/revista\/wp-json\/wp\/v2\/users\/28"}],"replies":[{"embeddable":true,"href":"https:\/\/centrourbano.com\/revista\/wp-json\/wp\/v2\/comments?post=39324"}],"version-history":[{"count":0,"href":"https:\/\/centrourbano.com\/revista\/wp-json\/wp\/v2\/posts\/39324\/revisions"}],"wp:featuredmedia":[{"embeddable":true,"href":"https:\/\/centrourbano.com\/revista\/wp-json\/wp\/v2\/media\/39325"}],"wp:attachment":[{"href":"https:\/\/centrourbano.com\/revista\/wp-json\/wp\/v2\/media?parent=39324"}],"wp:term":[{"taxonomy":"category","embeddable":true,"href":"https:\/\/centrourbano.com\/revista\/wp-json\/wp\/v2\/categories?post=39324"},{"taxonomy":"post_tag","embeddable":true,"href":"https:\/\/centrourbano.com\/revista\/wp-json\/wp\/v2\/tags?post=39324"}],"curies":[{"name":"wp","href":"https:\/\/api.w.org\/{rel}","templated":true}]}}