{"id":39262,"date":"2016-08-24T16:14:20","date_gmt":"2016-08-24T21:14:20","guid":{"rendered":"https:\/\/centrourbano.com\/?p=39262"},"modified":"2016-08-24T16:14:20","modified_gmt":"2016-08-24T21:14:20","slug":"inauguran-planta-schneider-electric-ciudad-mexico","status":"publish","type":"post","link":"https:\/\/centrourbano.com\/revista\/construccion\/inauguran-planta-schneider-electric-ciudad-mexico\/","title":{"rendered":"Inauguran Planta Schneider Electric Ciudad de M\u00e9xico"},"content":{"rendered":"<p><em>Esta planta traer\u00e1 un inversi\u00f3n de 9.6 millones de d\u00f3lares tanto para la capital del pa\u00eds como para la Delegaci\u00f3n Iztapalapa<br \/>\n<\/em><!--more--><\/p>\n<p>El d\u00eda de ayer la Delegaci\u00f3n Iztapalapa, en coordinaci\u00f3n con la Secretaria de Desarrollo Econ\u00f3mico (Sedeco), inauguraron la Planta Schneider Electric Ciudad de M\u00e9xico, la cual ayudar\u00e1 a fomentar una econom\u00eda din\u00e1mica y equitativa en la demarcaci\u00f3n, y con ello generar mejores empleos para los iztapalapenses.<\/p>\n<p>Esta planta traer\u00e1 un inversi\u00f3n de 9.6 millones de d\u00f3lares tanto para la Ciudad de M\u00e9xico como para la Delegaci\u00f3n Iztapalapa, misma que se ver\u00e1 beneficiada con la creaci\u00f3n de 140 empleos.<\/p>\n<p>Esta Delegaci\u00f3n es un lugar id\u00f3neo para invertir en la creaci\u00f3n de nueva empresas, como es el caso de Schneider Electric, que con su puesta en marcha en esta zona suma ya 12 plantas en el pa\u00eds, lo que habla de que es una delegaci\u00f3n progresista.<\/p>\n<p>As\u00ed lo asegur\u00f3 la Jefa Delegacional, Dione Anguiano Flores, al destacar que este tipo de inversiones generar\u00e1n riqueza para la Ciudad de M\u00e9xico as\u00ed como la reactivaci\u00f3n de la econom\u00eda en esta delegaci\u00f3n, en la que habitan cerca de 2,000,000 de personas, por lo que se buscar\u00e1 crear pol\u00edticas laborales que brinden empleos de calidad para los iztapalapenses.<\/p>\n<p>Schneider Electric adoptar\u00e1 el camell\u00f3n que se encuentra en Rojo G\u00f3mez para reforestarlo y tener espacios seguros y amables con el ambiente, por lo que tambi\u00e9n tendr\u00e1n participaci\u00f3n en la segunda reforestaci\u00f3n del Cerro de la Estrella.<\/p>\n<p>El Secretario de Desarrollo Econ\u00f3mico, Salom\u00f3n Chertorivski, agradeci\u00f3 al gobierno delegacional por la colaboraci\u00f3n en materia administrativa, para realizar los tr\u00e1mites en tiempo y forma y as\u00ed poder inaugurar la Planta Schneider Electric.<\/p>\n<p>La Ciudad de M\u00e9xico ha tenido un crecimiento del 4.1% por encima del promedio nacional y lo que representa la quinta parte de la econom\u00eda, por lo que uno de los objetivo es seguir incrementando el n\u00famero de empleos.<\/p>\n","protected":false},"excerpt":{"rendered":"<p>Esta planta traer\u00e1 un inversi\u00f3n de 9.6 millones de d\u00f3lares tanto para la capital del pa\u00eds como para la Delegaci\u00f3n Iztapalapa<\/p>\n","protected":false},"author":9,"featured_media":39263,"comment_status":"open","ping_status":"closed","sticky":false,"template":"","format":"standard","meta":{"om_disable_all_campaigns":false,"inline_featured_image":false,"_monsterinsights_skip_tracking":false,"_monsterinsights_sitenote_active":false,"_monsterinsights_sitenote_note":"","_monsterinsights_sitenote_category":0,"footnotes":""},"categories":[14],"tags":[606,290,227,1842,2709],"class_list":["post-39262","post","type-post","status-publish","format-standard","has-post-thumbnail","hentry","category-construccion","tag-cdmx","tag-ciudad-de-mexico","tag-iztapalapa","tag-planta","tag-schneider-electric"],"yoast_head":"<!-- This site is optimized with the Yoast SEO plugin v27.5 - https:\/\/yoast.com\/product\/yoast-seo-wordpress\/ -->\n<title>Inauguran Planta Schneider Electric Ciudad de M\u00e9xico<\/title>\n<meta name=\"description\" content=\"Esta planta traer\u00e1 un inversi\u00f3n de 9.6 millones de d\u00f3lares tanto para la capital del pa\u00eds como para la Delegaci\u00f3n Iztapalapa\" \/>\n<meta name=\"robots\" content=\"index, follow, max-snippet:-1, max-image-preview:large, max-video-preview:-1\" \/>\n<link rel=\"canonical\" href=\"https:\/\/centrourbano.com\/revista\/construccion\/inauguran-planta-schneider-electric-ciudad-mexico\/\" \/>\n<meta property=\"og:locale\" content=\"es_ES\" \/>\n<meta property=\"og:type\" content=\"article\" \/>\n<meta property=\"og:title\" content=\"Inauguran Planta Schneider Electric Ciudad de M\u00e9xico\" \/>\n<meta property=\"og:description\" content=\"Esta planta traer\u00e1 un inversi\u00f3n de 9.6 millones de d\u00f3lares tanto para la capital del pa\u00eds como para la Delegaci\u00f3n Iztapalapa\" \/>\n<meta property=\"og:url\" content=\"https:\/\/centrourbano.com\/revista\/construccion\/inauguran-planta-schneider-electric-ciudad-mexico\/\" \/>\n<meta property=\"og:site_name\" content=\"Centro Urbano\" \/>\n<meta property=\"article:publisher\" content=\"https:\/\/www.facebook.com\/portalcentrourbano\" \/>\n<meta property=\"article:published_time\" content=\"2016-08-24T21:14:20+00:00\" \/>\n<meta property=\"og:image\" content=\"https:\/\/centrourbano.com\/revista\/wp-content\/uploads\/Inauguran-Planta-Schneider-Electric-Ciudad-de-M\u00e9xico.jpg\" \/>\n\t<meta property=\"og:image:width\" content=\"640\" \/>\n\t<meta property=\"og:image:height\" content=\"427\" \/>\n\t<meta property=\"og:image:type\" content=\"image\/jpeg\" \/>\n<meta name=\"author\" content=\"Dinorah Nava\" \/>\n<meta name=\"twitter:card\" content=\"summary_large_image\" \/>\n<meta name=\"twitter:creator\" content=\"@https:\/\/twitter.com\/Dinorah_Nava28\" \/>\n<meta name=\"twitter:site\" content=\"@CentroUrbano\" \/>\n<meta name=\"twitter:label1\" content=\"Escrito por\" \/>\n\t<meta name=\"twitter:data1\" content=\"Dinorah Nava\" \/>\n\t<meta name=\"twitter:label2\" content=\"Tiempo de lectura\" \/>\n\t<meta name=\"twitter:data2\" content=\"2 minutos\" \/>\n<script type=\"application\/ld+json\" class=\"yoast-schema-graph\">{\"@context\":\"https:\\\/\\\/schema.org\",\"@graph\":[{\"@type\":\"Article\",\"@id\":\"https:\\\/\\\/centrourbano.com\\\/revista\\\/construccion\\\/inauguran-planta-schneider-electric-ciudad-mexico\\\/#article\",\"isPartOf\":{\"@id\":\"https:\\\/\\\/centrourbano.com\\\/revista\\\/construccion\\\/inauguran-planta-schneider-electric-ciudad-mexico\\\/\"},\"author\":{\"name\":\"Dinorah Nava\",\"@id\":\"https:\\\/\\\/centrourbano.com\\\/revista\\\/#\\\/schema\\\/person\\\/baa9e569588d5544150642a11ad28b8b\"},\"headline\":\"Inauguran Planta Schneider Electric Ciudad de M\u00e9xico\",\"datePublished\":\"2016-08-24T21:14:20+00:00\",\"mainEntityOfPage\":{\"@id\":\"https:\\\/\\\/centrourbano.com\\\/revista\\\/construccion\\\/inauguran-planta-schneider-electric-ciudad-mexico\\\/\"},\"wordCount\":355,\"commentCount\":0,\"publisher\":{\"@id\":\"https:\\\/\\\/centrourbano.com\\\/revista\\\/#organization\"},\"image\":{\"@id\":\"https:\\\/\\\/centrourbano.com\\\/revista\\\/construccion\\\/inauguran-planta-schneider-electric-ciudad-mexico\\\/#primaryimage\"},\"thumbnailUrl\":\"https:\\\/\\\/centrourbano.com\\\/revista\\\/wp-content\\\/uploads\\\/Inauguran-Planta-Schneider-Electric-Ciudad-de-M\u00e9xico.jpg\",\"keywords\":[\"CDMX\",\"ciudad de M\u00e9xico\",\"Iztapalapa\",\"PLanta\",\"Schneider Electric\"],\"articleSection\":[\"Construcci\u00f3n\"],\"inLanguage\":\"es\",\"potentialAction\":[{\"@type\":\"CommentAction\",\"name\":\"Comment\",\"target\":[\"https:\\\/\\\/centrourbano.com\\\/revista\\\/construccion\\\/inauguran-planta-schneider-electric-ciudad-mexico\\\/#respond\"]}]},{\"@type\":\"WebPage\",\"@id\":\"https:\\\/\\\/centrourbano.com\\\/revista\\\/construccion\\\/inauguran-planta-schneider-electric-ciudad-mexico\\\/\",\"url\":\"https:\\\/\\\/centrourbano.com\\\/revista\\\/construccion\\\/inauguran-planta-schneider-electric-ciudad-mexico\\\/\",\"name\":\"Inauguran Planta Schneider Electric Ciudad de M\u00e9xico\",\"isPartOf\":{\"@id\":\"https:\\\/\\\/centrourbano.com\\\/revista\\\/#website\"},\"primaryImageOfPage\":{\"@id\":\"https:\\\/\\\/centrourbano.com\\\/revista\\\/construccion\\\/inauguran-planta-schneider-electric-ciudad-mexico\\\/#primaryimage\"},\"image\":{\"@id\":\"https:\\\/\\\/centrourbano.com\\\/revista\\\/construccion\\\/inauguran-planta-schneider-electric-ciudad-mexico\\\/#primaryimage\"},\"thumbnailUrl\":\"https:\\\/\\\/centrourbano.com\\\/revista\\\/wp-content\\\/uploads\\\/Inauguran-Planta-Schneider-Electric-Ciudad-de-M\u00e9xico.jpg\",\"datePublished\":\"2016-08-24T21:14:20+00:00\",\"description\":\"Esta planta traer\u00e1 un inversi\u00f3n de 9.6 millones de d\u00f3lares tanto para la capital del pa\u00eds como para la Delegaci\u00f3n Iztapalapa\",\"breadcrumb\":{\"@id\":\"https:\\\/\\\/centrourbano.com\\\/revista\\\/construccion\\\/inauguran-planta-schneider-electric-ciudad-mexico\\\/#breadcrumb\"},\"inLanguage\":\"es\",\"potentialAction\":[{\"@type\":\"ReadAction\",\"target\":[\"https:\\\/\\\/centrourbano.com\\\/revista\\\/construccion\\\/inauguran-planta-schneider-electric-ciudad-mexico\\\/\"]}]},{\"@type\":\"ImageObject\",\"inLanguage\":\"es\",\"@id\":\"https:\\\/\\\/centrourbano.com\\\/revista\\\/construccion\\\/inauguran-planta-schneider-electric-ciudad-mexico\\\/#primaryimage\",\"url\":\"https:\\\/\\\/centrourbano.com\\\/revista\\\/wp-content\\\/uploads\\\/Inauguran-Planta-Schneider-Electric-Ciudad-de-M\u00e9xico.jpg\",\"contentUrl\":\"https:\\\/\\\/centrourbano.com\\\/revista\\\/wp-content\\\/uploads\\\/Inauguran-Planta-Schneider-Electric-Ciudad-de-M\u00e9xico.jpg\",\"width\":640,\"height\":427,\"caption\":\"Esta planta traer\u00e1 un inversi\u00f3n de 9.6 millones de d\u00f3lares tanto para la capital del pa\u00eds como para la Delegaci\u00f3n Iztapalapa\"},{\"@type\":\"BreadcrumbList\",\"@id\":\"https:\\\/\\\/centrourbano.com\\\/revista\\\/construccion\\\/inauguran-planta-schneider-electric-ciudad-mexico\\\/#breadcrumb\",\"itemListElement\":[{\"@type\":\"ListItem\",\"position\":1,\"name\":\"Portada\",\"item\":\"https:\\\/\\\/centrourbano.com\\\/revista\\\/\"},{\"@type\":\"ListItem\",\"position\":2,\"name\":\"Inauguran Planta Schneider Electric Ciudad de M\u00e9xico\"}]},{\"@type\":\"WebSite\",\"@id\":\"https:\\\/\\\/centrourbano.com\\\/revista\\\/#website\",\"url\":\"https:\\\/\\\/centrourbano.com\\\/revista\\\/\",\"name\":\"Centro Urbano\",\"description\":\"Medio especializado en los sectores vivienda, inmobiliario, construcci\u00f3n, arquitectura y urbanismo.\",\"publisher\":{\"@id\":\"https:\\\/\\\/centrourbano.com\\\/revista\\\/#organization\"},\"potentialAction\":[{\"@type\":\"SearchAction\",\"target\":{\"@type\":\"EntryPoint\",\"urlTemplate\":\"https:\\\/\\\/centrourbano.com\\\/revista\\\/?s={search_term_string}\"},\"query-input\":{\"@type\":\"PropertyValueSpecification\",\"valueRequired\":true,\"valueName\":\"search_term_string\"}}],\"inLanguage\":\"es\"},{\"@type\":\"Organization\",\"@id\":\"https:\\\/\\\/centrourbano.com\\\/revista\\\/#organization\",\"name\":\"Centro Urbano\",\"url\":\"https:\\\/\\\/centrourbano.com\\\/revista\\\/\",\"logo\":{\"@type\":\"ImageObject\",\"inLanguage\":\"es\",\"@id\":\"https:\\\/\\\/centrourbano.com\\\/revista\\\/#\\\/schema\\\/logo\\\/image\\\/\",\"url\":\"https:\\\/\\\/centrourbano.com\\\/revista\\\/wp-content\\\/uploads\\\/web_CU_logo-1.png\",\"contentUrl\":\"https:\\\/\\\/centrourbano.com\\\/revista\\\/wp-content\\\/uploads\\\/web_CU_logo-1.png\",\"width\":350,\"height\":91,\"caption\":\"Centro Urbano\"},\"image\":{\"@id\":\"https:\\\/\\\/centrourbano.com\\\/revista\\\/#\\\/schema\\\/logo\\\/image\\\/\"},\"sameAs\":[\"https:\\\/\\\/www.facebook.com\\\/portalcentrourbano\",\"https:\\\/\\\/x.com\\\/CentroUrbano\",\"https:\\\/\\\/www.instagram.com\\\/centro_urbano\\\/\",\"https:\\\/\\\/www.linkedin.com\\\/company\\\/centro-urbano\\\/\",\"http:\\\/\\\/www.youtube.com\\\/user\\\/portalcentrourbano\"]},{\"@type\":\"Person\",\"@id\":\"https:\\\/\\\/centrourbano.com\\\/revista\\\/#\\\/schema\\\/person\\\/baa9e569588d5544150642a11ad28b8b\",\"name\":\"Dinorah Nava\",\"image\":{\"@type\":\"ImageObject\",\"inLanguage\":\"es\",\"@id\":\"https:\\\/\\\/secure.gravatar.com\\\/avatar\\\/f6ca6430c51d147f363940f84e1225aa4b8183885c11802cc3b042305a4ecc1a?s=96&d=mm&r=g\",\"url\":\"https:\\\/\\\/secure.gravatar.com\\\/avatar\\\/f6ca6430c51d147f363940f84e1225aa4b8183885c11802cc3b042305a4ecc1a?s=96&d=mm&r=g\",\"contentUrl\":\"https:\\\/\\\/secure.gravatar.com\\\/avatar\\\/f6ca6430c51d147f363940f84e1225aa4b8183885c11802cc3b042305a4ecc1a?s=96&d=mm&r=g\",\"caption\":\"Dinorah Nava\"},\"description\":\"Editora de Contenidos y Estrategias Digitales en Centro Urbano y Coeditora en Peri\u00f3dico Mi Casa. Egresada de la licenciatura en Comunicaci\u00f3n y Periodismo de la Facultad de Estudios Superiores Arag\u00f3n (UNAM). Amante de la edici\u00f3n y correcci\u00f3n de estilo, las redes sociales y el mundo digital. Especialista en temas son arquitectura, inmobiliario y urbanismo.\",\"sameAs\":[\"linkedin.com\\\/in\\\/dinorah-nava\",\"https:\\\/\\\/x.com\\\/https:\\\/\\\/twitter.com\\\/Dinorah_Nava28\"],\"url\":\"https:\\\/\\\/centrourbano.com\\\/revista\\\/author\\\/dinorah-nava\\\/\"}]}<\/script>\n<!-- \/ Yoast SEO plugin. -->","yoast_head_json":{"title":"Inauguran Planta Schneider Electric Ciudad de M\u00e9xico","description":"Esta planta traer\u00e1 un inversi\u00f3n de 9.6 millones de d\u00f3lares tanto para la capital del pa\u00eds como para la Delegaci\u00f3n Iztapalapa","robots":{"index":"index","follow":"follow","max-snippet":"max-snippet:-1","max-image-preview":"max-image-preview:large","max-video-preview":"max-video-preview:-1"},"canonical":"https:\/\/centrourbano.com\/revista\/construccion\/inauguran-planta-schneider-electric-ciudad-mexico\/","og_locale":"es_ES","og_type":"article","og_title":"Inauguran Planta Schneider Electric Ciudad de M\u00e9xico","og_description":"Esta planta traer\u00e1 un inversi\u00f3n de 9.6 millones de d\u00f3lares tanto para la capital del pa\u00eds como para la Delegaci\u00f3n Iztapalapa","og_url":"https:\/\/centrourbano.com\/revista\/construccion\/inauguran-planta-schneider-electric-ciudad-mexico\/","og_site_name":"Centro Urbano","article_publisher":"https:\/\/www.facebook.com\/portalcentrourbano","article_published_time":"2016-08-24T21:14:20+00:00","og_image":[{"width":640,"height":427,"url":"https:\/\/centrourbano.com\/revista\/wp-content\/uploads\/Inauguran-Planta-Schneider-Electric-Ciudad-de-M\u00e9xico.jpg","type":"image\/jpeg"}],"author":"Dinorah Nava","twitter_card":"summary_large_image","twitter_creator":"@https:\/\/twitter.com\/Dinorah_Nava28","twitter_site":"@CentroUrbano","twitter_misc":{"Escrito por":"Dinorah Nava","Tiempo de lectura":"2 minutos"},"schema":{"@context":"https:\/\/schema.org","@graph":[{"@type":"Article","@id":"https:\/\/centrourbano.com\/revista\/construccion\/inauguran-planta-schneider-electric-ciudad-mexico\/#article","isPartOf":{"@id":"https:\/\/centrourbano.com\/revista\/construccion\/inauguran-planta-schneider-electric-ciudad-mexico\/"},"author":{"name":"Dinorah Nava","@id":"https:\/\/centrourbano.com\/revista\/#\/schema\/person\/baa9e569588d5544150642a11ad28b8b"},"headline":"Inauguran Planta Schneider Electric Ciudad de M\u00e9xico","datePublished":"2016-08-24T21:14:20+00:00","mainEntityOfPage":{"@id":"https:\/\/centrourbano.com\/revista\/construccion\/inauguran-planta-schneider-electric-ciudad-mexico\/"},"wordCount":355,"commentCount":0,"publisher":{"@id":"https:\/\/centrourbano.com\/revista\/#organization"},"image":{"@id":"https:\/\/centrourbano.com\/revista\/construccion\/inauguran-planta-schneider-electric-ciudad-mexico\/#primaryimage"},"thumbnailUrl":"https:\/\/centrourbano.com\/revista\/wp-content\/uploads\/Inauguran-Planta-Schneider-Electric-Ciudad-de-M\u00e9xico.jpg","keywords":["CDMX","ciudad de M\u00e9xico","Iztapalapa","PLanta","Schneider Electric"],"articleSection":["Construcci\u00f3n"],"inLanguage":"es","potentialAction":[{"@type":"CommentAction","name":"Comment","target":["https:\/\/centrourbano.com\/revista\/construccion\/inauguran-planta-schneider-electric-ciudad-mexico\/#respond"]}]},{"@type":"WebPage","@id":"https:\/\/centrourbano.com\/revista\/construccion\/inauguran-planta-schneider-electric-ciudad-mexico\/","url":"https:\/\/centrourbano.com\/revista\/construccion\/inauguran-planta-schneider-electric-ciudad-mexico\/","name":"Inauguran Planta Schneider Electric Ciudad de M\u00e9xico","isPartOf":{"@id":"https:\/\/centrourbano.com\/revista\/#website"},"primaryImageOfPage":{"@id":"https:\/\/centrourbano.com\/revista\/construccion\/inauguran-planta-schneider-electric-ciudad-mexico\/#primaryimage"},"image":{"@id":"https:\/\/centrourbano.com\/revista\/construccion\/inauguran-planta-schneider-electric-ciudad-mexico\/#primaryimage"},"thumbnailUrl":"https:\/\/centrourbano.com\/revista\/wp-content\/uploads\/Inauguran-Planta-Schneider-Electric-Ciudad-de-M\u00e9xico.jpg","datePublished":"2016-08-24T21:14:20+00:00","description":"Esta planta traer\u00e1 un inversi\u00f3n de 9.6 millones de d\u00f3lares tanto para la capital del pa\u00eds como para la Delegaci\u00f3n Iztapalapa","breadcrumb":{"@id":"https:\/\/centrourbano.com\/revista\/construccion\/inauguran-planta-schneider-electric-ciudad-mexico\/#breadcrumb"},"inLanguage":"es","potentialAction":[{"@type":"ReadAction","target":["https:\/\/centrourbano.com\/revista\/construccion\/inauguran-planta-schneider-electric-ciudad-mexico\/"]}]},{"@type":"ImageObject","inLanguage":"es","@id":"https:\/\/centrourbano.com\/revista\/construccion\/inauguran-planta-schneider-electric-ciudad-mexico\/#primaryimage","url":"https:\/\/centrourbano.com\/revista\/wp-content\/uploads\/Inauguran-Planta-Schneider-Electric-Ciudad-de-M\u00e9xico.jpg","contentUrl":"https:\/\/centrourbano.com\/revista\/wp-content\/uploads\/Inauguran-Planta-Schneider-Electric-Ciudad-de-M\u00e9xico.jpg","width":640,"height":427,"caption":"Esta planta traer\u00e1 un inversi\u00f3n de 9.6 millones de d\u00f3lares tanto para la capital del pa\u00eds como para la Delegaci\u00f3n Iztapalapa"},{"@type":"BreadcrumbList","@id":"https:\/\/centrourbano.com\/revista\/construccion\/inauguran-planta-schneider-electric-ciudad-mexico\/#breadcrumb","itemListElement":[{"@type":"ListItem","position":1,"name":"Portada","item":"https:\/\/centrourbano.com\/revista\/"},{"@type":"ListItem","position":2,"name":"Inauguran Planta Schneider Electric Ciudad de M\u00e9xico"}]},{"@type":"WebSite","@id":"https:\/\/centrourbano.com\/revista\/#website","url":"https:\/\/centrourbano.com\/revista\/","name":"Centro Urbano","description":"Medio especializado en los sectores vivienda, inmobiliario, construcci\u00f3n, arquitectura y urbanismo.","publisher":{"@id":"https:\/\/centrourbano.com\/revista\/#organization"},"potentialAction":[{"@type":"SearchAction","target":{"@type":"EntryPoint","urlTemplate":"https:\/\/centrourbano.com\/revista\/?s={search_term_string}"},"query-input":{"@type":"PropertyValueSpecification","valueRequired":true,"valueName":"search_term_string"}}],"inLanguage":"es"},{"@type":"Organization","@id":"https:\/\/centrourbano.com\/revista\/#organization","name":"Centro Urbano","url":"https:\/\/centrourbano.com\/revista\/","logo":{"@type":"ImageObject","inLanguage":"es","@id":"https:\/\/centrourbano.com\/revista\/#\/schema\/logo\/image\/","url":"https:\/\/centrourbano.com\/revista\/wp-content\/uploads\/web_CU_logo-1.png","contentUrl":"https:\/\/centrourbano.com\/revista\/wp-content\/uploads\/web_CU_logo-1.png","width":350,"height":91,"caption":"Centro Urbano"},"image":{"@id":"https:\/\/centrourbano.com\/revista\/#\/schema\/logo\/image\/"},"sameAs":["https:\/\/www.facebook.com\/portalcentrourbano","https:\/\/x.com\/CentroUrbano","https:\/\/www.instagram.com\/centro_urbano\/","https:\/\/www.linkedin.com\/company\/centro-urbano\/","http:\/\/www.youtube.com\/user\/portalcentrourbano"]},{"@type":"Person","@id":"https:\/\/centrourbano.com\/revista\/#\/schema\/person\/baa9e569588d5544150642a11ad28b8b","name":"Dinorah Nava","image":{"@type":"ImageObject","inLanguage":"es","@id":"https:\/\/secure.gravatar.com\/avatar\/f6ca6430c51d147f363940f84e1225aa4b8183885c11802cc3b042305a4ecc1a?s=96&d=mm&r=g","url":"https:\/\/secure.gravatar.com\/avatar\/f6ca6430c51d147f363940f84e1225aa4b8183885c11802cc3b042305a4ecc1a?s=96&d=mm&r=g","contentUrl":"https:\/\/secure.gravatar.com\/avatar\/f6ca6430c51d147f363940f84e1225aa4b8183885c11802cc3b042305a4ecc1a?s=96&d=mm&r=g","caption":"Dinorah Nava"},"description":"Editora de Contenidos y Estrategias Digitales en Centro Urbano y Coeditora en Peri\u00f3dico Mi Casa. Egresada de la licenciatura en Comunicaci\u00f3n y Periodismo de la Facultad de Estudios Superiores Arag\u00f3n (UNAM). Amante de la edici\u00f3n y correcci\u00f3n de estilo, las redes sociales y el mundo digital. Especialista en temas son arquitectura, inmobiliario y urbanismo.","sameAs":["linkedin.com\/in\/dinorah-nava","https:\/\/x.com\/https:\/\/twitter.com\/Dinorah_Nava28"],"url":"https:\/\/centrourbano.com\/revista\/author\/dinorah-nava\/"}]}},"_links":{"self":[{"href":"https:\/\/centrourbano.com\/revista\/wp-json\/wp\/v2\/posts\/39262","targetHints":{"allow":["GET"]}}],"collection":[{"href":"https:\/\/centrourbano.com\/revista\/wp-json\/wp\/v2\/posts"}],"about":[{"href":"https:\/\/centrourbano.com\/revista\/wp-json\/wp\/v2\/types\/post"}],"author":[{"embeddable":true,"href":"https:\/\/centrourbano.com\/revista\/wp-json\/wp\/v2\/users\/9"}],"replies":[{"embeddable":true,"href":"https:\/\/centrourbano.com\/revista\/wp-json\/wp\/v2\/comments?post=39262"}],"version-history":[{"count":0,"href":"https:\/\/centrourbano.com\/revista\/wp-json\/wp\/v2\/posts\/39262\/revisions"}],"wp:featuredmedia":[{"embeddable":true,"href":"https:\/\/centrourbano.com\/revista\/wp-json\/wp\/v2\/media\/39263"}],"wp:attachment":[{"href":"https:\/\/centrourbano.com\/revista\/wp-json\/wp\/v2\/media?parent=39262"}],"wp:term":[{"taxonomy":"category","embeddable":true,"href":"https:\/\/centrourbano.com\/revista\/wp-json\/wp\/v2\/categories?post=39262"},{"taxonomy":"post_tag","embeddable":true,"href":"https:\/\/centrourbano.com\/revista\/wp-json\/wp\/v2\/tags?post=39262"}],"curies":[{"name":"wp","href":"https:\/\/api.w.org\/{rel}","templated":true}]}}