{"id":39255,"date":"2016-08-24T14:28:40","date_gmt":"2016-08-24T19:28:40","guid":{"rendered":"https:\/\/centrourbano.com\/?p=39255"},"modified":"2016-08-24T14:28:40","modified_gmt":"2016-08-24T19:28:40","slug":"la-nueva-agenda-urbana-rumbo-habitat-iii","status":"publish","type":"post","link":"https:\/\/centrourbano.com\/revista\/opinion\/blog-de-urbanismo\/la-nueva-agenda-urbana-rumbo-habitat-iii\/","title":{"rendered":"La Nueva Agenda Urbana Rumbo a Habitat III"},"content":{"rendered":"<p>POR SILVIA MEJ\u00cdA.<\/p>\n<p><em>Ser\u00e1 la ocasi\u00f3n para discutir una agenda que busca reafirmar nuestro compromiso global por el desarrollo urbano sostenible. <\/em><\/p>\n<p><img loading=\"lazy\" decoding=\"async\" class=\" wp-image-39257 alignleft\" src=\"https:\/\/centrourbano.com\/revista\/wp-content\/uploads\/Habitat-III.jpg\" alt=\"Habitat III\" width=\"258\" height=\"230\" srcset=\"https:\/\/centrourbano.com\/revista\/wp-content\/uploads\/Habitat-III.jpg 512w, https:\/\/centrourbano.com\/revista\/wp-content\/uploads\/Habitat-III-300x268.jpg 300w\" sizes=\"auto, (max-width: 258px) 100vw, 258px\" \/>En el mes de octubre tendr\u00e1 lugar la tercera conferencia Habitat, donde el eje de discusi\u00f3n ser\u00e1 la Nueva Agenda Urbana. Habitat es la conferencia m\u00e1s importante de las Naciones Unidas en temas de vivienda y desarrollo urbano sostenible. Se realiza cada 20 a\u00f1os y re\u00fane a representantes de todo el mundo para discutir los temas m\u00e1s urgentes en torno a las ciudades.<\/p>\n<p>La primera conferencia se llev\u00f3 a cabo en Vancouver (1976), cuando se reconoci\u00f3 el fen\u00f3meno de la r\u00e1pida urbanizaci\u00f3n y la necesidad de promover asentamientos urbanos sostenibles. Habitat II \u00a0en Estambul (1996) fue donde se reconfirmaron los compromisos de Vancouver y se adopt\u00f3 la Agenda Habitat como plan de acci\u00f3n para garantizar vivienda adecuada para todos. Habitat III, en la Ciudad de Quito, ser\u00e1 la ocasi\u00f3n para discutir la Nueva Agenda Urbana que busca reafirmar nuestro compromiso global por el desarrollo urbano sostenible.<\/p>\n<p>La Nueva Agenda Urbana es un llamado a los gobiernos locales para trabajar en los objetivos y principios que permitir\u00e1n el cambio de paradigma en el desarrollo de nuestras ciudades. Plantea una visi\u00f3n de una ciudad cuya funci\u00f3n social incluye su funci\u00f3n ecol\u00f3gica, y la garant\u00eda del derecho a la vivienda como un componente de la calidad de vida, el acceso a bienes y servicios, alimento, infraestructura, movilidad y transporte, energ\u00eda, agua. Hace adem\u00e1s referencia a la equidad de g\u00e9nero, la participaci\u00f3n de la ciudadan\u00eda en la construcci\u00f3n de ciudad y c\u00f3mo hacer frente a los retos y oportunidades del crecimiento sustentable e incluyente presente y futuro, entre otros. Es importante mencionar que la implementaci\u00f3n de esta Nueva Agenda contribuir\u00e1 a la aplicaci\u00f3n de los Objetivos del Desarrollo Sostenible, particularmente el objetivo 11.<img loading=\"lazy\" decoding=\"async\" class=\"aligncenter size-full wp-image-39256\" src=\"https:\/\/centrourbano.com\/revista\/wp-content\/uploads\/quito.jpg\" alt=\"quito\" width=\"1024\" height=\"768\" srcset=\"https:\/\/centrourbano.com\/revista\/wp-content\/uploads\/quito.jpg 1024w, https:\/\/centrourbano.com\/revista\/wp-content\/uploads\/quito-300x225.jpg 300w, https:\/\/centrourbano.com\/revista\/wp-content\/uploads\/quito-1000x750.jpg 1000w, https:\/\/centrourbano.com\/revista\/wp-content\/uploads\/quito-768x576.jpg 768w, https:\/\/centrourbano.com\/revista\/wp-content\/uploads\/quito-100x75.jpg 100w\" sizes=\"auto, (max-width: 1024px) 100vw, 1024px\" \/><\/p>\n<p>Entre los principios que establece se encuentran tres: erradicar la pobreza -garantizar los mismos derechos y oportunidades a toda la poblaci\u00f3n- ; generar econom\u00edas sustentables e inclusivas, y promover la sustentabilidad ambiental con energ\u00edas limpias, el uso eficiente del suelo y los recursos.<\/p>\n<p>Nuestro compromiso con la ciudad deber\u00e1 buscar transformar la forma en la que planeamos, financiamos, desarrollamos, gobernamos, administramos las ciudades y los asentamientos humanos, reconociendo el desarrollo urbano sostenible como elemento esencial para alcanzar prosperidad para todos. Es fundamental\u00a0 reconocer el rol del gobierno nacional en la implementaci\u00f3n de pol\u00edticas urbanas y la legislaci\u00f3n para el desarrollo sostenible, as\u00ed como las contribuciones de los gobiernos locales y la sociedad civil y adoptar estrategias de desarrollo urbano centrados en la gente, con enfoques de g\u00e9nero.<\/p>\n<p>La Nueva Agenda Urbana se est\u00e1 generando a partir de la construcci\u00f3n colectiva. La puesta en marcha de Foros Regionales, donde M\u00e9xico particip\u00f3 en dos, Toluca y Ciudad de M\u00e9xico, tuvo como resultado las declaraciones de las regiones como insumo central a este documento borrador que ser\u00e1 discutido en Quito.<\/p>\n<p>La Nueva Agenda Urbana definir\u00e1 los nuevos compromisos y obligaciones rumbo a una estrategia global\u00a0 para cambiar el paradigma de nuestras ciudades por un mejor futuro urbano para todos por las siguientes dos d\u00e9cadas. De ah\u00ed la importancia que todos participen en su elaboraci\u00f3n.<\/p>\n<p>Silvia Mej\u00eda Reza es Consultora en ONU Habitat M\u00e9xico.<\/p>\n<p><img loading=\"lazy\" decoding=\"async\" class=\"wp-image-38755 alignnone\" src=\"https:\/\/centrourbano.com\/revista\/wp-content\/uploads\/Centro-Urbano-Logo-Twitter.png\" alt=\"Centro Urbano - Logo Twitter\" width=\"26\" height=\"26\" srcset=\"https:\/\/centrourbano.com\/revista\/wp-content\/uploads\/Centro-Urbano-Logo-Twitter.png 607w, https:\/\/centrourbano.com\/revista\/wp-content\/uploads\/Centro-Urbano-Logo-Twitter-300x300.png 300w, https:\/\/centrourbano.com\/revista\/wp-content\/uploads\/Centro-Urbano-Logo-Twitter-150x150.png 150w, https:\/\/centrourbano.com\/revista\/wp-content\/uploads\/Centro-Urbano-Logo-Twitter-250x242.png 250w\" sizes=\"auto, (max-width: 26px) 100vw, 26px\" \/>@silviamreza<\/p>\n","protected":false},"excerpt":{"rendered":"<p>POR SILVIA MEJ\u00cdA. Ser\u00e1 la ocasi\u00f3n para discutir una agenda que busca reafirmar nuestro compromiso global por el desarrollo urbano sostenible. En el mes de octubre tendr\u00e1 lugar la tercera conferencia Habitat, donde el eje de discusi\u00f3n ser\u00e1 la Nueva Agenda Urbana. Habitat es la conferencia m\u00e1s importante de las Naciones Unidas en temas de [&hellip;]<\/p>\n","protected":false},"author":1,"featured_media":25895,"comment_status":"open","ping_status":"closed","sticky":false,"template":"","format":"standard","meta":{"om_disable_all_campaigns":false,"inline_featured_image":false,"_monsterinsights_skip_tracking":false,"_monsterinsights_sitenote_active":false,"_monsterinsights_sitenote_note":"","_monsterinsights_sitenote_category":0,"footnotes":""},"categories":[5817],"tags":[5325,4819,8322,2463],"class_list":["post-39255","post","type-post","status-publish","format-standard","has-post-thumbnail","hentry","category-blog-de-urbanismo","tag-desarrollo-urbano-sostenible","tag-habitat-iii","tag-nueva-agenda-urbana","tag-quito"],"yoast_head":"<!-- This site is optimized with the Yoast SEO plugin v27.5 - https:\/\/yoast.com\/product\/yoast-seo-wordpress\/ -->\n<title>La Nueva Agenda Urbana Rumbo a Habitat III -<\/title>\n<meta name=\"description\" content=\"POR SILVIA MEJ\u00cdA. Ser\u00e1 la ocasi\u00f3n para discutir una agenda que busca reafirmar nuestro compromiso global por el desarrollo urbano sostenible. En el mes de\" \/>\n<meta name=\"robots\" content=\"index, follow, max-snippet:-1, max-image-preview:large, max-video-preview:-1\" \/>\n<link rel=\"canonical\" href=\"https:\/\/centrourbano.com\/revista\/opinion\/blog-de-urbanismo\/la-nueva-agenda-urbana-rumbo-habitat-iii\/\" \/>\n<meta property=\"og:locale\" content=\"es_ES\" \/>\n<meta property=\"og:type\" content=\"article\" \/>\n<meta property=\"og:title\" content=\"La Nueva Agenda Urbana Rumbo a Habitat III -\" \/>\n<meta property=\"og:description\" content=\"POR SILVIA MEJ\u00cdA. Ser\u00e1 la ocasi\u00f3n para discutir una agenda que busca reafirmar nuestro compromiso global por el desarrollo urbano sostenible. En el mes de\" \/>\n<meta property=\"og:url\" content=\"https:\/\/centrourbano.com\/revista\/opinion\/blog-de-urbanismo\/la-nueva-agenda-urbana-rumbo-habitat-iii\/\" \/>\n<meta property=\"og:site_name\" content=\"Centro Urbano\" \/>\n<meta property=\"article:publisher\" content=\"https:\/\/www.facebook.com\/portalcentrourbano\" \/>\n<meta property=\"article:published_time\" content=\"2016-08-24T19:28:40+00:00\" \/>\n<meta property=\"og:image\" content=\"https:\/\/centrourbano.com\/revista\/wp-content\/uploads\/Silvia-bn2.png\" \/>\n\t<meta property=\"og:image:width\" content=\"800\" \/>\n\t<meta property=\"og:image:height\" content=\"600\" \/>\n\t<meta property=\"og:image:type\" content=\"image\/png\" \/>\n<meta name=\"author\" content=\"BlogCU 2022\" \/>\n<meta name=\"twitter:card\" content=\"summary_large_image\" \/>\n<meta name=\"twitter:creator\" content=\"@CentroUrbano\" \/>\n<meta name=\"twitter:site\" content=\"@CentroUrbano\" \/>\n<meta name=\"twitter:label1\" content=\"Escrito por\" \/>\n\t<meta name=\"twitter:data1\" content=\"BlogCU 2022\" \/>\n\t<meta name=\"twitter:label2\" content=\"Tiempo de lectura\" \/>\n\t<meta name=\"twitter:data2\" content=\"3 minutos\" \/>\n<script type=\"application\/ld+json\" class=\"yoast-schema-graph\">{\"@context\":\"https:\\\/\\\/schema.org\",\"@graph\":[{\"@type\":\"Article\",\"@id\":\"https:\\\/\\\/centrourbano.com\\\/revista\\\/opinion\\\/blog-de-urbanismo\\\/la-nueva-agenda-urbana-rumbo-habitat-iii\\\/#article\",\"isPartOf\":{\"@id\":\"https:\\\/\\\/centrourbano.com\\\/revista\\\/opinion\\\/blog-de-urbanismo\\\/la-nueva-agenda-urbana-rumbo-habitat-iii\\\/\"},\"author\":{\"name\":\"BlogCU 2022\",\"@id\":\"https:\\\/\\\/centrourbano.com\\\/revista\\\/#\\\/schema\\\/person\\\/fe5429a2f790d21ed026561f3309426b\"},\"headline\":\"La Nueva Agenda Urbana Rumbo a Habitat III\",\"datePublished\":\"2016-08-24T19:28:40+00:00\",\"mainEntityOfPage\":{\"@id\":\"https:\\\/\\\/centrourbano.com\\\/revista\\\/opinion\\\/blog-de-urbanismo\\\/la-nueva-agenda-urbana-rumbo-habitat-iii\\\/\"},\"wordCount\":575,\"commentCount\":0,\"publisher\":{\"@id\":\"https:\\\/\\\/centrourbano.com\\\/revista\\\/#organization\"},\"image\":{\"@id\":\"https:\\\/\\\/centrourbano.com\\\/revista\\\/opinion\\\/blog-de-urbanismo\\\/la-nueva-agenda-urbana-rumbo-habitat-iii\\\/#primaryimage\"},\"thumbnailUrl\":\"https:\\\/\\\/centrourbano.com\\\/revista\\\/wp-content\\\/uploads\\\/Silvia-bn2.png\",\"keywords\":[\"desarrollo urbano sostenible\",\"H\u00e1bitat III\",\"Nueva Agenda Urbana\",\"Quito\"],\"articleSection\":[\"Hablemos de Urbanismo\"],\"inLanguage\":\"es\",\"potentialAction\":[{\"@type\":\"CommentAction\",\"name\":\"Comment\",\"target\":[\"https:\\\/\\\/centrourbano.com\\\/revista\\\/opinion\\\/blog-de-urbanismo\\\/la-nueva-agenda-urbana-rumbo-habitat-iii\\\/#respond\"]}]},{\"@type\":\"WebPage\",\"@id\":\"https:\\\/\\\/centrourbano.com\\\/revista\\\/opinion\\\/blog-de-urbanismo\\\/la-nueva-agenda-urbana-rumbo-habitat-iii\\\/\",\"url\":\"https:\\\/\\\/centrourbano.com\\\/revista\\\/opinion\\\/blog-de-urbanismo\\\/la-nueva-agenda-urbana-rumbo-habitat-iii\\\/\",\"name\":\"La Nueva Agenda Urbana Rumbo a Habitat III -\",\"isPartOf\":{\"@id\":\"https:\\\/\\\/centrourbano.com\\\/revista\\\/#website\"},\"primaryImageOfPage\":{\"@id\":\"https:\\\/\\\/centrourbano.com\\\/revista\\\/opinion\\\/blog-de-urbanismo\\\/la-nueva-agenda-urbana-rumbo-habitat-iii\\\/#primaryimage\"},\"image\":{\"@id\":\"https:\\\/\\\/centrourbano.com\\\/revista\\\/opinion\\\/blog-de-urbanismo\\\/la-nueva-agenda-urbana-rumbo-habitat-iii\\\/#primaryimage\"},\"thumbnailUrl\":\"https:\\\/\\\/centrourbano.com\\\/revista\\\/wp-content\\\/uploads\\\/Silvia-bn2.png\",\"datePublished\":\"2016-08-24T19:28:40+00:00\",\"description\":\"POR SILVIA MEJ\u00cdA. Ser\u00e1 la ocasi\u00f3n para discutir una agenda que busca reafirmar nuestro compromiso global por el desarrollo urbano sostenible. En el mes de\",\"breadcrumb\":{\"@id\":\"https:\\\/\\\/centrourbano.com\\\/revista\\\/opinion\\\/blog-de-urbanismo\\\/la-nueva-agenda-urbana-rumbo-habitat-iii\\\/#breadcrumb\"},\"inLanguage\":\"es\",\"potentialAction\":[{\"@type\":\"ReadAction\",\"target\":[\"https:\\\/\\\/centrourbano.com\\\/revista\\\/opinion\\\/blog-de-urbanismo\\\/la-nueva-agenda-urbana-rumbo-habitat-iii\\\/\"]}]},{\"@type\":\"ImageObject\",\"inLanguage\":\"es\",\"@id\":\"https:\\\/\\\/centrourbano.com\\\/revista\\\/opinion\\\/blog-de-urbanismo\\\/la-nueva-agenda-urbana-rumbo-habitat-iii\\\/#primaryimage\",\"url\":\"https:\\\/\\\/centrourbano.com\\\/revista\\\/wp-content\\\/uploads\\\/Silvia-bn2.png\",\"contentUrl\":\"https:\\\/\\\/centrourbano.com\\\/revista\\\/wp-content\\\/uploads\\\/Silvia-bn2.png\",\"width\":800,\"height\":600},{\"@type\":\"BreadcrumbList\",\"@id\":\"https:\\\/\\\/centrourbano.com\\\/revista\\\/opinion\\\/blog-de-urbanismo\\\/la-nueva-agenda-urbana-rumbo-habitat-iii\\\/#breadcrumb\",\"itemListElement\":[{\"@type\":\"ListItem\",\"position\":1,\"name\":\"Portada\",\"item\":\"https:\\\/\\\/centrourbano.com\\\/revista\\\/\"},{\"@type\":\"ListItem\",\"position\":2,\"name\":\"La Nueva Agenda Urbana Rumbo a Habitat III\"}]},{\"@type\":\"WebSite\",\"@id\":\"https:\\\/\\\/centrourbano.com\\\/revista\\\/#website\",\"url\":\"https:\\\/\\\/centrourbano.com\\\/revista\\\/\",\"name\":\"Centro Urbano\",\"description\":\"Medio especializado en los sectores vivienda, inmobiliario, construcci\u00f3n, arquitectura y urbanismo.\",\"publisher\":{\"@id\":\"https:\\\/\\\/centrourbano.com\\\/revista\\\/#organization\"},\"potentialAction\":[{\"@type\":\"SearchAction\",\"target\":{\"@type\":\"EntryPoint\",\"urlTemplate\":\"https:\\\/\\\/centrourbano.com\\\/revista\\\/?s={search_term_string}\"},\"query-input\":{\"@type\":\"PropertyValueSpecification\",\"valueRequired\":true,\"valueName\":\"search_term_string\"}}],\"inLanguage\":\"es\"},{\"@type\":\"Organization\",\"@id\":\"https:\\\/\\\/centrourbano.com\\\/revista\\\/#organization\",\"name\":\"Centro Urbano\",\"url\":\"https:\\\/\\\/centrourbano.com\\\/revista\\\/\",\"logo\":{\"@type\":\"ImageObject\",\"inLanguage\":\"es\",\"@id\":\"https:\\\/\\\/centrourbano.com\\\/revista\\\/#\\\/schema\\\/logo\\\/image\\\/\",\"url\":\"https:\\\/\\\/centrourbano.com\\\/revista\\\/wp-content\\\/uploads\\\/web_CU_logo-1.png\",\"contentUrl\":\"https:\\\/\\\/centrourbano.com\\\/revista\\\/wp-content\\\/uploads\\\/web_CU_logo-1.png\",\"width\":350,\"height\":91,\"caption\":\"Centro Urbano\"},\"image\":{\"@id\":\"https:\\\/\\\/centrourbano.com\\\/revista\\\/#\\\/schema\\\/logo\\\/image\\\/\"},\"sameAs\":[\"https:\\\/\\\/www.facebook.com\\\/portalcentrourbano\",\"https:\\\/\\\/x.com\\\/CentroUrbano\",\"https:\\\/\\\/www.instagram.com\\\/centro_urbano\\\/\",\"https:\\\/\\\/www.linkedin.com\\\/company\\\/centro-urbano\\\/\",\"http:\\\/\\\/www.youtube.com\\\/user\\\/portalcentrourbano\"]},{\"@type\":\"Person\",\"@id\":\"https:\\\/\\\/centrourbano.com\\\/revista\\\/#\\\/schema\\\/person\\\/fe5429a2f790d21ed026561f3309426b\",\"name\":\"BlogCU 2022\",\"image\":{\"@type\":\"ImageObject\",\"inLanguage\":\"es\",\"@id\":\"https:\\\/\\\/secure.gravatar.com\\\/avatar\\\/5ec2975f6d4b1643c723f08ef135c488131c64cba4524740d438f2e04dbeacdc?s=96&d=mm&r=g\",\"url\":\"https:\\\/\\\/secure.gravatar.com\\\/avatar\\\/5ec2975f6d4b1643c723f08ef135c488131c64cba4524740d438f2e04dbeacdc?s=96&d=mm&r=g\",\"contentUrl\":\"https:\\\/\\\/secure.gravatar.com\\\/avatar\\\/5ec2975f6d4b1643c723f08ef135c488131c64cba4524740d438f2e04dbeacdc?s=96&d=mm&r=g\",\"caption\":\"BlogCU 2022\"},\"url\":\"https:\\\/\\\/centrourbano.com\\\/revista\\\/author\\\/BlogCU 2022\\\/\"}]}<\/script>\n<!-- \/ Yoast SEO plugin. -->","yoast_head_json":{"title":"La Nueva Agenda Urbana Rumbo a Habitat III -","description":"POR SILVIA MEJ\u00cdA. Ser\u00e1 la ocasi\u00f3n para discutir una agenda que busca reafirmar nuestro compromiso global por el desarrollo urbano sostenible. En el mes de","robots":{"index":"index","follow":"follow","max-snippet":"max-snippet:-1","max-image-preview":"max-image-preview:large","max-video-preview":"max-video-preview:-1"},"canonical":"https:\/\/centrourbano.com\/revista\/opinion\/blog-de-urbanismo\/la-nueva-agenda-urbana-rumbo-habitat-iii\/","og_locale":"es_ES","og_type":"article","og_title":"La Nueva Agenda Urbana Rumbo a Habitat III -","og_description":"POR SILVIA MEJ\u00cdA. Ser\u00e1 la ocasi\u00f3n para discutir una agenda que busca reafirmar nuestro compromiso global por el desarrollo urbano sostenible. En el mes de","og_url":"https:\/\/centrourbano.com\/revista\/opinion\/blog-de-urbanismo\/la-nueva-agenda-urbana-rumbo-habitat-iii\/","og_site_name":"Centro Urbano","article_publisher":"https:\/\/www.facebook.com\/portalcentrourbano","article_published_time":"2016-08-24T19:28:40+00:00","og_image":[{"width":800,"height":600,"url":"https:\/\/centrourbano.com\/revista\/wp-content\/uploads\/Silvia-bn2.png","type":"image\/png"}],"author":"BlogCU 2022","twitter_card":"summary_large_image","twitter_creator":"@CentroUrbano","twitter_site":"@CentroUrbano","twitter_misc":{"Escrito por":"BlogCU 2022","Tiempo de lectura":"3 minutos"},"schema":{"@context":"https:\/\/schema.org","@graph":[{"@type":"Article","@id":"https:\/\/centrourbano.com\/revista\/opinion\/blog-de-urbanismo\/la-nueva-agenda-urbana-rumbo-habitat-iii\/#article","isPartOf":{"@id":"https:\/\/centrourbano.com\/revista\/opinion\/blog-de-urbanismo\/la-nueva-agenda-urbana-rumbo-habitat-iii\/"},"author":{"name":"BlogCU 2022","@id":"https:\/\/centrourbano.com\/revista\/#\/schema\/person\/fe5429a2f790d21ed026561f3309426b"},"headline":"La Nueva Agenda Urbana Rumbo a Habitat III","datePublished":"2016-08-24T19:28:40+00:00","mainEntityOfPage":{"@id":"https:\/\/centrourbano.com\/revista\/opinion\/blog-de-urbanismo\/la-nueva-agenda-urbana-rumbo-habitat-iii\/"},"wordCount":575,"commentCount":0,"publisher":{"@id":"https:\/\/centrourbano.com\/revista\/#organization"},"image":{"@id":"https:\/\/centrourbano.com\/revista\/opinion\/blog-de-urbanismo\/la-nueva-agenda-urbana-rumbo-habitat-iii\/#primaryimage"},"thumbnailUrl":"https:\/\/centrourbano.com\/revista\/wp-content\/uploads\/Silvia-bn2.png","keywords":["desarrollo urbano sostenible","H\u00e1bitat III","Nueva Agenda Urbana","Quito"],"articleSection":["Hablemos de Urbanismo"],"inLanguage":"es","potentialAction":[{"@type":"CommentAction","name":"Comment","target":["https:\/\/centrourbano.com\/revista\/opinion\/blog-de-urbanismo\/la-nueva-agenda-urbana-rumbo-habitat-iii\/#respond"]}]},{"@type":"WebPage","@id":"https:\/\/centrourbano.com\/revista\/opinion\/blog-de-urbanismo\/la-nueva-agenda-urbana-rumbo-habitat-iii\/","url":"https:\/\/centrourbano.com\/revista\/opinion\/blog-de-urbanismo\/la-nueva-agenda-urbana-rumbo-habitat-iii\/","name":"La Nueva Agenda Urbana Rumbo a Habitat III -","isPartOf":{"@id":"https:\/\/centrourbano.com\/revista\/#website"},"primaryImageOfPage":{"@id":"https:\/\/centrourbano.com\/revista\/opinion\/blog-de-urbanismo\/la-nueva-agenda-urbana-rumbo-habitat-iii\/#primaryimage"},"image":{"@id":"https:\/\/centrourbano.com\/revista\/opinion\/blog-de-urbanismo\/la-nueva-agenda-urbana-rumbo-habitat-iii\/#primaryimage"},"thumbnailUrl":"https:\/\/centrourbano.com\/revista\/wp-content\/uploads\/Silvia-bn2.png","datePublished":"2016-08-24T19:28:40+00:00","description":"POR SILVIA MEJ\u00cdA. Ser\u00e1 la ocasi\u00f3n para discutir una agenda que busca reafirmar nuestro compromiso global por el desarrollo urbano sostenible. En el mes de","breadcrumb":{"@id":"https:\/\/centrourbano.com\/revista\/opinion\/blog-de-urbanismo\/la-nueva-agenda-urbana-rumbo-habitat-iii\/#breadcrumb"},"inLanguage":"es","potentialAction":[{"@type":"ReadAction","target":["https:\/\/centrourbano.com\/revista\/opinion\/blog-de-urbanismo\/la-nueva-agenda-urbana-rumbo-habitat-iii\/"]}]},{"@type":"ImageObject","inLanguage":"es","@id":"https:\/\/centrourbano.com\/revista\/opinion\/blog-de-urbanismo\/la-nueva-agenda-urbana-rumbo-habitat-iii\/#primaryimage","url":"https:\/\/centrourbano.com\/revista\/wp-content\/uploads\/Silvia-bn2.png","contentUrl":"https:\/\/centrourbano.com\/revista\/wp-content\/uploads\/Silvia-bn2.png","width":800,"height":600},{"@type":"BreadcrumbList","@id":"https:\/\/centrourbano.com\/revista\/opinion\/blog-de-urbanismo\/la-nueva-agenda-urbana-rumbo-habitat-iii\/#breadcrumb","itemListElement":[{"@type":"ListItem","position":1,"name":"Portada","item":"https:\/\/centrourbano.com\/revista\/"},{"@type":"ListItem","position":2,"name":"La Nueva Agenda Urbana Rumbo a Habitat III"}]},{"@type":"WebSite","@id":"https:\/\/centrourbano.com\/revista\/#website","url":"https:\/\/centrourbano.com\/revista\/","name":"Centro Urbano","description":"Medio especializado en los sectores vivienda, inmobiliario, construcci\u00f3n, arquitectura y urbanismo.","publisher":{"@id":"https:\/\/centrourbano.com\/revista\/#organization"},"potentialAction":[{"@type":"SearchAction","target":{"@type":"EntryPoint","urlTemplate":"https:\/\/centrourbano.com\/revista\/?s={search_term_string}"},"query-input":{"@type":"PropertyValueSpecification","valueRequired":true,"valueName":"search_term_string"}}],"inLanguage":"es"},{"@type":"Organization","@id":"https:\/\/centrourbano.com\/revista\/#organization","name":"Centro Urbano","url":"https:\/\/centrourbano.com\/revista\/","logo":{"@type":"ImageObject","inLanguage":"es","@id":"https:\/\/centrourbano.com\/revista\/#\/schema\/logo\/image\/","url":"https:\/\/centrourbano.com\/revista\/wp-content\/uploads\/web_CU_logo-1.png","contentUrl":"https:\/\/centrourbano.com\/revista\/wp-content\/uploads\/web_CU_logo-1.png","width":350,"height":91,"caption":"Centro Urbano"},"image":{"@id":"https:\/\/centrourbano.com\/revista\/#\/schema\/logo\/image\/"},"sameAs":["https:\/\/www.facebook.com\/portalcentrourbano","https:\/\/x.com\/CentroUrbano","https:\/\/www.instagram.com\/centro_urbano\/","https:\/\/www.linkedin.com\/company\/centro-urbano\/","http:\/\/www.youtube.com\/user\/portalcentrourbano"]},{"@type":"Person","@id":"https:\/\/centrourbano.com\/revista\/#\/schema\/person\/fe5429a2f790d21ed026561f3309426b","name":"BlogCU 2022","image":{"@type":"ImageObject","inLanguage":"es","@id":"https:\/\/secure.gravatar.com\/avatar\/5ec2975f6d4b1643c723f08ef135c488131c64cba4524740d438f2e04dbeacdc?s=96&d=mm&r=g","url":"https:\/\/secure.gravatar.com\/avatar\/5ec2975f6d4b1643c723f08ef135c488131c64cba4524740d438f2e04dbeacdc?s=96&d=mm&r=g","contentUrl":"https:\/\/secure.gravatar.com\/avatar\/5ec2975f6d4b1643c723f08ef135c488131c64cba4524740d438f2e04dbeacdc?s=96&d=mm&r=g","caption":"BlogCU 2022"},"url":"https:\/\/centrourbano.com\/revista\/author\/BlogCU 2022\/"}]}},"_links":{"self":[{"href":"https:\/\/centrourbano.com\/revista\/wp-json\/wp\/v2\/posts\/39255","targetHints":{"allow":["GET"]}}],"collection":[{"href":"https:\/\/centrourbano.com\/revista\/wp-json\/wp\/v2\/posts"}],"about":[{"href":"https:\/\/centrourbano.com\/revista\/wp-json\/wp\/v2\/types\/post"}],"author":[{"embeddable":true,"href":"https:\/\/centrourbano.com\/revista\/wp-json\/wp\/v2\/users\/1"}],"replies":[{"embeddable":true,"href":"https:\/\/centrourbano.com\/revista\/wp-json\/wp\/v2\/comments?post=39255"}],"version-history":[{"count":0,"href":"https:\/\/centrourbano.com\/revista\/wp-json\/wp\/v2\/posts\/39255\/revisions"}],"wp:featuredmedia":[{"embeddable":true,"href":"https:\/\/centrourbano.com\/revista\/wp-json\/wp\/v2\/media\/25895"}],"wp:attachment":[{"href":"https:\/\/centrourbano.com\/revista\/wp-json\/wp\/v2\/media?parent=39255"}],"wp:term":[{"taxonomy":"category","embeddable":true,"href":"https:\/\/centrourbano.com\/revista\/wp-json\/wp\/v2\/categories?post=39255"},{"taxonomy":"post_tag","embeddable":true,"href":"https:\/\/centrourbano.com\/revista\/wp-json\/wp\/v2\/tags?post=39255"}],"curies":[{"name":"wp","href":"https:\/\/api.w.org\/{rel}","templated":true}]}}