{"id":39106,"date":"2016-08-22T12:20:00","date_gmt":"2016-08-22T17:20:00","guid":{"rendered":"https:\/\/centrourbano.com\/?p=39106"},"modified":"2016-08-22T12:20:00","modified_gmt":"2016-08-22T17:20:00","slug":"39106-2","status":"publish","type":"post","link":"https:\/\/centrourbano.com\/revista\/reportajes\/39106-2\/","title":{"rendered":"Xochimilco renovar\u00e1 la imagen de dos de sus embarcaderos"},"content":{"rendered":"<p><em>Cuemanco y Nativitas cuentan con una inversi\u00f3n de m\u00e1s de 25 millones de pesos<br \/>\n<\/em><!--more--><\/p>\n<p>Actualmente Xochimilco es uno de los  lugares m\u00e1s emblem\u00e1ticos de la Ciudad de M\u00e9xico y del pa\u00eds, cuyos impresionantes canales han sido catalogados como Patrimonio Cultural de la Humanidad por la UNESCO. <\/p>\n<p>En este lugar existen un total de nueve embarcaderos: Cuemanco, Caltongo, Fernando Celada, Salitre, Bel\u00e9m, San Crist\u00f3bal, Zacapa, Las Flores, Nuevo Nativitas y Belem de las Flores.<\/p>\n<p>Dos de los m\u00e1s conocidos por las personas, Nativitas y Cuemanco, reciben recursos por m\u00e1s de 25 millones de pesos, los cuales son destinados para su rehabilitaci\u00f3n y mejoramiento.<\/p>\n<p>En d\u00edas pasados el jefe de Gobierno de la Cuidad de M\u00e9xico, Miguel \u00c1ngel Mancera, hizo p\u00fablico este anuncio, y destac\u00f3 que ya est\u00e1 en v\u00edas de ejecuci\u00f3n estos dos proyectos de rescate de embarcaderos. <\/p>\n<p>Asimismo, asegur\u00f3 que se llevar\u00e1n a cabo acciones de drenaje en la demarcaci\u00f3n con una inversi\u00f3n de entre 120 y 130 millones de pesos, y agreg\u00f3 que ya est\u00e1n terminando un diagn\u00f3stico de acci\u00f3n inmediata para drenaje y para el trabajo de agua en toda esa zona.<\/p>\n<p>Xochimilco significa en n\u00e1huatl \u201cEn el Campo de Flores\u201d y es el \u00fanico poblado del Valle de M\u00e9xico que tiene semejanza con lo que fueron los pueblos de la cuenca lacustre en el mundo prehisp\u00e1nico y fueron construidas bas\u00e1ndose en chinampas o islotes artificiales.<\/p>\n<p>Desde hace muchos a\u00f1os es un lugar tur\u00edstico en donde se disfrutan los recorridos por la red de canales, a bordo de trajineras o chalupas, en donde se puede deleitar de los comercios aleda\u00f1os que ofrecen todo tipo de mercanc\u00edas y servicios, desde comida, artesan\u00edas, m\u00fasica, bebidas, etc\u00e9tera. <\/p>\n<p>Adem\u00e1s, en el camino existen diversas opciones para comprar flores y plantas de ornato, ya sea en sus innumerables invernaderos o en alguno de sus 4 mercados especializados: Cuemanco, Madre Selva, San Luis Tlaxialtemalco y el mercado de Palacio de la Flor.<\/p>\n<p>El embarcadero de Cuemanco es considerado un embarcadero ecol\u00f3gico, debido a las caracter\u00edsticas del recorrido, pues atraviesa la zona ecol\u00f3gica y chinampera.<\/p>\n<p>En tanto, el embarcadero Nuevo Nativitas cuenta con un mercado de artesan\u00edas, uno de comida, m\u00f3dulo de informaci\u00f3n y taquilla, un estacionamiento y diversos restaurantes. <\/p>\n","protected":false},"excerpt":{"rendered":"<p>Cuemanco y Nativitas cuentan con una inversi\u00f3n de m\u00e1s de 25 millones de pesos<\/p>\n","protected":false},"author":9,"featured_media":39109,"comment_status":"open","ping_status":"closed","sticky":false,"template":"","format":"standard","meta":{"om_disable_all_campaigns":false,"inline_featured_image":false,"_monsterinsights_skip_tracking":false,"_monsterinsights_sitenote_active":false,"_monsterinsights_sitenote_note":"","_monsterinsights_sitenote_category":0,"footnotes":""},"categories":[16,82],"tags":[8433,3055,8431,8432,585],"class_list":["post-39106","post","type-post","status-publish","format-standard","has-post-thumbnail","hentry","category-reportajes","category-urbanismo","tag-canales","tag-cuemanco","tag-embarcaderos","tag-nativitas","tag-xochimilco"],"yoast_head":"<!-- This site is optimized with the Yoast SEO plugin v27.4 - https:\/\/yoast.com\/product\/yoast-seo-wordpress\/ -->\n<title>Xochimilco renovar\u00e1 la imagen de dos de sus embarcaderos<\/title>\n<meta name=\"description\" content=\"Cuemanco y Nativitas cuentan con una inversi\u00f3n de m\u00e1s de 25 millones de pesos\" \/>\n<meta name=\"robots\" content=\"index, follow, max-snippet:-1, max-image-preview:large, max-video-preview:-1\" \/>\n<link rel=\"canonical\" href=\"https:\/\/centrourbano.com\/revista\/reportajes\/39106-2\/\" \/>\n<meta property=\"og:locale\" content=\"es_ES\" \/>\n<meta property=\"og:type\" content=\"article\" \/>\n<meta property=\"og:title\" content=\"Xochimilco renovar\u00e1 la imagen de dos de sus embarcaderos\" \/>\n<meta property=\"og:description\" content=\"Cuemanco y Nativitas cuentan con una inversi\u00f3n de m\u00e1s de 25 millones de pesos\" \/>\n<meta property=\"og:url\" content=\"https:\/\/centrourbano.com\/revista\/reportajes\/39106-2\/\" \/>\n<meta property=\"og:site_name\" content=\"Centro Urbano\" \/>\n<meta property=\"article:publisher\" content=\"https:\/\/www.facebook.com\/portalcentrourbano\" \/>\n<meta property=\"article:published_time\" content=\"2016-08-22T17:20:00+00:00\" \/>\n<meta property=\"og:image\" content=\"https:\/\/centrourbano.com\/revista\/wp-content\/uploads\/Embarcadero-de-Cuemanco.jpg\" \/>\n\t<meta property=\"og:image:width\" content=\"849\" \/>\n\t<meta property=\"og:image:height\" content=\"477\" \/>\n\t<meta property=\"og:image:type\" content=\"image\/jpeg\" \/>\n<meta name=\"author\" content=\"Dinorah Nava\" \/>\n<meta name=\"twitter:card\" content=\"summary_large_image\" \/>\n<meta name=\"twitter:creator\" content=\"@https:\/\/twitter.com\/Dinorah_Nava28\" \/>\n<meta name=\"twitter:site\" content=\"@CentroUrbano\" \/>\n<meta name=\"twitter:label1\" content=\"Escrito por\" \/>\n\t<meta name=\"twitter:data1\" content=\"Dinorah Nava\" \/>\n\t<meta name=\"twitter:label2\" content=\"Tiempo de lectura\" \/>\n\t<meta name=\"twitter:data2\" content=\"2 minutos\" \/>\n<script type=\"application\/ld+json\" class=\"yoast-schema-graph\">{\"@context\":\"https:\\\/\\\/schema.org\",\"@graph\":[{\"@type\":\"Article\",\"@id\":\"https:\\\/\\\/centrourbano.com\\\/revista\\\/reportajes\\\/39106-2\\\/#article\",\"isPartOf\":{\"@id\":\"https:\\\/\\\/centrourbano.com\\\/revista\\\/reportajes\\\/39106-2\\\/\"},\"author\":{\"name\":\"Dinorah Nava\",\"@id\":\"https:\\\/\\\/centrourbano.com\\\/revista\\\/#\\\/schema\\\/person\\\/b45db815d96831257ba428a3d5a5fbdc\"},\"headline\":\"Xochimilco renovar\u00e1 la imagen de dos de sus embarcaderos\",\"datePublished\":\"2016-08-22T17:20:00+00:00\",\"mainEntityOfPage\":{\"@id\":\"https:\\\/\\\/centrourbano.com\\\/revista\\\/reportajes\\\/39106-2\\\/\"},\"wordCount\":409,\"commentCount\":0,\"publisher\":{\"@id\":\"https:\\\/\\\/centrourbano.com\\\/revista\\\/#organization\"},\"image\":{\"@id\":\"https:\\\/\\\/centrourbano.com\\\/revista\\\/reportajes\\\/39106-2\\\/#primaryimage\"},\"thumbnailUrl\":\"https:\\\/\\\/centrourbano.com\\\/revista\\\/wp-content\\\/uploads\\\/Embarcadero-de-Cuemanco.jpg\",\"keywords\":[\"canales\",\"Cuemanco\",\"embarcaderos\",\"Nativitas\",\"Xochimilco\"],\"articleSection\":[\"Reportajes\",\"Urbanismo\"],\"inLanguage\":\"es\",\"potentialAction\":[{\"@type\":\"CommentAction\",\"name\":\"Comment\",\"target\":[\"https:\\\/\\\/centrourbano.com\\\/revista\\\/reportajes\\\/39106-2\\\/#respond\"]}]},{\"@type\":\"WebPage\",\"@id\":\"https:\\\/\\\/centrourbano.com\\\/revista\\\/reportajes\\\/39106-2\\\/\",\"url\":\"https:\\\/\\\/centrourbano.com\\\/revista\\\/reportajes\\\/39106-2\\\/\",\"name\":\"Xochimilco renovar\u00e1 la imagen de dos de sus embarcaderos\",\"isPartOf\":{\"@id\":\"https:\\\/\\\/centrourbano.com\\\/revista\\\/#website\"},\"primaryImageOfPage\":{\"@id\":\"https:\\\/\\\/centrourbano.com\\\/revista\\\/reportajes\\\/39106-2\\\/#primaryimage\"},\"image\":{\"@id\":\"https:\\\/\\\/centrourbano.com\\\/revista\\\/reportajes\\\/39106-2\\\/#primaryimage\"},\"thumbnailUrl\":\"https:\\\/\\\/centrourbano.com\\\/revista\\\/wp-content\\\/uploads\\\/Embarcadero-de-Cuemanco.jpg\",\"datePublished\":\"2016-08-22T17:20:00+00:00\",\"description\":\"Cuemanco y Nativitas cuentan con una inversi\u00f3n de m\u00e1s de 25 millones de pesos\",\"breadcrumb\":{\"@id\":\"https:\\\/\\\/centrourbano.com\\\/revista\\\/reportajes\\\/39106-2\\\/#breadcrumb\"},\"inLanguage\":\"es\",\"potentialAction\":[{\"@type\":\"ReadAction\",\"target\":[\"https:\\\/\\\/centrourbano.com\\\/revista\\\/reportajes\\\/39106-2\\\/\"]}]},{\"@type\":\"ImageObject\",\"inLanguage\":\"es\",\"@id\":\"https:\\\/\\\/centrourbano.com\\\/revista\\\/reportajes\\\/39106-2\\\/#primaryimage\",\"url\":\"https:\\\/\\\/centrourbano.com\\\/revista\\\/wp-content\\\/uploads\\\/Embarcadero-de-Cuemanco.jpg\",\"contentUrl\":\"https:\\\/\\\/centrourbano.com\\\/revista\\\/wp-content\\\/uploads\\\/Embarcadero-de-Cuemanco.jpg\",\"width\":849,\"height\":477,\"caption\":\"Cuemanco y Nativitas cuentan con una inversi\u00f3n de m\u00e1s de 25 millones de pesos\"},{\"@type\":\"BreadcrumbList\",\"@id\":\"https:\\\/\\\/centrourbano.com\\\/revista\\\/reportajes\\\/39106-2\\\/#breadcrumb\",\"itemListElement\":[{\"@type\":\"ListItem\",\"position\":1,\"name\":\"Portada\",\"item\":\"https:\\\/\\\/centrourbano.com\\\/revista\\\/\"},{\"@type\":\"ListItem\",\"position\":2,\"name\":\"Xochimilco renovar\u00e1 la imagen de dos de sus embarcaderos\"}]},{\"@type\":\"WebSite\",\"@id\":\"https:\\\/\\\/centrourbano.com\\\/revista\\\/#website\",\"url\":\"https:\\\/\\\/centrourbano.com\\\/revista\\\/\",\"name\":\"Centro Urbano\",\"description\":\"Medio especializado en los sectores vivienda, inmobiliario, construcci\u00f3n, arquitectura y urbanismo.\",\"publisher\":{\"@id\":\"https:\\\/\\\/centrourbano.com\\\/revista\\\/#organization\"},\"potentialAction\":[{\"@type\":\"SearchAction\",\"target\":{\"@type\":\"EntryPoint\",\"urlTemplate\":\"https:\\\/\\\/centrourbano.com\\\/revista\\\/?s={search_term_string}\"},\"query-input\":{\"@type\":\"PropertyValueSpecification\",\"valueRequired\":true,\"valueName\":\"search_term_string\"}}],\"inLanguage\":\"es\"},{\"@type\":\"Organization\",\"@id\":\"https:\\\/\\\/centrourbano.com\\\/revista\\\/#organization\",\"name\":\"Centro Urbano\",\"url\":\"https:\\\/\\\/centrourbano.com\\\/revista\\\/\",\"logo\":{\"@type\":\"ImageObject\",\"inLanguage\":\"es\",\"@id\":\"https:\\\/\\\/centrourbano.com\\\/revista\\\/#\\\/schema\\\/logo\\\/image\\\/\",\"url\":\"https:\\\/\\\/centrourbano.com\\\/revista\\\/wp-content\\\/uploads\\\/web_CU_logo-1.png\",\"contentUrl\":\"https:\\\/\\\/centrourbano.com\\\/revista\\\/wp-content\\\/uploads\\\/web_CU_logo-1.png\",\"width\":350,\"height\":91,\"caption\":\"Centro Urbano\"},\"image\":{\"@id\":\"https:\\\/\\\/centrourbano.com\\\/revista\\\/#\\\/schema\\\/logo\\\/image\\\/\"},\"sameAs\":[\"https:\\\/\\\/www.facebook.com\\\/portalcentrourbano\",\"https:\\\/\\\/x.com\\\/CentroUrbano\",\"https:\\\/\\\/www.instagram.com\\\/centro_urbano\\\/\",\"https:\\\/\\\/www.linkedin.com\\\/company\\\/centro-urbano\\\/\",\"http:\\\/\\\/www.youtube.com\\\/user\\\/portalcentrourbano\"]},{\"@type\":\"Person\",\"@id\":\"https:\\\/\\\/centrourbano.com\\\/revista\\\/#\\\/schema\\\/person\\\/b45db815d96831257ba428a3d5a5fbdc\",\"name\":\"Dinorah Nava\",\"image\":{\"@type\":\"ImageObject\",\"inLanguage\":\"es\",\"@id\":\"https:\\\/\\\/secure.gravatar.com\\\/avatar\\\/f6ca6430c51d147f363940f84e1225aa4b8183885c11802cc3b042305a4ecc1a?s=96&d=mm&r=g\",\"url\":\"https:\\\/\\\/secure.gravatar.com\\\/avatar\\\/f6ca6430c51d147f363940f84e1225aa4b8183885c11802cc3b042305a4ecc1a?s=96&d=mm&r=g\",\"contentUrl\":\"https:\\\/\\\/secure.gravatar.com\\\/avatar\\\/f6ca6430c51d147f363940f84e1225aa4b8183885c11802cc3b042305a4ecc1a?s=96&d=mm&r=g\",\"caption\":\"Dinorah Nava\"},\"description\":\"Editora de Contenidos y Estrategias Digitales en Centro Urbano y Coeditora en Peri\u00f3dico Mi Casa. Egresada de la licenciatura en Comunicaci\u00f3n y Periodismo de la Facultad de Estudios Superiores Arag\u00f3n (UNAM). Amante de la edici\u00f3n y correcci\u00f3n de estilo, las redes sociales y el mundo digital. Especialista en temas son arquitectura, inmobiliario y urbanismo.\",\"sameAs\":[\"linkedin.com\\\/in\\\/dinorah-nava\",\"https:\\\/\\\/x.com\\\/https:\\\/\\\/twitter.com\\\/Dinorah_Nava28\"],\"url\":\"https:\\\/\\\/centrourbano.com\\\/revista\\\/author\\\/dinorah-nava\\\/\"}]}<\/script>\n<!-- \/ Yoast SEO plugin. -->","yoast_head_json":{"title":"Xochimilco renovar\u00e1 la imagen de dos de sus embarcaderos","description":"Cuemanco y Nativitas cuentan con una inversi\u00f3n de m\u00e1s de 25 millones de pesos","robots":{"index":"index","follow":"follow","max-snippet":"max-snippet:-1","max-image-preview":"max-image-preview:large","max-video-preview":"max-video-preview:-1"},"canonical":"https:\/\/centrourbano.com\/revista\/reportajes\/39106-2\/","og_locale":"es_ES","og_type":"article","og_title":"Xochimilco renovar\u00e1 la imagen de dos de sus embarcaderos","og_description":"Cuemanco y Nativitas cuentan con una inversi\u00f3n de m\u00e1s de 25 millones de pesos","og_url":"https:\/\/centrourbano.com\/revista\/reportajes\/39106-2\/","og_site_name":"Centro Urbano","article_publisher":"https:\/\/www.facebook.com\/portalcentrourbano","article_published_time":"2016-08-22T17:20:00+00:00","og_image":[{"width":849,"height":477,"url":"https:\/\/centrourbano.com\/revista\/wp-content\/uploads\/Embarcadero-de-Cuemanco.jpg","type":"image\/jpeg"}],"author":"Dinorah Nava","twitter_card":"summary_large_image","twitter_creator":"@https:\/\/twitter.com\/Dinorah_Nava28","twitter_site":"@CentroUrbano","twitter_misc":{"Escrito por":"Dinorah Nava","Tiempo de lectura":"2 minutos"},"schema":{"@context":"https:\/\/schema.org","@graph":[{"@type":"Article","@id":"https:\/\/centrourbano.com\/revista\/reportajes\/39106-2\/#article","isPartOf":{"@id":"https:\/\/centrourbano.com\/revista\/reportajes\/39106-2\/"},"author":{"name":"Dinorah Nava","@id":"https:\/\/centrourbano.com\/revista\/#\/schema\/person\/b45db815d96831257ba428a3d5a5fbdc"},"headline":"Xochimilco renovar\u00e1 la imagen de dos de sus embarcaderos","datePublished":"2016-08-22T17:20:00+00:00","mainEntityOfPage":{"@id":"https:\/\/centrourbano.com\/revista\/reportajes\/39106-2\/"},"wordCount":409,"commentCount":0,"publisher":{"@id":"https:\/\/centrourbano.com\/revista\/#organization"},"image":{"@id":"https:\/\/centrourbano.com\/revista\/reportajes\/39106-2\/#primaryimage"},"thumbnailUrl":"https:\/\/centrourbano.com\/revista\/wp-content\/uploads\/Embarcadero-de-Cuemanco.jpg","keywords":["canales","Cuemanco","embarcaderos","Nativitas","Xochimilco"],"articleSection":["Reportajes","Urbanismo"],"inLanguage":"es","potentialAction":[{"@type":"CommentAction","name":"Comment","target":["https:\/\/centrourbano.com\/revista\/reportajes\/39106-2\/#respond"]}]},{"@type":"WebPage","@id":"https:\/\/centrourbano.com\/revista\/reportajes\/39106-2\/","url":"https:\/\/centrourbano.com\/revista\/reportajes\/39106-2\/","name":"Xochimilco renovar\u00e1 la imagen de dos de sus embarcaderos","isPartOf":{"@id":"https:\/\/centrourbano.com\/revista\/#website"},"primaryImageOfPage":{"@id":"https:\/\/centrourbano.com\/revista\/reportajes\/39106-2\/#primaryimage"},"image":{"@id":"https:\/\/centrourbano.com\/revista\/reportajes\/39106-2\/#primaryimage"},"thumbnailUrl":"https:\/\/centrourbano.com\/revista\/wp-content\/uploads\/Embarcadero-de-Cuemanco.jpg","datePublished":"2016-08-22T17:20:00+00:00","description":"Cuemanco y Nativitas cuentan con una inversi\u00f3n de m\u00e1s de 25 millones de pesos","breadcrumb":{"@id":"https:\/\/centrourbano.com\/revista\/reportajes\/39106-2\/#breadcrumb"},"inLanguage":"es","potentialAction":[{"@type":"ReadAction","target":["https:\/\/centrourbano.com\/revista\/reportajes\/39106-2\/"]}]},{"@type":"ImageObject","inLanguage":"es","@id":"https:\/\/centrourbano.com\/revista\/reportajes\/39106-2\/#primaryimage","url":"https:\/\/centrourbano.com\/revista\/wp-content\/uploads\/Embarcadero-de-Cuemanco.jpg","contentUrl":"https:\/\/centrourbano.com\/revista\/wp-content\/uploads\/Embarcadero-de-Cuemanco.jpg","width":849,"height":477,"caption":"Cuemanco y Nativitas cuentan con una inversi\u00f3n de m\u00e1s de 25 millones de pesos"},{"@type":"BreadcrumbList","@id":"https:\/\/centrourbano.com\/revista\/reportajes\/39106-2\/#breadcrumb","itemListElement":[{"@type":"ListItem","position":1,"name":"Portada","item":"https:\/\/centrourbano.com\/revista\/"},{"@type":"ListItem","position":2,"name":"Xochimilco renovar\u00e1 la imagen de dos de sus embarcaderos"}]},{"@type":"WebSite","@id":"https:\/\/centrourbano.com\/revista\/#website","url":"https:\/\/centrourbano.com\/revista\/","name":"Centro Urbano","description":"Medio especializado en los sectores vivienda, inmobiliario, construcci\u00f3n, arquitectura y urbanismo.","publisher":{"@id":"https:\/\/centrourbano.com\/revista\/#organization"},"potentialAction":[{"@type":"SearchAction","target":{"@type":"EntryPoint","urlTemplate":"https:\/\/centrourbano.com\/revista\/?s={search_term_string}"},"query-input":{"@type":"PropertyValueSpecification","valueRequired":true,"valueName":"search_term_string"}}],"inLanguage":"es"},{"@type":"Organization","@id":"https:\/\/centrourbano.com\/revista\/#organization","name":"Centro Urbano","url":"https:\/\/centrourbano.com\/revista\/","logo":{"@type":"ImageObject","inLanguage":"es","@id":"https:\/\/centrourbano.com\/revista\/#\/schema\/logo\/image\/","url":"https:\/\/centrourbano.com\/revista\/wp-content\/uploads\/web_CU_logo-1.png","contentUrl":"https:\/\/centrourbano.com\/revista\/wp-content\/uploads\/web_CU_logo-1.png","width":350,"height":91,"caption":"Centro Urbano"},"image":{"@id":"https:\/\/centrourbano.com\/revista\/#\/schema\/logo\/image\/"},"sameAs":["https:\/\/www.facebook.com\/portalcentrourbano","https:\/\/x.com\/CentroUrbano","https:\/\/www.instagram.com\/centro_urbano\/","https:\/\/www.linkedin.com\/company\/centro-urbano\/","http:\/\/www.youtube.com\/user\/portalcentrourbano"]},{"@type":"Person","@id":"https:\/\/centrourbano.com\/revista\/#\/schema\/person\/b45db815d96831257ba428a3d5a5fbdc","name":"Dinorah Nava","image":{"@type":"ImageObject","inLanguage":"es","@id":"https:\/\/secure.gravatar.com\/avatar\/f6ca6430c51d147f363940f84e1225aa4b8183885c11802cc3b042305a4ecc1a?s=96&d=mm&r=g","url":"https:\/\/secure.gravatar.com\/avatar\/f6ca6430c51d147f363940f84e1225aa4b8183885c11802cc3b042305a4ecc1a?s=96&d=mm&r=g","contentUrl":"https:\/\/secure.gravatar.com\/avatar\/f6ca6430c51d147f363940f84e1225aa4b8183885c11802cc3b042305a4ecc1a?s=96&d=mm&r=g","caption":"Dinorah Nava"},"description":"Editora de Contenidos y Estrategias Digitales en Centro Urbano y Coeditora en Peri\u00f3dico Mi Casa. Egresada de la licenciatura en Comunicaci\u00f3n y Periodismo de la Facultad de Estudios Superiores Arag\u00f3n (UNAM). Amante de la edici\u00f3n y correcci\u00f3n de estilo, las redes sociales y el mundo digital. Especialista en temas son arquitectura, inmobiliario y urbanismo.","sameAs":["linkedin.com\/in\/dinorah-nava","https:\/\/x.com\/https:\/\/twitter.com\/Dinorah_Nava28"],"url":"https:\/\/centrourbano.com\/revista\/author\/dinorah-nava\/"}]}},"_links":{"self":[{"href":"https:\/\/centrourbano.com\/revista\/wp-json\/wp\/v2\/posts\/39106","targetHints":{"allow":["GET"]}}],"collection":[{"href":"https:\/\/centrourbano.com\/revista\/wp-json\/wp\/v2\/posts"}],"about":[{"href":"https:\/\/centrourbano.com\/revista\/wp-json\/wp\/v2\/types\/post"}],"author":[{"embeddable":true,"href":"https:\/\/centrourbano.com\/revista\/wp-json\/wp\/v2\/users\/9"}],"replies":[{"embeddable":true,"href":"https:\/\/centrourbano.com\/revista\/wp-json\/wp\/v2\/comments?post=39106"}],"version-history":[{"count":0,"href":"https:\/\/centrourbano.com\/revista\/wp-json\/wp\/v2\/posts\/39106\/revisions"}],"wp:featuredmedia":[{"embeddable":true,"href":"https:\/\/centrourbano.com\/revista\/wp-json\/wp\/v2\/media\/39109"}],"wp:attachment":[{"href":"https:\/\/centrourbano.com\/revista\/wp-json\/wp\/v2\/media?parent=39106"}],"wp:term":[{"taxonomy":"category","embeddable":true,"href":"https:\/\/centrourbano.com\/revista\/wp-json\/wp\/v2\/categories?post=39106"},{"taxonomy":"post_tag","embeddable":true,"href":"https:\/\/centrourbano.com\/revista\/wp-json\/wp\/v2\/tags?post=39106"}],"curies":[{"name":"wp","href":"https:\/\/api.w.org\/{rel}","templated":true}]}}