{"id":39067,"date":"2016-08-19T17:18:19","date_gmt":"2016-08-19T22:18:19","guid":{"rendered":"https:\/\/centrourbano.com\/?p=39067"},"modified":"2016-08-19T17:18:19","modified_gmt":"2016-08-19T22:18:19","slug":"sct-supervisa-obras-al-sur-la-ciudad","status":"publish","type":"post","link":"https:\/\/centrourbano.com\/revista\/construccion\/sct-supervisa-obras-al-sur-la-ciudad\/","title":{"rendered":"SCT supervisa obras al sur de la ciudad"},"content":{"rendered":"<p><em>El Viaducto Elevado cuenta con una inversi\u00f3n de 500 mdp, y la primera etapa de Paso Expr\u00e9s Cuernavaca de 800 mdp<\/em><\/p>\n<p><em>\u00a0<\/em><\/p>\n<p>El secretario de Comunicaciones y Transportes (SCT), Gerardo Ruiz Esparza, supervis\u00f3 las obras de la Interconexi\u00f3n Viaducto Elevado Caseta de Tlalpan &#8211; Autopista Urbana y de la primera etapa del Libramiento de Cuernavaca (Paso Expr\u00e9s),\u00a0con el prop\u00f3sito reducir los tiempos de recorrido para visitar los sitios tur\u00edsticos de Morelos y Acapulco adem\u00e1s de que con estas obras terminan m\u00e1s de 15 a\u00f1os de un tr\u00e1fico intenso.<\/p>\n<p>El Viaducto Elevado cuenta con cinco kil\u00f3metros de longitud en la autopista M\u00e9xico-Cuernavaca, ubicada en la zona de El Caminero a la Caseta de Tlalpan y con una inversi\u00f3n de 500,000,000 de pesos, adem\u00e1s de un avance de 90%, por lo que se pronostica su inauguraci\u00f3n en las pr\u00f3ximas semanas.<\/p>\n<p>Ruiz Esparza asegur\u00f3, que se trata de una de las doce vialidades dise\u00f1adas para interconectar toda la zona metropolitana con el Nuevo Aeropuerto Internacional de la Ciudad de M\u00e9xico.<\/p>\n<p>Al evento tambi\u00e9n asistier\u00f3n, el secretario de Obras de la Ciudad de M\u00e9xico, Edgar Tung\u00fc\u00ed Rodr\u00edguez, y los directores generales de Desarrollo Carretero, Carlos Bussey Sarmiento y de carreteras, Clemente Poon Hung<\/p>\n<p>Por su parte, subray\u00f3 que la primera etapa del Paso Expr\u00e9s de Cuernavaca tuvo una inversi\u00f3n de 800,000,000 de pesos y la segunda de 700, lo que suma un total de 1,500 millones de pesos, adem\u00e1s se trata de una obra que har\u00e1 sinergia con el Viaducto Elevado, porque dar\u00e1 fluidez al tr\u00e1nsito eminentemente tur\u00edstico pero tambi\u00e9n al que traslada mercanc\u00edas y bienes<\/p>\n<p>Finalmente, resalt\u00f3 que el Paso Expr\u00e9s reducir\u00e1 los costos de operaci\u00f3n vehicular y los tiempos de recorrido de 30 a 10 minutos.<\/p>\n<p>&nbsp;<\/p>\n<p>&nbsp;<\/p>\n<p>&nbsp;<\/p>\n<p>&nbsp;<\/p>\n<p>&nbsp;<\/p>\n<p>&nbsp;<\/p>\n<p>&nbsp;<\/p>\n","protected":false},"excerpt":{"rendered":"<p>El Viaducto Elevado cuenta con una inversi\u00f3n de 500 mdp, y la primera etapa de Paso Expr\u00e9s Cuernavaca de 800 mdp \u00a0 El secretario de Comunicaciones y Transportes (SCT), Gerardo Ruiz Esparza, supervis\u00f3 las obras de la Interconexi\u00f3n Viaducto Elevado Caseta de Tlalpan &#8211; Autopista Urbana y de la primera etapa del Libramiento de Cuernavaca [&hellip;]<\/p>\n","protected":false},"author":42,"featured_media":39068,"comment_status":"open","ping_status":"closed","sticky":false,"template":"","format":"standard","meta":{"om_disable_all_campaigns":false,"inline_featured_image":false,"_monsterinsights_skip_tracking":false,"_monsterinsights_sitenote_active":false,"_monsterinsights_sitenote_note":"","_monsterinsights_sitenote_category":0,"footnotes":""},"categories":[14],"tags":[8430,29,8429],"class_list":["post-39067","post","type-post","status-publish","format-standard","has-post-thumbnail","hentry","category-construccion","tag-paso-expres","tag-sct","tag-viaducto-tlalpan"],"yoast_head":"<!-- This site is optimized with the Yoast SEO plugin v27.4 - https:\/\/yoast.com\/product\/yoast-seo-wordpress\/ -->\n<title>SCT supervisa obras al sur de la ciudad -<\/title>\n<meta name=\"description\" content=\"El secretario de Comunicaciones y Transportes (SCT), Gerardo Ruiz Esparza, supervis\u00f3 las obras de la Interconexi\u00f3n Viaducto Elevado Caseta de Tlalpan - Autopista Urbana y de la primera etapa del Libramiento de Cuernavaca (Paso Expr\u00e9s), con el prop\u00f3sito reducir los tiempos de recorrido para visitar los sitios tur\u00edsticos de Morelos y Acapulco adem\u00e1s de que con estas obras terminan m\u00e1s de 15 a\u00f1os de un tr\u00e1fico intenso.\" \/>\n<meta name=\"robots\" content=\"index, follow, max-snippet:-1, max-image-preview:large, max-video-preview:-1\" \/>\n<link rel=\"canonical\" href=\"https:\/\/centrourbano.com\/revista\/construccion\/sct-supervisa-obras-al-sur-la-ciudad\/\" \/>\n<meta property=\"og:locale\" content=\"es_ES\" \/>\n<meta property=\"og:type\" content=\"article\" \/>\n<meta property=\"og:title\" content=\"SCT supervisa obras al sur de la ciudad -\" \/>\n<meta property=\"og:description\" content=\"El secretario de Comunicaciones y Transportes (SCT), Gerardo Ruiz Esparza, supervis\u00f3 las obras de la Interconexi\u00f3n Viaducto Elevado Caseta de Tlalpan - Autopista Urbana y de la primera etapa del Libramiento de Cuernavaca (Paso Expr\u00e9s), con el prop\u00f3sito reducir los tiempos de recorrido para visitar los sitios tur\u00edsticos de Morelos y Acapulco adem\u00e1s de que con estas obras terminan m\u00e1s de 15 a\u00f1os de un tr\u00e1fico intenso.\" \/>\n<meta property=\"og:url\" content=\"https:\/\/centrourbano.com\/revista\/construccion\/sct-supervisa-obras-al-sur-la-ciudad\/\" \/>\n<meta property=\"og:site_name\" content=\"Centro Urbano\" \/>\n<meta property=\"article:publisher\" content=\"https:\/\/www.facebook.com\/portalcentrourbano\" \/>\n<meta property=\"article:published_time\" content=\"2016-08-19T22:18:19+00:00\" \/>\n<meta property=\"og:image\" content=\"https:\/\/centrourbano.com\/revista\/wp-content\/uploads\/Gerardo-Ruiz-SCT.jpg\" \/>\n\t<meta property=\"og:image:width\" content=\"1144\" \/>\n\t<meta property=\"og:image:height\" content=\"768\" \/>\n\t<meta property=\"og:image:type\" content=\"image\/jpeg\" \/>\n<meta name=\"author\" content=\"Priscila D\u00edaz\" \/>\n<meta name=\"twitter:card\" content=\"summary_large_image\" \/>\n<meta name=\"twitter:creator\" content=\"@CentroUrbano\" \/>\n<meta name=\"twitter:site\" content=\"@CentroUrbano\" \/>\n<meta name=\"twitter:label1\" content=\"Escrito por\" \/>\n\t<meta name=\"twitter:data1\" content=\"Priscila D\u00edaz\" \/>\n\t<meta name=\"twitter:label2\" content=\"Tiempo de lectura\" \/>\n\t<meta name=\"twitter:data2\" content=\"2 minutos\" \/>\n<script type=\"application\/ld+json\" class=\"yoast-schema-graph\">{\"@context\":\"https:\\\/\\\/schema.org\",\"@graph\":[{\"@type\":\"Article\",\"@id\":\"https:\\\/\\\/centrourbano.com\\\/revista\\\/construccion\\\/sct-supervisa-obras-al-sur-la-ciudad\\\/#article\",\"isPartOf\":{\"@id\":\"https:\\\/\\\/centrourbano.com\\\/revista\\\/construccion\\\/sct-supervisa-obras-al-sur-la-ciudad\\\/\"},\"author\":{\"name\":\"Priscila D\u00edaz\",\"@id\":\"https:\\\/\\\/centrourbano.com\\\/revista\\\/#\\\/schema\\\/person\\\/20613dd8a7db2b263325af517bc7420c\"},\"headline\":\"SCT supervisa obras al sur de la ciudad\",\"datePublished\":\"2016-08-19T22:18:19+00:00\",\"mainEntityOfPage\":{\"@id\":\"https:\\\/\\\/centrourbano.com\\\/revista\\\/construccion\\\/sct-supervisa-obras-al-sur-la-ciudad\\\/\"},\"wordCount\":320,\"commentCount\":0,\"publisher\":{\"@id\":\"https:\\\/\\\/centrourbano.com\\\/revista\\\/#organization\"},\"image\":{\"@id\":\"https:\\\/\\\/centrourbano.com\\\/revista\\\/construccion\\\/sct-supervisa-obras-al-sur-la-ciudad\\\/#primaryimage\"},\"thumbnailUrl\":\"https:\\\/\\\/centrourbano.com\\\/revista\\\/wp-content\\\/uploads\\\/Gerardo-Ruiz-SCT.jpg\",\"keywords\":[\"Paso Expr\u00e9s\",\"SCT\",\"viaducto Tlalpan\"],\"articleSection\":[\"Construcci\u00f3n\"],\"inLanguage\":\"es\",\"potentialAction\":[{\"@type\":\"CommentAction\",\"name\":\"Comment\",\"target\":[\"https:\\\/\\\/centrourbano.com\\\/revista\\\/construccion\\\/sct-supervisa-obras-al-sur-la-ciudad\\\/#respond\"]}]},{\"@type\":\"WebPage\",\"@id\":\"https:\\\/\\\/centrourbano.com\\\/revista\\\/construccion\\\/sct-supervisa-obras-al-sur-la-ciudad\\\/\",\"url\":\"https:\\\/\\\/centrourbano.com\\\/revista\\\/construccion\\\/sct-supervisa-obras-al-sur-la-ciudad\\\/\",\"name\":\"SCT supervisa obras al sur de la ciudad -\",\"isPartOf\":{\"@id\":\"https:\\\/\\\/centrourbano.com\\\/revista\\\/#website\"},\"primaryImageOfPage\":{\"@id\":\"https:\\\/\\\/centrourbano.com\\\/revista\\\/construccion\\\/sct-supervisa-obras-al-sur-la-ciudad\\\/#primaryimage\"},\"image\":{\"@id\":\"https:\\\/\\\/centrourbano.com\\\/revista\\\/construccion\\\/sct-supervisa-obras-al-sur-la-ciudad\\\/#primaryimage\"},\"thumbnailUrl\":\"https:\\\/\\\/centrourbano.com\\\/revista\\\/wp-content\\\/uploads\\\/Gerardo-Ruiz-SCT.jpg\",\"datePublished\":\"2016-08-19T22:18:19+00:00\",\"description\":\"El secretario de Comunicaciones y Transportes (SCT), Gerardo Ruiz Esparza, supervis\u00f3 las obras de la Interconexi\u00f3n Viaducto Elevado Caseta de Tlalpan - Autopista Urbana y de la primera etapa del Libramiento de Cuernavaca (Paso Expr\u00e9s), con el prop\u00f3sito reducir los tiempos de recorrido para visitar los sitios tur\u00edsticos de Morelos y Acapulco adem\u00e1s de que con estas obras terminan m\u00e1s de 15 a\u00f1os de un tr\u00e1fico intenso.\",\"breadcrumb\":{\"@id\":\"https:\\\/\\\/centrourbano.com\\\/revista\\\/construccion\\\/sct-supervisa-obras-al-sur-la-ciudad\\\/#breadcrumb\"},\"inLanguage\":\"es\",\"potentialAction\":[{\"@type\":\"ReadAction\",\"target\":[\"https:\\\/\\\/centrourbano.com\\\/revista\\\/construccion\\\/sct-supervisa-obras-al-sur-la-ciudad\\\/\"]}]},{\"@type\":\"ImageObject\",\"inLanguage\":\"es\",\"@id\":\"https:\\\/\\\/centrourbano.com\\\/revista\\\/construccion\\\/sct-supervisa-obras-al-sur-la-ciudad\\\/#primaryimage\",\"url\":\"https:\\\/\\\/centrourbano.com\\\/revista\\\/wp-content\\\/uploads\\\/Gerardo-Ruiz-SCT.jpg\",\"contentUrl\":\"https:\\\/\\\/centrourbano.com\\\/revista\\\/wp-content\\\/uploads\\\/Gerardo-Ruiz-SCT.jpg\",\"width\":1144,\"height\":768,\"caption\":\"El Viaducto Elevado cuenta con una inversi\u00f3n de 500 mdp, y la primera etapa de Paso Expr\u00e9s Cuernavaca de 800 mdp\"},{\"@type\":\"BreadcrumbList\",\"@id\":\"https:\\\/\\\/centrourbano.com\\\/revista\\\/construccion\\\/sct-supervisa-obras-al-sur-la-ciudad\\\/#breadcrumb\",\"itemListElement\":[{\"@type\":\"ListItem\",\"position\":1,\"name\":\"Portada\",\"item\":\"https:\\\/\\\/centrourbano.com\\\/revista\\\/\"},{\"@type\":\"ListItem\",\"position\":2,\"name\":\"SCT supervisa obras al sur de la ciudad\"}]},{\"@type\":\"WebSite\",\"@id\":\"https:\\\/\\\/centrourbano.com\\\/revista\\\/#website\",\"url\":\"https:\\\/\\\/centrourbano.com\\\/revista\\\/\",\"name\":\"Centro Urbano\",\"description\":\"Medio especializado en los sectores vivienda, inmobiliario, construcci\u00f3n, arquitectura y urbanismo.\",\"publisher\":{\"@id\":\"https:\\\/\\\/centrourbano.com\\\/revista\\\/#organization\"},\"potentialAction\":[{\"@type\":\"SearchAction\",\"target\":{\"@type\":\"EntryPoint\",\"urlTemplate\":\"https:\\\/\\\/centrourbano.com\\\/revista\\\/?s={search_term_string}\"},\"query-input\":{\"@type\":\"PropertyValueSpecification\",\"valueRequired\":true,\"valueName\":\"search_term_string\"}}],\"inLanguage\":\"es\"},{\"@type\":\"Organization\",\"@id\":\"https:\\\/\\\/centrourbano.com\\\/revista\\\/#organization\",\"name\":\"Centro Urbano\",\"url\":\"https:\\\/\\\/centrourbano.com\\\/revista\\\/\",\"logo\":{\"@type\":\"ImageObject\",\"inLanguage\":\"es\",\"@id\":\"https:\\\/\\\/centrourbano.com\\\/revista\\\/#\\\/schema\\\/logo\\\/image\\\/\",\"url\":\"https:\\\/\\\/centrourbano.com\\\/revista\\\/wp-content\\\/uploads\\\/web_CU_logo-1.png\",\"contentUrl\":\"https:\\\/\\\/centrourbano.com\\\/revista\\\/wp-content\\\/uploads\\\/web_CU_logo-1.png\",\"width\":350,\"height\":91,\"caption\":\"Centro Urbano\"},\"image\":{\"@id\":\"https:\\\/\\\/centrourbano.com\\\/revista\\\/#\\\/schema\\\/logo\\\/image\\\/\"},\"sameAs\":[\"https:\\\/\\\/www.facebook.com\\\/portalcentrourbano\",\"https:\\\/\\\/x.com\\\/CentroUrbano\",\"https:\\\/\\\/www.instagram.com\\\/centro_urbano\\\/\",\"https:\\\/\\\/www.linkedin.com\\\/company\\\/centro-urbano\\\/\",\"http:\\\/\\\/www.youtube.com\\\/user\\\/portalcentrourbano\"]},{\"@type\":\"Person\",\"@id\":\"https:\\\/\\\/centrourbano.com\\\/revista\\\/#\\\/schema\\\/person\\\/20613dd8a7db2b263325af517bc7420c\",\"name\":\"Priscila D\u00edaz\",\"image\":{\"@type\":\"ImageObject\",\"inLanguage\":\"es\",\"@id\":\"https:\\\/\\\/secure.gravatar.com\\\/avatar\\\/bf28a62a51d45b542a0c3fe4c31a60c3887b5037867f58a6225cbf7479b56636?s=96&d=mm&r=g\",\"url\":\"https:\\\/\\\/secure.gravatar.com\\\/avatar\\\/bf28a62a51d45b542a0c3fe4c31a60c3887b5037867f58a6225cbf7479b56636?s=96&d=mm&r=g\",\"contentUrl\":\"https:\\\/\\\/secure.gravatar.com\\\/avatar\\\/bf28a62a51d45b542a0c3fe4c31a60c3887b5037867f58a6225cbf7479b56636?s=96&d=mm&r=g\",\"caption\":\"Priscila D\u00edaz\"},\"url\":\"https:\\\/\\\/centrourbano.com\\\/revista\\\/author\\\/priscila-diaz\\\/\"}]}<\/script>\n<!-- \/ Yoast SEO plugin. -->","yoast_head_json":{"title":"SCT supervisa obras al sur de la ciudad -","description":"El secretario de Comunicaciones y Transportes (SCT), Gerardo Ruiz Esparza, supervis\u00f3 las obras de la Interconexi\u00f3n Viaducto Elevado Caseta de Tlalpan - Autopista Urbana y de la primera etapa del Libramiento de Cuernavaca (Paso Expr\u00e9s), con el prop\u00f3sito reducir los tiempos de recorrido para visitar los sitios tur\u00edsticos de Morelos y Acapulco adem\u00e1s de que con estas obras terminan m\u00e1s de 15 a\u00f1os de un tr\u00e1fico intenso.","robots":{"index":"index","follow":"follow","max-snippet":"max-snippet:-1","max-image-preview":"max-image-preview:large","max-video-preview":"max-video-preview:-1"},"canonical":"https:\/\/centrourbano.com\/revista\/construccion\/sct-supervisa-obras-al-sur-la-ciudad\/","og_locale":"es_ES","og_type":"article","og_title":"SCT supervisa obras al sur de la ciudad -","og_description":"El secretario de Comunicaciones y Transportes (SCT), Gerardo Ruiz Esparza, supervis\u00f3 las obras de la Interconexi\u00f3n Viaducto Elevado Caseta de Tlalpan - Autopista Urbana y de la primera etapa del Libramiento de Cuernavaca (Paso Expr\u00e9s), con el prop\u00f3sito reducir los tiempos de recorrido para visitar los sitios tur\u00edsticos de Morelos y Acapulco adem\u00e1s de que con estas obras terminan m\u00e1s de 15 a\u00f1os de un tr\u00e1fico intenso.","og_url":"https:\/\/centrourbano.com\/revista\/construccion\/sct-supervisa-obras-al-sur-la-ciudad\/","og_site_name":"Centro Urbano","article_publisher":"https:\/\/www.facebook.com\/portalcentrourbano","article_published_time":"2016-08-19T22:18:19+00:00","og_image":[{"width":1144,"height":768,"url":"https:\/\/centrourbano.com\/revista\/wp-content\/uploads\/Gerardo-Ruiz-SCT.jpg","type":"image\/jpeg"}],"author":"Priscila D\u00edaz","twitter_card":"summary_large_image","twitter_creator":"@CentroUrbano","twitter_site":"@CentroUrbano","twitter_misc":{"Escrito por":"Priscila D\u00edaz","Tiempo de lectura":"2 minutos"},"schema":{"@context":"https:\/\/schema.org","@graph":[{"@type":"Article","@id":"https:\/\/centrourbano.com\/revista\/construccion\/sct-supervisa-obras-al-sur-la-ciudad\/#article","isPartOf":{"@id":"https:\/\/centrourbano.com\/revista\/construccion\/sct-supervisa-obras-al-sur-la-ciudad\/"},"author":{"name":"Priscila D\u00edaz","@id":"https:\/\/centrourbano.com\/revista\/#\/schema\/person\/20613dd8a7db2b263325af517bc7420c"},"headline":"SCT supervisa obras al sur de la ciudad","datePublished":"2016-08-19T22:18:19+00:00","mainEntityOfPage":{"@id":"https:\/\/centrourbano.com\/revista\/construccion\/sct-supervisa-obras-al-sur-la-ciudad\/"},"wordCount":320,"commentCount":0,"publisher":{"@id":"https:\/\/centrourbano.com\/revista\/#organization"},"image":{"@id":"https:\/\/centrourbano.com\/revista\/construccion\/sct-supervisa-obras-al-sur-la-ciudad\/#primaryimage"},"thumbnailUrl":"https:\/\/centrourbano.com\/revista\/wp-content\/uploads\/Gerardo-Ruiz-SCT.jpg","keywords":["Paso Expr\u00e9s","SCT","viaducto Tlalpan"],"articleSection":["Construcci\u00f3n"],"inLanguage":"es","potentialAction":[{"@type":"CommentAction","name":"Comment","target":["https:\/\/centrourbano.com\/revista\/construccion\/sct-supervisa-obras-al-sur-la-ciudad\/#respond"]}]},{"@type":"WebPage","@id":"https:\/\/centrourbano.com\/revista\/construccion\/sct-supervisa-obras-al-sur-la-ciudad\/","url":"https:\/\/centrourbano.com\/revista\/construccion\/sct-supervisa-obras-al-sur-la-ciudad\/","name":"SCT supervisa obras al sur de la ciudad -","isPartOf":{"@id":"https:\/\/centrourbano.com\/revista\/#website"},"primaryImageOfPage":{"@id":"https:\/\/centrourbano.com\/revista\/construccion\/sct-supervisa-obras-al-sur-la-ciudad\/#primaryimage"},"image":{"@id":"https:\/\/centrourbano.com\/revista\/construccion\/sct-supervisa-obras-al-sur-la-ciudad\/#primaryimage"},"thumbnailUrl":"https:\/\/centrourbano.com\/revista\/wp-content\/uploads\/Gerardo-Ruiz-SCT.jpg","datePublished":"2016-08-19T22:18:19+00:00","description":"El secretario de Comunicaciones y Transportes (SCT), Gerardo Ruiz Esparza, supervis\u00f3 las obras de la Interconexi\u00f3n Viaducto Elevado Caseta de Tlalpan - Autopista Urbana y de la primera etapa del Libramiento de Cuernavaca (Paso Expr\u00e9s), con el prop\u00f3sito reducir los tiempos de recorrido para visitar los sitios tur\u00edsticos de Morelos y Acapulco adem\u00e1s de que con estas obras terminan m\u00e1s de 15 a\u00f1os de un tr\u00e1fico intenso.","breadcrumb":{"@id":"https:\/\/centrourbano.com\/revista\/construccion\/sct-supervisa-obras-al-sur-la-ciudad\/#breadcrumb"},"inLanguage":"es","potentialAction":[{"@type":"ReadAction","target":["https:\/\/centrourbano.com\/revista\/construccion\/sct-supervisa-obras-al-sur-la-ciudad\/"]}]},{"@type":"ImageObject","inLanguage":"es","@id":"https:\/\/centrourbano.com\/revista\/construccion\/sct-supervisa-obras-al-sur-la-ciudad\/#primaryimage","url":"https:\/\/centrourbano.com\/revista\/wp-content\/uploads\/Gerardo-Ruiz-SCT.jpg","contentUrl":"https:\/\/centrourbano.com\/revista\/wp-content\/uploads\/Gerardo-Ruiz-SCT.jpg","width":1144,"height":768,"caption":"El Viaducto Elevado cuenta con una inversi\u00f3n de 500 mdp, y la primera etapa de Paso Expr\u00e9s Cuernavaca de 800 mdp"},{"@type":"BreadcrumbList","@id":"https:\/\/centrourbano.com\/revista\/construccion\/sct-supervisa-obras-al-sur-la-ciudad\/#breadcrumb","itemListElement":[{"@type":"ListItem","position":1,"name":"Portada","item":"https:\/\/centrourbano.com\/revista\/"},{"@type":"ListItem","position":2,"name":"SCT supervisa obras al sur de la ciudad"}]},{"@type":"WebSite","@id":"https:\/\/centrourbano.com\/revista\/#website","url":"https:\/\/centrourbano.com\/revista\/","name":"Centro Urbano","description":"Medio especializado en los sectores vivienda, inmobiliario, construcci\u00f3n, arquitectura y urbanismo.","publisher":{"@id":"https:\/\/centrourbano.com\/revista\/#organization"},"potentialAction":[{"@type":"SearchAction","target":{"@type":"EntryPoint","urlTemplate":"https:\/\/centrourbano.com\/revista\/?s={search_term_string}"},"query-input":{"@type":"PropertyValueSpecification","valueRequired":true,"valueName":"search_term_string"}}],"inLanguage":"es"},{"@type":"Organization","@id":"https:\/\/centrourbano.com\/revista\/#organization","name":"Centro Urbano","url":"https:\/\/centrourbano.com\/revista\/","logo":{"@type":"ImageObject","inLanguage":"es","@id":"https:\/\/centrourbano.com\/revista\/#\/schema\/logo\/image\/","url":"https:\/\/centrourbano.com\/revista\/wp-content\/uploads\/web_CU_logo-1.png","contentUrl":"https:\/\/centrourbano.com\/revista\/wp-content\/uploads\/web_CU_logo-1.png","width":350,"height":91,"caption":"Centro Urbano"},"image":{"@id":"https:\/\/centrourbano.com\/revista\/#\/schema\/logo\/image\/"},"sameAs":["https:\/\/www.facebook.com\/portalcentrourbano","https:\/\/x.com\/CentroUrbano","https:\/\/www.instagram.com\/centro_urbano\/","https:\/\/www.linkedin.com\/company\/centro-urbano\/","http:\/\/www.youtube.com\/user\/portalcentrourbano"]},{"@type":"Person","@id":"https:\/\/centrourbano.com\/revista\/#\/schema\/person\/20613dd8a7db2b263325af517bc7420c","name":"Priscila D\u00edaz","image":{"@type":"ImageObject","inLanguage":"es","@id":"https:\/\/secure.gravatar.com\/avatar\/bf28a62a51d45b542a0c3fe4c31a60c3887b5037867f58a6225cbf7479b56636?s=96&d=mm&r=g","url":"https:\/\/secure.gravatar.com\/avatar\/bf28a62a51d45b542a0c3fe4c31a60c3887b5037867f58a6225cbf7479b56636?s=96&d=mm&r=g","contentUrl":"https:\/\/secure.gravatar.com\/avatar\/bf28a62a51d45b542a0c3fe4c31a60c3887b5037867f58a6225cbf7479b56636?s=96&d=mm&r=g","caption":"Priscila D\u00edaz"},"url":"https:\/\/centrourbano.com\/revista\/author\/priscila-diaz\/"}]}},"_links":{"self":[{"href":"https:\/\/centrourbano.com\/revista\/wp-json\/wp\/v2\/posts\/39067","targetHints":{"allow":["GET"]}}],"collection":[{"href":"https:\/\/centrourbano.com\/revista\/wp-json\/wp\/v2\/posts"}],"about":[{"href":"https:\/\/centrourbano.com\/revista\/wp-json\/wp\/v2\/types\/post"}],"author":[{"embeddable":true,"href":"https:\/\/centrourbano.com\/revista\/wp-json\/wp\/v2\/users\/42"}],"replies":[{"embeddable":true,"href":"https:\/\/centrourbano.com\/revista\/wp-json\/wp\/v2\/comments?post=39067"}],"version-history":[{"count":0,"href":"https:\/\/centrourbano.com\/revista\/wp-json\/wp\/v2\/posts\/39067\/revisions"}],"wp:featuredmedia":[{"embeddable":true,"href":"https:\/\/centrourbano.com\/revista\/wp-json\/wp\/v2\/media\/39068"}],"wp:attachment":[{"href":"https:\/\/centrourbano.com\/revista\/wp-json\/wp\/v2\/media?parent=39067"}],"wp:term":[{"taxonomy":"category","embeddable":true,"href":"https:\/\/centrourbano.com\/revista\/wp-json\/wp\/v2\/categories?post=39067"},{"taxonomy":"post_tag","embeddable":true,"href":"https:\/\/centrourbano.com\/revista\/wp-json\/wp\/v2\/tags?post=39067"}],"curies":[{"name":"wp","href":"https:\/\/api.w.org\/{rel}","templated":true}]}}