{"id":38318,"date":"2016-08-03T13:11:40","date_gmt":"2016-08-03T18:11:40","guid":{"rendered":"https:\/\/centrourbano.com\/?p=38318"},"modified":"2016-08-03T13:11:41","modified_gmt":"2016-08-03T18:11:41","slug":"sct-inaugura-ampliacion-modernizacion-boulevard-hidalgo","status":"publish","type":"post","link":"https:\/\/centrourbano.com\/revista\/construccion\/sct-inaugura-ampliacion-modernizacion-boulevard-hidalgo\/","title":{"rendered":"SCT inaugura ampliaci\u00f3n y modernizaci\u00f3n de Boulevard en Hidalgo"},"content":{"rendered":"<p><em>La ampliaci\u00f3n cuenta con una inversi\u00f3n de 209 millones de pesos para el beneficio de m\u00e1s de 300,000 habitantes <\/em><!--more--><\/p>\n<p>La Secretar\u00eda de Comunicaciones y Transportes (SCT), inaugur\u00f3 la Ampliaci\u00f3n y Modernizaci\u00f3n del Boulevard Acceso Villa Tezontepec, ubicado en el municipio de Villa Tezontepec en la carretera federal MEX 085 M\u00e9xico-Pachuca, en el estado de Hidalgo.<\/p>\n<p>Con una inversi\u00f3n de 209 millones de pesos, esta obra de infraestructura ya ha generado m\u00e1s de 800 empleos tanto indirectos como directos, al igual que mayor comodidad para los conductores que utilizan esta v\u00eda gracias a que cuenta con dos carriles por sentido, acotamientos laterales e interiores y un camell\u00f3n central de tres metros.<\/p>\n<p>El Boulevard de Acceso a Villa Tezontepec tiene una longitud de ocho kil\u00f3metros, edificado con concreto asf\u00e1ltico, y circular\u00e1n por ella en promedio 1,600 veh\u00edculos anualmente con una velocidad m\u00e1xima de 90 Kil\u00f3metros por hora.<\/p>\n<p>La SCT inform\u00f3 que la obra beneficiar\u00e1 a un total de 300,000 habitantes de Pachuca de Soto, capital del estado y los municipios de Villa de Tezontepec, Zapotl\u00e1n de Ju\u00e1rez, Tolcayuca y Tizayuca, adem\u00e1s de impulsar el desarrollo industrial de la zona y reducir los tiempos de recorrido, lo que provoca un beneficio para los sectores comercial y agricultor.<\/p>\n<p>Adem\u00e1s de permitir que la llegada de productos e insumos al centro del pa\u00eds sea m\u00e1s eficiente, por lo que fortalecer\u00e1 la movilidad y conectividad del parque industrial Plataforma Log\u00edstica de Hidalgo (PLATAH), al igual que el acceso del turismo nacional y extranjero a la entidad.<\/p>\n","protected":false},"excerpt":{"rendered":"<p>La ampliaci\u00f3n cuenta con una inversi\u00f3n de 209 millones de pesos para el beneficio de m\u00e1s de 300,000 habitantes<\/p>\n","protected":false},"author":42,"featured_media":38319,"comment_status":"open","ping_status":"closed","sticky":false,"template":"","format":"standard","meta":{"om_disable_all_campaigns":false,"inline_featured_image":false,"_monsterinsights_skip_tracking":false,"_monsterinsights_sitenote_active":false,"_monsterinsights_sitenote_note":"","_monsterinsights_sitenote_category":0,"footnotes":""},"categories":[14],"tags":[7086,304,29],"class_list":["post-38318","post","type-post","status-publish","format-standard","has-post-thumbnail","hentry","category-construccion","tag-boulevard","tag-hidalgo","tag-sct"],"yoast_head":"<!-- This site is optimized with the Yoast SEO plugin v27.4 - https:\/\/yoast.com\/product\/yoast-seo-wordpress\/ -->\n<title>SCT inaugura ampliaci\u00f3n y modernizaci\u00f3n de Boulevard en Hidalgo -<\/title>\n<meta name=\"description\" content=\"La Secretar\u00eda de Comunicaciones y Transportes (SCT), inaugur\u00f3 la Ampliaci\u00f3n y Modernizaci\u00f3n del Boulevard Acceso Villa Tezontepec, ubicado en el municipio de Villa Tezontepec en la carretera federal MEX 085 M\u00e9xico-Pachuca, en el estado de Hidalgo.\" \/>\n<meta name=\"robots\" content=\"index, follow, max-snippet:-1, max-image-preview:large, max-video-preview:-1\" \/>\n<link rel=\"canonical\" href=\"https:\/\/centrourbano.com\/revista\/construccion\/sct-inaugura-ampliacion-modernizacion-boulevard-hidalgo\/\" \/>\n<meta property=\"og:locale\" content=\"es_ES\" \/>\n<meta property=\"og:type\" content=\"article\" \/>\n<meta property=\"og:title\" content=\"SCT inaugura ampliaci\u00f3n y modernizaci\u00f3n de Boulevard en Hidalgo -\" \/>\n<meta property=\"og:description\" content=\"La Secretar\u00eda de Comunicaciones y Transportes (SCT), inaugur\u00f3 la Ampliaci\u00f3n y Modernizaci\u00f3n del Boulevard Acceso Villa Tezontepec, ubicado en el municipio de Villa Tezontepec en la carretera federal MEX 085 M\u00e9xico-Pachuca, en el estado de Hidalgo.\" \/>\n<meta property=\"og:url\" content=\"https:\/\/centrourbano.com\/revista\/construccion\/sct-inaugura-ampliacion-modernizacion-boulevard-hidalgo\/\" \/>\n<meta property=\"og:site_name\" content=\"Centro Urbano\" \/>\n<meta property=\"article:publisher\" content=\"https:\/\/www.facebook.com\/portalcentrourbano\" \/>\n<meta property=\"article:published_time\" content=\"2016-08-03T18:11:40+00:00\" \/>\n<meta property=\"article:modified_time\" content=\"2016-08-03T18:11:41+00:00\" \/>\n<meta property=\"og:image\" content=\"https:\/\/centrourbano.com\/revista\/wp-content\/uploads\/RuizEsparza.jpg\" \/>\n\t<meta property=\"og:image:width\" content=\"635\" \/>\n\t<meta property=\"og:image:height\" content=\"348\" \/>\n\t<meta property=\"og:image:type\" content=\"image\/jpeg\" \/>\n<meta name=\"author\" content=\"Priscila D\u00edaz\" \/>\n<meta name=\"twitter:card\" content=\"summary_large_image\" \/>\n<meta name=\"twitter:creator\" content=\"@CentroUrbano\" \/>\n<meta name=\"twitter:site\" content=\"@CentroUrbano\" \/>\n<meta name=\"twitter:label1\" content=\"Escrito por\" \/>\n\t<meta name=\"twitter:data1\" content=\"Priscila D\u00edaz\" \/>\n\t<meta name=\"twitter:label2\" content=\"Tiempo de lectura\" \/>\n\t<meta name=\"twitter:data2\" content=\"1 minuto\" \/>\n<script type=\"application\/ld+json\" class=\"yoast-schema-graph\">{\"@context\":\"https:\\\/\\\/schema.org\",\"@graph\":[{\"@type\":\"Article\",\"@id\":\"https:\\\/\\\/centrourbano.com\\\/revista\\\/construccion\\\/sct-inaugura-ampliacion-modernizacion-boulevard-hidalgo\\\/#article\",\"isPartOf\":{\"@id\":\"https:\\\/\\\/centrourbano.com\\\/revista\\\/construccion\\\/sct-inaugura-ampliacion-modernizacion-boulevard-hidalgo\\\/\"},\"author\":{\"name\":\"Priscila D\u00edaz\",\"@id\":\"https:\\\/\\\/centrourbano.com\\\/revista\\\/#\\\/schema\\\/person\\\/20613dd8a7db2b263325af517bc7420c\"},\"headline\":\"SCT inaugura ampliaci\u00f3n y modernizaci\u00f3n de Boulevard en Hidalgo\",\"datePublished\":\"2016-08-03T18:11:40+00:00\",\"dateModified\":\"2016-08-03T18:11:41+00:00\",\"mainEntityOfPage\":{\"@id\":\"https:\\\/\\\/centrourbano.com\\\/revista\\\/construccion\\\/sct-inaugura-ampliacion-modernizacion-boulevard-hidalgo\\\/\"},\"wordCount\":277,\"commentCount\":0,\"publisher\":{\"@id\":\"https:\\\/\\\/centrourbano.com\\\/revista\\\/#organization\"},\"image\":{\"@id\":\"https:\\\/\\\/centrourbano.com\\\/revista\\\/construccion\\\/sct-inaugura-ampliacion-modernizacion-boulevard-hidalgo\\\/#primaryimage\"},\"thumbnailUrl\":\"https:\\\/\\\/centrourbano.com\\\/revista\\\/wp-content\\\/uploads\\\/RuizEsparza.jpg\",\"keywords\":[\"Boulevard\",\"Hidalgo\",\"SCT\"],\"articleSection\":[\"Construcci\u00f3n\"],\"inLanguage\":\"es\",\"potentialAction\":[{\"@type\":\"CommentAction\",\"name\":\"Comment\",\"target\":[\"https:\\\/\\\/centrourbano.com\\\/revista\\\/construccion\\\/sct-inaugura-ampliacion-modernizacion-boulevard-hidalgo\\\/#respond\"]}]},{\"@type\":\"WebPage\",\"@id\":\"https:\\\/\\\/centrourbano.com\\\/revista\\\/construccion\\\/sct-inaugura-ampliacion-modernizacion-boulevard-hidalgo\\\/\",\"url\":\"https:\\\/\\\/centrourbano.com\\\/revista\\\/construccion\\\/sct-inaugura-ampliacion-modernizacion-boulevard-hidalgo\\\/\",\"name\":\"SCT inaugura ampliaci\u00f3n y modernizaci\u00f3n de Boulevard en Hidalgo -\",\"isPartOf\":{\"@id\":\"https:\\\/\\\/centrourbano.com\\\/revista\\\/#website\"},\"primaryImageOfPage\":{\"@id\":\"https:\\\/\\\/centrourbano.com\\\/revista\\\/construccion\\\/sct-inaugura-ampliacion-modernizacion-boulevard-hidalgo\\\/#primaryimage\"},\"image\":{\"@id\":\"https:\\\/\\\/centrourbano.com\\\/revista\\\/construccion\\\/sct-inaugura-ampliacion-modernizacion-boulevard-hidalgo\\\/#primaryimage\"},\"thumbnailUrl\":\"https:\\\/\\\/centrourbano.com\\\/revista\\\/wp-content\\\/uploads\\\/RuizEsparza.jpg\",\"datePublished\":\"2016-08-03T18:11:40+00:00\",\"dateModified\":\"2016-08-03T18:11:41+00:00\",\"description\":\"La Secretar\u00eda de Comunicaciones y Transportes (SCT), inaugur\u00f3 la Ampliaci\u00f3n y Modernizaci\u00f3n del Boulevard Acceso Villa Tezontepec, ubicado en el municipio de Villa Tezontepec en la carretera federal MEX 085 M\u00e9xico-Pachuca, en el estado de Hidalgo.\",\"breadcrumb\":{\"@id\":\"https:\\\/\\\/centrourbano.com\\\/revista\\\/construccion\\\/sct-inaugura-ampliacion-modernizacion-boulevard-hidalgo\\\/#breadcrumb\"},\"inLanguage\":\"es\",\"potentialAction\":[{\"@type\":\"ReadAction\",\"target\":[\"https:\\\/\\\/centrourbano.com\\\/revista\\\/construccion\\\/sct-inaugura-ampliacion-modernizacion-boulevard-hidalgo\\\/\"]}]},{\"@type\":\"ImageObject\",\"inLanguage\":\"es\",\"@id\":\"https:\\\/\\\/centrourbano.com\\\/revista\\\/construccion\\\/sct-inaugura-ampliacion-modernizacion-boulevard-hidalgo\\\/#primaryimage\",\"url\":\"https:\\\/\\\/centrourbano.com\\\/revista\\\/wp-content\\\/uploads\\\/RuizEsparza.jpg\",\"contentUrl\":\"https:\\\/\\\/centrourbano.com\\\/revista\\\/wp-content\\\/uploads\\\/RuizEsparza.jpg\",\"width\":635,\"height\":348,\"caption\":\"La ampliaci\u00f3n cuenta con una inversi\u00f3n de 209 millones de pesos para el beneficio de m\u00e1s de 300,000 habitantes\"},{\"@type\":\"BreadcrumbList\",\"@id\":\"https:\\\/\\\/centrourbano.com\\\/revista\\\/construccion\\\/sct-inaugura-ampliacion-modernizacion-boulevard-hidalgo\\\/#breadcrumb\",\"itemListElement\":[{\"@type\":\"ListItem\",\"position\":1,\"name\":\"Portada\",\"item\":\"https:\\\/\\\/centrourbano.com\\\/revista\\\/\"},{\"@type\":\"ListItem\",\"position\":2,\"name\":\"SCT inaugura ampliaci\u00f3n y modernizaci\u00f3n de Boulevard en Hidalgo\"}]},{\"@type\":\"WebSite\",\"@id\":\"https:\\\/\\\/centrourbano.com\\\/revista\\\/#website\",\"url\":\"https:\\\/\\\/centrourbano.com\\\/revista\\\/\",\"name\":\"Centro Urbano\",\"description\":\"Medio especializado en los sectores vivienda, inmobiliario, construcci\u00f3n, arquitectura y urbanismo.\",\"publisher\":{\"@id\":\"https:\\\/\\\/centrourbano.com\\\/revista\\\/#organization\"},\"potentialAction\":[{\"@type\":\"SearchAction\",\"target\":{\"@type\":\"EntryPoint\",\"urlTemplate\":\"https:\\\/\\\/centrourbano.com\\\/revista\\\/?s={search_term_string}\"},\"query-input\":{\"@type\":\"PropertyValueSpecification\",\"valueRequired\":true,\"valueName\":\"search_term_string\"}}],\"inLanguage\":\"es\"},{\"@type\":\"Organization\",\"@id\":\"https:\\\/\\\/centrourbano.com\\\/revista\\\/#organization\",\"name\":\"Centro Urbano\",\"url\":\"https:\\\/\\\/centrourbano.com\\\/revista\\\/\",\"logo\":{\"@type\":\"ImageObject\",\"inLanguage\":\"es\",\"@id\":\"https:\\\/\\\/centrourbano.com\\\/revista\\\/#\\\/schema\\\/logo\\\/image\\\/\",\"url\":\"https:\\\/\\\/centrourbano.com\\\/revista\\\/wp-content\\\/uploads\\\/web_CU_logo-1.png\",\"contentUrl\":\"https:\\\/\\\/centrourbano.com\\\/revista\\\/wp-content\\\/uploads\\\/web_CU_logo-1.png\",\"width\":350,\"height\":91,\"caption\":\"Centro Urbano\"},\"image\":{\"@id\":\"https:\\\/\\\/centrourbano.com\\\/revista\\\/#\\\/schema\\\/logo\\\/image\\\/\"},\"sameAs\":[\"https:\\\/\\\/www.facebook.com\\\/portalcentrourbano\",\"https:\\\/\\\/x.com\\\/CentroUrbano\",\"https:\\\/\\\/www.instagram.com\\\/centro_urbano\\\/\",\"https:\\\/\\\/www.linkedin.com\\\/company\\\/centro-urbano\\\/\",\"http:\\\/\\\/www.youtube.com\\\/user\\\/portalcentrourbano\"]},{\"@type\":\"Person\",\"@id\":\"https:\\\/\\\/centrourbano.com\\\/revista\\\/#\\\/schema\\\/person\\\/20613dd8a7db2b263325af517bc7420c\",\"name\":\"Priscila D\u00edaz\",\"image\":{\"@type\":\"ImageObject\",\"inLanguage\":\"es\",\"@id\":\"https:\\\/\\\/secure.gravatar.com\\\/avatar\\\/bf28a62a51d45b542a0c3fe4c31a60c3887b5037867f58a6225cbf7479b56636?s=96&d=mm&r=g\",\"url\":\"https:\\\/\\\/secure.gravatar.com\\\/avatar\\\/bf28a62a51d45b542a0c3fe4c31a60c3887b5037867f58a6225cbf7479b56636?s=96&d=mm&r=g\",\"contentUrl\":\"https:\\\/\\\/secure.gravatar.com\\\/avatar\\\/bf28a62a51d45b542a0c3fe4c31a60c3887b5037867f58a6225cbf7479b56636?s=96&d=mm&r=g\",\"caption\":\"Priscila D\u00edaz\"},\"url\":\"https:\\\/\\\/centrourbano.com\\\/revista\\\/author\\\/priscila-diaz\\\/\"}]}<\/script>\n<!-- \/ Yoast SEO plugin. -->","yoast_head_json":{"title":"SCT inaugura ampliaci\u00f3n y modernizaci\u00f3n de Boulevard en Hidalgo -","description":"La Secretar\u00eda de Comunicaciones y Transportes (SCT), inaugur\u00f3 la Ampliaci\u00f3n y Modernizaci\u00f3n del Boulevard Acceso Villa Tezontepec, ubicado en el municipio de Villa Tezontepec en la carretera federal MEX 085 M\u00e9xico-Pachuca, en el estado de Hidalgo.","robots":{"index":"index","follow":"follow","max-snippet":"max-snippet:-1","max-image-preview":"max-image-preview:large","max-video-preview":"max-video-preview:-1"},"canonical":"https:\/\/centrourbano.com\/revista\/construccion\/sct-inaugura-ampliacion-modernizacion-boulevard-hidalgo\/","og_locale":"es_ES","og_type":"article","og_title":"SCT inaugura ampliaci\u00f3n y modernizaci\u00f3n de Boulevard en Hidalgo -","og_description":"La Secretar\u00eda de Comunicaciones y Transportes (SCT), inaugur\u00f3 la Ampliaci\u00f3n y Modernizaci\u00f3n del Boulevard Acceso Villa Tezontepec, ubicado en el municipio de Villa Tezontepec en la carretera federal MEX 085 M\u00e9xico-Pachuca, en el estado de Hidalgo.","og_url":"https:\/\/centrourbano.com\/revista\/construccion\/sct-inaugura-ampliacion-modernizacion-boulevard-hidalgo\/","og_site_name":"Centro Urbano","article_publisher":"https:\/\/www.facebook.com\/portalcentrourbano","article_published_time":"2016-08-03T18:11:40+00:00","article_modified_time":"2016-08-03T18:11:41+00:00","og_image":[{"width":635,"height":348,"url":"https:\/\/centrourbano.com\/revista\/wp-content\/uploads\/RuizEsparza.jpg","type":"image\/jpeg"}],"author":"Priscila D\u00edaz","twitter_card":"summary_large_image","twitter_creator":"@CentroUrbano","twitter_site":"@CentroUrbano","twitter_misc":{"Escrito por":"Priscila D\u00edaz","Tiempo de lectura":"1 minuto"},"schema":{"@context":"https:\/\/schema.org","@graph":[{"@type":"Article","@id":"https:\/\/centrourbano.com\/revista\/construccion\/sct-inaugura-ampliacion-modernizacion-boulevard-hidalgo\/#article","isPartOf":{"@id":"https:\/\/centrourbano.com\/revista\/construccion\/sct-inaugura-ampliacion-modernizacion-boulevard-hidalgo\/"},"author":{"name":"Priscila D\u00edaz","@id":"https:\/\/centrourbano.com\/revista\/#\/schema\/person\/20613dd8a7db2b263325af517bc7420c"},"headline":"SCT inaugura ampliaci\u00f3n y modernizaci\u00f3n de Boulevard en Hidalgo","datePublished":"2016-08-03T18:11:40+00:00","dateModified":"2016-08-03T18:11:41+00:00","mainEntityOfPage":{"@id":"https:\/\/centrourbano.com\/revista\/construccion\/sct-inaugura-ampliacion-modernizacion-boulevard-hidalgo\/"},"wordCount":277,"commentCount":0,"publisher":{"@id":"https:\/\/centrourbano.com\/revista\/#organization"},"image":{"@id":"https:\/\/centrourbano.com\/revista\/construccion\/sct-inaugura-ampliacion-modernizacion-boulevard-hidalgo\/#primaryimage"},"thumbnailUrl":"https:\/\/centrourbano.com\/revista\/wp-content\/uploads\/RuizEsparza.jpg","keywords":["Boulevard","Hidalgo","SCT"],"articleSection":["Construcci\u00f3n"],"inLanguage":"es","potentialAction":[{"@type":"CommentAction","name":"Comment","target":["https:\/\/centrourbano.com\/revista\/construccion\/sct-inaugura-ampliacion-modernizacion-boulevard-hidalgo\/#respond"]}]},{"@type":"WebPage","@id":"https:\/\/centrourbano.com\/revista\/construccion\/sct-inaugura-ampliacion-modernizacion-boulevard-hidalgo\/","url":"https:\/\/centrourbano.com\/revista\/construccion\/sct-inaugura-ampliacion-modernizacion-boulevard-hidalgo\/","name":"SCT inaugura ampliaci\u00f3n y modernizaci\u00f3n de Boulevard en Hidalgo -","isPartOf":{"@id":"https:\/\/centrourbano.com\/revista\/#website"},"primaryImageOfPage":{"@id":"https:\/\/centrourbano.com\/revista\/construccion\/sct-inaugura-ampliacion-modernizacion-boulevard-hidalgo\/#primaryimage"},"image":{"@id":"https:\/\/centrourbano.com\/revista\/construccion\/sct-inaugura-ampliacion-modernizacion-boulevard-hidalgo\/#primaryimage"},"thumbnailUrl":"https:\/\/centrourbano.com\/revista\/wp-content\/uploads\/RuizEsparza.jpg","datePublished":"2016-08-03T18:11:40+00:00","dateModified":"2016-08-03T18:11:41+00:00","description":"La Secretar\u00eda de Comunicaciones y Transportes (SCT), inaugur\u00f3 la Ampliaci\u00f3n y Modernizaci\u00f3n del Boulevard Acceso Villa Tezontepec, ubicado en el municipio de Villa Tezontepec en la carretera federal MEX 085 M\u00e9xico-Pachuca, en el estado de Hidalgo.","breadcrumb":{"@id":"https:\/\/centrourbano.com\/revista\/construccion\/sct-inaugura-ampliacion-modernizacion-boulevard-hidalgo\/#breadcrumb"},"inLanguage":"es","potentialAction":[{"@type":"ReadAction","target":["https:\/\/centrourbano.com\/revista\/construccion\/sct-inaugura-ampliacion-modernizacion-boulevard-hidalgo\/"]}]},{"@type":"ImageObject","inLanguage":"es","@id":"https:\/\/centrourbano.com\/revista\/construccion\/sct-inaugura-ampliacion-modernizacion-boulevard-hidalgo\/#primaryimage","url":"https:\/\/centrourbano.com\/revista\/wp-content\/uploads\/RuizEsparza.jpg","contentUrl":"https:\/\/centrourbano.com\/revista\/wp-content\/uploads\/RuizEsparza.jpg","width":635,"height":348,"caption":"La ampliaci\u00f3n cuenta con una inversi\u00f3n de 209 millones de pesos para el beneficio de m\u00e1s de 300,000 habitantes"},{"@type":"BreadcrumbList","@id":"https:\/\/centrourbano.com\/revista\/construccion\/sct-inaugura-ampliacion-modernizacion-boulevard-hidalgo\/#breadcrumb","itemListElement":[{"@type":"ListItem","position":1,"name":"Portada","item":"https:\/\/centrourbano.com\/revista\/"},{"@type":"ListItem","position":2,"name":"SCT inaugura ampliaci\u00f3n y modernizaci\u00f3n de Boulevard en Hidalgo"}]},{"@type":"WebSite","@id":"https:\/\/centrourbano.com\/revista\/#website","url":"https:\/\/centrourbano.com\/revista\/","name":"Centro Urbano","description":"Medio especializado en los sectores vivienda, inmobiliario, construcci\u00f3n, arquitectura y urbanismo.","publisher":{"@id":"https:\/\/centrourbano.com\/revista\/#organization"},"potentialAction":[{"@type":"SearchAction","target":{"@type":"EntryPoint","urlTemplate":"https:\/\/centrourbano.com\/revista\/?s={search_term_string}"},"query-input":{"@type":"PropertyValueSpecification","valueRequired":true,"valueName":"search_term_string"}}],"inLanguage":"es"},{"@type":"Organization","@id":"https:\/\/centrourbano.com\/revista\/#organization","name":"Centro Urbano","url":"https:\/\/centrourbano.com\/revista\/","logo":{"@type":"ImageObject","inLanguage":"es","@id":"https:\/\/centrourbano.com\/revista\/#\/schema\/logo\/image\/","url":"https:\/\/centrourbano.com\/revista\/wp-content\/uploads\/web_CU_logo-1.png","contentUrl":"https:\/\/centrourbano.com\/revista\/wp-content\/uploads\/web_CU_logo-1.png","width":350,"height":91,"caption":"Centro Urbano"},"image":{"@id":"https:\/\/centrourbano.com\/revista\/#\/schema\/logo\/image\/"},"sameAs":["https:\/\/www.facebook.com\/portalcentrourbano","https:\/\/x.com\/CentroUrbano","https:\/\/www.instagram.com\/centro_urbano\/","https:\/\/www.linkedin.com\/company\/centro-urbano\/","http:\/\/www.youtube.com\/user\/portalcentrourbano"]},{"@type":"Person","@id":"https:\/\/centrourbano.com\/revista\/#\/schema\/person\/20613dd8a7db2b263325af517bc7420c","name":"Priscila D\u00edaz","image":{"@type":"ImageObject","inLanguage":"es","@id":"https:\/\/secure.gravatar.com\/avatar\/bf28a62a51d45b542a0c3fe4c31a60c3887b5037867f58a6225cbf7479b56636?s=96&d=mm&r=g","url":"https:\/\/secure.gravatar.com\/avatar\/bf28a62a51d45b542a0c3fe4c31a60c3887b5037867f58a6225cbf7479b56636?s=96&d=mm&r=g","contentUrl":"https:\/\/secure.gravatar.com\/avatar\/bf28a62a51d45b542a0c3fe4c31a60c3887b5037867f58a6225cbf7479b56636?s=96&d=mm&r=g","caption":"Priscila D\u00edaz"},"url":"https:\/\/centrourbano.com\/revista\/author\/priscila-diaz\/"}]}},"_links":{"self":[{"href":"https:\/\/centrourbano.com\/revista\/wp-json\/wp\/v2\/posts\/38318","targetHints":{"allow":["GET"]}}],"collection":[{"href":"https:\/\/centrourbano.com\/revista\/wp-json\/wp\/v2\/posts"}],"about":[{"href":"https:\/\/centrourbano.com\/revista\/wp-json\/wp\/v2\/types\/post"}],"author":[{"embeddable":true,"href":"https:\/\/centrourbano.com\/revista\/wp-json\/wp\/v2\/users\/42"}],"replies":[{"embeddable":true,"href":"https:\/\/centrourbano.com\/revista\/wp-json\/wp\/v2\/comments?post=38318"}],"version-history":[{"count":0,"href":"https:\/\/centrourbano.com\/revista\/wp-json\/wp\/v2\/posts\/38318\/revisions"}],"wp:featuredmedia":[{"embeddable":true,"href":"https:\/\/centrourbano.com\/revista\/wp-json\/wp\/v2\/media\/38319"}],"wp:attachment":[{"href":"https:\/\/centrourbano.com\/revista\/wp-json\/wp\/v2\/media?parent=38318"}],"wp:term":[{"taxonomy":"category","embeddable":true,"href":"https:\/\/centrourbano.com\/revista\/wp-json\/wp\/v2\/categories?post=38318"},{"taxonomy":"post_tag","embeddable":true,"href":"https:\/\/centrourbano.com\/revista\/wp-json\/wp\/v2\/tags?post=38318"}],"curies":[{"name":"wp","href":"https:\/\/api.w.org\/{rel}","templated":true}]}}