{"id":38147,"date":"2016-08-01T11:23:10","date_gmt":"2016-08-01T16:23:10","guid":{"rendered":"https:\/\/centrourbano.com\/?p=38147"},"modified":"2016-08-01T11:25:40","modified_gmt":"2016-08-01T16:25:40","slug":"trimestre-ensueno-sector-vivienda","status":"publish","type":"post","link":"https:\/\/centrourbano.com\/revista\/opinion\/trimestre-ensueno-sector-vivienda\/","title":{"rendered":"Trimestre de ensue\u00f1o para el sector vivienda"},"content":{"rendered":"<p>\n<em>El reporte trimestral de Consorcio Ara fue contundente\u2026 Crecimientos con respecto al mismo periodo del a\u00f1o anterior de 8.2% en el n\u00famero de viviendas vendidas, 11.3% en ingresos, 31.2% en utilidad neta y 19.9% en Ebitda\u2026<br \/>\n<\/em><!--more--><\/p>\n<p>Contundente; con ingresos en el trimestre por 1,903.7 millones de pesos, que superan a los de los 19 trimestres previos, y con 408.7 millones de pesos en flujo libre de efectivo, que duplican al registro del mismo rubro en el segundo trimestre de 2015.<\/p>\n<p>Doble mensaje; el primero, que la viviendera que comanda Germ\u00e1n Ahumada va como avi\u00f3n\u2026<\/p>\n<p>El segundo, que esto pareciera ser reflejo de un sector que recupera brillo, como revelan cifras de la Comisi\u00f3n Nacional de Vivienda (Conavi), de Paloma Silva de Anzorena, que lo ubican como la segunda actividad productiva del pa\u00eds; una actividad productiva que crece a un ritmo muy superior al del resto de la econom\u00eda mexicana.<\/p>\n<p>Y ARA no fue la \u00fanica viviendera p\u00fablica que tuvo un extraordinario reporte trimestral; en esta liga hay que considerar tambi\u00e9n a Vinte, de Sergio Leal, que para no quedar atr\u00e1s report\u00f3 incrementos en el trimestre con respecto al mismo periodo del a\u00f1o anterior, de 9.8% en ingresos, 10.4% en utilidad neta, y 13.4% en Ebitda, o a Ruba, de Luis Enrique Terrazas, que registr\u00f3 alzas de 22% en ingresos, 18% en Ebitda, 12% en utilidad neta y 2% en viviendas vendidas.<\/p>\n<p>Gran trimestre que, apuntalado en la solidez de la demanda, la estabilidad econ\u00f3mica y la abundancia de financiamiento para construir y vender viviendas, y al iniciar el segundo semestre, que es tradicionalmente el de mejores resultados para esta industria, permite suponer que el sector cerrar\u00e1 el a\u00f1o a todo vapor.<\/p>\n<p>Y bueno\u2026 Dir\u00edan los cl\u00e1sicos\u2026 Me tomo unas no merecidas, pero s\u00ed necesarias vacaciones\u2026 Regreso el 29 de agosto.<\/p>\n<p>Los invito a seguir mi cuenta de Twitter: @horacio_urbano y a ver Vivienda en Verde TV, que se transmite por Green TV y Efekto Noticias.<\/p>\n","protected":false},"excerpt":{"rendered":"<p>El reporte trimestral de Consorcio Ara fue contundente\u2026 Crecimientos con respecto al mismo periodo del a\u00f1o anterior de 8.2% en el n\u00famero de viviendas vendidas, 11.3% en ingresos, 31.2% en utilidad neta y 19.9% en Ebitda\u2026<\/p>\n","protected":false},"author":77,"featured_media":38150,"comment_status":"open","ping_status":"closed","sticky":false,"template":"","format":"standard","meta":{"inline_featured_image":false,"footnotes":""},"categories":[241,5],"tags":[376,326,170,60],"class_list":["post-38147","post","type-post","status-publish","format-standard","has-post-thumbnail","hentry","category-blog-desde-la-casa","category-opinion","tag-conavi","tag-consorcio-ara","tag-horacio-urbano","tag-vivienda-2"],"yoast_head":"<!-- This site is optimized with the Yoast SEO plugin v28.4 - https:\/\/yoast.com\/product\/yoast-seo-wordpress\/ -->\n<title>Trimestre de ensue\u00f1o para el sector vivienda<\/title>\n<meta name=\"description\" content=\"El reporte trimestral de Consorcio Ara fue contundente\u2026 Crecimientos con respecto al mismo periodo del a\u00f1o anterior de 8.2% en el n\u00famero de viviendas vendidas, 11.3% en ingresos, 31.2% en utilidad neta y 19.9% en Ebitda\u2026\" \/>\n<meta name=\"robots\" content=\"index, follow, max-snippet:-1, max-image-preview:large, max-video-preview:-1\" \/>\n<link rel=\"canonical\" href=\"https:\/\/centrourbano.com\/revista\/opinion\/trimestre-ensueno-sector-vivienda\/\" \/>\n<meta property=\"og:locale\" content=\"es_ES\" \/>\n<meta property=\"og:type\" content=\"article\" \/>\n<meta property=\"og:title\" content=\"Trimestre de ensue\u00f1o para el sector vivienda\" \/>\n<meta property=\"og:description\" content=\"El reporte trimestral de Consorcio Ara fue contundente\u2026 Crecimientos con respecto al mismo periodo del a\u00f1o anterior de 8.2% en el n\u00famero de viviendas vendidas, 11.3% en ingresos, 31.2% en utilidad neta y 19.9% en Ebitda\u2026\" \/>\n<meta property=\"og:url\" content=\"https:\/\/centrourbano.com\/revista\/opinion\/trimestre-ensueno-sector-vivienda\/\" \/>\n<meta property=\"og:site_name\" content=\"Centro Urbano\" \/>\n<meta property=\"article:publisher\" content=\"https:\/\/www.facebook.com\/portalcentrourbano\" \/>\n<meta property=\"article:published_time\" content=\"2016-08-01T16:23:10+00:00\" \/>\n<meta property=\"article:modified_time\" content=\"2016-08-01T16:25:40+00:00\" \/>\n<meta property=\"og:image\" content=\"https:\/\/centrourbano.com\/revista\/wp-content\/uploads\/Trimestre-de-ensue\u00f1o-para-el-sector-vivienda.png\" \/>\n\t<meta property=\"og:image:width\" content=\"500\" \/>\n\t<meta property=\"og:image:height\" content=\"400\" \/>\n\t<meta property=\"og:image:type\" content=\"image\/png\" \/>\n<meta name=\"author\" content=\"G4A\" \/>\n<meta name=\"twitter:card\" content=\"summary_large_image\" \/>\n<meta name=\"twitter:creator\" content=\"@CentroUrbano\" \/>\n<meta name=\"twitter:site\" content=\"@CentroUrbano\" \/>\n<meta name=\"twitter:label1\" content=\"Escrito por\" \/>\n\t<meta name=\"twitter:data1\" content=\"G4A\" \/>\n\t<meta name=\"twitter:label2\" content=\"Tiempo de lectura\" \/>\n\t<meta name=\"twitter:data2\" content=\"2 minutos\" \/>\n<script type=\"application\/ld+json\" class=\"yoast-schema-graph\">{\"@context\":\"https:\\\/\\\/schema.org\",\"@graph\":[{\"@type\":\"Article\",\"@id\":\"https:\\\/\\\/centrourbano.com\\\/revista\\\/opinion\\\/trimestre-ensueno-sector-vivienda\\\/#article\",\"isPartOf\":{\"@id\":\"https:\\\/\\\/centrourbano.com\\\/revista\\\/opinion\\\/trimestre-ensueno-sector-vivienda\\\/\"},\"author\":{\"name\":\"G4A\",\"@id\":\"https:\\\/\\\/centrourbano.com\\\/revista\\\/#\\\/schema\\\/person\\\/370fa0ba2d8dd5bde3fdb8b62ad360aa\"},\"headline\":\"Trimestre de ensue\u00f1o para el sector vivienda\",\"datePublished\":\"2016-08-01T16:23:10+00:00\",\"dateModified\":\"2016-08-01T16:25:40+00:00\",\"mainEntityOfPage\":{\"@id\":\"https:\\\/\\\/centrourbano.com\\\/revista\\\/opinion\\\/trimestre-ensueno-sector-vivienda\\\/\"},\"wordCount\":333,\"commentCount\":0,\"publisher\":{\"@id\":\"https:\\\/\\\/centrourbano.com\\\/revista\\\/#organization\"},\"image\":{\"@id\":\"https:\\\/\\\/centrourbano.com\\\/revista\\\/opinion\\\/trimestre-ensueno-sector-vivienda\\\/#primaryimage\"},\"thumbnailUrl\":\"https:\\\/\\\/centrourbano.com\\\/revista\\\/wp-content\\\/uploads\\\/Trimestre-de-ensue\u00f1o-para-el-sector-vivienda.png\",\"keywords\":[\"Conavi\",\"Consorcio ARA\",\"Horacio Urbano\",\"vivienda\"],\"articleSection\":[\"Desde la Casa\",\"Opini\u00f3n\"],\"inLanguage\":\"es\"},{\"@type\":\"WebPage\",\"@id\":\"https:\\\/\\\/centrourbano.com\\\/revista\\\/opinion\\\/trimestre-ensueno-sector-vivienda\\\/\",\"url\":\"https:\\\/\\\/centrourbano.com\\\/revista\\\/opinion\\\/trimestre-ensueno-sector-vivienda\\\/\",\"name\":\"Trimestre de ensue\u00f1o para el sector vivienda\",\"isPartOf\":{\"@id\":\"https:\\\/\\\/centrourbano.com\\\/revista\\\/#website\"},\"primaryImageOfPage\":{\"@id\":\"https:\\\/\\\/centrourbano.com\\\/revista\\\/opinion\\\/trimestre-ensueno-sector-vivienda\\\/#primaryimage\"},\"image\":{\"@id\":\"https:\\\/\\\/centrourbano.com\\\/revista\\\/opinion\\\/trimestre-ensueno-sector-vivienda\\\/#primaryimage\"},\"thumbnailUrl\":\"https:\\\/\\\/centrourbano.com\\\/revista\\\/wp-content\\\/uploads\\\/Trimestre-de-ensue\u00f1o-para-el-sector-vivienda.png\",\"datePublished\":\"2016-08-01T16:23:10+00:00\",\"dateModified\":\"2016-08-01T16:25:40+00:00\",\"description\":\"El reporte trimestral de Consorcio Ara fue contundente\u2026 Crecimientos con respecto al mismo periodo del a\u00f1o anterior de 8.2% en el n\u00famero de viviendas vendidas, 11.3% en ingresos, 31.2% en utilidad neta y 19.9% en Ebitda\u2026\",\"breadcrumb\":{\"@id\":\"https:\\\/\\\/centrourbano.com\\\/revista\\\/opinion\\\/trimestre-ensueno-sector-vivienda\\\/#breadcrumb\"},\"inLanguage\":\"es\",\"potentialAction\":[{\"@type\":\"ReadAction\",\"target\":[\"https:\\\/\\\/centrourbano.com\\\/revista\\\/opinion\\\/trimestre-ensueno-sector-vivienda\\\/\"]}]},{\"@type\":\"ImageObject\",\"inLanguage\":\"es\",\"@id\":\"https:\\\/\\\/centrourbano.com\\\/revista\\\/opinion\\\/trimestre-ensueno-sector-vivienda\\\/#primaryimage\",\"url\":\"https:\\\/\\\/centrourbano.com\\\/revista\\\/wp-content\\\/uploads\\\/Trimestre-de-ensue\u00f1o-para-el-sector-vivienda.png\",\"contentUrl\":\"https:\\\/\\\/centrourbano.com\\\/revista\\\/wp-content\\\/uploads\\\/Trimestre-de-ensue\u00f1o-para-el-sector-vivienda.png\",\"width\":500,\"height\":400,\"caption\":\"El reporte trimestral de Consorcio Ara fue contundente\u2026 Crecimientos con respecto al mismo periodo del a\u00f1o anterior de 8.2% en el n\u00famero de viviendas vendidas, 11.3% en ingresos, 31.2% en utilidad neta y 19.9% en Ebitda\u2026\"},{\"@type\":\"BreadcrumbList\",\"@id\":\"https:\\\/\\\/centrourbano.com\\\/revista\\\/opinion\\\/trimestre-ensueno-sector-vivienda\\\/#breadcrumb\",\"itemListElement\":[{\"@type\":\"ListItem\",\"position\":1,\"name\":\"Portada\",\"item\":\"https:\\\/\\\/centrourbano.com\\\/revista\\\/\"},{\"@type\":\"ListItem\",\"position\":2,\"name\":\"Trimestre de ensue\u00f1o para el sector vivienda\"}]},{\"@type\":\"WebSite\",\"@id\":\"https:\\\/\\\/centrourbano.com\\\/revista\\\/#website\",\"url\":\"https:\\\/\\\/centrourbano.com\\\/revista\\\/\",\"name\":\"Centro Urbano\",\"description\":\"Medio especializado en los sectores vivienda, inmobiliario, construcci\u00f3n, arquitectura y urbanismo.\",\"publisher\":{\"@id\":\"https:\\\/\\\/centrourbano.com\\\/revista\\\/#organization\"},\"potentialAction\":[{\"@type\":\"SearchAction\",\"target\":{\"@type\":\"EntryPoint\",\"urlTemplate\":\"https:\\\/\\\/centrourbano.com\\\/revista\\\/?s={search_term_string}\"},\"query-input\":{\"@type\":\"PropertyValueSpecification\",\"valueRequired\":true,\"valueName\":\"search_term_string\"}}],\"inLanguage\":\"es\"},{\"@type\":\"Organization\",\"@id\":\"https:\\\/\\\/centrourbano.com\\\/revista\\\/#organization\",\"name\":\"Centro Urbano\",\"url\":\"https:\\\/\\\/centrourbano.com\\\/revista\\\/\",\"logo\":{\"@type\":\"ImageObject\",\"inLanguage\":\"es\",\"@id\":\"https:\\\/\\\/centrourbano.com\\\/revista\\\/#\\\/schema\\\/logo\\\/image\\\/\",\"url\":\"https:\\\/\\\/centrourbano.com\\\/revista\\\/wp-content\\\/uploads\\\/web_CU_logo-1.png\",\"contentUrl\":\"https:\\\/\\\/centrourbano.com\\\/revista\\\/wp-content\\\/uploads\\\/web_CU_logo-1.png\",\"width\":350,\"height\":91,\"caption\":\"Centro Urbano\"},\"image\":{\"@id\":\"https:\\\/\\\/centrourbano.com\\\/revista\\\/#\\\/schema\\\/logo\\\/image\\\/\"},\"sameAs\":[\"https:\\\/\\\/www.facebook.com\\\/portalcentrourbano\",\"https:\\\/\\\/x.com\\\/CentroUrbano\",\"https:\\\/\\\/www.instagram.com\\\/centro_urbano\\\/\",\"https:\\\/\\\/www.linkedin.com\\\/company\\\/centro-urbano\\\/\",\"http:\\\/\\\/www.youtube.com\\\/user\\\/portalcentrourbano\"]},{\"@type\":\"Person\",\"@id\":\"https:\\\/\\\/centrourbano.com\\\/revista\\\/#\\\/schema\\\/person\\\/370fa0ba2d8dd5bde3fdb8b62ad360aa\",\"name\":\"G4A\",\"image\":{\"@type\":\"ImageObject\",\"inLanguage\":\"es\",\"@id\":\"https:\\\/\\\/secure.gravatar.com\\\/avatar\\\/932a97121b13d5de5bbd8193c6c83d3b92c9eda0f39623607d4280e7a5778d97?s=96&d=mm&r=g\",\"url\":\"https:\\\/\\\/secure.gravatar.com\\\/avatar\\\/932a97121b13d5de5bbd8193c6c83d3b92c9eda0f39623607d4280e7a5778d97?s=96&d=mm&r=g\",\"contentUrl\":\"https:\\\/\\\/secure.gravatar.com\\\/avatar\\\/932a97121b13d5de5bbd8193c6c83d3b92c9eda0f39623607d4280e7a5778d97?s=96&d=mm&r=g\",\"caption\":\"G4A\"},\"url\":\"https:\\\/\\\/centrourbano.com\\\/revista\\\/author\\\/admin-g4a\\\/\"}]}<\/script>\n<!-- \/ Yoast SEO plugin. -->","yoast_head_json":{"title":"Trimestre de ensue\u00f1o para el sector vivienda","description":"El reporte trimestral de Consorcio Ara fue contundente\u2026 Crecimientos con respecto al mismo periodo del a\u00f1o anterior de 8.2% en el n\u00famero de viviendas vendidas, 11.3% en ingresos, 31.2% en utilidad neta y 19.9% en Ebitda\u2026","robots":{"index":"index","follow":"follow","max-snippet":"max-snippet:-1","max-image-preview":"max-image-preview:large","max-video-preview":"max-video-preview:-1"},"canonical":"https:\/\/centrourbano.com\/revista\/opinion\/trimestre-ensueno-sector-vivienda\/","og_locale":"es_ES","og_type":"article","og_title":"Trimestre de ensue\u00f1o para el sector vivienda","og_description":"El reporte trimestral de Consorcio Ara fue contundente\u2026 Crecimientos con respecto al mismo periodo del a\u00f1o anterior de 8.2% en el n\u00famero de viviendas vendidas, 11.3% en ingresos, 31.2% en utilidad neta y 19.9% en Ebitda\u2026","og_url":"https:\/\/centrourbano.com\/revista\/opinion\/trimestre-ensueno-sector-vivienda\/","og_site_name":"Centro Urbano","article_publisher":"https:\/\/www.facebook.com\/portalcentrourbano","article_published_time":"2016-08-01T16:23:10+00:00","article_modified_time":"2016-08-01T16:25:40+00:00","og_image":[{"width":500,"height":400,"url":"https:\/\/centrourbano.com\/revista\/wp-content\/uploads\/Trimestre-de-ensue\u00f1o-para-el-sector-vivienda.png","type":"image\/png"}],"author":"G4A","twitter_card":"summary_large_image","twitter_creator":"@CentroUrbano","twitter_site":"@CentroUrbano","twitter_misc":{"Escrito por":"G4A","Tiempo de lectura":"2 minutos"},"schema":{"@context":"https:\/\/schema.org","@graph":[{"@type":"Article","@id":"https:\/\/centrourbano.com\/revista\/opinion\/trimestre-ensueno-sector-vivienda\/#article","isPartOf":{"@id":"https:\/\/centrourbano.com\/revista\/opinion\/trimestre-ensueno-sector-vivienda\/"},"author":{"name":"G4A","@id":"https:\/\/centrourbano.com\/revista\/#\/schema\/person\/370fa0ba2d8dd5bde3fdb8b62ad360aa"},"headline":"Trimestre de ensue\u00f1o para el sector vivienda","datePublished":"2016-08-01T16:23:10+00:00","dateModified":"2016-08-01T16:25:40+00:00","mainEntityOfPage":{"@id":"https:\/\/centrourbano.com\/revista\/opinion\/trimestre-ensueno-sector-vivienda\/"},"wordCount":333,"commentCount":0,"publisher":{"@id":"https:\/\/centrourbano.com\/revista\/#organization"},"image":{"@id":"https:\/\/centrourbano.com\/revista\/opinion\/trimestre-ensueno-sector-vivienda\/#primaryimage"},"thumbnailUrl":"https:\/\/centrourbano.com\/revista\/wp-content\/uploads\/Trimestre-de-ensue\u00f1o-para-el-sector-vivienda.png","keywords":["Conavi","Consorcio ARA","Horacio Urbano","vivienda"],"articleSection":["Desde la Casa","Opini\u00f3n"],"inLanguage":"es"},{"@type":"WebPage","@id":"https:\/\/centrourbano.com\/revista\/opinion\/trimestre-ensueno-sector-vivienda\/","url":"https:\/\/centrourbano.com\/revista\/opinion\/trimestre-ensueno-sector-vivienda\/","name":"Trimestre de ensue\u00f1o para el sector vivienda","isPartOf":{"@id":"https:\/\/centrourbano.com\/revista\/#website"},"primaryImageOfPage":{"@id":"https:\/\/centrourbano.com\/revista\/opinion\/trimestre-ensueno-sector-vivienda\/#primaryimage"},"image":{"@id":"https:\/\/centrourbano.com\/revista\/opinion\/trimestre-ensueno-sector-vivienda\/#primaryimage"},"thumbnailUrl":"https:\/\/centrourbano.com\/revista\/wp-content\/uploads\/Trimestre-de-ensue\u00f1o-para-el-sector-vivienda.png","datePublished":"2016-08-01T16:23:10+00:00","dateModified":"2016-08-01T16:25:40+00:00","description":"El reporte trimestral de Consorcio Ara fue contundente\u2026 Crecimientos con respecto al mismo periodo del a\u00f1o anterior de 8.2% en el n\u00famero de viviendas vendidas, 11.3% en ingresos, 31.2% en utilidad neta y 19.9% en Ebitda\u2026","breadcrumb":{"@id":"https:\/\/centrourbano.com\/revista\/opinion\/trimestre-ensueno-sector-vivienda\/#breadcrumb"},"inLanguage":"es","potentialAction":[{"@type":"ReadAction","target":["https:\/\/centrourbano.com\/revista\/opinion\/trimestre-ensueno-sector-vivienda\/"]}]},{"@type":"ImageObject","inLanguage":"es","@id":"https:\/\/centrourbano.com\/revista\/opinion\/trimestre-ensueno-sector-vivienda\/#primaryimage","url":"https:\/\/centrourbano.com\/revista\/wp-content\/uploads\/Trimestre-de-ensue\u00f1o-para-el-sector-vivienda.png","contentUrl":"https:\/\/centrourbano.com\/revista\/wp-content\/uploads\/Trimestre-de-ensue\u00f1o-para-el-sector-vivienda.png","width":500,"height":400,"caption":"El reporte trimestral de Consorcio Ara fue contundente\u2026 Crecimientos con respecto al mismo periodo del a\u00f1o anterior de 8.2% en el n\u00famero de viviendas vendidas, 11.3% en ingresos, 31.2% en utilidad neta y 19.9% en Ebitda\u2026"},{"@type":"BreadcrumbList","@id":"https:\/\/centrourbano.com\/revista\/opinion\/trimestre-ensueno-sector-vivienda\/#breadcrumb","itemListElement":[{"@type":"ListItem","position":1,"name":"Portada","item":"https:\/\/centrourbano.com\/revista\/"},{"@type":"ListItem","position":2,"name":"Trimestre de ensue\u00f1o para el sector vivienda"}]},{"@type":"WebSite","@id":"https:\/\/centrourbano.com\/revista\/#website","url":"https:\/\/centrourbano.com\/revista\/","name":"Centro Urbano","description":"Medio especializado en los sectores vivienda, inmobiliario, construcci\u00f3n, arquitectura y urbanismo.","publisher":{"@id":"https:\/\/centrourbano.com\/revista\/#organization"},"potentialAction":[{"@type":"SearchAction","target":{"@type":"EntryPoint","urlTemplate":"https:\/\/centrourbano.com\/revista\/?s={search_term_string}"},"query-input":{"@type":"PropertyValueSpecification","valueRequired":true,"valueName":"search_term_string"}}],"inLanguage":"es"},{"@type":"Organization","@id":"https:\/\/centrourbano.com\/revista\/#organization","name":"Centro Urbano","url":"https:\/\/centrourbano.com\/revista\/","logo":{"@type":"ImageObject","inLanguage":"es","@id":"https:\/\/centrourbano.com\/revista\/#\/schema\/logo\/image\/","url":"https:\/\/centrourbano.com\/revista\/wp-content\/uploads\/web_CU_logo-1.png","contentUrl":"https:\/\/centrourbano.com\/revista\/wp-content\/uploads\/web_CU_logo-1.png","width":350,"height":91,"caption":"Centro Urbano"},"image":{"@id":"https:\/\/centrourbano.com\/revista\/#\/schema\/logo\/image\/"},"sameAs":["https:\/\/www.facebook.com\/portalcentrourbano","https:\/\/x.com\/CentroUrbano","https:\/\/www.instagram.com\/centro_urbano\/","https:\/\/www.linkedin.com\/company\/centro-urbano\/","http:\/\/www.youtube.com\/user\/portalcentrourbano"]},{"@type":"Person","@id":"https:\/\/centrourbano.com\/revista\/#\/schema\/person\/370fa0ba2d8dd5bde3fdb8b62ad360aa","name":"G4A","image":{"@type":"ImageObject","inLanguage":"es","@id":"https:\/\/secure.gravatar.com\/avatar\/932a97121b13d5de5bbd8193c6c83d3b92c9eda0f39623607d4280e7a5778d97?s=96&d=mm&r=g","url":"https:\/\/secure.gravatar.com\/avatar\/932a97121b13d5de5bbd8193c6c83d3b92c9eda0f39623607d4280e7a5778d97?s=96&d=mm&r=g","contentUrl":"https:\/\/secure.gravatar.com\/avatar\/932a97121b13d5de5bbd8193c6c83d3b92c9eda0f39623607d4280e7a5778d97?s=96&d=mm&r=g","caption":"G4A"},"url":"https:\/\/centrourbano.com\/revista\/author\/admin-g4a\/"}]}},"_links":{"self":[{"href":"https:\/\/centrourbano.com\/revista\/wp-json\/wp\/v2\/posts\/38147","targetHints":{"allow":["GET"]}}],"collection":[{"href":"https:\/\/centrourbano.com\/revista\/wp-json\/wp\/v2\/posts"}],"about":[{"href":"https:\/\/centrourbano.com\/revista\/wp-json\/wp\/v2\/types\/post"}],"author":[{"embeddable":true,"href":"https:\/\/centrourbano.com\/revista\/wp-json\/wp\/v2\/users\/77"}],"replies":[{"embeddable":true,"href":"https:\/\/centrourbano.com\/revista\/wp-json\/wp\/v2\/comments?post=38147"}],"version-history":[{"count":0,"href":"https:\/\/centrourbano.com\/revista\/wp-json\/wp\/v2\/posts\/38147\/revisions"}],"wp:featuredmedia":[{"embeddable":true,"href":"https:\/\/centrourbano.com\/revista\/wp-json\/wp\/v2\/media\/38150"}],"wp:attachment":[{"href":"https:\/\/centrourbano.com\/revista\/wp-json\/wp\/v2\/media?parent=38147"}],"wp:term":[{"taxonomy":"category","embeddable":true,"href":"https:\/\/centrourbano.com\/revista\/wp-json\/wp\/v2\/categories?post=38147"},{"taxonomy":"post_tag","embeddable":true,"href":"https:\/\/centrourbano.com\/revista\/wp-json\/wp\/v2\/tags?post=38147"}],"curies":[{"name":"wp","href":"https:\/\/api.w.org\/{rel}","templated":true}]}}