{"id":3809,"date":"2014-02-21T11:04:25","date_gmt":"2014-02-21T17:04:25","guid":{"rendered":"http:\/\/centrourbano.com\/?p=3809"},"modified":"2014-03-20T11:13:41","modified_gmt":"2014-03-20T17:13:41","slug":"indices-economicos-mantendran-tasas-historicas-santander","status":"publish","type":"post","link":"https:\/\/centrourbano.com\/revista\/entrevistas\/indices-economicos-mantendran-tasas-historicas-santander\/","title":{"rendered":"\u00cdndices econ\u00f3micos mantendr\u00e1n tasas hist\u00f3ricas: Santander"},"content":{"rendered":"<p style=\"text-align: left;\" align=\"center\"><em><span>El subdirector Comercial\u00a0Hipotecario de la instituci\u00f3n financiera destac\u00f3 que la necesidad de vivienda incentiva la b\u00fasqueda de mecanismos de financiamiento<\/span><\/em><\/p>\n<p><em>\u00a0<!--more--><\/em><\/p>\n<p>Durante 2013 Banco Santander coloc\u00f3 16 mil 802 hipotecas y en este a\u00f1o prev\u00e9 un incremento de 10 a 12 por ciento, aunque existe un ambiente de incertidumbre por parte de la poblaci\u00f3n por las cuestiones econ\u00f3micas y fiscales que hay en el pa\u00eds.<\/p>\n<p>\u00abUn cr\u00e9dito en particular es un producto que no puede dejar de darse y solicitarse por la simple y sencilla raz\u00f3n de la necesidad de la vivienda y al tener esta necesidad se tienen que buscar mecanismos para apoyar a los clientes. Nos sentimos muy orgullosos por haber apoyado a m\u00e1s de 16 mil familias\u00bb, expres\u00f3 Vicente Murgu\u00eda Mart\u00ednez, subdirector Comercial Hipotecario de Santander.<\/p>\n<p>Luego de su participaci\u00f3n en la ponencia Visi\u00f3n del financiamiento de vivienda a Pyme&#8217;s en el VII Sal\u00f3n Internacional de la Edificaci\u00f3n, Saie M\u00e9xico 2014, el cual se celebra en la ciudad de M\u00e9xico, Murgu\u00eda Mart\u00ednez concedi\u00f3 una entrevista a <b>Capital de M\u00e9xico<\/b>, e indic\u00f3 que este a\u00f1o ser\u00e1\u00a0positivo para el sector hipotecario.<\/p>\n<p>Destac\u00f3 que se cuenta con las tasas m\u00e1s bajas de los \u00faltimos 20 a\u00f1os, donde\u00a0la Tasa TIIE (Tasa de Inter\u00e9s Interbancaria de Equilibrio) que\u00a0es la\u00a0tasa representativa de las operaciones de cr\u00e9dito entre bancos y el referente para la tasa de inter\u00e9s de Santander, ha venido a la baja en los \u00faltimos 5 a\u00f1os; \u201cno obstante, esto no quiere decir que este a\u00f1o\u00a0seguir\u00e1 bajando de manera importante\u201d, precis\u00f3.<\/p>\n<p>\u00abCreemos y adem\u00e1s por proyecci\u00f3n del Banco de M\u00e9xico (Banxico), as\u00ed como por el entorno global que se est\u00e1 dando en el pa\u00eds con la relaci\u00f3n con otros pa\u00edses\u00a0como Canad\u00e1, en\u00a0Latinoam\u00e9rica e\u00a0incluso con\u00a0otros continentes,\u00a0que efectivamente s\u00ed\u00a0se van a manejar las cosas bien y eso\u00a0va a permitir que las tasas sigan por lo menos de la misma manera aunque s\u00ed podr\u00edan bajar pero muy poco\u00bb, expres\u00f3.<\/p>\n<p>El Subdirector de Santander indic\u00f3 que los clientes de esta instituci\u00f3n cuentan con un ingreso neto m\u00ednimo de 7 mil 500 pesos, mismos con los que se puede adquirir una casa con valor de cerca de 400 mil pesos, donde la banca tiene el objetivo de apoyar al cliente hasta donde \u00e9ste pueda pagarlo y no endeudarlo.<\/p>\n<p>\u00abSantander tiene muy claro\u00a0apoyar al cliente en su justo medio apoyando hasta donde puede, donde s\u00ed vienen a pedirme un cr\u00e9dito que no\u00a0lograr\u00e1n pagar ser\u00eda una acci\u00f3n muy irresponsable, por lo que esa decisi\u00f3n,\u00a0en t\u00e9rminos hipotecarios,\u00a0nos ha mantenido por ser cautelosos y cuidadosos en cuanto al riesgo\u00bb.<\/p>\n<p>En materia de cr\u00e9dito puente coment\u00f3 que \u00abel inter\u00e9s del banco es tener un crecimiento en cada uno de los productos, un crecimiento interanual donde\u00a0en algunos casos ser\u00e1 mejor que en otros\u00bb.<\/p>\n<p><b>CIFRA:<\/b>\u00a016,802 cr\u00e9ditos otorg\u00f3 la instituci\u00f3n durante 2013<\/p>\n","protected":false},"excerpt":{"rendered":"<p>El subdirector Comercial\u00a0Hipotecario de la instituci\u00f3n financiera destac\u00f3 que la necesidad de vivienda incentiva la b\u00fasqueda de mecanismos de financiamiento \u00a0<\/p>\n","protected":false},"author":8,"featured_media":0,"comment_status":"open","ping_status":"closed","sticky":false,"template":"","format":"standard","meta":{"om_disable_all_campaigns":false,"inline_featured_image":false,"_monsterinsights_skip_tracking":false,"_monsterinsights_sitenote_active":false,"_monsterinsights_sitenote_note":"","_monsterinsights_sitenote_category":0,"footnotes":""},"categories":[13],"tags":[1111,1113,1112],"class_list":["post-3809","post","type-post","status-publish","format-standard","hentry","category-entrevistas","tag-santander","tag-subdirector-comercial-hipotecario-de-santander","tag-vicente-murguia-martinez"],"yoast_head":"<!-- This site is optimized with the Yoast SEO plugin v27.5 - https:\/\/yoast.com\/product\/yoast-seo-wordpress\/ -->\n<title>\u00cdndices econ\u00f3micos mantendr\u00e1n tasas hist\u00f3ricas: Santander -<\/title>\n<meta name=\"description\" content=\"El subdirector Comercial\u00a0Hipotecario de la instituci\u00f3n financiera destac\u00f3 que la necesidad de vivienda incentiva la b\u00fasqueda de mecanismos de\" \/>\n<meta name=\"robots\" content=\"index, follow, max-snippet:-1, max-image-preview:large, max-video-preview:-1\" \/>\n<link rel=\"canonical\" href=\"https:\/\/centrourbano.com\/revista\/entrevistas\/indices-economicos-mantendran-tasas-historicas-santander\/\" \/>\n<meta property=\"og:locale\" content=\"es_ES\" \/>\n<meta property=\"og:type\" content=\"article\" \/>\n<meta property=\"og:title\" content=\"\u00cdndices econ\u00f3micos mantendr\u00e1n tasas hist\u00f3ricas: Santander -\" \/>\n<meta property=\"og:description\" content=\"El subdirector Comercial\u00a0Hipotecario de la instituci\u00f3n financiera destac\u00f3 que la necesidad de vivienda incentiva la b\u00fasqueda de mecanismos de\" \/>\n<meta property=\"og:url\" content=\"https:\/\/centrourbano.com\/revista\/entrevistas\/indices-economicos-mantendran-tasas-historicas-santander\/\" \/>\n<meta property=\"og:site_name\" content=\"Centro Urbano\" \/>\n<meta property=\"article:publisher\" content=\"https:\/\/www.facebook.com\/portalcentrourbano\" \/>\n<meta property=\"article:published_time\" content=\"2014-02-21T17:04:25+00:00\" \/>\n<meta property=\"article:modified_time\" content=\"2014-03-20T17:13:41+00:00\" \/>\n<meta property=\"og:image\" content=\"https:\/\/centrourbano.com\/revista\/wp-content\/uploads\/CU-logo.png\" \/>\n\t<meta property=\"og:image:width\" content=\"350\" \/>\n\t<meta property=\"og:image:height\" content=\"91\" \/>\n\t<meta property=\"og:image:type\" content=\"image\/png\" \/>\n<meta name=\"author\" content=\"Miriam Ram\u00edrez\" \/>\n<meta name=\"twitter:card\" content=\"summary_large_image\" \/>\n<meta name=\"twitter:creator\" content=\"@CentroUrbano\" \/>\n<meta name=\"twitter:site\" content=\"@CentroUrbano\" \/>\n<meta name=\"twitter:label1\" content=\"Escrito por\" \/>\n\t<meta name=\"twitter:data1\" content=\"Miriam Ram\u00edrez\" \/>\n\t<meta name=\"twitter:label2\" content=\"Tiempo de lectura\" \/>\n\t<meta name=\"twitter:data2\" content=\"3 minutos\" \/>\n<script type=\"application\/ld+json\" class=\"yoast-schema-graph\">{\"@context\":\"https:\\\/\\\/schema.org\",\"@graph\":[{\"@type\":\"Article\",\"@id\":\"https:\\\/\\\/centrourbano.com\\\/revista\\\/entrevistas\\\/indices-economicos-mantendran-tasas-historicas-santander\\\/#article\",\"isPartOf\":{\"@id\":\"https:\\\/\\\/centrourbano.com\\\/revista\\\/entrevistas\\\/indices-economicos-mantendran-tasas-historicas-santander\\\/\"},\"author\":{\"name\":\"Miriam Ram\u00edrez\",\"@id\":\"https:\\\/\\\/centrourbano.com\\\/revista\\\/#\\\/schema\\\/person\\\/4770be3c2a8976b8302c001466318721\"},\"headline\":\"\u00cdndices econ\u00f3micos mantendr\u00e1n tasas hist\u00f3ricas: Santander\",\"datePublished\":\"2014-02-21T17:04:25+00:00\",\"dateModified\":\"2014-03-20T17:13:41+00:00\",\"mainEntityOfPage\":{\"@id\":\"https:\\\/\\\/centrourbano.com\\\/revista\\\/entrevistas\\\/indices-economicos-mantendran-tasas-historicas-santander\\\/\"},\"wordCount\":519,\"commentCount\":0,\"publisher\":{\"@id\":\"https:\\\/\\\/centrourbano.com\\\/revista\\\/#organization\"},\"keywords\":[\"Santander\",\"subdirector Comercial Hipotecario de Santander\",\"Vicente Murgu\u00eda Mart\u00ednez\"],\"articleSection\":[\"Entrevistas\"],\"inLanguage\":\"es\",\"potentialAction\":[{\"@type\":\"CommentAction\",\"name\":\"Comment\",\"target\":[\"https:\\\/\\\/centrourbano.com\\\/revista\\\/entrevistas\\\/indices-economicos-mantendran-tasas-historicas-santander\\\/#respond\"]}]},{\"@type\":\"WebPage\",\"@id\":\"https:\\\/\\\/centrourbano.com\\\/revista\\\/entrevistas\\\/indices-economicos-mantendran-tasas-historicas-santander\\\/\",\"url\":\"https:\\\/\\\/centrourbano.com\\\/revista\\\/entrevistas\\\/indices-economicos-mantendran-tasas-historicas-santander\\\/\",\"name\":\"\u00cdndices econ\u00f3micos mantendr\u00e1n tasas hist\u00f3ricas: Santander -\",\"isPartOf\":{\"@id\":\"https:\\\/\\\/centrourbano.com\\\/revista\\\/#website\"},\"datePublished\":\"2014-02-21T17:04:25+00:00\",\"dateModified\":\"2014-03-20T17:13:41+00:00\",\"description\":\"El subdirector Comercial\u00a0Hipotecario de la instituci\u00f3n financiera destac\u00f3 que la necesidad de vivienda incentiva la b\u00fasqueda de mecanismos de\",\"breadcrumb\":{\"@id\":\"https:\\\/\\\/centrourbano.com\\\/revista\\\/entrevistas\\\/indices-economicos-mantendran-tasas-historicas-santander\\\/#breadcrumb\"},\"inLanguage\":\"es\",\"potentialAction\":[{\"@type\":\"ReadAction\",\"target\":[\"https:\\\/\\\/centrourbano.com\\\/revista\\\/entrevistas\\\/indices-economicos-mantendran-tasas-historicas-santander\\\/\"]}]},{\"@type\":\"BreadcrumbList\",\"@id\":\"https:\\\/\\\/centrourbano.com\\\/revista\\\/entrevistas\\\/indices-economicos-mantendran-tasas-historicas-santander\\\/#breadcrumb\",\"itemListElement\":[{\"@type\":\"ListItem\",\"position\":1,\"name\":\"Portada\",\"item\":\"https:\\\/\\\/centrourbano.com\\\/revista\\\/\"},{\"@type\":\"ListItem\",\"position\":2,\"name\":\"\u00cdndices econ\u00f3micos mantendr\u00e1n tasas hist\u00f3ricas: Santander\"}]},{\"@type\":\"WebSite\",\"@id\":\"https:\\\/\\\/centrourbano.com\\\/revista\\\/#website\",\"url\":\"https:\\\/\\\/centrourbano.com\\\/revista\\\/\",\"name\":\"Centro Urbano\",\"description\":\"Medio especializado en los sectores vivienda, inmobiliario, construcci\u00f3n, arquitectura y urbanismo.\",\"publisher\":{\"@id\":\"https:\\\/\\\/centrourbano.com\\\/revista\\\/#organization\"},\"potentialAction\":[{\"@type\":\"SearchAction\",\"target\":{\"@type\":\"EntryPoint\",\"urlTemplate\":\"https:\\\/\\\/centrourbano.com\\\/revista\\\/?s={search_term_string}\"},\"query-input\":{\"@type\":\"PropertyValueSpecification\",\"valueRequired\":true,\"valueName\":\"search_term_string\"}}],\"inLanguage\":\"es\"},{\"@type\":\"Organization\",\"@id\":\"https:\\\/\\\/centrourbano.com\\\/revista\\\/#organization\",\"name\":\"Centro Urbano\",\"url\":\"https:\\\/\\\/centrourbano.com\\\/revista\\\/\",\"logo\":{\"@type\":\"ImageObject\",\"inLanguage\":\"es\",\"@id\":\"https:\\\/\\\/centrourbano.com\\\/revista\\\/#\\\/schema\\\/logo\\\/image\\\/\",\"url\":\"https:\\\/\\\/centrourbano.com\\\/revista\\\/wp-content\\\/uploads\\\/web_CU_logo-1.png\",\"contentUrl\":\"https:\\\/\\\/centrourbano.com\\\/revista\\\/wp-content\\\/uploads\\\/web_CU_logo-1.png\",\"width\":350,\"height\":91,\"caption\":\"Centro Urbano\"},\"image\":{\"@id\":\"https:\\\/\\\/centrourbano.com\\\/revista\\\/#\\\/schema\\\/logo\\\/image\\\/\"},\"sameAs\":[\"https:\\\/\\\/www.facebook.com\\\/portalcentrourbano\",\"https:\\\/\\\/x.com\\\/CentroUrbano\",\"https:\\\/\\\/www.instagram.com\\\/centro_urbano\\\/\",\"https:\\\/\\\/www.linkedin.com\\\/company\\\/centro-urbano\\\/\",\"http:\\\/\\\/www.youtube.com\\\/user\\\/portalcentrourbano\"]},{\"@type\":\"Person\",\"@id\":\"https:\\\/\\\/centrourbano.com\\\/revista\\\/#\\\/schema\\\/person\\\/4770be3c2a8976b8302c001466318721\",\"name\":\"Miriam Ram\u00edrez\",\"image\":{\"@type\":\"ImageObject\",\"inLanguage\":\"es\",\"@id\":\"https:\\\/\\\/secure.gravatar.com\\\/avatar\\\/52e1e49302f0128090863d692f98b177207156043d7f590fa6a3f55395c77a19?s=96&d=mm&r=g\",\"url\":\"https:\\\/\\\/secure.gravatar.com\\\/avatar\\\/52e1e49302f0128090863d692f98b177207156043d7f590fa6a3f55395c77a19?s=96&d=mm&r=g\",\"contentUrl\":\"https:\\\/\\\/secure.gravatar.com\\\/avatar\\\/52e1e49302f0128090863d692f98b177207156043d7f590fa6a3f55395c77a19?s=96&d=mm&r=g\",\"caption\":\"Miriam Ram\u00edrez\"},\"description\":\"Egresada de la FES Arag\u00f3n, UNAM; con experiencia en el ramo agropecuario en el suplemento AgroXXI de Milenio, hoy desde Centro Urbano reporta las noticias con temas que ata\u00f1en a las grandes ramas de la industria habitacional como el sector inmobiliario, hipotecario y vivienda; le apasiona todo aquello que vale la pena: la escritura, la m\u00fasica y la lectura.\",\"sameAs\":[\"http:\\\/\\\/@MiriamR_CU\"],\"url\":\"https:\\\/\\\/centrourbano.com\\\/revista\\\/author\\\/miriam-ramirez\\\/\"}]}<\/script>\n<!-- \/ Yoast SEO plugin. -->","yoast_head_json":{"title":"\u00cdndices econ\u00f3micos mantendr\u00e1n tasas hist\u00f3ricas: Santander -","description":"El subdirector Comercial\u00a0Hipotecario de la instituci\u00f3n financiera destac\u00f3 que la necesidad de vivienda incentiva la b\u00fasqueda de mecanismos de","robots":{"index":"index","follow":"follow","max-snippet":"max-snippet:-1","max-image-preview":"max-image-preview:large","max-video-preview":"max-video-preview:-1"},"canonical":"https:\/\/centrourbano.com\/revista\/entrevistas\/indices-economicos-mantendran-tasas-historicas-santander\/","og_locale":"es_ES","og_type":"article","og_title":"\u00cdndices econ\u00f3micos mantendr\u00e1n tasas hist\u00f3ricas: Santander -","og_description":"El subdirector Comercial\u00a0Hipotecario de la instituci\u00f3n financiera destac\u00f3 que la necesidad de vivienda incentiva la b\u00fasqueda de mecanismos de","og_url":"https:\/\/centrourbano.com\/revista\/entrevistas\/indices-economicos-mantendran-tasas-historicas-santander\/","og_site_name":"Centro Urbano","article_publisher":"https:\/\/www.facebook.com\/portalcentrourbano","article_published_time":"2014-02-21T17:04:25+00:00","article_modified_time":"2014-03-20T17:13:41+00:00","og_image":[{"width":350,"height":91,"url":"https:\/\/centrourbano.com\/revista\/wp-content\/uploads\/CU-logo.png","type":"image\/png"}],"author":"Miriam Ram\u00edrez","twitter_card":"summary_large_image","twitter_creator":"@CentroUrbano","twitter_site":"@CentroUrbano","twitter_misc":{"Escrito por":"Miriam Ram\u00edrez","Tiempo de lectura":"3 minutos"},"schema":{"@context":"https:\/\/schema.org","@graph":[{"@type":"Article","@id":"https:\/\/centrourbano.com\/revista\/entrevistas\/indices-economicos-mantendran-tasas-historicas-santander\/#article","isPartOf":{"@id":"https:\/\/centrourbano.com\/revista\/entrevistas\/indices-economicos-mantendran-tasas-historicas-santander\/"},"author":{"name":"Miriam Ram\u00edrez","@id":"https:\/\/centrourbano.com\/revista\/#\/schema\/person\/4770be3c2a8976b8302c001466318721"},"headline":"\u00cdndices econ\u00f3micos mantendr\u00e1n tasas hist\u00f3ricas: Santander","datePublished":"2014-02-21T17:04:25+00:00","dateModified":"2014-03-20T17:13:41+00:00","mainEntityOfPage":{"@id":"https:\/\/centrourbano.com\/revista\/entrevistas\/indices-economicos-mantendran-tasas-historicas-santander\/"},"wordCount":519,"commentCount":0,"publisher":{"@id":"https:\/\/centrourbano.com\/revista\/#organization"},"keywords":["Santander","subdirector Comercial Hipotecario de Santander","Vicente Murgu\u00eda Mart\u00ednez"],"articleSection":["Entrevistas"],"inLanguage":"es","potentialAction":[{"@type":"CommentAction","name":"Comment","target":["https:\/\/centrourbano.com\/revista\/entrevistas\/indices-economicos-mantendran-tasas-historicas-santander\/#respond"]}]},{"@type":"WebPage","@id":"https:\/\/centrourbano.com\/revista\/entrevistas\/indices-economicos-mantendran-tasas-historicas-santander\/","url":"https:\/\/centrourbano.com\/revista\/entrevistas\/indices-economicos-mantendran-tasas-historicas-santander\/","name":"\u00cdndices econ\u00f3micos mantendr\u00e1n tasas hist\u00f3ricas: Santander -","isPartOf":{"@id":"https:\/\/centrourbano.com\/revista\/#website"},"datePublished":"2014-02-21T17:04:25+00:00","dateModified":"2014-03-20T17:13:41+00:00","description":"El subdirector Comercial\u00a0Hipotecario de la instituci\u00f3n financiera destac\u00f3 que la necesidad de vivienda incentiva la b\u00fasqueda de mecanismos de","breadcrumb":{"@id":"https:\/\/centrourbano.com\/revista\/entrevistas\/indices-economicos-mantendran-tasas-historicas-santander\/#breadcrumb"},"inLanguage":"es","potentialAction":[{"@type":"ReadAction","target":["https:\/\/centrourbano.com\/revista\/entrevistas\/indices-economicos-mantendran-tasas-historicas-santander\/"]}]},{"@type":"BreadcrumbList","@id":"https:\/\/centrourbano.com\/revista\/entrevistas\/indices-economicos-mantendran-tasas-historicas-santander\/#breadcrumb","itemListElement":[{"@type":"ListItem","position":1,"name":"Portada","item":"https:\/\/centrourbano.com\/revista\/"},{"@type":"ListItem","position":2,"name":"\u00cdndices econ\u00f3micos mantendr\u00e1n tasas hist\u00f3ricas: Santander"}]},{"@type":"WebSite","@id":"https:\/\/centrourbano.com\/revista\/#website","url":"https:\/\/centrourbano.com\/revista\/","name":"Centro Urbano","description":"Medio especializado en los sectores vivienda, inmobiliario, construcci\u00f3n, arquitectura y urbanismo.","publisher":{"@id":"https:\/\/centrourbano.com\/revista\/#organization"},"potentialAction":[{"@type":"SearchAction","target":{"@type":"EntryPoint","urlTemplate":"https:\/\/centrourbano.com\/revista\/?s={search_term_string}"},"query-input":{"@type":"PropertyValueSpecification","valueRequired":true,"valueName":"search_term_string"}}],"inLanguage":"es"},{"@type":"Organization","@id":"https:\/\/centrourbano.com\/revista\/#organization","name":"Centro Urbano","url":"https:\/\/centrourbano.com\/revista\/","logo":{"@type":"ImageObject","inLanguage":"es","@id":"https:\/\/centrourbano.com\/revista\/#\/schema\/logo\/image\/","url":"https:\/\/centrourbano.com\/revista\/wp-content\/uploads\/web_CU_logo-1.png","contentUrl":"https:\/\/centrourbano.com\/revista\/wp-content\/uploads\/web_CU_logo-1.png","width":350,"height":91,"caption":"Centro Urbano"},"image":{"@id":"https:\/\/centrourbano.com\/revista\/#\/schema\/logo\/image\/"},"sameAs":["https:\/\/www.facebook.com\/portalcentrourbano","https:\/\/x.com\/CentroUrbano","https:\/\/www.instagram.com\/centro_urbano\/","https:\/\/www.linkedin.com\/company\/centro-urbano\/","http:\/\/www.youtube.com\/user\/portalcentrourbano"]},{"@type":"Person","@id":"https:\/\/centrourbano.com\/revista\/#\/schema\/person\/4770be3c2a8976b8302c001466318721","name":"Miriam Ram\u00edrez","image":{"@type":"ImageObject","inLanguage":"es","@id":"https:\/\/secure.gravatar.com\/avatar\/52e1e49302f0128090863d692f98b177207156043d7f590fa6a3f55395c77a19?s=96&d=mm&r=g","url":"https:\/\/secure.gravatar.com\/avatar\/52e1e49302f0128090863d692f98b177207156043d7f590fa6a3f55395c77a19?s=96&d=mm&r=g","contentUrl":"https:\/\/secure.gravatar.com\/avatar\/52e1e49302f0128090863d692f98b177207156043d7f590fa6a3f55395c77a19?s=96&d=mm&r=g","caption":"Miriam Ram\u00edrez"},"description":"Egresada de la FES Arag\u00f3n, UNAM; con experiencia en el ramo agropecuario en el suplemento AgroXXI de Milenio, hoy desde Centro Urbano reporta las noticias con temas que ata\u00f1en a las grandes ramas de la industria habitacional como el sector inmobiliario, hipotecario y vivienda; le apasiona todo aquello que vale la pena: la escritura, la m\u00fasica y la lectura.","sameAs":["http:\/\/@MiriamR_CU"],"url":"https:\/\/centrourbano.com\/revista\/author\/miriam-ramirez\/"}]}},"_links":{"self":[{"href":"https:\/\/centrourbano.com\/revista\/wp-json\/wp\/v2\/posts\/3809","targetHints":{"allow":["GET"]}}],"collection":[{"href":"https:\/\/centrourbano.com\/revista\/wp-json\/wp\/v2\/posts"}],"about":[{"href":"https:\/\/centrourbano.com\/revista\/wp-json\/wp\/v2\/types\/post"}],"author":[{"embeddable":true,"href":"https:\/\/centrourbano.com\/revista\/wp-json\/wp\/v2\/users\/8"}],"replies":[{"embeddable":true,"href":"https:\/\/centrourbano.com\/revista\/wp-json\/wp\/v2\/comments?post=3809"}],"version-history":[{"count":0,"href":"https:\/\/centrourbano.com\/revista\/wp-json\/wp\/v2\/posts\/3809\/revisions"}],"wp:attachment":[{"href":"https:\/\/centrourbano.com\/revista\/wp-json\/wp\/v2\/media?parent=3809"}],"wp:term":[{"taxonomy":"category","embeddable":true,"href":"https:\/\/centrourbano.com\/revista\/wp-json\/wp\/v2\/categories?post=3809"},{"taxonomy":"post_tag","embeddable":true,"href":"https:\/\/centrourbano.com\/revista\/wp-json\/wp\/v2\/tags?post=3809"}],"curies":[{"name":"wp","href":"https:\/\/api.w.org\/{rel}","templated":true}]}}