{"id":37977,"date":"2016-07-27T14:51:02","date_gmt":"2016-07-27T19:51:02","guid":{"rendered":"https:\/\/centrourbano.com\/?p=37977"},"modified":"2016-07-27T14:52:22","modified_gmt":"2016-07-27T19:52:22","slug":"musica-talleres-y-cine-se-alistan-para-septima-noche-de-museos","status":"publish","type":"post","link":"https:\/\/centrourbano.com\/revista\/actualidad\/musica-talleres-y-cine-se-alistan-para-septima-noche-de-museos\/","title":{"rendered":"M\u00fasica, talleres y cine se alistan para s\u00e9ptima noche de museos"},"content":{"rendered":"<p><em>Museo del Estanquillo, de la Revoluci\u00f3n, Archivo de la Fotograf\u00eda, el Pante\u00f3n San Fernando algunas de las sedes<\/em><br \/>\n<!--more--><\/p>\n<p>La s\u00e9ptima noche de museos de este a\u00f1o en la Ciudad de M\u00e9xico, se realizar\u00e1 este mi\u00e9rcoles desde la 7 de la tarde y hasta las 10 de la noche, en la que los capitalinos podr\u00e1n disfrutar de distintas actividades culturales, como recorridos por museos, teatro, m\u00fasica y una exhibici\u00f3n de autos. <\/p>\n<p>Las actividades se realizar\u00e1n en los museos del Estanquillo, de la Revoluci\u00f3n, Archivo de la Fotograf\u00eda, el Pante\u00f3n San Fernando y el Archivo Hist\u00f3rico de la Ciudad de M\u00e9xico, la entrada a estos recintos ser\u00e1 gratuita. <\/p>\n<p>En el Museo Archivo de la Fotograf\u00eda (MAF) el equipo de Instagram M\u00e9xico dar\u00e1 a las 19:00 horas un taller de estrategias para capturar y compartir im\u00e1genes en su plataforma; adem\u00e1s, el p\u00fablico podr\u00e1 disfrutar de las exposiciones Luz Port\u00e1til y Rasgos Comunes. <\/p>\n<p>Para los amantes de la historia, el Museo Nacional de la Revoluci\u00f3n tendr\u00e1 un recorrido por su muestra permanente, compuesta por m\u00e1s de 3,000 piezas, desde documentos fotogr\u00e1ficos hasta vestimentas y mobiliario t\u00edpico del porfiriato.<\/p>\n<p>Tambi\u00e9n se realizar\u00e1 un taller sobre c\u00f3mo reciclar envases de tetra pack; una conferencia sobre Neuroest\u00e9tica y Neurociencia, as\u00ed como visitas guiadas a su exposici\u00f3n Universo est\u00e9tico de Ernesto Garc\u00eda Cabral, todo esto en el Museo del Estanquillo a las 21:00 horas. <\/p>\n<p>Mientras que en el Museo Pante\u00f3n de San Fernando a las 7 de la tarde, se realizar\u00e1 una visita guiada por el lugar, a cargo de una pla\u00f1idera, mujer que era contratada para ir a llorar a los funerales. <\/p>\n<p>A la misma hora, pero en el Archivo Hist\u00f3rico de la Ciudad de M\u00e9xico se relatar\u00e1 la historia de la Casa de los Condes Heras Soto y posteriormente se hablar\u00e1 sobre el acervo documental de este espacio cultural.<\/p>\n<p>La muestra de autos a escala se realizar\u00e1 en el Museo Franz Mayer, en donde se mostrar\u00e1n 300 autos de diferentes \u00e9pocas, marcas y procedencias a diversas escalas. La exposici\u00f3n estar\u00e1 acompa\u00f1ada por m\u00fasica de Jos\u00e9 Felipe Mej\u00eda. <\/p>\n<p>Tambi\u00e9n la noche de museos incluye la proyecci\u00f3n de la pel\u00edcula La invenci\u00f3n de Hugo Cabret, a las seis de la tarde en la Galer\u00eda de Historia del Museo del Caracol; mientras que una hora m\u00e1s tarde, el Colegio de San Ildefonso, que actualmente exhibe Rastros y vestigios, proyectar\u00e1 Shakespeare apasionado.<\/p>\n<p>Asimismo, habr\u00e1 espacio para las artes esc\u00e9nicas en el Centro Cultural del M\u00e9xico Contempor\u00e1neo se presentar\u00e1 la obra Antes y despu\u00e9s de Cervantes a las 18:30 horas y en el Museo de Historia Natural se ofrecer\u00e1, a las 20:00 horas, teatro infantil: ABCDarwin.<\/p>\n<p>En el Ex-Convento de Culhuac\u00e1n se presentar\u00e1 al grupo de m\u00fasica prehisp\u00e1nica Los Infinitos Macehuales; en Casa Carranza habr\u00e1 un concierto con la soprano Guadalupe Mill\u00e1n y el pianista V\u00edctor Manuel Hern\u00e1ndez; en la Sinagoga Hist\u00f3rica Justo Sierra estar\u00e1 Perfect Roses, un concepto de m\u00fasica g\u00f3tica sinf\u00f3nica, y en la Casa de la Primera Imprenta habr\u00e1 m\u00fasica tradicional y colombiana con Chilangas y Chachacas. Los cuatro eventos se presentar\u00e1n a las 19:00 horas. <\/p>\n","protected":false},"excerpt":{"rendered":"<p>Museo del Estanquillo, de la Revoluci\u00f3n, Archivo de la Fotograf\u00eda, el Pante\u00f3n San Fernando algunas de las sedes<\/p>\n","protected":false},"author":1,"featured_media":37998,"comment_status":"open","ping_status":"closed","sticky":false,"template":"","format":"standard","meta":{"om_disable_all_campaigns":false,"inline_featured_image":false,"_monsterinsights_skip_tracking":false,"_monsterinsights_sitenote_active":false,"_monsterinsights_sitenote_note":"","_monsterinsights_sitenote_category":0,"footnotes":""},"categories":[80],"tags":[],"class_list":["post-37977","post","type-post","status-publish","format-standard","has-post-thumbnail","hentry","category-actualidad"],"yoast_head":"<!-- This site is optimized with the Yoast SEO plugin v27.4 - https:\/\/yoast.com\/product\/yoast-seo-wordpress\/ -->\n<title>M\u00fasica, talleres y cine se alistan para s\u00e9ptima noche de museos -<\/title>\n<meta name=\"description\" content=\"La s\u00e9ptima noche de museos de este a\u00f1o en la Ciudad de M\u00e9xico, se realizar\u00e1 este mi\u00e9rcoles desde la 7 de la tarde y hasta las 10 de la noche, en la que los capitalinos podr\u00e1n disfrutar de distintas actividades culturales, como recorridos por museos, teatro, m\u00fasica y una exhibici\u00f3n de autos.\" \/>\n<meta name=\"robots\" content=\"index, follow, max-snippet:-1, max-image-preview:large, max-video-preview:-1\" \/>\n<link rel=\"canonical\" href=\"https:\/\/centrourbano.com\/revista\/actualidad\/musica-talleres-y-cine-se-alistan-para-septima-noche-de-museos\/\" \/>\n<meta property=\"og:locale\" content=\"es_ES\" \/>\n<meta property=\"og:type\" content=\"article\" \/>\n<meta property=\"og:title\" content=\"M\u00fasica, talleres y cine se alistan para s\u00e9ptima noche de museos -\" \/>\n<meta property=\"og:description\" content=\"La s\u00e9ptima noche de museos de este a\u00f1o en la Ciudad de M\u00e9xico, se realizar\u00e1 este mi\u00e9rcoles desde la 7 de la tarde y hasta las 10 de la noche, en la que los capitalinos podr\u00e1n disfrutar de distintas actividades culturales, como recorridos por museos, teatro, m\u00fasica y una exhibici\u00f3n de autos.\" \/>\n<meta property=\"og:url\" content=\"https:\/\/centrourbano.com\/revista\/actualidad\/musica-talleres-y-cine-se-alistan-para-septima-noche-de-museos\/\" \/>\n<meta property=\"og:site_name\" content=\"Centro Urbano\" \/>\n<meta property=\"article:publisher\" content=\"https:\/\/www.facebook.com\/portalcentrourbano\" \/>\n<meta property=\"article:published_time\" content=\"2016-07-27T19:51:02+00:00\" \/>\n<meta property=\"article:modified_time\" content=\"2016-07-27T19:52:22+00:00\" \/>\n<meta property=\"og:image\" content=\"https:\/\/centrourbano.com\/revista\/wp-content\/uploads\/estanquillo.jpg\" \/>\n\t<meta property=\"og:image:width\" content=\"624\" \/>\n\t<meta property=\"og:image:height\" content=\"418\" \/>\n\t<meta property=\"og:image:type\" content=\"image\/jpeg\" \/>\n<meta name=\"author\" content=\"BlogCU 2022\" \/>\n<meta name=\"twitter:card\" content=\"summary_large_image\" \/>\n<meta name=\"twitter:creator\" content=\"@CentroUrbano\" \/>\n<meta name=\"twitter:site\" content=\"@CentroUrbano\" \/>\n<meta name=\"twitter:label1\" content=\"Escrito por\" \/>\n\t<meta name=\"twitter:data1\" content=\"BlogCU 2022\" \/>\n\t<meta name=\"twitter:label2\" content=\"Tiempo de lectura\" \/>\n\t<meta name=\"twitter:data2\" content=\"3 minutos\" \/>\n<script type=\"application\/ld+json\" class=\"yoast-schema-graph\">{\"@context\":\"https:\\\/\\\/schema.org\",\"@graph\":[{\"@type\":\"Article\",\"@id\":\"https:\\\/\\\/centrourbano.com\\\/revista\\\/actualidad\\\/musica-talleres-y-cine-se-alistan-para-septima-noche-de-museos\\\/#article\",\"isPartOf\":{\"@id\":\"https:\\\/\\\/centrourbano.com\\\/revista\\\/actualidad\\\/musica-talleres-y-cine-se-alistan-para-septima-noche-de-museos\\\/\"},\"author\":{\"name\":\"BlogCU 2022\",\"@id\":\"https:\\\/\\\/centrourbano.com\\\/revista\\\/#\\\/schema\\\/person\\\/26c0ab2d8952e32eb17ccf62f8e88ce6\"},\"headline\":\"M\u00fasica, talleres y cine se alistan para s\u00e9ptima noche de museos\",\"datePublished\":\"2016-07-27T19:51:02+00:00\",\"dateModified\":\"2016-07-27T19:52:22+00:00\",\"mainEntityOfPage\":{\"@id\":\"https:\\\/\\\/centrourbano.com\\\/revista\\\/actualidad\\\/musica-talleres-y-cine-se-alistan-para-septima-noche-de-museos\\\/\"},\"wordCount\":574,\"commentCount\":0,\"publisher\":{\"@id\":\"https:\\\/\\\/centrourbano.com\\\/revista\\\/#organization\"},\"image\":{\"@id\":\"https:\\\/\\\/centrourbano.com\\\/revista\\\/actualidad\\\/musica-talleres-y-cine-se-alistan-para-septima-noche-de-museos\\\/#primaryimage\"},\"thumbnailUrl\":\"https:\\\/\\\/centrourbano.com\\\/revista\\\/wp-content\\\/uploads\\\/estanquillo.jpg\",\"articleSection\":[\"Actualidad\"],\"inLanguage\":\"es\",\"potentialAction\":[{\"@type\":\"CommentAction\",\"name\":\"Comment\",\"target\":[\"https:\\\/\\\/centrourbano.com\\\/revista\\\/actualidad\\\/musica-talleres-y-cine-se-alistan-para-septima-noche-de-museos\\\/#respond\"]}]},{\"@type\":\"WebPage\",\"@id\":\"https:\\\/\\\/centrourbano.com\\\/revista\\\/actualidad\\\/musica-talleres-y-cine-se-alistan-para-septima-noche-de-museos\\\/\",\"url\":\"https:\\\/\\\/centrourbano.com\\\/revista\\\/actualidad\\\/musica-talleres-y-cine-se-alistan-para-septima-noche-de-museos\\\/\",\"name\":\"M\u00fasica, talleres y cine se alistan para s\u00e9ptima noche de museos -\",\"isPartOf\":{\"@id\":\"https:\\\/\\\/centrourbano.com\\\/revista\\\/#website\"},\"primaryImageOfPage\":{\"@id\":\"https:\\\/\\\/centrourbano.com\\\/revista\\\/actualidad\\\/musica-talleres-y-cine-se-alistan-para-septima-noche-de-museos\\\/#primaryimage\"},\"image\":{\"@id\":\"https:\\\/\\\/centrourbano.com\\\/revista\\\/actualidad\\\/musica-talleres-y-cine-se-alistan-para-septima-noche-de-museos\\\/#primaryimage\"},\"thumbnailUrl\":\"https:\\\/\\\/centrourbano.com\\\/revista\\\/wp-content\\\/uploads\\\/estanquillo.jpg\",\"datePublished\":\"2016-07-27T19:51:02+00:00\",\"dateModified\":\"2016-07-27T19:52:22+00:00\",\"description\":\"La s\u00e9ptima noche de museos de este a\u00f1o en la Ciudad de M\u00e9xico, se realizar\u00e1 este mi\u00e9rcoles desde la 7 de la tarde y hasta las 10 de la noche, en la que los capitalinos podr\u00e1n disfrutar de distintas actividades culturales, como recorridos por museos, teatro, m\u00fasica y una exhibici\u00f3n de autos.\",\"breadcrumb\":{\"@id\":\"https:\\\/\\\/centrourbano.com\\\/revista\\\/actualidad\\\/musica-talleres-y-cine-se-alistan-para-septima-noche-de-museos\\\/#breadcrumb\"},\"inLanguage\":\"es\",\"potentialAction\":[{\"@type\":\"ReadAction\",\"target\":[\"https:\\\/\\\/centrourbano.com\\\/revista\\\/actualidad\\\/musica-talleres-y-cine-se-alistan-para-septima-noche-de-museos\\\/\"]}]},{\"@type\":\"ImageObject\",\"inLanguage\":\"es\",\"@id\":\"https:\\\/\\\/centrourbano.com\\\/revista\\\/actualidad\\\/musica-talleres-y-cine-se-alistan-para-septima-noche-de-museos\\\/#primaryimage\",\"url\":\"https:\\\/\\\/centrourbano.com\\\/revista\\\/wp-content\\\/uploads\\\/estanquillo.jpg\",\"contentUrl\":\"https:\\\/\\\/centrourbano.com\\\/revista\\\/wp-content\\\/uploads\\\/estanquillo.jpg\",\"width\":624,\"height\":418,\"caption\":\"El d\u00eda de hoy de las 18:00 a las 22:00 horas el p\u00fablico podr\u00e1 disfrutar de recintos como La Casa del Poeta, el Museo de los Ferrocarrileros, el Museo Nacional de la Revoluci\u00f3n, el Museo Mural Diego Rivera, el Museo del Estanquillo y el Laboratorio Arte Alameda, entre otros\"},{\"@type\":\"BreadcrumbList\",\"@id\":\"https:\\\/\\\/centrourbano.com\\\/revista\\\/actualidad\\\/musica-talleres-y-cine-se-alistan-para-septima-noche-de-museos\\\/#breadcrumb\",\"itemListElement\":[{\"@type\":\"ListItem\",\"position\":1,\"name\":\"Portada\",\"item\":\"https:\\\/\\\/centrourbano.com\\\/revista\\\/\"},{\"@type\":\"ListItem\",\"position\":2,\"name\":\"M\u00fasica, talleres y cine se alistan para s\u00e9ptima noche de museos\"}]},{\"@type\":\"WebSite\",\"@id\":\"https:\\\/\\\/centrourbano.com\\\/revista\\\/#website\",\"url\":\"https:\\\/\\\/centrourbano.com\\\/revista\\\/\",\"name\":\"Centro Urbano\",\"description\":\"Medio especializado en los sectores vivienda, inmobiliario, construcci\u00f3n, arquitectura y urbanismo.\",\"publisher\":{\"@id\":\"https:\\\/\\\/centrourbano.com\\\/revista\\\/#organization\"},\"potentialAction\":[{\"@type\":\"SearchAction\",\"target\":{\"@type\":\"EntryPoint\",\"urlTemplate\":\"https:\\\/\\\/centrourbano.com\\\/revista\\\/?s={search_term_string}\"},\"query-input\":{\"@type\":\"PropertyValueSpecification\",\"valueRequired\":true,\"valueName\":\"search_term_string\"}}],\"inLanguage\":\"es\"},{\"@type\":\"Organization\",\"@id\":\"https:\\\/\\\/centrourbano.com\\\/revista\\\/#organization\",\"name\":\"Centro Urbano\",\"url\":\"https:\\\/\\\/centrourbano.com\\\/revista\\\/\",\"logo\":{\"@type\":\"ImageObject\",\"inLanguage\":\"es\",\"@id\":\"https:\\\/\\\/centrourbano.com\\\/revista\\\/#\\\/schema\\\/logo\\\/image\\\/\",\"url\":\"https:\\\/\\\/centrourbano.com\\\/revista\\\/wp-content\\\/uploads\\\/web_CU_logo-1.png\",\"contentUrl\":\"https:\\\/\\\/centrourbano.com\\\/revista\\\/wp-content\\\/uploads\\\/web_CU_logo-1.png\",\"width\":350,\"height\":91,\"caption\":\"Centro Urbano\"},\"image\":{\"@id\":\"https:\\\/\\\/centrourbano.com\\\/revista\\\/#\\\/schema\\\/logo\\\/image\\\/\"},\"sameAs\":[\"https:\\\/\\\/www.facebook.com\\\/portalcentrourbano\",\"https:\\\/\\\/x.com\\\/CentroUrbano\",\"https:\\\/\\\/www.instagram.com\\\/centro_urbano\\\/\",\"https:\\\/\\\/www.linkedin.com\\\/company\\\/centro-urbano\\\/\",\"http:\\\/\\\/www.youtube.com\\\/user\\\/portalcentrourbano\"]},{\"@type\":\"Person\",\"@id\":\"https:\\\/\\\/centrourbano.com\\\/revista\\\/#\\\/schema\\\/person\\\/26c0ab2d8952e32eb17ccf62f8e88ce6\",\"name\":\"BlogCU 2022\",\"image\":{\"@type\":\"ImageObject\",\"inLanguage\":\"es\",\"@id\":\"https:\\\/\\\/secure.gravatar.com\\\/avatar\\\/5ec2975f6d4b1643c723f08ef135c488131c64cba4524740d438f2e04dbeacdc?s=96&d=mm&r=g\",\"url\":\"https:\\\/\\\/secure.gravatar.com\\\/avatar\\\/5ec2975f6d4b1643c723f08ef135c488131c64cba4524740d438f2e04dbeacdc?s=96&d=mm&r=g\",\"contentUrl\":\"https:\\\/\\\/secure.gravatar.com\\\/avatar\\\/5ec2975f6d4b1643c723f08ef135c488131c64cba4524740d438f2e04dbeacdc?s=96&d=mm&r=g\",\"caption\":\"BlogCU 2022\"},\"url\":\"https:\\\/\\\/centrourbano.com\\\/revista\\\/author\\\/BlogCU 2022\\\/\"}]}<\/script>\n<!-- \/ Yoast SEO plugin. -->","yoast_head_json":{"title":"M\u00fasica, talleres y cine se alistan para s\u00e9ptima noche de museos -","description":"La s\u00e9ptima noche de museos de este a\u00f1o en la Ciudad de M\u00e9xico, se realizar\u00e1 este mi\u00e9rcoles desde la 7 de la tarde y hasta las 10 de la noche, en la que los capitalinos podr\u00e1n disfrutar de distintas actividades culturales, como recorridos por museos, teatro, m\u00fasica y una exhibici\u00f3n de autos.","robots":{"index":"index","follow":"follow","max-snippet":"max-snippet:-1","max-image-preview":"max-image-preview:large","max-video-preview":"max-video-preview:-1"},"canonical":"https:\/\/centrourbano.com\/revista\/actualidad\/musica-talleres-y-cine-se-alistan-para-septima-noche-de-museos\/","og_locale":"es_ES","og_type":"article","og_title":"M\u00fasica, talleres y cine se alistan para s\u00e9ptima noche de museos -","og_description":"La s\u00e9ptima noche de museos de este a\u00f1o en la Ciudad de M\u00e9xico, se realizar\u00e1 este mi\u00e9rcoles desde la 7 de la tarde y hasta las 10 de la noche, en la que los capitalinos podr\u00e1n disfrutar de distintas actividades culturales, como recorridos por museos, teatro, m\u00fasica y una exhibici\u00f3n de autos.","og_url":"https:\/\/centrourbano.com\/revista\/actualidad\/musica-talleres-y-cine-se-alistan-para-septima-noche-de-museos\/","og_site_name":"Centro Urbano","article_publisher":"https:\/\/www.facebook.com\/portalcentrourbano","article_published_time":"2016-07-27T19:51:02+00:00","article_modified_time":"2016-07-27T19:52:22+00:00","og_image":[{"width":624,"height":418,"url":"https:\/\/centrourbano.com\/revista\/wp-content\/uploads\/estanquillo.jpg","type":"image\/jpeg"}],"author":"BlogCU 2022","twitter_card":"summary_large_image","twitter_creator":"@CentroUrbano","twitter_site":"@CentroUrbano","twitter_misc":{"Escrito por":"BlogCU 2022","Tiempo de lectura":"3 minutos"},"schema":{"@context":"https:\/\/schema.org","@graph":[{"@type":"Article","@id":"https:\/\/centrourbano.com\/revista\/actualidad\/musica-talleres-y-cine-se-alistan-para-septima-noche-de-museos\/#article","isPartOf":{"@id":"https:\/\/centrourbano.com\/revista\/actualidad\/musica-talleres-y-cine-se-alistan-para-septima-noche-de-museos\/"},"author":{"name":"BlogCU 2022","@id":"https:\/\/centrourbano.com\/revista\/#\/schema\/person\/26c0ab2d8952e32eb17ccf62f8e88ce6"},"headline":"M\u00fasica, talleres y cine se alistan para s\u00e9ptima noche de museos","datePublished":"2016-07-27T19:51:02+00:00","dateModified":"2016-07-27T19:52:22+00:00","mainEntityOfPage":{"@id":"https:\/\/centrourbano.com\/revista\/actualidad\/musica-talleres-y-cine-se-alistan-para-septima-noche-de-museos\/"},"wordCount":574,"commentCount":0,"publisher":{"@id":"https:\/\/centrourbano.com\/revista\/#organization"},"image":{"@id":"https:\/\/centrourbano.com\/revista\/actualidad\/musica-talleres-y-cine-se-alistan-para-septima-noche-de-museos\/#primaryimage"},"thumbnailUrl":"https:\/\/centrourbano.com\/revista\/wp-content\/uploads\/estanquillo.jpg","articleSection":["Actualidad"],"inLanguage":"es","potentialAction":[{"@type":"CommentAction","name":"Comment","target":["https:\/\/centrourbano.com\/revista\/actualidad\/musica-talleres-y-cine-se-alistan-para-septima-noche-de-museos\/#respond"]}]},{"@type":"WebPage","@id":"https:\/\/centrourbano.com\/revista\/actualidad\/musica-talleres-y-cine-se-alistan-para-septima-noche-de-museos\/","url":"https:\/\/centrourbano.com\/revista\/actualidad\/musica-talleres-y-cine-se-alistan-para-septima-noche-de-museos\/","name":"M\u00fasica, talleres y cine se alistan para s\u00e9ptima noche de museos -","isPartOf":{"@id":"https:\/\/centrourbano.com\/revista\/#website"},"primaryImageOfPage":{"@id":"https:\/\/centrourbano.com\/revista\/actualidad\/musica-talleres-y-cine-se-alistan-para-septima-noche-de-museos\/#primaryimage"},"image":{"@id":"https:\/\/centrourbano.com\/revista\/actualidad\/musica-talleres-y-cine-se-alistan-para-septima-noche-de-museos\/#primaryimage"},"thumbnailUrl":"https:\/\/centrourbano.com\/revista\/wp-content\/uploads\/estanquillo.jpg","datePublished":"2016-07-27T19:51:02+00:00","dateModified":"2016-07-27T19:52:22+00:00","description":"La s\u00e9ptima noche de museos de este a\u00f1o en la Ciudad de M\u00e9xico, se realizar\u00e1 este mi\u00e9rcoles desde la 7 de la tarde y hasta las 10 de la noche, en la que los capitalinos podr\u00e1n disfrutar de distintas actividades culturales, como recorridos por museos, teatro, m\u00fasica y una exhibici\u00f3n de autos.","breadcrumb":{"@id":"https:\/\/centrourbano.com\/revista\/actualidad\/musica-talleres-y-cine-se-alistan-para-septima-noche-de-museos\/#breadcrumb"},"inLanguage":"es","potentialAction":[{"@type":"ReadAction","target":["https:\/\/centrourbano.com\/revista\/actualidad\/musica-talleres-y-cine-se-alistan-para-septima-noche-de-museos\/"]}]},{"@type":"ImageObject","inLanguage":"es","@id":"https:\/\/centrourbano.com\/revista\/actualidad\/musica-talleres-y-cine-se-alistan-para-septima-noche-de-museos\/#primaryimage","url":"https:\/\/centrourbano.com\/revista\/wp-content\/uploads\/estanquillo.jpg","contentUrl":"https:\/\/centrourbano.com\/revista\/wp-content\/uploads\/estanquillo.jpg","width":624,"height":418,"caption":"El d\u00eda de hoy de las 18:00 a las 22:00 horas el p\u00fablico podr\u00e1 disfrutar de recintos como La Casa del Poeta, el Museo de los Ferrocarrileros, el Museo Nacional de la Revoluci\u00f3n, el Museo Mural Diego Rivera, el Museo del Estanquillo y el Laboratorio Arte Alameda, entre otros"},{"@type":"BreadcrumbList","@id":"https:\/\/centrourbano.com\/revista\/actualidad\/musica-talleres-y-cine-se-alistan-para-septima-noche-de-museos\/#breadcrumb","itemListElement":[{"@type":"ListItem","position":1,"name":"Portada","item":"https:\/\/centrourbano.com\/revista\/"},{"@type":"ListItem","position":2,"name":"M\u00fasica, talleres y cine se alistan para s\u00e9ptima noche de museos"}]},{"@type":"WebSite","@id":"https:\/\/centrourbano.com\/revista\/#website","url":"https:\/\/centrourbano.com\/revista\/","name":"Centro Urbano","description":"Medio especializado en los sectores vivienda, inmobiliario, construcci\u00f3n, arquitectura y urbanismo.","publisher":{"@id":"https:\/\/centrourbano.com\/revista\/#organization"},"potentialAction":[{"@type":"SearchAction","target":{"@type":"EntryPoint","urlTemplate":"https:\/\/centrourbano.com\/revista\/?s={search_term_string}"},"query-input":{"@type":"PropertyValueSpecification","valueRequired":true,"valueName":"search_term_string"}}],"inLanguage":"es"},{"@type":"Organization","@id":"https:\/\/centrourbano.com\/revista\/#organization","name":"Centro Urbano","url":"https:\/\/centrourbano.com\/revista\/","logo":{"@type":"ImageObject","inLanguage":"es","@id":"https:\/\/centrourbano.com\/revista\/#\/schema\/logo\/image\/","url":"https:\/\/centrourbano.com\/revista\/wp-content\/uploads\/web_CU_logo-1.png","contentUrl":"https:\/\/centrourbano.com\/revista\/wp-content\/uploads\/web_CU_logo-1.png","width":350,"height":91,"caption":"Centro Urbano"},"image":{"@id":"https:\/\/centrourbano.com\/revista\/#\/schema\/logo\/image\/"},"sameAs":["https:\/\/www.facebook.com\/portalcentrourbano","https:\/\/x.com\/CentroUrbano","https:\/\/www.instagram.com\/centro_urbano\/","https:\/\/www.linkedin.com\/company\/centro-urbano\/","http:\/\/www.youtube.com\/user\/portalcentrourbano"]},{"@type":"Person","@id":"https:\/\/centrourbano.com\/revista\/#\/schema\/person\/26c0ab2d8952e32eb17ccf62f8e88ce6","name":"BlogCU 2022","image":{"@type":"ImageObject","inLanguage":"es","@id":"https:\/\/secure.gravatar.com\/avatar\/5ec2975f6d4b1643c723f08ef135c488131c64cba4524740d438f2e04dbeacdc?s=96&d=mm&r=g","url":"https:\/\/secure.gravatar.com\/avatar\/5ec2975f6d4b1643c723f08ef135c488131c64cba4524740d438f2e04dbeacdc?s=96&d=mm&r=g","contentUrl":"https:\/\/secure.gravatar.com\/avatar\/5ec2975f6d4b1643c723f08ef135c488131c64cba4524740d438f2e04dbeacdc?s=96&d=mm&r=g","caption":"BlogCU 2022"},"url":"https:\/\/centrourbano.com\/revista\/author\/BlogCU 2022\/"}]}},"_links":{"self":[{"href":"https:\/\/centrourbano.com\/revista\/wp-json\/wp\/v2\/posts\/37977","targetHints":{"allow":["GET"]}}],"collection":[{"href":"https:\/\/centrourbano.com\/revista\/wp-json\/wp\/v2\/posts"}],"about":[{"href":"https:\/\/centrourbano.com\/revista\/wp-json\/wp\/v2\/types\/post"}],"author":[{"embeddable":true,"href":"https:\/\/centrourbano.com\/revista\/wp-json\/wp\/v2\/users\/1"}],"replies":[{"embeddable":true,"href":"https:\/\/centrourbano.com\/revista\/wp-json\/wp\/v2\/comments?post=37977"}],"version-history":[{"count":0,"href":"https:\/\/centrourbano.com\/revista\/wp-json\/wp\/v2\/posts\/37977\/revisions"}],"wp:featuredmedia":[{"embeddable":true,"href":"https:\/\/centrourbano.com\/revista\/wp-json\/wp\/v2\/media\/37998"}],"wp:attachment":[{"href":"https:\/\/centrourbano.com\/revista\/wp-json\/wp\/v2\/media?parent=37977"}],"wp:term":[{"taxonomy":"category","embeddable":true,"href":"https:\/\/centrourbano.com\/revista\/wp-json\/wp\/v2\/categories?post=37977"},{"taxonomy":"post_tag","embeddable":true,"href":"https:\/\/centrourbano.com\/revista\/wp-json\/wp\/v2\/tags?post=37977"}],"curies":[{"name":"wp","href":"https:\/\/api.w.org\/{rel}","templated":true}]}}