{"id":37958,"date":"2016-07-27T12:16:17","date_gmt":"2016-07-27T17:16:17","guid":{"rendered":"https:\/\/centrourbano.com\/?p=37958"},"modified":"2016-07-27T12:17:31","modified_gmt":"2016-07-27T17:17:31","slug":"la-nueva-agenda-urbana-propone-mexico-requiere-sencilla-transmitir","status":"publish","type":"post","link":"https:\/\/centrourbano.com\/revista\/urbanismo\/la-nueva-agenda-urbana-propone-mexico-requiere-sencilla-transmitir\/","title":{"rendered":"La Nueva Agenda Urbana que propone M\u00e9xico requiere ser sencilla de transmitir"},"content":{"rendered":"<p><em>El subsecretario de SEDATU destac\u00f3 que se debe incluir el Derecho a la Ciudad y el enfoque de g\u00e9nero en esta agenda <\/em><\/p>\n<p><!--more--><\/p>\n<p>La nueva Agenda Urbana debe ser visionaria en sus principios, clara en sus postulados y sencilla de transmitir, afirm\u00f3 el subsecretario de Ordenamiento Territorial, Enrique Gonz\u00e1lez Tiburcio. <\/p>\n<p>Durante el tercer periodo de sesiones del Comit\u00e9 Preparatorio de H\u00e1bitat III, en Surabaya, Indonesia, el funcionario de la Secretar\u00eda de Desarrollo Agrario, Territorial y Urbano (Sedatu) destac\u00f3 que \u201cel Derecho a la Ciudad debe expresar que compartimos la intenci\u00f3n de humanizar la vida de nuestras ciudades\u201d. <\/p>\n<p>Durante la reuni\u00f3n Legislaci\u00f3n Urbana en Am\u00e9rica Latina, de acuerdo con un comunicado, dijo que es necesario ahondar en las maneras en que los gobiernos se abocar\u00e1n a reducir las brechas de desigualdad, que en muchos frentes afectan principalmente a las mujeres. \u201cEn el tema de g\u00e9nero se encamina m\u00e1s hacia la propia acci\u00f3n de la mujer que a la igualdad de g\u00e9nero, creo que debemos poner el acento en sus capacidades y en las gu\u00edas que garanticen su participaci\u00f3n y no solo en su resguardo\u201d, sostuvo. <\/p>\n<p>De acuerdo con el funcionario mexicano, para M\u00e9xico es de suma importancia compartir la visi\u00f3n a los pueblos de Am\u00e9rica Latina en torno a este derecho, as\u00ed como el enfoque de g\u00e9nero. Al t\u00e9rmino de esa reuni\u00f3n de trabajo, Gonz\u00e1lez Tiburcio particip\u00f3 en un encuentro con el director ejecutivo del Programa ONU-H\u00e1bitat, Joan Clos, quien reconoci\u00f3 la labor de M\u00e9xico en la construcci\u00f3n global de la Nueva Agenda Urbana.<\/p>\n","protected":false},"excerpt":{"rendered":"<p>El subsecretario de SEDATU destac\u00f3 que se debe incluir el Derecho a la Ciudad y el enfoque de g\u00e9nero en esta agenda<\/p>\n","protected":false},"author":1,"featured_media":37960,"comment_status":"open","ping_status":"closed","sticky":false,"template":"","format":"standard","meta":{"om_disable_all_campaigns":false,"inline_featured_image":false,"_monsterinsights_skip_tracking":false,"_monsterinsights_sitenote_active":false,"_monsterinsights_sitenote_note":"","_monsterinsights_sitenote_category":0,"footnotes":""},"categories":[82],"tags":[181,211,7888,8323,8324,334,8322,8325,105],"class_list":["post-37958","post","type-post","status-publish","format-standard","has-post-thumbnail","hentry","category-urbanismo","tag-america-latina","tag-ciudades","tag-derecho-a-la-ciudad","tag-enfoque-de-genero","tag-legislacion-urbana","tag-mexico","tag-nueva-agenda-urbana","tag-programa-onu-habitat","tag-sedatu"],"yoast_head":"<!-- This site is optimized with the Yoast SEO plugin v27.4 - https:\/\/yoast.com\/product\/yoast-seo-wordpress\/ -->\n<title>La Nueva Agenda Urbana que propone M\u00e9xico requiere ser sencilla de transmitir.<\/title>\n<meta name=\"description\" content=\"El subsecretario de SEDATU destac\u00f3 que se debe incluir el Derecho a la Ciudad y el enfoque de g\u00e9nero en esta agenda\" \/>\n<meta name=\"robots\" content=\"index, follow, max-snippet:-1, max-image-preview:large, max-video-preview:-1\" \/>\n<link rel=\"canonical\" href=\"https:\/\/centrourbano.com\/revista\/urbanismo\/la-nueva-agenda-urbana-propone-mexico-requiere-sencilla-transmitir\/\" \/>\n<meta property=\"og:locale\" content=\"es_ES\" \/>\n<meta property=\"og:type\" content=\"article\" \/>\n<meta property=\"og:title\" content=\"La Nueva Agenda Urbana que propone M\u00e9xico requiere ser sencilla de transmitir.\" \/>\n<meta property=\"og:description\" content=\"El subsecretario de SEDATU destac\u00f3 que se debe incluir el Derecho a la Ciudad y el enfoque de g\u00e9nero en esta agenda\" \/>\n<meta property=\"og:url\" content=\"https:\/\/centrourbano.com\/revista\/urbanismo\/la-nueva-agenda-urbana-propone-mexico-requiere-sencilla-transmitir\/\" \/>\n<meta property=\"og:site_name\" content=\"Centro Urbano\" \/>\n<meta property=\"article:publisher\" content=\"https:\/\/www.facebook.com\/portalcentrourbano\" \/>\n<meta property=\"article:published_time\" content=\"2016-07-27T17:16:17+00:00\" \/>\n<meta property=\"article:modified_time\" content=\"2016-07-27T17:17:31+00:00\" \/>\n<meta property=\"og:image\" content=\"https:\/\/centrourbano.com\/revista\/wp-content\/uploads\/nueva-agenda-urbano.jpg\" \/>\n\t<meta property=\"og:image:width\" content=\"651\" \/>\n\t<meta property=\"og:image:height\" content=\"400\" \/>\n\t<meta property=\"og:image:type\" content=\"image\/jpeg\" \/>\n<meta name=\"author\" content=\"BlogCU 2022\" \/>\n<meta name=\"twitter:card\" content=\"summary_large_image\" \/>\n<meta name=\"twitter:creator\" content=\"@CentroUrbano\" \/>\n<meta name=\"twitter:site\" content=\"@CentroUrbano\" \/>\n<meta name=\"twitter:label1\" content=\"Escrito por\" \/>\n\t<meta name=\"twitter:data1\" content=\"BlogCU 2022\" \/>\n\t<meta name=\"twitter:label2\" content=\"Tiempo de lectura\" \/>\n\t<meta name=\"twitter:data2\" content=\"1 minuto\" \/>\n<script type=\"application\/ld+json\" class=\"yoast-schema-graph\">{\"@context\":\"https:\\\/\\\/schema.org\",\"@graph\":[{\"@type\":\"Article\",\"@id\":\"https:\\\/\\\/centrourbano.com\\\/revista\\\/urbanismo\\\/la-nueva-agenda-urbana-propone-mexico-requiere-sencilla-transmitir\\\/#article\",\"isPartOf\":{\"@id\":\"https:\\\/\\\/centrourbano.com\\\/revista\\\/urbanismo\\\/la-nueva-agenda-urbana-propone-mexico-requiere-sencilla-transmitir\\\/\"},\"author\":{\"name\":\"BlogCU 2022\",\"@id\":\"https:\\\/\\\/centrourbano.com\\\/revista\\\/#\\\/schema\\\/person\\\/26c0ab2d8952e32eb17ccf62f8e88ce6\"},\"headline\":\"La Nueva Agenda Urbana que propone M\u00e9xico requiere ser sencilla de transmitir\",\"datePublished\":\"2016-07-27T17:16:17+00:00\",\"dateModified\":\"2016-07-27T17:17:31+00:00\",\"mainEntityOfPage\":{\"@id\":\"https:\\\/\\\/centrourbano.com\\\/revista\\\/urbanismo\\\/la-nueva-agenda-urbana-propone-mexico-requiere-sencilla-transmitir\\\/\"},\"wordCount\":290,\"commentCount\":0,\"publisher\":{\"@id\":\"https:\\\/\\\/centrourbano.com\\\/revista\\\/#organization\"},\"image\":{\"@id\":\"https:\\\/\\\/centrourbano.com\\\/revista\\\/urbanismo\\\/la-nueva-agenda-urbana-propone-mexico-requiere-sencilla-transmitir\\\/#primaryimage\"},\"thumbnailUrl\":\"https:\\\/\\\/centrourbano.com\\\/revista\\\/wp-content\\\/uploads\\\/nueva-agenda-urbano.jpg\",\"keywords\":[\"Am\u00e9rica Latina\",\"ciudades\",\"Derecho a la Ciudad\",\"Enfoque de genero\",\"Legislaci\u00f3n Urbana\",\"M\u00e9xico\",\"Nueva Agenda Urbana\",\"Programa ONU-Habitat\",\"Sedatu\"],\"articleSection\":[\"Urbanismo\"],\"inLanguage\":\"es\",\"potentialAction\":[{\"@type\":\"CommentAction\",\"name\":\"Comment\",\"target\":[\"https:\\\/\\\/centrourbano.com\\\/revista\\\/urbanismo\\\/la-nueva-agenda-urbana-propone-mexico-requiere-sencilla-transmitir\\\/#respond\"]}]},{\"@type\":\"WebPage\",\"@id\":\"https:\\\/\\\/centrourbano.com\\\/revista\\\/urbanismo\\\/la-nueva-agenda-urbana-propone-mexico-requiere-sencilla-transmitir\\\/\",\"url\":\"https:\\\/\\\/centrourbano.com\\\/revista\\\/urbanismo\\\/la-nueva-agenda-urbana-propone-mexico-requiere-sencilla-transmitir\\\/\",\"name\":\"La Nueva Agenda Urbana que propone M\u00e9xico requiere ser sencilla de transmitir.\",\"isPartOf\":{\"@id\":\"https:\\\/\\\/centrourbano.com\\\/revista\\\/#website\"},\"primaryImageOfPage\":{\"@id\":\"https:\\\/\\\/centrourbano.com\\\/revista\\\/urbanismo\\\/la-nueva-agenda-urbana-propone-mexico-requiere-sencilla-transmitir\\\/#primaryimage\"},\"image\":{\"@id\":\"https:\\\/\\\/centrourbano.com\\\/revista\\\/urbanismo\\\/la-nueva-agenda-urbana-propone-mexico-requiere-sencilla-transmitir\\\/#primaryimage\"},\"thumbnailUrl\":\"https:\\\/\\\/centrourbano.com\\\/revista\\\/wp-content\\\/uploads\\\/nueva-agenda-urbano.jpg\",\"datePublished\":\"2016-07-27T17:16:17+00:00\",\"dateModified\":\"2016-07-27T17:17:31+00:00\",\"description\":\"El subsecretario de SEDATU destac\u00f3 que se debe incluir el Derecho a la Ciudad y el enfoque de g\u00e9nero en esta agenda\",\"breadcrumb\":{\"@id\":\"https:\\\/\\\/centrourbano.com\\\/revista\\\/urbanismo\\\/la-nueva-agenda-urbana-propone-mexico-requiere-sencilla-transmitir\\\/#breadcrumb\"},\"inLanguage\":\"es\",\"potentialAction\":[{\"@type\":\"ReadAction\",\"target\":[\"https:\\\/\\\/centrourbano.com\\\/revista\\\/urbanismo\\\/la-nueva-agenda-urbana-propone-mexico-requiere-sencilla-transmitir\\\/\"]}]},{\"@type\":\"ImageObject\",\"inLanguage\":\"es\",\"@id\":\"https:\\\/\\\/centrourbano.com\\\/revista\\\/urbanismo\\\/la-nueva-agenda-urbana-propone-mexico-requiere-sencilla-transmitir\\\/#primaryimage\",\"url\":\"https:\\\/\\\/centrourbano.com\\\/revista\\\/wp-content\\\/uploads\\\/nueva-agenda-urbano.jpg\",\"contentUrl\":\"https:\\\/\\\/centrourbano.com\\\/revista\\\/wp-content\\\/uploads\\\/nueva-agenda-urbano.jpg\",\"width\":651,\"height\":400},{\"@type\":\"BreadcrumbList\",\"@id\":\"https:\\\/\\\/centrourbano.com\\\/revista\\\/urbanismo\\\/la-nueva-agenda-urbana-propone-mexico-requiere-sencilla-transmitir\\\/#breadcrumb\",\"itemListElement\":[{\"@type\":\"ListItem\",\"position\":1,\"name\":\"Portada\",\"item\":\"https:\\\/\\\/centrourbano.com\\\/revista\\\/\"},{\"@type\":\"ListItem\",\"position\":2,\"name\":\"La Nueva Agenda Urbana que propone M\u00e9xico requiere ser sencilla de transmitir\"}]},{\"@type\":\"WebSite\",\"@id\":\"https:\\\/\\\/centrourbano.com\\\/revista\\\/#website\",\"url\":\"https:\\\/\\\/centrourbano.com\\\/revista\\\/\",\"name\":\"Centro Urbano\",\"description\":\"Medio especializado en los sectores vivienda, inmobiliario, construcci\u00f3n, arquitectura y urbanismo.\",\"publisher\":{\"@id\":\"https:\\\/\\\/centrourbano.com\\\/revista\\\/#organization\"},\"potentialAction\":[{\"@type\":\"SearchAction\",\"target\":{\"@type\":\"EntryPoint\",\"urlTemplate\":\"https:\\\/\\\/centrourbano.com\\\/revista\\\/?s={search_term_string}\"},\"query-input\":{\"@type\":\"PropertyValueSpecification\",\"valueRequired\":true,\"valueName\":\"search_term_string\"}}],\"inLanguage\":\"es\"},{\"@type\":\"Organization\",\"@id\":\"https:\\\/\\\/centrourbano.com\\\/revista\\\/#organization\",\"name\":\"Centro Urbano\",\"url\":\"https:\\\/\\\/centrourbano.com\\\/revista\\\/\",\"logo\":{\"@type\":\"ImageObject\",\"inLanguage\":\"es\",\"@id\":\"https:\\\/\\\/centrourbano.com\\\/revista\\\/#\\\/schema\\\/logo\\\/image\\\/\",\"url\":\"https:\\\/\\\/centrourbano.com\\\/revista\\\/wp-content\\\/uploads\\\/web_CU_logo-1.png\",\"contentUrl\":\"https:\\\/\\\/centrourbano.com\\\/revista\\\/wp-content\\\/uploads\\\/web_CU_logo-1.png\",\"width\":350,\"height\":91,\"caption\":\"Centro Urbano\"},\"image\":{\"@id\":\"https:\\\/\\\/centrourbano.com\\\/revista\\\/#\\\/schema\\\/logo\\\/image\\\/\"},\"sameAs\":[\"https:\\\/\\\/www.facebook.com\\\/portalcentrourbano\",\"https:\\\/\\\/x.com\\\/CentroUrbano\",\"https:\\\/\\\/www.instagram.com\\\/centro_urbano\\\/\",\"https:\\\/\\\/www.linkedin.com\\\/company\\\/centro-urbano\\\/\",\"http:\\\/\\\/www.youtube.com\\\/user\\\/portalcentrourbano\"]},{\"@type\":\"Person\",\"@id\":\"https:\\\/\\\/centrourbano.com\\\/revista\\\/#\\\/schema\\\/person\\\/26c0ab2d8952e32eb17ccf62f8e88ce6\",\"name\":\"BlogCU 2022\",\"image\":{\"@type\":\"ImageObject\",\"inLanguage\":\"es\",\"@id\":\"https:\\\/\\\/secure.gravatar.com\\\/avatar\\\/5ec2975f6d4b1643c723f08ef135c488131c64cba4524740d438f2e04dbeacdc?s=96&d=mm&r=g\",\"url\":\"https:\\\/\\\/secure.gravatar.com\\\/avatar\\\/5ec2975f6d4b1643c723f08ef135c488131c64cba4524740d438f2e04dbeacdc?s=96&d=mm&r=g\",\"contentUrl\":\"https:\\\/\\\/secure.gravatar.com\\\/avatar\\\/5ec2975f6d4b1643c723f08ef135c488131c64cba4524740d438f2e04dbeacdc?s=96&d=mm&r=g\",\"caption\":\"BlogCU 2022\"},\"url\":\"https:\\\/\\\/centrourbano.com\\\/revista\\\/author\\\/BlogCU 2022\\\/\"}]}<\/script>\n<!-- \/ Yoast SEO plugin. -->","yoast_head_json":{"title":"La Nueva Agenda Urbana que propone M\u00e9xico requiere ser sencilla de transmitir.","description":"El subsecretario de SEDATU destac\u00f3 que se debe incluir el Derecho a la Ciudad y el enfoque de g\u00e9nero en esta agenda","robots":{"index":"index","follow":"follow","max-snippet":"max-snippet:-1","max-image-preview":"max-image-preview:large","max-video-preview":"max-video-preview:-1"},"canonical":"https:\/\/centrourbano.com\/revista\/urbanismo\/la-nueva-agenda-urbana-propone-mexico-requiere-sencilla-transmitir\/","og_locale":"es_ES","og_type":"article","og_title":"La Nueva Agenda Urbana que propone M\u00e9xico requiere ser sencilla de transmitir.","og_description":"El subsecretario de SEDATU destac\u00f3 que se debe incluir el Derecho a la Ciudad y el enfoque de g\u00e9nero en esta agenda","og_url":"https:\/\/centrourbano.com\/revista\/urbanismo\/la-nueva-agenda-urbana-propone-mexico-requiere-sencilla-transmitir\/","og_site_name":"Centro Urbano","article_publisher":"https:\/\/www.facebook.com\/portalcentrourbano","article_published_time":"2016-07-27T17:16:17+00:00","article_modified_time":"2016-07-27T17:17:31+00:00","og_image":[{"width":651,"height":400,"url":"https:\/\/centrourbano.com\/revista\/wp-content\/uploads\/nueva-agenda-urbano.jpg","type":"image\/jpeg"}],"author":"BlogCU 2022","twitter_card":"summary_large_image","twitter_creator":"@CentroUrbano","twitter_site":"@CentroUrbano","twitter_misc":{"Escrito por":"BlogCU 2022","Tiempo de lectura":"1 minuto"},"schema":{"@context":"https:\/\/schema.org","@graph":[{"@type":"Article","@id":"https:\/\/centrourbano.com\/revista\/urbanismo\/la-nueva-agenda-urbana-propone-mexico-requiere-sencilla-transmitir\/#article","isPartOf":{"@id":"https:\/\/centrourbano.com\/revista\/urbanismo\/la-nueva-agenda-urbana-propone-mexico-requiere-sencilla-transmitir\/"},"author":{"name":"BlogCU 2022","@id":"https:\/\/centrourbano.com\/revista\/#\/schema\/person\/26c0ab2d8952e32eb17ccf62f8e88ce6"},"headline":"La Nueva Agenda Urbana que propone M\u00e9xico requiere ser sencilla de transmitir","datePublished":"2016-07-27T17:16:17+00:00","dateModified":"2016-07-27T17:17:31+00:00","mainEntityOfPage":{"@id":"https:\/\/centrourbano.com\/revista\/urbanismo\/la-nueva-agenda-urbana-propone-mexico-requiere-sencilla-transmitir\/"},"wordCount":290,"commentCount":0,"publisher":{"@id":"https:\/\/centrourbano.com\/revista\/#organization"},"image":{"@id":"https:\/\/centrourbano.com\/revista\/urbanismo\/la-nueva-agenda-urbana-propone-mexico-requiere-sencilla-transmitir\/#primaryimage"},"thumbnailUrl":"https:\/\/centrourbano.com\/revista\/wp-content\/uploads\/nueva-agenda-urbano.jpg","keywords":["Am\u00e9rica Latina","ciudades","Derecho a la Ciudad","Enfoque de genero","Legislaci\u00f3n Urbana","M\u00e9xico","Nueva Agenda Urbana","Programa ONU-Habitat","Sedatu"],"articleSection":["Urbanismo"],"inLanguage":"es","potentialAction":[{"@type":"CommentAction","name":"Comment","target":["https:\/\/centrourbano.com\/revista\/urbanismo\/la-nueva-agenda-urbana-propone-mexico-requiere-sencilla-transmitir\/#respond"]}]},{"@type":"WebPage","@id":"https:\/\/centrourbano.com\/revista\/urbanismo\/la-nueva-agenda-urbana-propone-mexico-requiere-sencilla-transmitir\/","url":"https:\/\/centrourbano.com\/revista\/urbanismo\/la-nueva-agenda-urbana-propone-mexico-requiere-sencilla-transmitir\/","name":"La Nueva Agenda Urbana que propone M\u00e9xico requiere ser sencilla de transmitir.","isPartOf":{"@id":"https:\/\/centrourbano.com\/revista\/#website"},"primaryImageOfPage":{"@id":"https:\/\/centrourbano.com\/revista\/urbanismo\/la-nueva-agenda-urbana-propone-mexico-requiere-sencilla-transmitir\/#primaryimage"},"image":{"@id":"https:\/\/centrourbano.com\/revista\/urbanismo\/la-nueva-agenda-urbana-propone-mexico-requiere-sencilla-transmitir\/#primaryimage"},"thumbnailUrl":"https:\/\/centrourbano.com\/revista\/wp-content\/uploads\/nueva-agenda-urbano.jpg","datePublished":"2016-07-27T17:16:17+00:00","dateModified":"2016-07-27T17:17:31+00:00","description":"El subsecretario de SEDATU destac\u00f3 que se debe incluir el Derecho a la Ciudad y el enfoque de g\u00e9nero en esta agenda","breadcrumb":{"@id":"https:\/\/centrourbano.com\/revista\/urbanismo\/la-nueva-agenda-urbana-propone-mexico-requiere-sencilla-transmitir\/#breadcrumb"},"inLanguage":"es","potentialAction":[{"@type":"ReadAction","target":["https:\/\/centrourbano.com\/revista\/urbanismo\/la-nueva-agenda-urbana-propone-mexico-requiere-sencilla-transmitir\/"]}]},{"@type":"ImageObject","inLanguage":"es","@id":"https:\/\/centrourbano.com\/revista\/urbanismo\/la-nueva-agenda-urbana-propone-mexico-requiere-sencilla-transmitir\/#primaryimage","url":"https:\/\/centrourbano.com\/revista\/wp-content\/uploads\/nueva-agenda-urbano.jpg","contentUrl":"https:\/\/centrourbano.com\/revista\/wp-content\/uploads\/nueva-agenda-urbano.jpg","width":651,"height":400},{"@type":"BreadcrumbList","@id":"https:\/\/centrourbano.com\/revista\/urbanismo\/la-nueva-agenda-urbana-propone-mexico-requiere-sencilla-transmitir\/#breadcrumb","itemListElement":[{"@type":"ListItem","position":1,"name":"Portada","item":"https:\/\/centrourbano.com\/revista\/"},{"@type":"ListItem","position":2,"name":"La Nueva Agenda Urbana que propone M\u00e9xico requiere ser sencilla de transmitir"}]},{"@type":"WebSite","@id":"https:\/\/centrourbano.com\/revista\/#website","url":"https:\/\/centrourbano.com\/revista\/","name":"Centro Urbano","description":"Medio especializado en los sectores vivienda, inmobiliario, construcci\u00f3n, arquitectura y urbanismo.","publisher":{"@id":"https:\/\/centrourbano.com\/revista\/#organization"},"potentialAction":[{"@type":"SearchAction","target":{"@type":"EntryPoint","urlTemplate":"https:\/\/centrourbano.com\/revista\/?s={search_term_string}"},"query-input":{"@type":"PropertyValueSpecification","valueRequired":true,"valueName":"search_term_string"}}],"inLanguage":"es"},{"@type":"Organization","@id":"https:\/\/centrourbano.com\/revista\/#organization","name":"Centro Urbano","url":"https:\/\/centrourbano.com\/revista\/","logo":{"@type":"ImageObject","inLanguage":"es","@id":"https:\/\/centrourbano.com\/revista\/#\/schema\/logo\/image\/","url":"https:\/\/centrourbano.com\/revista\/wp-content\/uploads\/web_CU_logo-1.png","contentUrl":"https:\/\/centrourbano.com\/revista\/wp-content\/uploads\/web_CU_logo-1.png","width":350,"height":91,"caption":"Centro Urbano"},"image":{"@id":"https:\/\/centrourbano.com\/revista\/#\/schema\/logo\/image\/"},"sameAs":["https:\/\/www.facebook.com\/portalcentrourbano","https:\/\/x.com\/CentroUrbano","https:\/\/www.instagram.com\/centro_urbano\/","https:\/\/www.linkedin.com\/company\/centro-urbano\/","http:\/\/www.youtube.com\/user\/portalcentrourbano"]},{"@type":"Person","@id":"https:\/\/centrourbano.com\/revista\/#\/schema\/person\/26c0ab2d8952e32eb17ccf62f8e88ce6","name":"BlogCU 2022","image":{"@type":"ImageObject","inLanguage":"es","@id":"https:\/\/secure.gravatar.com\/avatar\/5ec2975f6d4b1643c723f08ef135c488131c64cba4524740d438f2e04dbeacdc?s=96&d=mm&r=g","url":"https:\/\/secure.gravatar.com\/avatar\/5ec2975f6d4b1643c723f08ef135c488131c64cba4524740d438f2e04dbeacdc?s=96&d=mm&r=g","contentUrl":"https:\/\/secure.gravatar.com\/avatar\/5ec2975f6d4b1643c723f08ef135c488131c64cba4524740d438f2e04dbeacdc?s=96&d=mm&r=g","caption":"BlogCU 2022"},"url":"https:\/\/centrourbano.com\/revista\/author\/BlogCU 2022\/"}]}},"_links":{"self":[{"href":"https:\/\/centrourbano.com\/revista\/wp-json\/wp\/v2\/posts\/37958","targetHints":{"allow":["GET"]}}],"collection":[{"href":"https:\/\/centrourbano.com\/revista\/wp-json\/wp\/v2\/posts"}],"about":[{"href":"https:\/\/centrourbano.com\/revista\/wp-json\/wp\/v2\/types\/post"}],"author":[{"embeddable":true,"href":"https:\/\/centrourbano.com\/revista\/wp-json\/wp\/v2\/users\/1"}],"replies":[{"embeddable":true,"href":"https:\/\/centrourbano.com\/revista\/wp-json\/wp\/v2\/comments?post=37958"}],"version-history":[{"count":0,"href":"https:\/\/centrourbano.com\/revista\/wp-json\/wp\/v2\/posts\/37958\/revisions"}],"wp:featuredmedia":[{"embeddable":true,"href":"https:\/\/centrourbano.com\/revista\/wp-json\/wp\/v2\/media\/37960"}],"wp:attachment":[{"href":"https:\/\/centrourbano.com\/revista\/wp-json\/wp\/v2\/media?parent=37958"}],"wp:term":[{"taxonomy":"category","embeddable":true,"href":"https:\/\/centrourbano.com\/revista\/wp-json\/wp\/v2\/categories?post=37958"},{"taxonomy":"post_tag","embeddable":true,"href":"https:\/\/centrourbano.com\/revista\/wp-json\/wp\/v2\/tags?post=37958"}],"curies":[{"name":"wp","href":"https:\/\/api.w.org\/{rel}","templated":true}]}}