{"id":37844,"date":"2016-07-25T13:00:30","date_gmt":"2016-07-25T18:00:30","guid":{"rendered":"https:\/\/centrourbano.com\/?p=37844"},"modified":"2016-07-25T17:10:29","modified_gmt":"2016-07-25T22:10:29","slug":"37844-2","status":"publish","type":"post","link":"https:\/\/centrourbano.com\/revista\/urbanismo\/37844-2\/","title":{"rendered":"Rehabilitan el Parque Miguel Alem\u00e1n en la Delegaci\u00f3n Benito Ju\u00e1rez"},"content":{"rendered":"<p><em>Vecinosy servidores p\u00fablicos participaron en la limpieza de pasillos y jardines, poda y mantenimiento de \u00e1reas verdes y en la rehabilitaci\u00f3n de mobiliario urbano<\/em><\/p>\n<p><!--more--><\/p>\n<p>Como parte del programa Tu ciudad te Re-quiere que busca la mejora de la imagen urbana del espacio p\u00fablico, vecinos de la colonia Postal y servidores p\u00fablicos de la Secretar\u00eda de Desarrollo Urbano y Vivienda (SEDUVI), Autoridad del Espacio P\u00fablico (AEP) y de la Delegaci\u00f3n Benito Ju\u00e1rez participaron en el mantenimiento del Parque Miguel Alem\u00e1n, ubicado en entre las calles Uni\u00f3n Postal, Castilla, Andalucia y Almer\u00eda.<\/p>\n<p>Durante el d\u00eda s\u00e1bado, en el parque tambi\u00e9n conocido como Postal, se realizaron labores de limpieza de pasillos, poda de \u00e1rboles y arbustos, deshierbe, aplicaci\u00f3n de pintura, retiro de grafittis y mantenimiento a la fuente. Tambi\u00e9n se dio mantenimiento a 62 luminarias y se retir\u00f3 un \u00e1rbol en condiciones de riesgo para los visitantes del parque.<\/p>\n<p>En total en este parque, se barrieron ocho mil metros cuadrados de \u00e1reas verdes y mil 300 metros lineales de pasillos, deshierbe de 250 metros cuadrados de jardineras y poda de mil 400 metros cuadrados de pasto, mil 200 metros cuadrados de seto y de 25 arbustos.<\/p>\n<p>Cabe decir que este programa rescata e interviene los sitios en desuso y aquellos que requieren mantenimiento, y por medio del mismo se fomenta la participaci\u00f3n ciudadana para la mejora de la imagen urbana de la Ciudad de M\u00e9xico. <\/p>\n","protected":false},"excerpt":{"rendered":"<p>Vecinosy servidores p\u00fablicos participaron en la limpieza de pasillos y jardines, poda y mantenimiento de \u00e1reas verdes y en la rehabilitaci\u00f3n de mobiliario urbano<\/p>\n","protected":false},"author":1,"featured_media":37845,"comment_status":"open","ping_status":"closed","sticky":false,"template":"","format":"standard","meta":{"om_disable_all_campaigns":false,"inline_featured_image":false,"_monsterinsights_skip_tracking":false,"_monsterinsights_sitenote_active":false,"_monsterinsights_sitenote_note":"","_monsterinsights_sitenote_category":0,"footnotes":""},"categories":[82],"tags":[606,2537,627,1166,6702,665,2843,126,1060],"class_list":["post-37844","post","type-post","status-publish","format-standard","has-post-thumbnail","hentry","category-urbanismo","tag-cdmx","tag-delegacion-benito-juarez","tag-espacio-publico","tag-imagen-urbana","tag-limpieza","tag-mantenimiento","tag-parque","tag-seduvi","tag-tu-ciudad-te-re-quiere"],"yoast_head":"<!-- This site is optimized with the Yoast SEO plugin v27.4 - https:\/\/yoast.com\/product\/yoast-seo-wordpress\/ -->\n<title>Rehabilitan el Parque Miguel Alem\u00e1n en la Delegaci\u00f3n Benito Ju\u00e1rez<\/title>\n<meta name=\"description\" content=\"Vecinos participaron en la limpieza de pasillos y jardines, poda y mantenimiento de \u00e1reas verdes y en la rehabilitaci\u00f3n de mobiliario urbano\" \/>\n<meta name=\"robots\" content=\"index, follow, max-snippet:-1, max-image-preview:large, max-video-preview:-1\" \/>\n<link rel=\"canonical\" href=\"https:\/\/centrourbano.com\/revista\/urbanismo\/37844-2\/\" \/>\n<meta property=\"og:locale\" content=\"es_ES\" \/>\n<meta property=\"og:type\" content=\"article\" \/>\n<meta property=\"og:title\" content=\"Rehabilitan el Parque Miguel Alem\u00e1n en la Delegaci\u00f3n Benito Ju\u00e1rez\" \/>\n<meta property=\"og:description\" content=\"Vecinos participaron en la limpieza de pasillos y jardines, poda y mantenimiento de \u00e1reas verdes y en la rehabilitaci\u00f3n de mobiliario urbano\" \/>\n<meta property=\"og:url\" content=\"https:\/\/centrourbano.com\/revista\/urbanismo\/37844-2\/\" \/>\n<meta property=\"og:site_name\" content=\"Centro Urbano\" \/>\n<meta property=\"article:publisher\" content=\"https:\/\/www.facebook.com\/portalcentrourbano\" \/>\n<meta property=\"article:published_time\" content=\"2016-07-25T18:00:30+00:00\" \/>\n<meta property=\"article:modified_time\" content=\"2016-07-25T22:10:29+00:00\" \/>\n<meta property=\"og:image\" content=\"https:\/\/centrourbano.com\/revista\/wp-content\/uploads\/04-1.jpg\" \/>\n\t<meta property=\"og:image:width\" content=\"1208\" \/>\n\t<meta property=\"og:image:height\" content=\"768\" \/>\n\t<meta property=\"og:image:type\" content=\"image\/jpeg\" \/>\n<meta name=\"author\" content=\"BlogCU 2022\" \/>\n<meta name=\"twitter:card\" content=\"summary_large_image\" \/>\n<meta name=\"twitter:creator\" content=\"@CentroUrbano\" \/>\n<meta name=\"twitter:site\" content=\"@CentroUrbano\" \/>\n<meta name=\"twitter:label1\" content=\"Escrito por\" \/>\n\t<meta name=\"twitter:data1\" content=\"BlogCU 2022\" \/>\n\t<meta name=\"twitter:label2\" content=\"Tiempo de lectura\" \/>\n\t<meta name=\"twitter:data2\" content=\"1 minuto\" \/>\n<script type=\"application\/ld+json\" class=\"yoast-schema-graph\">{\"@context\":\"https:\\\/\\\/schema.org\",\"@graph\":[{\"@type\":\"Article\",\"@id\":\"https:\\\/\\\/centrourbano.com\\\/revista\\\/urbanismo\\\/37844-2\\\/#article\",\"isPartOf\":{\"@id\":\"https:\\\/\\\/centrourbano.com\\\/revista\\\/urbanismo\\\/37844-2\\\/\"},\"author\":{\"name\":\"BlogCU 2022\",\"@id\":\"https:\\\/\\\/centrourbano.com\\\/revista\\\/#\\\/schema\\\/person\\\/26c0ab2d8952e32eb17ccf62f8e88ce6\"},\"headline\":\"Rehabilitan el Parque Miguel Alem\u00e1n en la Delegaci\u00f3n Benito Ju\u00e1rez\",\"datePublished\":\"2016-07-25T18:00:30+00:00\",\"dateModified\":\"2016-07-25T22:10:29+00:00\",\"mainEntityOfPage\":{\"@id\":\"https:\\\/\\\/centrourbano.com\\\/revista\\\/urbanismo\\\/37844-2\\\/\"},\"wordCount\":257,\"commentCount\":0,\"publisher\":{\"@id\":\"https:\\\/\\\/centrourbano.com\\\/revista\\\/#organization\"},\"image\":{\"@id\":\"https:\\\/\\\/centrourbano.com\\\/revista\\\/urbanismo\\\/37844-2\\\/#primaryimage\"},\"thumbnailUrl\":\"https:\\\/\\\/centrourbano.com\\\/revista\\\/wp-content\\\/uploads\\\/04-1.jpg\",\"keywords\":[\"CDMX\",\"Delegaci\u00f3n Benito Ju\u00e1rez\",\"Espacio p\u00fablico\",\"Imagen urbana\",\"limpieza\",\"Mantenimiento\",\"Parque\",\"Seduvi\",\"Tu ciudad te re-quiere\"],\"articleSection\":[\"Urbanismo\"],\"inLanguage\":\"es\",\"potentialAction\":[{\"@type\":\"CommentAction\",\"name\":\"Comment\",\"target\":[\"https:\\\/\\\/centrourbano.com\\\/revista\\\/urbanismo\\\/37844-2\\\/#respond\"]}]},{\"@type\":\"WebPage\",\"@id\":\"https:\\\/\\\/centrourbano.com\\\/revista\\\/urbanismo\\\/37844-2\\\/\",\"url\":\"https:\\\/\\\/centrourbano.com\\\/revista\\\/urbanismo\\\/37844-2\\\/\",\"name\":\"Rehabilitan el Parque Miguel Alem\u00e1n en la Delegaci\u00f3n Benito Ju\u00e1rez\",\"isPartOf\":{\"@id\":\"https:\\\/\\\/centrourbano.com\\\/revista\\\/#website\"},\"primaryImageOfPage\":{\"@id\":\"https:\\\/\\\/centrourbano.com\\\/revista\\\/urbanismo\\\/37844-2\\\/#primaryimage\"},\"image\":{\"@id\":\"https:\\\/\\\/centrourbano.com\\\/revista\\\/urbanismo\\\/37844-2\\\/#primaryimage\"},\"thumbnailUrl\":\"https:\\\/\\\/centrourbano.com\\\/revista\\\/wp-content\\\/uploads\\\/04-1.jpg\",\"datePublished\":\"2016-07-25T18:00:30+00:00\",\"dateModified\":\"2016-07-25T22:10:29+00:00\",\"description\":\"Vecinos participaron en la limpieza de pasillos y jardines, poda y mantenimiento de \u00e1reas verdes y en la rehabilitaci\u00f3n de mobiliario urbano\",\"breadcrumb\":{\"@id\":\"https:\\\/\\\/centrourbano.com\\\/revista\\\/urbanismo\\\/37844-2\\\/#breadcrumb\"},\"inLanguage\":\"es\",\"potentialAction\":[{\"@type\":\"ReadAction\",\"target\":[\"https:\\\/\\\/centrourbano.com\\\/revista\\\/urbanismo\\\/37844-2\\\/\"]}]},{\"@type\":\"ImageObject\",\"inLanguage\":\"es\",\"@id\":\"https:\\\/\\\/centrourbano.com\\\/revista\\\/urbanismo\\\/37844-2\\\/#primaryimage\",\"url\":\"https:\\\/\\\/centrourbano.com\\\/revista\\\/wp-content\\\/uploads\\\/04-1.jpg\",\"contentUrl\":\"https:\\\/\\\/centrourbano.com\\\/revista\\\/wp-content\\\/uploads\\\/04-1.jpg\",\"width\":1208,\"height\":768,\"caption\":\"Vecinos y servidores p\u00fablicos participaron en la limpieza de pasillos y jardines, poda y mantenimiento de \u00e1reas verdes y en la rehabilitaci\u00f3n de mobiliario urbano\"},{\"@type\":\"BreadcrumbList\",\"@id\":\"https:\\\/\\\/centrourbano.com\\\/revista\\\/urbanismo\\\/37844-2\\\/#breadcrumb\",\"itemListElement\":[{\"@type\":\"ListItem\",\"position\":1,\"name\":\"Portada\",\"item\":\"https:\\\/\\\/centrourbano.com\\\/revista\\\/\"},{\"@type\":\"ListItem\",\"position\":2,\"name\":\"Rehabilitan el Parque Miguel Alem\u00e1n en la Delegaci\u00f3n Benito Ju\u00e1rez\"}]},{\"@type\":\"WebSite\",\"@id\":\"https:\\\/\\\/centrourbano.com\\\/revista\\\/#website\",\"url\":\"https:\\\/\\\/centrourbano.com\\\/revista\\\/\",\"name\":\"Centro Urbano\",\"description\":\"Medio especializado en los sectores vivienda, inmobiliario, construcci\u00f3n, arquitectura y urbanismo.\",\"publisher\":{\"@id\":\"https:\\\/\\\/centrourbano.com\\\/revista\\\/#organization\"},\"potentialAction\":[{\"@type\":\"SearchAction\",\"target\":{\"@type\":\"EntryPoint\",\"urlTemplate\":\"https:\\\/\\\/centrourbano.com\\\/revista\\\/?s={search_term_string}\"},\"query-input\":{\"@type\":\"PropertyValueSpecification\",\"valueRequired\":true,\"valueName\":\"search_term_string\"}}],\"inLanguage\":\"es\"},{\"@type\":\"Organization\",\"@id\":\"https:\\\/\\\/centrourbano.com\\\/revista\\\/#organization\",\"name\":\"Centro Urbano\",\"url\":\"https:\\\/\\\/centrourbano.com\\\/revista\\\/\",\"logo\":{\"@type\":\"ImageObject\",\"inLanguage\":\"es\",\"@id\":\"https:\\\/\\\/centrourbano.com\\\/revista\\\/#\\\/schema\\\/logo\\\/image\\\/\",\"url\":\"https:\\\/\\\/centrourbano.com\\\/revista\\\/wp-content\\\/uploads\\\/web_CU_logo-1.png\",\"contentUrl\":\"https:\\\/\\\/centrourbano.com\\\/revista\\\/wp-content\\\/uploads\\\/web_CU_logo-1.png\",\"width\":350,\"height\":91,\"caption\":\"Centro Urbano\"},\"image\":{\"@id\":\"https:\\\/\\\/centrourbano.com\\\/revista\\\/#\\\/schema\\\/logo\\\/image\\\/\"},\"sameAs\":[\"https:\\\/\\\/www.facebook.com\\\/portalcentrourbano\",\"https:\\\/\\\/x.com\\\/CentroUrbano\",\"https:\\\/\\\/www.instagram.com\\\/centro_urbano\\\/\",\"https:\\\/\\\/www.linkedin.com\\\/company\\\/centro-urbano\\\/\",\"http:\\\/\\\/www.youtube.com\\\/user\\\/portalcentrourbano\"]},{\"@type\":\"Person\",\"@id\":\"https:\\\/\\\/centrourbano.com\\\/revista\\\/#\\\/schema\\\/person\\\/26c0ab2d8952e32eb17ccf62f8e88ce6\",\"name\":\"BlogCU 2022\",\"image\":{\"@type\":\"ImageObject\",\"inLanguage\":\"es\",\"@id\":\"https:\\\/\\\/secure.gravatar.com\\\/avatar\\\/5ec2975f6d4b1643c723f08ef135c488131c64cba4524740d438f2e04dbeacdc?s=96&d=mm&r=g\",\"url\":\"https:\\\/\\\/secure.gravatar.com\\\/avatar\\\/5ec2975f6d4b1643c723f08ef135c488131c64cba4524740d438f2e04dbeacdc?s=96&d=mm&r=g\",\"contentUrl\":\"https:\\\/\\\/secure.gravatar.com\\\/avatar\\\/5ec2975f6d4b1643c723f08ef135c488131c64cba4524740d438f2e04dbeacdc?s=96&d=mm&r=g\",\"caption\":\"BlogCU 2022\"},\"url\":\"https:\\\/\\\/centrourbano.com\\\/revista\\\/author\\\/BlogCU 2022\\\/\"}]}<\/script>\n<!-- \/ Yoast SEO plugin. -->","yoast_head_json":{"title":"Rehabilitan el Parque Miguel Alem\u00e1n en la Delegaci\u00f3n Benito Ju\u00e1rez","description":"Vecinos participaron en la limpieza de pasillos y jardines, poda y mantenimiento de \u00e1reas verdes y en la rehabilitaci\u00f3n de mobiliario urbano","robots":{"index":"index","follow":"follow","max-snippet":"max-snippet:-1","max-image-preview":"max-image-preview:large","max-video-preview":"max-video-preview:-1"},"canonical":"https:\/\/centrourbano.com\/revista\/urbanismo\/37844-2\/","og_locale":"es_ES","og_type":"article","og_title":"Rehabilitan el Parque Miguel Alem\u00e1n en la Delegaci\u00f3n Benito Ju\u00e1rez","og_description":"Vecinos participaron en la limpieza de pasillos y jardines, poda y mantenimiento de \u00e1reas verdes y en la rehabilitaci\u00f3n de mobiliario urbano","og_url":"https:\/\/centrourbano.com\/revista\/urbanismo\/37844-2\/","og_site_name":"Centro Urbano","article_publisher":"https:\/\/www.facebook.com\/portalcentrourbano","article_published_time":"2016-07-25T18:00:30+00:00","article_modified_time":"2016-07-25T22:10:29+00:00","og_image":[{"width":1208,"height":768,"url":"https:\/\/centrourbano.com\/revista\/wp-content\/uploads\/04-1.jpg","type":"image\/jpeg"}],"author":"BlogCU 2022","twitter_card":"summary_large_image","twitter_creator":"@CentroUrbano","twitter_site":"@CentroUrbano","twitter_misc":{"Escrito por":"BlogCU 2022","Tiempo de lectura":"1 minuto"},"schema":{"@context":"https:\/\/schema.org","@graph":[{"@type":"Article","@id":"https:\/\/centrourbano.com\/revista\/urbanismo\/37844-2\/#article","isPartOf":{"@id":"https:\/\/centrourbano.com\/revista\/urbanismo\/37844-2\/"},"author":{"name":"BlogCU 2022","@id":"https:\/\/centrourbano.com\/revista\/#\/schema\/person\/26c0ab2d8952e32eb17ccf62f8e88ce6"},"headline":"Rehabilitan el Parque Miguel Alem\u00e1n en la Delegaci\u00f3n Benito Ju\u00e1rez","datePublished":"2016-07-25T18:00:30+00:00","dateModified":"2016-07-25T22:10:29+00:00","mainEntityOfPage":{"@id":"https:\/\/centrourbano.com\/revista\/urbanismo\/37844-2\/"},"wordCount":257,"commentCount":0,"publisher":{"@id":"https:\/\/centrourbano.com\/revista\/#organization"},"image":{"@id":"https:\/\/centrourbano.com\/revista\/urbanismo\/37844-2\/#primaryimage"},"thumbnailUrl":"https:\/\/centrourbano.com\/revista\/wp-content\/uploads\/04-1.jpg","keywords":["CDMX","Delegaci\u00f3n Benito Ju\u00e1rez","Espacio p\u00fablico","Imagen urbana","limpieza","Mantenimiento","Parque","Seduvi","Tu ciudad te re-quiere"],"articleSection":["Urbanismo"],"inLanguage":"es","potentialAction":[{"@type":"CommentAction","name":"Comment","target":["https:\/\/centrourbano.com\/revista\/urbanismo\/37844-2\/#respond"]}]},{"@type":"WebPage","@id":"https:\/\/centrourbano.com\/revista\/urbanismo\/37844-2\/","url":"https:\/\/centrourbano.com\/revista\/urbanismo\/37844-2\/","name":"Rehabilitan el Parque Miguel Alem\u00e1n en la Delegaci\u00f3n Benito Ju\u00e1rez","isPartOf":{"@id":"https:\/\/centrourbano.com\/revista\/#website"},"primaryImageOfPage":{"@id":"https:\/\/centrourbano.com\/revista\/urbanismo\/37844-2\/#primaryimage"},"image":{"@id":"https:\/\/centrourbano.com\/revista\/urbanismo\/37844-2\/#primaryimage"},"thumbnailUrl":"https:\/\/centrourbano.com\/revista\/wp-content\/uploads\/04-1.jpg","datePublished":"2016-07-25T18:00:30+00:00","dateModified":"2016-07-25T22:10:29+00:00","description":"Vecinos participaron en la limpieza de pasillos y jardines, poda y mantenimiento de \u00e1reas verdes y en la rehabilitaci\u00f3n de mobiliario urbano","breadcrumb":{"@id":"https:\/\/centrourbano.com\/revista\/urbanismo\/37844-2\/#breadcrumb"},"inLanguage":"es","potentialAction":[{"@type":"ReadAction","target":["https:\/\/centrourbano.com\/revista\/urbanismo\/37844-2\/"]}]},{"@type":"ImageObject","inLanguage":"es","@id":"https:\/\/centrourbano.com\/revista\/urbanismo\/37844-2\/#primaryimage","url":"https:\/\/centrourbano.com\/revista\/wp-content\/uploads\/04-1.jpg","contentUrl":"https:\/\/centrourbano.com\/revista\/wp-content\/uploads\/04-1.jpg","width":1208,"height":768,"caption":"Vecinos y servidores p\u00fablicos participaron en la limpieza de pasillos y jardines, poda y mantenimiento de \u00e1reas verdes y en la rehabilitaci\u00f3n de mobiliario urbano"},{"@type":"BreadcrumbList","@id":"https:\/\/centrourbano.com\/revista\/urbanismo\/37844-2\/#breadcrumb","itemListElement":[{"@type":"ListItem","position":1,"name":"Portada","item":"https:\/\/centrourbano.com\/revista\/"},{"@type":"ListItem","position":2,"name":"Rehabilitan el Parque Miguel Alem\u00e1n en la Delegaci\u00f3n Benito Ju\u00e1rez"}]},{"@type":"WebSite","@id":"https:\/\/centrourbano.com\/revista\/#website","url":"https:\/\/centrourbano.com\/revista\/","name":"Centro Urbano","description":"Medio especializado en los sectores vivienda, inmobiliario, construcci\u00f3n, arquitectura y urbanismo.","publisher":{"@id":"https:\/\/centrourbano.com\/revista\/#organization"},"potentialAction":[{"@type":"SearchAction","target":{"@type":"EntryPoint","urlTemplate":"https:\/\/centrourbano.com\/revista\/?s={search_term_string}"},"query-input":{"@type":"PropertyValueSpecification","valueRequired":true,"valueName":"search_term_string"}}],"inLanguage":"es"},{"@type":"Organization","@id":"https:\/\/centrourbano.com\/revista\/#organization","name":"Centro Urbano","url":"https:\/\/centrourbano.com\/revista\/","logo":{"@type":"ImageObject","inLanguage":"es","@id":"https:\/\/centrourbano.com\/revista\/#\/schema\/logo\/image\/","url":"https:\/\/centrourbano.com\/revista\/wp-content\/uploads\/web_CU_logo-1.png","contentUrl":"https:\/\/centrourbano.com\/revista\/wp-content\/uploads\/web_CU_logo-1.png","width":350,"height":91,"caption":"Centro Urbano"},"image":{"@id":"https:\/\/centrourbano.com\/revista\/#\/schema\/logo\/image\/"},"sameAs":["https:\/\/www.facebook.com\/portalcentrourbano","https:\/\/x.com\/CentroUrbano","https:\/\/www.instagram.com\/centro_urbano\/","https:\/\/www.linkedin.com\/company\/centro-urbano\/","http:\/\/www.youtube.com\/user\/portalcentrourbano"]},{"@type":"Person","@id":"https:\/\/centrourbano.com\/revista\/#\/schema\/person\/26c0ab2d8952e32eb17ccf62f8e88ce6","name":"BlogCU 2022","image":{"@type":"ImageObject","inLanguage":"es","@id":"https:\/\/secure.gravatar.com\/avatar\/5ec2975f6d4b1643c723f08ef135c488131c64cba4524740d438f2e04dbeacdc?s=96&d=mm&r=g","url":"https:\/\/secure.gravatar.com\/avatar\/5ec2975f6d4b1643c723f08ef135c488131c64cba4524740d438f2e04dbeacdc?s=96&d=mm&r=g","contentUrl":"https:\/\/secure.gravatar.com\/avatar\/5ec2975f6d4b1643c723f08ef135c488131c64cba4524740d438f2e04dbeacdc?s=96&d=mm&r=g","caption":"BlogCU 2022"},"url":"https:\/\/centrourbano.com\/revista\/author\/BlogCU 2022\/"}]}},"_links":{"self":[{"href":"https:\/\/centrourbano.com\/revista\/wp-json\/wp\/v2\/posts\/37844","targetHints":{"allow":["GET"]}}],"collection":[{"href":"https:\/\/centrourbano.com\/revista\/wp-json\/wp\/v2\/posts"}],"about":[{"href":"https:\/\/centrourbano.com\/revista\/wp-json\/wp\/v2\/types\/post"}],"author":[{"embeddable":true,"href":"https:\/\/centrourbano.com\/revista\/wp-json\/wp\/v2\/users\/1"}],"replies":[{"embeddable":true,"href":"https:\/\/centrourbano.com\/revista\/wp-json\/wp\/v2\/comments?post=37844"}],"version-history":[{"count":0,"href":"https:\/\/centrourbano.com\/revista\/wp-json\/wp\/v2\/posts\/37844\/revisions"}],"wp:featuredmedia":[{"embeddable":true,"href":"https:\/\/centrourbano.com\/revista\/wp-json\/wp\/v2\/media\/37845"}],"wp:attachment":[{"href":"https:\/\/centrourbano.com\/revista\/wp-json\/wp\/v2\/media?parent=37844"}],"wp:term":[{"taxonomy":"category","embeddable":true,"href":"https:\/\/centrourbano.com\/revista\/wp-json\/wp\/v2\/categories?post=37844"},{"taxonomy":"post_tag","embeddable":true,"href":"https:\/\/centrourbano.com\/revista\/wp-json\/wp\/v2\/tags?post=37844"}],"curies":[{"name":"wp","href":"https:\/\/api.w.org\/{rel}","templated":true}]}}