{"id":37779,"date":"2016-07-25T07:10:29","date_gmt":"2016-07-25T12:10:29","guid":{"rendered":"https:\/\/centrourbano.com\/?p=37779"},"modified":"2016-07-22T16:12:53","modified_gmt":"2016-07-22T21:12:53","slug":"federalismo-contexto-urbano","status":"publish","type":"post","link":"https:\/\/centrourbano.com\/revista\/opinion\/federalismo-contexto-urbano\/","title":{"rendered":"Federalismo en el contexto urbano"},"content":{"rendered":"<p><em>La pol\u00edtica nacional de desarrollo urbano y vivienda tiene de origen una debilidad muy importante que, por aquellas contradicciones de la vida, proviene de la que es al mismo tiempo su mayor fortaleza: su alcance federal<br \/>\n<\/em><!--more--><\/p>\n<p>Y es que por esas cosas de nuestro federalismo, las verdaderas facultades en materia de desarrollo urbano y vivienda est\u00e1n en el orden local\u2026 Fundamentalmente en los pol\u00e9micos municipios.<\/p>\n<p>Es por eso que en gran medida, la soluci\u00f3n a los enormes retos de vivienda y desarrollo urbano debiera partir de una cosa muy simple: coordinaci\u00f3n institucional.<\/p>\n<p>Y es que la nueva pol\u00edtica de vivienda y desarrollo urbano puesta en marcha por el Presidente Enrique Pe\u00f1a Nieto, pierde fuerza si no se complementa con eficientes instrumentos de vinculaci\u00f3n con instancias estatales y municipales.<\/p>\n<p>Y ante el complejo momento pol\u00edtico que vive el pa\u00eds, quien puede y debe ser el catalizador de esto es la poderosa Conago (Conferencia Nacional de Gobernadores), haciendo suya la Pol\u00edtica Federal y, sobre todo, asumiendo el liderazgo en la compleja labor de hacerla llegar a las m\u00e1s de 2,500 autonom\u00edas municipales\u2026<\/p>\n<p>Para esto, la Conago tiene como brazo operador al Consejo Nacional de Organismos Estatales de Vivienda (Conorevi), que preside Octavio Gonz\u00e1lez Padilla, y que es por naturaleza, la instancia \u00f3ptima para lograr que lo que marca la pol\u00edtica federal se convierta en realidad en el \u00e1mbito local.<\/p>\n<p>Los organismos que integran Conorevi tienen, adem\u00e1s, la compleja labor de atender las demandas de vivienda de los segmentos verdaderamente desprotegidos, lo que da mayor relevancia a su papel, porque bajo la debida coordinaci\u00f3n institucional, se conseguir\u00e1 que vivienda y desarrollo urbano incidan positivamente en calidad de vida de las familias y en eficiencia de las estructuras urbanas.<\/p>\n<p>Los invito a seguir mi cuenta de Twitter: @horacio_urbano y a ver Vivienda en Verde TV, que se transmite por Green TV y Efekto Noticias.<\/p>\n","protected":false},"excerpt":{"rendered":"<p>La pol\u00edtica nacional de desarrollo urbano y vivienda tiene de origen una debilidad muy importante que, por aquellas contradicciones de la vida, proviene de la que es al mismo tiempo su mayor fortaleza: su alcance federal<\/p>\n","protected":false},"author":13,"featured_media":37147,"comment_status":"open","ping_status":"closed","sticky":false,"template":"","format":"standard","meta":{"om_disable_all_campaigns":false,"inline_featured_image":false,"_monsterinsights_skip_tracking":false,"_monsterinsights_sitenote_active":false,"_monsterinsights_sitenote_note":"","_monsterinsights_sitenote_category":0,"footnotes":""},"categories":[241,5],"tags":[1122,538,8308,8307,170,60],"class_list":["post-37779","post","type-post","status-publish","format-standard","has-post-thumbnail","hentry","category-blog-desde-la-casa","category-opinion","tag-conago","tag-conorevi","tag-contexto-urbano","tag-federalismo","tag-horacio-urbano","tag-vivienda-2"],"yoast_head":"<!-- This site is optimized with the Yoast SEO plugin v27.5 - https:\/\/yoast.com\/product\/yoast-seo-wordpress\/ -->\n<title>Federalismo en el contexto urbano<\/title>\n<meta name=\"description\" content=\"La pol\u00edtica nacional de desarrollo urbano y vivienda tiene de origen una debilidad muy importante que, por aquellas contradicciones de la vida, proviene de la que es al mismo tiempo su mayor fortaleza: su alcance federal\" \/>\n<meta name=\"robots\" content=\"index, follow, max-snippet:-1, max-image-preview:large, max-video-preview:-1\" \/>\n<link rel=\"canonical\" href=\"https:\/\/centrourbano.com\/revista\/opinion\/federalismo-contexto-urbano\/\" \/>\n<meta property=\"og:locale\" content=\"es_ES\" \/>\n<meta property=\"og:type\" content=\"article\" \/>\n<meta property=\"og:title\" content=\"Federalismo en el contexto urbano\" \/>\n<meta property=\"og:description\" content=\"La pol\u00edtica nacional de desarrollo urbano y vivienda tiene de origen una debilidad muy importante que, por aquellas contradicciones de la vida, proviene de la que es al mismo tiempo su mayor fortaleza: su alcance federal\" \/>\n<meta property=\"og:url\" content=\"https:\/\/centrourbano.com\/revista\/opinion\/federalismo-contexto-urbano\/\" \/>\n<meta property=\"og:site_name\" content=\"Centro Urbano\" \/>\n<meta property=\"article:publisher\" content=\"https:\/\/www.facebook.com\/portalcentrourbano\" \/>\n<meta property=\"article:author\" content=\"https:\/\/www.facebook.com\/urbano.horacio\/\" \/>\n<meta property=\"article:published_time\" content=\"2016-07-25T12:10:29+00:00\" \/>\n<meta property=\"og:image\" content=\"https:\/\/centrourbano.com\/revista\/wp-content\/uploads\/Meade.png\" \/>\n\t<meta property=\"og:image:width\" content=\"500\" \/>\n\t<meta property=\"og:image:height\" content=\"400\" \/>\n\t<meta property=\"og:image:type\" content=\"image\/png\" \/>\n<meta name=\"author\" content=\"Horacio Urbano\" \/>\n<meta name=\"twitter:card\" content=\"summary_large_image\" \/>\n<meta name=\"twitter:creator\" content=\"@https:\/\/twitter.com\/horacio_urbano\" \/>\n<meta name=\"twitter:site\" content=\"@CentroUrbano\" \/>\n<meta name=\"twitter:label1\" content=\"Escrito por\" \/>\n\t<meta name=\"twitter:data1\" content=\"Horacio Urbano\" \/>\n\t<meta name=\"twitter:label2\" content=\"Tiempo de lectura\" \/>\n\t<meta name=\"twitter:data2\" content=\"2 minutos\" \/>\n<script type=\"application\/ld+json\" class=\"yoast-schema-graph\">{\"@context\":\"https:\\\/\\\/schema.org\",\"@graph\":[{\"@type\":\"Article\",\"@id\":\"https:\\\/\\\/centrourbano.com\\\/revista\\\/opinion\\\/federalismo-contexto-urbano\\\/#article\",\"isPartOf\":{\"@id\":\"https:\\\/\\\/centrourbano.com\\\/revista\\\/opinion\\\/federalismo-contexto-urbano\\\/\"},\"author\":{\"name\":\"Horacio Urbano\",\"@id\":\"https:\\\/\\\/centrourbano.com\\\/revista\\\/#\\\/schema\\\/person\\\/288e05d927448fc9790f6bdfb8e5c809\"},\"headline\":\"Federalismo en el contexto urbano\",\"datePublished\":\"2016-07-25T12:10:29+00:00\",\"mainEntityOfPage\":{\"@id\":\"https:\\\/\\\/centrourbano.com\\\/revista\\\/opinion\\\/federalismo-contexto-urbano\\\/\"},\"wordCount\":332,\"commentCount\":0,\"publisher\":{\"@id\":\"https:\\\/\\\/centrourbano.com\\\/revista\\\/#organization\"},\"image\":{\"@id\":\"https:\\\/\\\/centrourbano.com\\\/revista\\\/opinion\\\/federalismo-contexto-urbano\\\/#primaryimage\"},\"thumbnailUrl\":\"https:\\\/\\\/centrourbano.com\\\/revista\\\/wp-content\\\/uploads\\\/Meade.png\",\"keywords\":[\"Conago\",\"Conorevi\",\"Contexto Urbano\",\"Federalismo\",\"Horacio Urbano\",\"vivienda\"],\"articleSection\":[\"Desde la Casa\",\"Opini\u00f3n\"],\"inLanguage\":\"es\",\"potentialAction\":[{\"@type\":\"CommentAction\",\"name\":\"Comment\",\"target\":[\"https:\\\/\\\/centrourbano.com\\\/revista\\\/opinion\\\/federalismo-contexto-urbano\\\/#respond\"]}]},{\"@type\":\"WebPage\",\"@id\":\"https:\\\/\\\/centrourbano.com\\\/revista\\\/opinion\\\/federalismo-contexto-urbano\\\/\",\"url\":\"https:\\\/\\\/centrourbano.com\\\/revista\\\/opinion\\\/federalismo-contexto-urbano\\\/\",\"name\":\"Federalismo en el contexto urbano\",\"isPartOf\":{\"@id\":\"https:\\\/\\\/centrourbano.com\\\/revista\\\/#website\"},\"primaryImageOfPage\":{\"@id\":\"https:\\\/\\\/centrourbano.com\\\/revista\\\/opinion\\\/federalismo-contexto-urbano\\\/#primaryimage\"},\"image\":{\"@id\":\"https:\\\/\\\/centrourbano.com\\\/revista\\\/opinion\\\/federalismo-contexto-urbano\\\/#primaryimage\"},\"thumbnailUrl\":\"https:\\\/\\\/centrourbano.com\\\/revista\\\/wp-content\\\/uploads\\\/Meade.png\",\"datePublished\":\"2016-07-25T12:10:29+00:00\",\"description\":\"La pol\u00edtica nacional de desarrollo urbano y vivienda tiene de origen una debilidad muy importante que, por aquellas contradicciones de la vida, proviene de la que es al mismo tiempo su mayor fortaleza: su alcance federal\",\"breadcrumb\":{\"@id\":\"https:\\\/\\\/centrourbano.com\\\/revista\\\/opinion\\\/federalismo-contexto-urbano\\\/#breadcrumb\"},\"inLanguage\":\"es\",\"potentialAction\":[{\"@type\":\"ReadAction\",\"target\":[\"https:\\\/\\\/centrourbano.com\\\/revista\\\/opinion\\\/federalismo-contexto-urbano\\\/\"]}]},{\"@type\":\"ImageObject\",\"inLanguage\":\"es\",\"@id\":\"https:\\\/\\\/centrourbano.com\\\/revista\\\/opinion\\\/federalismo-contexto-urbano\\\/#primaryimage\",\"url\":\"https:\\\/\\\/centrourbano.com\\\/revista\\\/wp-content\\\/uploads\\\/Meade.png\",\"contentUrl\":\"https:\\\/\\\/centrourbano.com\\\/revista\\\/wp-content\\\/uploads\\\/Meade.png\",\"width\":500,\"height\":400,\"caption\":\"El reporte trimestral de Consorcio Ara fue contundente\u2026 Crecimientos con respecto al mismo periodo del a\u00f1o anterior de 8.2% en el n\u00famero de viviendas vendidas, 11.3% en ingresos, 31.2% en utilidad neta y 19.9% en Ebitda\u2026\"},{\"@type\":\"BreadcrumbList\",\"@id\":\"https:\\\/\\\/centrourbano.com\\\/revista\\\/opinion\\\/federalismo-contexto-urbano\\\/#breadcrumb\",\"itemListElement\":[{\"@type\":\"ListItem\",\"position\":1,\"name\":\"Portada\",\"item\":\"https:\\\/\\\/centrourbano.com\\\/revista\\\/\"},{\"@type\":\"ListItem\",\"position\":2,\"name\":\"Federalismo en el contexto urbano\"}]},{\"@type\":\"WebSite\",\"@id\":\"https:\\\/\\\/centrourbano.com\\\/revista\\\/#website\",\"url\":\"https:\\\/\\\/centrourbano.com\\\/revista\\\/\",\"name\":\"Centro Urbano\",\"description\":\"Medio especializado en los sectores vivienda, inmobiliario, construcci\u00f3n, arquitectura y urbanismo.\",\"publisher\":{\"@id\":\"https:\\\/\\\/centrourbano.com\\\/revista\\\/#organization\"},\"potentialAction\":[{\"@type\":\"SearchAction\",\"target\":{\"@type\":\"EntryPoint\",\"urlTemplate\":\"https:\\\/\\\/centrourbano.com\\\/revista\\\/?s={search_term_string}\"},\"query-input\":{\"@type\":\"PropertyValueSpecification\",\"valueRequired\":true,\"valueName\":\"search_term_string\"}}],\"inLanguage\":\"es\"},{\"@type\":\"Organization\",\"@id\":\"https:\\\/\\\/centrourbano.com\\\/revista\\\/#organization\",\"name\":\"Centro Urbano\",\"url\":\"https:\\\/\\\/centrourbano.com\\\/revista\\\/\",\"logo\":{\"@type\":\"ImageObject\",\"inLanguage\":\"es\",\"@id\":\"https:\\\/\\\/centrourbano.com\\\/revista\\\/#\\\/schema\\\/logo\\\/image\\\/\",\"url\":\"https:\\\/\\\/centrourbano.com\\\/revista\\\/wp-content\\\/uploads\\\/web_CU_logo-1.png\",\"contentUrl\":\"https:\\\/\\\/centrourbano.com\\\/revista\\\/wp-content\\\/uploads\\\/web_CU_logo-1.png\",\"width\":350,\"height\":91,\"caption\":\"Centro Urbano\"},\"image\":{\"@id\":\"https:\\\/\\\/centrourbano.com\\\/revista\\\/#\\\/schema\\\/logo\\\/image\\\/\"},\"sameAs\":[\"https:\\\/\\\/www.facebook.com\\\/portalcentrourbano\",\"https:\\\/\\\/x.com\\\/CentroUrbano\",\"https:\\\/\\\/www.instagram.com\\\/centro_urbano\\\/\",\"https:\\\/\\\/www.linkedin.com\\\/company\\\/centro-urbano\\\/\",\"http:\\\/\\\/www.youtube.com\\\/user\\\/portalcentrourbano\"]},{\"@type\":\"Person\",\"@id\":\"https:\\\/\\\/centrourbano.com\\\/revista\\\/#\\\/schema\\\/person\\\/288e05d927448fc9790f6bdfb8e5c809\",\"name\":\"Horacio Urbano\",\"image\":{\"@type\":\"ImageObject\",\"inLanguage\":\"es\",\"@id\":\"https:\\\/\\\/secure.gravatar.com\\\/avatar\\\/bf4232bac122249113b7bcc4636a8d0432b9fa8bcce4243f1ed6c1ecb8fe915f?s=96&d=mm&r=g\",\"url\":\"https:\\\/\\\/secure.gravatar.com\\\/avatar\\\/bf4232bac122249113b7bcc4636a8d0432b9fa8bcce4243f1ed6c1ecb8fe915f?s=96&d=mm&r=g\",\"contentUrl\":\"https:\\\/\\\/secure.gravatar.com\\\/avatar\\\/bf4232bac122249113b7bcc4636a8d0432b9fa8bcce4243f1ed6c1ecb8fe915f?s=96&d=mm&r=g\",\"caption\":\"Horacio Urbano\"},\"description\":\"Horacio Urbano es arquitecto. Su experiencia profesional se ha desarrollado en los diferentes \u00e1mbitos que definen la industria de la vivienda. En 1999 inici\u00f3 un proyecto editorial dirigido a los sectores inmobiliario y construcci\u00f3n que a lo largo de los a\u00f1os se ha convertido en una poderosa plataforma multimedios y en una verdadera referencia para esta industria. Fundador, junto con la tambi\u00e9n arquitecta Roxana Fabris, de Grupo Centro Urbano, firma que impulsa y desarrolla una serie de esfuerzos de comunicaci\u00f3n relacionados con estos sectores. Como parte de su trabajo en M\u00e9xico y el extranjero, ha escrito o participado en una serie de libros especializados, es colaborador de diferentes medios impresos y electr\u00f3nicos, es activo conferencista y bajo diferentes modelos colabora tambi\u00e9n con diversas empresas e instituciones p\u00fablicas y privadas del sector.\",\"sameAs\":[\"http:\\\/\\\/horaciourbano.com\\\/home\\\/\",\"https:\\\/\\\/www.facebook.com\\\/urbano.horacio\\\/\",\"https:\\\/\\\/x.com\\\/https:\\\/\\\/twitter.com\\\/horacio_urbano\"],\"url\":\"https:\\\/\\\/centrourbano.com\\\/revista\\\/author\\\/horacio-urbano\\\/\"}]}<\/script>\n<!-- \/ Yoast SEO plugin. -->","yoast_head_json":{"title":"Federalismo en el contexto urbano","description":"La pol\u00edtica nacional de desarrollo urbano y vivienda tiene de origen una debilidad muy importante que, por aquellas contradicciones de la vida, proviene de la que es al mismo tiempo su mayor fortaleza: su alcance federal","robots":{"index":"index","follow":"follow","max-snippet":"max-snippet:-1","max-image-preview":"max-image-preview:large","max-video-preview":"max-video-preview:-1"},"canonical":"https:\/\/centrourbano.com\/revista\/opinion\/federalismo-contexto-urbano\/","og_locale":"es_ES","og_type":"article","og_title":"Federalismo en el contexto urbano","og_description":"La pol\u00edtica nacional de desarrollo urbano y vivienda tiene de origen una debilidad muy importante que, por aquellas contradicciones de la vida, proviene de la que es al mismo tiempo su mayor fortaleza: su alcance federal","og_url":"https:\/\/centrourbano.com\/revista\/opinion\/federalismo-contexto-urbano\/","og_site_name":"Centro Urbano","article_publisher":"https:\/\/www.facebook.com\/portalcentrourbano","article_author":"https:\/\/www.facebook.com\/urbano.horacio\/","article_published_time":"2016-07-25T12:10:29+00:00","og_image":[{"width":500,"height":400,"url":"https:\/\/centrourbano.com\/revista\/wp-content\/uploads\/Meade.png","type":"image\/png"}],"author":"Horacio Urbano","twitter_card":"summary_large_image","twitter_creator":"@https:\/\/twitter.com\/horacio_urbano","twitter_site":"@CentroUrbano","twitter_misc":{"Escrito por":"Horacio Urbano","Tiempo de lectura":"2 minutos"},"schema":{"@context":"https:\/\/schema.org","@graph":[{"@type":"Article","@id":"https:\/\/centrourbano.com\/revista\/opinion\/federalismo-contexto-urbano\/#article","isPartOf":{"@id":"https:\/\/centrourbano.com\/revista\/opinion\/federalismo-contexto-urbano\/"},"author":{"name":"Horacio Urbano","@id":"https:\/\/centrourbano.com\/revista\/#\/schema\/person\/288e05d927448fc9790f6bdfb8e5c809"},"headline":"Federalismo en el contexto urbano","datePublished":"2016-07-25T12:10:29+00:00","mainEntityOfPage":{"@id":"https:\/\/centrourbano.com\/revista\/opinion\/federalismo-contexto-urbano\/"},"wordCount":332,"commentCount":0,"publisher":{"@id":"https:\/\/centrourbano.com\/revista\/#organization"},"image":{"@id":"https:\/\/centrourbano.com\/revista\/opinion\/federalismo-contexto-urbano\/#primaryimage"},"thumbnailUrl":"https:\/\/centrourbano.com\/revista\/wp-content\/uploads\/Meade.png","keywords":["Conago","Conorevi","Contexto Urbano","Federalismo","Horacio Urbano","vivienda"],"articleSection":["Desde la Casa","Opini\u00f3n"],"inLanguage":"es","potentialAction":[{"@type":"CommentAction","name":"Comment","target":["https:\/\/centrourbano.com\/revista\/opinion\/federalismo-contexto-urbano\/#respond"]}]},{"@type":"WebPage","@id":"https:\/\/centrourbano.com\/revista\/opinion\/federalismo-contexto-urbano\/","url":"https:\/\/centrourbano.com\/revista\/opinion\/federalismo-contexto-urbano\/","name":"Federalismo en el contexto urbano","isPartOf":{"@id":"https:\/\/centrourbano.com\/revista\/#website"},"primaryImageOfPage":{"@id":"https:\/\/centrourbano.com\/revista\/opinion\/federalismo-contexto-urbano\/#primaryimage"},"image":{"@id":"https:\/\/centrourbano.com\/revista\/opinion\/federalismo-contexto-urbano\/#primaryimage"},"thumbnailUrl":"https:\/\/centrourbano.com\/revista\/wp-content\/uploads\/Meade.png","datePublished":"2016-07-25T12:10:29+00:00","description":"La pol\u00edtica nacional de desarrollo urbano y vivienda tiene de origen una debilidad muy importante que, por aquellas contradicciones de la vida, proviene de la que es al mismo tiempo su mayor fortaleza: su alcance federal","breadcrumb":{"@id":"https:\/\/centrourbano.com\/revista\/opinion\/federalismo-contexto-urbano\/#breadcrumb"},"inLanguage":"es","potentialAction":[{"@type":"ReadAction","target":["https:\/\/centrourbano.com\/revista\/opinion\/federalismo-contexto-urbano\/"]}]},{"@type":"ImageObject","inLanguage":"es","@id":"https:\/\/centrourbano.com\/revista\/opinion\/federalismo-contexto-urbano\/#primaryimage","url":"https:\/\/centrourbano.com\/revista\/wp-content\/uploads\/Meade.png","contentUrl":"https:\/\/centrourbano.com\/revista\/wp-content\/uploads\/Meade.png","width":500,"height":400,"caption":"El reporte trimestral de Consorcio Ara fue contundente\u2026 Crecimientos con respecto al mismo periodo del a\u00f1o anterior de 8.2% en el n\u00famero de viviendas vendidas, 11.3% en ingresos, 31.2% en utilidad neta y 19.9% en Ebitda\u2026"},{"@type":"BreadcrumbList","@id":"https:\/\/centrourbano.com\/revista\/opinion\/federalismo-contexto-urbano\/#breadcrumb","itemListElement":[{"@type":"ListItem","position":1,"name":"Portada","item":"https:\/\/centrourbano.com\/revista\/"},{"@type":"ListItem","position":2,"name":"Federalismo en el contexto urbano"}]},{"@type":"WebSite","@id":"https:\/\/centrourbano.com\/revista\/#website","url":"https:\/\/centrourbano.com\/revista\/","name":"Centro Urbano","description":"Medio especializado en los sectores vivienda, inmobiliario, construcci\u00f3n, arquitectura y urbanismo.","publisher":{"@id":"https:\/\/centrourbano.com\/revista\/#organization"},"potentialAction":[{"@type":"SearchAction","target":{"@type":"EntryPoint","urlTemplate":"https:\/\/centrourbano.com\/revista\/?s={search_term_string}"},"query-input":{"@type":"PropertyValueSpecification","valueRequired":true,"valueName":"search_term_string"}}],"inLanguage":"es"},{"@type":"Organization","@id":"https:\/\/centrourbano.com\/revista\/#organization","name":"Centro Urbano","url":"https:\/\/centrourbano.com\/revista\/","logo":{"@type":"ImageObject","inLanguage":"es","@id":"https:\/\/centrourbano.com\/revista\/#\/schema\/logo\/image\/","url":"https:\/\/centrourbano.com\/revista\/wp-content\/uploads\/web_CU_logo-1.png","contentUrl":"https:\/\/centrourbano.com\/revista\/wp-content\/uploads\/web_CU_logo-1.png","width":350,"height":91,"caption":"Centro Urbano"},"image":{"@id":"https:\/\/centrourbano.com\/revista\/#\/schema\/logo\/image\/"},"sameAs":["https:\/\/www.facebook.com\/portalcentrourbano","https:\/\/x.com\/CentroUrbano","https:\/\/www.instagram.com\/centro_urbano\/","https:\/\/www.linkedin.com\/company\/centro-urbano\/","http:\/\/www.youtube.com\/user\/portalcentrourbano"]},{"@type":"Person","@id":"https:\/\/centrourbano.com\/revista\/#\/schema\/person\/288e05d927448fc9790f6bdfb8e5c809","name":"Horacio Urbano","image":{"@type":"ImageObject","inLanguage":"es","@id":"https:\/\/secure.gravatar.com\/avatar\/bf4232bac122249113b7bcc4636a8d0432b9fa8bcce4243f1ed6c1ecb8fe915f?s=96&d=mm&r=g","url":"https:\/\/secure.gravatar.com\/avatar\/bf4232bac122249113b7bcc4636a8d0432b9fa8bcce4243f1ed6c1ecb8fe915f?s=96&d=mm&r=g","contentUrl":"https:\/\/secure.gravatar.com\/avatar\/bf4232bac122249113b7bcc4636a8d0432b9fa8bcce4243f1ed6c1ecb8fe915f?s=96&d=mm&r=g","caption":"Horacio Urbano"},"description":"Horacio Urbano es arquitecto. Su experiencia profesional se ha desarrollado en los diferentes \u00e1mbitos que definen la industria de la vivienda. En 1999 inici\u00f3 un proyecto editorial dirigido a los sectores inmobiliario y construcci\u00f3n que a lo largo de los a\u00f1os se ha convertido en una poderosa plataforma multimedios y en una verdadera referencia para esta industria. Fundador, junto con la tambi\u00e9n arquitecta Roxana Fabris, de Grupo Centro Urbano, firma que impulsa y desarrolla una serie de esfuerzos de comunicaci\u00f3n relacionados con estos sectores. Como parte de su trabajo en M\u00e9xico y el extranjero, ha escrito o participado en una serie de libros especializados, es colaborador de diferentes medios impresos y electr\u00f3nicos, es activo conferencista y bajo diferentes modelos colabora tambi\u00e9n con diversas empresas e instituciones p\u00fablicas y privadas del sector.","sameAs":["http:\/\/horaciourbano.com\/home\/","https:\/\/www.facebook.com\/urbano.horacio\/","https:\/\/x.com\/https:\/\/twitter.com\/horacio_urbano"],"url":"https:\/\/centrourbano.com\/revista\/author\/horacio-urbano\/"}]}},"_links":{"self":[{"href":"https:\/\/centrourbano.com\/revista\/wp-json\/wp\/v2\/posts\/37779","targetHints":{"allow":["GET"]}}],"collection":[{"href":"https:\/\/centrourbano.com\/revista\/wp-json\/wp\/v2\/posts"}],"about":[{"href":"https:\/\/centrourbano.com\/revista\/wp-json\/wp\/v2\/types\/post"}],"author":[{"embeddable":true,"href":"https:\/\/centrourbano.com\/revista\/wp-json\/wp\/v2\/users\/13"}],"replies":[{"embeddable":true,"href":"https:\/\/centrourbano.com\/revista\/wp-json\/wp\/v2\/comments?post=37779"}],"version-history":[{"count":0,"href":"https:\/\/centrourbano.com\/revista\/wp-json\/wp\/v2\/posts\/37779\/revisions"}],"wp:featuredmedia":[{"embeddable":true,"href":"https:\/\/centrourbano.com\/revista\/wp-json\/wp\/v2\/media\/37147"}],"wp:attachment":[{"href":"https:\/\/centrourbano.com\/revista\/wp-json\/wp\/v2\/media?parent=37779"}],"wp:term":[{"taxonomy":"category","embeddable":true,"href":"https:\/\/centrourbano.com\/revista\/wp-json\/wp\/v2\/categories?post=37779"},{"taxonomy":"post_tag","embeddable":true,"href":"https:\/\/centrourbano.com\/revista\/wp-json\/wp\/v2\/tags?post=37779"}],"curies":[{"name":"wp","href":"https:\/\/api.w.org\/{rel}","templated":true}]}}