{"id":37771,"date":"2016-07-22T13:36:28","date_gmt":"2016-07-22T18:36:28","guid":{"rendered":"https:\/\/centrourbano.com\/?p=37771"},"modified":"2016-07-22T13:36:28","modified_gmt":"2016-07-22T18:36:28","slug":"instituto-jalisciense-la-vivienda-realiza-entrega-casas-zapotlanejo","status":"publish","type":"post","link":"https:\/\/centrourbano.com\/revista\/vivienda\/instituto-jalisciense-la-vivienda-realiza-entrega-casas-zapotlanejo\/","title":{"rendered":"Instituto Jalisciense de Vivienda realiza entrega de casas en Zapotlanejo"},"content":{"rendered":"<p>Octavio Gonz\u00e1lez Padilla, titular del Instituto Jalisciense de Vivienda (Ijalvi) y presidente del Consejo Nacional de Organismos Estatales de Vivienda (Conorevi), realiz\u00f3 la entrega de las viviendas acompa\u00f1ado del director general del Fonhapo, \u00c1ngel Islava Tamayo; el alcalde del municipio, H\u00e9ctor \u00c1lvarez Contreras y Alfredo Achar Tussie, presidente del Fideicomiso Provivah.<\/p>\n<p>El Instituto Jalisciense de Vivienda estuvo a cargo de la construcci\u00f3n del fraccionamiento \u201cJuan Jos\u00e9 Jim\u00e9nez Parra\u201d en el municipio de Zapotlanejo, Jalisco mismo que tuvo una inversi\u00f3n de 9 millones 152 mil pesos, con el cual se benefici\u00f3 a 203 habitantes de 52 familias.<\/p>\n<p>Las viviendas se construyeron bajo un esquema de inversi\u00f3n mixta donde particip\u00f3 el gobierno federal a trav\u00e9s de la Secretar\u00eda de Desarrollo Agrario Territorial y Urbano (Sedatu) y el Fideicomiso Fondo Nacional de Habitaciones Populares (Fonhapo), el gobierno estatal, la Fundaci\u00f3n Provivah y los beneficiarios.<\/p>\n","protected":false},"excerpt":{"rendered":"<p>Octavio Gonz\u00e1lez Padilla, titular del Instituto Jalisciense de Vivienda (Ijalvi) y presidente del Consejo Nacional de Organismos Estatales de Vivienda (Conorevi), realiz\u00f3 la entrega de las viviendas acompa\u00f1ado del director general del Fonhapo, \u00c1ngel Islava Tamayo; el alcalde del municipio, H\u00e9ctor \u00c1lvarez Contreras y Alfredo Achar Tussie, presidente del Fideicomiso Provivah. El Instituto Jalisciense de [&hellip;]<\/p>\n","protected":false},"author":26,"featured_media":37772,"comment_status":"open","ping_status":"closed","sticky":false,"template":"","format":"standard","meta":{"om_disable_all_campaigns":false,"inline_featured_image":false,"_monsterinsights_skip_tracking":false,"_monsterinsights_sitenote_active":false,"_monsterinsights_sitenote_note":"","_monsterinsights_sitenote_category":0,"footnotes":""},"categories":[12],"tags":[107,538,48,60],"class_list":["post-37771","post","type-post","status-publish","format-standard","has-post-thumbnail","hentry","category-vivienda","tag-casas","tag-conorevi","tag-jalisco","tag-vivienda-2"],"yoast_head":"<!-- This site is optimized with the Yoast SEO plugin v27.5 - https:\/\/yoast.com\/product\/yoast-seo-wordpress\/ -->\n<title>Instituto Jalisciense de Vivienda realiza entrega de casas en Zapotlanejo -<\/title>\n<meta name=\"description\" content=\"ctavio Gonz\u00e1lez Padilla, titular del Instituto Jalisciense de Vivienda (Ijalvi) y presidente del Consejo Nacional de Organismos Estatales de Vivienda (Conorevi), realiz\u00f3 la entrega de las viviendas acompa\u00f1ado del director general del Fonhapo, \u00c1ngel Islava Tamayo; el alcalde del municipio, H\u00e9ctor \u00c1lvarez Contreras y Alfredo Achar Tussie, presidente del Fideicomiso Provivah.\" \/>\n<meta name=\"robots\" content=\"index, follow, max-snippet:-1, max-image-preview:large, max-video-preview:-1\" \/>\n<link rel=\"canonical\" href=\"https:\/\/centrourbano.com\/revista\/vivienda\/instituto-jalisciense-la-vivienda-realiza-entrega-casas-zapotlanejo\/\" \/>\n<meta property=\"og:locale\" content=\"es_ES\" \/>\n<meta property=\"og:type\" content=\"article\" \/>\n<meta property=\"og:title\" content=\"Instituto Jalisciense de Vivienda realiza entrega de casas en Zapotlanejo -\" \/>\n<meta property=\"og:description\" content=\"ctavio Gonz\u00e1lez Padilla, titular del Instituto Jalisciense de Vivienda (Ijalvi) y presidente del Consejo Nacional de Organismos Estatales de Vivienda (Conorevi), realiz\u00f3 la entrega de las viviendas acompa\u00f1ado del director general del Fonhapo, \u00c1ngel Islava Tamayo; el alcalde del municipio, H\u00e9ctor \u00c1lvarez Contreras y Alfredo Achar Tussie, presidente del Fideicomiso Provivah.\" \/>\n<meta property=\"og:url\" content=\"https:\/\/centrourbano.com\/revista\/vivienda\/instituto-jalisciense-la-vivienda-realiza-entrega-casas-zapotlanejo\/\" \/>\n<meta property=\"og:site_name\" content=\"Centro Urbano\" \/>\n<meta property=\"article:publisher\" content=\"https:\/\/www.facebook.com\/portalcentrourbano\" \/>\n<meta property=\"article:published_time\" content=\"2016-07-22T18:36:28+00:00\" \/>\n<meta property=\"og:image\" content=\"https:\/\/centrourbano.com\/revista\/wp-content\/uploads\/Presidium.jpg\" \/>\n\t<meta property=\"og:image:width\" content=\"1040\" \/>\n\t<meta property=\"og:image:height\" content=\"780\" \/>\n\t<meta property=\"og:image:type\" content=\"image\/jpeg\" \/>\n<meta name=\"author\" content=\"Maribel Mat\u00edas\" \/>\n<meta name=\"twitter:card\" content=\"summary_large_image\" \/>\n<meta name=\"twitter:creator\" content=\"@CentroUrbano\" \/>\n<meta name=\"twitter:site\" content=\"@CentroUrbano\" \/>\n<meta name=\"twitter:label1\" content=\"Escrito por\" \/>\n\t<meta name=\"twitter:data1\" content=\"Maribel Mat\u00edas\" \/>\n\t<meta name=\"twitter:label2\" content=\"Tiempo de lectura\" \/>\n\t<meta name=\"twitter:data2\" content=\"1 minuto\" \/>\n<script type=\"application\/ld+json\" class=\"yoast-schema-graph\">{\"@context\":\"https:\\\/\\\/schema.org\",\"@graph\":[{\"@type\":\"Article\",\"@id\":\"https:\\\/\\\/centrourbano.com\\\/revista\\\/vivienda\\\/instituto-jalisciense-la-vivienda-realiza-entrega-casas-zapotlanejo\\\/#article\",\"isPartOf\":{\"@id\":\"https:\\\/\\\/centrourbano.com\\\/revista\\\/vivienda\\\/instituto-jalisciense-la-vivienda-realiza-entrega-casas-zapotlanejo\\\/\"},\"author\":{\"name\":\"Maribel Mat\u00edas\",\"@id\":\"https:\\\/\\\/centrourbano.com\\\/revista\\\/#\\\/schema\\\/person\\\/cf4389a11a46288a9182ca5150ea458d\"},\"headline\":\"Instituto Jalisciense de Vivienda realiza entrega de casas en Zapotlanejo\",\"datePublished\":\"2016-07-22T18:36:28+00:00\",\"mainEntityOfPage\":{\"@id\":\"https:\\\/\\\/centrourbano.com\\\/revista\\\/vivienda\\\/instituto-jalisciense-la-vivienda-realiza-entrega-casas-zapotlanejo\\\/\"},\"wordCount\":157,\"commentCount\":0,\"publisher\":{\"@id\":\"https:\\\/\\\/centrourbano.com\\\/revista\\\/#organization\"},\"image\":{\"@id\":\"https:\\\/\\\/centrourbano.com\\\/revista\\\/vivienda\\\/instituto-jalisciense-la-vivienda-realiza-entrega-casas-zapotlanejo\\\/#primaryimage\"},\"thumbnailUrl\":\"https:\\\/\\\/centrourbano.com\\\/revista\\\/wp-content\\\/uploads\\\/Presidium.jpg\",\"keywords\":[\"Casas\",\"Conorevi\",\"Jalisco\",\"vivienda\"],\"articleSection\":[\"Vivienda\"],\"inLanguage\":\"es\",\"potentialAction\":[{\"@type\":\"CommentAction\",\"name\":\"Comment\",\"target\":[\"https:\\\/\\\/centrourbano.com\\\/revista\\\/vivienda\\\/instituto-jalisciense-la-vivienda-realiza-entrega-casas-zapotlanejo\\\/#respond\"]}]},{\"@type\":\"WebPage\",\"@id\":\"https:\\\/\\\/centrourbano.com\\\/revista\\\/vivienda\\\/instituto-jalisciense-la-vivienda-realiza-entrega-casas-zapotlanejo\\\/\",\"url\":\"https:\\\/\\\/centrourbano.com\\\/revista\\\/vivienda\\\/instituto-jalisciense-la-vivienda-realiza-entrega-casas-zapotlanejo\\\/\",\"name\":\"Instituto Jalisciense de Vivienda realiza entrega de casas en Zapotlanejo -\",\"isPartOf\":{\"@id\":\"https:\\\/\\\/centrourbano.com\\\/revista\\\/#website\"},\"primaryImageOfPage\":{\"@id\":\"https:\\\/\\\/centrourbano.com\\\/revista\\\/vivienda\\\/instituto-jalisciense-la-vivienda-realiza-entrega-casas-zapotlanejo\\\/#primaryimage\"},\"image\":{\"@id\":\"https:\\\/\\\/centrourbano.com\\\/revista\\\/vivienda\\\/instituto-jalisciense-la-vivienda-realiza-entrega-casas-zapotlanejo\\\/#primaryimage\"},\"thumbnailUrl\":\"https:\\\/\\\/centrourbano.com\\\/revista\\\/wp-content\\\/uploads\\\/Presidium.jpg\",\"datePublished\":\"2016-07-22T18:36:28+00:00\",\"description\":\"ctavio Gonz\u00e1lez Padilla, titular del Instituto Jalisciense de Vivienda (Ijalvi) y presidente del Consejo Nacional de Organismos Estatales de Vivienda (Conorevi), realiz\u00f3 la entrega de las viviendas acompa\u00f1ado del director general del Fonhapo, \u00c1ngel Islava Tamayo; el alcalde del municipio, H\u00e9ctor \u00c1lvarez Contreras y Alfredo Achar Tussie, presidente del Fideicomiso Provivah.\",\"breadcrumb\":{\"@id\":\"https:\\\/\\\/centrourbano.com\\\/revista\\\/vivienda\\\/instituto-jalisciense-la-vivienda-realiza-entrega-casas-zapotlanejo\\\/#breadcrumb\"},\"inLanguage\":\"es\",\"potentialAction\":[{\"@type\":\"ReadAction\",\"target\":[\"https:\\\/\\\/centrourbano.com\\\/revista\\\/vivienda\\\/instituto-jalisciense-la-vivienda-realiza-entrega-casas-zapotlanejo\\\/\"]}]},{\"@type\":\"ImageObject\",\"inLanguage\":\"es\",\"@id\":\"https:\\\/\\\/centrourbano.com\\\/revista\\\/vivienda\\\/instituto-jalisciense-la-vivienda-realiza-entrega-casas-zapotlanejo\\\/#primaryimage\",\"url\":\"https:\\\/\\\/centrourbano.com\\\/revista\\\/wp-content\\\/uploads\\\/Presidium.jpg\",\"contentUrl\":\"https:\\\/\\\/centrourbano.com\\\/revista\\\/wp-content\\\/uploads\\\/Presidium.jpg\",\"width\":1040,\"height\":780},{\"@type\":\"BreadcrumbList\",\"@id\":\"https:\\\/\\\/centrourbano.com\\\/revista\\\/vivienda\\\/instituto-jalisciense-la-vivienda-realiza-entrega-casas-zapotlanejo\\\/#breadcrumb\",\"itemListElement\":[{\"@type\":\"ListItem\",\"position\":1,\"name\":\"Portada\",\"item\":\"https:\\\/\\\/centrourbano.com\\\/revista\\\/\"},{\"@type\":\"ListItem\",\"position\":2,\"name\":\"Instituto Jalisciense de Vivienda realiza entrega de casas en Zapotlanejo\"}]},{\"@type\":\"WebSite\",\"@id\":\"https:\\\/\\\/centrourbano.com\\\/revista\\\/#website\",\"url\":\"https:\\\/\\\/centrourbano.com\\\/revista\\\/\",\"name\":\"Centro Urbano\",\"description\":\"Medio especializado en los sectores vivienda, inmobiliario, construcci\u00f3n, arquitectura y urbanismo.\",\"publisher\":{\"@id\":\"https:\\\/\\\/centrourbano.com\\\/revista\\\/#organization\"},\"potentialAction\":[{\"@type\":\"SearchAction\",\"target\":{\"@type\":\"EntryPoint\",\"urlTemplate\":\"https:\\\/\\\/centrourbano.com\\\/revista\\\/?s={search_term_string}\"},\"query-input\":{\"@type\":\"PropertyValueSpecification\",\"valueRequired\":true,\"valueName\":\"search_term_string\"}}],\"inLanguage\":\"es\"},{\"@type\":\"Organization\",\"@id\":\"https:\\\/\\\/centrourbano.com\\\/revista\\\/#organization\",\"name\":\"Centro Urbano\",\"url\":\"https:\\\/\\\/centrourbano.com\\\/revista\\\/\",\"logo\":{\"@type\":\"ImageObject\",\"inLanguage\":\"es\",\"@id\":\"https:\\\/\\\/centrourbano.com\\\/revista\\\/#\\\/schema\\\/logo\\\/image\\\/\",\"url\":\"https:\\\/\\\/centrourbano.com\\\/revista\\\/wp-content\\\/uploads\\\/web_CU_logo-1.png\",\"contentUrl\":\"https:\\\/\\\/centrourbano.com\\\/revista\\\/wp-content\\\/uploads\\\/web_CU_logo-1.png\",\"width\":350,\"height\":91,\"caption\":\"Centro Urbano\"},\"image\":{\"@id\":\"https:\\\/\\\/centrourbano.com\\\/revista\\\/#\\\/schema\\\/logo\\\/image\\\/\"},\"sameAs\":[\"https:\\\/\\\/www.facebook.com\\\/portalcentrourbano\",\"https:\\\/\\\/x.com\\\/CentroUrbano\",\"https:\\\/\\\/www.instagram.com\\\/centro_urbano\\\/\",\"https:\\\/\\\/www.linkedin.com\\\/company\\\/centro-urbano\\\/\",\"http:\\\/\\\/www.youtube.com\\\/user\\\/portalcentrourbano\"]},{\"@type\":\"Person\",\"@id\":\"https:\\\/\\\/centrourbano.com\\\/revista\\\/#\\\/schema\\\/person\\\/cf4389a11a46288a9182ca5150ea458d\",\"name\":\"Maribel Mat\u00edas\",\"image\":{\"@type\":\"ImageObject\",\"inLanguage\":\"es\",\"@id\":\"https:\\\/\\\/secure.gravatar.com\\\/avatar\\\/74aa50b11992e5a88d61272f60392cf75c122d4460728fe49b70f9be27aa721e?s=96&d=mm&r=g\",\"url\":\"https:\\\/\\\/secure.gravatar.com\\\/avatar\\\/74aa50b11992e5a88d61272f60392cf75c122d4460728fe49b70f9be27aa721e?s=96&d=mm&r=g\",\"contentUrl\":\"https:\\\/\\\/secure.gravatar.com\\\/avatar\\\/74aa50b11992e5a88d61272f60392cf75c122d4460728fe49b70f9be27aa721e?s=96&d=mm&r=g\",\"caption\":\"Maribel Mat\u00edas\"},\"url\":\"https:\\\/\\\/centrourbano.com\\\/revista\\\/author\\\/maribel-matias\\\/\"}]}<\/script>\n<!-- \/ Yoast SEO plugin. -->","yoast_head_json":{"title":"Instituto Jalisciense de Vivienda realiza entrega de casas en Zapotlanejo -","description":"ctavio Gonz\u00e1lez Padilla, titular del Instituto Jalisciense de Vivienda (Ijalvi) y presidente del Consejo Nacional de Organismos Estatales de Vivienda (Conorevi), realiz\u00f3 la entrega de las viviendas acompa\u00f1ado del director general del Fonhapo, \u00c1ngel Islava Tamayo; el alcalde del municipio, H\u00e9ctor \u00c1lvarez Contreras y Alfredo Achar Tussie, presidente del Fideicomiso Provivah.","robots":{"index":"index","follow":"follow","max-snippet":"max-snippet:-1","max-image-preview":"max-image-preview:large","max-video-preview":"max-video-preview:-1"},"canonical":"https:\/\/centrourbano.com\/revista\/vivienda\/instituto-jalisciense-la-vivienda-realiza-entrega-casas-zapotlanejo\/","og_locale":"es_ES","og_type":"article","og_title":"Instituto Jalisciense de Vivienda realiza entrega de casas en Zapotlanejo -","og_description":"ctavio Gonz\u00e1lez Padilla, titular del Instituto Jalisciense de Vivienda (Ijalvi) y presidente del Consejo Nacional de Organismos Estatales de Vivienda (Conorevi), realiz\u00f3 la entrega de las viviendas acompa\u00f1ado del director general del Fonhapo, \u00c1ngel Islava Tamayo; el alcalde del municipio, H\u00e9ctor \u00c1lvarez Contreras y Alfredo Achar Tussie, presidente del Fideicomiso Provivah.","og_url":"https:\/\/centrourbano.com\/revista\/vivienda\/instituto-jalisciense-la-vivienda-realiza-entrega-casas-zapotlanejo\/","og_site_name":"Centro Urbano","article_publisher":"https:\/\/www.facebook.com\/portalcentrourbano","article_published_time":"2016-07-22T18:36:28+00:00","og_image":[{"width":1040,"height":780,"url":"https:\/\/centrourbano.com\/revista\/wp-content\/uploads\/Presidium.jpg","type":"image\/jpeg"}],"author":"Maribel Mat\u00edas","twitter_card":"summary_large_image","twitter_creator":"@CentroUrbano","twitter_site":"@CentroUrbano","twitter_misc":{"Escrito por":"Maribel Mat\u00edas","Tiempo de lectura":"1 minuto"},"schema":{"@context":"https:\/\/schema.org","@graph":[{"@type":"Article","@id":"https:\/\/centrourbano.com\/revista\/vivienda\/instituto-jalisciense-la-vivienda-realiza-entrega-casas-zapotlanejo\/#article","isPartOf":{"@id":"https:\/\/centrourbano.com\/revista\/vivienda\/instituto-jalisciense-la-vivienda-realiza-entrega-casas-zapotlanejo\/"},"author":{"name":"Maribel Mat\u00edas","@id":"https:\/\/centrourbano.com\/revista\/#\/schema\/person\/cf4389a11a46288a9182ca5150ea458d"},"headline":"Instituto Jalisciense de Vivienda realiza entrega de casas en Zapotlanejo","datePublished":"2016-07-22T18:36:28+00:00","mainEntityOfPage":{"@id":"https:\/\/centrourbano.com\/revista\/vivienda\/instituto-jalisciense-la-vivienda-realiza-entrega-casas-zapotlanejo\/"},"wordCount":157,"commentCount":0,"publisher":{"@id":"https:\/\/centrourbano.com\/revista\/#organization"},"image":{"@id":"https:\/\/centrourbano.com\/revista\/vivienda\/instituto-jalisciense-la-vivienda-realiza-entrega-casas-zapotlanejo\/#primaryimage"},"thumbnailUrl":"https:\/\/centrourbano.com\/revista\/wp-content\/uploads\/Presidium.jpg","keywords":["Casas","Conorevi","Jalisco","vivienda"],"articleSection":["Vivienda"],"inLanguage":"es","potentialAction":[{"@type":"CommentAction","name":"Comment","target":["https:\/\/centrourbano.com\/revista\/vivienda\/instituto-jalisciense-la-vivienda-realiza-entrega-casas-zapotlanejo\/#respond"]}]},{"@type":"WebPage","@id":"https:\/\/centrourbano.com\/revista\/vivienda\/instituto-jalisciense-la-vivienda-realiza-entrega-casas-zapotlanejo\/","url":"https:\/\/centrourbano.com\/revista\/vivienda\/instituto-jalisciense-la-vivienda-realiza-entrega-casas-zapotlanejo\/","name":"Instituto Jalisciense de Vivienda realiza entrega de casas en Zapotlanejo -","isPartOf":{"@id":"https:\/\/centrourbano.com\/revista\/#website"},"primaryImageOfPage":{"@id":"https:\/\/centrourbano.com\/revista\/vivienda\/instituto-jalisciense-la-vivienda-realiza-entrega-casas-zapotlanejo\/#primaryimage"},"image":{"@id":"https:\/\/centrourbano.com\/revista\/vivienda\/instituto-jalisciense-la-vivienda-realiza-entrega-casas-zapotlanejo\/#primaryimage"},"thumbnailUrl":"https:\/\/centrourbano.com\/revista\/wp-content\/uploads\/Presidium.jpg","datePublished":"2016-07-22T18:36:28+00:00","description":"ctavio Gonz\u00e1lez Padilla, titular del Instituto Jalisciense de Vivienda (Ijalvi) y presidente del Consejo Nacional de Organismos Estatales de Vivienda (Conorevi), realiz\u00f3 la entrega de las viviendas acompa\u00f1ado del director general del Fonhapo, \u00c1ngel Islava Tamayo; el alcalde del municipio, H\u00e9ctor \u00c1lvarez Contreras y Alfredo Achar Tussie, presidente del Fideicomiso Provivah.","breadcrumb":{"@id":"https:\/\/centrourbano.com\/revista\/vivienda\/instituto-jalisciense-la-vivienda-realiza-entrega-casas-zapotlanejo\/#breadcrumb"},"inLanguage":"es","potentialAction":[{"@type":"ReadAction","target":["https:\/\/centrourbano.com\/revista\/vivienda\/instituto-jalisciense-la-vivienda-realiza-entrega-casas-zapotlanejo\/"]}]},{"@type":"ImageObject","inLanguage":"es","@id":"https:\/\/centrourbano.com\/revista\/vivienda\/instituto-jalisciense-la-vivienda-realiza-entrega-casas-zapotlanejo\/#primaryimage","url":"https:\/\/centrourbano.com\/revista\/wp-content\/uploads\/Presidium.jpg","contentUrl":"https:\/\/centrourbano.com\/revista\/wp-content\/uploads\/Presidium.jpg","width":1040,"height":780},{"@type":"BreadcrumbList","@id":"https:\/\/centrourbano.com\/revista\/vivienda\/instituto-jalisciense-la-vivienda-realiza-entrega-casas-zapotlanejo\/#breadcrumb","itemListElement":[{"@type":"ListItem","position":1,"name":"Portada","item":"https:\/\/centrourbano.com\/revista\/"},{"@type":"ListItem","position":2,"name":"Instituto Jalisciense de Vivienda realiza entrega de casas en Zapotlanejo"}]},{"@type":"WebSite","@id":"https:\/\/centrourbano.com\/revista\/#website","url":"https:\/\/centrourbano.com\/revista\/","name":"Centro Urbano","description":"Medio especializado en los sectores vivienda, inmobiliario, construcci\u00f3n, arquitectura y urbanismo.","publisher":{"@id":"https:\/\/centrourbano.com\/revista\/#organization"},"potentialAction":[{"@type":"SearchAction","target":{"@type":"EntryPoint","urlTemplate":"https:\/\/centrourbano.com\/revista\/?s={search_term_string}"},"query-input":{"@type":"PropertyValueSpecification","valueRequired":true,"valueName":"search_term_string"}}],"inLanguage":"es"},{"@type":"Organization","@id":"https:\/\/centrourbano.com\/revista\/#organization","name":"Centro Urbano","url":"https:\/\/centrourbano.com\/revista\/","logo":{"@type":"ImageObject","inLanguage":"es","@id":"https:\/\/centrourbano.com\/revista\/#\/schema\/logo\/image\/","url":"https:\/\/centrourbano.com\/revista\/wp-content\/uploads\/web_CU_logo-1.png","contentUrl":"https:\/\/centrourbano.com\/revista\/wp-content\/uploads\/web_CU_logo-1.png","width":350,"height":91,"caption":"Centro Urbano"},"image":{"@id":"https:\/\/centrourbano.com\/revista\/#\/schema\/logo\/image\/"},"sameAs":["https:\/\/www.facebook.com\/portalcentrourbano","https:\/\/x.com\/CentroUrbano","https:\/\/www.instagram.com\/centro_urbano\/","https:\/\/www.linkedin.com\/company\/centro-urbano\/","http:\/\/www.youtube.com\/user\/portalcentrourbano"]},{"@type":"Person","@id":"https:\/\/centrourbano.com\/revista\/#\/schema\/person\/cf4389a11a46288a9182ca5150ea458d","name":"Maribel Mat\u00edas","image":{"@type":"ImageObject","inLanguage":"es","@id":"https:\/\/secure.gravatar.com\/avatar\/74aa50b11992e5a88d61272f60392cf75c122d4460728fe49b70f9be27aa721e?s=96&d=mm&r=g","url":"https:\/\/secure.gravatar.com\/avatar\/74aa50b11992e5a88d61272f60392cf75c122d4460728fe49b70f9be27aa721e?s=96&d=mm&r=g","contentUrl":"https:\/\/secure.gravatar.com\/avatar\/74aa50b11992e5a88d61272f60392cf75c122d4460728fe49b70f9be27aa721e?s=96&d=mm&r=g","caption":"Maribel Mat\u00edas"},"url":"https:\/\/centrourbano.com\/revista\/author\/maribel-matias\/"}]}},"_links":{"self":[{"href":"https:\/\/centrourbano.com\/revista\/wp-json\/wp\/v2\/posts\/37771","targetHints":{"allow":["GET"]}}],"collection":[{"href":"https:\/\/centrourbano.com\/revista\/wp-json\/wp\/v2\/posts"}],"about":[{"href":"https:\/\/centrourbano.com\/revista\/wp-json\/wp\/v2\/types\/post"}],"author":[{"embeddable":true,"href":"https:\/\/centrourbano.com\/revista\/wp-json\/wp\/v2\/users\/26"}],"replies":[{"embeddable":true,"href":"https:\/\/centrourbano.com\/revista\/wp-json\/wp\/v2\/comments?post=37771"}],"version-history":[{"count":0,"href":"https:\/\/centrourbano.com\/revista\/wp-json\/wp\/v2\/posts\/37771\/revisions"}],"wp:featuredmedia":[{"embeddable":true,"href":"https:\/\/centrourbano.com\/revista\/wp-json\/wp\/v2\/media\/37772"}],"wp:attachment":[{"href":"https:\/\/centrourbano.com\/revista\/wp-json\/wp\/v2\/media?parent=37771"}],"wp:term":[{"taxonomy":"category","embeddable":true,"href":"https:\/\/centrourbano.com\/revista\/wp-json\/wp\/v2\/categories?post=37771"},{"taxonomy":"post_tag","embeddable":true,"href":"https:\/\/centrourbano.com\/revista\/wp-json\/wp\/v2\/tags?post=37771"}],"curies":[{"name":"wp","href":"https:\/\/api.w.org\/{rel}","templated":true}]}}