{"id":37687,"date":"2016-07-21T13:18:19","date_gmt":"2016-07-21T18:18:19","guid":{"rendered":"https:\/\/centrourbano.com\/?p=37687"},"modified":"2016-07-21T17:06:22","modified_gmt":"2016-07-21T22:06:22","slug":"hotele-city-express-registro-ocupacion-62-6-2t2016","status":"publish","type":"post","link":"https:\/\/centrourbano.com\/revista\/inmobiliario\/hotele-city-express-registro-ocupacion-62-6-2t2016\/","title":{"rendered":"Hoteles City Express registr\u00f3 ocupaci\u00f3n de 62.6% en 2T2016"},"content":{"rendered":"<p><em>La deuda que tiene con instituciones financieras es por 2,311.7 millones denominados en varias monedas<\/em><br \/>\n<!--more--><\/p>\n<p>Con el incremento en el costo de sus tarifas promedio diaria (ADR) y efectiva (RevPAR) Hoteles City Express tuvo una ocupaci\u00f3n 62.6% en el segundo trimestre de este a\u00f1o, cifra que \u201cest\u00e1 en l\u00ednea\u201d con el mismo periodo del a\u00f1o anterior. La empresa detall\u00f3 que los incrementos en sus tarifas fueron de 7.2% y 7.1%, con lo que alcanzaron 812 y 508 pesos, respectivamente. <\/p>\n<p>Esto lo dio a conocer la compa\u00f1\u00eda en su reporte de dicho periodo, en donde sus ingresos totales fueron de 497.5 millones de pesos, lo que representa un aumento de 16.7% comparado con el primer semestre del a\u00f1o pasado. De acuerdo con la empresa, esto se debi\u00f3 a al aumento en 10.4% en su n\u00famero de cuartos noche ocupados a nivel cadena en combinaci\u00f3n con el aumento en la tarifa efectiva. <\/p>\n<p>En cuanto a su utilidad de operaci\u00f3n, se registr\u00f3 89.6 millones de pesos, es decir, un incremento de 10.2%, respecto al mismo trimestre de 2015. <\/p>\n<p>\u201cEl EBITDA y el EBITDA Ajustado registraron 164.2 millones y 167.0 millones respectivamente, lo que a su vez resulta en incrementos de 13.2% y 13.3% en comparaci\u00f3n con el mismo periodo del a\u00f1o anterior. Los m\u00e1rgenes de EBITDA y EBITDA Ajustado durante el periodo alcanzaron 33.0% y 33.6%, respectivamente y su utilidad neta alcanz\u00f3 13.4%  en el trimestre, con 66.6 millones de pesos\u201d detall\u00f3 la empresa.<\/p>\n<p>Al cierre del 2T16, la compa\u00f1\u00eda contaba con 2,088.4 millones de efectivo, una disminuci\u00f3n de 13.9% comparado con el cierre de diciembre de 2015. Lo anterior se debi\u00f3 fundamentalmente al desembolso de recursos para el proceso de desarrollo de nuevos hoteles.<br \/>\n<strong><br \/>\nDeuda<\/strong> <\/p>\n<p>La empresa dio a conocer tambi\u00e9n que la deuda que tiene con diversas instituciones financieras increment\u00f3 7.7% en comparaci\u00f3n con el cierre de 2015, con lo que ascendi\u00f3 a 2,311.7 millones, de los que 147.4 millones tiene vencimiento en los pr\u00f3ximos 12 meses; 179.3 millones se encuentran denodados en d\u00f3lares y 248.7 millones en pesos chilenos. <\/p>\n<p>Tambi\u00e9n, en los \u00faltimos 3 meses se desembolsaron 48.6 millones, que corresponden a los proyectos en proceso de desarrollo y que est\u00e1n en conformidad con su plan de desarrollo. <\/p>\n<p>\u201cAl cierre del trimestre finalizado el 30 de junio de 2016, la Compa\u00f1\u00eda present\u00f3 Deuda Neta de 223.2 millones, en comparaci\u00f3n con la registrada al cierre del 31 de diciembre de 2015 por 280.6 millones. En cuanto al Activo Fijo, en el rubro de Propiedad, Planta y Equipo Neto se registr\u00f3 un incremento de 11.2% respecto al cierre del 31 de diciembre de 2015, el cual est\u00e1 directamente ligado con el uso de caja para la adquisici\u00f3n de terrenos y desarrollo de hoteles, as\u00ed como las obras que se encuentran en proceso\u201d. <\/p>\n<p><strong>Reserva <\/strong><\/p>\n<p>Hoteles City Express asegur\u00f3 que su reserva territorial tiene un valor a costo hist\u00f3rico por unos 565 millones de pesos, as\u00ed como con obras en proceso y remodelaciones por m\u00e1s de 1,200 millones. <\/p>\n<p>Y, respecto a su generaci\u00f3n de flujo, en el segundo trimestre se generaron 236.3 millones de flujo neto de actividades de operaci\u00f3n, comparados con los 217.6 millones que gener\u00f3 en los mismos meses del a\u00f1o anterior. <\/p>\n<p>\u201cInvirti\u00f3 444 millones en la adquisici\u00f3n de inmuebles, mobiliario, equipo y mejoras a propiedades arrendadas en comparaci\u00f3n con los 318 millones que invirti\u00f3 en el mismo rubro en el 2T15 y obtuvo flujos netos de financiamiento por 12.8 millones en contraste con los 8.0 millones registrados en el 2T15\u201d.<\/p>\n","protected":false},"excerpt":{"rendered":"<p>La deuda que tiene con instituciones financieras es por 2,311.7 millones denominados en varias monedas<\/p>\n","protected":false},"author":37,"featured_media":34412,"comment_status":"open","ping_status":"closed","sticky":false,"template":"","format":"standard","meta":{"om_disable_all_campaigns":false,"inline_featured_image":false,"_monsterinsights_skip_tracking":false,"_monsterinsights_sitenote_active":false,"_monsterinsights_sitenote_note":"","_monsterinsights_sitenote_category":0,"footnotes":""},"categories":[15],"tags":[],"class_list":["post-37687","post","type-post","status-publish","format-standard","has-post-thumbnail","hentry","category-inmobiliario"],"yoast_head":"<!-- This site is optimized with the Yoast SEO plugin v27.5 - https:\/\/yoast.com\/product\/yoast-seo-wordpress\/ -->\n<title>Hoteles City Express registr\u00f3 ocupaci\u00f3n de 62.6% en 2T2016 -<\/title>\n<meta name=\"description\" content=\"Con el incremento en el costo de sus tarifas promedio diaria (ADR) y efectiva (RevPAR) Hoteles City Express tuvo una ocupaci\u00f3n 62.6% en el segundo trimestre de este a\u00f1o, cifra que \u201cest\u00e1 en l\u00ednea\u201d con el mismo periodo del a\u00f1o anterior. La empresa detall\u00f3 que los incrementos en sus tarifas fueron de 7.2% y 7.1%, con lo que alcanzaron 812 y 508 pesos, respectivamente.\" \/>\n<meta name=\"robots\" content=\"index, follow, max-snippet:-1, max-image-preview:large, max-video-preview:-1\" \/>\n<link rel=\"canonical\" href=\"https:\/\/centrourbano.com\/revista\/inmobiliario\/hotele-city-express-registro-ocupacion-62-6-2t2016\/\" \/>\n<meta property=\"og:locale\" content=\"es_ES\" \/>\n<meta property=\"og:type\" content=\"article\" \/>\n<meta property=\"og:title\" content=\"Hoteles City Express registr\u00f3 ocupaci\u00f3n de 62.6% en 2T2016 -\" \/>\n<meta property=\"og:description\" content=\"Con el incremento en el costo de sus tarifas promedio diaria (ADR) y efectiva (RevPAR) Hoteles City Express tuvo una ocupaci\u00f3n 62.6% en el segundo trimestre de este a\u00f1o, cifra que \u201cest\u00e1 en l\u00ednea\u201d con el mismo periodo del a\u00f1o anterior. La empresa detall\u00f3 que los incrementos en sus tarifas fueron de 7.2% y 7.1%, con lo que alcanzaron 812 y 508 pesos, respectivamente.\" \/>\n<meta property=\"og:url\" content=\"https:\/\/centrourbano.com\/revista\/inmobiliario\/hotele-city-express-registro-ocupacion-62-6-2t2016\/\" \/>\n<meta property=\"og:site_name\" content=\"Centro Urbano\" \/>\n<meta property=\"article:publisher\" content=\"https:\/\/www.facebook.com\/portalcentrourbano\" \/>\n<meta property=\"article:published_time\" content=\"2016-07-21T18:18:19+00:00\" \/>\n<meta property=\"article:modified_time\" content=\"2016-07-21T22:06:22+00:00\" \/>\n<meta property=\"og:image\" content=\"https:\/\/centrourbano.com\/revista\/wp-content\/uploads\/hotel-aguascalientes-city-express-junior-recepcion-e1462812341544.jpg\" \/>\n\t<meta property=\"og:image:width\" content=\"580\" \/>\n\t<meta property=\"og:image:height\" content=\"351\" \/>\n\t<meta property=\"og:image:type\" content=\"image\/jpeg\" \/>\n<meta name=\"author\" content=\"Diego Rodr\u00edguez\" \/>\n<meta name=\"twitter:card\" content=\"summary_large_image\" \/>\n<meta name=\"twitter:creator\" content=\"@CentroUrbano\" \/>\n<meta name=\"twitter:site\" content=\"@CentroUrbano\" \/>\n<meta name=\"twitter:label1\" content=\"Escrito por\" \/>\n\t<meta name=\"twitter:data1\" content=\"Diego Rodr\u00edguez\" \/>\n\t<meta name=\"twitter:label2\" content=\"Tiempo de lectura\" \/>\n\t<meta name=\"twitter:data2\" content=\"3 minutos\" \/>\n<script type=\"application\/ld+json\" class=\"yoast-schema-graph\">{\"@context\":\"https:\\\/\\\/schema.org\",\"@graph\":[{\"@type\":\"Article\",\"@id\":\"https:\\\/\\\/centrourbano.com\\\/revista\\\/inmobiliario\\\/hotele-city-express-registro-ocupacion-62-6-2t2016\\\/#article\",\"isPartOf\":{\"@id\":\"https:\\\/\\\/centrourbano.com\\\/revista\\\/inmobiliario\\\/hotele-city-express-registro-ocupacion-62-6-2t2016\\\/\"},\"author\":{\"name\":\"Diego Rodr\u00edguez\",\"@id\":\"https:\\\/\\\/centrourbano.com\\\/revista\\\/#\\\/schema\\\/person\\\/dbdc8d1d633eb3e0461138eedc8a0615\"},\"headline\":\"Hoteles City Express registr\u00f3 ocupaci\u00f3n de 62.6% en 2T2016\",\"datePublished\":\"2016-07-21T18:18:19+00:00\",\"dateModified\":\"2016-07-21T22:06:22+00:00\",\"mainEntityOfPage\":{\"@id\":\"https:\\\/\\\/centrourbano.com\\\/revista\\\/inmobiliario\\\/hotele-city-express-registro-ocupacion-62-6-2t2016\\\/\"},\"wordCount\":569,\"commentCount\":0,\"publisher\":{\"@id\":\"https:\\\/\\\/centrourbano.com\\\/revista\\\/#organization\"},\"image\":{\"@id\":\"https:\\\/\\\/centrourbano.com\\\/revista\\\/inmobiliario\\\/hotele-city-express-registro-ocupacion-62-6-2t2016\\\/#primaryimage\"},\"thumbnailUrl\":\"https:\\\/\\\/centrourbano.com\\\/revista\\\/wp-content\\\/uploads\\\/hotel-aguascalientes-city-express-junior-recepcion-e1462812341544.jpg\",\"articleSection\":[\"Inmobiliario\"],\"inLanguage\":\"es\",\"potentialAction\":[{\"@type\":\"CommentAction\",\"name\":\"Comment\",\"target\":[\"https:\\\/\\\/centrourbano.com\\\/revista\\\/inmobiliario\\\/hotele-city-express-registro-ocupacion-62-6-2t2016\\\/#respond\"]}]},{\"@type\":\"WebPage\",\"@id\":\"https:\\\/\\\/centrourbano.com\\\/revista\\\/inmobiliario\\\/hotele-city-express-registro-ocupacion-62-6-2t2016\\\/\",\"url\":\"https:\\\/\\\/centrourbano.com\\\/revista\\\/inmobiliario\\\/hotele-city-express-registro-ocupacion-62-6-2t2016\\\/\",\"name\":\"Hoteles City Express registr\u00f3 ocupaci\u00f3n de 62.6% en 2T2016 -\",\"isPartOf\":{\"@id\":\"https:\\\/\\\/centrourbano.com\\\/revista\\\/#website\"},\"primaryImageOfPage\":{\"@id\":\"https:\\\/\\\/centrourbano.com\\\/revista\\\/inmobiliario\\\/hotele-city-express-registro-ocupacion-62-6-2t2016\\\/#primaryimage\"},\"image\":{\"@id\":\"https:\\\/\\\/centrourbano.com\\\/revista\\\/inmobiliario\\\/hotele-city-express-registro-ocupacion-62-6-2t2016\\\/#primaryimage\"},\"thumbnailUrl\":\"https:\\\/\\\/centrourbano.com\\\/revista\\\/wp-content\\\/uploads\\\/hotel-aguascalientes-city-express-junior-recepcion-e1462812341544.jpg\",\"datePublished\":\"2016-07-21T18:18:19+00:00\",\"dateModified\":\"2016-07-21T22:06:22+00:00\",\"description\":\"Con el incremento en el costo de sus tarifas promedio diaria (ADR) y efectiva (RevPAR) Hoteles City Express tuvo una ocupaci\u00f3n 62.6% en el segundo trimestre de este a\u00f1o, cifra que \u201cest\u00e1 en l\u00ednea\u201d con el mismo periodo del a\u00f1o anterior. La empresa detall\u00f3 que los incrementos en sus tarifas fueron de 7.2% y 7.1%, con lo que alcanzaron 812 y 508 pesos, respectivamente.\",\"breadcrumb\":{\"@id\":\"https:\\\/\\\/centrourbano.com\\\/revista\\\/inmobiliario\\\/hotele-city-express-registro-ocupacion-62-6-2t2016\\\/#breadcrumb\"},\"inLanguage\":\"es\",\"potentialAction\":[{\"@type\":\"ReadAction\",\"target\":[\"https:\\\/\\\/centrourbano.com\\\/revista\\\/inmobiliario\\\/hotele-city-express-registro-ocupacion-62-6-2t2016\\\/\"]}]},{\"@type\":\"ImageObject\",\"inLanguage\":\"es\",\"@id\":\"https:\\\/\\\/centrourbano.com\\\/revista\\\/inmobiliario\\\/hotele-city-express-registro-ocupacion-62-6-2t2016\\\/#primaryimage\",\"url\":\"https:\\\/\\\/centrourbano.com\\\/revista\\\/wp-content\\\/uploads\\\/hotel-aguascalientes-city-express-junior-recepcion-e1462812341544.jpg\",\"contentUrl\":\"https:\\\/\\\/centrourbano.com\\\/revista\\\/wp-content\\\/uploads\\\/hotel-aguascalientes-city-express-junior-recepcion-e1462812341544.jpg\",\"width\":580,\"height\":351,\"caption\":\"La deuda que tiene con instituciones financieras es por 2,311.7 millones denominados en varias monedas\"},{\"@type\":\"BreadcrumbList\",\"@id\":\"https:\\\/\\\/centrourbano.com\\\/revista\\\/inmobiliario\\\/hotele-city-express-registro-ocupacion-62-6-2t2016\\\/#breadcrumb\",\"itemListElement\":[{\"@type\":\"ListItem\",\"position\":1,\"name\":\"Portada\",\"item\":\"https:\\\/\\\/centrourbano.com\\\/revista\\\/\"},{\"@type\":\"ListItem\",\"position\":2,\"name\":\"Hoteles City Express registr\u00f3 ocupaci\u00f3n de 62.6% en 2T2016\"}]},{\"@type\":\"WebSite\",\"@id\":\"https:\\\/\\\/centrourbano.com\\\/revista\\\/#website\",\"url\":\"https:\\\/\\\/centrourbano.com\\\/revista\\\/\",\"name\":\"Centro Urbano\",\"description\":\"Medio especializado en los sectores vivienda, inmobiliario, construcci\u00f3n, arquitectura y urbanismo.\",\"publisher\":{\"@id\":\"https:\\\/\\\/centrourbano.com\\\/revista\\\/#organization\"},\"potentialAction\":[{\"@type\":\"SearchAction\",\"target\":{\"@type\":\"EntryPoint\",\"urlTemplate\":\"https:\\\/\\\/centrourbano.com\\\/revista\\\/?s={search_term_string}\"},\"query-input\":{\"@type\":\"PropertyValueSpecification\",\"valueRequired\":true,\"valueName\":\"search_term_string\"}}],\"inLanguage\":\"es\"},{\"@type\":\"Organization\",\"@id\":\"https:\\\/\\\/centrourbano.com\\\/revista\\\/#organization\",\"name\":\"Centro Urbano\",\"url\":\"https:\\\/\\\/centrourbano.com\\\/revista\\\/\",\"logo\":{\"@type\":\"ImageObject\",\"inLanguage\":\"es\",\"@id\":\"https:\\\/\\\/centrourbano.com\\\/revista\\\/#\\\/schema\\\/logo\\\/image\\\/\",\"url\":\"https:\\\/\\\/centrourbano.com\\\/revista\\\/wp-content\\\/uploads\\\/web_CU_logo-1.png\",\"contentUrl\":\"https:\\\/\\\/centrourbano.com\\\/revista\\\/wp-content\\\/uploads\\\/web_CU_logo-1.png\",\"width\":350,\"height\":91,\"caption\":\"Centro Urbano\"},\"image\":{\"@id\":\"https:\\\/\\\/centrourbano.com\\\/revista\\\/#\\\/schema\\\/logo\\\/image\\\/\"},\"sameAs\":[\"https:\\\/\\\/www.facebook.com\\\/portalcentrourbano\",\"https:\\\/\\\/x.com\\\/CentroUrbano\",\"https:\\\/\\\/www.instagram.com\\\/centro_urbano\\\/\",\"https:\\\/\\\/www.linkedin.com\\\/company\\\/centro-urbano\\\/\",\"http:\\\/\\\/www.youtube.com\\\/user\\\/portalcentrourbano\"]},{\"@type\":\"Person\",\"@id\":\"https:\\\/\\\/centrourbano.com\\\/revista\\\/#\\\/schema\\\/person\\\/dbdc8d1d633eb3e0461138eedc8a0615\",\"name\":\"Diego Rodr\u00edguez\",\"image\":{\"@type\":\"ImageObject\",\"inLanguage\":\"es\",\"@id\":\"https:\\\/\\\/secure.gravatar.com\\\/avatar\\\/d217565525df2df5d4e7265d47758506f41845ed9529510921a7625d8365789d?s=96&d=mm&r=g\",\"url\":\"https:\\\/\\\/secure.gravatar.com\\\/avatar\\\/d217565525df2df5d4e7265d47758506f41845ed9529510921a7625d8365789d?s=96&d=mm&r=g\",\"contentUrl\":\"https:\\\/\\\/secure.gravatar.com\\\/avatar\\\/d217565525df2df5d4e7265d47758506f41845ed9529510921a7625d8365789d?s=96&d=mm&r=g\",\"caption\":\"Diego Rodr\u00edguez\"},\"description\":\"Egresado de la Facultad de Estudios Superiores Acatl\u00e1n de la carrera en Comunicaci\u00f3n, con especialidad en medios escritos. Reportero del desaparecido peri\u00f3dico Nuestro M\u00e9xico, en donde cubri\u00f3 las fuentes delegacionales y Asamblea Legislativa. Tambi\u00e9n trabaj\u00f3 en la Coordinaci\u00f3n de Comunicaci\u00f3n Social en la delegaci\u00f3n \u00c1lvaro Obreg\u00f3n. Le gusta leer novelas y cuentos.\",\"url\":\"https:\\\/\\\/centrourbano.com\\\/revista\\\/author\\\/diegorodriguez\\\/\"}]}<\/script>\n<!-- \/ Yoast SEO plugin. -->","yoast_head_json":{"title":"Hoteles City Express registr\u00f3 ocupaci\u00f3n de 62.6% en 2T2016 -","description":"Con el incremento en el costo de sus tarifas promedio diaria (ADR) y efectiva (RevPAR) Hoteles City Express tuvo una ocupaci\u00f3n 62.6% en el segundo trimestre de este a\u00f1o, cifra que \u201cest\u00e1 en l\u00ednea\u201d con el mismo periodo del a\u00f1o anterior. La empresa detall\u00f3 que los incrementos en sus tarifas fueron de 7.2% y 7.1%, con lo que alcanzaron 812 y 508 pesos, respectivamente.","robots":{"index":"index","follow":"follow","max-snippet":"max-snippet:-1","max-image-preview":"max-image-preview:large","max-video-preview":"max-video-preview:-1"},"canonical":"https:\/\/centrourbano.com\/revista\/inmobiliario\/hotele-city-express-registro-ocupacion-62-6-2t2016\/","og_locale":"es_ES","og_type":"article","og_title":"Hoteles City Express registr\u00f3 ocupaci\u00f3n de 62.6% en 2T2016 -","og_description":"Con el incremento en el costo de sus tarifas promedio diaria (ADR) y efectiva (RevPAR) Hoteles City Express tuvo una ocupaci\u00f3n 62.6% en el segundo trimestre de este a\u00f1o, cifra que \u201cest\u00e1 en l\u00ednea\u201d con el mismo periodo del a\u00f1o anterior. La empresa detall\u00f3 que los incrementos en sus tarifas fueron de 7.2% y 7.1%, con lo que alcanzaron 812 y 508 pesos, respectivamente.","og_url":"https:\/\/centrourbano.com\/revista\/inmobiliario\/hotele-city-express-registro-ocupacion-62-6-2t2016\/","og_site_name":"Centro Urbano","article_publisher":"https:\/\/www.facebook.com\/portalcentrourbano","article_published_time":"2016-07-21T18:18:19+00:00","article_modified_time":"2016-07-21T22:06:22+00:00","og_image":[{"width":580,"height":351,"url":"https:\/\/centrourbano.com\/revista\/wp-content\/uploads\/hotel-aguascalientes-city-express-junior-recepcion-e1462812341544.jpg","type":"image\/jpeg"}],"author":"Diego Rodr\u00edguez","twitter_card":"summary_large_image","twitter_creator":"@CentroUrbano","twitter_site":"@CentroUrbano","twitter_misc":{"Escrito por":"Diego Rodr\u00edguez","Tiempo de lectura":"3 minutos"},"schema":{"@context":"https:\/\/schema.org","@graph":[{"@type":"Article","@id":"https:\/\/centrourbano.com\/revista\/inmobiliario\/hotele-city-express-registro-ocupacion-62-6-2t2016\/#article","isPartOf":{"@id":"https:\/\/centrourbano.com\/revista\/inmobiliario\/hotele-city-express-registro-ocupacion-62-6-2t2016\/"},"author":{"name":"Diego Rodr\u00edguez","@id":"https:\/\/centrourbano.com\/revista\/#\/schema\/person\/dbdc8d1d633eb3e0461138eedc8a0615"},"headline":"Hoteles City Express registr\u00f3 ocupaci\u00f3n de 62.6% en 2T2016","datePublished":"2016-07-21T18:18:19+00:00","dateModified":"2016-07-21T22:06:22+00:00","mainEntityOfPage":{"@id":"https:\/\/centrourbano.com\/revista\/inmobiliario\/hotele-city-express-registro-ocupacion-62-6-2t2016\/"},"wordCount":569,"commentCount":0,"publisher":{"@id":"https:\/\/centrourbano.com\/revista\/#organization"},"image":{"@id":"https:\/\/centrourbano.com\/revista\/inmobiliario\/hotele-city-express-registro-ocupacion-62-6-2t2016\/#primaryimage"},"thumbnailUrl":"https:\/\/centrourbano.com\/revista\/wp-content\/uploads\/hotel-aguascalientes-city-express-junior-recepcion-e1462812341544.jpg","articleSection":["Inmobiliario"],"inLanguage":"es","potentialAction":[{"@type":"CommentAction","name":"Comment","target":["https:\/\/centrourbano.com\/revista\/inmobiliario\/hotele-city-express-registro-ocupacion-62-6-2t2016\/#respond"]}]},{"@type":"WebPage","@id":"https:\/\/centrourbano.com\/revista\/inmobiliario\/hotele-city-express-registro-ocupacion-62-6-2t2016\/","url":"https:\/\/centrourbano.com\/revista\/inmobiliario\/hotele-city-express-registro-ocupacion-62-6-2t2016\/","name":"Hoteles City Express registr\u00f3 ocupaci\u00f3n de 62.6% en 2T2016 -","isPartOf":{"@id":"https:\/\/centrourbano.com\/revista\/#website"},"primaryImageOfPage":{"@id":"https:\/\/centrourbano.com\/revista\/inmobiliario\/hotele-city-express-registro-ocupacion-62-6-2t2016\/#primaryimage"},"image":{"@id":"https:\/\/centrourbano.com\/revista\/inmobiliario\/hotele-city-express-registro-ocupacion-62-6-2t2016\/#primaryimage"},"thumbnailUrl":"https:\/\/centrourbano.com\/revista\/wp-content\/uploads\/hotel-aguascalientes-city-express-junior-recepcion-e1462812341544.jpg","datePublished":"2016-07-21T18:18:19+00:00","dateModified":"2016-07-21T22:06:22+00:00","description":"Con el incremento en el costo de sus tarifas promedio diaria (ADR) y efectiva (RevPAR) Hoteles City Express tuvo una ocupaci\u00f3n 62.6% en el segundo trimestre de este a\u00f1o, cifra que \u201cest\u00e1 en l\u00ednea\u201d con el mismo periodo del a\u00f1o anterior. La empresa detall\u00f3 que los incrementos en sus tarifas fueron de 7.2% y 7.1%, con lo que alcanzaron 812 y 508 pesos, respectivamente.","breadcrumb":{"@id":"https:\/\/centrourbano.com\/revista\/inmobiliario\/hotele-city-express-registro-ocupacion-62-6-2t2016\/#breadcrumb"},"inLanguage":"es","potentialAction":[{"@type":"ReadAction","target":["https:\/\/centrourbano.com\/revista\/inmobiliario\/hotele-city-express-registro-ocupacion-62-6-2t2016\/"]}]},{"@type":"ImageObject","inLanguage":"es","@id":"https:\/\/centrourbano.com\/revista\/inmobiliario\/hotele-city-express-registro-ocupacion-62-6-2t2016\/#primaryimage","url":"https:\/\/centrourbano.com\/revista\/wp-content\/uploads\/hotel-aguascalientes-city-express-junior-recepcion-e1462812341544.jpg","contentUrl":"https:\/\/centrourbano.com\/revista\/wp-content\/uploads\/hotel-aguascalientes-city-express-junior-recepcion-e1462812341544.jpg","width":580,"height":351,"caption":"La deuda que tiene con instituciones financieras es por 2,311.7 millones denominados en varias monedas"},{"@type":"BreadcrumbList","@id":"https:\/\/centrourbano.com\/revista\/inmobiliario\/hotele-city-express-registro-ocupacion-62-6-2t2016\/#breadcrumb","itemListElement":[{"@type":"ListItem","position":1,"name":"Portada","item":"https:\/\/centrourbano.com\/revista\/"},{"@type":"ListItem","position":2,"name":"Hoteles City Express registr\u00f3 ocupaci\u00f3n de 62.6% en 2T2016"}]},{"@type":"WebSite","@id":"https:\/\/centrourbano.com\/revista\/#website","url":"https:\/\/centrourbano.com\/revista\/","name":"Centro Urbano","description":"Medio especializado en los sectores vivienda, inmobiliario, construcci\u00f3n, arquitectura y urbanismo.","publisher":{"@id":"https:\/\/centrourbano.com\/revista\/#organization"},"potentialAction":[{"@type":"SearchAction","target":{"@type":"EntryPoint","urlTemplate":"https:\/\/centrourbano.com\/revista\/?s={search_term_string}"},"query-input":{"@type":"PropertyValueSpecification","valueRequired":true,"valueName":"search_term_string"}}],"inLanguage":"es"},{"@type":"Organization","@id":"https:\/\/centrourbano.com\/revista\/#organization","name":"Centro Urbano","url":"https:\/\/centrourbano.com\/revista\/","logo":{"@type":"ImageObject","inLanguage":"es","@id":"https:\/\/centrourbano.com\/revista\/#\/schema\/logo\/image\/","url":"https:\/\/centrourbano.com\/revista\/wp-content\/uploads\/web_CU_logo-1.png","contentUrl":"https:\/\/centrourbano.com\/revista\/wp-content\/uploads\/web_CU_logo-1.png","width":350,"height":91,"caption":"Centro Urbano"},"image":{"@id":"https:\/\/centrourbano.com\/revista\/#\/schema\/logo\/image\/"},"sameAs":["https:\/\/www.facebook.com\/portalcentrourbano","https:\/\/x.com\/CentroUrbano","https:\/\/www.instagram.com\/centro_urbano\/","https:\/\/www.linkedin.com\/company\/centro-urbano\/","http:\/\/www.youtube.com\/user\/portalcentrourbano"]},{"@type":"Person","@id":"https:\/\/centrourbano.com\/revista\/#\/schema\/person\/dbdc8d1d633eb3e0461138eedc8a0615","name":"Diego Rodr\u00edguez","image":{"@type":"ImageObject","inLanguage":"es","@id":"https:\/\/secure.gravatar.com\/avatar\/d217565525df2df5d4e7265d47758506f41845ed9529510921a7625d8365789d?s=96&d=mm&r=g","url":"https:\/\/secure.gravatar.com\/avatar\/d217565525df2df5d4e7265d47758506f41845ed9529510921a7625d8365789d?s=96&d=mm&r=g","contentUrl":"https:\/\/secure.gravatar.com\/avatar\/d217565525df2df5d4e7265d47758506f41845ed9529510921a7625d8365789d?s=96&d=mm&r=g","caption":"Diego Rodr\u00edguez"},"description":"Egresado de la Facultad de Estudios Superiores Acatl\u00e1n de la carrera en Comunicaci\u00f3n, con especialidad en medios escritos. Reportero del desaparecido peri\u00f3dico Nuestro M\u00e9xico, en donde cubri\u00f3 las fuentes delegacionales y Asamblea Legislativa. Tambi\u00e9n trabaj\u00f3 en la Coordinaci\u00f3n de Comunicaci\u00f3n Social en la delegaci\u00f3n \u00c1lvaro Obreg\u00f3n. Le gusta leer novelas y cuentos.","url":"https:\/\/centrourbano.com\/revista\/author\/diegorodriguez\/"}]}},"_links":{"self":[{"href":"https:\/\/centrourbano.com\/revista\/wp-json\/wp\/v2\/posts\/37687","targetHints":{"allow":["GET"]}}],"collection":[{"href":"https:\/\/centrourbano.com\/revista\/wp-json\/wp\/v2\/posts"}],"about":[{"href":"https:\/\/centrourbano.com\/revista\/wp-json\/wp\/v2\/types\/post"}],"author":[{"embeddable":true,"href":"https:\/\/centrourbano.com\/revista\/wp-json\/wp\/v2\/users\/37"}],"replies":[{"embeddable":true,"href":"https:\/\/centrourbano.com\/revista\/wp-json\/wp\/v2\/comments?post=37687"}],"version-history":[{"count":0,"href":"https:\/\/centrourbano.com\/revista\/wp-json\/wp\/v2\/posts\/37687\/revisions"}],"wp:featuredmedia":[{"embeddable":true,"href":"https:\/\/centrourbano.com\/revista\/wp-json\/wp\/v2\/media\/34412"}],"wp:attachment":[{"href":"https:\/\/centrourbano.com\/revista\/wp-json\/wp\/v2\/media?parent=37687"}],"wp:term":[{"taxonomy":"category","embeddable":true,"href":"https:\/\/centrourbano.com\/revista\/wp-json\/wp\/v2\/categories?post=37687"},{"taxonomy":"post_tag","embeddable":true,"href":"https:\/\/centrourbano.com\/revista\/wp-json\/wp\/v2\/tags?post=37687"}],"curies":[{"name":"wp","href":"https:\/\/api.w.org\/{rel}","templated":true}]}}