{"id":37673,"date":"2016-07-21T09:18:35","date_gmt":"2016-07-21T14:18:35","guid":{"rendered":"https:\/\/centrourbano.com\/?p=37673"},"modified":"2016-07-20T18:25:22","modified_gmt":"2016-07-20T23:25:22","slug":"jefe-gobierno-inaugura-centro-salud-xochimilco","status":"publish","type":"post","link":"https:\/\/centrourbano.com\/revista\/construccion\/jefe-gobierno-inaugura-centro-salud-xochimilco\/","title":{"rendered":"Jefe de Gobierno inaugura centro de salud en Xochimilco"},"content":{"rendered":"<p><em>La inversi\u00f3n del nuevo Centro de Salud T-III San Gregorio Atlapulco fue de 50 millones de pesos<\/em><!--more--><\/p>\n<p>Como parte de la estrategia de prevenci\u00f3n que busca la salud de los capitalinos, el Jefe de Gobierno de la Ciudad de M\u00e9xico, Miguel \u00c1ngel Mancera Espinosa, inaugur\u00f3 el nuevo Centro de Salud T-III San Gregorio Atlapulco, con el fin de brindar a 50 mil habitantes de la delegaci\u00f3n servicios gratuitos de salud.<\/p>\n<p>El edificio cuenta con tres edificios, de los cuales uno va dirigido al \u00e1rea de gobierno, la segunda es para consulta externa y la tercera para Estomatolog\u00eda, Rayos X, Laboratorio de An\u00e1lisis Cl\u00ednicos, etc. Todo a base de una inversi\u00f3n de m\u00e1s de 50 millones de pesos. <\/p>\n<p>\u00abEste a\u00f1o tendremos otras inauguraciones de m\u00e1s centros de salud, nos propusimos tener un alcance de 12 unidades como esta en la Ciudad de M\u00e9xico, estamos llegando a la novena con esta inauguraci\u00f3n y las tres restantes est\u00e1n pr\u00e1cticamente listas para poder entreg\u00e1rselas a la ciudad\u00bb, afirm\u00f3.<\/p>\n<p>A la apertura asisti\u00f3 el secretario de Salud (SEDESA) de la Ciudad de M\u00e9xico, Armando Ahued Ortega, quien reconoci\u00f3 el apoyo por parte del gobierno para la prevenci\u00f3n y promoci\u00f3n de estrategias para la salud. <\/p>\n<p> \u00abLa transformaci\u00f3n del modelo que privilegia la atenci\u00f3n de enfermos, en otro que priorice la promoci\u00f3n de individuos sanos, pasa fundamentalmente por el primer nivel de atenci\u00f3n. Nuestros indicadores deben no solo reflejar a cu\u00e1nta gente enferma atendemos, sino cu\u00e1ntos sanos se han acercado para mantener esa condici\u00f3n\u00bb, coment\u00f3.<\/p>\n<p>Finalmente, Avelino M\u00e9ndez Rangel, jefe delegacional en Xochimilco, aclar\u00f3 que en colaboraci\u00f3n con la Secretar\u00eda de Desarrollo Rural y Equidad para las Comunidades (SEDEREC), los principales embarcaderos de Xochimilco ser\u00e1n remodelados para que obras como el nuevo Centro de salud y esta, puedan brindar servicios de alta calidad y representar generaciones de trabajo y bienestar para sus habitantes.<\/p>\n","protected":false},"excerpt":{"rendered":"<p>La inversi\u00f3n del nuevo Centro de Salud T-III San Gregorio Atlapulco fue de 50 millones de pesos<\/p>\n","protected":false},"author":42,"featured_media":37675,"comment_status":"open","ping_status":"closed","sticky":false,"template":"","format":"standard","meta":{"om_disable_all_campaigns":false,"inline_featured_image":false,"_monsterinsights_skip_tracking":false,"_monsterinsights_sitenote_active":false,"_monsterinsights_sitenote_note":"","_monsterinsights_sitenote_category":0,"footnotes":""},"categories":[14],"tags":[],"class_list":["post-37673","post","type-post","status-publish","format-standard","has-post-thumbnail","hentry","category-construccion"],"yoast_head":"<!-- This site is optimized with the Yoast SEO plugin v27.4 - https:\/\/yoast.com\/product\/yoast-seo-wordpress\/ -->\n<title>Jefe de Gobierno inaugura centro de salud en Xochimilco -<\/title>\n<meta name=\"description\" content=\"Como parte de la estrategia de prevenci\u00f3n que busca la salud de los capitalinos, el Jefe de Gobierno de la Ciudad de M\u00e9xico, Miguel \u00c1ngel Mancera Espinosa, inaugur\u00f3 el nuevo Centro de Salud T-III San Gregorio Atlapulco, con el fin de brindar a 50 mil habitantes de la delegaci\u00f3n servicios gratuitos de salud.\" \/>\n<meta name=\"robots\" content=\"index, follow, max-snippet:-1, max-image-preview:large, max-video-preview:-1\" \/>\n<link rel=\"canonical\" href=\"https:\/\/centrourbano.com\/revista\/construccion\/jefe-gobierno-inaugura-centro-salud-xochimilco\/\" \/>\n<meta property=\"og:locale\" content=\"es_ES\" \/>\n<meta property=\"og:type\" content=\"article\" \/>\n<meta property=\"og:title\" content=\"Jefe de Gobierno inaugura centro de salud en Xochimilco -\" \/>\n<meta property=\"og:description\" content=\"Como parte de la estrategia de prevenci\u00f3n que busca la salud de los capitalinos, el Jefe de Gobierno de la Ciudad de M\u00e9xico, Miguel \u00c1ngel Mancera Espinosa, inaugur\u00f3 el nuevo Centro de Salud T-III San Gregorio Atlapulco, con el fin de brindar a 50 mil habitantes de la delegaci\u00f3n servicios gratuitos de salud.\" \/>\n<meta property=\"og:url\" content=\"https:\/\/centrourbano.com\/revista\/construccion\/jefe-gobierno-inaugura-centro-salud-xochimilco\/\" \/>\n<meta property=\"og:site_name\" content=\"Centro Urbano\" \/>\n<meta property=\"article:publisher\" content=\"https:\/\/www.facebook.com\/portalcentrourbano\" \/>\n<meta property=\"article:published_time\" content=\"2016-07-21T14:18:35+00:00\" \/>\n<meta property=\"og:image\" content=\"https:\/\/centrourbano.com\/revista\/wp-content\/uploads\/yazmin.jpg\" \/>\n\t<meta property=\"og:image:width\" content=\"1024\" \/>\n\t<meta property=\"og:image:height\" content=\"682\" \/>\n\t<meta property=\"og:image:type\" content=\"image\/jpeg\" \/>\n<meta name=\"author\" content=\"Priscila D\u00edaz\" \/>\n<meta name=\"twitter:card\" content=\"summary_large_image\" \/>\n<meta name=\"twitter:creator\" content=\"@CentroUrbano\" \/>\n<meta name=\"twitter:site\" content=\"@CentroUrbano\" \/>\n<meta name=\"twitter:label1\" content=\"Escrito por\" \/>\n\t<meta name=\"twitter:data1\" content=\"Priscila D\u00edaz\" \/>\n\t<meta name=\"twitter:label2\" content=\"Tiempo de lectura\" \/>\n\t<meta name=\"twitter:data2\" content=\"2 minutos\" \/>\n<script type=\"application\/ld+json\" class=\"yoast-schema-graph\">{\"@context\":\"https:\\\/\\\/schema.org\",\"@graph\":[{\"@type\":\"Article\",\"@id\":\"https:\\\/\\\/centrourbano.com\\\/revista\\\/construccion\\\/jefe-gobierno-inaugura-centro-salud-xochimilco\\\/#article\",\"isPartOf\":{\"@id\":\"https:\\\/\\\/centrourbano.com\\\/revista\\\/construccion\\\/jefe-gobierno-inaugura-centro-salud-xochimilco\\\/\"},\"author\":{\"name\":\"Priscila D\u00edaz\",\"@id\":\"https:\\\/\\\/centrourbano.com\\\/revista\\\/#\\\/schema\\\/person\\\/20613dd8a7db2b263325af517bc7420c\"},\"headline\":\"Jefe de Gobierno inaugura centro de salud en Xochimilco\",\"datePublished\":\"2016-07-21T14:18:35+00:00\",\"mainEntityOfPage\":{\"@id\":\"https:\\\/\\\/centrourbano.com\\\/revista\\\/construccion\\\/jefe-gobierno-inaugura-centro-salud-xochimilco\\\/\"},\"wordCount\":341,\"commentCount\":0,\"publisher\":{\"@id\":\"https:\\\/\\\/centrourbano.com\\\/revista\\\/#organization\"},\"image\":{\"@id\":\"https:\\\/\\\/centrourbano.com\\\/revista\\\/construccion\\\/jefe-gobierno-inaugura-centro-salud-xochimilco\\\/#primaryimage\"},\"thumbnailUrl\":\"https:\\\/\\\/centrourbano.com\\\/revista\\\/wp-content\\\/uploads\\\/yazmin.jpg\",\"articleSection\":[\"Construcci\u00f3n\"],\"inLanguage\":\"es\",\"potentialAction\":[{\"@type\":\"CommentAction\",\"name\":\"Comment\",\"target\":[\"https:\\\/\\\/centrourbano.com\\\/revista\\\/construccion\\\/jefe-gobierno-inaugura-centro-salud-xochimilco\\\/#respond\"]}]},{\"@type\":\"WebPage\",\"@id\":\"https:\\\/\\\/centrourbano.com\\\/revista\\\/construccion\\\/jefe-gobierno-inaugura-centro-salud-xochimilco\\\/\",\"url\":\"https:\\\/\\\/centrourbano.com\\\/revista\\\/construccion\\\/jefe-gobierno-inaugura-centro-salud-xochimilco\\\/\",\"name\":\"Jefe de Gobierno inaugura centro de salud en Xochimilco -\",\"isPartOf\":{\"@id\":\"https:\\\/\\\/centrourbano.com\\\/revista\\\/#website\"},\"primaryImageOfPage\":{\"@id\":\"https:\\\/\\\/centrourbano.com\\\/revista\\\/construccion\\\/jefe-gobierno-inaugura-centro-salud-xochimilco\\\/#primaryimage\"},\"image\":{\"@id\":\"https:\\\/\\\/centrourbano.com\\\/revista\\\/construccion\\\/jefe-gobierno-inaugura-centro-salud-xochimilco\\\/#primaryimage\"},\"thumbnailUrl\":\"https:\\\/\\\/centrourbano.com\\\/revista\\\/wp-content\\\/uploads\\\/yazmin.jpg\",\"datePublished\":\"2016-07-21T14:18:35+00:00\",\"description\":\"Como parte de la estrategia de prevenci\u00f3n que busca la salud de los capitalinos, el Jefe de Gobierno de la Ciudad de M\u00e9xico, Miguel \u00c1ngel Mancera Espinosa, inaugur\u00f3 el nuevo Centro de Salud T-III San Gregorio Atlapulco, con el fin de brindar a 50 mil habitantes de la delegaci\u00f3n servicios gratuitos de salud.\",\"breadcrumb\":{\"@id\":\"https:\\\/\\\/centrourbano.com\\\/revista\\\/construccion\\\/jefe-gobierno-inaugura-centro-salud-xochimilco\\\/#breadcrumb\"},\"inLanguage\":\"es\",\"potentialAction\":[{\"@type\":\"ReadAction\",\"target\":[\"https:\\\/\\\/centrourbano.com\\\/revista\\\/construccion\\\/jefe-gobierno-inaugura-centro-salud-xochimilco\\\/\"]}]},{\"@type\":\"ImageObject\",\"inLanguage\":\"es\",\"@id\":\"https:\\\/\\\/centrourbano.com\\\/revista\\\/construccion\\\/jefe-gobierno-inaugura-centro-salud-xochimilco\\\/#primaryimage\",\"url\":\"https:\\\/\\\/centrourbano.com\\\/revista\\\/wp-content\\\/uploads\\\/yazmin.jpg\",\"contentUrl\":\"https:\\\/\\\/centrourbano.com\\\/revista\\\/wp-content\\\/uploads\\\/yazmin.jpg\",\"width\":1024,\"height\":682,\"caption\":\"La inversi\u00f3n del nuevo Centro de Salud T-III San Gregorio Atlapulco fue de 50 millones de pesos\"},{\"@type\":\"BreadcrumbList\",\"@id\":\"https:\\\/\\\/centrourbano.com\\\/revista\\\/construccion\\\/jefe-gobierno-inaugura-centro-salud-xochimilco\\\/#breadcrumb\",\"itemListElement\":[{\"@type\":\"ListItem\",\"position\":1,\"name\":\"Portada\",\"item\":\"https:\\\/\\\/centrourbano.com\\\/revista\\\/\"},{\"@type\":\"ListItem\",\"position\":2,\"name\":\"Jefe de Gobierno inaugura centro de salud en Xochimilco\"}]},{\"@type\":\"WebSite\",\"@id\":\"https:\\\/\\\/centrourbano.com\\\/revista\\\/#website\",\"url\":\"https:\\\/\\\/centrourbano.com\\\/revista\\\/\",\"name\":\"Centro Urbano\",\"description\":\"Medio especializado en los sectores vivienda, inmobiliario, construcci\u00f3n, arquitectura y urbanismo.\",\"publisher\":{\"@id\":\"https:\\\/\\\/centrourbano.com\\\/revista\\\/#organization\"},\"potentialAction\":[{\"@type\":\"SearchAction\",\"target\":{\"@type\":\"EntryPoint\",\"urlTemplate\":\"https:\\\/\\\/centrourbano.com\\\/revista\\\/?s={search_term_string}\"},\"query-input\":{\"@type\":\"PropertyValueSpecification\",\"valueRequired\":true,\"valueName\":\"search_term_string\"}}],\"inLanguage\":\"es\"},{\"@type\":\"Organization\",\"@id\":\"https:\\\/\\\/centrourbano.com\\\/revista\\\/#organization\",\"name\":\"Centro Urbano\",\"url\":\"https:\\\/\\\/centrourbano.com\\\/revista\\\/\",\"logo\":{\"@type\":\"ImageObject\",\"inLanguage\":\"es\",\"@id\":\"https:\\\/\\\/centrourbano.com\\\/revista\\\/#\\\/schema\\\/logo\\\/image\\\/\",\"url\":\"https:\\\/\\\/centrourbano.com\\\/revista\\\/wp-content\\\/uploads\\\/web_CU_logo-1.png\",\"contentUrl\":\"https:\\\/\\\/centrourbano.com\\\/revista\\\/wp-content\\\/uploads\\\/web_CU_logo-1.png\",\"width\":350,\"height\":91,\"caption\":\"Centro Urbano\"},\"image\":{\"@id\":\"https:\\\/\\\/centrourbano.com\\\/revista\\\/#\\\/schema\\\/logo\\\/image\\\/\"},\"sameAs\":[\"https:\\\/\\\/www.facebook.com\\\/portalcentrourbano\",\"https:\\\/\\\/x.com\\\/CentroUrbano\",\"https:\\\/\\\/www.instagram.com\\\/centro_urbano\\\/\",\"https:\\\/\\\/www.linkedin.com\\\/company\\\/centro-urbano\\\/\",\"http:\\\/\\\/www.youtube.com\\\/user\\\/portalcentrourbano\"]},{\"@type\":\"Person\",\"@id\":\"https:\\\/\\\/centrourbano.com\\\/revista\\\/#\\\/schema\\\/person\\\/20613dd8a7db2b263325af517bc7420c\",\"name\":\"Priscila D\u00edaz\",\"image\":{\"@type\":\"ImageObject\",\"inLanguage\":\"es\",\"@id\":\"https:\\\/\\\/secure.gravatar.com\\\/avatar\\\/bf28a62a51d45b542a0c3fe4c31a60c3887b5037867f58a6225cbf7479b56636?s=96&d=mm&r=g\",\"url\":\"https:\\\/\\\/secure.gravatar.com\\\/avatar\\\/bf28a62a51d45b542a0c3fe4c31a60c3887b5037867f58a6225cbf7479b56636?s=96&d=mm&r=g\",\"contentUrl\":\"https:\\\/\\\/secure.gravatar.com\\\/avatar\\\/bf28a62a51d45b542a0c3fe4c31a60c3887b5037867f58a6225cbf7479b56636?s=96&d=mm&r=g\",\"caption\":\"Priscila D\u00edaz\"},\"url\":\"https:\\\/\\\/centrourbano.com\\\/revista\\\/author\\\/priscila-diaz\\\/\"}]}<\/script>\n<!-- \/ Yoast SEO plugin. -->","yoast_head_json":{"title":"Jefe de Gobierno inaugura centro de salud en Xochimilco -","description":"Como parte de la estrategia de prevenci\u00f3n que busca la salud de los capitalinos, el Jefe de Gobierno de la Ciudad de M\u00e9xico, Miguel \u00c1ngel Mancera Espinosa, inaugur\u00f3 el nuevo Centro de Salud T-III San Gregorio Atlapulco, con el fin de brindar a 50 mil habitantes de la delegaci\u00f3n servicios gratuitos de salud.","robots":{"index":"index","follow":"follow","max-snippet":"max-snippet:-1","max-image-preview":"max-image-preview:large","max-video-preview":"max-video-preview:-1"},"canonical":"https:\/\/centrourbano.com\/revista\/construccion\/jefe-gobierno-inaugura-centro-salud-xochimilco\/","og_locale":"es_ES","og_type":"article","og_title":"Jefe de Gobierno inaugura centro de salud en Xochimilco -","og_description":"Como parte de la estrategia de prevenci\u00f3n que busca la salud de los capitalinos, el Jefe de Gobierno de la Ciudad de M\u00e9xico, Miguel \u00c1ngel Mancera Espinosa, inaugur\u00f3 el nuevo Centro de Salud T-III San Gregorio Atlapulco, con el fin de brindar a 50 mil habitantes de la delegaci\u00f3n servicios gratuitos de salud.","og_url":"https:\/\/centrourbano.com\/revista\/construccion\/jefe-gobierno-inaugura-centro-salud-xochimilco\/","og_site_name":"Centro Urbano","article_publisher":"https:\/\/www.facebook.com\/portalcentrourbano","article_published_time":"2016-07-21T14:18:35+00:00","og_image":[{"width":1024,"height":682,"url":"https:\/\/centrourbano.com\/revista\/wp-content\/uploads\/yazmin.jpg","type":"image\/jpeg"}],"author":"Priscila D\u00edaz","twitter_card":"summary_large_image","twitter_creator":"@CentroUrbano","twitter_site":"@CentroUrbano","twitter_misc":{"Escrito por":"Priscila D\u00edaz","Tiempo de lectura":"2 minutos"},"schema":{"@context":"https:\/\/schema.org","@graph":[{"@type":"Article","@id":"https:\/\/centrourbano.com\/revista\/construccion\/jefe-gobierno-inaugura-centro-salud-xochimilco\/#article","isPartOf":{"@id":"https:\/\/centrourbano.com\/revista\/construccion\/jefe-gobierno-inaugura-centro-salud-xochimilco\/"},"author":{"name":"Priscila D\u00edaz","@id":"https:\/\/centrourbano.com\/revista\/#\/schema\/person\/20613dd8a7db2b263325af517bc7420c"},"headline":"Jefe de Gobierno inaugura centro de salud en Xochimilco","datePublished":"2016-07-21T14:18:35+00:00","mainEntityOfPage":{"@id":"https:\/\/centrourbano.com\/revista\/construccion\/jefe-gobierno-inaugura-centro-salud-xochimilco\/"},"wordCount":341,"commentCount":0,"publisher":{"@id":"https:\/\/centrourbano.com\/revista\/#organization"},"image":{"@id":"https:\/\/centrourbano.com\/revista\/construccion\/jefe-gobierno-inaugura-centro-salud-xochimilco\/#primaryimage"},"thumbnailUrl":"https:\/\/centrourbano.com\/revista\/wp-content\/uploads\/yazmin.jpg","articleSection":["Construcci\u00f3n"],"inLanguage":"es","potentialAction":[{"@type":"CommentAction","name":"Comment","target":["https:\/\/centrourbano.com\/revista\/construccion\/jefe-gobierno-inaugura-centro-salud-xochimilco\/#respond"]}]},{"@type":"WebPage","@id":"https:\/\/centrourbano.com\/revista\/construccion\/jefe-gobierno-inaugura-centro-salud-xochimilco\/","url":"https:\/\/centrourbano.com\/revista\/construccion\/jefe-gobierno-inaugura-centro-salud-xochimilco\/","name":"Jefe de Gobierno inaugura centro de salud en Xochimilco -","isPartOf":{"@id":"https:\/\/centrourbano.com\/revista\/#website"},"primaryImageOfPage":{"@id":"https:\/\/centrourbano.com\/revista\/construccion\/jefe-gobierno-inaugura-centro-salud-xochimilco\/#primaryimage"},"image":{"@id":"https:\/\/centrourbano.com\/revista\/construccion\/jefe-gobierno-inaugura-centro-salud-xochimilco\/#primaryimage"},"thumbnailUrl":"https:\/\/centrourbano.com\/revista\/wp-content\/uploads\/yazmin.jpg","datePublished":"2016-07-21T14:18:35+00:00","description":"Como parte de la estrategia de prevenci\u00f3n que busca la salud de los capitalinos, el Jefe de Gobierno de la Ciudad de M\u00e9xico, Miguel \u00c1ngel Mancera Espinosa, inaugur\u00f3 el nuevo Centro de Salud T-III San Gregorio Atlapulco, con el fin de brindar a 50 mil habitantes de la delegaci\u00f3n servicios gratuitos de salud.","breadcrumb":{"@id":"https:\/\/centrourbano.com\/revista\/construccion\/jefe-gobierno-inaugura-centro-salud-xochimilco\/#breadcrumb"},"inLanguage":"es","potentialAction":[{"@type":"ReadAction","target":["https:\/\/centrourbano.com\/revista\/construccion\/jefe-gobierno-inaugura-centro-salud-xochimilco\/"]}]},{"@type":"ImageObject","inLanguage":"es","@id":"https:\/\/centrourbano.com\/revista\/construccion\/jefe-gobierno-inaugura-centro-salud-xochimilco\/#primaryimage","url":"https:\/\/centrourbano.com\/revista\/wp-content\/uploads\/yazmin.jpg","contentUrl":"https:\/\/centrourbano.com\/revista\/wp-content\/uploads\/yazmin.jpg","width":1024,"height":682,"caption":"La inversi\u00f3n del nuevo Centro de Salud T-III San Gregorio Atlapulco fue de 50 millones de pesos"},{"@type":"BreadcrumbList","@id":"https:\/\/centrourbano.com\/revista\/construccion\/jefe-gobierno-inaugura-centro-salud-xochimilco\/#breadcrumb","itemListElement":[{"@type":"ListItem","position":1,"name":"Portada","item":"https:\/\/centrourbano.com\/revista\/"},{"@type":"ListItem","position":2,"name":"Jefe de Gobierno inaugura centro de salud en Xochimilco"}]},{"@type":"WebSite","@id":"https:\/\/centrourbano.com\/revista\/#website","url":"https:\/\/centrourbano.com\/revista\/","name":"Centro Urbano","description":"Medio especializado en los sectores vivienda, inmobiliario, construcci\u00f3n, arquitectura y urbanismo.","publisher":{"@id":"https:\/\/centrourbano.com\/revista\/#organization"},"potentialAction":[{"@type":"SearchAction","target":{"@type":"EntryPoint","urlTemplate":"https:\/\/centrourbano.com\/revista\/?s={search_term_string}"},"query-input":{"@type":"PropertyValueSpecification","valueRequired":true,"valueName":"search_term_string"}}],"inLanguage":"es"},{"@type":"Organization","@id":"https:\/\/centrourbano.com\/revista\/#organization","name":"Centro Urbano","url":"https:\/\/centrourbano.com\/revista\/","logo":{"@type":"ImageObject","inLanguage":"es","@id":"https:\/\/centrourbano.com\/revista\/#\/schema\/logo\/image\/","url":"https:\/\/centrourbano.com\/revista\/wp-content\/uploads\/web_CU_logo-1.png","contentUrl":"https:\/\/centrourbano.com\/revista\/wp-content\/uploads\/web_CU_logo-1.png","width":350,"height":91,"caption":"Centro Urbano"},"image":{"@id":"https:\/\/centrourbano.com\/revista\/#\/schema\/logo\/image\/"},"sameAs":["https:\/\/www.facebook.com\/portalcentrourbano","https:\/\/x.com\/CentroUrbano","https:\/\/www.instagram.com\/centro_urbano\/","https:\/\/www.linkedin.com\/company\/centro-urbano\/","http:\/\/www.youtube.com\/user\/portalcentrourbano"]},{"@type":"Person","@id":"https:\/\/centrourbano.com\/revista\/#\/schema\/person\/20613dd8a7db2b263325af517bc7420c","name":"Priscila D\u00edaz","image":{"@type":"ImageObject","inLanguage":"es","@id":"https:\/\/secure.gravatar.com\/avatar\/bf28a62a51d45b542a0c3fe4c31a60c3887b5037867f58a6225cbf7479b56636?s=96&d=mm&r=g","url":"https:\/\/secure.gravatar.com\/avatar\/bf28a62a51d45b542a0c3fe4c31a60c3887b5037867f58a6225cbf7479b56636?s=96&d=mm&r=g","contentUrl":"https:\/\/secure.gravatar.com\/avatar\/bf28a62a51d45b542a0c3fe4c31a60c3887b5037867f58a6225cbf7479b56636?s=96&d=mm&r=g","caption":"Priscila D\u00edaz"},"url":"https:\/\/centrourbano.com\/revista\/author\/priscila-diaz\/"}]}},"_links":{"self":[{"href":"https:\/\/centrourbano.com\/revista\/wp-json\/wp\/v2\/posts\/37673","targetHints":{"allow":["GET"]}}],"collection":[{"href":"https:\/\/centrourbano.com\/revista\/wp-json\/wp\/v2\/posts"}],"about":[{"href":"https:\/\/centrourbano.com\/revista\/wp-json\/wp\/v2\/types\/post"}],"author":[{"embeddable":true,"href":"https:\/\/centrourbano.com\/revista\/wp-json\/wp\/v2\/users\/42"}],"replies":[{"embeddable":true,"href":"https:\/\/centrourbano.com\/revista\/wp-json\/wp\/v2\/comments?post=37673"}],"version-history":[{"count":0,"href":"https:\/\/centrourbano.com\/revista\/wp-json\/wp\/v2\/posts\/37673\/revisions"}],"wp:featuredmedia":[{"embeddable":true,"href":"https:\/\/centrourbano.com\/revista\/wp-json\/wp\/v2\/media\/37675"}],"wp:attachment":[{"href":"https:\/\/centrourbano.com\/revista\/wp-json\/wp\/v2\/media?parent=37673"}],"wp:term":[{"taxonomy":"category","embeddable":true,"href":"https:\/\/centrourbano.com\/revista\/wp-json\/wp\/v2\/categories?post=37673"},{"taxonomy":"post_tag","embeddable":true,"href":"https:\/\/centrourbano.com\/revista\/wp-json\/wp\/v2\/tags?post=37673"}],"curies":[{"name":"wp","href":"https:\/\/api.w.org\/{rel}","templated":true}]}}