{"id":37480,"date":"2016-07-18T07:07:47","date_gmt":"2016-07-18T12:07:47","guid":{"rendered":"https:\/\/centrourbano.com\/?p=37480"},"modified":"2016-07-18T00:26:13","modified_gmt":"2016-07-18T05:26:13","slug":"reforma-urbana-2","status":"publish","type":"post","link":"https:\/\/centrourbano.com\/revista\/opinion\/reforma-urbana-2\/","title":{"rendered":"Reforma Urbana"},"content":{"rendered":"<p><em>El pr\u00f3ximo mes de octubre, Quito, Ecuador, ser\u00e1 sede de H\u00e1bitat III; evento que organiza la ONU para analizar el futuro desde la perspectiva de la vivienda y el desarrollo urbano sustentable<br \/>\n<\/em><!--more--><\/p>\n<p>Para dimensionar la trascendencia de este foro, basta con se\u00f1alar que H\u00e1bitat I realiz\u00f3 en Vancouver en 1976, y que la siguiente edici\u00f3n, y que antecede a la que se realizar\u00e1 en Quito, se llev\u00f3 a cabo en Estambul en 1996&#8230; <\/p>\n<p>Solo imaginemos la trascendencia de un foro de este tipo que se realiza cada 20 a\u00f1os&#8230;<\/p>\n<p>Esta vez nuestro pa\u00eds ser\u00e1 coorganizador del evento, lo que permite suponer, que quienes nos representen llegar\u00e1n con varias novedades en la cartera.<\/p>\n<p>De entrada, la titular de Sedatu, Rosario Robles Berlanga, espera llegar con una nueva Ley Federal de Asentamientos Humanos, en tanto que el Jefe de Gobierno de la Ciudad de M\u00e9xico, llegar\u00eda con ideas muy claras de lo que ser\u00e1n una nueva Constituci\u00f3n y un nuevo Plan General de Desarrollo Urbano.<\/p>\n<p>El tema, como ha dicho Francisco Burqu\u00e9z, presidente de la Comisi\u00f3n de Desarrollo Urbano del Senado de la Rep\u00fablica, es parir una verdadera Reforma Urbana que vincule objetivos y estrategias de alcance nacional, regional y local, lo que implica ajustes legislativos importantes a nivel federal, estatal y municipal.<\/p>\n<p>Lo importante ser\u00eda medir el grado de avance con respecto a diagn\u00f3sticos y recomendaciones de las dos anteriores ediciones, para asumir el firme objetivo de que H\u00e1bitat III no sea solo motivo de turismo urban\u00edstico y fuente de un nuevo compendio de buenas intenciones.<\/p>\n<p>Los invito a seguir mi cuenta en Twitter: @horacio_urbano y a ver Vivienda en Verde TV, que se transmite por Green TV y Efekto Noticias.<\/p>\n","protected":false},"excerpt":{"rendered":"<p>El pr\u00f3ximo mes de octubre, Quito, Ecuador, ser\u00e1 sede de H\u00e1bitat III; evento que organiza la ONU para analizar el futuro desde la perspectiva de la vivienda y el desarrollo urbano sustentable<\/p>\n","protected":false},"author":77,"featured_media":37482,"comment_status":"open","ping_status":"closed","sticky":false,"template":"","format":"standard","meta":{"inline_featured_image":false,"footnotes":""},"categories":[241,5],"tags":[146,4819,170,1031,6262,60],"class_list":["post-37480","post","type-post","status-publish","format-standard","has-post-thumbnail","hentry","category-blog-desde-la-casa","category-opinion","tag-desarrollo-urbano","tag-habitat-iii","tag-horacio-urbano","tag-reforma-urbana","tag-rosario-robles","tag-vivienda-2"],"yoast_head":"<!-- This site is optimized with the Yoast SEO plugin v28.4 - https:\/\/yoast.com\/product\/yoast-seo-wordpress\/ -->\n<title>Reforma Urbana<\/title>\n<meta name=\"description\" content=\"El pr\u00f3ximo mes de octubre, Quito, Ecuador, ser\u00e1 sede de H\u00e1bitat III; evento que organiza la ONU para analizar el futuro desde la perspectiva de la vivienda y el desarrollo urbano sustentable\" \/>\n<meta name=\"robots\" content=\"index, follow, max-snippet:-1, max-image-preview:large, max-video-preview:-1\" \/>\n<link rel=\"canonical\" href=\"https:\/\/centrourbano.com\/revista\/opinion\/reforma-urbana-2\/\" \/>\n<meta property=\"og:locale\" content=\"es_ES\" \/>\n<meta property=\"og:type\" content=\"article\" \/>\n<meta property=\"og:title\" content=\"Reforma Urbana\" \/>\n<meta property=\"og:description\" content=\"El pr\u00f3ximo mes de octubre, Quito, Ecuador, ser\u00e1 sede de H\u00e1bitat III; evento que organiza la ONU para analizar el futuro desde la perspectiva de la vivienda y el desarrollo urbano sustentable\" \/>\n<meta property=\"og:url\" content=\"https:\/\/centrourbano.com\/revista\/opinion\/reforma-urbana-2\/\" \/>\n<meta property=\"og:site_name\" content=\"Centro Urbano\" \/>\n<meta property=\"article:publisher\" content=\"https:\/\/www.facebook.com\/portalcentrourbano\" \/>\n<meta property=\"article:published_time\" content=\"2016-07-18T12:07:47+00:00\" \/>\n<meta property=\"og:image\" content=\"https:\/\/centrourbano.com\/revista\/wp-content\/uploads\/Reforma-Urbana.png\" \/>\n\t<meta property=\"og:image:width\" content=\"500\" \/>\n\t<meta property=\"og:image:height\" content=\"400\" \/>\n\t<meta property=\"og:image:type\" content=\"image\/png\" \/>\n<meta name=\"author\" content=\"G4A\" \/>\n<meta name=\"twitter:card\" content=\"summary_large_image\" \/>\n<meta name=\"twitter:creator\" content=\"@CentroUrbano\" \/>\n<meta name=\"twitter:site\" content=\"@CentroUrbano\" \/>\n<meta name=\"twitter:label1\" content=\"Escrito por\" \/>\n\t<meta name=\"twitter:data1\" content=\"G4A\" \/>\n\t<meta name=\"twitter:label2\" content=\"Tiempo de lectura\" \/>\n\t<meta name=\"twitter:data2\" content=\"1 minuto\" \/>\n<script type=\"application\/ld+json\" class=\"yoast-schema-graph\">{\"@context\":\"https:\\\/\\\/schema.org\",\"@graph\":[{\"@type\":\"Article\",\"@id\":\"https:\\\/\\\/centrourbano.com\\\/revista\\\/opinion\\\/reforma-urbana-2\\\/#article\",\"isPartOf\":{\"@id\":\"https:\\\/\\\/centrourbano.com\\\/revista\\\/opinion\\\/reforma-urbana-2\\\/\"},\"author\":{\"name\":\"G4A\",\"@id\":\"https:\\\/\\\/centrourbano.com\\\/revista\\\/#\\\/schema\\\/person\\\/370fa0ba2d8dd5bde3fdb8b62ad360aa\"},\"headline\":\"Reforma Urbana\",\"datePublished\":\"2016-07-18T12:07:47+00:00\",\"mainEntityOfPage\":{\"@id\":\"https:\\\/\\\/centrourbano.com\\\/revista\\\/opinion\\\/reforma-urbana-2\\\/\"},\"wordCount\":299,\"commentCount\":0,\"publisher\":{\"@id\":\"https:\\\/\\\/centrourbano.com\\\/revista\\\/#organization\"},\"image\":{\"@id\":\"https:\\\/\\\/centrourbano.com\\\/revista\\\/opinion\\\/reforma-urbana-2\\\/#primaryimage\"},\"thumbnailUrl\":\"https:\\\/\\\/centrourbano.com\\\/revista\\\/wp-content\\\/uploads\\\/Reforma-Urbana.png\",\"keywords\":[\"Desarrollo urbano\",\"H\u00e1bitat III\",\"Horacio Urbano\",\"reforma urbana\",\"Rosario Robles\",\"vivienda\"],\"articleSection\":[\"Desde la Casa\",\"Opini\u00f3n\"],\"inLanguage\":\"es\"},{\"@type\":\"WebPage\",\"@id\":\"https:\\\/\\\/centrourbano.com\\\/revista\\\/opinion\\\/reforma-urbana-2\\\/\",\"url\":\"https:\\\/\\\/centrourbano.com\\\/revista\\\/opinion\\\/reforma-urbana-2\\\/\",\"name\":\"Reforma Urbana\",\"isPartOf\":{\"@id\":\"https:\\\/\\\/centrourbano.com\\\/revista\\\/#website\"},\"primaryImageOfPage\":{\"@id\":\"https:\\\/\\\/centrourbano.com\\\/revista\\\/opinion\\\/reforma-urbana-2\\\/#primaryimage\"},\"image\":{\"@id\":\"https:\\\/\\\/centrourbano.com\\\/revista\\\/opinion\\\/reforma-urbana-2\\\/#primaryimage\"},\"thumbnailUrl\":\"https:\\\/\\\/centrourbano.com\\\/revista\\\/wp-content\\\/uploads\\\/Reforma-Urbana.png\",\"datePublished\":\"2016-07-18T12:07:47+00:00\",\"description\":\"El pr\u00f3ximo mes de octubre, Quito, Ecuador, ser\u00e1 sede de H\u00e1bitat III; evento que organiza la ONU para analizar el futuro desde la perspectiva de la vivienda y el desarrollo urbano sustentable\",\"breadcrumb\":{\"@id\":\"https:\\\/\\\/centrourbano.com\\\/revista\\\/opinion\\\/reforma-urbana-2\\\/#breadcrumb\"},\"inLanguage\":\"es\",\"potentialAction\":[{\"@type\":\"ReadAction\",\"target\":[\"https:\\\/\\\/centrourbano.com\\\/revista\\\/opinion\\\/reforma-urbana-2\\\/\"]}]},{\"@type\":\"ImageObject\",\"inLanguage\":\"es\",\"@id\":\"https:\\\/\\\/centrourbano.com\\\/revista\\\/opinion\\\/reforma-urbana-2\\\/#primaryimage\",\"url\":\"https:\\\/\\\/centrourbano.com\\\/revista\\\/wp-content\\\/uploads\\\/Reforma-Urbana.png\",\"contentUrl\":\"https:\\\/\\\/centrourbano.com\\\/revista\\\/wp-content\\\/uploads\\\/Reforma-Urbana.png\",\"width\":500,\"height\":400,\"caption\":\"El reporte trimestral de Consorcio Ara fue contundente\u2026 Crecimientos con respecto al mismo periodo del a\u00f1o anterior de 8.2% en el n\u00famero de viviendas vendidas, 11.3% en ingresos, 31.2% en utilidad neta y 19.9% en Ebitda\u2026\"},{\"@type\":\"BreadcrumbList\",\"@id\":\"https:\\\/\\\/centrourbano.com\\\/revista\\\/opinion\\\/reforma-urbana-2\\\/#breadcrumb\",\"itemListElement\":[{\"@type\":\"ListItem\",\"position\":1,\"name\":\"Portada\",\"item\":\"https:\\\/\\\/centrourbano.com\\\/revista\\\/\"},{\"@type\":\"ListItem\",\"position\":2,\"name\":\"Reforma Urbana\"}]},{\"@type\":\"WebSite\",\"@id\":\"https:\\\/\\\/centrourbano.com\\\/revista\\\/#website\",\"url\":\"https:\\\/\\\/centrourbano.com\\\/revista\\\/\",\"name\":\"Centro Urbano\",\"description\":\"Medio especializado en los sectores vivienda, inmobiliario, construcci\u00f3n, arquitectura y urbanismo.\",\"publisher\":{\"@id\":\"https:\\\/\\\/centrourbano.com\\\/revista\\\/#organization\"},\"potentialAction\":[{\"@type\":\"SearchAction\",\"target\":{\"@type\":\"EntryPoint\",\"urlTemplate\":\"https:\\\/\\\/centrourbano.com\\\/revista\\\/?s={search_term_string}\"},\"query-input\":{\"@type\":\"PropertyValueSpecification\",\"valueRequired\":true,\"valueName\":\"search_term_string\"}}],\"inLanguage\":\"es\"},{\"@type\":\"Organization\",\"@id\":\"https:\\\/\\\/centrourbano.com\\\/revista\\\/#organization\",\"name\":\"Centro Urbano\",\"url\":\"https:\\\/\\\/centrourbano.com\\\/revista\\\/\",\"logo\":{\"@type\":\"ImageObject\",\"inLanguage\":\"es\",\"@id\":\"https:\\\/\\\/centrourbano.com\\\/revista\\\/#\\\/schema\\\/logo\\\/image\\\/\",\"url\":\"https:\\\/\\\/centrourbano.com\\\/revista\\\/wp-content\\\/uploads\\\/web_CU_logo-1.png\",\"contentUrl\":\"https:\\\/\\\/centrourbano.com\\\/revista\\\/wp-content\\\/uploads\\\/web_CU_logo-1.png\",\"width\":350,\"height\":91,\"caption\":\"Centro Urbano\"},\"image\":{\"@id\":\"https:\\\/\\\/centrourbano.com\\\/revista\\\/#\\\/schema\\\/logo\\\/image\\\/\"},\"sameAs\":[\"https:\\\/\\\/www.facebook.com\\\/portalcentrourbano\",\"https:\\\/\\\/x.com\\\/CentroUrbano\",\"https:\\\/\\\/www.instagram.com\\\/centro_urbano\\\/\",\"https:\\\/\\\/www.linkedin.com\\\/company\\\/centro-urbano\\\/\",\"http:\\\/\\\/www.youtube.com\\\/user\\\/portalcentrourbano\"]},{\"@type\":\"Person\",\"@id\":\"https:\\\/\\\/centrourbano.com\\\/revista\\\/#\\\/schema\\\/person\\\/370fa0ba2d8dd5bde3fdb8b62ad360aa\",\"name\":\"G4A\",\"image\":{\"@type\":\"ImageObject\",\"inLanguage\":\"es\",\"@id\":\"https:\\\/\\\/secure.gravatar.com\\\/avatar\\\/932a97121b13d5de5bbd8193c6c83d3b92c9eda0f39623607d4280e7a5778d97?s=96&d=mm&r=g\",\"url\":\"https:\\\/\\\/secure.gravatar.com\\\/avatar\\\/932a97121b13d5de5bbd8193c6c83d3b92c9eda0f39623607d4280e7a5778d97?s=96&d=mm&r=g\",\"contentUrl\":\"https:\\\/\\\/secure.gravatar.com\\\/avatar\\\/932a97121b13d5de5bbd8193c6c83d3b92c9eda0f39623607d4280e7a5778d97?s=96&d=mm&r=g\",\"caption\":\"G4A\"},\"url\":\"https:\\\/\\\/centrourbano.com\\\/revista\\\/author\\\/admin-g4a\\\/\"}]}<\/script>\n<!-- \/ Yoast SEO plugin. -->","yoast_head_json":{"title":"Reforma Urbana","description":"El pr\u00f3ximo mes de octubre, Quito, Ecuador, ser\u00e1 sede de H\u00e1bitat III; evento que organiza la ONU para analizar el futuro desde la perspectiva de la vivienda y el desarrollo urbano sustentable","robots":{"index":"index","follow":"follow","max-snippet":"max-snippet:-1","max-image-preview":"max-image-preview:large","max-video-preview":"max-video-preview:-1"},"canonical":"https:\/\/centrourbano.com\/revista\/opinion\/reforma-urbana-2\/","og_locale":"es_ES","og_type":"article","og_title":"Reforma Urbana","og_description":"El pr\u00f3ximo mes de octubre, Quito, Ecuador, ser\u00e1 sede de H\u00e1bitat III; evento que organiza la ONU para analizar el futuro desde la perspectiva de la vivienda y el desarrollo urbano sustentable","og_url":"https:\/\/centrourbano.com\/revista\/opinion\/reforma-urbana-2\/","og_site_name":"Centro Urbano","article_publisher":"https:\/\/www.facebook.com\/portalcentrourbano","article_published_time":"2016-07-18T12:07:47+00:00","og_image":[{"width":500,"height":400,"url":"https:\/\/centrourbano.com\/revista\/wp-content\/uploads\/Reforma-Urbana.png","type":"image\/png"}],"author":"G4A","twitter_card":"summary_large_image","twitter_creator":"@CentroUrbano","twitter_site":"@CentroUrbano","twitter_misc":{"Escrito por":"G4A","Tiempo de lectura":"1 minuto"},"schema":{"@context":"https:\/\/schema.org","@graph":[{"@type":"Article","@id":"https:\/\/centrourbano.com\/revista\/opinion\/reforma-urbana-2\/#article","isPartOf":{"@id":"https:\/\/centrourbano.com\/revista\/opinion\/reforma-urbana-2\/"},"author":{"name":"G4A","@id":"https:\/\/centrourbano.com\/revista\/#\/schema\/person\/370fa0ba2d8dd5bde3fdb8b62ad360aa"},"headline":"Reforma Urbana","datePublished":"2016-07-18T12:07:47+00:00","mainEntityOfPage":{"@id":"https:\/\/centrourbano.com\/revista\/opinion\/reforma-urbana-2\/"},"wordCount":299,"commentCount":0,"publisher":{"@id":"https:\/\/centrourbano.com\/revista\/#organization"},"image":{"@id":"https:\/\/centrourbano.com\/revista\/opinion\/reforma-urbana-2\/#primaryimage"},"thumbnailUrl":"https:\/\/centrourbano.com\/revista\/wp-content\/uploads\/Reforma-Urbana.png","keywords":["Desarrollo urbano","H\u00e1bitat III","Horacio Urbano","reforma urbana","Rosario Robles","vivienda"],"articleSection":["Desde la Casa","Opini\u00f3n"],"inLanguage":"es"},{"@type":"WebPage","@id":"https:\/\/centrourbano.com\/revista\/opinion\/reforma-urbana-2\/","url":"https:\/\/centrourbano.com\/revista\/opinion\/reforma-urbana-2\/","name":"Reforma Urbana","isPartOf":{"@id":"https:\/\/centrourbano.com\/revista\/#website"},"primaryImageOfPage":{"@id":"https:\/\/centrourbano.com\/revista\/opinion\/reforma-urbana-2\/#primaryimage"},"image":{"@id":"https:\/\/centrourbano.com\/revista\/opinion\/reforma-urbana-2\/#primaryimage"},"thumbnailUrl":"https:\/\/centrourbano.com\/revista\/wp-content\/uploads\/Reforma-Urbana.png","datePublished":"2016-07-18T12:07:47+00:00","description":"El pr\u00f3ximo mes de octubre, Quito, Ecuador, ser\u00e1 sede de H\u00e1bitat III; evento que organiza la ONU para analizar el futuro desde la perspectiva de la vivienda y el desarrollo urbano sustentable","breadcrumb":{"@id":"https:\/\/centrourbano.com\/revista\/opinion\/reforma-urbana-2\/#breadcrumb"},"inLanguage":"es","potentialAction":[{"@type":"ReadAction","target":["https:\/\/centrourbano.com\/revista\/opinion\/reforma-urbana-2\/"]}]},{"@type":"ImageObject","inLanguage":"es","@id":"https:\/\/centrourbano.com\/revista\/opinion\/reforma-urbana-2\/#primaryimage","url":"https:\/\/centrourbano.com\/revista\/wp-content\/uploads\/Reforma-Urbana.png","contentUrl":"https:\/\/centrourbano.com\/revista\/wp-content\/uploads\/Reforma-Urbana.png","width":500,"height":400,"caption":"El reporte trimestral de Consorcio Ara fue contundente\u2026 Crecimientos con respecto al mismo periodo del a\u00f1o anterior de 8.2% en el n\u00famero de viviendas vendidas, 11.3% en ingresos, 31.2% en utilidad neta y 19.9% en Ebitda\u2026"},{"@type":"BreadcrumbList","@id":"https:\/\/centrourbano.com\/revista\/opinion\/reforma-urbana-2\/#breadcrumb","itemListElement":[{"@type":"ListItem","position":1,"name":"Portada","item":"https:\/\/centrourbano.com\/revista\/"},{"@type":"ListItem","position":2,"name":"Reforma Urbana"}]},{"@type":"WebSite","@id":"https:\/\/centrourbano.com\/revista\/#website","url":"https:\/\/centrourbano.com\/revista\/","name":"Centro Urbano","description":"Medio especializado en los sectores vivienda, inmobiliario, construcci\u00f3n, arquitectura y urbanismo.","publisher":{"@id":"https:\/\/centrourbano.com\/revista\/#organization"},"potentialAction":[{"@type":"SearchAction","target":{"@type":"EntryPoint","urlTemplate":"https:\/\/centrourbano.com\/revista\/?s={search_term_string}"},"query-input":{"@type":"PropertyValueSpecification","valueRequired":true,"valueName":"search_term_string"}}],"inLanguage":"es"},{"@type":"Organization","@id":"https:\/\/centrourbano.com\/revista\/#organization","name":"Centro Urbano","url":"https:\/\/centrourbano.com\/revista\/","logo":{"@type":"ImageObject","inLanguage":"es","@id":"https:\/\/centrourbano.com\/revista\/#\/schema\/logo\/image\/","url":"https:\/\/centrourbano.com\/revista\/wp-content\/uploads\/web_CU_logo-1.png","contentUrl":"https:\/\/centrourbano.com\/revista\/wp-content\/uploads\/web_CU_logo-1.png","width":350,"height":91,"caption":"Centro Urbano"},"image":{"@id":"https:\/\/centrourbano.com\/revista\/#\/schema\/logo\/image\/"},"sameAs":["https:\/\/www.facebook.com\/portalcentrourbano","https:\/\/x.com\/CentroUrbano","https:\/\/www.instagram.com\/centro_urbano\/","https:\/\/www.linkedin.com\/company\/centro-urbano\/","http:\/\/www.youtube.com\/user\/portalcentrourbano"]},{"@type":"Person","@id":"https:\/\/centrourbano.com\/revista\/#\/schema\/person\/370fa0ba2d8dd5bde3fdb8b62ad360aa","name":"G4A","image":{"@type":"ImageObject","inLanguage":"es","@id":"https:\/\/secure.gravatar.com\/avatar\/932a97121b13d5de5bbd8193c6c83d3b92c9eda0f39623607d4280e7a5778d97?s=96&d=mm&r=g","url":"https:\/\/secure.gravatar.com\/avatar\/932a97121b13d5de5bbd8193c6c83d3b92c9eda0f39623607d4280e7a5778d97?s=96&d=mm&r=g","contentUrl":"https:\/\/secure.gravatar.com\/avatar\/932a97121b13d5de5bbd8193c6c83d3b92c9eda0f39623607d4280e7a5778d97?s=96&d=mm&r=g","caption":"G4A"},"url":"https:\/\/centrourbano.com\/revista\/author\/admin-g4a\/"}]}},"_links":{"self":[{"href":"https:\/\/centrourbano.com\/revista\/wp-json\/wp\/v2\/posts\/37480","targetHints":{"allow":["GET"]}}],"collection":[{"href":"https:\/\/centrourbano.com\/revista\/wp-json\/wp\/v2\/posts"}],"about":[{"href":"https:\/\/centrourbano.com\/revista\/wp-json\/wp\/v2\/types\/post"}],"author":[{"embeddable":true,"href":"https:\/\/centrourbano.com\/revista\/wp-json\/wp\/v2\/users\/77"}],"replies":[{"embeddable":true,"href":"https:\/\/centrourbano.com\/revista\/wp-json\/wp\/v2\/comments?post=37480"}],"version-history":[{"count":0,"href":"https:\/\/centrourbano.com\/revista\/wp-json\/wp\/v2\/posts\/37480\/revisions"}],"wp:featuredmedia":[{"embeddable":true,"href":"https:\/\/centrourbano.com\/revista\/wp-json\/wp\/v2\/media\/37482"}],"wp:attachment":[{"href":"https:\/\/centrourbano.com\/revista\/wp-json\/wp\/v2\/media?parent=37480"}],"wp:term":[{"taxonomy":"category","embeddable":true,"href":"https:\/\/centrourbano.com\/revista\/wp-json\/wp\/v2\/categories?post=37480"},{"taxonomy":"post_tag","embeddable":true,"href":"https:\/\/centrourbano.com\/revista\/wp-json\/wp\/v2\/tags?post=37480"}],"curies":[{"name":"wp","href":"https:\/\/api.w.org\/{rel}","templated":true}]}}