{"id":37313,"date":"2016-07-13T15:39:43","date_gmt":"2016-07-13T20:39:43","guid":{"rendered":"https:\/\/centrourbano.com\/?p=37313"},"modified":"2016-07-13T18:41:14","modified_gmt":"2016-07-13T23:41:14","slug":"realiza-planigrupo-latam-oferta-de-colocacion-en-la-bmv","status":"publish","type":"post","link":"https:\/\/centrourbano.com\/revista\/inmobiliario\/realiza-planigrupo-latam-oferta-de-colocacion-en-la-bmv\/","title":{"rendered":"Planigrupo LATAM mantendr\u00e1 su expansi\u00f3n"},"content":{"rendered":"<p>Ante un panorama de volatilidad en el mercado de valores, pero con suficiente estabilidad, Planigrupo LATAM, realiz\u00f3 el 29 de junio su colocaci\u00f3n de acciones en la Bolsa Mexicana de Valores.<\/p>\n<p>En conferencia de prensa tras el \u201ctimbrazo\u201d de colocaci\u00f3n, el director general de Planigrupo, Elliot Bross Umann, destac\u00f3 que, a corto plazo, la empresa construir\u00e1 cuatro centros comerciales en M\u00e9xico y remodelar\u00e1 otros tres.<\/p>\n<p>\u201cDebemos seguir haciendo lo que sabemos hacer, es decir, centros comerciales anclados por supermercados\u00bb, afirm\u00f3 Bross.<\/p>\n<p>Planigrupo LATAM realiz\u00f3 una Oferta P\u00fablica Primaria de Suscripci\u00f3n y Pago de Acciones por un monto superior a 1,833 millones de pesos; la empresa se apoy\u00f3 de esta manera en el mercado para dar salida a ciertos inversionistas de los CKDs, lo que confirma viabilidad y \u00e9xitos del instrumento.<\/p>\n<p>La oferta consisti\u00f3 en la emisi\u00f3n de 92 millones 827 mil 903 acciones, cifra que se traduce en 29.2% de su capital social. Pr\u00e1cticamente el total fue distribuido entre cinco Afores, mientras que menos de 1% fue colocado al menudeo.<\/p>\n<p>Los recursos netos obtenidos de la oferta fueron destinados para adquirir los CKDs \u201cPLANICK 12\u201d, a trav\u00e9s de una Oferta P\u00fablica de Compra realizada de forma simult\u00e1nea a la Oferta de acciones, de la cual se obtuvo 53.4% de dichos CKDs.<\/p>\n<p>Planigrupo LATAM es una empresa desarrolladora de centros comerciales que cuenta con m\u00e1s de 40 a\u00f1os de experiencia en el mercado.<\/p>\n","protected":false},"excerpt":{"rendered":"<p>Ante un panorama de volatilidad en el mercado de valores, pero con suficiente estabilidad, Planigrupo LATAM, realiz\u00f3 el 29 de junio su colocaci\u00f3n de acciones en la Bolsa Mexicana de Valores. En conferencia de prensa tras el \u201ctimbrazo\u201d de colocaci\u00f3n, el director general de Planigrupo, Elliot Bross Umann, destac\u00f3 que, a corto plazo, la empresa [&hellip;]<\/p>\n","protected":false},"author":33,"featured_media":37314,"comment_status":"open","ping_status":"closed","sticky":false,"template":"","format":"standard","meta":{"om_disable_all_campaigns":false,"inline_featured_image":false,"_monsterinsights_skip_tracking":false,"_monsterinsights_sitenote_active":false,"_monsterinsights_sitenote_note":"","_monsterinsights_sitenote_category":0,"footnotes":""},"categories":[15],"tags":[],"class_list":["post-37313","post","type-post","status-publish","format-standard","has-post-thumbnail","hentry","category-inmobiliario"],"yoast_head":"<!-- This site is optimized with the Yoast SEO plugin v27.4 - https:\/\/yoast.com\/product\/yoast-seo-wordpress\/ -->\n<title>Planigrupo LATAM mantendr\u00e1 su expansi\u00f3n -<\/title>\n<meta name=\"description\" content=\"Planigrupo LATAM realiza su oferta de colocaci\u00f3n de acciones en la Bolsa Mexicana de Valores.\" \/>\n<meta name=\"robots\" content=\"index, follow, max-snippet:-1, max-image-preview:large, max-video-preview:-1\" \/>\n<link rel=\"canonical\" href=\"https:\/\/centrourbano.com\/revista\/inmobiliario\/realiza-planigrupo-latam-oferta-de-colocacion-en-la-bmv\/\" \/>\n<meta property=\"og:locale\" content=\"es_ES\" \/>\n<meta property=\"og:type\" content=\"article\" \/>\n<meta property=\"og:title\" content=\"Planigrupo LATAM mantendr\u00e1 su expansi\u00f3n -\" \/>\n<meta property=\"og:description\" content=\"Planigrupo LATAM realiza su oferta de colocaci\u00f3n de acciones en la Bolsa Mexicana de Valores.\" \/>\n<meta property=\"og:url\" content=\"https:\/\/centrourbano.com\/revista\/inmobiliario\/realiza-planigrupo-latam-oferta-de-colocacion-en-la-bmv\/\" \/>\n<meta property=\"og:site_name\" content=\"Centro Urbano\" \/>\n<meta property=\"article:publisher\" content=\"https:\/\/www.facebook.com\/portalcentrourbano\" \/>\n<meta property=\"article:published_time\" content=\"2016-07-13T20:39:43+00:00\" \/>\n<meta property=\"article:modified_time\" content=\"2016-07-13T23:41:14+00:00\" \/>\n<meta property=\"og:image\" content=\"https:\/\/centrourbano.com\/revista\/wp-content\/uploads\/ooo.jpg\" \/>\n\t<meta property=\"og:image:width\" content=\"921\" \/>\n\t<meta property=\"og:image:height\" content=\"514\" \/>\n\t<meta property=\"og:image:type\" content=\"image\/jpeg\" \/>\n<meta name=\"author\" content=\"Maribel Gamas Romero\" \/>\n<meta name=\"twitter:card\" content=\"summary_large_image\" \/>\n<meta name=\"twitter:creator\" content=\"@CentroUrbano\" \/>\n<meta name=\"twitter:site\" content=\"@CentroUrbano\" \/>\n<meta name=\"twitter:label1\" content=\"Escrito por\" \/>\n\t<meta name=\"twitter:data1\" content=\"Maribel Gamas Romero\" \/>\n\t<meta name=\"twitter:label2\" content=\"Tiempo de lectura\" \/>\n\t<meta name=\"twitter:data2\" content=\"1 minuto\" \/>\n<script type=\"application\/ld+json\" class=\"yoast-schema-graph\">{\"@context\":\"https:\\\/\\\/schema.org\",\"@graph\":[{\"@type\":\"Article\",\"@id\":\"https:\\\/\\\/centrourbano.com\\\/revista\\\/inmobiliario\\\/realiza-planigrupo-latam-oferta-de-colocacion-en-la-bmv\\\/#article\",\"isPartOf\":{\"@id\":\"https:\\\/\\\/centrourbano.com\\\/revista\\\/inmobiliario\\\/realiza-planigrupo-latam-oferta-de-colocacion-en-la-bmv\\\/\"},\"author\":{\"name\":\"Maribel Gamas Romero\",\"@id\":\"https:\\\/\\\/centrourbano.com\\\/revista\\\/#\\\/schema\\\/person\\\/d54f911ec0b07676fba4d8cd978af36c\"},\"headline\":\"Planigrupo LATAM mantendr\u00e1 su expansi\u00f3n\",\"datePublished\":\"2016-07-13T20:39:43+00:00\",\"dateModified\":\"2016-07-13T23:41:14+00:00\",\"mainEntityOfPage\":{\"@id\":\"https:\\\/\\\/centrourbano.com\\\/revista\\\/inmobiliario\\\/realiza-planigrupo-latam-oferta-de-colocacion-en-la-bmv\\\/\"},\"wordCount\":240,\"commentCount\":0,\"publisher\":{\"@id\":\"https:\\\/\\\/centrourbano.com\\\/revista\\\/#organization\"},\"image\":{\"@id\":\"https:\\\/\\\/centrourbano.com\\\/revista\\\/inmobiliario\\\/realiza-planigrupo-latam-oferta-de-colocacion-en-la-bmv\\\/#primaryimage\"},\"thumbnailUrl\":\"https:\\\/\\\/centrourbano.com\\\/revista\\\/wp-content\\\/uploads\\\/ooo.jpg\",\"articleSection\":[\"Inmobiliario\"],\"inLanguage\":\"es\",\"potentialAction\":[{\"@type\":\"CommentAction\",\"name\":\"Comment\",\"target\":[\"https:\\\/\\\/centrourbano.com\\\/revista\\\/inmobiliario\\\/realiza-planigrupo-latam-oferta-de-colocacion-en-la-bmv\\\/#respond\"]}]},{\"@type\":\"WebPage\",\"@id\":\"https:\\\/\\\/centrourbano.com\\\/revista\\\/inmobiliario\\\/realiza-planigrupo-latam-oferta-de-colocacion-en-la-bmv\\\/\",\"url\":\"https:\\\/\\\/centrourbano.com\\\/revista\\\/inmobiliario\\\/realiza-planigrupo-latam-oferta-de-colocacion-en-la-bmv\\\/\",\"name\":\"Planigrupo LATAM mantendr\u00e1 su expansi\u00f3n -\",\"isPartOf\":{\"@id\":\"https:\\\/\\\/centrourbano.com\\\/revista\\\/#website\"},\"primaryImageOfPage\":{\"@id\":\"https:\\\/\\\/centrourbano.com\\\/revista\\\/inmobiliario\\\/realiza-planigrupo-latam-oferta-de-colocacion-en-la-bmv\\\/#primaryimage\"},\"image\":{\"@id\":\"https:\\\/\\\/centrourbano.com\\\/revista\\\/inmobiliario\\\/realiza-planigrupo-latam-oferta-de-colocacion-en-la-bmv\\\/#primaryimage\"},\"thumbnailUrl\":\"https:\\\/\\\/centrourbano.com\\\/revista\\\/wp-content\\\/uploads\\\/ooo.jpg\",\"datePublished\":\"2016-07-13T20:39:43+00:00\",\"dateModified\":\"2016-07-13T23:41:14+00:00\",\"description\":\"Planigrupo LATAM realiza su oferta de colocaci\u00f3n de acciones en la Bolsa Mexicana de Valores.\",\"breadcrumb\":{\"@id\":\"https:\\\/\\\/centrourbano.com\\\/revista\\\/inmobiliario\\\/realiza-planigrupo-latam-oferta-de-colocacion-en-la-bmv\\\/#breadcrumb\"},\"inLanguage\":\"es\",\"potentialAction\":[{\"@type\":\"ReadAction\",\"target\":[\"https:\\\/\\\/centrourbano.com\\\/revista\\\/inmobiliario\\\/realiza-planigrupo-latam-oferta-de-colocacion-en-la-bmv\\\/\"]}]},{\"@type\":\"ImageObject\",\"inLanguage\":\"es\",\"@id\":\"https:\\\/\\\/centrourbano.com\\\/revista\\\/inmobiliario\\\/realiza-planigrupo-latam-oferta-de-colocacion-en-la-bmv\\\/#primaryimage\",\"url\":\"https:\\\/\\\/centrourbano.com\\\/revista\\\/wp-content\\\/uploads\\\/ooo.jpg\",\"contentUrl\":\"https:\\\/\\\/centrourbano.com\\\/revista\\\/wp-content\\\/uploads\\\/ooo.jpg\",\"width\":921,\"height\":514},{\"@type\":\"BreadcrumbList\",\"@id\":\"https:\\\/\\\/centrourbano.com\\\/revista\\\/inmobiliario\\\/realiza-planigrupo-latam-oferta-de-colocacion-en-la-bmv\\\/#breadcrumb\",\"itemListElement\":[{\"@type\":\"ListItem\",\"position\":1,\"name\":\"Portada\",\"item\":\"https:\\\/\\\/centrourbano.com\\\/revista\\\/\"},{\"@type\":\"ListItem\",\"position\":2,\"name\":\"Planigrupo LATAM mantendr\u00e1 su expansi\u00f3n\"}]},{\"@type\":\"WebSite\",\"@id\":\"https:\\\/\\\/centrourbano.com\\\/revista\\\/#website\",\"url\":\"https:\\\/\\\/centrourbano.com\\\/revista\\\/\",\"name\":\"Centro Urbano\",\"description\":\"Medio especializado en los sectores vivienda, inmobiliario, construcci\u00f3n, arquitectura y urbanismo.\",\"publisher\":{\"@id\":\"https:\\\/\\\/centrourbano.com\\\/revista\\\/#organization\"},\"potentialAction\":[{\"@type\":\"SearchAction\",\"target\":{\"@type\":\"EntryPoint\",\"urlTemplate\":\"https:\\\/\\\/centrourbano.com\\\/revista\\\/?s={search_term_string}\"},\"query-input\":{\"@type\":\"PropertyValueSpecification\",\"valueRequired\":true,\"valueName\":\"search_term_string\"}}],\"inLanguage\":\"es\"},{\"@type\":\"Organization\",\"@id\":\"https:\\\/\\\/centrourbano.com\\\/revista\\\/#organization\",\"name\":\"Centro Urbano\",\"url\":\"https:\\\/\\\/centrourbano.com\\\/revista\\\/\",\"logo\":{\"@type\":\"ImageObject\",\"inLanguage\":\"es\",\"@id\":\"https:\\\/\\\/centrourbano.com\\\/revista\\\/#\\\/schema\\\/logo\\\/image\\\/\",\"url\":\"https:\\\/\\\/centrourbano.com\\\/revista\\\/wp-content\\\/uploads\\\/web_CU_logo-1.png\",\"contentUrl\":\"https:\\\/\\\/centrourbano.com\\\/revista\\\/wp-content\\\/uploads\\\/web_CU_logo-1.png\",\"width\":350,\"height\":91,\"caption\":\"Centro Urbano\"},\"image\":{\"@id\":\"https:\\\/\\\/centrourbano.com\\\/revista\\\/#\\\/schema\\\/logo\\\/image\\\/\"},\"sameAs\":[\"https:\\\/\\\/www.facebook.com\\\/portalcentrourbano\",\"https:\\\/\\\/x.com\\\/CentroUrbano\",\"https:\\\/\\\/www.instagram.com\\\/centro_urbano\\\/\",\"https:\\\/\\\/www.linkedin.com\\\/company\\\/centro-urbano\\\/\",\"http:\\\/\\\/www.youtube.com\\\/user\\\/portalcentrourbano\"]},{\"@type\":\"Person\",\"@id\":\"https:\\\/\\\/centrourbano.com\\\/revista\\\/#\\\/schema\\\/person\\\/d54f911ec0b07676fba4d8cd978af36c\",\"name\":\"Maribel Gamas Romero\",\"image\":{\"@type\":\"ImageObject\",\"inLanguage\":\"es\",\"@id\":\"https:\\\/\\\/secure.gravatar.com\\\/avatar\\\/75cf80f3e9f91ecdea6430e4a368a0ac0061737db10f2ce7b6110ce4206281a2?s=96&d=mm&r=g\",\"url\":\"https:\\\/\\\/secure.gravatar.com\\\/avatar\\\/75cf80f3e9f91ecdea6430e4a368a0ac0061737db10f2ce7b6110ce4206281a2?s=96&d=mm&r=g\",\"contentUrl\":\"https:\\\/\\\/secure.gravatar.com\\\/avatar\\\/75cf80f3e9f91ecdea6430e4a368a0ac0061737db10f2ce7b6110ce4206281a2?s=96&d=mm&r=g\",\"caption\":\"Maribel Gamas Romero\"},\"url\":\"https:\\\/\\\/centrourbano.com\\\/revista\\\/author\\\/maribel-gamas\\\/\"}]}<\/script>\n<!-- \/ Yoast SEO plugin. -->","yoast_head_json":{"title":"Planigrupo LATAM mantendr\u00e1 su expansi\u00f3n -","description":"Planigrupo LATAM realiza su oferta de colocaci\u00f3n de acciones en la Bolsa Mexicana de Valores.","robots":{"index":"index","follow":"follow","max-snippet":"max-snippet:-1","max-image-preview":"max-image-preview:large","max-video-preview":"max-video-preview:-1"},"canonical":"https:\/\/centrourbano.com\/revista\/inmobiliario\/realiza-planigrupo-latam-oferta-de-colocacion-en-la-bmv\/","og_locale":"es_ES","og_type":"article","og_title":"Planigrupo LATAM mantendr\u00e1 su expansi\u00f3n -","og_description":"Planigrupo LATAM realiza su oferta de colocaci\u00f3n de acciones en la Bolsa Mexicana de Valores.","og_url":"https:\/\/centrourbano.com\/revista\/inmobiliario\/realiza-planigrupo-latam-oferta-de-colocacion-en-la-bmv\/","og_site_name":"Centro Urbano","article_publisher":"https:\/\/www.facebook.com\/portalcentrourbano","article_published_time":"2016-07-13T20:39:43+00:00","article_modified_time":"2016-07-13T23:41:14+00:00","og_image":[{"width":921,"height":514,"url":"https:\/\/centrourbano.com\/revista\/wp-content\/uploads\/ooo.jpg","type":"image\/jpeg"}],"author":"Maribel Gamas Romero","twitter_card":"summary_large_image","twitter_creator":"@CentroUrbano","twitter_site":"@CentroUrbano","twitter_misc":{"Escrito por":"Maribel Gamas Romero","Tiempo de lectura":"1 minuto"},"schema":{"@context":"https:\/\/schema.org","@graph":[{"@type":"Article","@id":"https:\/\/centrourbano.com\/revista\/inmobiliario\/realiza-planigrupo-latam-oferta-de-colocacion-en-la-bmv\/#article","isPartOf":{"@id":"https:\/\/centrourbano.com\/revista\/inmobiliario\/realiza-planigrupo-latam-oferta-de-colocacion-en-la-bmv\/"},"author":{"name":"Maribel Gamas Romero","@id":"https:\/\/centrourbano.com\/revista\/#\/schema\/person\/d54f911ec0b07676fba4d8cd978af36c"},"headline":"Planigrupo LATAM mantendr\u00e1 su expansi\u00f3n","datePublished":"2016-07-13T20:39:43+00:00","dateModified":"2016-07-13T23:41:14+00:00","mainEntityOfPage":{"@id":"https:\/\/centrourbano.com\/revista\/inmobiliario\/realiza-planigrupo-latam-oferta-de-colocacion-en-la-bmv\/"},"wordCount":240,"commentCount":0,"publisher":{"@id":"https:\/\/centrourbano.com\/revista\/#organization"},"image":{"@id":"https:\/\/centrourbano.com\/revista\/inmobiliario\/realiza-planigrupo-latam-oferta-de-colocacion-en-la-bmv\/#primaryimage"},"thumbnailUrl":"https:\/\/centrourbano.com\/revista\/wp-content\/uploads\/ooo.jpg","articleSection":["Inmobiliario"],"inLanguage":"es","potentialAction":[{"@type":"CommentAction","name":"Comment","target":["https:\/\/centrourbano.com\/revista\/inmobiliario\/realiza-planigrupo-latam-oferta-de-colocacion-en-la-bmv\/#respond"]}]},{"@type":"WebPage","@id":"https:\/\/centrourbano.com\/revista\/inmobiliario\/realiza-planigrupo-latam-oferta-de-colocacion-en-la-bmv\/","url":"https:\/\/centrourbano.com\/revista\/inmobiliario\/realiza-planigrupo-latam-oferta-de-colocacion-en-la-bmv\/","name":"Planigrupo LATAM mantendr\u00e1 su expansi\u00f3n -","isPartOf":{"@id":"https:\/\/centrourbano.com\/revista\/#website"},"primaryImageOfPage":{"@id":"https:\/\/centrourbano.com\/revista\/inmobiliario\/realiza-planigrupo-latam-oferta-de-colocacion-en-la-bmv\/#primaryimage"},"image":{"@id":"https:\/\/centrourbano.com\/revista\/inmobiliario\/realiza-planigrupo-latam-oferta-de-colocacion-en-la-bmv\/#primaryimage"},"thumbnailUrl":"https:\/\/centrourbano.com\/revista\/wp-content\/uploads\/ooo.jpg","datePublished":"2016-07-13T20:39:43+00:00","dateModified":"2016-07-13T23:41:14+00:00","description":"Planigrupo LATAM realiza su oferta de colocaci\u00f3n de acciones en la Bolsa Mexicana de Valores.","breadcrumb":{"@id":"https:\/\/centrourbano.com\/revista\/inmobiliario\/realiza-planigrupo-latam-oferta-de-colocacion-en-la-bmv\/#breadcrumb"},"inLanguage":"es","potentialAction":[{"@type":"ReadAction","target":["https:\/\/centrourbano.com\/revista\/inmobiliario\/realiza-planigrupo-latam-oferta-de-colocacion-en-la-bmv\/"]}]},{"@type":"ImageObject","inLanguage":"es","@id":"https:\/\/centrourbano.com\/revista\/inmobiliario\/realiza-planigrupo-latam-oferta-de-colocacion-en-la-bmv\/#primaryimage","url":"https:\/\/centrourbano.com\/revista\/wp-content\/uploads\/ooo.jpg","contentUrl":"https:\/\/centrourbano.com\/revista\/wp-content\/uploads\/ooo.jpg","width":921,"height":514},{"@type":"BreadcrumbList","@id":"https:\/\/centrourbano.com\/revista\/inmobiliario\/realiza-planigrupo-latam-oferta-de-colocacion-en-la-bmv\/#breadcrumb","itemListElement":[{"@type":"ListItem","position":1,"name":"Portada","item":"https:\/\/centrourbano.com\/revista\/"},{"@type":"ListItem","position":2,"name":"Planigrupo LATAM mantendr\u00e1 su expansi\u00f3n"}]},{"@type":"WebSite","@id":"https:\/\/centrourbano.com\/revista\/#website","url":"https:\/\/centrourbano.com\/revista\/","name":"Centro Urbano","description":"Medio especializado en los sectores vivienda, inmobiliario, construcci\u00f3n, arquitectura y urbanismo.","publisher":{"@id":"https:\/\/centrourbano.com\/revista\/#organization"},"potentialAction":[{"@type":"SearchAction","target":{"@type":"EntryPoint","urlTemplate":"https:\/\/centrourbano.com\/revista\/?s={search_term_string}"},"query-input":{"@type":"PropertyValueSpecification","valueRequired":true,"valueName":"search_term_string"}}],"inLanguage":"es"},{"@type":"Organization","@id":"https:\/\/centrourbano.com\/revista\/#organization","name":"Centro Urbano","url":"https:\/\/centrourbano.com\/revista\/","logo":{"@type":"ImageObject","inLanguage":"es","@id":"https:\/\/centrourbano.com\/revista\/#\/schema\/logo\/image\/","url":"https:\/\/centrourbano.com\/revista\/wp-content\/uploads\/web_CU_logo-1.png","contentUrl":"https:\/\/centrourbano.com\/revista\/wp-content\/uploads\/web_CU_logo-1.png","width":350,"height":91,"caption":"Centro Urbano"},"image":{"@id":"https:\/\/centrourbano.com\/revista\/#\/schema\/logo\/image\/"},"sameAs":["https:\/\/www.facebook.com\/portalcentrourbano","https:\/\/x.com\/CentroUrbano","https:\/\/www.instagram.com\/centro_urbano\/","https:\/\/www.linkedin.com\/company\/centro-urbano\/","http:\/\/www.youtube.com\/user\/portalcentrourbano"]},{"@type":"Person","@id":"https:\/\/centrourbano.com\/revista\/#\/schema\/person\/d54f911ec0b07676fba4d8cd978af36c","name":"Maribel Gamas Romero","image":{"@type":"ImageObject","inLanguage":"es","@id":"https:\/\/secure.gravatar.com\/avatar\/75cf80f3e9f91ecdea6430e4a368a0ac0061737db10f2ce7b6110ce4206281a2?s=96&d=mm&r=g","url":"https:\/\/secure.gravatar.com\/avatar\/75cf80f3e9f91ecdea6430e4a368a0ac0061737db10f2ce7b6110ce4206281a2?s=96&d=mm&r=g","contentUrl":"https:\/\/secure.gravatar.com\/avatar\/75cf80f3e9f91ecdea6430e4a368a0ac0061737db10f2ce7b6110ce4206281a2?s=96&d=mm&r=g","caption":"Maribel Gamas Romero"},"url":"https:\/\/centrourbano.com\/revista\/author\/maribel-gamas\/"}]}},"_links":{"self":[{"href":"https:\/\/centrourbano.com\/revista\/wp-json\/wp\/v2\/posts\/37313","targetHints":{"allow":["GET"]}}],"collection":[{"href":"https:\/\/centrourbano.com\/revista\/wp-json\/wp\/v2\/posts"}],"about":[{"href":"https:\/\/centrourbano.com\/revista\/wp-json\/wp\/v2\/types\/post"}],"author":[{"embeddable":true,"href":"https:\/\/centrourbano.com\/revista\/wp-json\/wp\/v2\/users\/33"}],"replies":[{"embeddable":true,"href":"https:\/\/centrourbano.com\/revista\/wp-json\/wp\/v2\/comments?post=37313"}],"version-history":[{"count":0,"href":"https:\/\/centrourbano.com\/revista\/wp-json\/wp\/v2\/posts\/37313\/revisions"}],"wp:featuredmedia":[{"embeddable":true,"href":"https:\/\/centrourbano.com\/revista\/wp-json\/wp\/v2\/media\/37314"}],"wp:attachment":[{"href":"https:\/\/centrourbano.com\/revista\/wp-json\/wp\/v2\/media?parent=37313"}],"wp:term":[{"taxonomy":"category","embeddable":true,"href":"https:\/\/centrourbano.com\/revista\/wp-json\/wp\/v2\/categories?post=37313"},{"taxonomy":"post_tag","embeddable":true,"href":"https:\/\/centrourbano.com\/revista\/wp-json\/wp\/v2\/tags?post=37313"}],"curies":[{"name":"wp","href":"https:\/\/api.w.org\/{rel}","templated":true}]}}