{"id":37255,"date":"2016-07-13T09:45:55","date_gmt":"2016-07-13T14:45:55","guid":{"rendered":"https:\/\/centrourbano.com\/?p=37255"},"modified":"2016-07-13T11:13:19","modified_gmt":"2016-07-13T16:13:19","slug":"cemex-obtiene-financiamiento-de-la-ifc","status":"publish","type":"post","link":"https:\/\/centrourbano.com\/revista\/construccion\/cemex-obtiene-financiamiento-de-la-ifc\/","title":{"rendered":"Cemex obtiene financiamiento de la IFC"},"content":{"rendered":"<p><em>El 60% de los fondos recibidos por la IFC, ser\u00e1n destinados a la reducci\u00f3n de gases de efecto invernadero<\/em><br \/>\n<!--more--><\/p>\n<p>La Corporaci\u00f3n Financiera Internacional (IFC), le otorg\u00f3 a la cementera Cemex un fondo por 106 millones de euros, para utilizarlos en programas sostenibles en mercados emergentes.<\/p>\n<p>\u201cIFC otorgar\u00e1 financiamiento a proyectos destinados a mejorar el desempe\u00f1o medioambiental que fueron completados en 2014 y 2015, as\u00ed como a proyectos en curso durante el 2016 que son parte del plan de inversi\u00f3n en activo fijo previamente comunicado por Cemex\u201d, anot\u00f3 la firma en un comunicado.<\/p>\n<p>La empresa indic\u00f3 que el 60% de los fondos ser\u00e1n destinados a proyectos relacionados a la reducci\u00f3n de emisiones de gases de efecto invernadero por parte de Cemex, el resto ser\u00e1 asignado a mejoras generales en el control de emisiones al aire.<\/p>\n<p>De acuerdo con el Contrato de Cr\u00e9dito, la transacci\u00f3n podr\u00e1 ser incrementada hasta 106 millones de euros y diversifica las fuentes de financiamiento de la compa\u00f1\u00eda.<\/p>\n<p>\u201cEl apoyo de IFC resalta y valida los esfuerzos y la visi\u00f3n de Cemex en materia de sostenibilidad\u201d, afirm\u00f3 Fernando Gonz\u00e1lez Olivieri, Director General de la cementera.<\/p>\n<p>La directora del IFC, Liz Bronder declar\u00f3 que uno de los compromisos de inversi\u00f3n en soluciones fundamentales para mitigar el cambio clim\u00e1tico es este financiamiento, lo que se vuelve una herramienta eficiente para la mejora de este.<\/p>\n","protected":false},"excerpt":{"rendered":"<p>El 60% de los fondos recibidos por la IFC, ser\u00e1n destinados a la reducci\u00f3n de gases de efecto invernadero<\/p>\n","protected":false},"author":42,"featured_media":16698,"comment_status":"open","ping_status":"closed","sticky":false,"template":"","format":"standard","meta":{"om_disable_all_campaigns":false,"inline_featured_image":false,"_monsterinsights_skip_tracking":false,"_monsterinsights_sitenote_active":false,"_monsterinsights_sitenote_note":"","_monsterinsights_sitenote_category":0,"footnotes":""},"categories":[14],"tags":[26,482,8238],"class_list":["post-37255","post","type-post","status-publish","format-standard","has-post-thumbnail","hentry","category-construccion","tag-cemex","tag-financiamiento","tag-fondos"],"yoast_head":"<!-- This site is optimized with the Yoast SEO plugin v27.4 - https:\/\/yoast.com\/product\/yoast-seo-wordpress\/ -->\n<title>Cemex obtiene financiamiento de la IFC -<\/title>\n<meta name=\"description\" content=\"La Corporaci\u00f3n Financiera Internacional (IFC), le otorg\u00f3 a la cementera Cemex un fondo por 106 millones de euros, para utilizarlos en programas sostenibles en mercados emergentes.\" \/>\n<meta name=\"robots\" content=\"index, follow, max-snippet:-1, max-image-preview:large, max-video-preview:-1\" \/>\n<link rel=\"canonical\" href=\"https:\/\/centrourbano.com\/revista\/construccion\/cemex-obtiene-financiamiento-de-la-ifc\/\" \/>\n<meta property=\"og:locale\" content=\"es_ES\" \/>\n<meta property=\"og:type\" content=\"article\" \/>\n<meta property=\"og:title\" content=\"Cemex obtiene financiamiento de la IFC -\" \/>\n<meta property=\"og:description\" content=\"La Corporaci\u00f3n Financiera Internacional (IFC), le otorg\u00f3 a la cementera Cemex un fondo por 106 millones de euros, para utilizarlos en programas sostenibles en mercados emergentes.\" \/>\n<meta property=\"og:url\" content=\"https:\/\/centrourbano.com\/revista\/construccion\/cemex-obtiene-financiamiento-de-la-ifc\/\" \/>\n<meta property=\"og:site_name\" content=\"Centro Urbano\" \/>\n<meta property=\"article:publisher\" content=\"https:\/\/www.facebook.com\/portalcentrourbano\" \/>\n<meta property=\"article:published_time\" content=\"2016-07-13T14:45:55+00:00\" \/>\n<meta property=\"article:modified_time\" content=\"2016-07-13T16:13:19+00:00\" \/>\n<meta property=\"og:image\" content=\"https:\/\/centrourbano.com\/revista\/wp-content\/uploads\/cemex-22.jpg\" \/>\n\t<meta property=\"og:image:width\" content=\"600\" \/>\n\t<meta property=\"og:image:height\" content=\"419\" \/>\n\t<meta property=\"og:image:type\" content=\"image\/jpeg\" \/>\n<meta name=\"author\" content=\"Priscila D\u00edaz\" \/>\n<meta name=\"twitter:card\" content=\"summary_large_image\" \/>\n<meta name=\"twitter:creator\" content=\"@CentroUrbano\" \/>\n<meta name=\"twitter:site\" content=\"@CentroUrbano\" \/>\n<meta name=\"twitter:label1\" content=\"Escrito por\" \/>\n\t<meta name=\"twitter:data1\" content=\"Priscila D\u00edaz\" \/>\n\t<meta name=\"twitter:label2\" content=\"Tiempo de lectura\" \/>\n\t<meta name=\"twitter:data2\" content=\"1 minuto\" \/>\n<script type=\"application\/ld+json\" class=\"yoast-schema-graph\">{\"@context\":\"https:\\\/\\\/schema.org\",\"@graph\":[{\"@type\":\"Article\",\"@id\":\"https:\\\/\\\/centrourbano.com\\\/revista\\\/construccion\\\/cemex-obtiene-financiamiento-de-la-ifc\\\/#article\",\"isPartOf\":{\"@id\":\"https:\\\/\\\/centrourbano.com\\\/revista\\\/construccion\\\/cemex-obtiene-financiamiento-de-la-ifc\\\/\"},\"author\":{\"name\":\"Priscila D\u00edaz\",\"@id\":\"https:\\\/\\\/centrourbano.com\\\/revista\\\/#\\\/schema\\\/person\\\/20613dd8a7db2b263325af517bc7420c\"},\"headline\":\"Cemex obtiene financiamiento de la IFC\",\"datePublished\":\"2016-07-13T14:45:55+00:00\",\"dateModified\":\"2016-07-13T16:13:19+00:00\",\"mainEntityOfPage\":{\"@id\":\"https:\\\/\\\/centrourbano.com\\\/revista\\\/construccion\\\/cemex-obtiene-financiamiento-de-la-ifc\\\/\"},\"wordCount\":237,\"commentCount\":0,\"publisher\":{\"@id\":\"https:\\\/\\\/centrourbano.com\\\/revista\\\/#organization\"},\"image\":{\"@id\":\"https:\\\/\\\/centrourbano.com\\\/revista\\\/construccion\\\/cemex-obtiene-financiamiento-de-la-ifc\\\/#primaryimage\"},\"thumbnailUrl\":\"https:\\\/\\\/centrourbano.com\\\/revista\\\/wp-content\\\/uploads\\\/cemex-22.jpg\",\"keywords\":[\"CEMEX\",\"financiamiento\",\"fondos\"],\"articleSection\":[\"Construcci\u00f3n\"],\"inLanguage\":\"es\",\"potentialAction\":[{\"@type\":\"CommentAction\",\"name\":\"Comment\",\"target\":[\"https:\\\/\\\/centrourbano.com\\\/revista\\\/construccion\\\/cemex-obtiene-financiamiento-de-la-ifc\\\/#respond\"]}]},{\"@type\":\"WebPage\",\"@id\":\"https:\\\/\\\/centrourbano.com\\\/revista\\\/construccion\\\/cemex-obtiene-financiamiento-de-la-ifc\\\/\",\"url\":\"https:\\\/\\\/centrourbano.com\\\/revista\\\/construccion\\\/cemex-obtiene-financiamiento-de-la-ifc\\\/\",\"name\":\"Cemex obtiene financiamiento de la IFC -\",\"isPartOf\":{\"@id\":\"https:\\\/\\\/centrourbano.com\\\/revista\\\/#website\"},\"primaryImageOfPage\":{\"@id\":\"https:\\\/\\\/centrourbano.com\\\/revista\\\/construccion\\\/cemex-obtiene-financiamiento-de-la-ifc\\\/#primaryimage\"},\"image\":{\"@id\":\"https:\\\/\\\/centrourbano.com\\\/revista\\\/construccion\\\/cemex-obtiene-financiamiento-de-la-ifc\\\/#primaryimage\"},\"thumbnailUrl\":\"https:\\\/\\\/centrourbano.com\\\/revista\\\/wp-content\\\/uploads\\\/cemex-22.jpg\",\"datePublished\":\"2016-07-13T14:45:55+00:00\",\"dateModified\":\"2016-07-13T16:13:19+00:00\",\"description\":\"La Corporaci\u00f3n Financiera Internacional (IFC), le otorg\u00f3 a la cementera Cemex un fondo por 106 millones de euros, para utilizarlos en programas sostenibles en mercados emergentes.\",\"breadcrumb\":{\"@id\":\"https:\\\/\\\/centrourbano.com\\\/revista\\\/construccion\\\/cemex-obtiene-financiamiento-de-la-ifc\\\/#breadcrumb\"},\"inLanguage\":\"es\",\"potentialAction\":[{\"@type\":\"ReadAction\",\"target\":[\"https:\\\/\\\/centrourbano.com\\\/revista\\\/construccion\\\/cemex-obtiene-financiamiento-de-la-ifc\\\/\"]}]},{\"@type\":\"ImageObject\",\"inLanguage\":\"es\",\"@id\":\"https:\\\/\\\/centrourbano.com\\\/revista\\\/construccion\\\/cemex-obtiene-financiamiento-de-la-ifc\\\/#primaryimage\",\"url\":\"https:\\\/\\\/centrourbano.com\\\/revista\\\/wp-content\\\/uploads\\\/cemex-22.jpg\",\"contentUrl\":\"https:\\\/\\\/centrourbano.com\\\/revista\\\/wp-content\\\/uploads\\\/cemex-22.jpg\",\"width\":600,\"height\":419,\"caption\":\"El 60% de los fondos ser\u00e1n destinados a la reducci\u00f3n de gases de efecto invernadero\"},{\"@type\":\"BreadcrumbList\",\"@id\":\"https:\\\/\\\/centrourbano.com\\\/revista\\\/construccion\\\/cemex-obtiene-financiamiento-de-la-ifc\\\/#breadcrumb\",\"itemListElement\":[{\"@type\":\"ListItem\",\"position\":1,\"name\":\"Portada\",\"item\":\"https:\\\/\\\/centrourbano.com\\\/revista\\\/\"},{\"@type\":\"ListItem\",\"position\":2,\"name\":\"Cemex obtiene financiamiento de la IFC\"}]},{\"@type\":\"WebSite\",\"@id\":\"https:\\\/\\\/centrourbano.com\\\/revista\\\/#website\",\"url\":\"https:\\\/\\\/centrourbano.com\\\/revista\\\/\",\"name\":\"Centro Urbano\",\"description\":\"Medio especializado en los sectores vivienda, inmobiliario, construcci\u00f3n, arquitectura y urbanismo.\",\"publisher\":{\"@id\":\"https:\\\/\\\/centrourbano.com\\\/revista\\\/#organization\"},\"potentialAction\":[{\"@type\":\"SearchAction\",\"target\":{\"@type\":\"EntryPoint\",\"urlTemplate\":\"https:\\\/\\\/centrourbano.com\\\/revista\\\/?s={search_term_string}\"},\"query-input\":{\"@type\":\"PropertyValueSpecification\",\"valueRequired\":true,\"valueName\":\"search_term_string\"}}],\"inLanguage\":\"es\"},{\"@type\":\"Organization\",\"@id\":\"https:\\\/\\\/centrourbano.com\\\/revista\\\/#organization\",\"name\":\"Centro Urbano\",\"url\":\"https:\\\/\\\/centrourbano.com\\\/revista\\\/\",\"logo\":{\"@type\":\"ImageObject\",\"inLanguage\":\"es\",\"@id\":\"https:\\\/\\\/centrourbano.com\\\/revista\\\/#\\\/schema\\\/logo\\\/image\\\/\",\"url\":\"https:\\\/\\\/centrourbano.com\\\/revista\\\/wp-content\\\/uploads\\\/web_CU_logo-1.png\",\"contentUrl\":\"https:\\\/\\\/centrourbano.com\\\/revista\\\/wp-content\\\/uploads\\\/web_CU_logo-1.png\",\"width\":350,\"height\":91,\"caption\":\"Centro Urbano\"},\"image\":{\"@id\":\"https:\\\/\\\/centrourbano.com\\\/revista\\\/#\\\/schema\\\/logo\\\/image\\\/\"},\"sameAs\":[\"https:\\\/\\\/www.facebook.com\\\/portalcentrourbano\",\"https:\\\/\\\/x.com\\\/CentroUrbano\",\"https:\\\/\\\/www.instagram.com\\\/centro_urbano\\\/\",\"https:\\\/\\\/www.linkedin.com\\\/company\\\/centro-urbano\\\/\",\"http:\\\/\\\/www.youtube.com\\\/user\\\/portalcentrourbano\"]},{\"@type\":\"Person\",\"@id\":\"https:\\\/\\\/centrourbano.com\\\/revista\\\/#\\\/schema\\\/person\\\/20613dd8a7db2b263325af517bc7420c\",\"name\":\"Priscila D\u00edaz\",\"image\":{\"@type\":\"ImageObject\",\"inLanguage\":\"es\",\"@id\":\"https:\\\/\\\/secure.gravatar.com\\\/avatar\\\/bf28a62a51d45b542a0c3fe4c31a60c3887b5037867f58a6225cbf7479b56636?s=96&d=mm&r=g\",\"url\":\"https:\\\/\\\/secure.gravatar.com\\\/avatar\\\/bf28a62a51d45b542a0c3fe4c31a60c3887b5037867f58a6225cbf7479b56636?s=96&d=mm&r=g\",\"contentUrl\":\"https:\\\/\\\/secure.gravatar.com\\\/avatar\\\/bf28a62a51d45b542a0c3fe4c31a60c3887b5037867f58a6225cbf7479b56636?s=96&d=mm&r=g\",\"caption\":\"Priscila D\u00edaz\"},\"url\":\"https:\\\/\\\/centrourbano.com\\\/revista\\\/author\\\/priscila-diaz\\\/\"}]}<\/script>\n<!-- \/ Yoast SEO plugin. -->","yoast_head_json":{"title":"Cemex obtiene financiamiento de la IFC -","description":"La Corporaci\u00f3n Financiera Internacional (IFC), le otorg\u00f3 a la cementera Cemex un fondo por 106 millones de euros, para utilizarlos en programas sostenibles en mercados emergentes.","robots":{"index":"index","follow":"follow","max-snippet":"max-snippet:-1","max-image-preview":"max-image-preview:large","max-video-preview":"max-video-preview:-1"},"canonical":"https:\/\/centrourbano.com\/revista\/construccion\/cemex-obtiene-financiamiento-de-la-ifc\/","og_locale":"es_ES","og_type":"article","og_title":"Cemex obtiene financiamiento de la IFC -","og_description":"La Corporaci\u00f3n Financiera Internacional (IFC), le otorg\u00f3 a la cementera Cemex un fondo por 106 millones de euros, para utilizarlos en programas sostenibles en mercados emergentes.","og_url":"https:\/\/centrourbano.com\/revista\/construccion\/cemex-obtiene-financiamiento-de-la-ifc\/","og_site_name":"Centro Urbano","article_publisher":"https:\/\/www.facebook.com\/portalcentrourbano","article_published_time":"2016-07-13T14:45:55+00:00","article_modified_time":"2016-07-13T16:13:19+00:00","og_image":[{"width":600,"height":419,"url":"https:\/\/centrourbano.com\/revista\/wp-content\/uploads\/cemex-22.jpg","type":"image\/jpeg"}],"author":"Priscila D\u00edaz","twitter_card":"summary_large_image","twitter_creator":"@CentroUrbano","twitter_site":"@CentroUrbano","twitter_misc":{"Escrito por":"Priscila D\u00edaz","Tiempo de lectura":"1 minuto"},"schema":{"@context":"https:\/\/schema.org","@graph":[{"@type":"Article","@id":"https:\/\/centrourbano.com\/revista\/construccion\/cemex-obtiene-financiamiento-de-la-ifc\/#article","isPartOf":{"@id":"https:\/\/centrourbano.com\/revista\/construccion\/cemex-obtiene-financiamiento-de-la-ifc\/"},"author":{"name":"Priscila D\u00edaz","@id":"https:\/\/centrourbano.com\/revista\/#\/schema\/person\/20613dd8a7db2b263325af517bc7420c"},"headline":"Cemex obtiene financiamiento de la IFC","datePublished":"2016-07-13T14:45:55+00:00","dateModified":"2016-07-13T16:13:19+00:00","mainEntityOfPage":{"@id":"https:\/\/centrourbano.com\/revista\/construccion\/cemex-obtiene-financiamiento-de-la-ifc\/"},"wordCount":237,"commentCount":0,"publisher":{"@id":"https:\/\/centrourbano.com\/revista\/#organization"},"image":{"@id":"https:\/\/centrourbano.com\/revista\/construccion\/cemex-obtiene-financiamiento-de-la-ifc\/#primaryimage"},"thumbnailUrl":"https:\/\/centrourbano.com\/revista\/wp-content\/uploads\/cemex-22.jpg","keywords":["CEMEX","financiamiento","fondos"],"articleSection":["Construcci\u00f3n"],"inLanguage":"es","potentialAction":[{"@type":"CommentAction","name":"Comment","target":["https:\/\/centrourbano.com\/revista\/construccion\/cemex-obtiene-financiamiento-de-la-ifc\/#respond"]}]},{"@type":"WebPage","@id":"https:\/\/centrourbano.com\/revista\/construccion\/cemex-obtiene-financiamiento-de-la-ifc\/","url":"https:\/\/centrourbano.com\/revista\/construccion\/cemex-obtiene-financiamiento-de-la-ifc\/","name":"Cemex obtiene financiamiento de la IFC -","isPartOf":{"@id":"https:\/\/centrourbano.com\/revista\/#website"},"primaryImageOfPage":{"@id":"https:\/\/centrourbano.com\/revista\/construccion\/cemex-obtiene-financiamiento-de-la-ifc\/#primaryimage"},"image":{"@id":"https:\/\/centrourbano.com\/revista\/construccion\/cemex-obtiene-financiamiento-de-la-ifc\/#primaryimage"},"thumbnailUrl":"https:\/\/centrourbano.com\/revista\/wp-content\/uploads\/cemex-22.jpg","datePublished":"2016-07-13T14:45:55+00:00","dateModified":"2016-07-13T16:13:19+00:00","description":"La Corporaci\u00f3n Financiera Internacional (IFC), le otorg\u00f3 a la cementera Cemex un fondo por 106 millones de euros, para utilizarlos en programas sostenibles en mercados emergentes.","breadcrumb":{"@id":"https:\/\/centrourbano.com\/revista\/construccion\/cemex-obtiene-financiamiento-de-la-ifc\/#breadcrumb"},"inLanguage":"es","potentialAction":[{"@type":"ReadAction","target":["https:\/\/centrourbano.com\/revista\/construccion\/cemex-obtiene-financiamiento-de-la-ifc\/"]}]},{"@type":"ImageObject","inLanguage":"es","@id":"https:\/\/centrourbano.com\/revista\/construccion\/cemex-obtiene-financiamiento-de-la-ifc\/#primaryimage","url":"https:\/\/centrourbano.com\/revista\/wp-content\/uploads\/cemex-22.jpg","contentUrl":"https:\/\/centrourbano.com\/revista\/wp-content\/uploads\/cemex-22.jpg","width":600,"height":419,"caption":"El 60% de los fondos ser\u00e1n destinados a la reducci\u00f3n de gases de efecto invernadero"},{"@type":"BreadcrumbList","@id":"https:\/\/centrourbano.com\/revista\/construccion\/cemex-obtiene-financiamiento-de-la-ifc\/#breadcrumb","itemListElement":[{"@type":"ListItem","position":1,"name":"Portada","item":"https:\/\/centrourbano.com\/revista\/"},{"@type":"ListItem","position":2,"name":"Cemex obtiene financiamiento de la IFC"}]},{"@type":"WebSite","@id":"https:\/\/centrourbano.com\/revista\/#website","url":"https:\/\/centrourbano.com\/revista\/","name":"Centro Urbano","description":"Medio especializado en los sectores vivienda, inmobiliario, construcci\u00f3n, arquitectura y urbanismo.","publisher":{"@id":"https:\/\/centrourbano.com\/revista\/#organization"},"potentialAction":[{"@type":"SearchAction","target":{"@type":"EntryPoint","urlTemplate":"https:\/\/centrourbano.com\/revista\/?s={search_term_string}"},"query-input":{"@type":"PropertyValueSpecification","valueRequired":true,"valueName":"search_term_string"}}],"inLanguage":"es"},{"@type":"Organization","@id":"https:\/\/centrourbano.com\/revista\/#organization","name":"Centro Urbano","url":"https:\/\/centrourbano.com\/revista\/","logo":{"@type":"ImageObject","inLanguage":"es","@id":"https:\/\/centrourbano.com\/revista\/#\/schema\/logo\/image\/","url":"https:\/\/centrourbano.com\/revista\/wp-content\/uploads\/web_CU_logo-1.png","contentUrl":"https:\/\/centrourbano.com\/revista\/wp-content\/uploads\/web_CU_logo-1.png","width":350,"height":91,"caption":"Centro Urbano"},"image":{"@id":"https:\/\/centrourbano.com\/revista\/#\/schema\/logo\/image\/"},"sameAs":["https:\/\/www.facebook.com\/portalcentrourbano","https:\/\/x.com\/CentroUrbano","https:\/\/www.instagram.com\/centro_urbano\/","https:\/\/www.linkedin.com\/company\/centro-urbano\/","http:\/\/www.youtube.com\/user\/portalcentrourbano"]},{"@type":"Person","@id":"https:\/\/centrourbano.com\/revista\/#\/schema\/person\/20613dd8a7db2b263325af517bc7420c","name":"Priscila D\u00edaz","image":{"@type":"ImageObject","inLanguage":"es","@id":"https:\/\/secure.gravatar.com\/avatar\/bf28a62a51d45b542a0c3fe4c31a60c3887b5037867f58a6225cbf7479b56636?s=96&d=mm&r=g","url":"https:\/\/secure.gravatar.com\/avatar\/bf28a62a51d45b542a0c3fe4c31a60c3887b5037867f58a6225cbf7479b56636?s=96&d=mm&r=g","contentUrl":"https:\/\/secure.gravatar.com\/avatar\/bf28a62a51d45b542a0c3fe4c31a60c3887b5037867f58a6225cbf7479b56636?s=96&d=mm&r=g","caption":"Priscila D\u00edaz"},"url":"https:\/\/centrourbano.com\/revista\/author\/priscila-diaz\/"}]}},"_links":{"self":[{"href":"https:\/\/centrourbano.com\/revista\/wp-json\/wp\/v2\/posts\/37255","targetHints":{"allow":["GET"]}}],"collection":[{"href":"https:\/\/centrourbano.com\/revista\/wp-json\/wp\/v2\/posts"}],"about":[{"href":"https:\/\/centrourbano.com\/revista\/wp-json\/wp\/v2\/types\/post"}],"author":[{"embeddable":true,"href":"https:\/\/centrourbano.com\/revista\/wp-json\/wp\/v2\/users\/42"}],"replies":[{"embeddable":true,"href":"https:\/\/centrourbano.com\/revista\/wp-json\/wp\/v2\/comments?post=37255"}],"version-history":[{"count":0,"href":"https:\/\/centrourbano.com\/revista\/wp-json\/wp\/v2\/posts\/37255\/revisions"}],"wp:featuredmedia":[{"embeddable":true,"href":"https:\/\/centrourbano.com\/revista\/wp-json\/wp\/v2\/media\/16698"}],"wp:attachment":[{"href":"https:\/\/centrourbano.com\/revista\/wp-json\/wp\/v2\/media?parent=37255"}],"wp:term":[{"taxonomy":"category","embeddable":true,"href":"https:\/\/centrourbano.com\/revista\/wp-json\/wp\/v2\/categories?post=37255"},{"taxonomy":"post_tag","embeddable":true,"href":"https:\/\/centrourbano.com\/revista\/wp-json\/wp\/v2\/tags?post=37255"}],"curies":[{"name":"wp","href":"https:\/\/api.w.org\/{rel}","templated":true}]}}