{"id":37227,"date":"2016-07-12T12:00:22","date_gmt":"2016-07-12T17:00:22","guid":{"rendered":"https:\/\/centrourbano.com\/?p=37227"},"modified":"2016-07-12T12:22:53","modified_gmt":"2016-07-12T17:22:53","slug":"presentan-al-equipo-arquitectura-disenara-centro-presidencial-obama","status":"publish","type":"post","link":"https:\/\/centrourbano.com\/revista\/arquitectura-2\/presentan-al-equipo-arquitectura-disenara-centro-presidencial-obama\/","title":{"rendered":"Anuncian al equipo de arquitectura que dise\u00f1ar\u00e1 Centro Presidencial Obama"},"content":{"rendered":"<p><em>Contar\u00e1 con una biblioteca, un museo y el espacio para los programas e iniciativas que permitan avanzar en la misi\u00f3n p\u00fablica de la Fundaci\u00f3n<br \/>\n<\/em><!--more--><\/p>\n<p>La Fundaci\u00f3n Obama anunci\u00f3 que ha seleccionado el equipo de arquitectura de Tod Williams Billie Tsien Arquitectos | Partners (TWBTA) y el Interactive Design Architects (IDEA), para dirigir el dise\u00f1o del Centro Presidencial de Obama, en el lado medio sur de Chicago.<\/p>\n<p>Este proyecto contar\u00e1 con una inversi\u00f3n de 500 millones de d\u00f3lares (mdd), y estar\u00e1 compuesto por una biblioteca que sostiene los archivos presidenciales, un museo dedicado a la Presidencia y a los problemas actuales, el instituto acad\u00e9mico y las oficinas de la Fundaci\u00f3n Obama en donde se realizar\u00e1n los programas e iniciativas que permitan avanzar en la misi\u00f3n p\u00fablica de la misma. <\/p>\n<p>Cabe recordar que en diciembre de 2015 la Fundaci\u00f3n Obama emiti\u00f3 una solicitud de propuesta a siete empresas de arquitectura que fueron elegidas entre m\u00e1s de 140 empresas de todo el mundo que hab\u00edan calificado originalmente.<\/p>\n<p>TWBTA, con sede en Nueva York, e IDEA, una firma de Chicago fundada hace m\u00e1s de 20 a\u00f1os, conducir\u00e1n el multidisciplinario dise\u00f1o y el esfuerzo de ingenier\u00eda que en \u00faltima instancia puede incluir un m\u00e1ximo de 15 a 20 otras empresas dedicadas a diversas \u00e1reas de especialidad que son clave para el dise\u00f1o del Centro. <\/p>\n<p>Ser\u00e1 la Fundaci\u00f3n Obama quien supervise el dise\u00f1o y la construcci\u00f3n de este Centro de amplio alcance, junto a un equipo de gesti\u00f3n de proyectos que ser\u00e1 nombrado en una fecha posterior. <\/p>\n<p>Martin Nesbitt, presidente de la Fundaci\u00f3n de Obama, se\u00f1al\u00f3 que est\u00e1n encantados de anunciar la selecci\u00f3n para liderar el equipo de dise\u00f1o para el Centro Presidencial de Obama.<\/p>\n<p>A\u00f1adi\u00f3 que cada una de las propuestas de las siete empresas fueron impresionantes, por lo que agradeci\u00f3 a las mismas por su pasi\u00f3n, esfuerzo, recursos y tiempo a lo largo de este proceso.<\/p>\n<p>El Centro Presidencial Obama buscar\u00e1 inspirar a los ciudadanos de todo el mundo para mejorar sus comunidades, sus pa\u00edses y su mundo.<\/p>\n","protected":false},"excerpt":{"rendered":"<p>Contar\u00e1 con una biblioteca, un museo y el espacio para los programas e iniciativas que permitan avanzar en la misi\u00f3n p\u00fablica de la Fundaci\u00f3n<\/p>\n","protected":false},"author":9,"featured_media":37228,"comment_status":"open","ping_status":"closed","sticky":false,"template":"","format":"standard","meta":{"om_disable_all_campaigns":false,"inline_featured_image":false,"_monsterinsights_skip_tracking":false,"_monsterinsights_sitenote_active":false,"_monsterinsights_sitenote_note":"","_monsterinsights_sitenote_category":0,"footnotes":""},"categories":[81],"tags":[20,8230,2516,8229,8234,8233,8231,8232],"class_list":["post-37227","post","type-post","status-publish","format-standard","has-post-thumbnail","hentry","category-arquitectura-2","tag-arquitectura","tag-centro-presidencial-obama","tag-chicago","tag-fundacion-obama","tag-idea","tag-interactive-design-architects","tag-tod-williams-billie-tsien-arquitectos","tag-twbta"],"yoast_head":"<!-- This site is optimized with the Yoast SEO plugin v27.4 - https:\/\/yoast.com\/product\/yoast-seo-wordpress\/ -->\n<title>Anuncian al equipo de arquitectura que dise\u00f1ar\u00e1 Centro Presidencial Obama<\/title>\n<meta name=\"description\" content=\"Contar\u00e1 con una biblioteca, un museo y el espacio para los programas e iniciativas que permitan avanzar en la misi\u00f3n p\u00fablica de la Fundaci\u00f3n\" \/>\n<meta name=\"robots\" content=\"index, follow, max-snippet:-1, max-image-preview:large, max-video-preview:-1\" \/>\n<link rel=\"canonical\" href=\"https:\/\/centrourbano.com\/revista\/arquitectura-2\/presentan-al-equipo-arquitectura-disenara-centro-presidencial-obama\/\" \/>\n<meta property=\"og:locale\" content=\"es_ES\" \/>\n<meta property=\"og:type\" content=\"article\" \/>\n<meta property=\"og:title\" content=\"Anuncian al equipo de arquitectura que dise\u00f1ar\u00e1 Centro Presidencial Obama\" \/>\n<meta property=\"og:description\" content=\"Contar\u00e1 con una biblioteca, un museo y el espacio para los programas e iniciativas que permitan avanzar en la misi\u00f3n p\u00fablica de la Fundaci\u00f3n\" \/>\n<meta property=\"og:url\" content=\"https:\/\/centrourbano.com\/revista\/arquitectura-2\/presentan-al-equipo-arquitectura-disenara-centro-presidencial-obama\/\" \/>\n<meta property=\"og:site_name\" content=\"Centro Urbano\" \/>\n<meta property=\"article:publisher\" content=\"https:\/\/www.facebook.com\/portalcentrourbano\" \/>\n<meta property=\"article:published_time\" content=\"2016-07-12T17:00:22+00:00\" \/>\n<meta property=\"article:modified_time\" content=\"2016-07-12T17:22:53+00:00\" \/>\n<meta property=\"og:image\" content=\"https:\/\/centrourbano.com\/revista\/wp-content\/uploads\/bsd_bof_selected-cropped-small_v2-1.jpg\" \/>\n\t<meta property=\"og:image:width\" content=\"730\" \/>\n\t<meta property=\"og:image:height\" content=\"502\" \/>\n\t<meta property=\"og:image:type\" content=\"image\/jpeg\" \/>\n<meta name=\"author\" content=\"Dinorah Nava\" \/>\n<meta name=\"twitter:card\" content=\"summary_large_image\" \/>\n<meta name=\"twitter:creator\" content=\"@https:\/\/twitter.com\/Dinorah_Nava28\" \/>\n<meta name=\"twitter:site\" content=\"@CentroUrbano\" \/>\n<meta name=\"twitter:label1\" content=\"Escrito por\" \/>\n\t<meta name=\"twitter:data1\" content=\"Dinorah Nava\" \/>\n\t<meta name=\"twitter:label2\" content=\"Tiempo de lectura\" \/>\n\t<meta name=\"twitter:data2\" content=\"2 minutos\" \/>\n<script type=\"application\/ld+json\" class=\"yoast-schema-graph\">{\"@context\":\"https:\\\/\\\/schema.org\",\"@graph\":[{\"@type\":\"Article\",\"@id\":\"https:\\\/\\\/centrourbano.com\\\/revista\\\/arquitectura-2\\\/presentan-al-equipo-arquitectura-disenara-centro-presidencial-obama\\\/#article\",\"isPartOf\":{\"@id\":\"https:\\\/\\\/centrourbano.com\\\/revista\\\/arquitectura-2\\\/presentan-al-equipo-arquitectura-disenara-centro-presidencial-obama\\\/\"},\"author\":{\"name\":\"Dinorah Nava\",\"@id\":\"https:\\\/\\\/centrourbano.com\\\/revista\\\/#\\\/schema\\\/person\\\/b45db815d96831257ba428a3d5a5fbdc\"},\"headline\":\"Anuncian al equipo de arquitectura que dise\u00f1ar\u00e1 Centro Presidencial Obama\",\"datePublished\":\"2016-07-12T17:00:22+00:00\",\"dateModified\":\"2016-07-12T17:22:53+00:00\",\"mainEntityOfPage\":{\"@id\":\"https:\\\/\\\/centrourbano.com\\\/revista\\\/arquitectura-2\\\/presentan-al-equipo-arquitectura-disenara-centro-presidencial-obama\\\/\"},\"wordCount\":372,\"commentCount\":0,\"publisher\":{\"@id\":\"https:\\\/\\\/centrourbano.com\\\/revista\\\/#organization\"},\"image\":{\"@id\":\"https:\\\/\\\/centrourbano.com\\\/revista\\\/arquitectura-2\\\/presentan-al-equipo-arquitectura-disenara-centro-presidencial-obama\\\/#primaryimage\"},\"thumbnailUrl\":\"https:\\\/\\\/centrourbano.com\\\/revista\\\/wp-content\\\/uploads\\\/bsd_bof_selected-cropped-small_v2-1.jpg\",\"keywords\":[\"arquitectura\",\"Centro Presidencial Obama\",\"Chicago\",\"Fundaci\u00f3n Obama\",\"IDEA\",\"Interactive Design Architects\",\"Tod Williams Billie Tsien Arquitectos\",\"TWBTA\"],\"articleSection\":[\"Arquitectura\"],\"inLanguage\":\"es\",\"potentialAction\":[{\"@type\":\"CommentAction\",\"name\":\"Comment\",\"target\":[\"https:\\\/\\\/centrourbano.com\\\/revista\\\/arquitectura-2\\\/presentan-al-equipo-arquitectura-disenara-centro-presidencial-obama\\\/#respond\"]}]},{\"@type\":\"WebPage\",\"@id\":\"https:\\\/\\\/centrourbano.com\\\/revista\\\/arquitectura-2\\\/presentan-al-equipo-arquitectura-disenara-centro-presidencial-obama\\\/\",\"url\":\"https:\\\/\\\/centrourbano.com\\\/revista\\\/arquitectura-2\\\/presentan-al-equipo-arquitectura-disenara-centro-presidencial-obama\\\/\",\"name\":\"Anuncian al equipo de arquitectura que dise\u00f1ar\u00e1 Centro Presidencial Obama\",\"isPartOf\":{\"@id\":\"https:\\\/\\\/centrourbano.com\\\/revista\\\/#website\"},\"primaryImageOfPage\":{\"@id\":\"https:\\\/\\\/centrourbano.com\\\/revista\\\/arquitectura-2\\\/presentan-al-equipo-arquitectura-disenara-centro-presidencial-obama\\\/#primaryimage\"},\"image\":{\"@id\":\"https:\\\/\\\/centrourbano.com\\\/revista\\\/arquitectura-2\\\/presentan-al-equipo-arquitectura-disenara-centro-presidencial-obama\\\/#primaryimage\"},\"thumbnailUrl\":\"https:\\\/\\\/centrourbano.com\\\/revista\\\/wp-content\\\/uploads\\\/bsd_bof_selected-cropped-small_v2-1.jpg\",\"datePublished\":\"2016-07-12T17:00:22+00:00\",\"dateModified\":\"2016-07-12T17:22:53+00:00\",\"description\":\"Contar\u00e1 con una biblioteca, un museo y el espacio para los programas e iniciativas que permitan avanzar en la misi\u00f3n p\u00fablica de la Fundaci\u00f3n\",\"breadcrumb\":{\"@id\":\"https:\\\/\\\/centrourbano.com\\\/revista\\\/arquitectura-2\\\/presentan-al-equipo-arquitectura-disenara-centro-presidencial-obama\\\/#breadcrumb\"},\"inLanguage\":\"es\",\"potentialAction\":[{\"@type\":\"ReadAction\",\"target\":[\"https:\\\/\\\/centrourbano.com\\\/revista\\\/arquitectura-2\\\/presentan-al-equipo-arquitectura-disenara-centro-presidencial-obama\\\/\"]}]},{\"@type\":\"ImageObject\",\"inLanguage\":\"es\",\"@id\":\"https:\\\/\\\/centrourbano.com\\\/revista\\\/arquitectura-2\\\/presentan-al-equipo-arquitectura-disenara-centro-presidencial-obama\\\/#primaryimage\",\"url\":\"https:\\\/\\\/centrourbano.com\\\/revista\\\/wp-content\\\/uploads\\\/bsd_bof_selected-cropped-small_v2-1.jpg\",\"contentUrl\":\"https:\\\/\\\/centrourbano.com\\\/revista\\\/wp-content\\\/uploads\\\/bsd_bof_selected-cropped-small_v2-1.jpg\",\"width\":730,\"height\":502,\"caption\":\"Contar\u00e1 con una biblioteca, un museo y el espacio para los programas e iniciativas que permitan avanzar en la misi\u00f3n p\u00fablica de la Fundaci\u00f3n\"},{\"@type\":\"BreadcrumbList\",\"@id\":\"https:\\\/\\\/centrourbano.com\\\/revista\\\/arquitectura-2\\\/presentan-al-equipo-arquitectura-disenara-centro-presidencial-obama\\\/#breadcrumb\",\"itemListElement\":[{\"@type\":\"ListItem\",\"position\":1,\"name\":\"Portada\",\"item\":\"https:\\\/\\\/centrourbano.com\\\/revista\\\/\"},{\"@type\":\"ListItem\",\"position\":2,\"name\":\"Anuncian al equipo de arquitectura que dise\u00f1ar\u00e1 Centro Presidencial Obama\"}]},{\"@type\":\"WebSite\",\"@id\":\"https:\\\/\\\/centrourbano.com\\\/revista\\\/#website\",\"url\":\"https:\\\/\\\/centrourbano.com\\\/revista\\\/\",\"name\":\"Centro Urbano\",\"description\":\"Medio especializado en los sectores vivienda, inmobiliario, construcci\u00f3n, arquitectura y urbanismo.\",\"publisher\":{\"@id\":\"https:\\\/\\\/centrourbano.com\\\/revista\\\/#organization\"},\"potentialAction\":[{\"@type\":\"SearchAction\",\"target\":{\"@type\":\"EntryPoint\",\"urlTemplate\":\"https:\\\/\\\/centrourbano.com\\\/revista\\\/?s={search_term_string}\"},\"query-input\":{\"@type\":\"PropertyValueSpecification\",\"valueRequired\":true,\"valueName\":\"search_term_string\"}}],\"inLanguage\":\"es\"},{\"@type\":\"Organization\",\"@id\":\"https:\\\/\\\/centrourbano.com\\\/revista\\\/#organization\",\"name\":\"Centro Urbano\",\"url\":\"https:\\\/\\\/centrourbano.com\\\/revista\\\/\",\"logo\":{\"@type\":\"ImageObject\",\"inLanguage\":\"es\",\"@id\":\"https:\\\/\\\/centrourbano.com\\\/revista\\\/#\\\/schema\\\/logo\\\/image\\\/\",\"url\":\"https:\\\/\\\/centrourbano.com\\\/revista\\\/wp-content\\\/uploads\\\/web_CU_logo-1.png\",\"contentUrl\":\"https:\\\/\\\/centrourbano.com\\\/revista\\\/wp-content\\\/uploads\\\/web_CU_logo-1.png\",\"width\":350,\"height\":91,\"caption\":\"Centro Urbano\"},\"image\":{\"@id\":\"https:\\\/\\\/centrourbano.com\\\/revista\\\/#\\\/schema\\\/logo\\\/image\\\/\"},\"sameAs\":[\"https:\\\/\\\/www.facebook.com\\\/portalcentrourbano\",\"https:\\\/\\\/x.com\\\/CentroUrbano\",\"https:\\\/\\\/www.instagram.com\\\/centro_urbano\\\/\",\"https:\\\/\\\/www.linkedin.com\\\/company\\\/centro-urbano\\\/\",\"http:\\\/\\\/www.youtube.com\\\/user\\\/portalcentrourbano\"]},{\"@type\":\"Person\",\"@id\":\"https:\\\/\\\/centrourbano.com\\\/revista\\\/#\\\/schema\\\/person\\\/b45db815d96831257ba428a3d5a5fbdc\",\"name\":\"Dinorah Nava\",\"image\":{\"@type\":\"ImageObject\",\"inLanguage\":\"es\",\"@id\":\"https:\\\/\\\/secure.gravatar.com\\\/avatar\\\/f6ca6430c51d147f363940f84e1225aa4b8183885c11802cc3b042305a4ecc1a?s=96&d=mm&r=g\",\"url\":\"https:\\\/\\\/secure.gravatar.com\\\/avatar\\\/f6ca6430c51d147f363940f84e1225aa4b8183885c11802cc3b042305a4ecc1a?s=96&d=mm&r=g\",\"contentUrl\":\"https:\\\/\\\/secure.gravatar.com\\\/avatar\\\/f6ca6430c51d147f363940f84e1225aa4b8183885c11802cc3b042305a4ecc1a?s=96&d=mm&r=g\",\"caption\":\"Dinorah Nava\"},\"description\":\"Editora de Contenidos y Estrategias Digitales en Centro Urbano y Coeditora en Peri\u00f3dico Mi Casa. Egresada de la licenciatura en Comunicaci\u00f3n y Periodismo de la Facultad de Estudios Superiores Arag\u00f3n (UNAM). Amante de la edici\u00f3n y correcci\u00f3n de estilo, las redes sociales y el mundo digital. Especialista en temas son arquitectura, inmobiliario y urbanismo.\",\"sameAs\":[\"linkedin.com\\\/in\\\/dinorah-nava\",\"https:\\\/\\\/x.com\\\/https:\\\/\\\/twitter.com\\\/Dinorah_Nava28\"],\"url\":\"https:\\\/\\\/centrourbano.com\\\/revista\\\/author\\\/dinorah-nava\\\/\"}]}<\/script>\n<!-- \/ Yoast SEO plugin. -->","yoast_head_json":{"title":"Anuncian al equipo de arquitectura que dise\u00f1ar\u00e1 Centro Presidencial Obama","description":"Contar\u00e1 con una biblioteca, un museo y el espacio para los programas e iniciativas que permitan avanzar en la misi\u00f3n p\u00fablica de la Fundaci\u00f3n","robots":{"index":"index","follow":"follow","max-snippet":"max-snippet:-1","max-image-preview":"max-image-preview:large","max-video-preview":"max-video-preview:-1"},"canonical":"https:\/\/centrourbano.com\/revista\/arquitectura-2\/presentan-al-equipo-arquitectura-disenara-centro-presidencial-obama\/","og_locale":"es_ES","og_type":"article","og_title":"Anuncian al equipo de arquitectura que dise\u00f1ar\u00e1 Centro Presidencial Obama","og_description":"Contar\u00e1 con una biblioteca, un museo y el espacio para los programas e iniciativas que permitan avanzar en la misi\u00f3n p\u00fablica de la Fundaci\u00f3n","og_url":"https:\/\/centrourbano.com\/revista\/arquitectura-2\/presentan-al-equipo-arquitectura-disenara-centro-presidencial-obama\/","og_site_name":"Centro Urbano","article_publisher":"https:\/\/www.facebook.com\/portalcentrourbano","article_published_time":"2016-07-12T17:00:22+00:00","article_modified_time":"2016-07-12T17:22:53+00:00","og_image":[{"width":730,"height":502,"url":"https:\/\/centrourbano.com\/revista\/wp-content\/uploads\/bsd_bof_selected-cropped-small_v2-1.jpg","type":"image\/jpeg"}],"author":"Dinorah Nava","twitter_card":"summary_large_image","twitter_creator":"@https:\/\/twitter.com\/Dinorah_Nava28","twitter_site":"@CentroUrbano","twitter_misc":{"Escrito por":"Dinorah Nava","Tiempo de lectura":"2 minutos"},"schema":{"@context":"https:\/\/schema.org","@graph":[{"@type":"Article","@id":"https:\/\/centrourbano.com\/revista\/arquitectura-2\/presentan-al-equipo-arquitectura-disenara-centro-presidencial-obama\/#article","isPartOf":{"@id":"https:\/\/centrourbano.com\/revista\/arquitectura-2\/presentan-al-equipo-arquitectura-disenara-centro-presidencial-obama\/"},"author":{"name":"Dinorah Nava","@id":"https:\/\/centrourbano.com\/revista\/#\/schema\/person\/b45db815d96831257ba428a3d5a5fbdc"},"headline":"Anuncian al equipo de arquitectura que dise\u00f1ar\u00e1 Centro Presidencial Obama","datePublished":"2016-07-12T17:00:22+00:00","dateModified":"2016-07-12T17:22:53+00:00","mainEntityOfPage":{"@id":"https:\/\/centrourbano.com\/revista\/arquitectura-2\/presentan-al-equipo-arquitectura-disenara-centro-presidencial-obama\/"},"wordCount":372,"commentCount":0,"publisher":{"@id":"https:\/\/centrourbano.com\/revista\/#organization"},"image":{"@id":"https:\/\/centrourbano.com\/revista\/arquitectura-2\/presentan-al-equipo-arquitectura-disenara-centro-presidencial-obama\/#primaryimage"},"thumbnailUrl":"https:\/\/centrourbano.com\/revista\/wp-content\/uploads\/bsd_bof_selected-cropped-small_v2-1.jpg","keywords":["arquitectura","Centro Presidencial Obama","Chicago","Fundaci\u00f3n Obama","IDEA","Interactive Design Architects","Tod Williams Billie Tsien Arquitectos","TWBTA"],"articleSection":["Arquitectura"],"inLanguage":"es","potentialAction":[{"@type":"CommentAction","name":"Comment","target":["https:\/\/centrourbano.com\/revista\/arquitectura-2\/presentan-al-equipo-arquitectura-disenara-centro-presidencial-obama\/#respond"]}]},{"@type":"WebPage","@id":"https:\/\/centrourbano.com\/revista\/arquitectura-2\/presentan-al-equipo-arquitectura-disenara-centro-presidencial-obama\/","url":"https:\/\/centrourbano.com\/revista\/arquitectura-2\/presentan-al-equipo-arquitectura-disenara-centro-presidencial-obama\/","name":"Anuncian al equipo de arquitectura que dise\u00f1ar\u00e1 Centro Presidencial Obama","isPartOf":{"@id":"https:\/\/centrourbano.com\/revista\/#website"},"primaryImageOfPage":{"@id":"https:\/\/centrourbano.com\/revista\/arquitectura-2\/presentan-al-equipo-arquitectura-disenara-centro-presidencial-obama\/#primaryimage"},"image":{"@id":"https:\/\/centrourbano.com\/revista\/arquitectura-2\/presentan-al-equipo-arquitectura-disenara-centro-presidencial-obama\/#primaryimage"},"thumbnailUrl":"https:\/\/centrourbano.com\/revista\/wp-content\/uploads\/bsd_bof_selected-cropped-small_v2-1.jpg","datePublished":"2016-07-12T17:00:22+00:00","dateModified":"2016-07-12T17:22:53+00:00","description":"Contar\u00e1 con una biblioteca, un museo y el espacio para los programas e iniciativas que permitan avanzar en la misi\u00f3n p\u00fablica de la Fundaci\u00f3n","breadcrumb":{"@id":"https:\/\/centrourbano.com\/revista\/arquitectura-2\/presentan-al-equipo-arquitectura-disenara-centro-presidencial-obama\/#breadcrumb"},"inLanguage":"es","potentialAction":[{"@type":"ReadAction","target":["https:\/\/centrourbano.com\/revista\/arquitectura-2\/presentan-al-equipo-arquitectura-disenara-centro-presidencial-obama\/"]}]},{"@type":"ImageObject","inLanguage":"es","@id":"https:\/\/centrourbano.com\/revista\/arquitectura-2\/presentan-al-equipo-arquitectura-disenara-centro-presidencial-obama\/#primaryimage","url":"https:\/\/centrourbano.com\/revista\/wp-content\/uploads\/bsd_bof_selected-cropped-small_v2-1.jpg","contentUrl":"https:\/\/centrourbano.com\/revista\/wp-content\/uploads\/bsd_bof_selected-cropped-small_v2-1.jpg","width":730,"height":502,"caption":"Contar\u00e1 con una biblioteca, un museo y el espacio para los programas e iniciativas que permitan avanzar en la misi\u00f3n p\u00fablica de la Fundaci\u00f3n"},{"@type":"BreadcrumbList","@id":"https:\/\/centrourbano.com\/revista\/arquitectura-2\/presentan-al-equipo-arquitectura-disenara-centro-presidencial-obama\/#breadcrumb","itemListElement":[{"@type":"ListItem","position":1,"name":"Portada","item":"https:\/\/centrourbano.com\/revista\/"},{"@type":"ListItem","position":2,"name":"Anuncian al equipo de arquitectura que dise\u00f1ar\u00e1 Centro Presidencial Obama"}]},{"@type":"WebSite","@id":"https:\/\/centrourbano.com\/revista\/#website","url":"https:\/\/centrourbano.com\/revista\/","name":"Centro Urbano","description":"Medio especializado en los sectores vivienda, inmobiliario, construcci\u00f3n, arquitectura y urbanismo.","publisher":{"@id":"https:\/\/centrourbano.com\/revista\/#organization"},"potentialAction":[{"@type":"SearchAction","target":{"@type":"EntryPoint","urlTemplate":"https:\/\/centrourbano.com\/revista\/?s={search_term_string}"},"query-input":{"@type":"PropertyValueSpecification","valueRequired":true,"valueName":"search_term_string"}}],"inLanguage":"es"},{"@type":"Organization","@id":"https:\/\/centrourbano.com\/revista\/#organization","name":"Centro Urbano","url":"https:\/\/centrourbano.com\/revista\/","logo":{"@type":"ImageObject","inLanguage":"es","@id":"https:\/\/centrourbano.com\/revista\/#\/schema\/logo\/image\/","url":"https:\/\/centrourbano.com\/revista\/wp-content\/uploads\/web_CU_logo-1.png","contentUrl":"https:\/\/centrourbano.com\/revista\/wp-content\/uploads\/web_CU_logo-1.png","width":350,"height":91,"caption":"Centro Urbano"},"image":{"@id":"https:\/\/centrourbano.com\/revista\/#\/schema\/logo\/image\/"},"sameAs":["https:\/\/www.facebook.com\/portalcentrourbano","https:\/\/x.com\/CentroUrbano","https:\/\/www.instagram.com\/centro_urbano\/","https:\/\/www.linkedin.com\/company\/centro-urbano\/","http:\/\/www.youtube.com\/user\/portalcentrourbano"]},{"@type":"Person","@id":"https:\/\/centrourbano.com\/revista\/#\/schema\/person\/b45db815d96831257ba428a3d5a5fbdc","name":"Dinorah Nava","image":{"@type":"ImageObject","inLanguage":"es","@id":"https:\/\/secure.gravatar.com\/avatar\/f6ca6430c51d147f363940f84e1225aa4b8183885c11802cc3b042305a4ecc1a?s=96&d=mm&r=g","url":"https:\/\/secure.gravatar.com\/avatar\/f6ca6430c51d147f363940f84e1225aa4b8183885c11802cc3b042305a4ecc1a?s=96&d=mm&r=g","contentUrl":"https:\/\/secure.gravatar.com\/avatar\/f6ca6430c51d147f363940f84e1225aa4b8183885c11802cc3b042305a4ecc1a?s=96&d=mm&r=g","caption":"Dinorah Nava"},"description":"Editora de Contenidos y Estrategias Digitales en Centro Urbano y Coeditora en Peri\u00f3dico Mi Casa. Egresada de la licenciatura en Comunicaci\u00f3n y Periodismo de la Facultad de Estudios Superiores Arag\u00f3n (UNAM). Amante de la edici\u00f3n y correcci\u00f3n de estilo, las redes sociales y el mundo digital. Especialista en temas son arquitectura, inmobiliario y urbanismo.","sameAs":["linkedin.com\/in\/dinorah-nava","https:\/\/x.com\/https:\/\/twitter.com\/Dinorah_Nava28"],"url":"https:\/\/centrourbano.com\/revista\/author\/dinorah-nava\/"}]}},"_links":{"self":[{"href":"https:\/\/centrourbano.com\/revista\/wp-json\/wp\/v2\/posts\/37227","targetHints":{"allow":["GET"]}}],"collection":[{"href":"https:\/\/centrourbano.com\/revista\/wp-json\/wp\/v2\/posts"}],"about":[{"href":"https:\/\/centrourbano.com\/revista\/wp-json\/wp\/v2\/types\/post"}],"author":[{"embeddable":true,"href":"https:\/\/centrourbano.com\/revista\/wp-json\/wp\/v2\/users\/9"}],"replies":[{"embeddable":true,"href":"https:\/\/centrourbano.com\/revista\/wp-json\/wp\/v2\/comments?post=37227"}],"version-history":[{"count":0,"href":"https:\/\/centrourbano.com\/revista\/wp-json\/wp\/v2\/posts\/37227\/revisions"}],"wp:featuredmedia":[{"embeddable":true,"href":"https:\/\/centrourbano.com\/revista\/wp-json\/wp\/v2\/media\/37228"}],"wp:attachment":[{"href":"https:\/\/centrourbano.com\/revista\/wp-json\/wp\/v2\/media?parent=37227"}],"wp:term":[{"taxonomy":"category","embeddable":true,"href":"https:\/\/centrourbano.com\/revista\/wp-json\/wp\/v2\/categories?post=37227"},{"taxonomy":"post_tag","embeddable":true,"href":"https:\/\/centrourbano.com\/revista\/wp-json\/wp\/v2\/tags?post=37227"}],"curies":[{"name":"wp","href":"https:\/\/api.w.org\/{rel}","templated":true}]}}