{"id":3715,"date":"2014-02-19T12:04:27","date_gmt":"2014-02-19T18:04:27","guid":{"rendered":"http:\/\/centrourbano.com\/?p=3715"},"modified":"2014-03-21T14:31:31","modified_gmt":"2014-03-21T20:31:31","slug":"distrito-tec-busca-incrementar-la-densidad-poblacional","status":"publish","type":"post","link":"https:\/\/centrourbano.com\/revista\/vivienda\/distrito-tec-busca-incrementar-la-densidad-poblacional\/","title":{"rendered":"Distrito Tec busca incrementar la densidad poblacional"},"content":{"rendered":"<p><em>El proyecto urban\u00edstico en torno al Tec de Monterrey pretende que m\u00e1s personas habiten en la zona; adem\u00e1s, se preparan programas pilotos del Infonavit para remodelar las viviendas<\/em><\/p>\n<p><em><!--more--><\/em><\/p>\n<p>Uno de los objetivos del proyecto Distrito Tec, anunciado recientemente con un monto de inversi\u00f3n de 500 millones de pesos a al menos 15 a\u00f1os, es el de aprovechar la zona urbana aleda\u00f1a al Tecnol\u00f3gico de Monterrey en su campus sede, la cual ha mostrado una baja en su densidad poblacional.<\/p>\n<p>De acuerdo con Jos\u00e9 Antonio Torre, director de Urbanismo Ciudadano e Infraestructura F\u00edsica del Tecnol\u00f3gico de Monterrey, el proyecto comprende un espacio de 437 hect\u00e1reas, conformado por el campus y las 17 colonias que lo rodean, en el cual habitan 17 mil personas.<\/p>\n<p>Sin embargo, el Directivo indic\u00f3 que en los \u00faltimos 10 a\u00f1os ha perdido 22 por ciento de su poblaci\u00f3n, \u201c10 a\u00f1os medidos de 2001 a 2010 porque es una medici\u00f3n de Inegi, la densidad poblacional de este espacio es de 38 habitantes por hect\u00e1rea cuando en la ciudad es de 65 habitantes por hect\u00e1reas pero hace 30 a\u00f1os era de 100 en la ciudad de Monterrey la densidad poblacional era de 160 habitantes por hect\u00e1rea\u201d.<\/p>\n<p>Con base a las cifras del Inegi tambi\u00e9n se determin\u00f3 que 36 por ciento de las viviendas en ese Distrito se registraron como deshabitadas contra 14 por ciento de la zona metropolitana; adem\u00e1s, trascendi\u00f3 que solamente 11 por ciento de la poblaci\u00f3n del Distrito son ni\u00f1os, contra 28 por ciento de la zona metropolitana de Monterrey.<\/p>\n<p>Por ello, Jos\u00e9 Antonio Torre resalt\u00f3 la necesidad de entender lo que estaba ocurriendo para actuar junto en conjunto con los vecinos y mejorarlo, pues existe un grupo poblacional faltante en el Distrito Tec, que son las familias j\u00f3venes con ni\u00f1os.<\/p>\n<p>\u201cPretender tener una zona atractiva, vibrante, inspiradora sino tenemos familias viviendo ah\u00ed representa un reto es una de las cosas que vamos a tener que atender junto con los vecinos y con las autoridades. Lo que estamos buscando es que el campus Monterrey retome el rol como impulsor de desarrollo del Distrito Tec y de la ciudad\u201d, explic\u00f3.<\/p>\n<p>Directivos involucrados en el proyecto precisaron que buscan que todos los vecinos se vean beneficiados en el procesos, \u201cen ning\u00fan momento se est\u00e1n pensando que las grandes inversiones van a venir a impulsar a otros vecinos, entendemos que algunas inversiones probablemente hagan propuestas a los vecinos, los inviten a participar, de hecho queremos crear una mesa de trabajo con los vecinos para aprovechar esa oportunidad para ayudarles a remodelar sus casas\u201d.<\/p>\n<p>Destacaron que se han realizado algunas pruebas piloto con el Infonavit en el Distrito Tec, generando proyectos de remodelaci\u00f3n de casa-habitaci\u00f3n, cuyos resultados estar\u00e1n en breve.<\/p>\n<p>Al respecto, Gaspar Fuentes, parte del equipo involucrado en el Distrito Tec, indic\u00f3 que ha habido acercamientos para ver que esquemas pudieran ofrecerse a los vecinos de la colonia \u201cpara que puedan ellos aprovecharlos y mejorar fachadas de sus casas o hacer remodelaciones, es un apoyo de la Instituci\u00f3n a ver c\u00f3mo podemos conectarlos y puedan aprovechar esas ventajas\u201d.<\/p>\n","protected":false},"excerpt":{"rendered":"<p>El proyecto urban\u00edstico en torno al Tec de Monterrey pretende que m\u00e1s personas habiten en la zona; adem\u00e1s, se preparan programas pilotos del Infonavit para remodelar las viviendas<\/p>\n","protected":false},"author":5,"featured_media":0,"comment_status":"open","ping_status":"closed","sticky":false,"template":"","format":"standard","meta":{"om_disable_all_campaigns":false,"inline_featured_image":false,"_monsterinsights_skip_tracking":false,"_monsterinsights_sitenote_active":false,"_monsterinsights_sitenote_note":"","_monsterinsights_sitenote_category":0,"footnotes":""},"categories":[12],"tags":[1081,6156],"class_list":["post-3715","post","type-post","status-publish","format-standard","hentry","category-vivienda","tag-distrito-tec","tag-urbanismo"],"yoast_head":"<!-- This site is optimized with the Yoast SEO plugin v27.5 - https:\/\/yoast.com\/product\/yoast-seo-wordpress\/ -->\n<title>Distrito Tec busca incrementar la densidad poblacional -<\/title>\n<meta name=\"description\" content=\"El proyecto urban\u00edstico en torno al Tec de Monterrey pretende que m\u00e1s personas habiten en la zona; adem\u00e1s, se preparan programas pilotos del Infonavit\" \/>\n<meta name=\"robots\" content=\"index, follow, max-snippet:-1, max-image-preview:large, max-video-preview:-1\" \/>\n<link rel=\"canonical\" href=\"https:\/\/centrourbano.com\/revista\/vivienda\/distrito-tec-busca-incrementar-la-densidad-poblacional\/\" \/>\n<meta property=\"og:locale\" content=\"es_ES\" \/>\n<meta property=\"og:type\" content=\"article\" \/>\n<meta property=\"og:title\" content=\"Distrito Tec busca incrementar la densidad poblacional -\" \/>\n<meta property=\"og:description\" content=\"El proyecto urban\u00edstico en torno al Tec de Monterrey pretende que m\u00e1s personas habiten en la zona; adem\u00e1s, se preparan programas pilotos del Infonavit\" \/>\n<meta property=\"og:url\" content=\"https:\/\/centrourbano.com\/revista\/vivienda\/distrito-tec-busca-incrementar-la-densidad-poblacional\/\" \/>\n<meta property=\"og:site_name\" content=\"Centro Urbano\" \/>\n<meta property=\"article:publisher\" content=\"https:\/\/www.facebook.com\/portalcentrourbano\" \/>\n<meta property=\"article:published_time\" content=\"2014-02-19T18:04:27+00:00\" \/>\n<meta property=\"article:modified_time\" content=\"2014-03-21T20:31:31+00:00\" \/>\n<meta property=\"og:image\" content=\"https:\/\/centrourbano.com\/revista\/wp-content\/uploads\/CU-logo.png\" \/>\n\t<meta property=\"og:image:width\" content=\"350\" \/>\n\t<meta property=\"og:image:height\" content=\"91\" \/>\n\t<meta property=\"og:image:type\" content=\"image\/png\" \/>\n<meta name=\"author\" content=\"Aura Fuentes\" \/>\n<meta name=\"twitter:card\" content=\"summary_large_image\" \/>\n<meta name=\"twitter:creator\" content=\"@CentroUrbano\" \/>\n<meta name=\"twitter:site\" content=\"@CentroUrbano\" \/>\n<meta name=\"twitter:label1\" content=\"Escrito por\" \/>\n\t<meta name=\"twitter:data1\" content=\"Aura Fuentes\" \/>\n\t<meta name=\"twitter:label2\" content=\"Tiempo de lectura\" \/>\n\t<meta name=\"twitter:data2\" content=\"3 minutos\" \/>\n<script type=\"application\/ld+json\" class=\"yoast-schema-graph\">{\"@context\":\"https:\\\/\\\/schema.org\",\"@graph\":[{\"@type\":\"Article\",\"@id\":\"https:\\\/\\\/centrourbano.com\\\/revista\\\/vivienda\\\/distrito-tec-busca-incrementar-la-densidad-poblacional\\\/#article\",\"isPartOf\":{\"@id\":\"https:\\\/\\\/centrourbano.com\\\/revista\\\/vivienda\\\/distrito-tec-busca-incrementar-la-densidad-poblacional\\\/\"},\"author\":{\"name\":\"Aura Fuentes\",\"@id\":\"https:\\\/\\\/centrourbano.com\\\/revista\\\/#\\\/schema\\\/person\\\/38a5f013f1017893ef1ef0454a94d0a7\"},\"headline\":\"Distrito Tec busca incrementar la densidad poblacional\",\"datePublished\":\"2014-02-19T18:04:27+00:00\",\"dateModified\":\"2014-03-21T20:31:31+00:00\",\"mainEntityOfPage\":{\"@id\":\"https:\\\/\\\/centrourbano.com\\\/revista\\\/vivienda\\\/distrito-tec-busca-incrementar-la-densidad-poblacional\\\/\"},\"wordCount\":527,\"commentCount\":0,\"publisher\":{\"@id\":\"https:\\\/\\\/centrourbano.com\\\/revista\\\/#organization\"},\"keywords\":[\"Distrito Tec\",\"Urbanismo\"],\"articleSection\":[\"Vivienda\"],\"inLanguage\":\"es\",\"potentialAction\":[{\"@type\":\"CommentAction\",\"name\":\"Comment\",\"target\":[\"https:\\\/\\\/centrourbano.com\\\/revista\\\/vivienda\\\/distrito-tec-busca-incrementar-la-densidad-poblacional\\\/#respond\"]}]},{\"@type\":\"WebPage\",\"@id\":\"https:\\\/\\\/centrourbano.com\\\/revista\\\/vivienda\\\/distrito-tec-busca-incrementar-la-densidad-poblacional\\\/\",\"url\":\"https:\\\/\\\/centrourbano.com\\\/revista\\\/vivienda\\\/distrito-tec-busca-incrementar-la-densidad-poblacional\\\/\",\"name\":\"Distrito Tec busca incrementar la densidad poblacional -\",\"isPartOf\":{\"@id\":\"https:\\\/\\\/centrourbano.com\\\/revista\\\/#website\"},\"datePublished\":\"2014-02-19T18:04:27+00:00\",\"dateModified\":\"2014-03-21T20:31:31+00:00\",\"description\":\"El proyecto urban\u00edstico en torno al Tec de Monterrey pretende que m\u00e1s personas habiten en la zona; adem\u00e1s, se preparan programas pilotos del Infonavit\",\"breadcrumb\":{\"@id\":\"https:\\\/\\\/centrourbano.com\\\/revista\\\/vivienda\\\/distrito-tec-busca-incrementar-la-densidad-poblacional\\\/#breadcrumb\"},\"inLanguage\":\"es\",\"potentialAction\":[{\"@type\":\"ReadAction\",\"target\":[\"https:\\\/\\\/centrourbano.com\\\/revista\\\/vivienda\\\/distrito-tec-busca-incrementar-la-densidad-poblacional\\\/\"]}]},{\"@type\":\"BreadcrumbList\",\"@id\":\"https:\\\/\\\/centrourbano.com\\\/revista\\\/vivienda\\\/distrito-tec-busca-incrementar-la-densidad-poblacional\\\/#breadcrumb\",\"itemListElement\":[{\"@type\":\"ListItem\",\"position\":1,\"name\":\"Portada\",\"item\":\"https:\\\/\\\/centrourbano.com\\\/revista\\\/\"},{\"@type\":\"ListItem\",\"position\":2,\"name\":\"Distrito Tec busca incrementar la densidad poblacional\"}]},{\"@type\":\"WebSite\",\"@id\":\"https:\\\/\\\/centrourbano.com\\\/revista\\\/#website\",\"url\":\"https:\\\/\\\/centrourbano.com\\\/revista\\\/\",\"name\":\"Centro Urbano\",\"description\":\"Medio especializado en los sectores vivienda, inmobiliario, construcci\u00f3n, arquitectura y urbanismo.\",\"publisher\":{\"@id\":\"https:\\\/\\\/centrourbano.com\\\/revista\\\/#organization\"},\"potentialAction\":[{\"@type\":\"SearchAction\",\"target\":{\"@type\":\"EntryPoint\",\"urlTemplate\":\"https:\\\/\\\/centrourbano.com\\\/revista\\\/?s={search_term_string}\"},\"query-input\":{\"@type\":\"PropertyValueSpecification\",\"valueRequired\":true,\"valueName\":\"search_term_string\"}}],\"inLanguage\":\"es\"},{\"@type\":\"Organization\",\"@id\":\"https:\\\/\\\/centrourbano.com\\\/revista\\\/#organization\",\"name\":\"Centro Urbano\",\"url\":\"https:\\\/\\\/centrourbano.com\\\/revista\\\/\",\"logo\":{\"@type\":\"ImageObject\",\"inLanguage\":\"es\",\"@id\":\"https:\\\/\\\/centrourbano.com\\\/revista\\\/#\\\/schema\\\/logo\\\/image\\\/\",\"url\":\"https:\\\/\\\/centrourbano.com\\\/revista\\\/wp-content\\\/uploads\\\/web_CU_logo-1.png\",\"contentUrl\":\"https:\\\/\\\/centrourbano.com\\\/revista\\\/wp-content\\\/uploads\\\/web_CU_logo-1.png\",\"width\":350,\"height\":91,\"caption\":\"Centro Urbano\"},\"image\":{\"@id\":\"https:\\\/\\\/centrourbano.com\\\/revista\\\/#\\\/schema\\\/logo\\\/image\\\/\"},\"sameAs\":[\"https:\\\/\\\/www.facebook.com\\\/portalcentrourbano\",\"https:\\\/\\\/x.com\\\/CentroUrbano\",\"https:\\\/\\\/www.instagram.com\\\/centro_urbano\\\/\",\"https:\\\/\\\/www.linkedin.com\\\/company\\\/centro-urbano\\\/\",\"http:\\\/\\\/www.youtube.com\\\/user\\\/portalcentrourbano\"]},{\"@type\":\"Person\",\"@id\":\"https:\\\/\\\/centrourbano.com\\\/revista\\\/#\\\/schema\\\/person\\\/38a5f013f1017893ef1ef0454a94d0a7\",\"name\":\"Aura Fuentes\",\"image\":{\"@type\":\"ImageObject\",\"inLanguage\":\"es\",\"@id\":\"https:\\\/\\\/secure.gravatar.com\\\/avatar\\\/d4d494c7466b3a8e92935aa38a4205c72303f888e06051bec24b2018c769f20a?s=96&d=mm&r=g\",\"url\":\"https:\\\/\\\/secure.gravatar.com\\\/avatar\\\/d4d494c7466b3a8e92935aa38a4205c72303f888e06051bec24b2018c769f20a?s=96&d=mm&r=g\",\"contentUrl\":\"https:\\\/\\\/secure.gravatar.com\\\/avatar\\\/d4d494c7466b3a8e92935aa38a4205c72303f888e06051bec24b2018c769f20a?s=96&d=mm&r=g\",\"caption\":\"Aura Fuentes\"},\"description\":\"Egresada de la carrera de Comunicaci\u00f3n y Periodismo en la FES Arag\u00f3n, UNAM. Aunque se especializ\u00f3 en Televisi\u00f3n prefiere estar detr\u00e1s de una computadora haciendo lo que m\u00e1s le gusta: escribir. Su mayor experiencia como profesionista la obtuvo en Diario de M\u00e9xico Edici\u00f3n USA, donde fungi\u00f3 como coordinadora editorial. Siempre perfeccionista y responsable, ahora se desempe\u00f1a como Editora en Jefe dentro de Centro Urbano.\",\"sameAs\":[\"http:\\\/\\\/@Aura_CU\"],\"url\":\"https:\\\/\\\/centrourbano.com\\\/revista\\\/author\\\/aura-fuentes\\\/\"}]}<\/script>\n<!-- \/ Yoast SEO plugin. -->","yoast_head_json":{"title":"Distrito Tec busca incrementar la densidad poblacional -","description":"El proyecto urban\u00edstico en torno al Tec de Monterrey pretende que m\u00e1s personas habiten en la zona; adem\u00e1s, se preparan programas pilotos del Infonavit","robots":{"index":"index","follow":"follow","max-snippet":"max-snippet:-1","max-image-preview":"max-image-preview:large","max-video-preview":"max-video-preview:-1"},"canonical":"https:\/\/centrourbano.com\/revista\/vivienda\/distrito-tec-busca-incrementar-la-densidad-poblacional\/","og_locale":"es_ES","og_type":"article","og_title":"Distrito Tec busca incrementar la densidad poblacional -","og_description":"El proyecto urban\u00edstico en torno al Tec de Monterrey pretende que m\u00e1s personas habiten en la zona; adem\u00e1s, se preparan programas pilotos del Infonavit","og_url":"https:\/\/centrourbano.com\/revista\/vivienda\/distrito-tec-busca-incrementar-la-densidad-poblacional\/","og_site_name":"Centro Urbano","article_publisher":"https:\/\/www.facebook.com\/portalcentrourbano","article_published_time":"2014-02-19T18:04:27+00:00","article_modified_time":"2014-03-21T20:31:31+00:00","og_image":[{"width":350,"height":91,"url":"https:\/\/centrourbano.com\/revista\/wp-content\/uploads\/CU-logo.png","type":"image\/png"}],"author":"Aura Fuentes","twitter_card":"summary_large_image","twitter_creator":"@CentroUrbano","twitter_site":"@CentroUrbano","twitter_misc":{"Escrito por":"Aura Fuentes","Tiempo de lectura":"3 minutos"},"schema":{"@context":"https:\/\/schema.org","@graph":[{"@type":"Article","@id":"https:\/\/centrourbano.com\/revista\/vivienda\/distrito-tec-busca-incrementar-la-densidad-poblacional\/#article","isPartOf":{"@id":"https:\/\/centrourbano.com\/revista\/vivienda\/distrito-tec-busca-incrementar-la-densidad-poblacional\/"},"author":{"name":"Aura Fuentes","@id":"https:\/\/centrourbano.com\/revista\/#\/schema\/person\/38a5f013f1017893ef1ef0454a94d0a7"},"headline":"Distrito Tec busca incrementar la densidad poblacional","datePublished":"2014-02-19T18:04:27+00:00","dateModified":"2014-03-21T20:31:31+00:00","mainEntityOfPage":{"@id":"https:\/\/centrourbano.com\/revista\/vivienda\/distrito-tec-busca-incrementar-la-densidad-poblacional\/"},"wordCount":527,"commentCount":0,"publisher":{"@id":"https:\/\/centrourbano.com\/revista\/#organization"},"keywords":["Distrito Tec","Urbanismo"],"articleSection":["Vivienda"],"inLanguage":"es","potentialAction":[{"@type":"CommentAction","name":"Comment","target":["https:\/\/centrourbano.com\/revista\/vivienda\/distrito-tec-busca-incrementar-la-densidad-poblacional\/#respond"]}]},{"@type":"WebPage","@id":"https:\/\/centrourbano.com\/revista\/vivienda\/distrito-tec-busca-incrementar-la-densidad-poblacional\/","url":"https:\/\/centrourbano.com\/revista\/vivienda\/distrito-tec-busca-incrementar-la-densidad-poblacional\/","name":"Distrito Tec busca incrementar la densidad poblacional -","isPartOf":{"@id":"https:\/\/centrourbano.com\/revista\/#website"},"datePublished":"2014-02-19T18:04:27+00:00","dateModified":"2014-03-21T20:31:31+00:00","description":"El proyecto urban\u00edstico en torno al Tec de Monterrey pretende que m\u00e1s personas habiten en la zona; adem\u00e1s, se preparan programas pilotos del Infonavit","breadcrumb":{"@id":"https:\/\/centrourbano.com\/revista\/vivienda\/distrito-tec-busca-incrementar-la-densidad-poblacional\/#breadcrumb"},"inLanguage":"es","potentialAction":[{"@type":"ReadAction","target":["https:\/\/centrourbano.com\/revista\/vivienda\/distrito-tec-busca-incrementar-la-densidad-poblacional\/"]}]},{"@type":"BreadcrumbList","@id":"https:\/\/centrourbano.com\/revista\/vivienda\/distrito-tec-busca-incrementar-la-densidad-poblacional\/#breadcrumb","itemListElement":[{"@type":"ListItem","position":1,"name":"Portada","item":"https:\/\/centrourbano.com\/revista\/"},{"@type":"ListItem","position":2,"name":"Distrito Tec busca incrementar la densidad poblacional"}]},{"@type":"WebSite","@id":"https:\/\/centrourbano.com\/revista\/#website","url":"https:\/\/centrourbano.com\/revista\/","name":"Centro Urbano","description":"Medio especializado en los sectores vivienda, inmobiliario, construcci\u00f3n, arquitectura y urbanismo.","publisher":{"@id":"https:\/\/centrourbano.com\/revista\/#organization"},"potentialAction":[{"@type":"SearchAction","target":{"@type":"EntryPoint","urlTemplate":"https:\/\/centrourbano.com\/revista\/?s={search_term_string}"},"query-input":{"@type":"PropertyValueSpecification","valueRequired":true,"valueName":"search_term_string"}}],"inLanguage":"es"},{"@type":"Organization","@id":"https:\/\/centrourbano.com\/revista\/#organization","name":"Centro Urbano","url":"https:\/\/centrourbano.com\/revista\/","logo":{"@type":"ImageObject","inLanguage":"es","@id":"https:\/\/centrourbano.com\/revista\/#\/schema\/logo\/image\/","url":"https:\/\/centrourbano.com\/revista\/wp-content\/uploads\/web_CU_logo-1.png","contentUrl":"https:\/\/centrourbano.com\/revista\/wp-content\/uploads\/web_CU_logo-1.png","width":350,"height":91,"caption":"Centro Urbano"},"image":{"@id":"https:\/\/centrourbano.com\/revista\/#\/schema\/logo\/image\/"},"sameAs":["https:\/\/www.facebook.com\/portalcentrourbano","https:\/\/x.com\/CentroUrbano","https:\/\/www.instagram.com\/centro_urbano\/","https:\/\/www.linkedin.com\/company\/centro-urbano\/","http:\/\/www.youtube.com\/user\/portalcentrourbano"]},{"@type":"Person","@id":"https:\/\/centrourbano.com\/revista\/#\/schema\/person\/38a5f013f1017893ef1ef0454a94d0a7","name":"Aura Fuentes","image":{"@type":"ImageObject","inLanguage":"es","@id":"https:\/\/secure.gravatar.com\/avatar\/d4d494c7466b3a8e92935aa38a4205c72303f888e06051bec24b2018c769f20a?s=96&d=mm&r=g","url":"https:\/\/secure.gravatar.com\/avatar\/d4d494c7466b3a8e92935aa38a4205c72303f888e06051bec24b2018c769f20a?s=96&d=mm&r=g","contentUrl":"https:\/\/secure.gravatar.com\/avatar\/d4d494c7466b3a8e92935aa38a4205c72303f888e06051bec24b2018c769f20a?s=96&d=mm&r=g","caption":"Aura Fuentes"},"description":"Egresada de la carrera de Comunicaci\u00f3n y Periodismo en la FES Arag\u00f3n, UNAM. Aunque se especializ\u00f3 en Televisi\u00f3n prefiere estar detr\u00e1s de una computadora haciendo lo que m\u00e1s le gusta: escribir. Su mayor experiencia como profesionista la obtuvo en Diario de M\u00e9xico Edici\u00f3n USA, donde fungi\u00f3 como coordinadora editorial. Siempre perfeccionista y responsable, ahora se desempe\u00f1a como Editora en Jefe dentro de Centro Urbano.","sameAs":["http:\/\/@Aura_CU"],"url":"https:\/\/centrourbano.com\/revista\/author\/aura-fuentes\/"}]}},"_links":{"self":[{"href":"https:\/\/centrourbano.com\/revista\/wp-json\/wp\/v2\/posts\/3715","targetHints":{"allow":["GET"]}}],"collection":[{"href":"https:\/\/centrourbano.com\/revista\/wp-json\/wp\/v2\/posts"}],"about":[{"href":"https:\/\/centrourbano.com\/revista\/wp-json\/wp\/v2\/types\/post"}],"author":[{"embeddable":true,"href":"https:\/\/centrourbano.com\/revista\/wp-json\/wp\/v2\/users\/5"}],"replies":[{"embeddable":true,"href":"https:\/\/centrourbano.com\/revista\/wp-json\/wp\/v2\/comments?post=3715"}],"version-history":[{"count":0,"href":"https:\/\/centrourbano.com\/revista\/wp-json\/wp\/v2\/posts\/3715\/revisions"}],"wp:attachment":[{"href":"https:\/\/centrourbano.com\/revista\/wp-json\/wp\/v2\/media?parent=3715"}],"wp:term":[{"taxonomy":"category","embeddable":true,"href":"https:\/\/centrourbano.com\/revista\/wp-json\/wp\/v2\/categories?post=3715"},{"taxonomy":"post_tag","embeddable":true,"href":"https:\/\/centrourbano.com\/revista\/wp-json\/wp\/v2\/tags?post=3715"}],"curies":[{"name":"wp","href":"https:\/\/api.w.org\/{rel}","templated":true}]}}