{"id":37108,"date":"2016-07-11T09:00:22","date_gmt":"2016-07-11T14:00:22","guid":{"rendered":"https:\/\/centrourbano.com\/?p=37108"},"modified":"2016-07-08T17:46:45","modified_gmt":"2016-07-08T22:46:45","slug":"inicia-grupo-sadasi-desarrollo-estado-mexico","status":"publish","type":"post","link":"https:\/\/centrourbano.com\/revista\/vivienda\/inicia-grupo-sadasi-desarrollo-estado-mexico\/","title":{"rendered":"Inicia Grupo Sadasi desarrollo en el Estado de M\u00e9xico"},"content":{"rendered":"<p><em>El  proyecto Bosques de los H\u00e9roes contempla 2,427 viviendas ubicadas en el municipio de Tec\u00e1mac<\/em><\/p>\n<p>El presidente municipal de Tec\u00e1mac, Aar\u00f3n Urbina Bedolla, y el subsecretario de Agua y Obra P\u00fablica del Gobierno del Estado de M\u00e9xico, Arturo Lugo Pe\u00f1a, fueron testigos del arranque del nuevo proyecto habitacional \u201cBosques de los H\u00e9roes\u201d de Grupo Sadasi, donde se iniciaron las obras de edificaci\u00f3n y urbanizaci\u00f3n.<\/p>\n<p>Con m\u00e1s de 30 mil metros cuadrados de desarrollo, los cuales comprender\u00e1n Jard\u00edn de Ni\u00f1os, Primaria y Secundaria, adem\u00e1s de espacios deportivos y jardines vecinales, las viviendas podr\u00e1n ser adquiridas por medio de Infonavit, Fovissste, cr\u00e9ditos bancarios, as\u00ed como los otorgados por Banj\u00e9rcito e ISSSFAM, entre otros.<\/p>\n<p>Al evento asistieron la diputada federal, Roc\u00edo D\u00edaz, la presidenta del Sistema Municipal DIF Tec\u00e1mac, Lili Urbina Salazar, as\u00ed como funcionarios de la Secretar\u00eda de Gobierno, como Ra\u00fal Falc\u00f3n Arce, presidente de la Junta de Conciliaci\u00f3n y Arbitraje del Valle Cuautitl\u00e1n-Texcoco, y funcionarios de Grupo Sadasi. El proyecto contempla espacios abiertos y jardines que en total complementan los m\u00e1s de 30 mil metros cuadrados de equipamiento para el beneficio de las familias.<\/p>\n<p>Bosques de Los H\u00e9roes forma parte del plan maestro del Conjunto Urbano Los H\u00e9roes Tec\u00e1mac, y como en todos los proyectos de Sadasi, contar\u00e1 con una moderna estructura hidr\u00e1ulica que permitir\u00e1 la capacitaci\u00f3n de agua de lluvia, as\u00ed como un r\u00e1pido acceso a transporte p\u00fablico y zonas comerciales.<\/p>\n<p>La empresa Grupo Sadasi, que cuenta con 40 a\u00f1os de experiencia en el desarrollo de conjuntos habitacionales, anunci\u00f3 que Bosques de los H\u00e9roes contribuir\u00e1 a la generaci\u00f3n y conservaci\u00f3n de 4 mil empleos anuales en los pr\u00f3ximos 3 a\u00f1os. <\/p>\n","protected":false},"excerpt":{"rendered":"<p>El proyecto Bosques de los H\u00e9roes contempla 2,427 viviendas ubicadas en el municipio de Tec\u00e1mac El presidente municipal de Tec\u00e1mac, Aar\u00f3n Urbina Bedolla, y el subsecretario de Agua y Obra P\u00fablica del Gobierno del Estado de M\u00e9xico, Arturo Lugo Pe\u00f1a, fueron testigos del arranque del nuevo proyecto habitacional \u201cBosques de los H\u00e9roes\u201d de Grupo Sadasi, [&hellip;]<\/p>\n","protected":false},"author":42,"featured_media":37113,"comment_status":"open","ping_status":"closed","sticky":false,"template":"","format":"standard","meta":{"om_disable_all_campaigns":false,"inline_featured_image":false,"_monsterinsights_skip_tracking":false,"_monsterinsights_sitenote_active":false,"_monsterinsights_sitenote_note":"","_monsterinsights_sitenote_category":0,"footnotes":""},"categories":[12],"tags":[8218,410],"class_list":["post-37108","post","type-post","status-publish","format-standard","has-post-thumbnail","hentry","category-vivienda","tag-bosques-de-los-heroes","tag-sadasi"],"yoast_head":"<!-- This site is optimized with the Yoast SEO plugin v27.5 - https:\/\/yoast.com\/product\/yoast-seo-wordpress\/ -->\n<title>Inicia Grupo Sadasi desarrollo en el Estado de M\u00e9xico -<\/title>\n<meta name=\"description\" content=\"El presidente municipal de Tec\u00e1mac, Aar\u00f3n Urbina Bedolla, y el subsecretario de Agua y Obra P\u00fablica del Gobierno del Estado de M\u00e9xico, Arturo Lugo Pe\u00f1a, fueron testigos del arranque del nuevo proyecto habitacional \u201cBosques de los H\u00e9roes\u201d de Grupo Sadasi, donde se iniciaron las obras de edificaci\u00f3n y urbanizaci\u00f3n.\" \/>\n<meta name=\"robots\" content=\"index, follow, max-snippet:-1, max-image-preview:large, max-video-preview:-1\" \/>\n<link rel=\"canonical\" href=\"https:\/\/centrourbano.com\/revista\/vivienda\/inicia-grupo-sadasi-desarrollo-estado-mexico\/\" \/>\n<meta property=\"og:locale\" content=\"es_ES\" \/>\n<meta property=\"og:type\" content=\"article\" \/>\n<meta property=\"og:title\" content=\"Inicia Grupo Sadasi desarrollo en el Estado de M\u00e9xico -\" \/>\n<meta property=\"og:description\" content=\"El presidente municipal de Tec\u00e1mac, Aar\u00f3n Urbina Bedolla, y el subsecretario de Agua y Obra P\u00fablica del Gobierno del Estado de M\u00e9xico, Arturo Lugo Pe\u00f1a, fueron testigos del arranque del nuevo proyecto habitacional \u201cBosques de los H\u00e9roes\u201d de Grupo Sadasi, donde se iniciaron las obras de edificaci\u00f3n y urbanizaci\u00f3n.\" \/>\n<meta property=\"og:url\" content=\"https:\/\/centrourbano.com\/revista\/vivienda\/inicia-grupo-sadasi-desarrollo-estado-mexico\/\" \/>\n<meta property=\"og:site_name\" content=\"Centro Urbano\" \/>\n<meta property=\"article:publisher\" content=\"https:\/\/www.facebook.com\/portalcentrourbano\" \/>\n<meta property=\"article:published_time\" content=\"2016-07-11T14:00:22+00:00\" \/>\n<meta property=\"og:image\" content=\"https:\/\/centrourbano.com\/revista\/wp-content\/uploads\/Sadasi-1.jpe\" \/>\n\t<meta property=\"og:image:width\" content=\"1021\" \/>\n\t<meta property=\"og:image:height\" content=\"679\" \/>\n\t<meta property=\"og:image:type\" content=\"image\/jpeg\" \/>\n<meta name=\"author\" content=\"Priscila D\u00edaz\" \/>\n<meta name=\"twitter:card\" content=\"summary_large_image\" \/>\n<meta name=\"twitter:creator\" content=\"@CentroUrbano\" \/>\n<meta name=\"twitter:site\" content=\"@CentroUrbano\" \/>\n<meta name=\"twitter:label1\" content=\"Escrito por\" \/>\n\t<meta name=\"twitter:data1\" content=\"Priscila D\u00edaz\" \/>\n\t<meta name=\"twitter:label2\" content=\"Tiempo de lectura\" \/>\n\t<meta name=\"twitter:data2\" content=\"2 minutos\" \/>\n<script type=\"application\/ld+json\" class=\"yoast-schema-graph\">{\"@context\":\"https:\\\/\\\/schema.org\",\"@graph\":[{\"@type\":\"Article\",\"@id\":\"https:\\\/\\\/centrourbano.com\\\/revista\\\/vivienda\\\/inicia-grupo-sadasi-desarrollo-estado-mexico\\\/#article\",\"isPartOf\":{\"@id\":\"https:\\\/\\\/centrourbano.com\\\/revista\\\/vivienda\\\/inicia-grupo-sadasi-desarrollo-estado-mexico\\\/\"},\"author\":{\"name\":\"Priscila D\u00edaz\",\"@id\":\"https:\\\/\\\/centrourbano.com\\\/revista\\\/#\\\/schema\\\/person\\\/97e0e5e1f84fc331e58993c6cb96c1ea\"},\"headline\":\"Inicia Grupo Sadasi desarrollo en el Estado de M\u00e9xico\",\"datePublished\":\"2016-07-11T14:00:22+00:00\",\"mainEntityOfPage\":{\"@id\":\"https:\\\/\\\/centrourbano.com\\\/revista\\\/vivienda\\\/inicia-grupo-sadasi-desarrollo-estado-mexico\\\/\"},\"wordCount\":314,\"commentCount\":0,\"publisher\":{\"@id\":\"https:\\\/\\\/centrourbano.com\\\/revista\\\/#organization\"},\"image\":{\"@id\":\"https:\\\/\\\/centrourbano.com\\\/revista\\\/vivienda\\\/inicia-grupo-sadasi-desarrollo-estado-mexico\\\/#primaryimage\"},\"thumbnailUrl\":\"https:\\\/\\\/centrourbano.com\\\/revista\\\/wp-content\\\/uploads\\\/Sadasi-1.jpe\",\"keywords\":[\"Bosques de los H\u00e9roes\",\"Sadasi\"],\"articleSection\":[\"Vivienda\"],\"inLanguage\":\"es\",\"potentialAction\":[{\"@type\":\"CommentAction\",\"name\":\"Comment\",\"target\":[\"https:\\\/\\\/centrourbano.com\\\/revista\\\/vivienda\\\/inicia-grupo-sadasi-desarrollo-estado-mexico\\\/#respond\"]}]},{\"@type\":\"WebPage\",\"@id\":\"https:\\\/\\\/centrourbano.com\\\/revista\\\/vivienda\\\/inicia-grupo-sadasi-desarrollo-estado-mexico\\\/\",\"url\":\"https:\\\/\\\/centrourbano.com\\\/revista\\\/vivienda\\\/inicia-grupo-sadasi-desarrollo-estado-mexico\\\/\",\"name\":\"Inicia Grupo Sadasi desarrollo en el Estado de M\u00e9xico -\",\"isPartOf\":{\"@id\":\"https:\\\/\\\/centrourbano.com\\\/revista\\\/#website\"},\"primaryImageOfPage\":{\"@id\":\"https:\\\/\\\/centrourbano.com\\\/revista\\\/vivienda\\\/inicia-grupo-sadasi-desarrollo-estado-mexico\\\/#primaryimage\"},\"image\":{\"@id\":\"https:\\\/\\\/centrourbano.com\\\/revista\\\/vivienda\\\/inicia-grupo-sadasi-desarrollo-estado-mexico\\\/#primaryimage\"},\"thumbnailUrl\":\"https:\\\/\\\/centrourbano.com\\\/revista\\\/wp-content\\\/uploads\\\/Sadasi-1.jpe\",\"datePublished\":\"2016-07-11T14:00:22+00:00\",\"description\":\"El presidente municipal de Tec\u00e1mac, Aar\u00f3n Urbina Bedolla, y el subsecretario de Agua y Obra P\u00fablica del Gobierno del Estado de M\u00e9xico, Arturo Lugo Pe\u00f1a, fueron testigos del arranque del nuevo proyecto habitacional \u201cBosques de los H\u00e9roes\u201d de Grupo Sadasi, donde se iniciaron las obras de edificaci\u00f3n y urbanizaci\u00f3n.\",\"breadcrumb\":{\"@id\":\"https:\\\/\\\/centrourbano.com\\\/revista\\\/vivienda\\\/inicia-grupo-sadasi-desarrollo-estado-mexico\\\/#breadcrumb\"},\"inLanguage\":\"es\",\"potentialAction\":[{\"@type\":\"ReadAction\",\"target\":[\"https:\\\/\\\/centrourbano.com\\\/revista\\\/vivienda\\\/inicia-grupo-sadasi-desarrollo-estado-mexico\\\/\"]}]},{\"@type\":\"ImageObject\",\"inLanguage\":\"es\",\"@id\":\"https:\\\/\\\/centrourbano.com\\\/revista\\\/vivienda\\\/inicia-grupo-sadasi-desarrollo-estado-mexico\\\/#primaryimage\",\"url\":\"https:\\\/\\\/centrourbano.com\\\/revista\\\/wp-content\\\/uploads\\\/Sadasi-1.jpe\",\"contentUrl\":\"https:\\\/\\\/centrourbano.com\\\/revista\\\/wp-content\\\/uploads\\\/Sadasi-1.jpe\",\"width\":1021,\"height\":679,\"caption\":\"El proyecto Bosques de los H\u00e9roes contempla 2,427 viviendas ubicadas en el municipio de Tec\u00e1mac\"},{\"@type\":\"BreadcrumbList\",\"@id\":\"https:\\\/\\\/centrourbano.com\\\/revista\\\/vivienda\\\/inicia-grupo-sadasi-desarrollo-estado-mexico\\\/#breadcrumb\",\"itemListElement\":[{\"@type\":\"ListItem\",\"position\":1,\"name\":\"Portada\",\"item\":\"https:\\\/\\\/centrourbano.com\\\/revista\\\/\"},{\"@type\":\"ListItem\",\"position\":2,\"name\":\"Inicia Grupo Sadasi desarrollo en el Estado de M\u00e9xico\"}]},{\"@type\":\"WebSite\",\"@id\":\"https:\\\/\\\/centrourbano.com\\\/revista\\\/#website\",\"url\":\"https:\\\/\\\/centrourbano.com\\\/revista\\\/\",\"name\":\"Centro Urbano\",\"description\":\"Medio especializado en los sectores vivienda, inmobiliario, construcci\u00f3n, arquitectura y urbanismo.\",\"publisher\":{\"@id\":\"https:\\\/\\\/centrourbano.com\\\/revista\\\/#organization\"},\"potentialAction\":[{\"@type\":\"SearchAction\",\"target\":{\"@type\":\"EntryPoint\",\"urlTemplate\":\"https:\\\/\\\/centrourbano.com\\\/revista\\\/?s={search_term_string}\"},\"query-input\":{\"@type\":\"PropertyValueSpecification\",\"valueRequired\":true,\"valueName\":\"search_term_string\"}}],\"inLanguage\":\"es\"},{\"@type\":\"Organization\",\"@id\":\"https:\\\/\\\/centrourbano.com\\\/revista\\\/#organization\",\"name\":\"Centro Urbano\",\"url\":\"https:\\\/\\\/centrourbano.com\\\/revista\\\/\",\"logo\":{\"@type\":\"ImageObject\",\"inLanguage\":\"es\",\"@id\":\"https:\\\/\\\/centrourbano.com\\\/revista\\\/#\\\/schema\\\/logo\\\/image\\\/\",\"url\":\"https:\\\/\\\/centrourbano.com\\\/revista\\\/wp-content\\\/uploads\\\/web_CU_logo-1.png\",\"contentUrl\":\"https:\\\/\\\/centrourbano.com\\\/revista\\\/wp-content\\\/uploads\\\/web_CU_logo-1.png\",\"width\":350,\"height\":91,\"caption\":\"Centro Urbano\"},\"image\":{\"@id\":\"https:\\\/\\\/centrourbano.com\\\/revista\\\/#\\\/schema\\\/logo\\\/image\\\/\"},\"sameAs\":[\"https:\\\/\\\/www.facebook.com\\\/portalcentrourbano\",\"https:\\\/\\\/x.com\\\/CentroUrbano\",\"https:\\\/\\\/www.instagram.com\\\/centro_urbano\\\/\",\"https:\\\/\\\/www.linkedin.com\\\/company\\\/centro-urbano\\\/\",\"http:\\\/\\\/www.youtube.com\\\/user\\\/portalcentrourbano\"]},{\"@type\":\"Person\",\"@id\":\"https:\\\/\\\/centrourbano.com\\\/revista\\\/#\\\/schema\\\/person\\\/97e0e5e1f84fc331e58993c6cb96c1ea\",\"name\":\"Priscila D\u00edaz\",\"image\":{\"@type\":\"ImageObject\",\"inLanguage\":\"es\",\"@id\":\"https:\\\/\\\/secure.gravatar.com\\\/avatar\\\/bf28a62a51d45b542a0c3fe4c31a60c3887b5037867f58a6225cbf7479b56636?s=96&d=mm&r=g\",\"url\":\"https:\\\/\\\/secure.gravatar.com\\\/avatar\\\/bf28a62a51d45b542a0c3fe4c31a60c3887b5037867f58a6225cbf7479b56636?s=96&d=mm&r=g\",\"contentUrl\":\"https:\\\/\\\/secure.gravatar.com\\\/avatar\\\/bf28a62a51d45b542a0c3fe4c31a60c3887b5037867f58a6225cbf7479b56636?s=96&d=mm&r=g\",\"caption\":\"Priscila D\u00edaz\"},\"url\":\"https:\\\/\\\/centrourbano.com\\\/revista\\\/author\\\/priscila-diaz\\\/\"}]}<\/script>\n<!-- \/ Yoast SEO plugin. -->","yoast_head_json":{"title":"Inicia Grupo Sadasi desarrollo en el Estado de M\u00e9xico -","description":"El presidente municipal de Tec\u00e1mac, Aar\u00f3n Urbina Bedolla, y el subsecretario de Agua y Obra P\u00fablica del Gobierno del Estado de M\u00e9xico, Arturo Lugo Pe\u00f1a, fueron testigos del arranque del nuevo proyecto habitacional \u201cBosques de los H\u00e9roes\u201d de Grupo Sadasi, donde se iniciaron las obras de edificaci\u00f3n y urbanizaci\u00f3n.","robots":{"index":"index","follow":"follow","max-snippet":"max-snippet:-1","max-image-preview":"max-image-preview:large","max-video-preview":"max-video-preview:-1"},"canonical":"https:\/\/centrourbano.com\/revista\/vivienda\/inicia-grupo-sadasi-desarrollo-estado-mexico\/","og_locale":"es_ES","og_type":"article","og_title":"Inicia Grupo Sadasi desarrollo en el Estado de M\u00e9xico -","og_description":"El presidente municipal de Tec\u00e1mac, Aar\u00f3n Urbina Bedolla, y el subsecretario de Agua y Obra P\u00fablica del Gobierno del Estado de M\u00e9xico, Arturo Lugo Pe\u00f1a, fueron testigos del arranque del nuevo proyecto habitacional \u201cBosques de los H\u00e9roes\u201d de Grupo Sadasi, donde se iniciaron las obras de edificaci\u00f3n y urbanizaci\u00f3n.","og_url":"https:\/\/centrourbano.com\/revista\/vivienda\/inicia-grupo-sadasi-desarrollo-estado-mexico\/","og_site_name":"Centro Urbano","article_publisher":"https:\/\/www.facebook.com\/portalcentrourbano","article_published_time":"2016-07-11T14:00:22+00:00","og_image":[{"width":1021,"height":679,"url":"https:\/\/centrourbano.com\/revista\/wp-content\/uploads\/Sadasi-1.jpe","type":"image\/jpeg"}],"author":"Priscila D\u00edaz","twitter_card":"summary_large_image","twitter_creator":"@CentroUrbano","twitter_site":"@CentroUrbano","twitter_misc":{"Escrito por":"Priscila D\u00edaz","Tiempo de lectura":"2 minutos"},"schema":{"@context":"https:\/\/schema.org","@graph":[{"@type":"Article","@id":"https:\/\/centrourbano.com\/revista\/vivienda\/inicia-grupo-sadasi-desarrollo-estado-mexico\/#article","isPartOf":{"@id":"https:\/\/centrourbano.com\/revista\/vivienda\/inicia-grupo-sadasi-desarrollo-estado-mexico\/"},"author":{"name":"Priscila D\u00edaz","@id":"https:\/\/centrourbano.com\/revista\/#\/schema\/person\/97e0e5e1f84fc331e58993c6cb96c1ea"},"headline":"Inicia Grupo Sadasi desarrollo en el Estado de M\u00e9xico","datePublished":"2016-07-11T14:00:22+00:00","mainEntityOfPage":{"@id":"https:\/\/centrourbano.com\/revista\/vivienda\/inicia-grupo-sadasi-desarrollo-estado-mexico\/"},"wordCount":314,"commentCount":0,"publisher":{"@id":"https:\/\/centrourbano.com\/revista\/#organization"},"image":{"@id":"https:\/\/centrourbano.com\/revista\/vivienda\/inicia-grupo-sadasi-desarrollo-estado-mexico\/#primaryimage"},"thumbnailUrl":"https:\/\/centrourbano.com\/revista\/wp-content\/uploads\/Sadasi-1.jpe","keywords":["Bosques de los H\u00e9roes","Sadasi"],"articleSection":["Vivienda"],"inLanguage":"es","potentialAction":[{"@type":"CommentAction","name":"Comment","target":["https:\/\/centrourbano.com\/revista\/vivienda\/inicia-grupo-sadasi-desarrollo-estado-mexico\/#respond"]}]},{"@type":"WebPage","@id":"https:\/\/centrourbano.com\/revista\/vivienda\/inicia-grupo-sadasi-desarrollo-estado-mexico\/","url":"https:\/\/centrourbano.com\/revista\/vivienda\/inicia-grupo-sadasi-desarrollo-estado-mexico\/","name":"Inicia Grupo Sadasi desarrollo en el Estado de M\u00e9xico -","isPartOf":{"@id":"https:\/\/centrourbano.com\/revista\/#website"},"primaryImageOfPage":{"@id":"https:\/\/centrourbano.com\/revista\/vivienda\/inicia-grupo-sadasi-desarrollo-estado-mexico\/#primaryimage"},"image":{"@id":"https:\/\/centrourbano.com\/revista\/vivienda\/inicia-grupo-sadasi-desarrollo-estado-mexico\/#primaryimage"},"thumbnailUrl":"https:\/\/centrourbano.com\/revista\/wp-content\/uploads\/Sadasi-1.jpe","datePublished":"2016-07-11T14:00:22+00:00","description":"El presidente municipal de Tec\u00e1mac, Aar\u00f3n Urbina Bedolla, y el subsecretario de Agua y Obra P\u00fablica del Gobierno del Estado de M\u00e9xico, Arturo Lugo Pe\u00f1a, fueron testigos del arranque del nuevo proyecto habitacional \u201cBosques de los H\u00e9roes\u201d de Grupo Sadasi, donde se iniciaron las obras de edificaci\u00f3n y urbanizaci\u00f3n.","breadcrumb":{"@id":"https:\/\/centrourbano.com\/revista\/vivienda\/inicia-grupo-sadasi-desarrollo-estado-mexico\/#breadcrumb"},"inLanguage":"es","potentialAction":[{"@type":"ReadAction","target":["https:\/\/centrourbano.com\/revista\/vivienda\/inicia-grupo-sadasi-desarrollo-estado-mexico\/"]}]},{"@type":"ImageObject","inLanguage":"es","@id":"https:\/\/centrourbano.com\/revista\/vivienda\/inicia-grupo-sadasi-desarrollo-estado-mexico\/#primaryimage","url":"https:\/\/centrourbano.com\/revista\/wp-content\/uploads\/Sadasi-1.jpe","contentUrl":"https:\/\/centrourbano.com\/revista\/wp-content\/uploads\/Sadasi-1.jpe","width":1021,"height":679,"caption":"El proyecto Bosques de los H\u00e9roes contempla 2,427 viviendas ubicadas en el municipio de Tec\u00e1mac"},{"@type":"BreadcrumbList","@id":"https:\/\/centrourbano.com\/revista\/vivienda\/inicia-grupo-sadasi-desarrollo-estado-mexico\/#breadcrumb","itemListElement":[{"@type":"ListItem","position":1,"name":"Portada","item":"https:\/\/centrourbano.com\/revista\/"},{"@type":"ListItem","position":2,"name":"Inicia Grupo Sadasi desarrollo en el Estado de M\u00e9xico"}]},{"@type":"WebSite","@id":"https:\/\/centrourbano.com\/revista\/#website","url":"https:\/\/centrourbano.com\/revista\/","name":"Centro Urbano","description":"Medio especializado en los sectores vivienda, inmobiliario, construcci\u00f3n, arquitectura y urbanismo.","publisher":{"@id":"https:\/\/centrourbano.com\/revista\/#organization"},"potentialAction":[{"@type":"SearchAction","target":{"@type":"EntryPoint","urlTemplate":"https:\/\/centrourbano.com\/revista\/?s={search_term_string}"},"query-input":{"@type":"PropertyValueSpecification","valueRequired":true,"valueName":"search_term_string"}}],"inLanguage":"es"},{"@type":"Organization","@id":"https:\/\/centrourbano.com\/revista\/#organization","name":"Centro Urbano","url":"https:\/\/centrourbano.com\/revista\/","logo":{"@type":"ImageObject","inLanguage":"es","@id":"https:\/\/centrourbano.com\/revista\/#\/schema\/logo\/image\/","url":"https:\/\/centrourbano.com\/revista\/wp-content\/uploads\/web_CU_logo-1.png","contentUrl":"https:\/\/centrourbano.com\/revista\/wp-content\/uploads\/web_CU_logo-1.png","width":350,"height":91,"caption":"Centro Urbano"},"image":{"@id":"https:\/\/centrourbano.com\/revista\/#\/schema\/logo\/image\/"},"sameAs":["https:\/\/www.facebook.com\/portalcentrourbano","https:\/\/x.com\/CentroUrbano","https:\/\/www.instagram.com\/centro_urbano\/","https:\/\/www.linkedin.com\/company\/centro-urbano\/","http:\/\/www.youtube.com\/user\/portalcentrourbano"]},{"@type":"Person","@id":"https:\/\/centrourbano.com\/revista\/#\/schema\/person\/97e0e5e1f84fc331e58993c6cb96c1ea","name":"Priscila D\u00edaz","image":{"@type":"ImageObject","inLanguage":"es","@id":"https:\/\/secure.gravatar.com\/avatar\/bf28a62a51d45b542a0c3fe4c31a60c3887b5037867f58a6225cbf7479b56636?s=96&d=mm&r=g","url":"https:\/\/secure.gravatar.com\/avatar\/bf28a62a51d45b542a0c3fe4c31a60c3887b5037867f58a6225cbf7479b56636?s=96&d=mm&r=g","contentUrl":"https:\/\/secure.gravatar.com\/avatar\/bf28a62a51d45b542a0c3fe4c31a60c3887b5037867f58a6225cbf7479b56636?s=96&d=mm&r=g","caption":"Priscila D\u00edaz"},"url":"https:\/\/centrourbano.com\/revista\/author\/priscila-diaz\/"}]}},"_links":{"self":[{"href":"https:\/\/centrourbano.com\/revista\/wp-json\/wp\/v2\/posts\/37108","targetHints":{"allow":["GET"]}}],"collection":[{"href":"https:\/\/centrourbano.com\/revista\/wp-json\/wp\/v2\/posts"}],"about":[{"href":"https:\/\/centrourbano.com\/revista\/wp-json\/wp\/v2\/types\/post"}],"author":[{"embeddable":true,"href":"https:\/\/centrourbano.com\/revista\/wp-json\/wp\/v2\/users\/42"}],"replies":[{"embeddable":true,"href":"https:\/\/centrourbano.com\/revista\/wp-json\/wp\/v2\/comments?post=37108"}],"version-history":[{"count":0,"href":"https:\/\/centrourbano.com\/revista\/wp-json\/wp\/v2\/posts\/37108\/revisions"}],"wp:featuredmedia":[{"embeddable":true,"href":"https:\/\/centrourbano.com\/revista\/wp-json\/wp\/v2\/media\/37113"}],"wp:attachment":[{"href":"https:\/\/centrourbano.com\/revista\/wp-json\/wp\/v2\/media?parent=37108"}],"wp:term":[{"taxonomy":"category","embeddable":true,"href":"https:\/\/centrourbano.com\/revista\/wp-json\/wp\/v2\/categories?post=37108"},{"taxonomy":"post_tag","embeddable":true,"href":"https:\/\/centrourbano.com\/revista\/wp-json\/wp\/v2\/tags?post=37108"}],"curies":[{"name":"wp","href":"https:\/\/api.w.org\/{rel}","templated":true}]}}