{"id":37083,"date":"2016-07-08T09:39:00","date_gmt":"2016-07-08T14:39:00","guid":{"rendered":"https:\/\/centrourbano.com\/?p=37083"},"modified":"2016-07-08T09:39:00","modified_gmt":"2016-07-08T14:39:00","slug":"coparmex-cdmx-combatira-corrupcion-padilla","status":"publish","type":"post","link":"https:\/\/centrourbano.com\/revista\/actualidad\/coparmex-cdmx-combatira-corrupcion-padilla\/","title":{"rendered":"COPARMEX CDMX combatir\u00e1 corrupci\u00f3n: Padilla"},"content":{"rendered":"<p><em>Toma protesta Jes\u00fas Padilla como presidente del organismo en la capital<\/em><br \/>\n<!--more-->  <\/p>\n<p>Jes\u00fas Padilla Zenteno tom\u00f3 protesta como presidente de la Confederaci\u00f3n Patronal de la Rep\u00fablica Mexicana (COPARMEX) Ciudad de M\u00e9xico, en donde el empresario asegur\u00f3 que el combate a la corrupci\u00f3n debe ser parte esencial de la nueva cultura empresarial.   <\/p>\n<p>Asimismo, se comprometi\u00f3 a defender la libertad y competitividad del empresariado capitalino, que vaya en la misma ruta que ha planteado el presidente nacional de esa organizaci\u00f3n, Gustavo de Hoyos. <\/p>\n<p>\u00abDebemos transformarnos en beneficio de la ciudad para obtener los mejores resultados. Promover una cultura empresarial con rostro humano, incluyente, plural. Existen muchos retos pendientes para lograr que la Ciudad de M\u00e9xico se convierta en un entorno competitivo y con alto impacto social\u201d, dijo Padilla. <\/p>\n<p>Adem\u00e1s, reconoci\u00f3 la voluntad del gobierno capitalino para que sus funcionarios se sumen a la Ley 3 de 3 y por la creaci\u00f3n del Portal de Contrataciones Abiertas. \u201cAmbos instrumentos abonan a la certeza del sector y a la confianza de los potenciales inversores extranjeros. Buscaremos la construcci\u00f3n de instituciones que generen un gobierno m\u00e1s eficiente y transparente, capaz de rendir cuentas, adem\u00e1s de combatir y sancionar la corrupci\u00f3n con cero tolerancia a las malas pr\u00e1cticas\u201d. <\/p>\n<p>Padilla Zenteno felicit\u00f3 a Jos\u00e9 Luis Beato, anterior presidente de COPARMEX Ciudad de M\u00e9xico, por las bases que construy\u00f3 y hacer \u201cuna organizaci\u00f3n eficaz, promotora de la competitividad empresarial y referencia obligada para los actores sociales, con solidez financiera y patrimonial, comprometida con el desarrollo de la ciudad\u201d. <\/p>\n<p>Gustavo de Hoyos dijo que \u201cel gran reto del pa\u00eds de lograr un desarrollo sostenible, inclusivo, que aterrice en las personas y ayude a subsanar el alto n\u00famero de pobres que hay en M\u00e9xico, comenzando por repensar la pol\u00edtica salarial y los sistemas de pensiones y salud, que siguen como temas pendientes para millones de mexicanos\u201d.<\/p>\n<p>Finalmente, el jefe de Gobierno, Miguel \u00c1ngel Mancera, convoc\u00f3 a los empresarios a trabajar con las autoridades para construir una ciudad m\u00e1s competitiva y donde el estado de derecho sea una realidad. <\/p>\n<p>\u00abEstaremos atentos a escuchar, construir, edificar mejores escenarios para los empresarios de la ciudad y tambi\u00e9n de la Zona Metropolitana. Porque lo he dicho ya en muchos foros, a veces las fronteras quedan ya bastante diluidas\u00bb. <\/p>\n<p>Y reconoci\u00f3 que la movilidad y el desarrollo urbano son temas pendientes en la Ciudad de M\u00e9xico que deben resolverse para que la capital sea m\u00e1s atractiva; as\u00ed tambi\u00e9n se comprometi\u00f3 a promover mayores incentivos fiscales y generar nuevos instrumentos para fomentar la formalidad.<\/p>\n","protected":false},"excerpt":{"rendered":"<p>Toma protesta Jes\u00fas Padilla como presidente del organismo en la capital<\/p>\n","protected":false},"author":37,"featured_media":37084,"comment_status":"open","ping_status":"closed","sticky":false,"template":"","format":"standard","meta":{"om_disable_all_campaigns":false,"inline_featured_image":false,"_monsterinsights_skip_tracking":false,"_monsterinsights_sitenote_active":false,"_monsterinsights_sitenote_note":"","_monsterinsights_sitenote_category":0,"footnotes":""},"categories":[80],"tags":[],"class_list":["post-37083","post","type-post","status-publish","format-standard","has-post-thumbnail","hentry","category-actualidad"],"yoast_head":"<!-- This site is optimized with the Yoast SEO plugin v27.4 - https:\/\/yoast.com\/product\/yoast-seo-wordpress\/ -->\n<title>COPARMEX CDMX combatir\u00e1 corrupci\u00f3n: Padilla -<\/title>\n<meta name=\"description\" content=\"Jes\u00fas Padilla Zenteno tom\u00f3 protesta como presidente de la Confederaci\u00f3n Patronal de la Rep\u00fablica Mexicana (COPARMEX) Ciudad de M\u00e9xico, en donde el empresario asegur\u00f3 que el combate a la corrupci\u00f3n debe ser parte esencial de la nueva cultura empresarial.\" \/>\n<meta name=\"robots\" content=\"index, follow, max-snippet:-1, max-image-preview:large, max-video-preview:-1\" \/>\n<link rel=\"canonical\" href=\"https:\/\/centrourbano.com\/revista\/actualidad\/coparmex-cdmx-combatira-corrupcion-padilla\/\" \/>\n<meta property=\"og:locale\" content=\"es_ES\" \/>\n<meta property=\"og:type\" content=\"article\" \/>\n<meta property=\"og:title\" content=\"COPARMEX CDMX combatir\u00e1 corrupci\u00f3n: Padilla -\" \/>\n<meta property=\"og:description\" content=\"Jes\u00fas Padilla Zenteno tom\u00f3 protesta como presidente de la Confederaci\u00f3n Patronal de la Rep\u00fablica Mexicana (COPARMEX) Ciudad de M\u00e9xico, en donde el empresario asegur\u00f3 que el combate a la corrupci\u00f3n debe ser parte esencial de la nueva cultura empresarial.\" \/>\n<meta property=\"og:url\" content=\"https:\/\/centrourbano.com\/revista\/actualidad\/coparmex-cdmx-combatira-corrupcion-padilla\/\" \/>\n<meta property=\"og:site_name\" content=\"Centro Urbano\" \/>\n<meta property=\"article:publisher\" content=\"https:\/\/www.facebook.com\/portalcentrourbano\" \/>\n<meta property=\"article:published_time\" content=\"2016-07-08T14:39:00+00:00\" \/>\n<meta property=\"og:image\" content=\"https:\/\/centrourbano.com\/revista\/wp-content\/uploads\/070716-FOTO-MIGUEL-\u00c1NGEL-MANCERA-TOMA-DE-COMPROMISO-CONSEJO-DIRECTIVO-2016-2018-COPARMEX-3.jpg\" \/>\n\t<meta property=\"og:image:width\" content=\"1000\" \/>\n\t<meta property=\"og:image:height\" content=\"667\" \/>\n\t<meta property=\"og:image:type\" content=\"image\/jpeg\" \/>\n<meta name=\"author\" content=\"Diego Rodr\u00edguez\" \/>\n<meta name=\"twitter:card\" content=\"summary_large_image\" \/>\n<meta name=\"twitter:creator\" content=\"@CentroUrbano\" \/>\n<meta name=\"twitter:site\" content=\"@CentroUrbano\" \/>\n<meta name=\"twitter:label1\" content=\"Escrito por\" \/>\n\t<meta name=\"twitter:data1\" content=\"Diego Rodr\u00edguez\" \/>\n\t<meta name=\"twitter:label2\" content=\"Tiempo de lectura\" \/>\n\t<meta name=\"twitter:data2\" content=\"2 minutos\" \/>\n<script type=\"application\/ld+json\" class=\"yoast-schema-graph\">{\"@context\":\"https:\\\/\\\/schema.org\",\"@graph\":[{\"@type\":\"Article\",\"@id\":\"https:\\\/\\\/centrourbano.com\\\/revista\\\/actualidad\\\/coparmex-cdmx-combatira-corrupcion-padilla\\\/#article\",\"isPartOf\":{\"@id\":\"https:\\\/\\\/centrourbano.com\\\/revista\\\/actualidad\\\/coparmex-cdmx-combatira-corrupcion-padilla\\\/\"},\"author\":{\"name\":\"Diego Rodr\u00edguez\",\"@id\":\"https:\\\/\\\/centrourbano.com\\\/revista\\\/#\\\/schema\\\/person\\\/b50192a3cd0e680841b45dc537f53970\"},\"headline\":\"COPARMEX CDMX combatir\u00e1 corrupci\u00f3n: Padilla\",\"datePublished\":\"2016-07-08T14:39:00+00:00\",\"mainEntityOfPage\":{\"@id\":\"https:\\\/\\\/centrourbano.com\\\/revista\\\/actualidad\\\/coparmex-cdmx-combatira-corrupcion-padilla\\\/\"},\"wordCount\":447,\"commentCount\":0,\"publisher\":{\"@id\":\"https:\\\/\\\/centrourbano.com\\\/revista\\\/#organization\"},\"image\":{\"@id\":\"https:\\\/\\\/centrourbano.com\\\/revista\\\/actualidad\\\/coparmex-cdmx-combatira-corrupcion-padilla\\\/#primaryimage\"},\"thumbnailUrl\":\"https:\\\/\\\/centrourbano.com\\\/revista\\\/wp-content\\\/uploads\\\/070716-FOTO-MIGUEL-\u00c1NGEL-MANCERA-TOMA-DE-COMPROMISO-CONSEJO-DIRECTIVO-2016-2018-COPARMEX-3.jpg\",\"articleSection\":[\"Actualidad\"],\"inLanguage\":\"es\",\"potentialAction\":[{\"@type\":\"CommentAction\",\"name\":\"Comment\",\"target\":[\"https:\\\/\\\/centrourbano.com\\\/revista\\\/actualidad\\\/coparmex-cdmx-combatira-corrupcion-padilla\\\/#respond\"]}]},{\"@type\":\"WebPage\",\"@id\":\"https:\\\/\\\/centrourbano.com\\\/revista\\\/actualidad\\\/coparmex-cdmx-combatira-corrupcion-padilla\\\/\",\"url\":\"https:\\\/\\\/centrourbano.com\\\/revista\\\/actualidad\\\/coparmex-cdmx-combatira-corrupcion-padilla\\\/\",\"name\":\"COPARMEX CDMX combatir\u00e1 corrupci\u00f3n: Padilla -\",\"isPartOf\":{\"@id\":\"https:\\\/\\\/centrourbano.com\\\/revista\\\/#website\"},\"primaryImageOfPage\":{\"@id\":\"https:\\\/\\\/centrourbano.com\\\/revista\\\/actualidad\\\/coparmex-cdmx-combatira-corrupcion-padilla\\\/#primaryimage\"},\"image\":{\"@id\":\"https:\\\/\\\/centrourbano.com\\\/revista\\\/actualidad\\\/coparmex-cdmx-combatira-corrupcion-padilla\\\/#primaryimage\"},\"thumbnailUrl\":\"https:\\\/\\\/centrourbano.com\\\/revista\\\/wp-content\\\/uploads\\\/070716-FOTO-MIGUEL-\u00c1NGEL-MANCERA-TOMA-DE-COMPROMISO-CONSEJO-DIRECTIVO-2016-2018-COPARMEX-3.jpg\",\"datePublished\":\"2016-07-08T14:39:00+00:00\",\"description\":\"Jes\u00fas Padilla Zenteno tom\u00f3 protesta como presidente de la Confederaci\u00f3n Patronal de la Rep\u00fablica Mexicana (COPARMEX) Ciudad de M\u00e9xico, en donde el empresario asegur\u00f3 que el combate a la corrupci\u00f3n debe ser parte esencial de la nueva cultura empresarial.\",\"breadcrumb\":{\"@id\":\"https:\\\/\\\/centrourbano.com\\\/revista\\\/actualidad\\\/coparmex-cdmx-combatira-corrupcion-padilla\\\/#breadcrumb\"},\"inLanguage\":\"es\",\"potentialAction\":[{\"@type\":\"ReadAction\",\"target\":[\"https:\\\/\\\/centrourbano.com\\\/revista\\\/actualidad\\\/coparmex-cdmx-combatira-corrupcion-padilla\\\/\"]}]},{\"@type\":\"ImageObject\",\"inLanguage\":\"es\",\"@id\":\"https:\\\/\\\/centrourbano.com\\\/revista\\\/actualidad\\\/coparmex-cdmx-combatira-corrupcion-padilla\\\/#primaryimage\",\"url\":\"https:\\\/\\\/centrourbano.com\\\/revista\\\/wp-content\\\/uploads\\\/070716-FOTO-MIGUEL-\u00c1NGEL-MANCERA-TOMA-DE-COMPROMISO-CONSEJO-DIRECTIVO-2016-2018-COPARMEX-3.jpg\",\"contentUrl\":\"https:\\\/\\\/centrourbano.com\\\/revista\\\/wp-content\\\/uploads\\\/070716-FOTO-MIGUEL-\u00c1NGEL-MANCERA-TOMA-DE-COMPROMISO-CONSEJO-DIRECTIVO-2016-2018-COPARMEX-3.jpg\",\"width\":1000,\"height\":667,\"caption\":\"Toma protesta Jes\u00fas Padilla como presidente del organismo en la capital\"},{\"@type\":\"BreadcrumbList\",\"@id\":\"https:\\\/\\\/centrourbano.com\\\/revista\\\/actualidad\\\/coparmex-cdmx-combatira-corrupcion-padilla\\\/#breadcrumb\",\"itemListElement\":[{\"@type\":\"ListItem\",\"position\":1,\"name\":\"Portada\",\"item\":\"https:\\\/\\\/centrourbano.com\\\/revista\\\/\"},{\"@type\":\"ListItem\",\"position\":2,\"name\":\"COPARMEX CDMX combatir\u00e1 corrupci\u00f3n: Padilla\"}]},{\"@type\":\"WebSite\",\"@id\":\"https:\\\/\\\/centrourbano.com\\\/revista\\\/#website\",\"url\":\"https:\\\/\\\/centrourbano.com\\\/revista\\\/\",\"name\":\"Centro Urbano\",\"description\":\"Medio especializado en los sectores vivienda, inmobiliario, construcci\u00f3n, arquitectura y urbanismo.\",\"publisher\":{\"@id\":\"https:\\\/\\\/centrourbano.com\\\/revista\\\/#organization\"},\"potentialAction\":[{\"@type\":\"SearchAction\",\"target\":{\"@type\":\"EntryPoint\",\"urlTemplate\":\"https:\\\/\\\/centrourbano.com\\\/revista\\\/?s={search_term_string}\"},\"query-input\":{\"@type\":\"PropertyValueSpecification\",\"valueRequired\":true,\"valueName\":\"search_term_string\"}}],\"inLanguage\":\"es\"},{\"@type\":\"Organization\",\"@id\":\"https:\\\/\\\/centrourbano.com\\\/revista\\\/#organization\",\"name\":\"Centro Urbano\",\"url\":\"https:\\\/\\\/centrourbano.com\\\/revista\\\/\",\"logo\":{\"@type\":\"ImageObject\",\"inLanguage\":\"es\",\"@id\":\"https:\\\/\\\/centrourbano.com\\\/revista\\\/#\\\/schema\\\/logo\\\/image\\\/\",\"url\":\"https:\\\/\\\/centrourbano.com\\\/revista\\\/wp-content\\\/uploads\\\/web_CU_logo-1.png\",\"contentUrl\":\"https:\\\/\\\/centrourbano.com\\\/revista\\\/wp-content\\\/uploads\\\/web_CU_logo-1.png\",\"width\":350,\"height\":91,\"caption\":\"Centro Urbano\"},\"image\":{\"@id\":\"https:\\\/\\\/centrourbano.com\\\/revista\\\/#\\\/schema\\\/logo\\\/image\\\/\"},\"sameAs\":[\"https:\\\/\\\/www.facebook.com\\\/portalcentrourbano\",\"https:\\\/\\\/x.com\\\/CentroUrbano\",\"https:\\\/\\\/www.instagram.com\\\/centro_urbano\\\/\",\"https:\\\/\\\/www.linkedin.com\\\/company\\\/centro-urbano\\\/\",\"http:\\\/\\\/www.youtube.com\\\/user\\\/portalcentrourbano\"]},{\"@type\":\"Person\",\"@id\":\"https:\\\/\\\/centrourbano.com\\\/revista\\\/#\\\/schema\\\/person\\\/b50192a3cd0e680841b45dc537f53970\",\"name\":\"Diego Rodr\u00edguez\",\"image\":{\"@type\":\"ImageObject\",\"inLanguage\":\"es\",\"@id\":\"https:\\\/\\\/secure.gravatar.com\\\/avatar\\\/d217565525df2df5d4e7265d47758506f41845ed9529510921a7625d8365789d?s=96&d=mm&r=g\",\"url\":\"https:\\\/\\\/secure.gravatar.com\\\/avatar\\\/d217565525df2df5d4e7265d47758506f41845ed9529510921a7625d8365789d?s=96&d=mm&r=g\",\"contentUrl\":\"https:\\\/\\\/secure.gravatar.com\\\/avatar\\\/d217565525df2df5d4e7265d47758506f41845ed9529510921a7625d8365789d?s=96&d=mm&r=g\",\"caption\":\"Diego Rodr\u00edguez\"},\"description\":\"Egresado de la Facultad de Estudios Superiores Acatl\u00e1n de la carrera en Comunicaci\u00f3n, con especialidad en medios escritos. Reportero del desaparecido peri\u00f3dico Nuestro M\u00e9xico, en donde cubri\u00f3 las fuentes delegacionales y Asamblea Legislativa. Tambi\u00e9n trabaj\u00f3 en la Coordinaci\u00f3n de Comunicaci\u00f3n Social en la delegaci\u00f3n \u00c1lvaro Obreg\u00f3n. Le gusta leer novelas y cuentos.\",\"url\":\"https:\\\/\\\/centrourbano.com\\\/revista\\\/author\\\/diegorodriguez\\\/\"}]}<\/script>\n<!-- \/ Yoast SEO plugin. -->","yoast_head_json":{"title":"COPARMEX CDMX combatir\u00e1 corrupci\u00f3n: Padilla -","description":"Jes\u00fas Padilla Zenteno tom\u00f3 protesta como presidente de la Confederaci\u00f3n Patronal de la Rep\u00fablica Mexicana (COPARMEX) Ciudad de M\u00e9xico, en donde el empresario asegur\u00f3 que el combate a la corrupci\u00f3n debe ser parte esencial de la nueva cultura empresarial.","robots":{"index":"index","follow":"follow","max-snippet":"max-snippet:-1","max-image-preview":"max-image-preview:large","max-video-preview":"max-video-preview:-1"},"canonical":"https:\/\/centrourbano.com\/revista\/actualidad\/coparmex-cdmx-combatira-corrupcion-padilla\/","og_locale":"es_ES","og_type":"article","og_title":"COPARMEX CDMX combatir\u00e1 corrupci\u00f3n: Padilla -","og_description":"Jes\u00fas Padilla Zenteno tom\u00f3 protesta como presidente de la Confederaci\u00f3n Patronal de la Rep\u00fablica Mexicana (COPARMEX) Ciudad de M\u00e9xico, en donde el empresario asegur\u00f3 que el combate a la corrupci\u00f3n debe ser parte esencial de la nueva cultura empresarial.","og_url":"https:\/\/centrourbano.com\/revista\/actualidad\/coparmex-cdmx-combatira-corrupcion-padilla\/","og_site_name":"Centro Urbano","article_publisher":"https:\/\/www.facebook.com\/portalcentrourbano","article_published_time":"2016-07-08T14:39:00+00:00","og_image":[{"width":1000,"height":667,"url":"https:\/\/centrourbano.com\/revista\/wp-content\/uploads\/070716-FOTO-MIGUEL-\u00c1NGEL-MANCERA-TOMA-DE-COMPROMISO-CONSEJO-DIRECTIVO-2016-2018-COPARMEX-3.jpg","type":"image\/jpeg"}],"author":"Diego Rodr\u00edguez","twitter_card":"summary_large_image","twitter_creator":"@CentroUrbano","twitter_site":"@CentroUrbano","twitter_misc":{"Escrito por":"Diego Rodr\u00edguez","Tiempo de lectura":"2 minutos"},"schema":{"@context":"https:\/\/schema.org","@graph":[{"@type":"Article","@id":"https:\/\/centrourbano.com\/revista\/actualidad\/coparmex-cdmx-combatira-corrupcion-padilla\/#article","isPartOf":{"@id":"https:\/\/centrourbano.com\/revista\/actualidad\/coparmex-cdmx-combatira-corrupcion-padilla\/"},"author":{"name":"Diego Rodr\u00edguez","@id":"https:\/\/centrourbano.com\/revista\/#\/schema\/person\/b50192a3cd0e680841b45dc537f53970"},"headline":"COPARMEX CDMX combatir\u00e1 corrupci\u00f3n: Padilla","datePublished":"2016-07-08T14:39:00+00:00","mainEntityOfPage":{"@id":"https:\/\/centrourbano.com\/revista\/actualidad\/coparmex-cdmx-combatira-corrupcion-padilla\/"},"wordCount":447,"commentCount":0,"publisher":{"@id":"https:\/\/centrourbano.com\/revista\/#organization"},"image":{"@id":"https:\/\/centrourbano.com\/revista\/actualidad\/coparmex-cdmx-combatira-corrupcion-padilla\/#primaryimage"},"thumbnailUrl":"https:\/\/centrourbano.com\/revista\/wp-content\/uploads\/070716-FOTO-MIGUEL-\u00c1NGEL-MANCERA-TOMA-DE-COMPROMISO-CONSEJO-DIRECTIVO-2016-2018-COPARMEX-3.jpg","articleSection":["Actualidad"],"inLanguage":"es","potentialAction":[{"@type":"CommentAction","name":"Comment","target":["https:\/\/centrourbano.com\/revista\/actualidad\/coparmex-cdmx-combatira-corrupcion-padilla\/#respond"]}]},{"@type":"WebPage","@id":"https:\/\/centrourbano.com\/revista\/actualidad\/coparmex-cdmx-combatira-corrupcion-padilla\/","url":"https:\/\/centrourbano.com\/revista\/actualidad\/coparmex-cdmx-combatira-corrupcion-padilla\/","name":"COPARMEX CDMX combatir\u00e1 corrupci\u00f3n: Padilla -","isPartOf":{"@id":"https:\/\/centrourbano.com\/revista\/#website"},"primaryImageOfPage":{"@id":"https:\/\/centrourbano.com\/revista\/actualidad\/coparmex-cdmx-combatira-corrupcion-padilla\/#primaryimage"},"image":{"@id":"https:\/\/centrourbano.com\/revista\/actualidad\/coparmex-cdmx-combatira-corrupcion-padilla\/#primaryimage"},"thumbnailUrl":"https:\/\/centrourbano.com\/revista\/wp-content\/uploads\/070716-FOTO-MIGUEL-\u00c1NGEL-MANCERA-TOMA-DE-COMPROMISO-CONSEJO-DIRECTIVO-2016-2018-COPARMEX-3.jpg","datePublished":"2016-07-08T14:39:00+00:00","description":"Jes\u00fas Padilla Zenteno tom\u00f3 protesta como presidente de la Confederaci\u00f3n Patronal de la Rep\u00fablica Mexicana (COPARMEX) Ciudad de M\u00e9xico, en donde el empresario asegur\u00f3 que el combate a la corrupci\u00f3n debe ser parte esencial de la nueva cultura empresarial.","breadcrumb":{"@id":"https:\/\/centrourbano.com\/revista\/actualidad\/coparmex-cdmx-combatira-corrupcion-padilla\/#breadcrumb"},"inLanguage":"es","potentialAction":[{"@type":"ReadAction","target":["https:\/\/centrourbano.com\/revista\/actualidad\/coparmex-cdmx-combatira-corrupcion-padilla\/"]}]},{"@type":"ImageObject","inLanguage":"es","@id":"https:\/\/centrourbano.com\/revista\/actualidad\/coparmex-cdmx-combatira-corrupcion-padilla\/#primaryimage","url":"https:\/\/centrourbano.com\/revista\/wp-content\/uploads\/070716-FOTO-MIGUEL-\u00c1NGEL-MANCERA-TOMA-DE-COMPROMISO-CONSEJO-DIRECTIVO-2016-2018-COPARMEX-3.jpg","contentUrl":"https:\/\/centrourbano.com\/revista\/wp-content\/uploads\/070716-FOTO-MIGUEL-\u00c1NGEL-MANCERA-TOMA-DE-COMPROMISO-CONSEJO-DIRECTIVO-2016-2018-COPARMEX-3.jpg","width":1000,"height":667,"caption":"Toma protesta Jes\u00fas Padilla como presidente del organismo en la capital"},{"@type":"BreadcrumbList","@id":"https:\/\/centrourbano.com\/revista\/actualidad\/coparmex-cdmx-combatira-corrupcion-padilla\/#breadcrumb","itemListElement":[{"@type":"ListItem","position":1,"name":"Portada","item":"https:\/\/centrourbano.com\/revista\/"},{"@type":"ListItem","position":2,"name":"COPARMEX CDMX combatir\u00e1 corrupci\u00f3n: Padilla"}]},{"@type":"WebSite","@id":"https:\/\/centrourbano.com\/revista\/#website","url":"https:\/\/centrourbano.com\/revista\/","name":"Centro Urbano","description":"Medio especializado en los sectores vivienda, inmobiliario, construcci\u00f3n, arquitectura y urbanismo.","publisher":{"@id":"https:\/\/centrourbano.com\/revista\/#organization"},"potentialAction":[{"@type":"SearchAction","target":{"@type":"EntryPoint","urlTemplate":"https:\/\/centrourbano.com\/revista\/?s={search_term_string}"},"query-input":{"@type":"PropertyValueSpecification","valueRequired":true,"valueName":"search_term_string"}}],"inLanguage":"es"},{"@type":"Organization","@id":"https:\/\/centrourbano.com\/revista\/#organization","name":"Centro Urbano","url":"https:\/\/centrourbano.com\/revista\/","logo":{"@type":"ImageObject","inLanguage":"es","@id":"https:\/\/centrourbano.com\/revista\/#\/schema\/logo\/image\/","url":"https:\/\/centrourbano.com\/revista\/wp-content\/uploads\/web_CU_logo-1.png","contentUrl":"https:\/\/centrourbano.com\/revista\/wp-content\/uploads\/web_CU_logo-1.png","width":350,"height":91,"caption":"Centro Urbano"},"image":{"@id":"https:\/\/centrourbano.com\/revista\/#\/schema\/logo\/image\/"},"sameAs":["https:\/\/www.facebook.com\/portalcentrourbano","https:\/\/x.com\/CentroUrbano","https:\/\/www.instagram.com\/centro_urbano\/","https:\/\/www.linkedin.com\/company\/centro-urbano\/","http:\/\/www.youtube.com\/user\/portalcentrourbano"]},{"@type":"Person","@id":"https:\/\/centrourbano.com\/revista\/#\/schema\/person\/b50192a3cd0e680841b45dc537f53970","name":"Diego Rodr\u00edguez","image":{"@type":"ImageObject","inLanguage":"es","@id":"https:\/\/secure.gravatar.com\/avatar\/d217565525df2df5d4e7265d47758506f41845ed9529510921a7625d8365789d?s=96&d=mm&r=g","url":"https:\/\/secure.gravatar.com\/avatar\/d217565525df2df5d4e7265d47758506f41845ed9529510921a7625d8365789d?s=96&d=mm&r=g","contentUrl":"https:\/\/secure.gravatar.com\/avatar\/d217565525df2df5d4e7265d47758506f41845ed9529510921a7625d8365789d?s=96&d=mm&r=g","caption":"Diego Rodr\u00edguez"},"description":"Egresado de la Facultad de Estudios Superiores Acatl\u00e1n de la carrera en Comunicaci\u00f3n, con especialidad en medios escritos. Reportero del desaparecido peri\u00f3dico Nuestro M\u00e9xico, en donde cubri\u00f3 las fuentes delegacionales y Asamblea Legislativa. Tambi\u00e9n trabaj\u00f3 en la Coordinaci\u00f3n de Comunicaci\u00f3n Social en la delegaci\u00f3n \u00c1lvaro Obreg\u00f3n. Le gusta leer novelas y cuentos.","url":"https:\/\/centrourbano.com\/revista\/author\/diegorodriguez\/"}]}},"_links":{"self":[{"href":"https:\/\/centrourbano.com\/revista\/wp-json\/wp\/v2\/posts\/37083","targetHints":{"allow":["GET"]}}],"collection":[{"href":"https:\/\/centrourbano.com\/revista\/wp-json\/wp\/v2\/posts"}],"about":[{"href":"https:\/\/centrourbano.com\/revista\/wp-json\/wp\/v2\/types\/post"}],"author":[{"embeddable":true,"href":"https:\/\/centrourbano.com\/revista\/wp-json\/wp\/v2\/users\/37"}],"replies":[{"embeddable":true,"href":"https:\/\/centrourbano.com\/revista\/wp-json\/wp\/v2\/comments?post=37083"}],"version-history":[{"count":0,"href":"https:\/\/centrourbano.com\/revista\/wp-json\/wp\/v2\/posts\/37083\/revisions"}],"wp:featuredmedia":[{"embeddable":true,"href":"https:\/\/centrourbano.com\/revista\/wp-json\/wp\/v2\/media\/37084"}],"wp:attachment":[{"href":"https:\/\/centrourbano.com\/revista\/wp-json\/wp\/v2\/media?parent=37083"}],"wp:term":[{"taxonomy":"category","embeddable":true,"href":"https:\/\/centrourbano.com\/revista\/wp-json\/wp\/v2\/categories?post=37083"},{"taxonomy":"post_tag","embeddable":true,"href":"https:\/\/centrourbano.com\/revista\/wp-json\/wp\/v2\/tags?post=37083"}],"curies":[{"name":"wp","href":"https:\/\/api.w.org\/{rel}","templated":true}]}}