{"id":36938,"date":"2016-07-06T09:02:36","date_gmt":"2016-07-06T14:02:36","guid":{"rendered":"https:\/\/centrourbano.com\/?p=36938"},"modified":"2016-07-05T18:00:37","modified_gmt":"2016-07-05T23:00:37","slug":"rr-inaugura-reunion-red-secretarios-desarrollo-urbano","status":"publish","type":"post","link":"https:\/\/centrourbano.com\/revista\/urbanismo\/rr-inaugura-reunion-red-secretarios-desarrollo-urbano\/","title":{"rendered":"Sedatu inaugura reuni\u00f3n de secretarios de Desarrollo Urbano"},"content":{"rendered":"<p><em>Junto con Conago y Gobierno Federal trabajar\u00e1n en armonizaci\u00f3n de herramientas jur\u00eddicas y procesos de planeaci\u00f3n urbana<\/em><!--more--><\/p>\n<p>El Siglo XXI es el siglo de las ciudades y de las metr\u00f3polis, y en nuestro pa\u00eds hay un cambio de paradigma que tiene que ver con construir vivienda no s\u00f3lo por construir vivienda como se hizo en el pasado, sino construir vivienda para construir ciudades, ciudades sustentables, ciudades compactas, ciudades competitivas, ciudades seguras y ciudades incluyentes, esa es la premisa del Gobierno Federal.<\/p>\n<p>As\u00ed lo se\u00f1al\u00f3 la secretaria de Desarrollo Agrario, Territorial y Urbano (Sedatu), Rosario Robles Berlanga, al inaugurar la Reuni\u00f3n de la Red de Secretarios de Desarrollo Urbano de los Estados de M\u00e9xico (Redsedum), donde destac\u00f3 que en esa perspectiva hoy hay dos ordenamientos jur\u00eddicos que est\u00e1n en manos del Congreso de la Uni\u00f3n y que es importante analizar, intercambiar puntos de vista y retroalimentar con esta Red.<\/p>\n<p>Como recordar\u00e1n, dijo, la Red en conjunto con la Conago y el Gobierno Federal trabajar\u00e1 en la adecuaci\u00f3n, modernizaci\u00f3n, homologaci\u00f3n y armonizaci\u00f3n a nivel nacional de las herramientas jur\u00eddicas, t\u00e9cnicas e institucionales, para que los procesos de planeaci\u00f3n urbana incorporen al ordenamiento sustentable del territorio con una amplia perspectiva de inclusi\u00f3n.<\/p>\n<p>\u00abParticularmente en la iniciativa que discuten senadores de la Rep\u00fablica sobre la nueva Ley General de Asentamientos Humanos, la cual establecer\u00e1 las bases para que el desarrollo urbano, la gesti\u00f3n integral del riesgo, la gobernanza de las zonas metropolitanas y el ordenamiento territorial se desenvuelvan integralmente con la participaci\u00f3n arm\u00f3nica de los tres \u00f3rdenes de Gobierno\u00bb, indic\u00f3.<\/p>\n<p>En el sal\u00f3n Miguel \u00c1ngel Barberena del Palacio de Gobierno, acompa\u00f1ada por el gobernador de la entidad, Carlos Lozano de la Torre y de los subsecretarios de Desarrollo Urbano y Vivienda, Juan Carlos Lastiri, y de Desarrollo Agrario, Gustavo C\u00e1rdenas Monroy, as\u00ed como de la directora general de la Comisi\u00f3n Nacional de Vivienda (Conavi), Paloma Silva, dijo que en esta iniciativa es importante la opini\u00f3n de todos porque entre otros aspectos plantea nuevos mecanismos de gobernanza para garantizar que este desarrollo urbano sea sustentable y sea incluyente, particularmente a nivel metropolitano.<\/p>\n<p>Ante los 32 secretarios de Desarrollo Urbano del pa\u00eds, la Titular de la Sedatu afirm\u00f3 que la otra iniciativa enviada por el presidente Enrique Pe\u00f1a Nieto al Congreso de la Uni\u00f3n se da en el marco de su propuesta de Justicia Cotidiana que tiene que ver mucho con lo que aqu\u00ed hemos trabajado y es esta Ley para Homologar y Armonizar los Registros P\u00fablicos y los Catastros.<\/p>\n<p>En su oportunidad, el subsecretario de Desarrollo Urbano y Vivienda de la Sedatu, Juan Carlos Lastiri, destac\u00f3 que la SEDATU ha sumado esfuerzos con la Comisi\u00f3n Federal de Mejora Regulatoria (Cofemer), con la Conferencia Nacional de gobernadores (Conago), y la Conferncia Nacional de Municipios de M\u00e9xico (Conamm),  y se trabaja en las bases de un modelo conceptual para la homologaci\u00f3n y simplificaci\u00f3n de tr\u00e1mites involucrados en el proceso de producci\u00f3n de vivienda.<\/p>\n<p>Para la elaboraci\u00f3n de este instrumento, dijo, se constituy\u00f3 un Grupo de Trabajo en el seno de Conago, coordinado por el Gobierno del Estado de Aguascalientes.<\/p>\n<p>\u00abEste grupo de trabajo elabor\u00f3 las bases de un modelo conceptual para la homologaci\u00f3n y simplificaci\u00f3n de tr\u00e1mites involucrados en el proceso de producci\u00f3n de vivienda, y defini\u00f3 tres etapas en la elaboraci\u00f3n de los criterios generales: obtener informaci\u00f3n sobre los ordenamientos jur\u00eddicos para elaborar un diagn\u00f3stico; compartir experiencias y casos de \u00e9xito y la elaboraci\u00f3n de los Criterios Generales de Ordenaci\u00f3n\u00bb, manifest\u00f3 Lastiri.<\/p>\n<p>El diagn\u00f3stico fue elaborado por Cofemer, y sent\u00f3 las bases para que Sedatu elaborara los Criterios Generales de Ordenaci\u00f3n, inform\u00f3 el subsecretario.<\/p>\n<p><strong>Instalaci\u00f3n y toma de protesta del Consejo Estatal de Desarrollo Agrario<\/strong><\/p>\n<p>Posteriormente, en el patio del Palacio de Gobierno, la Titular de la Sedatu firm\u00f3 junto con el gobernador Carlos Lozano, el convenio de colaboraci\u00f3n que establece la instalaci\u00f3n del Consejo Estatal de Desarrollo Agrario de Aguascalientes.<\/p>\n<p>Al instalar dicho Consejo y al tomar la protesta a sus integrantes, la secretaria Rosario Robles Berlanga resalt\u00f3 que la justicia agraria es una de las exigencias m\u00e1s importantes que hay en nuestro pa\u00eds. \u201cEs una instrucci\u00f3n del presidente Enrique Pe\u00f1a Nieto que podamos crear mecanismos para acercar la justicia a los mexicanos, por ello resalta la creaci\u00f3n de estos Consejos Agrarios para dar respuestas precisas a lo que sucede en el territorio rural y la propiedad social del pa\u00eds\u201d.<\/p>\n<p>En este sentido, destac\u00f3 la importancia de estos consejos que tienen el concepto de Justicia Cotidiana para que en el marco del di\u00e1logo \u201cpodamos apoyar el camino e impedir que los conflictos agrarios entre ejidatarios y comuniones se resuelvan sin tener que llegar a los tribunales, y en estos consejos encontramos estas soluciones, que florezca el di\u00e1logo y la conciliaci\u00f3n\u00bb, subray\u00f3.<\/p>\n<p>El otro concepto que se maneja en los Consejos Agrarios, afirm\u00f3, es la certeza jur\u00eddica. Para que la tierra tenga un verdadero valor, a\u00f1adi\u00f3, debe haber certeza jur\u00eddica para que los ejidatarios, los due\u00f1os de la propiedad social se vean beneficiados de ese desarrollo porque sus tierras valen.<\/p>\n<p>Con la participaci\u00f3n y la coordinaci\u00f3n ciudadana, y de los tres \u00f3rdenes de gobierno construiremos juntos un M\u00e9xico m\u00e1s pr\u00f3spero, dijo la secretaria Rosario Robles Berlanga.<\/p>\n<p>Al hacer uso de la palabra, el subsecretario de Desarrollo Agrario, Gustavo C\u00e1rdenas Monroy, manifest\u00f3 que se avanza en el tema de la Justicia Cotidiana y en acortar los tiempos en los tr\u00e1mites administrativos para poder dar soluci\u00f3n a los conflictos en el campo.<\/p>\n<p>\u00abHoy estamos sumando esfuerzos y facultades para resolver los problemas que aquejan al desarrollo agrario, como la concreci\u00f3n de los conflictos agrarios, las expropiaciones, la regularizaci\u00f3n de los predios urbanos y dar certeza jur\u00eddica que es la instrucci\u00f3n del Presidente Enrique Pe\u00f1a Nieto\u00bb, se\u00f1al\u00f3 el subsecretario de Desarrollo Agrario, Gustavo C\u00e1rdenas.<\/p>\n<p>\u00abNuestro compromiso es que en agosto queden instalados los 32 consejos a nivel nacional para que empiecen a sesionar para darles una mayor certeza jur\u00eddica a todos los que la requieran\u00bb, indic\u00f3.<\/p>\n","protected":false},"excerpt":{"rendered":"<p>Junto con Conago y Gobierno Federal trabajar\u00e1n en armonizaci\u00f3n de herramientas jur\u00eddicas y procesos de planeaci\u00f3n urbana<\/p>\n","protected":false},"author":28,"featured_media":36939,"comment_status":"open","ping_status":"closed","sticky":false,"template":"","format":"standard","meta":{"om_disable_all_campaigns":false,"inline_featured_image":false,"_monsterinsights_skip_tracking":false,"_monsterinsights_sitenote_active":false,"_monsterinsights_sitenote_note":"","_monsterinsights_sitenote_category":0,"footnotes":""},"categories":[82],"tags":[105],"class_list":["post-36938","post","type-post","status-publish","format-standard","has-post-thumbnail","hentry","category-urbanismo","tag-sedatu"],"yoast_head":"<!-- This site is optimized with the Yoast SEO plugin v27.4 - https:\/\/yoast.com\/product\/yoast-seo-wordpress\/ -->\n<title>Sedatu inaugura Reuni\u00f3n de Red de secretarios de Desarrollo Urbano<\/title>\n<meta name=\"description\" content=\"Ante los 32 secretarios de Desarrollo Urbano del pa\u00eds, la Titular de la Sedatu afirm\u00f3 que la otra iniciativa enviada por el presidente Enrique Pe\u00f1a Nieto al Congreso de la Uni\u00f3n se da en el marco de su propuesta de Justicia Cotidiana que tiene que ver mucho con lo que aqu\u00ed hemos trabajado y es esta Ley para Homologar y Armonizar los Registros P\u00fablicos y los Catastros.\" \/>\n<meta name=\"robots\" content=\"index, follow, max-snippet:-1, max-image-preview:large, max-video-preview:-1\" \/>\n<link rel=\"canonical\" href=\"https:\/\/centrourbano.com\/revista\/urbanismo\/rr-inaugura-reunion-red-secretarios-desarrollo-urbano\/\" \/>\n<meta property=\"og:locale\" content=\"es_ES\" \/>\n<meta property=\"og:type\" content=\"article\" \/>\n<meta property=\"og:title\" content=\"Sedatu inaugura Reuni\u00f3n de Red de secretarios de Desarrollo Urbano\" \/>\n<meta property=\"og:description\" content=\"Ante los 32 secretarios de Desarrollo Urbano del pa\u00eds, la Titular de la Sedatu afirm\u00f3 que la otra iniciativa enviada por el presidente Enrique Pe\u00f1a Nieto al Congreso de la Uni\u00f3n se da en el marco de su propuesta de Justicia Cotidiana que tiene que ver mucho con lo que aqu\u00ed hemos trabajado y es esta Ley para Homologar y Armonizar los Registros P\u00fablicos y los Catastros.\" \/>\n<meta property=\"og:url\" content=\"https:\/\/centrourbano.com\/revista\/urbanismo\/rr-inaugura-reunion-red-secretarios-desarrollo-urbano\/\" \/>\n<meta property=\"og:site_name\" content=\"Centro Urbano\" \/>\n<meta property=\"article:publisher\" content=\"https:\/\/www.facebook.com\/portalcentrourbano\" \/>\n<meta property=\"article:published_time\" content=\"2016-07-06T14:02:36+00:00\" \/>\n<meta property=\"og:image\" content=\"https:\/\/centrourbano.com\/revista\/wp-content\/uploads\/WhatsApp-Image-20160705-3.jpeg\" \/>\n\t<meta property=\"og:image:width\" content=\"1280\" \/>\n\t<meta property=\"og:image:height\" content=\"960\" \/>\n\t<meta property=\"og:image:type\" content=\"image\/jpeg\" \/>\n<meta name=\"author\" content=\"Mario V\u00e1zquez Barrios\" \/>\n<meta name=\"twitter:card\" content=\"summary_large_image\" \/>\n<meta name=\"twitter:creator\" content=\"@MarioDeNiro\" \/>\n<meta name=\"twitter:site\" content=\"@CentroUrbano\" \/>\n<meta name=\"twitter:label1\" content=\"Escrito por\" \/>\n\t<meta name=\"twitter:data1\" content=\"Mario V\u00e1zquez Barrios\" \/>\n\t<meta name=\"twitter:label2\" content=\"Tiempo de lectura\" \/>\n\t<meta name=\"twitter:data2\" content=\"5 minutos\" \/>\n<script type=\"application\/ld+json\" class=\"yoast-schema-graph\">{\"@context\":\"https:\\\/\\\/schema.org\",\"@graph\":[{\"@type\":\"Article\",\"@id\":\"https:\\\/\\\/centrourbano.com\\\/revista\\\/urbanismo\\\/rr-inaugura-reunion-red-secretarios-desarrollo-urbano\\\/#article\",\"isPartOf\":{\"@id\":\"https:\\\/\\\/centrourbano.com\\\/revista\\\/urbanismo\\\/rr-inaugura-reunion-red-secretarios-desarrollo-urbano\\\/\"},\"author\":{\"name\":\"Mario V\u00e1zquez Barrios\",\"@id\":\"https:\\\/\\\/centrourbano.com\\\/revista\\\/#\\\/schema\\\/person\\\/71e020a5b63ca4230c0f1228a36cde93\"},\"headline\":\"Sedatu inaugura reuni\u00f3n de secretarios de Desarrollo Urbano\",\"datePublished\":\"2016-07-06T14:02:36+00:00\",\"mainEntityOfPage\":{\"@id\":\"https:\\\/\\\/centrourbano.com\\\/revista\\\/urbanismo\\\/rr-inaugura-reunion-red-secretarios-desarrollo-urbano\\\/\"},\"wordCount\":1080,\"commentCount\":0,\"publisher\":{\"@id\":\"https:\\\/\\\/centrourbano.com\\\/revista\\\/#organization\"},\"image\":{\"@id\":\"https:\\\/\\\/centrourbano.com\\\/revista\\\/urbanismo\\\/rr-inaugura-reunion-red-secretarios-desarrollo-urbano\\\/#primaryimage\"},\"thumbnailUrl\":\"https:\\\/\\\/centrourbano.com\\\/revista\\\/wp-content\\\/uploads\\\/WhatsApp-Image-20160705-3.jpeg\",\"keywords\":[\"Sedatu\"],\"articleSection\":[\"Urbanismo\"],\"inLanguage\":\"es\",\"potentialAction\":[{\"@type\":\"CommentAction\",\"name\":\"Comment\",\"target\":[\"https:\\\/\\\/centrourbano.com\\\/revista\\\/urbanismo\\\/rr-inaugura-reunion-red-secretarios-desarrollo-urbano\\\/#respond\"]}]},{\"@type\":\"WebPage\",\"@id\":\"https:\\\/\\\/centrourbano.com\\\/revista\\\/urbanismo\\\/rr-inaugura-reunion-red-secretarios-desarrollo-urbano\\\/\",\"url\":\"https:\\\/\\\/centrourbano.com\\\/revista\\\/urbanismo\\\/rr-inaugura-reunion-red-secretarios-desarrollo-urbano\\\/\",\"name\":\"Sedatu inaugura Reuni\u00f3n de Red de secretarios de Desarrollo Urbano\",\"isPartOf\":{\"@id\":\"https:\\\/\\\/centrourbano.com\\\/revista\\\/#website\"},\"primaryImageOfPage\":{\"@id\":\"https:\\\/\\\/centrourbano.com\\\/revista\\\/urbanismo\\\/rr-inaugura-reunion-red-secretarios-desarrollo-urbano\\\/#primaryimage\"},\"image\":{\"@id\":\"https:\\\/\\\/centrourbano.com\\\/revista\\\/urbanismo\\\/rr-inaugura-reunion-red-secretarios-desarrollo-urbano\\\/#primaryimage\"},\"thumbnailUrl\":\"https:\\\/\\\/centrourbano.com\\\/revista\\\/wp-content\\\/uploads\\\/WhatsApp-Image-20160705-3.jpeg\",\"datePublished\":\"2016-07-06T14:02:36+00:00\",\"description\":\"Ante los 32 secretarios de Desarrollo Urbano del pa\u00eds, la Titular de la Sedatu afirm\u00f3 que la otra iniciativa enviada por el presidente Enrique Pe\u00f1a Nieto al Congreso de la Uni\u00f3n se da en el marco de su propuesta de Justicia Cotidiana que tiene que ver mucho con lo que aqu\u00ed hemos trabajado y es esta Ley para Homologar y Armonizar los Registros P\u00fablicos y los Catastros.\",\"breadcrumb\":{\"@id\":\"https:\\\/\\\/centrourbano.com\\\/revista\\\/urbanismo\\\/rr-inaugura-reunion-red-secretarios-desarrollo-urbano\\\/#breadcrumb\"},\"inLanguage\":\"es\",\"potentialAction\":[{\"@type\":\"ReadAction\",\"target\":[\"https:\\\/\\\/centrourbano.com\\\/revista\\\/urbanismo\\\/rr-inaugura-reunion-red-secretarios-desarrollo-urbano\\\/\"]}]},{\"@type\":\"ImageObject\",\"inLanguage\":\"es\",\"@id\":\"https:\\\/\\\/centrourbano.com\\\/revista\\\/urbanismo\\\/rr-inaugura-reunion-red-secretarios-desarrollo-urbano\\\/#primaryimage\",\"url\":\"https:\\\/\\\/centrourbano.com\\\/revista\\\/wp-content\\\/uploads\\\/WhatsApp-Image-20160705-3.jpeg\",\"contentUrl\":\"https:\\\/\\\/centrourbano.com\\\/revista\\\/wp-content\\\/uploads\\\/WhatsApp-Image-20160705-3.jpeg\",\"width\":1280,\"height\":960,\"caption\":\"Ante los 32 secretarios de Desarrollo Urbano del pa\u00eds, la Titular de la Sedatu afirm\u00f3 que la otra iniciativa enviada por el presidente Enrique Pe\u00f1a Nieto al Congreso de la Uni\u00f3n se da en el marco de su propuesta de Justicia Cotidiana que tiene que ver mucho con lo que aqu\u00ed hemos trabajado y es esta Ley para Homologar y Armonizar los Registros P\u00fablicos y los Catastros.\"},{\"@type\":\"BreadcrumbList\",\"@id\":\"https:\\\/\\\/centrourbano.com\\\/revista\\\/urbanismo\\\/rr-inaugura-reunion-red-secretarios-desarrollo-urbano\\\/#breadcrumb\",\"itemListElement\":[{\"@type\":\"ListItem\",\"position\":1,\"name\":\"Portada\",\"item\":\"https:\\\/\\\/centrourbano.com\\\/revista\\\/\"},{\"@type\":\"ListItem\",\"position\":2,\"name\":\"Sedatu inaugura reuni\u00f3n de secretarios de Desarrollo Urbano\"}]},{\"@type\":\"WebSite\",\"@id\":\"https:\\\/\\\/centrourbano.com\\\/revista\\\/#website\",\"url\":\"https:\\\/\\\/centrourbano.com\\\/revista\\\/\",\"name\":\"Centro Urbano\",\"description\":\"Medio especializado en los sectores vivienda, inmobiliario, construcci\u00f3n, arquitectura y urbanismo.\",\"publisher\":{\"@id\":\"https:\\\/\\\/centrourbano.com\\\/revista\\\/#organization\"},\"potentialAction\":[{\"@type\":\"SearchAction\",\"target\":{\"@type\":\"EntryPoint\",\"urlTemplate\":\"https:\\\/\\\/centrourbano.com\\\/revista\\\/?s={search_term_string}\"},\"query-input\":{\"@type\":\"PropertyValueSpecification\",\"valueRequired\":true,\"valueName\":\"search_term_string\"}}],\"inLanguage\":\"es\"},{\"@type\":\"Organization\",\"@id\":\"https:\\\/\\\/centrourbano.com\\\/revista\\\/#organization\",\"name\":\"Centro Urbano\",\"url\":\"https:\\\/\\\/centrourbano.com\\\/revista\\\/\",\"logo\":{\"@type\":\"ImageObject\",\"inLanguage\":\"es\",\"@id\":\"https:\\\/\\\/centrourbano.com\\\/revista\\\/#\\\/schema\\\/logo\\\/image\\\/\",\"url\":\"https:\\\/\\\/centrourbano.com\\\/revista\\\/wp-content\\\/uploads\\\/web_CU_logo-1.png\",\"contentUrl\":\"https:\\\/\\\/centrourbano.com\\\/revista\\\/wp-content\\\/uploads\\\/web_CU_logo-1.png\",\"width\":350,\"height\":91,\"caption\":\"Centro Urbano\"},\"image\":{\"@id\":\"https:\\\/\\\/centrourbano.com\\\/revista\\\/#\\\/schema\\\/logo\\\/image\\\/\"},\"sameAs\":[\"https:\\\/\\\/www.facebook.com\\\/portalcentrourbano\",\"https:\\\/\\\/x.com\\\/CentroUrbano\",\"https:\\\/\\\/www.instagram.com\\\/centro_urbano\\\/\",\"https:\\\/\\\/www.linkedin.com\\\/company\\\/centro-urbano\\\/\",\"http:\\\/\\\/www.youtube.com\\\/user\\\/portalcentrourbano\"]},{\"@type\":\"Person\",\"@id\":\"https:\\\/\\\/centrourbano.com\\\/revista\\\/#\\\/schema\\\/person\\\/71e020a5b63ca4230c0f1228a36cde93\",\"name\":\"Mario V\u00e1zquez Barrios\",\"image\":{\"@type\":\"ImageObject\",\"inLanguage\":\"es\",\"@id\":\"https:\\\/\\\/secure.gravatar.com\\\/avatar\\\/347e6d9c0b04f0194ca244ba64b0fe62752d716a3a93d1713bd259eb87aad5b6?s=96&d=mm&r=g\",\"url\":\"https:\\\/\\\/secure.gravatar.com\\\/avatar\\\/347e6d9c0b04f0194ca244ba64b0fe62752d716a3a93d1713bd259eb87aad5b6?s=96&d=mm&r=g\",\"contentUrl\":\"https:\\\/\\\/secure.gravatar.com\\\/avatar\\\/347e6d9c0b04f0194ca244ba64b0fe62752d716a3a93d1713bd259eb87aad5b6?s=96&d=mm&r=g\",\"caption\":\"Mario V\u00e1zquez Barrios\"},\"description\":\"Me inici\u00e9 en El Financiero haciendo reportajes; en MegaNoticias Televisi\u00f3n fui reportero titular; en EMedios, control de calidad; y Radio 13 Noticias me acogi\u00f3 como colaborador. Me gusta encontrar en las banquetas la nota, una entrevista y el inicio de un reportaje.\",\"sameAs\":[\"https:\\\/\\\/x.com\\\/@MarioDeNiro\"],\"url\":\"https:\\\/\\\/centrourbano.com\\\/revista\\\/author\\\/mario-vazquez\\\/\"}]}<\/script>\n<!-- \/ Yoast SEO plugin. -->","yoast_head_json":{"title":"Sedatu inaugura Reuni\u00f3n de Red de secretarios de Desarrollo Urbano","description":"Ante los 32 secretarios de Desarrollo Urbano del pa\u00eds, la Titular de la Sedatu afirm\u00f3 que la otra iniciativa enviada por el presidente Enrique Pe\u00f1a Nieto al Congreso de la Uni\u00f3n se da en el marco de su propuesta de Justicia Cotidiana que tiene que ver mucho con lo que aqu\u00ed hemos trabajado y es esta Ley para Homologar y Armonizar los Registros P\u00fablicos y los Catastros.","robots":{"index":"index","follow":"follow","max-snippet":"max-snippet:-1","max-image-preview":"max-image-preview:large","max-video-preview":"max-video-preview:-1"},"canonical":"https:\/\/centrourbano.com\/revista\/urbanismo\/rr-inaugura-reunion-red-secretarios-desarrollo-urbano\/","og_locale":"es_ES","og_type":"article","og_title":"Sedatu inaugura Reuni\u00f3n de Red de secretarios de Desarrollo Urbano","og_description":"Ante los 32 secretarios de Desarrollo Urbano del pa\u00eds, la Titular de la Sedatu afirm\u00f3 que la otra iniciativa enviada por el presidente Enrique Pe\u00f1a Nieto al Congreso de la Uni\u00f3n se da en el marco de su propuesta de Justicia Cotidiana que tiene que ver mucho con lo que aqu\u00ed hemos trabajado y es esta Ley para Homologar y Armonizar los Registros P\u00fablicos y los Catastros.","og_url":"https:\/\/centrourbano.com\/revista\/urbanismo\/rr-inaugura-reunion-red-secretarios-desarrollo-urbano\/","og_site_name":"Centro Urbano","article_publisher":"https:\/\/www.facebook.com\/portalcentrourbano","article_published_time":"2016-07-06T14:02:36+00:00","og_image":[{"width":1280,"height":960,"url":"https:\/\/centrourbano.com\/revista\/wp-content\/uploads\/WhatsApp-Image-20160705-3.jpeg","type":"image\/jpeg"}],"author":"Mario V\u00e1zquez Barrios","twitter_card":"summary_large_image","twitter_creator":"@MarioDeNiro","twitter_site":"@CentroUrbano","twitter_misc":{"Escrito por":"Mario V\u00e1zquez Barrios","Tiempo de lectura":"5 minutos"},"schema":{"@context":"https:\/\/schema.org","@graph":[{"@type":"Article","@id":"https:\/\/centrourbano.com\/revista\/urbanismo\/rr-inaugura-reunion-red-secretarios-desarrollo-urbano\/#article","isPartOf":{"@id":"https:\/\/centrourbano.com\/revista\/urbanismo\/rr-inaugura-reunion-red-secretarios-desarrollo-urbano\/"},"author":{"name":"Mario V\u00e1zquez Barrios","@id":"https:\/\/centrourbano.com\/revista\/#\/schema\/person\/71e020a5b63ca4230c0f1228a36cde93"},"headline":"Sedatu inaugura reuni\u00f3n de secretarios de Desarrollo Urbano","datePublished":"2016-07-06T14:02:36+00:00","mainEntityOfPage":{"@id":"https:\/\/centrourbano.com\/revista\/urbanismo\/rr-inaugura-reunion-red-secretarios-desarrollo-urbano\/"},"wordCount":1080,"commentCount":0,"publisher":{"@id":"https:\/\/centrourbano.com\/revista\/#organization"},"image":{"@id":"https:\/\/centrourbano.com\/revista\/urbanismo\/rr-inaugura-reunion-red-secretarios-desarrollo-urbano\/#primaryimage"},"thumbnailUrl":"https:\/\/centrourbano.com\/revista\/wp-content\/uploads\/WhatsApp-Image-20160705-3.jpeg","keywords":["Sedatu"],"articleSection":["Urbanismo"],"inLanguage":"es","potentialAction":[{"@type":"CommentAction","name":"Comment","target":["https:\/\/centrourbano.com\/revista\/urbanismo\/rr-inaugura-reunion-red-secretarios-desarrollo-urbano\/#respond"]}]},{"@type":"WebPage","@id":"https:\/\/centrourbano.com\/revista\/urbanismo\/rr-inaugura-reunion-red-secretarios-desarrollo-urbano\/","url":"https:\/\/centrourbano.com\/revista\/urbanismo\/rr-inaugura-reunion-red-secretarios-desarrollo-urbano\/","name":"Sedatu inaugura Reuni\u00f3n de Red de secretarios de Desarrollo Urbano","isPartOf":{"@id":"https:\/\/centrourbano.com\/revista\/#website"},"primaryImageOfPage":{"@id":"https:\/\/centrourbano.com\/revista\/urbanismo\/rr-inaugura-reunion-red-secretarios-desarrollo-urbano\/#primaryimage"},"image":{"@id":"https:\/\/centrourbano.com\/revista\/urbanismo\/rr-inaugura-reunion-red-secretarios-desarrollo-urbano\/#primaryimage"},"thumbnailUrl":"https:\/\/centrourbano.com\/revista\/wp-content\/uploads\/WhatsApp-Image-20160705-3.jpeg","datePublished":"2016-07-06T14:02:36+00:00","description":"Ante los 32 secretarios de Desarrollo Urbano del pa\u00eds, la Titular de la Sedatu afirm\u00f3 que la otra iniciativa enviada por el presidente Enrique Pe\u00f1a Nieto al Congreso de la Uni\u00f3n se da en el marco de su propuesta de Justicia Cotidiana que tiene que ver mucho con lo que aqu\u00ed hemos trabajado y es esta Ley para Homologar y Armonizar los Registros P\u00fablicos y los Catastros.","breadcrumb":{"@id":"https:\/\/centrourbano.com\/revista\/urbanismo\/rr-inaugura-reunion-red-secretarios-desarrollo-urbano\/#breadcrumb"},"inLanguage":"es","potentialAction":[{"@type":"ReadAction","target":["https:\/\/centrourbano.com\/revista\/urbanismo\/rr-inaugura-reunion-red-secretarios-desarrollo-urbano\/"]}]},{"@type":"ImageObject","inLanguage":"es","@id":"https:\/\/centrourbano.com\/revista\/urbanismo\/rr-inaugura-reunion-red-secretarios-desarrollo-urbano\/#primaryimage","url":"https:\/\/centrourbano.com\/revista\/wp-content\/uploads\/WhatsApp-Image-20160705-3.jpeg","contentUrl":"https:\/\/centrourbano.com\/revista\/wp-content\/uploads\/WhatsApp-Image-20160705-3.jpeg","width":1280,"height":960,"caption":"Ante los 32 secretarios de Desarrollo Urbano del pa\u00eds, la Titular de la Sedatu afirm\u00f3 que la otra iniciativa enviada por el presidente Enrique Pe\u00f1a Nieto al Congreso de la Uni\u00f3n se da en el marco de su propuesta de Justicia Cotidiana que tiene que ver mucho con lo que aqu\u00ed hemos trabajado y es esta Ley para Homologar y Armonizar los Registros P\u00fablicos y los Catastros."},{"@type":"BreadcrumbList","@id":"https:\/\/centrourbano.com\/revista\/urbanismo\/rr-inaugura-reunion-red-secretarios-desarrollo-urbano\/#breadcrumb","itemListElement":[{"@type":"ListItem","position":1,"name":"Portada","item":"https:\/\/centrourbano.com\/revista\/"},{"@type":"ListItem","position":2,"name":"Sedatu inaugura reuni\u00f3n de secretarios de Desarrollo Urbano"}]},{"@type":"WebSite","@id":"https:\/\/centrourbano.com\/revista\/#website","url":"https:\/\/centrourbano.com\/revista\/","name":"Centro Urbano","description":"Medio especializado en los sectores vivienda, inmobiliario, construcci\u00f3n, arquitectura y urbanismo.","publisher":{"@id":"https:\/\/centrourbano.com\/revista\/#organization"},"potentialAction":[{"@type":"SearchAction","target":{"@type":"EntryPoint","urlTemplate":"https:\/\/centrourbano.com\/revista\/?s={search_term_string}"},"query-input":{"@type":"PropertyValueSpecification","valueRequired":true,"valueName":"search_term_string"}}],"inLanguage":"es"},{"@type":"Organization","@id":"https:\/\/centrourbano.com\/revista\/#organization","name":"Centro Urbano","url":"https:\/\/centrourbano.com\/revista\/","logo":{"@type":"ImageObject","inLanguage":"es","@id":"https:\/\/centrourbano.com\/revista\/#\/schema\/logo\/image\/","url":"https:\/\/centrourbano.com\/revista\/wp-content\/uploads\/web_CU_logo-1.png","contentUrl":"https:\/\/centrourbano.com\/revista\/wp-content\/uploads\/web_CU_logo-1.png","width":350,"height":91,"caption":"Centro Urbano"},"image":{"@id":"https:\/\/centrourbano.com\/revista\/#\/schema\/logo\/image\/"},"sameAs":["https:\/\/www.facebook.com\/portalcentrourbano","https:\/\/x.com\/CentroUrbano","https:\/\/www.instagram.com\/centro_urbano\/","https:\/\/www.linkedin.com\/company\/centro-urbano\/","http:\/\/www.youtube.com\/user\/portalcentrourbano"]},{"@type":"Person","@id":"https:\/\/centrourbano.com\/revista\/#\/schema\/person\/71e020a5b63ca4230c0f1228a36cde93","name":"Mario V\u00e1zquez Barrios","image":{"@type":"ImageObject","inLanguage":"es","@id":"https:\/\/secure.gravatar.com\/avatar\/347e6d9c0b04f0194ca244ba64b0fe62752d716a3a93d1713bd259eb87aad5b6?s=96&d=mm&r=g","url":"https:\/\/secure.gravatar.com\/avatar\/347e6d9c0b04f0194ca244ba64b0fe62752d716a3a93d1713bd259eb87aad5b6?s=96&d=mm&r=g","contentUrl":"https:\/\/secure.gravatar.com\/avatar\/347e6d9c0b04f0194ca244ba64b0fe62752d716a3a93d1713bd259eb87aad5b6?s=96&d=mm&r=g","caption":"Mario V\u00e1zquez Barrios"},"description":"Me inici\u00e9 en El Financiero haciendo reportajes; en MegaNoticias Televisi\u00f3n fui reportero titular; en EMedios, control de calidad; y Radio 13 Noticias me acogi\u00f3 como colaborador. Me gusta encontrar en las banquetas la nota, una entrevista y el inicio de un reportaje.","sameAs":["https:\/\/x.com\/@MarioDeNiro"],"url":"https:\/\/centrourbano.com\/revista\/author\/mario-vazquez\/"}]}},"_links":{"self":[{"href":"https:\/\/centrourbano.com\/revista\/wp-json\/wp\/v2\/posts\/36938","targetHints":{"allow":["GET"]}}],"collection":[{"href":"https:\/\/centrourbano.com\/revista\/wp-json\/wp\/v2\/posts"}],"about":[{"href":"https:\/\/centrourbano.com\/revista\/wp-json\/wp\/v2\/types\/post"}],"author":[{"embeddable":true,"href":"https:\/\/centrourbano.com\/revista\/wp-json\/wp\/v2\/users\/28"}],"replies":[{"embeddable":true,"href":"https:\/\/centrourbano.com\/revista\/wp-json\/wp\/v2\/comments?post=36938"}],"version-history":[{"count":0,"href":"https:\/\/centrourbano.com\/revista\/wp-json\/wp\/v2\/posts\/36938\/revisions"}],"wp:featuredmedia":[{"embeddable":true,"href":"https:\/\/centrourbano.com\/revista\/wp-json\/wp\/v2\/media\/36939"}],"wp:attachment":[{"href":"https:\/\/centrourbano.com\/revista\/wp-json\/wp\/v2\/media?parent=36938"}],"wp:term":[{"taxonomy":"category","embeddable":true,"href":"https:\/\/centrourbano.com\/revista\/wp-json\/wp\/v2\/categories?post=36938"},{"taxonomy":"post_tag","embeddable":true,"href":"https:\/\/centrourbano.com\/revista\/wp-json\/wp\/v2\/tags?post=36938"}],"curies":[{"name":"wp","href":"https:\/\/api.w.org\/{rel}","templated":true}]}}