{"id":36793,"date":"2016-07-01T16:49:30","date_gmt":"2016-07-01T21:49:30","guid":{"rendered":"https:\/\/centrourbano.com\/?p=36793"},"modified":"2016-07-01T16:49:30","modified_gmt":"2016-07-01T21:49:30","slug":"enrique-tamez-recibio-premio-ingenieria-ciudad-mexico","status":"publish","type":"post","link":"https:\/\/centrourbano.com\/revista\/construccion\/enrique-tamez-recibio-premio-ingenieria-ciudad-mexico\/","title":{"rendered":"Enrique Tamez recibi\u00f3 el Premio de Ingenier\u00eda Ciudad de M\u00e9xico"},"content":{"rendered":"<p><em>Destacan su labor que lo ha colocado como referente mundial en mec\u00e1nica de suelos<\/em><br \/>\n<!--more--><\/p>\n<p>El ingeniero Enrique Tamez Gonz\u00e1lez fue reconocido con el Premio de Ingenier\u00eda Ciudad de M\u00e9xico 2016, durante la ceremonia realizada con motivo del D\u00eda Nacional del Ingeniero, el jefe de Gobierno de la ciudad de M\u00e9xico, Miguel \u00c1ngel Mancera fue quien entreg\u00f3 la distinci\u00f3n. <\/p>\n<p>\u00c9sta consisti\u00f3 en un diploma, medalla y estatuilla; Tamez Gonz\u00e1lez se dijo conmovido por el premio. <\/p>\n<p>\u201cVerdaderas gracias, lo siento en el alma el que ustedes me hayan hecho esta distinci\u00f3n, por algo que yo solamente consider\u00e9 el cumplimiento de un deber profesional\u201d.<\/p>\n<p>El ingeniero trabaj\u00f3 en el desarrollo de las primeras 3 l\u00edneas del Sistema de Transporte Colectivo (STC); en la construcci\u00f3n de la segunda etapa del T\u00fanel del Drenaje Profundo de la Ciudad de M\u00e9xico; y fue miembro del Comit\u00e9 T\u00e9cnico para la Revisi\u00f3n del Proyecto de la Torre Mayor, entre otros proyectos.<\/p>\n<p>Sergio Alcocer Mart\u00ednez, presidente de la Academia de Ingenier\u00eda y representante del jurado que otorg\u00f3 el premio, destac\u00f3 el tema de la innovaci\u00f3n en la obra de Enrique Tamez.<\/p>\n<p>\u201cEn la carrera del ingeniero Tamez, la innovaci\u00f3n ha sido un distintivo que lo ha convertido en un referente en mec\u00e1nica de suelos a nivel internacional\u201d.<\/p>\n<p>Asimismo, se reconoci\u00f3 a los ingenieros Jos\u00e9 Antonio Cortina Su\u00e1rez; Francisco Gonz\u00e1lez Ortega; Alejandro Espinosa Segovia; y Daniel Armando Serrano Huerta, por sus aportaciones a distintas ramas de la ingenier\u00eda.<\/p>\n<p>El director general del STC, Jorge Gavi\u00f1o asegur\u00f3 que el gobierno capitalino siempre ha agradecido y apoyado la labor de los ingenieros.<br \/>\nAdem\u00e1s, el secretario de Obras capitalino, Edgar Tung\u00fc\u00ed Rodr\u00edguez, dijo que con motivo de la Reforma Pol\u00edtica, el gobierno de la ciudad se reuni\u00f3 con c\u00e1maras, colegios y asociaciones de ingenier\u00eda, para analizar los temas que debe tener la nueva Constituci\u00f3n de la Ciudad de M\u00e9xico.<\/p>\n<p>\u201cDe las ideas obtenidas, la m\u00e1s relevante fue la creaci\u00f3n de un Comit\u00e9 de Planeaci\u00f3n de la Infraestructura, desde el cual se construya la ruta para que podamos tener una importante cartera de proyectos que permitan el desarrollo de la ciudad que todos queremos\u201d.<\/p>\n<p>Finalmente, el jefe de Gobierno dijo que la ingenier\u00eda mexicana es uno de los motores para el desarrollo de la ciudad, principalmente en la capital del pa\u00eds, pues por sus caracter\u00edsticas representa un reto mayor. <\/p>\n<p>\u201cC\u00f3mo es que debajo del subsuelo est\u00e9n entrelazados y est\u00e9n funcionando cerca de 13,000 kil\u00f3metros de red de agua potable; c\u00f3mo pueden estar funcionando 12,000 kil\u00f3metros de red de drenaje en una ciudad como \u00e9sta, si no fuera por la ingenier\u00eda\u201d, concluy\u00f3. <\/p>\n<p>A la ceremonia acudieron integrantes del Gabinete del Gobierno de la CDMX; representantes de universidades, as\u00ed como de asociaciones de ingenier\u00eda y arquitectura.<\/p>\n","protected":false},"excerpt":{"rendered":"<p>Destacan su labor que lo ha colocado como referente mundial en mec\u00e1nica de suelos<\/p>\n","protected":false},"author":37,"featured_media":36815,"comment_status":"open","ping_status":"closed","sticky":false,"template":"","format":"standard","meta":{"om_disable_all_campaigns":false,"inline_featured_image":false,"_monsterinsights_skip_tracking":false,"_monsterinsights_sitenote_active":false,"_monsterinsights_sitenote_note":"","_monsterinsights_sitenote_category":0,"footnotes":""},"categories":[14],"tags":[],"class_list":["post-36793","post","type-post","status-publish","format-standard","has-post-thumbnail","hentry","category-construccion"],"yoast_head":"<!-- This site is optimized with the Yoast SEO plugin v27.4 - https:\/\/yoast.com\/product\/yoast-seo-wordpress\/ -->\n<title>Enrique Tamez recibi\u00f3 el Premio de Ingenier\u00eda Ciudad de M\u00e9xico -<\/title>\n<meta name=\"description\" content=\"El ingeniero Enrique Tamez Gonz\u00e1lez fue reconocido con el Premio de Ingenier\u00eda Ciudad de M\u00e9xico 2016, durante la ceremonia realizada con motivo del D\u00eda Nacional del Ingeniero, el jefe de Gobierno de la ciudad de M\u00e9xico, Miguel \u00c1ngel Mancera fue quien entreg\u00f3 la distinci\u00f3n.\" \/>\n<meta name=\"robots\" content=\"index, follow, max-snippet:-1, max-image-preview:large, max-video-preview:-1\" \/>\n<link rel=\"canonical\" href=\"https:\/\/centrourbano.com\/revista\/construccion\/enrique-tamez-recibio-premio-ingenieria-ciudad-mexico\/\" \/>\n<meta property=\"og:locale\" content=\"es_ES\" \/>\n<meta property=\"og:type\" content=\"article\" \/>\n<meta property=\"og:title\" content=\"Enrique Tamez recibi\u00f3 el Premio de Ingenier\u00eda Ciudad de M\u00e9xico -\" \/>\n<meta property=\"og:description\" content=\"El ingeniero Enrique Tamez Gonz\u00e1lez fue reconocido con el Premio de Ingenier\u00eda Ciudad de M\u00e9xico 2016, durante la ceremonia realizada con motivo del D\u00eda Nacional del Ingeniero, el jefe de Gobierno de la ciudad de M\u00e9xico, Miguel \u00c1ngel Mancera fue quien entreg\u00f3 la distinci\u00f3n.\" \/>\n<meta property=\"og:url\" content=\"https:\/\/centrourbano.com\/revista\/construccion\/enrique-tamez-recibio-premio-ingenieria-ciudad-mexico\/\" \/>\n<meta property=\"og:site_name\" content=\"Centro Urbano\" \/>\n<meta property=\"article:publisher\" content=\"https:\/\/www.facebook.com\/portalcentrourbano\" \/>\n<meta property=\"article:published_time\" content=\"2016-07-01T21:49:30+00:00\" \/>\n<meta property=\"og:image\" content=\"https:\/\/centrourbano.com\/revista\/wp-content\/uploads\/010716-FOTO-MIGUEL-\u00c1NGEL-MANCERA-PREMIO-DE-INGENIER\u00cdA-CIUDAD-DE-M\u00c9XICO-2016-10.jpg\" \/>\n\t<meta property=\"og:image:width\" content=\"1000\" \/>\n\t<meta property=\"og:image:height\" content=\"633\" \/>\n\t<meta property=\"og:image:type\" content=\"image\/jpeg\" \/>\n<meta name=\"author\" content=\"Diego Rodr\u00edguez\" \/>\n<meta name=\"twitter:card\" content=\"summary_large_image\" \/>\n<meta name=\"twitter:creator\" content=\"@CentroUrbano\" \/>\n<meta name=\"twitter:site\" content=\"@CentroUrbano\" \/>\n<meta name=\"twitter:label1\" content=\"Escrito por\" \/>\n\t<meta name=\"twitter:data1\" content=\"Diego Rodr\u00edguez\" \/>\n\t<meta name=\"twitter:label2\" content=\"Tiempo de lectura\" \/>\n\t<meta name=\"twitter:data2\" content=\"2 minutos\" \/>\n<script type=\"application\/ld+json\" class=\"yoast-schema-graph\">{\"@context\":\"https:\\\/\\\/schema.org\",\"@graph\":[{\"@type\":\"Article\",\"@id\":\"https:\\\/\\\/centrourbano.com\\\/revista\\\/construccion\\\/enrique-tamez-recibio-premio-ingenieria-ciudad-mexico\\\/#article\",\"isPartOf\":{\"@id\":\"https:\\\/\\\/centrourbano.com\\\/revista\\\/construccion\\\/enrique-tamez-recibio-premio-ingenieria-ciudad-mexico\\\/\"},\"author\":{\"name\":\"Diego Rodr\u00edguez\",\"@id\":\"https:\\\/\\\/centrourbano.com\\\/revista\\\/#\\\/schema\\\/person\\\/b50192a3cd0e680841b45dc537f53970\"},\"headline\":\"Enrique Tamez recibi\u00f3 el Premio de Ingenier\u00eda Ciudad de M\u00e9xico\",\"datePublished\":\"2016-07-01T21:49:30+00:00\",\"mainEntityOfPage\":{\"@id\":\"https:\\\/\\\/centrourbano.com\\\/revista\\\/construccion\\\/enrique-tamez-recibio-premio-ingenieria-ciudad-mexico\\\/\"},\"wordCount\":503,\"commentCount\":0,\"publisher\":{\"@id\":\"https:\\\/\\\/centrourbano.com\\\/revista\\\/#organization\"},\"image\":{\"@id\":\"https:\\\/\\\/centrourbano.com\\\/revista\\\/construccion\\\/enrique-tamez-recibio-premio-ingenieria-ciudad-mexico\\\/#primaryimage\"},\"thumbnailUrl\":\"https:\\\/\\\/centrourbano.com\\\/revista\\\/wp-content\\\/uploads\\\/010716-FOTO-MIGUEL-\u00c1NGEL-MANCERA-PREMIO-DE-INGENIER\u00cdA-CIUDAD-DE-M\u00c9XICO-2016-10.jpg\",\"articleSection\":[\"Construcci\u00f3n\"],\"inLanguage\":\"es\",\"potentialAction\":[{\"@type\":\"CommentAction\",\"name\":\"Comment\",\"target\":[\"https:\\\/\\\/centrourbano.com\\\/revista\\\/construccion\\\/enrique-tamez-recibio-premio-ingenieria-ciudad-mexico\\\/#respond\"]}]},{\"@type\":\"WebPage\",\"@id\":\"https:\\\/\\\/centrourbano.com\\\/revista\\\/construccion\\\/enrique-tamez-recibio-premio-ingenieria-ciudad-mexico\\\/\",\"url\":\"https:\\\/\\\/centrourbano.com\\\/revista\\\/construccion\\\/enrique-tamez-recibio-premio-ingenieria-ciudad-mexico\\\/\",\"name\":\"Enrique Tamez recibi\u00f3 el Premio de Ingenier\u00eda Ciudad de M\u00e9xico -\",\"isPartOf\":{\"@id\":\"https:\\\/\\\/centrourbano.com\\\/revista\\\/#website\"},\"primaryImageOfPage\":{\"@id\":\"https:\\\/\\\/centrourbano.com\\\/revista\\\/construccion\\\/enrique-tamez-recibio-premio-ingenieria-ciudad-mexico\\\/#primaryimage\"},\"image\":{\"@id\":\"https:\\\/\\\/centrourbano.com\\\/revista\\\/construccion\\\/enrique-tamez-recibio-premio-ingenieria-ciudad-mexico\\\/#primaryimage\"},\"thumbnailUrl\":\"https:\\\/\\\/centrourbano.com\\\/revista\\\/wp-content\\\/uploads\\\/010716-FOTO-MIGUEL-\u00c1NGEL-MANCERA-PREMIO-DE-INGENIER\u00cdA-CIUDAD-DE-M\u00c9XICO-2016-10.jpg\",\"datePublished\":\"2016-07-01T21:49:30+00:00\",\"description\":\"El ingeniero Enrique Tamez Gonz\u00e1lez fue reconocido con el Premio de Ingenier\u00eda Ciudad de M\u00e9xico 2016, durante la ceremonia realizada con motivo del D\u00eda Nacional del Ingeniero, el jefe de Gobierno de la ciudad de M\u00e9xico, Miguel \u00c1ngel Mancera fue quien entreg\u00f3 la distinci\u00f3n.\",\"breadcrumb\":{\"@id\":\"https:\\\/\\\/centrourbano.com\\\/revista\\\/construccion\\\/enrique-tamez-recibio-premio-ingenieria-ciudad-mexico\\\/#breadcrumb\"},\"inLanguage\":\"es\",\"potentialAction\":[{\"@type\":\"ReadAction\",\"target\":[\"https:\\\/\\\/centrourbano.com\\\/revista\\\/construccion\\\/enrique-tamez-recibio-premio-ingenieria-ciudad-mexico\\\/\"]}]},{\"@type\":\"ImageObject\",\"inLanguage\":\"es\",\"@id\":\"https:\\\/\\\/centrourbano.com\\\/revista\\\/construccion\\\/enrique-tamez-recibio-premio-ingenieria-ciudad-mexico\\\/#primaryimage\",\"url\":\"https:\\\/\\\/centrourbano.com\\\/revista\\\/wp-content\\\/uploads\\\/010716-FOTO-MIGUEL-\u00c1NGEL-MANCERA-PREMIO-DE-INGENIER\u00cdA-CIUDAD-DE-M\u00c9XICO-2016-10.jpg\",\"contentUrl\":\"https:\\\/\\\/centrourbano.com\\\/revista\\\/wp-content\\\/uploads\\\/010716-FOTO-MIGUEL-\u00c1NGEL-MANCERA-PREMIO-DE-INGENIER\u00cdA-CIUDAD-DE-M\u00c9XICO-2016-10.jpg\",\"width\":1000,\"height\":633,\"caption\":\"Destacan su labor que lo ha colocado como referente mundial en mec\u00e1nica de suelos\"},{\"@type\":\"BreadcrumbList\",\"@id\":\"https:\\\/\\\/centrourbano.com\\\/revista\\\/construccion\\\/enrique-tamez-recibio-premio-ingenieria-ciudad-mexico\\\/#breadcrumb\",\"itemListElement\":[{\"@type\":\"ListItem\",\"position\":1,\"name\":\"Portada\",\"item\":\"https:\\\/\\\/centrourbano.com\\\/revista\\\/\"},{\"@type\":\"ListItem\",\"position\":2,\"name\":\"Enrique Tamez recibi\u00f3 el Premio de Ingenier\u00eda Ciudad de M\u00e9xico\"}]},{\"@type\":\"WebSite\",\"@id\":\"https:\\\/\\\/centrourbano.com\\\/revista\\\/#website\",\"url\":\"https:\\\/\\\/centrourbano.com\\\/revista\\\/\",\"name\":\"Centro Urbano\",\"description\":\"Medio especializado en los sectores vivienda, inmobiliario, construcci\u00f3n, arquitectura y urbanismo.\",\"publisher\":{\"@id\":\"https:\\\/\\\/centrourbano.com\\\/revista\\\/#organization\"},\"potentialAction\":[{\"@type\":\"SearchAction\",\"target\":{\"@type\":\"EntryPoint\",\"urlTemplate\":\"https:\\\/\\\/centrourbano.com\\\/revista\\\/?s={search_term_string}\"},\"query-input\":{\"@type\":\"PropertyValueSpecification\",\"valueRequired\":true,\"valueName\":\"search_term_string\"}}],\"inLanguage\":\"es\"},{\"@type\":\"Organization\",\"@id\":\"https:\\\/\\\/centrourbano.com\\\/revista\\\/#organization\",\"name\":\"Centro Urbano\",\"url\":\"https:\\\/\\\/centrourbano.com\\\/revista\\\/\",\"logo\":{\"@type\":\"ImageObject\",\"inLanguage\":\"es\",\"@id\":\"https:\\\/\\\/centrourbano.com\\\/revista\\\/#\\\/schema\\\/logo\\\/image\\\/\",\"url\":\"https:\\\/\\\/centrourbano.com\\\/revista\\\/wp-content\\\/uploads\\\/web_CU_logo-1.png\",\"contentUrl\":\"https:\\\/\\\/centrourbano.com\\\/revista\\\/wp-content\\\/uploads\\\/web_CU_logo-1.png\",\"width\":350,\"height\":91,\"caption\":\"Centro Urbano\"},\"image\":{\"@id\":\"https:\\\/\\\/centrourbano.com\\\/revista\\\/#\\\/schema\\\/logo\\\/image\\\/\"},\"sameAs\":[\"https:\\\/\\\/www.facebook.com\\\/portalcentrourbano\",\"https:\\\/\\\/x.com\\\/CentroUrbano\",\"https:\\\/\\\/www.instagram.com\\\/centro_urbano\\\/\",\"https:\\\/\\\/www.linkedin.com\\\/company\\\/centro-urbano\\\/\",\"http:\\\/\\\/www.youtube.com\\\/user\\\/portalcentrourbano\"]},{\"@type\":\"Person\",\"@id\":\"https:\\\/\\\/centrourbano.com\\\/revista\\\/#\\\/schema\\\/person\\\/b50192a3cd0e680841b45dc537f53970\",\"name\":\"Diego Rodr\u00edguez\",\"image\":{\"@type\":\"ImageObject\",\"inLanguage\":\"es\",\"@id\":\"https:\\\/\\\/secure.gravatar.com\\\/avatar\\\/d217565525df2df5d4e7265d47758506f41845ed9529510921a7625d8365789d?s=96&d=mm&r=g\",\"url\":\"https:\\\/\\\/secure.gravatar.com\\\/avatar\\\/d217565525df2df5d4e7265d47758506f41845ed9529510921a7625d8365789d?s=96&d=mm&r=g\",\"contentUrl\":\"https:\\\/\\\/secure.gravatar.com\\\/avatar\\\/d217565525df2df5d4e7265d47758506f41845ed9529510921a7625d8365789d?s=96&d=mm&r=g\",\"caption\":\"Diego Rodr\u00edguez\"},\"description\":\"Egresado de la Facultad de Estudios Superiores Acatl\u00e1n de la carrera en Comunicaci\u00f3n, con especialidad en medios escritos. Reportero del desaparecido peri\u00f3dico Nuestro M\u00e9xico, en donde cubri\u00f3 las fuentes delegacionales y Asamblea Legislativa. Tambi\u00e9n trabaj\u00f3 en la Coordinaci\u00f3n de Comunicaci\u00f3n Social en la delegaci\u00f3n \u00c1lvaro Obreg\u00f3n. Le gusta leer novelas y cuentos.\",\"url\":\"https:\\\/\\\/centrourbano.com\\\/revista\\\/author\\\/diegorodriguez\\\/\"}]}<\/script>\n<!-- \/ Yoast SEO plugin. -->","yoast_head_json":{"title":"Enrique Tamez recibi\u00f3 el Premio de Ingenier\u00eda Ciudad de M\u00e9xico -","description":"El ingeniero Enrique Tamez Gonz\u00e1lez fue reconocido con el Premio de Ingenier\u00eda Ciudad de M\u00e9xico 2016, durante la ceremonia realizada con motivo del D\u00eda Nacional del Ingeniero, el jefe de Gobierno de la ciudad de M\u00e9xico, Miguel \u00c1ngel Mancera fue quien entreg\u00f3 la distinci\u00f3n.","robots":{"index":"index","follow":"follow","max-snippet":"max-snippet:-1","max-image-preview":"max-image-preview:large","max-video-preview":"max-video-preview:-1"},"canonical":"https:\/\/centrourbano.com\/revista\/construccion\/enrique-tamez-recibio-premio-ingenieria-ciudad-mexico\/","og_locale":"es_ES","og_type":"article","og_title":"Enrique Tamez recibi\u00f3 el Premio de Ingenier\u00eda Ciudad de M\u00e9xico -","og_description":"El ingeniero Enrique Tamez Gonz\u00e1lez fue reconocido con el Premio de Ingenier\u00eda Ciudad de M\u00e9xico 2016, durante la ceremonia realizada con motivo del D\u00eda Nacional del Ingeniero, el jefe de Gobierno de la ciudad de M\u00e9xico, Miguel \u00c1ngel Mancera fue quien entreg\u00f3 la distinci\u00f3n.","og_url":"https:\/\/centrourbano.com\/revista\/construccion\/enrique-tamez-recibio-premio-ingenieria-ciudad-mexico\/","og_site_name":"Centro Urbano","article_publisher":"https:\/\/www.facebook.com\/portalcentrourbano","article_published_time":"2016-07-01T21:49:30+00:00","og_image":[{"width":1000,"height":633,"url":"https:\/\/centrourbano.com\/revista\/wp-content\/uploads\/010716-FOTO-MIGUEL-\u00c1NGEL-MANCERA-PREMIO-DE-INGENIER\u00cdA-CIUDAD-DE-M\u00c9XICO-2016-10.jpg","type":"image\/jpeg"}],"author":"Diego Rodr\u00edguez","twitter_card":"summary_large_image","twitter_creator":"@CentroUrbano","twitter_site":"@CentroUrbano","twitter_misc":{"Escrito por":"Diego Rodr\u00edguez","Tiempo de lectura":"2 minutos"},"schema":{"@context":"https:\/\/schema.org","@graph":[{"@type":"Article","@id":"https:\/\/centrourbano.com\/revista\/construccion\/enrique-tamez-recibio-premio-ingenieria-ciudad-mexico\/#article","isPartOf":{"@id":"https:\/\/centrourbano.com\/revista\/construccion\/enrique-tamez-recibio-premio-ingenieria-ciudad-mexico\/"},"author":{"name":"Diego Rodr\u00edguez","@id":"https:\/\/centrourbano.com\/revista\/#\/schema\/person\/b50192a3cd0e680841b45dc537f53970"},"headline":"Enrique Tamez recibi\u00f3 el Premio de Ingenier\u00eda Ciudad de M\u00e9xico","datePublished":"2016-07-01T21:49:30+00:00","mainEntityOfPage":{"@id":"https:\/\/centrourbano.com\/revista\/construccion\/enrique-tamez-recibio-premio-ingenieria-ciudad-mexico\/"},"wordCount":503,"commentCount":0,"publisher":{"@id":"https:\/\/centrourbano.com\/revista\/#organization"},"image":{"@id":"https:\/\/centrourbano.com\/revista\/construccion\/enrique-tamez-recibio-premio-ingenieria-ciudad-mexico\/#primaryimage"},"thumbnailUrl":"https:\/\/centrourbano.com\/revista\/wp-content\/uploads\/010716-FOTO-MIGUEL-\u00c1NGEL-MANCERA-PREMIO-DE-INGENIER\u00cdA-CIUDAD-DE-M\u00c9XICO-2016-10.jpg","articleSection":["Construcci\u00f3n"],"inLanguage":"es","potentialAction":[{"@type":"CommentAction","name":"Comment","target":["https:\/\/centrourbano.com\/revista\/construccion\/enrique-tamez-recibio-premio-ingenieria-ciudad-mexico\/#respond"]}]},{"@type":"WebPage","@id":"https:\/\/centrourbano.com\/revista\/construccion\/enrique-tamez-recibio-premio-ingenieria-ciudad-mexico\/","url":"https:\/\/centrourbano.com\/revista\/construccion\/enrique-tamez-recibio-premio-ingenieria-ciudad-mexico\/","name":"Enrique Tamez recibi\u00f3 el Premio de Ingenier\u00eda Ciudad de M\u00e9xico -","isPartOf":{"@id":"https:\/\/centrourbano.com\/revista\/#website"},"primaryImageOfPage":{"@id":"https:\/\/centrourbano.com\/revista\/construccion\/enrique-tamez-recibio-premio-ingenieria-ciudad-mexico\/#primaryimage"},"image":{"@id":"https:\/\/centrourbano.com\/revista\/construccion\/enrique-tamez-recibio-premio-ingenieria-ciudad-mexico\/#primaryimage"},"thumbnailUrl":"https:\/\/centrourbano.com\/revista\/wp-content\/uploads\/010716-FOTO-MIGUEL-\u00c1NGEL-MANCERA-PREMIO-DE-INGENIER\u00cdA-CIUDAD-DE-M\u00c9XICO-2016-10.jpg","datePublished":"2016-07-01T21:49:30+00:00","description":"El ingeniero Enrique Tamez Gonz\u00e1lez fue reconocido con el Premio de Ingenier\u00eda Ciudad de M\u00e9xico 2016, durante la ceremonia realizada con motivo del D\u00eda Nacional del Ingeniero, el jefe de Gobierno de la ciudad de M\u00e9xico, Miguel \u00c1ngel Mancera fue quien entreg\u00f3 la distinci\u00f3n.","breadcrumb":{"@id":"https:\/\/centrourbano.com\/revista\/construccion\/enrique-tamez-recibio-premio-ingenieria-ciudad-mexico\/#breadcrumb"},"inLanguage":"es","potentialAction":[{"@type":"ReadAction","target":["https:\/\/centrourbano.com\/revista\/construccion\/enrique-tamez-recibio-premio-ingenieria-ciudad-mexico\/"]}]},{"@type":"ImageObject","inLanguage":"es","@id":"https:\/\/centrourbano.com\/revista\/construccion\/enrique-tamez-recibio-premio-ingenieria-ciudad-mexico\/#primaryimage","url":"https:\/\/centrourbano.com\/revista\/wp-content\/uploads\/010716-FOTO-MIGUEL-\u00c1NGEL-MANCERA-PREMIO-DE-INGENIER\u00cdA-CIUDAD-DE-M\u00c9XICO-2016-10.jpg","contentUrl":"https:\/\/centrourbano.com\/revista\/wp-content\/uploads\/010716-FOTO-MIGUEL-\u00c1NGEL-MANCERA-PREMIO-DE-INGENIER\u00cdA-CIUDAD-DE-M\u00c9XICO-2016-10.jpg","width":1000,"height":633,"caption":"Destacan su labor que lo ha colocado como referente mundial en mec\u00e1nica de suelos"},{"@type":"BreadcrumbList","@id":"https:\/\/centrourbano.com\/revista\/construccion\/enrique-tamez-recibio-premio-ingenieria-ciudad-mexico\/#breadcrumb","itemListElement":[{"@type":"ListItem","position":1,"name":"Portada","item":"https:\/\/centrourbano.com\/revista\/"},{"@type":"ListItem","position":2,"name":"Enrique Tamez recibi\u00f3 el Premio de Ingenier\u00eda Ciudad de M\u00e9xico"}]},{"@type":"WebSite","@id":"https:\/\/centrourbano.com\/revista\/#website","url":"https:\/\/centrourbano.com\/revista\/","name":"Centro Urbano","description":"Medio especializado en los sectores vivienda, inmobiliario, construcci\u00f3n, arquitectura y urbanismo.","publisher":{"@id":"https:\/\/centrourbano.com\/revista\/#organization"},"potentialAction":[{"@type":"SearchAction","target":{"@type":"EntryPoint","urlTemplate":"https:\/\/centrourbano.com\/revista\/?s={search_term_string}"},"query-input":{"@type":"PropertyValueSpecification","valueRequired":true,"valueName":"search_term_string"}}],"inLanguage":"es"},{"@type":"Organization","@id":"https:\/\/centrourbano.com\/revista\/#organization","name":"Centro Urbano","url":"https:\/\/centrourbano.com\/revista\/","logo":{"@type":"ImageObject","inLanguage":"es","@id":"https:\/\/centrourbano.com\/revista\/#\/schema\/logo\/image\/","url":"https:\/\/centrourbano.com\/revista\/wp-content\/uploads\/web_CU_logo-1.png","contentUrl":"https:\/\/centrourbano.com\/revista\/wp-content\/uploads\/web_CU_logo-1.png","width":350,"height":91,"caption":"Centro Urbano"},"image":{"@id":"https:\/\/centrourbano.com\/revista\/#\/schema\/logo\/image\/"},"sameAs":["https:\/\/www.facebook.com\/portalcentrourbano","https:\/\/x.com\/CentroUrbano","https:\/\/www.instagram.com\/centro_urbano\/","https:\/\/www.linkedin.com\/company\/centro-urbano\/","http:\/\/www.youtube.com\/user\/portalcentrourbano"]},{"@type":"Person","@id":"https:\/\/centrourbano.com\/revista\/#\/schema\/person\/b50192a3cd0e680841b45dc537f53970","name":"Diego Rodr\u00edguez","image":{"@type":"ImageObject","inLanguage":"es","@id":"https:\/\/secure.gravatar.com\/avatar\/d217565525df2df5d4e7265d47758506f41845ed9529510921a7625d8365789d?s=96&d=mm&r=g","url":"https:\/\/secure.gravatar.com\/avatar\/d217565525df2df5d4e7265d47758506f41845ed9529510921a7625d8365789d?s=96&d=mm&r=g","contentUrl":"https:\/\/secure.gravatar.com\/avatar\/d217565525df2df5d4e7265d47758506f41845ed9529510921a7625d8365789d?s=96&d=mm&r=g","caption":"Diego Rodr\u00edguez"},"description":"Egresado de la Facultad de Estudios Superiores Acatl\u00e1n de la carrera en Comunicaci\u00f3n, con especialidad en medios escritos. Reportero del desaparecido peri\u00f3dico Nuestro M\u00e9xico, en donde cubri\u00f3 las fuentes delegacionales y Asamblea Legislativa. Tambi\u00e9n trabaj\u00f3 en la Coordinaci\u00f3n de Comunicaci\u00f3n Social en la delegaci\u00f3n \u00c1lvaro Obreg\u00f3n. Le gusta leer novelas y cuentos.","url":"https:\/\/centrourbano.com\/revista\/author\/diegorodriguez\/"}]}},"_links":{"self":[{"href":"https:\/\/centrourbano.com\/revista\/wp-json\/wp\/v2\/posts\/36793","targetHints":{"allow":["GET"]}}],"collection":[{"href":"https:\/\/centrourbano.com\/revista\/wp-json\/wp\/v2\/posts"}],"about":[{"href":"https:\/\/centrourbano.com\/revista\/wp-json\/wp\/v2\/types\/post"}],"author":[{"embeddable":true,"href":"https:\/\/centrourbano.com\/revista\/wp-json\/wp\/v2\/users\/37"}],"replies":[{"embeddable":true,"href":"https:\/\/centrourbano.com\/revista\/wp-json\/wp\/v2\/comments?post=36793"}],"version-history":[{"count":0,"href":"https:\/\/centrourbano.com\/revista\/wp-json\/wp\/v2\/posts\/36793\/revisions"}],"wp:featuredmedia":[{"embeddable":true,"href":"https:\/\/centrourbano.com\/revista\/wp-json\/wp\/v2\/media\/36815"}],"wp:attachment":[{"href":"https:\/\/centrourbano.com\/revista\/wp-json\/wp\/v2\/media?parent=36793"}],"wp:term":[{"taxonomy":"category","embeddable":true,"href":"https:\/\/centrourbano.com\/revista\/wp-json\/wp\/v2\/categories?post=36793"},{"taxonomy":"post_tag","embeddable":true,"href":"https:\/\/centrourbano.com\/revista\/wp-json\/wp\/v2\/tags?post=36793"}],"curies":[{"name":"wp","href":"https:\/\/api.w.org\/{rel}","templated":true}]}}