{"id":36536,"date":"2016-06-28T11:30:14","date_gmt":"2016-06-28T16:30:14","guid":{"rendered":"https:\/\/centrourbano.com\/?p=36536"},"modified":"2016-06-28T11:30:14","modified_gmt":"2016-06-28T16:30:14","slug":"fibra-macquarie-va-refinanciamiento-685-mdd","status":"publish","type":"post","link":"https:\/\/centrourbano.com\/revista\/inmobiliario\/fibra-macquarie-va-refinanciamiento-685-mdd\/","title":{"rendered":"Fibra Macquarie va por refinanciamiento de 685 mdd"},"content":{"rendered":"<p><em>Los activos ser\u00e1n usados para realizar pagos anticipados de deuda <\/em><!--more--><\/p>\n<p>Fibra Macquarie anunci\u00f3 la firma de un programa de refinanciamiento sin garant\u00eda por 685 millones de d\u00f3lares.<\/p>\n<p>Los recursos iniciales de 653 millones de d\u00f3lares, junto con 64 millones de d\u00f3lares de efectivo disponible, ser\u00e1n usados para realizar el pago anticipado de los cr\u00e9ditos garantizados al nivel de los activos de FIBRA Macquarie por 717 millones de d\u00f3lares que vencen en diciembre de 2017.<\/p>\n<p>\u201cCon la firma de estos contratos hemos dado un importante paso tanto hacia el fortalecimiento de nuestro balance general como hacia una mayor flexibilidad financiera\u201d, asegur\u00f3 la fibra.<\/p>\n<p>El refinanciamiento de los cr\u00e9ditos sin garant\u00eda es un componente importante del objetivo estrat\u00e9gico de Fibra Macquarie de una transici\u00f3n a una estructura de deuda predominantemente sin garant\u00eda. Se espera que el refinanciamiento genere beneficios significativos, incluyendo:<\/p>\n<p>\uf0b7 La extensi\u00f3n del vencimiento promedio ponderado de la deuda en circulaci\u00f3n a 4.2 a\u00f1os, comparada con 1.4 a\u00f1os a junio de 2016; y un perfil de refinanciamiento m\u00e1s balanceado;<\/p>\n<p>\uf0b7 Asegurar financiamiento de largo plazo, a tasa fija, con un costo promedio ponderado pro forma de la deuda de 5.1 por ciento por a\u00f1o;<\/p>\n<p>\uf0b7 Mayor flexibilidad en sustituci\u00f3n de activos para facilitar las iniciativas de administraci\u00f3n del portafolio, incluyendo un programa de reciclaje de activos;<\/p>\n<p>\uf0b7 Diversificaci\u00f3n de fuentes de financiamiento a una base m\u00e1s amplia de bancos locales e internacionales, as\u00ed como a compa\u00f1\u00edas aseguradoras l\u00edderes estadounidenses; y<\/p>\n<p>\uf0b7 Un balance general m\u00e1s eficiente y flexible, reduciendo el exceso de efectivo y a\u00f1adiendo una l\u00ednea de cr\u00e9dito revolvente para requerimientos de liquidez.<\/p>\n<p>\u201cEstamos complacidos con el apoyo que esta oferta ha recibido por parte de la comunidad inversionista\u201d, dijo Juan Monroy, director general de FIBRA Macquarie.<\/p>\n","protected":false},"excerpt":{"rendered":"<p>Los activos ser\u00e1n usados para realizar pagos anticipados de deuda<\/p>\n","protected":false},"author":36,"featured_media":36540,"comment_status":"open","ping_status":"closed","sticky":false,"template":"","format":"standard","meta":{"om_disable_all_campaigns":false,"inline_featured_image":false,"_monsterinsights_skip_tracking":false,"_monsterinsights_sitenote_active":false,"_monsterinsights_sitenote_note":"","_monsterinsights_sitenote_category":0,"footnotes":""},"categories":[15],"tags":[],"class_list":["post-36536","post","type-post","status-publish","format-standard","has-post-thumbnail","hentry","category-inmobiliario"],"yoast_head":"<!-- This site is optimized with the Yoast SEO plugin v27.4 - https:\/\/yoast.com\/product\/yoast-seo-wordpress\/ -->\n<title>Fibra Macquarie va por refinanciamiento de 685 mdd -<\/title>\n<meta name=\"description\" content=\"Los activos ser\u00e1n usados para realizar pagos anticipados de deuda Fibra Macquarie anunci\u00f3 la firma de un programa de refinanciamiento sin garant\u00eda por 685\" \/>\n<meta name=\"robots\" content=\"index, follow, max-snippet:-1, max-image-preview:large, max-video-preview:-1\" \/>\n<link rel=\"canonical\" href=\"https:\/\/centrourbano.com\/revista\/inmobiliario\/fibra-macquarie-va-refinanciamiento-685-mdd\/\" \/>\n<meta property=\"og:locale\" content=\"es_ES\" \/>\n<meta property=\"og:type\" content=\"article\" \/>\n<meta property=\"og:title\" content=\"Fibra Macquarie va por refinanciamiento de 685 mdd -\" \/>\n<meta property=\"og:description\" content=\"Los activos ser\u00e1n usados para realizar pagos anticipados de deuda Fibra Macquarie anunci\u00f3 la firma de un programa de refinanciamiento sin garant\u00eda por 685\" \/>\n<meta property=\"og:url\" content=\"https:\/\/centrourbano.com\/revista\/inmobiliario\/fibra-macquarie-va-refinanciamiento-685-mdd\/\" \/>\n<meta property=\"og:site_name\" content=\"Centro Urbano\" \/>\n<meta property=\"article:publisher\" content=\"https:\/\/www.facebook.com\/portalcentrourbano\" \/>\n<meta property=\"article:published_time\" content=\"2016-06-28T16:30:14+00:00\" \/>\n<meta property=\"og:image\" content=\"https:\/\/centrourbano.com\/revista\/wp-content\/uploads\/mexican-real-estate-investment-trust-3.jpg\" \/>\n\t<meta property=\"og:image:width\" content=\"517\" \/>\n\t<meta property=\"og:image:height\" content=\"375\" \/>\n\t<meta property=\"og:image:type\" content=\"image\/jpeg\" \/>\n<meta name=\"author\" content=\"Yareth Casanova\" \/>\n<meta name=\"twitter:card\" content=\"summary_large_image\" \/>\n<meta name=\"twitter:creator\" content=\"@CentroUrbano\" \/>\n<meta name=\"twitter:site\" content=\"@CentroUrbano\" \/>\n<meta name=\"twitter:label1\" content=\"Escrito por\" \/>\n\t<meta name=\"twitter:data1\" content=\"Yareth Casanova\" \/>\n\t<meta name=\"twitter:label2\" content=\"Tiempo de lectura\" \/>\n\t<meta name=\"twitter:data2\" content=\"2 minutos\" \/>\n<script type=\"application\/ld+json\" class=\"yoast-schema-graph\">{\"@context\":\"https:\\\/\\\/schema.org\",\"@graph\":[{\"@type\":\"Article\",\"@id\":\"https:\\\/\\\/centrourbano.com\\\/revista\\\/inmobiliario\\\/fibra-macquarie-va-refinanciamiento-685-mdd\\\/#article\",\"isPartOf\":{\"@id\":\"https:\\\/\\\/centrourbano.com\\\/revista\\\/inmobiliario\\\/fibra-macquarie-va-refinanciamiento-685-mdd\\\/\"},\"author\":{\"name\":\"Yareth Casanova\",\"@id\":\"https:\\\/\\\/centrourbano.com\\\/revista\\\/#\\\/schema\\\/person\\\/fa3124fc7c30aaf90c5e85dc5ce88a3d\"},\"headline\":\"Fibra Macquarie va por refinanciamiento de 685 mdd\",\"datePublished\":\"2016-06-28T16:30:14+00:00\",\"mainEntityOfPage\":{\"@id\":\"https:\\\/\\\/centrourbano.com\\\/revista\\\/inmobiliario\\\/fibra-macquarie-va-refinanciamiento-685-mdd\\\/\"},\"wordCount\":310,\"commentCount\":0,\"publisher\":{\"@id\":\"https:\\\/\\\/centrourbano.com\\\/revista\\\/#organization\"},\"image\":{\"@id\":\"https:\\\/\\\/centrourbano.com\\\/revista\\\/inmobiliario\\\/fibra-macquarie-va-refinanciamiento-685-mdd\\\/#primaryimage\"},\"thumbnailUrl\":\"https:\\\/\\\/centrourbano.com\\\/revista\\\/wp-content\\\/uploads\\\/mexican-real-estate-investment-trust-3.jpg\",\"articleSection\":[\"Inmobiliario\"],\"inLanguage\":\"es\",\"potentialAction\":[{\"@type\":\"CommentAction\",\"name\":\"Comment\",\"target\":[\"https:\\\/\\\/centrourbano.com\\\/revista\\\/inmobiliario\\\/fibra-macquarie-va-refinanciamiento-685-mdd\\\/#respond\"]}]},{\"@type\":\"WebPage\",\"@id\":\"https:\\\/\\\/centrourbano.com\\\/revista\\\/inmobiliario\\\/fibra-macquarie-va-refinanciamiento-685-mdd\\\/\",\"url\":\"https:\\\/\\\/centrourbano.com\\\/revista\\\/inmobiliario\\\/fibra-macquarie-va-refinanciamiento-685-mdd\\\/\",\"name\":\"Fibra Macquarie va por refinanciamiento de 685 mdd -\",\"isPartOf\":{\"@id\":\"https:\\\/\\\/centrourbano.com\\\/revista\\\/#website\"},\"primaryImageOfPage\":{\"@id\":\"https:\\\/\\\/centrourbano.com\\\/revista\\\/inmobiliario\\\/fibra-macquarie-va-refinanciamiento-685-mdd\\\/#primaryimage\"},\"image\":{\"@id\":\"https:\\\/\\\/centrourbano.com\\\/revista\\\/inmobiliario\\\/fibra-macquarie-va-refinanciamiento-685-mdd\\\/#primaryimage\"},\"thumbnailUrl\":\"https:\\\/\\\/centrourbano.com\\\/revista\\\/wp-content\\\/uploads\\\/mexican-real-estate-investment-trust-3.jpg\",\"datePublished\":\"2016-06-28T16:30:14+00:00\",\"description\":\"Los activos ser\u00e1n usados para realizar pagos anticipados de deuda Fibra Macquarie anunci\u00f3 la firma de un programa de refinanciamiento sin garant\u00eda por 685\",\"breadcrumb\":{\"@id\":\"https:\\\/\\\/centrourbano.com\\\/revista\\\/inmobiliario\\\/fibra-macquarie-va-refinanciamiento-685-mdd\\\/#breadcrumb\"},\"inLanguage\":\"es\",\"potentialAction\":[{\"@type\":\"ReadAction\",\"target\":[\"https:\\\/\\\/centrourbano.com\\\/revista\\\/inmobiliario\\\/fibra-macquarie-va-refinanciamiento-685-mdd\\\/\"]}]},{\"@type\":\"ImageObject\",\"inLanguage\":\"es\",\"@id\":\"https:\\\/\\\/centrourbano.com\\\/revista\\\/inmobiliario\\\/fibra-macquarie-va-refinanciamiento-685-mdd\\\/#primaryimage\",\"url\":\"https:\\\/\\\/centrourbano.com\\\/revista\\\/wp-content\\\/uploads\\\/mexican-real-estate-investment-trust-3.jpg\",\"contentUrl\":\"https:\\\/\\\/centrourbano.com\\\/revista\\\/wp-content\\\/uploads\\\/mexican-real-estate-investment-trust-3.jpg\",\"width\":517,\"height\":375},{\"@type\":\"BreadcrumbList\",\"@id\":\"https:\\\/\\\/centrourbano.com\\\/revista\\\/inmobiliario\\\/fibra-macquarie-va-refinanciamiento-685-mdd\\\/#breadcrumb\",\"itemListElement\":[{\"@type\":\"ListItem\",\"position\":1,\"name\":\"Portada\",\"item\":\"https:\\\/\\\/centrourbano.com\\\/revista\\\/\"},{\"@type\":\"ListItem\",\"position\":2,\"name\":\"Fibra Macquarie va por refinanciamiento de 685 mdd\"}]},{\"@type\":\"WebSite\",\"@id\":\"https:\\\/\\\/centrourbano.com\\\/revista\\\/#website\",\"url\":\"https:\\\/\\\/centrourbano.com\\\/revista\\\/\",\"name\":\"Centro Urbano\",\"description\":\"Medio especializado en los sectores vivienda, inmobiliario, construcci\u00f3n, arquitectura y urbanismo.\",\"publisher\":{\"@id\":\"https:\\\/\\\/centrourbano.com\\\/revista\\\/#organization\"},\"potentialAction\":[{\"@type\":\"SearchAction\",\"target\":{\"@type\":\"EntryPoint\",\"urlTemplate\":\"https:\\\/\\\/centrourbano.com\\\/revista\\\/?s={search_term_string}\"},\"query-input\":{\"@type\":\"PropertyValueSpecification\",\"valueRequired\":true,\"valueName\":\"search_term_string\"}}],\"inLanguage\":\"es\"},{\"@type\":\"Organization\",\"@id\":\"https:\\\/\\\/centrourbano.com\\\/revista\\\/#organization\",\"name\":\"Centro Urbano\",\"url\":\"https:\\\/\\\/centrourbano.com\\\/revista\\\/\",\"logo\":{\"@type\":\"ImageObject\",\"inLanguage\":\"es\",\"@id\":\"https:\\\/\\\/centrourbano.com\\\/revista\\\/#\\\/schema\\\/logo\\\/image\\\/\",\"url\":\"https:\\\/\\\/centrourbano.com\\\/revista\\\/wp-content\\\/uploads\\\/web_CU_logo-1.png\",\"contentUrl\":\"https:\\\/\\\/centrourbano.com\\\/revista\\\/wp-content\\\/uploads\\\/web_CU_logo-1.png\",\"width\":350,\"height\":91,\"caption\":\"Centro Urbano\"},\"image\":{\"@id\":\"https:\\\/\\\/centrourbano.com\\\/revista\\\/#\\\/schema\\\/logo\\\/image\\\/\"},\"sameAs\":[\"https:\\\/\\\/www.facebook.com\\\/portalcentrourbano\",\"https:\\\/\\\/x.com\\\/CentroUrbano\",\"https:\\\/\\\/www.instagram.com\\\/centro_urbano\\\/\",\"https:\\\/\\\/www.linkedin.com\\\/company\\\/centro-urbano\\\/\",\"http:\\\/\\\/www.youtube.com\\\/user\\\/portalcentrourbano\"]},{\"@type\":\"Person\",\"@id\":\"https:\\\/\\\/centrourbano.com\\\/revista\\\/#\\\/schema\\\/person\\\/fa3124fc7c30aaf90c5e85dc5ce88a3d\",\"name\":\"Yareth Casanova\",\"image\":{\"@type\":\"ImageObject\",\"inLanguage\":\"es\",\"@id\":\"https:\\\/\\\/secure.gravatar.com\\\/avatar\\\/cc5021d028a26acc18cd90754b870114c9449717d0cf43cc142712f089324f6d?s=96&d=mm&r=g\",\"url\":\"https:\\\/\\\/secure.gravatar.com\\\/avatar\\\/cc5021d028a26acc18cd90754b870114c9449717d0cf43cc142712f089324f6d?s=96&d=mm&r=g\",\"contentUrl\":\"https:\\\/\\\/secure.gravatar.com\\\/avatar\\\/cc5021d028a26acc18cd90754b870114c9449717d0cf43cc142712f089324f6d?s=96&d=mm&r=g\",\"caption\":\"Yareth Casanova\"},\"description\":\"Egresada de la Universidad del Valle de M\u00e9xico en Ciencias de la Comunicaci\u00f3n. Fungi\u00f3 como community manager en el Senado de la Rep\u00fablica y como becaria en editorial Televisa. Actualmente se desempe\u00f1a como community manager y reportera en Centro Urbano. Es amante de los perros y sus pasiones son el baile, el cine, la pol\u00edtica y la moda.\",\"url\":\"https:\\\/\\\/centrourbano.com\\\/revista\\\/author\\\/yarethcu\\\/\"}]}<\/script>\n<!-- \/ Yoast SEO plugin. -->","yoast_head_json":{"title":"Fibra Macquarie va por refinanciamiento de 685 mdd -","description":"Los activos ser\u00e1n usados para realizar pagos anticipados de deuda Fibra Macquarie anunci\u00f3 la firma de un programa de refinanciamiento sin garant\u00eda por 685","robots":{"index":"index","follow":"follow","max-snippet":"max-snippet:-1","max-image-preview":"max-image-preview:large","max-video-preview":"max-video-preview:-1"},"canonical":"https:\/\/centrourbano.com\/revista\/inmobiliario\/fibra-macquarie-va-refinanciamiento-685-mdd\/","og_locale":"es_ES","og_type":"article","og_title":"Fibra Macquarie va por refinanciamiento de 685 mdd -","og_description":"Los activos ser\u00e1n usados para realizar pagos anticipados de deuda Fibra Macquarie anunci\u00f3 la firma de un programa de refinanciamiento sin garant\u00eda por 685","og_url":"https:\/\/centrourbano.com\/revista\/inmobiliario\/fibra-macquarie-va-refinanciamiento-685-mdd\/","og_site_name":"Centro Urbano","article_publisher":"https:\/\/www.facebook.com\/portalcentrourbano","article_published_time":"2016-06-28T16:30:14+00:00","og_image":[{"width":517,"height":375,"url":"https:\/\/centrourbano.com\/revista\/wp-content\/uploads\/mexican-real-estate-investment-trust-3.jpg","type":"image\/jpeg"}],"author":"Yareth Casanova","twitter_card":"summary_large_image","twitter_creator":"@CentroUrbano","twitter_site":"@CentroUrbano","twitter_misc":{"Escrito por":"Yareth Casanova","Tiempo de lectura":"2 minutos"},"schema":{"@context":"https:\/\/schema.org","@graph":[{"@type":"Article","@id":"https:\/\/centrourbano.com\/revista\/inmobiliario\/fibra-macquarie-va-refinanciamiento-685-mdd\/#article","isPartOf":{"@id":"https:\/\/centrourbano.com\/revista\/inmobiliario\/fibra-macquarie-va-refinanciamiento-685-mdd\/"},"author":{"name":"Yareth Casanova","@id":"https:\/\/centrourbano.com\/revista\/#\/schema\/person\/fa3124fc7c30aaf90c5e85dc5ce88a3d"},"headline":"Fibra Macquarie va por refinanciamiento de 685 mdd","datePublished":"2016-06-28T16:30:14+00:00","mainEntityOfPage":{"@id":"https:\/\/centrourbano.com\/revista\/inmobiliario\/fibra-macquarie-va-refinanciamiento-685-mdd\/"},"wordCount":310,"commentCount":0,"publisher":{"@id":"https:\/\/centrourbano.com\/revista\/#organization"},"image":{"@id":"https:\/\/centrourbano.com\/revista\/inmobiliario\/fibra-macquarie-va-refinanciamiento-685-mdd\/#primaryimage"},"thumbnailUrl":"https:\/\/centrourbano.com\/revista\/wp-content\/uploads\/mexican-real-estate-investment-trust-3.jpg","articleSection":["Inmobiliario"],"inLanguage":"es","potentialAction":[{"@type":"CommentAction","name":"Comment","target":["https:\/\/centrourbano.com\/revista\/inmobiliario\/fibra-macquarie-va-refinanciamiento-685-mdd\/#respond"]}]},{"@type":"WebPage","@id":"https:\/\/centrourbano.com\/revista\/inmobiliario\/fibra-macquarie-va-refinanciamiento-685-mdd\/","url":"https:\/\/centrourbano.com\/revista\/inmobiliario\/fibra-macquarie-va-refinanciamiento-685-mdd\/","name":"Fibra Macquarie va por refinanciamiento de 685 mdd -","isPartOf":{"@id":"https:\/\/centrourbano.com\/revista\/#website"},"primaryImageOfPage":{"@id":"https:\/\/centrourbano.com\/revista\/inmobiliario\/fibra-macquarie-va-refinanciamiento-685-mdd\/#primaryimage"},"image":{"@id":"https:\/\/centrourbano.com\/revista\/inmobiliario\/fibra-macquarie-va-refinanciamiento-685-mdd\/#primaryimage"},"thumbnailUrl":"https:\/\/centrourbano.com\/revista\/wp-content\/uploads\/mexican-real-estate-investment-trust-3.jpg","datePublished":"2016-06-28T16:30:14+00:00","description":"Los activos ser\u00e1n usados para realizar pagos anticipados de deuda Fibra Macquarie anunci\u00f3 la firma de un programa de refinanciamiento sin garant\u00eda por 685","breadcrumb":{"@id":"https:\/\/centrourbano.com\/revista\/inmobiliario\/fibra-macquarie-va-refinanciamiento-685-mdd\/#breadcrumb"},"inLanguage":"es","potentialAction":[{"@type":"ReadAction","target":["https:\/\/centrourbano.com\/revista\/inmobiliario\/fibra-macquarie-va-refinanciamiento-685-mdd\/"]}]},{"@type":"ImageObject","inLanguage":"es","@id":"https:\/\/centrourbano.com\/revista\/inmobiliario\/fibra-macquarie-va-refinanciamiento-685-mdd\/#primaryimage","url":"https:\/\/centrourbano.com\/revista\/wp-content\/uploads\/mexican-real-estate-investment-trust-3.jpg","contentUrl":"https:\/\/centrourbano.com\/revista\/wp-content\/uploads\/mexican-real-estate-investment-trust-3.jpg","width":517,"height":375},{"@type":"BreadcrumbList","@id":"https:\/\/centrourbano.com\/revista\/inmobiliario\/fibra-macquarie-va-refinanciamiento-685-mdd\/#breadcrumb","itemListElement":[{"@type":"ListItem","position":1,"name":"Portada","item":"https:\/\/centrourbano.com\/revista\/"},{"@type":"ListItem","position":2,"name":"Fibra Macquarie va por refinanciamiento de 685 mdd"}]},{"@type":"WebSite","@id":"https:\/\/centrourbano.com\/revista\/#website","url":"https:\/\/centrourbano.com\/revista\/","name":"Centro Urbano","description":"Medio especializado en los sectores vivienda, inmobiliario, construcci\u00f3n, arquitectura y urbanismo.","publisher":{"@id":"https:\/\/centrourbano.com\/revista\/#organization"},"potentialAction":[{"@type":"SearchAction","target":{"@type":"EntryPoint","urlTemplate":"https:\/\/centrourbano.com\/revista\/?s={search_term_string}"},"query-input":{"@type":"PropertyValueSpecification","valueRequired":true,"valueName":"search_term_string"}}],"inLanguage":"es"},{"@type":"Organization","@id":"https:\/\/centrourbano.com\/revista\/#organization","name":"Centro Urbano","url":"https:\/\/centrourbano.com\/revista\/","logo":{"@type":"ImageObject","inLanguage":"es","@id":"https:\/\/centrourbano.com\/revista\/#\/schema\/logo\/image\/","url":"https:\/\/centrourbano.com\/revista\/wp-content\/uploads\/web_CU_logo-1.png","contentUrl":"https:\/\/centrourbano.com\/revista\/wp-content\/uploads\/web_CU_logo-1.png","width":350,"height":91,"caption":"Centro Urbano"},"image":{"@id":"https:\/\/centrourbano.com\/revista\/#\/schema\/logo\/image\/"},"sameAs":["https:\/\/www.facebook.com\/portalcentrourbano","https:\/\/x.com\/CentroUrbano","https:\/\/www.instagram.com\/centro_urbano\/","https:\/\/www.linkedin.com\/company\/centro-urbano\/","http:\/\/www.youtube.com\/user\/portalcentrourbano"]},{"@type":"Person","@id":"https:\/\/centrourbano.com\/revista\/#\/schema\/person\/fa3124fc7c30aaf90c5e85dc5ce88a3d","name":"Yareth Casanova","image":{"@type":"ImageObject","inLanguage":"es","@id":"https:\/\/secure.gravatar.com\/avatar\/cc5021d028a26acc18cd90754b870114c9449717d0cf43cc142712f089324f6d?s=96&d=mm&r=g","url":"https:\/\/secure.gravatar.com\/avatar\/cc5021d028a26acc18cd90754b870114c9449717d0cf43cc142712f089324f6d?s=96&d=mm&r=g","contentUrl":"https:\/\/secure.gravatar.com\/avatar\/cc5021d028a26acc18cd90754b870114c9449717d0cf43cc142712f089324f6d?s=96&d=mm&r=g","caption":"Yareth Casanova"},"description":"Egresada de la Universidad del Valle de M\u00e9xico en Ciencias de la Comunicaci\u00f3n. Fungi\u00f3 como community manager en el Senado de la Rep\u00fablica y como becaria en editorial Televisa. Actualmente se desempe\u00f1a como community manager y reportera en Centro Urbano. Es amante de los perros y sus pasiones son el baile, el cine, la pol\u00edtica y la moda.","url":"https:\/\/centrourbano.com\/revista\/author\/yarethcu\/"}]}},"_links":{"self":[{"href":"https:\/\/centrourbano.com\/revista\/wp-json\/wp\/v2\/posts\/36536","targetHints":{"allow":["GET"]}}],"collection":[{"href":"https:\/\/centrourbano.com\/revista\/wp-json\/wp\/v2\/posts"}],"about":[{"href":"https:\/\/centrourbano.com\/revista\/wp-json\/wp\/v2\/types\/post"}],"author":[{"embeddable":true,"href":"https:\/\/centrourbano.com\/revista\/wp-json\/wp\/v2\/users\/36"}],"replies":[{"embeddable":true,"href":"https:\/\/centrourbano.com\/revista\/wp-json\/wp\/v2\/comments?post=36536"}],"version-history":[{"count":0,"href":"https:\/\/centrourbano.com\/revista\/wp-json\/wp\/v2\/posts\/36536\/revisions"}],"wp:featuredmedia":[{"embeddable":true,"href":"https:\/\/centrourbano.com\/revista\/wp-json\/wp\/v2\/media\/36540"}],"wp:attachment":[{"href":"https:\/\/centrourbano.com\/revista\/wp-json\/wp\/v2\/media?parent=36536"}],"wp:term":[{"taxonomy":"category","embeddable":true,"href":"https:\/\/centrourbano.com\/revista\/wp-json\/wp\/v2\/categories?post=36536"},{"taxonomy":"post_tag","embeddable":true,"href":"https:\/\/centrourbano.com\/revista\/wp-json\/wp\/v2\/tags?post=36536"}],"curies":[{"name":"wp","href":"https:\/\/api.w.org\/{rel}","templated":true}]}}