{"id":36535,"date":"2016-06-28T11:22:04","date_gmt":"2016-06-28T16:22:04","guid":{"rendered":"https:\/\/centrourbano.com\/?p=36535"},"modified":"2016-06-28T11:22:04","modified_gmt":"2016-06-28T16:22:04","slug":"sector-inmobiliario-motor-la-economia-mancera","status":"publish","type":"post","link":"https:\/\/centrourbano.com\/revista\/publicaciones\/sector-inmobiliario-motor-la-economia-mancera\/","title":{"rendered":"Sector inmobiliario, motor de la econom\u00eda: Mancera"},"content":{"rendered":"<p><em>Miguel \u00c1ngel Mancera, jefe de Gobierno de la Ciudad de M\u00e9xico reconoci\u00f3 el trabajo que realiza la Asociaci\u00f3n de Desarrolladores Inmobiliarios (ADI), ya que con las inversiones millonarias todos ganan en la ciudad, pues se generan fuentes de empleo, incrementa la plusval\u00eda de la ciudad y se proyecta a nivel internacional<\/em><!--more--><\/p>\n<p>\u201cUstedes son uno de los principales motores de esta transformaci\u00f3n de la ciudad. Cada vez que observas el video actualizado de ADI, te das cuenta de c\u00f3mo se va transformando esta gran ciudad. Por eso, reconozco todo el trabajo realizado durante la gesti\u00f3n del presidente saliente, Jaime Alverde. Tambi\u00e9n felicitar a Salvador Daniel Kabbaz y cada uno de los nuevos integrantes del Comit\u00e9 Directivo que ahora rinde protesta\u201d.<br \/>\nEl mandatario capitalino habl\u00f3 sobre algunos de los compromisos que asumieron ambas partes, como la evaluaci\u00f3n que les hace con el Colegio de Ingenieros, quienes dictaminan el expediente de cada uno de los proyectos y as\u00ed llegar a la delegaci\u00f3n correspondiente con el documento que ya fue analizado en todos sus aspectos.<\/p>\n<p>Adem\u00e1s, invit\u00f3 a los desarrolladores a realizar buenas pr\u00e1cticas y denunciar las conductas que no se apeguen a la legalidad, ya que estas conductas no deben da\u00f1ar la imagen de la ciudad.<\/p>\n<p>\u201cSeguimos apoyando otras iniciativas que tambi\u00e9n han surgido en ADI; he encargado al equipo t\u00e9cnico de la Secretar\u00eda de Desarrollo Social, al Sistema de Aguas, a Medio Ambiente, para que revisen todos los tr\u00e1mites que estamos exigiendo a los desarrolladores, para que se analicen, se compacten y sigamos en esta l\u00ednea que es de simplificaci\u00f3n administrativa\u201d.<\/p>\n<p>Felicit\u00f3 tambi\u00e9n a la ADI por haber logrado a mitad de su gobierno una inversi\u00f3n de 9,000 millones de d\u00f3lares, cifra que estaba proyectada que se aplicar\u00eda durante toda su administraci\u00f3n. Asegur\u00f3 que por inversiones como esas, el Producto Interno Bruto (PIB) le permite ser una de las 20 econom\u00edas m\u00e1s grande del mundo y puede concentrar 8.2% de los empleos que se generan el pa\u00eds.   <\/p>\n<p>Mancera Espinosa resalt\u00f3 la implementaci\u00f3n de tecnolog\u00edas que ayudan al cuidado del medio ambiente en los desarrollos de la ADI, tarea que se ha reforzado desde la \u00faltima reuni\u00f3n que tuvo el Gobierno de la ciudad con la Asociaci\u00f3n. Incluso, en algunos edificios se han colocado cargadores para veh\u00edculos el\u00e9ctricos, situaci\u00f3n que puede promover el uso de este tipo de autos, que por usar este tipo de tecnolog\u00edas no pagan tenencia ni verificaci\u00f3n.    <\/p>\n<p>El jefe de Gobierno dijo tambi\u00e9n que va a solicitar la colaboraci\u00f3n de la ADI, as\u00ed como de otras organizaciones, para reforestar la ciudad. De inicio la administraci\u00f3n local tiene un presupuesto de 50 millones de pesos, con el que se adquiri\u00f3 equipamiento especial y la compra de 3,500 \u00e1rboles.<\/p>\n<p>\u201cNo vamos a sembrar plantas chiquitas, tenemos que sembrar \u00e1rboles consolidados, que cuando menos tienen de 8 a 10 metros de altura, que son los que necesita la ciudad. Y le vamos a pedir a la ADI que se sume tambi\u00e9n a esta tarea, ya hemos tenido una respuesta importante de Monte de Piedad, de Banamex, de Santander y todos los que nos quieran ayudar van a ser muy bienvenidos\u201d.<\/p>\n<p>Para terminar, Mancera dese\u00f3 \u00e9xito a los desarrolladores en sus proyectos e inversiones, pues \u00e9stas son permanentes en la ciudad y permanecen y se incrementan a lo largo de varios gobiernos.<\/p>\n","protected":false},"excerpt":{"rendered":"<p>Miguel \u00c1ngel Mancera, jefe de Gobierno de la Ciudad de M\u00e9xico reconoci\u00f3 el trabajo que realiza la Asociaci\u00f3n de Desarrolladores Inmobiliarios (ADI), ya que con las inversiones millonarias todos ganan en la ciudad, pues se generan fuentes de empleo, incrementa la plusval\u00eda de la ciudad y se proyecta a nivel internacional<\/p>\n","protected":false},"author":37,"featured_media":36537,"comment_status":"open","ping_status":"closed","sticky":false,"template":"","format":"standard","meta":{"om_disable_all_campaigns":false,"inline_featured_image":false,"_monsterinsights_skip_tracking":false,"_monsterinsights_sitenote_active":false,"_monsterinsights_sitenote_note":"","_monsterinsights_sitenote_category":0,"footnotes":""},"categories":[4,7115],"tags":[1109,21,229,1432],"class_list":["post-36535","post","type-post","status-publish","format-standard","has-post-thumbnail","hentry","category-publicaciones","category-revista-inversion-inmobiliaria","tag-adi","tag-inmobiliario-2","tag-miguel-angel-mancera","tag-the-real-estate-show"],"yoast_head":"<!-- This site is optimized with the Yoast SEO plugin v27.4 - https:\/\/yoast.com\/product\/yoast-seo-wordpress\/ -->\n<title>Sector inmobiliario, motor de la econom\u00eda: Mancera<\/title>\n<meta name=\"description\" content=\"Miguel \u00c1ngel Mancera, jefe de Gobierno de la Ciudad de M\u00e9xico reconoci\u00f3 el trabajo que realiza la Asociaci\u00f3n de Desarrolladores Inmobiliarios (ADI), ya que con las inversiones millonarias todos ganan en la ciudad, pues se generan fuentes de empleo, incrementa la plusval\u00eda de la ciudad y se proyecta a nivel internacional\" \/>\n<meta name=\"robots\" content=\"index, follow, max-snippet:-1, max-image-preview:large, max-video-preview:-1\" \/>\n<link rel=\"canonical\" href=\"https:\/\/centrourbano.com\/revista\/publicaciones\/sector-inmobiliario-motor-la-economia-mancera\/\" \/>\n<meta property=\"og:locale\" content=\"es_ES\" \/>\n<meta property=\"og:type\" content=\"article\" \/>\n<meta property=\"og:title\" content=\"Sector inmobiliario, motor de la econom\u00eda: Mancera\" \/>\n<meta property=\"og:description\" content=\"Miguel \u00c1ngel Mancera, jefe de Gobierno de la Ciudad de M\u00e9xico reconoci\u00f3 el trabajo que realiza la Asociaci\u00f3n de Desarrolladores Inmobiliarios (ADI), ya que con las inversiones millonarias todos ganan en la ciudad, pues se generan fuentes de empleo, incrementa la plusval\u00eda de la ciudad y se proyecta a nivel internacional\" \/>\n<meta property=\"og:url\" content=\"https:\/\/centrourbano.com\/revista\/publicaciones\/sector-inmobiliario-motor-la-economia-mancera\/\" \/>\n<meta property=\"og:site_name\" content=\"Centro Urbano\" \/>\n<meta property=\"article:publisher\" content=\"https:\/\/www.facebook.com\/portalcentrourbano\" \/>\n<meta property=\"article:published_time\" content=\"2016-06-28T16:22:04+00:00\" \/>\n<meta property=\"og:image\" content=\"https:\/\/centrourbano.com\/revista\/wp-content\/uploads\/200416-MIGUEL-\u00c1NGEL-MANCERA-THE-REAL-ESTATE-SHOW-7.jpg\" \/>\n\t<meta property=\"og:image:width\" content=\"781\" \/>\n\t<meta property=\"og:image:height\" content=\"668\" \/>\n\t<meta property=\"og:image:type\" content=\"image\/jpeg\" \/>\n<meta name=\"author\" content=\"Diego Rodr\u00edguez\" \/>\n<meta name=\"twitter:card\" content=\"summary_large_image\" \/>\n<meta name=\"twitter:creator\" content=\"@CentroUrbano\" \/>\n<meta name=\"twitter:site\" content=\"@CentroUrbano\" \/>\n<meta name=\"twitter:label1\" content=\"Escrito por\" \/>\n\t<meta name=\"twitter:data1\" content=\"Diego Rodr\u00edguez\" \/>\n\t<meta name=\"twitter:label2\" content=\"Tiempo de lectura\" \/>\n\t<meta name=\"twitter:data2\" content=\"3 minutos\" \/>\n<script type=\"application\/ld+json\" class=\"yoast-schema-graph\">{\"@context\":\"https:\\\/\\\/schema.org\",\"@graph\":[{\"@type\":\"Article\",\"@id\":\"https:\\\/\\\/centrourbano.com\\\/revista\\\/publicaciones\\\/sector-inmobiliario-motor-la-economia-mancera\\\/#article\",\"isPartOf\":{\"@id\":\"https:\\\/\\\/centrourbano.com\\\/revista\\\/publicaciones\\\/sector-inmobiliario-motor-la-economia-mancera\\\/\"},\"author\":{\"name\":\"Diego Rodr\u00edguez\",\"@id\":\"https:\\\/\\\/centrourbano.com\\\/revista\\\/#\\\/schema\\\/person\\\/b50192a3cd0e680841b45dc537f53970\"},\"headline\":\"Sector inmobiliario, motor de la econom\u00eda: Mancera\",\"datePublished\":\"2016-06-28T16:22:04+00:00\",\"mainEntityOfPage\":{\"@id\":\"https:\\\/\\\/centrourbano.com\\\/revista\\\/publicaciones\\\/sector-inmobiliario-motor-la-economia-mancera\\\/\"},\"wordCount\":589,\"commentCount\":0,\"publisher\":{\"@id\":\"https:\\\/\\\/centrourbano.com\\\/revista\\\/#organization\"},\"image\":{\"@id\":\"https:\\\/\\\/centrourbano.com\\\/revista\\\/publicaciones\\\/sector-inmobiliario-motor-la-economia-mancera\\\/#primaryimage\"},\"thumbnailUrl\":\"https:\\\/\\\/centrourbano.com\\\/revista\\\/wp-content\\\/uploads\\\/200416-MIGUEL-\u00c1NGEL-MANCERA-THE-REAL-ESTATE-SHOW-7.jpg\",\"keywords\":[\"ADI\",\"inmobiliario\",\"Miguel \u00c1ngel Mancera\",\"The Real Estate Show\"],\"articleSection\":[\"Publicaciones\",\"Revista Inversi\u00f3n Inmobiliaria\"],\"inLanguage\":\"es\",\"potentialAction\":[{\"@type\":\"CommentAction\",\"name\":\"Comment\",\"target\":[\"https:\\\/\\\/centrourbano.com\\\/revista\\\/publicaciones\\\/sector-inmobiliario-motor-la-economia-mancera\\\/#respond\"]}]},{\"@type\":\"WebPage\",\"@id\":\"https:\\\/\\\/centrourbano.com\\\/revista\\\/publicaciones\\\/sector-inmobiliario-motor-la-economia-mancera\\\/\",\"url\":\"https:\\\/\\\/centrourbano.com\\\/revista\\\/publicaciones\\\/sector-inmobiliario-motor-la-economia-mancera\\\/\",\"name\":\"Sector inmobiliario, motor de la econom\u00eda: Mancera\",\"isPartOf\":{\"@id\":\"https:\\\/\\\/centrourbano.com\\\/revista\\\/#website\"},\"primaryImageOfPage\":{\"@id\":\"https:\\\/\\\/centrourbano.com\\\/revista\\\/publicaciones\\\/sector-inmobiliario-motor-la-economia-mancera\\\/#primaryimage\"},\"image\":{\"@id\":\"https:\\\/\\\/centrourbano.com\\\/revista\\\/publicaciones\\\/sector-inmobiliario-motor-la-economia-mancera\\\/#primaryimage\"},\"thumbnailUrl\":\"https:\\\/\\\/centrourbano.com\\\/revista\\\/wp-content\\\/uploads\\\/200416-MIGUEL-\u00c1NGEL-MANCERA-THE-REAL-ESTATE-SHOW-7.jpg\",\"datePublished\":\"2016-06-28T16:22:04+00:00\",\"description\":\"Miguel \u00c1ngel Mancera, jefe de Gobierno de la Ciudad de M\u00e9xico reconoci\u00f3 el trabajo que realiza la Asociaci\u00f3n de Desarrolladores Inmobiliarios (ADI), ya que con las inversiones millonarias todos ganan en la ciudad, pues se generan fuentes de empleo, incrementa la plusval\u00eda de la ciudad y se proyecta a nivel internacional\",\"breadcrumb\":{\"@id\":\"https:\\\/\\\/centrourbano.com\\\/revista\\\/publicaciones\\\/sector-inmobiliario-motor-la-economia-mancera\\\/#breadcrumb\"},\"inLanguage\":\"es\",\"potentialAction\":[{\"@type\":\"ReadAction\",\"target\":[\"https:\\\/\\\/centrourbano.com\\\/revista\\\/publicaciones\\\/sector-inmobiliario-motor-la-economia-mancera\\\/\"]}]},{\"@type\":\"ImageObject\",\"inLanguage\":\"es\",\"@id\":\"https:\\\/\\\/centrourbano.com\\\/revista\\\/publicaciones\\\/sector-inmobiliario-motor-la-economia-mancera\\\/#primaryimage\",\"url\":\"https:\\\/\\\/centrourbano.com\\\/revista\\\/wp-content\\\/uploads\\\/200416-MIGUEL-\u00c1NGEL-MANCERA-THE-REAL-ESTATE-SHOW-7.jpg\",\"contentUrl\":\"https:\\\/\\\/centrourbano.com\\\/revista\\\/wp-content\\\/uploads\\\/200416-MIGUEL-\u00c1NGEL-MANCERA-THE-REAL-ESTATE-SHOW-7.jpg\",\"width\":781,\"height\":668,\"caption\":\"Miguel \u00c1ngel Mancera, jefe de Gobierno de la Ciudad de M\u00e9xico reconoci\u00f3 el trabajo que realiza la Asociaci\u00f3n de Desarrolladores Inmobiliarios (ADI), ya que con las inversiones millonarias todos ganan en la ciudad, pues se generan fuentes de empleo, incrementa la plusval\u00eda de la ciudad y se proyecta a nivel internacional\"},{\"@type\":\"BreadcrumbList\",\"@id\":\"https:\\\/\\\/centrourbano.com\\\/revista\\\/publicaciones\\\/sector-inmobiliario-motor-la-economia-mancera\\\/#breadcrumb\",\"itemListElement\":[{\"@type\":\"ListItem\",\"position\":1,\"name\":\"Portada\",\"item\":\"https:\\\/\\\/centrourbano.com\\\/revista\\\/\"},{\"@type\":\"ListItem\",\"position\":2,\"name\":\"Sector inmobiliario, motor de la econom\u00eda: Mancera\"}]},{\"@type\":\"WebSite\",\"@id\":\"https:\\\/\\\/centrourbano.com\\\/revista\\\/#website\",\"url\":\"https:\\\/\\\/centrourbano.com\\\/revista\\\/\",\"name\":\"Centro Urbano\",\"description\":\"Medio especializado en los sectores vivienda, inmobiliario, construcci\u00f3n, arquitectura y urbanismo.\",\"publisher\":{\"@id\":\"https:\\\/\\\/centrourbano.com\\\/revista\\\/#organization\"},\"potentialAction\":[{\"@type\":\"SearchAction\",\"target\":{\"@type\":\"EntryPoint\",\"urlTemplate\":\"https:\\\/\\\/centrourbano.com\\\/revista\\\/?s={search_term_string}\"},\"query-input\":{\"@type\":\"PropertyValueSpecification\",\"valueRequired\":true,\"valueName\":\"search_term_string\"}}],\"inLanguage\":\"es\"},{\"@type\":\"Organization\",\"@id\":\"https:\\\/\\\/centrourbano.com\\\/revista\\\/#organization\",\"name\":\"Centro Urbano\",\"url\":\"https:\\\/\\\/centrourbano.com\\\/revista\\\/\",\"logo\":{\"@type\":\"ImageObject\",\"inLanguage\":\"es\",\"@id\":\"https:\\\/\\\/centrourbano.com\\\/revista\\\/#\\\/schema\\\/logo\\\/image\\\/\",\"url\":\"https:\\\/\\\/centrourbano.com\\\/revista\\\/wp-content\\\/uploads\\\/web_CU_logo-1.png\",\"contentUrl\":\"https:\\\/\\\/centrourbano.com\\\/revista\\\/wp-content\\\/uploads\\\/web_CU_logo-1.png\",\"width\":350,\"height\":91,\"caption\":\"Centro Urbano\"},\"image\":{\"@id\":\"https:\\\/\\\/centrourbano.com\\\/revista\\\/#\\\/schema\\\/logo\\\/image\\\/\"},\"sameAs\":[\"https:\\\/\\\/www.facebook.com\\\/portalcentrourbano\",\"https:\\\/\\\/x.com\\\/CentroUrbano\",\"https:\\\/\\\/www.instagram.com\\\/centro_urbano\\\/\",\"https:\\\/\\\/www.linkedin.com\\\/company\\\/centro-urbano\\\/\",\"http:\\\/\\\/www.youtube.com\\\/user\\\/portalcentrourbano\"]},{\"@type\":\"Person\",\"@id\":\"https:\\\/\\\/centrourbano.com\\\/revista\\\/#\\\/schema\\\/person\\\/b50192a3cd0e680841b45dc537f53970\",\"name\":\"Diego Rodr\u00edguez\",\"image\":{\"@type\":\"ImageObject\",\"inLanguage\":\"es\",\"@id\":\"https:\\\/\\\/secure.gravatar.com\\\/avatar\\\/d217565525df2df5d4e7265d47758506f41845ed9529510921a7625d8365789d?s=96&d=mm&r=g\",\"url\":\"https:\\\/\\\/secure.gravatar.com\\\/avatar\\\/d217565525df2df5d4e7265d47758506f41845ed9529510921a7625d8365789d?s=96&d=mm&r=g\",\"contentUrl\":\"https:\\\/\\\/secure.gravatar.com\\\/avatar\\\/d217565525df2df5d4e7265d47758506f41845ed9529510921a7625d8365789d?s=96&d=mm&r=g\",\"caption\":\"Diego Rodr\u00edguez\"},\"description\":\"Egresado de la Facultad de Estudios Superiores Acatl\u00e1n de la carrera en Comunicaci\u00f3n, con especialidad en medios escritos. Reportero del desaparecido peri\u00f3dico Nuestro M\u00e9xico, en donde cubri\u00f3 las fuentes delegacionales y Asamblea Legislativa. Tambi\u00e9n trabaj\u00f3 en la Coordinaci\u00f3n de Comunicaci\u00f3n Social en la delegaci\u00f3n \u00c1lvaro Obreg\u00f3n. Le gusta leer novelas y cuentos.\",\"url\":\"https:\\\/\\\/centrourbano.com\\\/revista\\\/author\\\/diegorodriguez\\\/\"}]}<\/script>\n<!-- \/ Yoast SEO plugin. -->","yoast_head_json":{"title":"Sector inmobiliario, motor de la econom\u00eda: Mancera","description":"Miguel \u00c1ngel Mancera, jefe de Gobierno de la Ciudad de M\u00e9xico reconoci\u00f3 el trabajo que realiza la Asociaci\u00f3n de Desarrolladores Inmobiliarios (ADI), ya que con las inversiones millonarias todos ganan en la ciudad, pues se generan fuentes de empleo, incrementa la plusval\u00eda de la ciudad y se proyecta a nivel internacional","robots":{"index":"index","follow":"follow","max-snippet":"max-snippet:-1","max-image-preview":"max-image-preview:large","max-video-preview":"max-video-preview:-1"},"canonical":"https:\/\/centrourbano.com\/revista\/publicaciones\/sector-inmobiliario-motor-la-economia-mancera\/","og_locale":"es_ES","og_type":"article","og_title":"Sector inmobiliario, motor de la econom\u00eda: Mancera","og_description":"Miguel \u00c1ngel Mancera, jefe de Gobierno de la Ciudad de M\u00e9xico reconoci\u00f3 el trabajo que realiza la Asociaci\u00f3n de Desarrolladores Inmobiliarios (ADI), ya que con las inversiones millonarias todos ganan en la ciudad, pues se generan fuentes de empleo, incrementa la plusval\u00eda de la ciudad y se proyecta a nivel internacional","og_url":"https:\/\/centrourbano.com\/revista\/publicaciones\/sector-inmobiliario-motor-la-economia-mancera\/","og_site_name":"Centro Urbano","article_publisher":"https:\/\/www.facebook.com\/portalcentrourbano","article_published_time":"2016-06-28T16:22:04+00:00","og_image":[{"width":781,"height":668,"url":"https:\/\/centrourbano.com\/revista\/wp-content\/uploads\/200416-MIGUEL-\u00c1NGEL-MANCERA-THE-REAL-ESTATE-SHOW-7.jpg","type":"image\/jpeg"}],"author":"Diego Rodr\u00edguez","twitter_card":"summary_large_image","twitter_creator":"@CentroUrbano","twitter_site":"@CentroUrbano","twitter_misc":{"Escrito por":"Diego Rodr\u00edguez","Tiempo de lectura":"3 minutos"},"schema":{"@context":"https:\/\/schema.org","@graph":[{"@type":"Article","@id":"https:\/\/centrourbano.com\/revista\/publicaciones\/sector-inmobiliario-motor-la-economia-mancera\/#article","isPartOf":{"@id":"https:\/\/centrourbano.com\/revista\/publicaciones\/sector-inmobiliario-motor-la-economia-mancera\/"},"author":{"name":"Diego Rodr\u00edguez","@id":"https:\/\/centrourbano.com\/revista\/#\/schema\/person\/b50192a3cd0e680841b45dc537f53970"},"headline":"Sector inmobiliario, motor de la econom\u00eda: Mancera","datePublished":"2016-06-28T16:22:04+00:00","mainEntityOfPage":{"@id":"https:\/\/centrourbano.com\/revista\/publicaciones\/sector-inmobiliario-motor-la-economia-mancera\/"},"wordCount":589,"commentCount":0,"publisher":{"@id":"https:\/\/centrourbano.com\/revista\/#organization"},"image":{"@id":"https:\/\/centrourbano.com\/revista\/publicaciones\/sector-inmobiliario-motor-la-economia-mancera\/#primaryimage"},"thumbnailUrl":"https:\/\/centrourbano.com\/revista\/wp-content\/uploads\/200416-MIGUEL-\u00c1NGEL-MANCERA-THE-REAL-ESTATE-SHOW-7.jpg","keywords":["ADI","inmobiliario","Miguel \u00c1ngel Mancera","The Real Estate Show"],"articleSection":["Publicaciones","Revista Inversi\u00f3n Inmobiliaria"],"inLanguage":"es","potentialAction":[{"@type":"CommentAction","name":"Comment","target":["https:\/\/centrourbano.com\/revista\/publicaciones\/sector-inmobiliario-motor-la-economia-mancera\/#respond"]}]},{"@type":"WebPage","@id":"https:\/\/centrourbano.com\/revista\/publicaciones\/sector-inmobiliario-motor-la-economia-mancera\/","url":"https:\/\/centrourbano.com\/revista\/publicaciones\/sector-inmobiliario-motor-la-economia-mancera\/","name":"Sector inmobiliario, motor de la econom\u00eda: Mancera","isPartOf":{"@id":"https:\/\/centrourbano.com\/revista\/#website"},"primaryImageOfPage":{"@id":"https:\/\/centrourbano.com\/revista\/publicaciones\/sector-inmobiliario-motor-la-economia-mancera\/#primaryimage"},"image":{"@id":"https:\/\/centrourbano.com\/revista\/publicaciones\/sector-inmobiliario-motor-la-economia-mancera\/#primaryimage"},"thumbnailUrl":"https:\/\/centrourbano.com\/revista\/wp-content\/uploads\/200416-MIGUEL-\u00c1NGEL-MANCERA-THE-REAL-ESTATE-SHOW-7.jpg","datePublished":"2016-06-28T16:22:04+00:00","description":"Miguel \u00c1ngel Mancera, jefe de Gobierno de la Ciudad de M\u00e9xico reconoci\u00f3 el trabajo que realiza la Asociaci\u00f3n de Desarrolladores Inmobiliarios (ADI), ya que con las inversiones millonarias todos ganan en la ciudad, pues se generan fuentes de empleo, incrementa la plusval\u00eda de la ciudad y se proyecta a nivel internacional","breadcrumb":{"@id":"https:\/\/centrourbano.com\/revista\/publicaciones\/sector-inmobiliario-motor-la-economia-mancera\/#breadcrumb"},"inLanguage":"es","potentialAction":[{"@type":"ReadAction","target":["https:\/\/centrourbano.com\/revista\/publicaciones\/sector-inmobiliario-motor-la-economia-mancera\/"]}]},{"@type":"ImageObject","inLanguage":"es","@id":"https:\/\/centrourbano.com\/revista\/publicaciones\/sector-inmobiliario-motor-la-economia-mancera\/#primaryimage","url":"https:\/\/centrourbano.com\/revista\/wp-content\/uploads\/200416-MIGUEL-\u00c1NGEL-MANCERA-THE-REAL-ESTATE-SHOW-7.jpg","contentUrl":"https:\/\/centrourbano.com\/revista\/wp-content\/uploads\/200416-MIGUEL-\u00c1NGEL-MANCERA-THE-REAL-ESTATE-SHOW-7.jpg","width":781,"height":668,"caption":"Miguel \u00c1ngel Mancera, jefe de Gobierno de la Ciudad de M\u00e9xico reconoci\u00f3 el trabajo que realiza la Asociaci\u00f3n de Desarrolladores Inmobiliarios (ADI), ya que con las inversiones millonarias todos ganan en la ciudad, pues se generan fuentes de empleo, incrementa la plusval\u00eda de la ciudad y se proyecta a nivel internacional"},{"@type":"BreadcrumbList","@id":"https:\/\/centrourbano.com\/revista\/publicaciones\/sector-inmobiliario-motor-la-economia-mancera\/#breadcrumb","itemListElement":[{"@type":"ListItem","position":1,"name":"Portada","item":"https:\/\/centrourbano.com\/revista\/"},{"@type":"ListItem","position":2,"name":"Sector inmobiliario, motor de la econom\u00eda: Mancera"}]},{"@type":"WebSite","@id":"https:\/\/centrourbano.com\/revista\/#website","url":"https:\/\/centrourbano.com\/revista\/","name":"Centro Urbano","description":"Medio especializado en los sectores vivienda, inmobiliario, construcci\u00f3n, arquitectura y urbanismo.","publisher":{"@id":"https:\/\/centrourbano.com\/revista\/#organization"},"potentialAction":[{"@type":"SearchAction","target":{"@type":"EntryPoint","urlTemplate":"https:\/\/centrourbano.com\/revista\/?s={search_term_string}"},"query-input":{"@type":"PropertyValueSpecification","valueRequired":true,"valueName":"search_term_string"}}],"inLanguage":"es"},{"@type":"Organization","@id":"https:\/\/centrourbano.com\/revista\/#organization","name":"Centro Urbano","url":"https:\/\/centrourbano.com\/revista\/","logo":{"@type":"ImageObject","inLanguage":"es","@id":"https:\/\/centrourbano.com\/revista\/#\/schema\/logo\/image\/","url":"https:\/\/centrourbano.com\/revista\/wp-content\/uploads\/web_CU_logo-1.png","contentUrl":"https:\/\/centrourbano.com\/revista\/wp-content\/uploads\/web_CU_logo-1.png","width":350,"height":91,"caption":"Centro Urbano"},"image":{"@id":"https:\/\/centrourbano.com\/revista\/#\/schema\/logo\/image\/"},"sameAs":["https:\/\/www.facebook.com\/portalcentrourbano","https:\/\/x.com\/CentroUrbano","https:\/\/www.instagram.com\/centro_urbano\/","https:\/\/www.linkedin.com\/company\/centro-urbano\/","http:\/\/www.youtube.com\/user\/portalcentrourbano"]},{"@type":"Person","@id":"https:\/\/centrourbano.com\/revista\/#\/schema\/person\/b50192a3cd0e680841b45dc537f53970","name":"Diego Rodr\u00edguez","image":{"@type":"ImageObject","inLanguage":"es","@id":"https:\/\/secure.gravatar.com\/avatar\/d217565525df2df5d4e7265d47758506f41845ed9529510921a7625d8365789d?s=96&d=mm&r=g","url":"https:\/\/secure.gravatar.com\/avatar\/d217565525df2df5d4e7265d47758506f41845ed9529510921a7625d8365789d?s=96&d=mm&r=g","contentUrl":"https:\/\/secure.gravatar.com\/avatar\/d217565525df2df5d4e7265d47758506f41845ed9529510921a7625d8365789d?s=96&d=mm&r=g","caption":"Diego Rodr\u00edguez"},"description":"Egresado de la Facultad de Estudios Superiores Acatl\u00e1n de la carrera en Comunicaci\u00f3n, con especialidad en medios escritos. Reportero del desaparecido peri\u00f3dico Nuestro M\u00e9xico, en donde cubri\u00f3 las fuentes delegacionales y Asamblea Legislativa. Tambi\u00e9n trabaj\u00f3 en la Coordinaci\u00f3n de Comunicaci\u00f3n Social en la delegaci\u00f3n \u00c1lvaro Obreg\u00f3n. Le gusta leer novelas y cuentos.","url":"https:\/\/centrourbano.com\/revista\/author\/diegorodriguez\/"}]}},"_links":{"self":[{"href":"https:\/\/centrourbano.com\/revista\/wp-json\/wp\/v2\/posts\/36535","targetHints":{"allow":["GET"]}}],"collection":[{"href":"https:\/\/centrourbano.com\/revista\/wp-json\/wp\/v2\/posts"}],"about":[{"href":"https:\/\/centrourbano.com\/revista\/wp-json\/wp\/v2\/types\/post"}],"author":[{"embeddable":true,"href":"https:\/\/centrourbano.com\/revista\/wp-json\/wp\/v2\/users\/37"}],"replies":[{"embeddable":true,"href":"https:\/\/centrourbano.com\/revista\/wp-json\/wp\/v2\/comments?post=36535"}],"version-history":[{"count":0,"href":"https:\/\/centrourbano.com\/revista\/wp-json\/wp\/v2\/posts\/36535\/revisions"}],"wp:featuredmedia":[{"embeddable":true,"href":"https:\/\/centrourbano.com\/revista\/wp-json\/wp\/v2\/media\/36537"}],"wp:attachment":[{"href":"https:\/\/centrourbano.com\/revista\/wp-json\/wp\/v2\/media?parent=36535"}],"wp:term":[{"taxonomy":"category","embeddable":true,"href":"https:\/\/centrourbano.com\/revista\/wp-json\/wp\/v2\/categories?post=36535"},{"taxonomy":"post_tag","embeddable":true,"href":"https:\/\/centrourbano.com\/revista\/wp-json\/wp\/v2\/tags?post=36535"}],"curies":[{"name":"wp","href":"https:\/\/api.w.org\/{rel}","templated":true}]}}