{"id":36532,"date":"2016-06-28T10:43:17","date_gmt":"2016-06-28T15:43:17","guid":{"rendered":"https:\/\/centrourbano.com\/?p=36532"},"modified":"2016-06-28T10:43:17","modified_gmt":"2016-06-28T15:43:17","slug":"fibra-hotel-desarrollara-nueva-unidad","status":"publish","type":"post","link":"https:\/\/centrourbano.com\/revista\/sin-categoria\/fibra-hotel-desarrollara-nueva-unidad\/","title":{"rendered":"Fibra Hotel desarrollar\u00e1 nueva unidad"},"content":{"rendered":"<p><em>El hotel contar\u00e1 con 179 habitaciones <\/em><!--more--><\/p>\n<p>Fibra Hotel anunci\u00f3 el desarrollo de un nuevo hotel con 179 habitaciones de servicios completos dentro del proyecto de usos mixtos Villa del Mar, desarrollo de Artha Capital en Veracruz, esto mediante un comunicado emitido a la Bolsa Mexicana de Valores (BMV).<\/p>\n<p>El desarrollo cuenta con centro comercial de tres niveles, 8 salas de cine, un hotel y 12 niveles de oficinas AAA.<\/p>\n<p><em>La inversi\u00f3n destinada para la construcci\u00f3n del complejo mixto es de aproximadamente mil millones de pesos y esperan que en octubre de 2017 comience sus operaciones comerciales y el \u00e1rea de oficinas en 2018.<\/em><\/p>\n","protected":false},"excerpt":{"rendered":"<p>El hotel contar\u00e1 con 179 habitaciones<\/p>\n","protected":false},"author":77,"featured_media":36533,"comment_status":"open","ping_status":"closed","sticky":false,"template":"","format":"standard","meta":{"inline_featured_image":false,"footnotes":""},"categories":[15,1],"tags":[],"class_list":["post-36532","post","type-post","status-publish","format-standard","has-post-thumbnail","hentry","category-inmobiliario","category-sin-categoria"],"yoast_head":"<!-- This site is optimized with the Yoast SEO plugin v28.4 - https:\/\/yoast.com\/product\/yoast-seo-wordpress\/ -->\n<title>Fibra Hotel desarrollar\u00e1 nueva unidad -<\/title>\n<meta name=\"description\" content=\"El hotel contar\u00e1 con 179 habitaciones Fibra Hotel anunci\u00f3 el desarrollo de un nuevo hotel con 179 habitaciones de servicios completos dentro del proyecto\" \/>\n<meta name=\"robots\" content=\"index, follow, max-snippet:-1, max-image-preview:large, max-video-preview:-1\" \/>\n<link rel=\"canonical\" href=\"https:\/\/centrourbano.com\/revista\/sin-categoria\/fibra-hotel-desarrollara-nueva-unidad\/\" \/>\n<meta property=\"og:locale\" content=\"es_ES\" \/>\n<meta property=\"og:type\" content=\"article\" \/>\n<meta property=\"og:title\" content=\"Fibra Hotel desarrollar\u00e1 nueva unidad -\" \/>\n<meta property=\"og:description\" content=\"El hotel contar\u00e1 con 179 habitaciones Fibra Hotel anunci\u00f3 el desarrollo de un nuevo hotel con 179 habitaciones de servicios completos dentro del proyecto\" \/>\n<meta property=\"og:url\" content=\"https:\/\/centrourbano.com\/revista\/sin-categoria\/fibra-hotel-desarrollara-nueva-unidad\/\" \/>\n<meta property=\"og:site_name\" content=\"Centro Urbano\" \/>\n<meta property=\"article:publisher\" content=\"https:\/\/www.facebook.com\/portalcentrourbano\" \/>\n<meta property=\"article:published_time\" content=\"2016-06-28T15:43:17+00:00\" \/>\n<meta property=\"og:image\" content=\"https:\/\/centrourbano.com\/revista\/wp-content\/uploads\/villa-del-mar-1-1.jpg\" \/>\n\t<meta property=\"og:image:width\" content=\"580\" \/>\n\t<meta property=\"og:image:height\" content=\"395\" \/>\n\t<meta property=\"og:image:type\" content=\"image\/jpeg\" \/>\n<meta name=\"author\" content=\"G4A\" \/>\n<meta name=\"twitter:card\" content=\"summary_large_image\" \/>\n<meta name=\"twitter:creator\" content=\"@CentroUrbano\" \/>\n<meta name=\"twitter:site\" content=\"@CentroUrbano\" \/>\n<meta name=\"twitter:label1\" content=\"Escrito por\" \/>\n\t<meta name=\"twitter:data1\" content=\"G4A\" \/>\n<script type=\"application\/ld+json\" class=\"yoast-schema-graph\">{\"@context\":\"https:\\\/\\\/schema.org\",\"@graph\":[{\"@type\":\"Article\",\"@id\":\"https:\\\/\\\/centrourbano.com\\\/revista\\\/sin-categoria\\\/fibra-hotel-desarrollara-nueva-unidad\\\/#article\",\"isPartOf\":{\"@id\":\"https:\\\/\\\/centrourbano.com\\\/revista\\\/sin-categoria\\\/fibra-hotel-desarrollara-nueva-unidad\\\/\"},\"author\":{\"name\":\"G4A\",\"@id\":\"https:\\\/\\\/centrourbano.com\\\/revista\\\/#\\\/schema\\\/person\\\/370fa0ba2d8dd5bde3fdb8b62ad360aa\"},\"headline\":\"Fibra Hotel desarrollar\u00e1 nueva unidad\",\"datePublished\":\"2016-06-28T15:43:17+00:00\",\"mainEntityOfPage\":{\"@id\":\"https:\\\/\\\/centrourbano.com\\\/revista\\\/sin-categoria\\\/fibra-hotel-desarrollara-nueva-unidad\\\/\"},\"wordCount\":104,\"commentCount\":0,\"publisher\":{\"@id\":\"https:\\\/\\\/centrourbano.com\\\/revista\\\/#organization\"},\"image\":{\"@id\":\"https:\\\/\\\/centrourbano.com\\\/revista\\\/sin-categoria\\\/fibra-hotel-desarrollara-nueva-unidad\\\/#primaryimage\"},\"thumbnailUrl\":\"https:\\\/\\\/centrourbano.com\\\/revista\\\/wp-content\\\/uploads\\\/villa-del-mar-1-1.jpg\",\"articleSection\":[\"Inmobiliario\"],\"inLanguage\":\"es\"},{\"@type\":\"WebPage\",\"@id\":\"https:\\\/\\\/centrourbano.com\\\/revista\\\/sin-categoria\\\/fibra-hotel-desarrollara-nueva-unidad\\\/\",\"url\":\"https:\\\/\\\/centrourbano.com\\\/revista\\\/sin-categoria\\\/fibra-hotel-desarrollara-nueva-unidad\\\/\",\"name\":\"Fibra Hotel desarrollar\u00e1 nueva unidad -\",\"isPartOf\":{\"@id\":\"https:\\\/\\\/centrourbano.com\\\/revista\\\/#website\"},\"primaryImageOfPage\":{\"@id\":\"https:\\\/\\\/centrourbano.com\\\/revista\\\/sin-categoria\\\/fibra-hotel-desarrollara-nueva-unidad\\\/#primaryimage\"},\"image\":{\"@id\":\"https:\\\/\\\/centrourbano.com\\\/revista\\\/sin-categoria\\\/fibra-hotel-desarrollara-nueva-unidad\\\/#primaryimage\"},\"thumbnailUrl\":\"https:\\\/\\\/centrourbano.com\\\/revista\\\/wp-content\\\/uploads\\\/villa-del-mar-1-1.jpg\",\"datePublished\":\"2016-06-28T15:43:17+00:00\",\"description\":\"El hotel contar\u00e1 con 179 habitaciones Fibra Hotel anunci\u00f3 el desarrollo de un nuevo hotel con 179 habitaciones de servicios completos dentro del proyecto\",\"breadcrumb\":{\"@id\":\"https:\\\/\\\/centrourbano.com\\\/revista\\\/sin-categoria\\\/fibra-hotel-desarrollara-nueva-unidad\\\/#breadcrumb\"},\"inLanguage\":\"es\",\"potentialAction\":[{\"@type\":\"ReadAction\",\"target\":[\"https:\\\/\\\/centrourbano.com\\\/revista\\\/sin-categoria\\\/fibra-hotel-desarrollara-nueva-unidad\\\/\"]}]},{\"@type\":\"ImageObject\",\"inLanguage\":\"es\",\"@id\":\"https:\\\/\\\/centrourbano.com\\\/revista\\\/sin-categoria\\\/fibra-hotel-desarrollara-nueva-unidad\\\/#primaryimage\",\"url\":\"https:\\\/\\\/centrourbano.com\\\/revista\\\/wp-content\\\/uploads\\\/villa-del-mar-1-1.jpg\",\"contentUrl\":\"https:\\\/\\\/centrourbano.com\\\/revista\\\/wp-content\\\/uploads\\\/villa-del-mar-1-1.jpg\",\"width\":580,\"height\":395},{\"@type\":\"BreadcrumbList\",\"@id\":\"https:\\\/\\\/centrourbano.com\\\/revista\\\/sin-categoria\\\/fibra-hotel-desarrollara-nueva-unidad\\\/#breadcrumb\",\"itemListElement\":[{\"@type\":\"ListItem\",\"position\":1,\"name\":\"Portada\",\"item\":\"https:\\\/\\\/centrourbano.com\\\/revista\\\/\"},{\"@type\":\"ListItem\",\"position\":2,\"name\":\"Fibra Hotel desarrollar\u00e1 nueva unidad\"}]},{\"@type\":\"WebSite\",\"@id\":\"https:\\\/\\\/centrourbano.com\\\/revista\\\/#website\",\"url\":\"https:\\\/\\\/centrourbano.com\\\/revista\\\/\",\"name\":\"Centro Urbano\",\"description\":\"Medio especializado en los sectores vivienda, inmobiliario, construcci\u00f3n, arquitectura y urbanismo.\",\"publisher\":{\"@id\":\"https:\\\/\\\/centrourbano.com\\\/revista\\\/#organization\"},\"potentialAction\":[{\"@type\":\"SearchAction\",\"target\":{\"@type\":\"EntryPoint\",\"urlTemplate\":\"https:\\\/\\\/centrourbano.com\\\/revista\\\/?s={search_term_string}\"},\"query-input\":{\"@type\":\"PropertyValueSpecification\",\"valueRequired\":true,\"valueName\":\"search_term_string\"}}],\"inLanguage\":\"es\"},{\"@type\":\"Organization\",\"@id\":\"https:\\\/\\\/centrourbano.com\\\/revista\\\/#organization\",\"name\":\"Centro Urbano\",\"url\":\"https:\\\/\\\/centrourbano.com\\\/revista\\\/\",\"logo\":{\"@type\":\"ImageObject\",\"inLanguage\":\"es\",\"@id\":\"https:\\\/\\\/centrourbano.com\\\/revista\\\/#\\\/schema\\\/logo\\\/image\\\/\",\"url\":\"https:\\\/\\\/centrourbano.com\\\/revista\\\/wp-content\\\/uploads\\\/web_CU_logo-1.png\",\"contentUrl\":\"https:\\\/\\\/centrourbano.com\\\/revista\\\/wp-content\\\/uploads\\\/web_CU_logo-1.png\",\"width\":350,\"height\":91,\"caption\":\"Centro Urbano\"},\"image\":{\"@id\":\"https:\\\/\\\/centrourbano.com\\\/revista\\\/#\\\/schema\\\/logo\\\/image\\\/\"},\"sameAs\":[\"https:\\\/\\\/www.facebook.com\\\/portalcentrourbano\",\"https:\\\/\\\/x.com\\\/CentroUrbano\",\"https:\\\/\\\/www.instagram.com\\\/centro_urbano\\\/\",\"https:\\\/\\\/www.linkedin.com\\\/company\\\/centro-urbano\\\/\",\"http:\\\/\\\/www.youtube.com\\\/user\\\/portalcentrourbano\"]},{\"@type\":\"Person\",\"@id\":\"https:\\\/\\\/centrourbano.com\\\/revista\\\/#\\\/schema\\\/person\\\/370fa0ba2d8dd5bde3fdb8b62ad360aa\",\"name\":\"G4A\",\"image\":{\"@type\":\"ImageObject\",\"inLanguage\":\"es\",\"@id\":\"https:\\\/\\\/secure.gravatar.com\\\/avatar\\\/932a97121b13d5de5bbd8193c6c83d3b92c9eda0f39623607d4280e7a5778d97?s=96&d=mm&r=g\",\"url\":\"https:\\\/\\\/secure.gravatar.com\\\/avatar\\\/932a97121b13d5de5bbd8193c6c83d3b92c9eda0f39623607d4280e7a5778d97?s=96&d=mm&r=g\",\"contentUrl\":\"https:\\\/\\\/secure.gravatar.com\\\/avatar\\\/932a97121b13d5de5bbd8193c6c83d3b92c9eda0f39623607d4280e7a5778d97?s=96&d=mm&r=g\",\"caption\":\"G4A\"},\"url\":\"https:\\\/\\\/centrourbano.com\\\/revista\\\/author\\\/admin-g4a\\\/\"}]}<\/script>\n<!-- \/ Yoast SEO plugin. -->","yoast_head_json":{"title":"Fibra Hotel desarrollar\u00e1 nueva unidad -","description":"El hotel contar\u00e1 con 179 habitaciones Fibra Hotel anunci\u00f3 el desarrollo de un nuevo hotel con 179 habitaciones de servicios completos dentro del proyecto","robots":{"index":"index","follow":"follow","max-snippet":"max-snippet:-1","max-image-preview":"max-image-preview:large","max-video-preview":"max-video-preview:-1"},"canonical":"https:\/\/centrourbano.com\/revista\/sin-categoria\/fibra-hotel-desarrollara-nueva-unidad\/","og_locale":"es_ES","og_type":"article","og_title":"Fibra Hotel desarrollar\u00e1 nueva unidad -","og_description":"El hotel contar\u00e1 con 179 habitaciones Fibra Hotel anunci\u00f3 el desarrollo de un nuevo hotel con 179 habitaciones de servicios completos dentro del proyecto","og_url":"https:\/\/centrourbano.com\/revista\/sin-categoria\/fibra-hotel-desarrollara-nueva-unidad\/","og_site_name":"Centro Urbano","article_publisher":"https:\/\/www.facebook.com\/portalcentrourbano","article_published_time":"2016-06-28T15:43:17+00:00","og_image":[{"width":580,"height":395,"url":"https:\/\/centrourbano.com\/revista\/wp-content\/uploads\/villa-del-mar-1-1.jpg","type":"image\/jpeg"}],"author":"G4A","twitter_card":"summary_large_image","twitter_creator":"@CentroUrbano","twitter_site":"@CentroUrbano","twitter_misc":{"Escrito por":"G4A"},"schema":{"@context":"https:\/\/schema.org","@graph":[{"@type":"Article","@id":"https:\/\/centrourbano.com\/revista\/sin-categoria\/fibra-hotel-desarrollara-nueva-unidad\/#article","isPartOf":{"@id":"https:\/\/centrourbano.com\/revista\/sin-categoria\/fibra-hotel-desarrollara-nueva-unidad\/"},"author":{"name":"G4A","@id":"https:\/\/centrourbano.com\/revista\/#\/schema\/person\/370fa0ba2d8dd5bde3fdb8b62ad360aa"},"headline":"Fibra Hotel desarrollar\u00e1 nueva unidad","datePublished":"2016-06-28T15:43:17+00:00","mainEntityOfPage":{"@id":"https:\/\/centrourbano.com\/revista\/sin-categoria\/fibra-hotel-desarrollara-nueva-unidad\/"},"wordCount":104,"commentCount":0,"publisher":{"@id":"https:\/\/centrourbano.com\/revista\/#organization"},"image":{"@id":"https:\/\/centrourbano.com\/revista\/sin-categoria\/fibra-hotel-desarrollara-nueva-unidad\/#primaryimage"},"thumbnailUrl":"https:\/\/centrourbano.com\/revista\/wp-content\/uploads\/villa-del-mar-1-1.jpg","articleSection":["Inmobiliario"],"inLanguage":"es"},{"@type":"WebPage","@id":"https:\/\/centrourbano.com\/revista\/sin-categoria\/fibra-hotel-desarrollara-nueva-unidad\/","url":"https:\/\/centrourbano.com\/revista\/sin-categoria\/fibra-hotel-desarrollara-nueva-unidad\/","name":"Fibra Hotel desarrollar\u00e1 nueva unidad -","isPartOf":{"@id":"https:\/\/centrourbano.com\/revista\/#website"},"primaryImageOfPage":{"@id":"https:\/\/centrourbano.com\/revista\/sin-categoria\/fibra-hotel-desarrollara-nueva-unidad\/#primaryimage"},"image":{"@id":"https:\/\/centrourbano.com\/revista\/sin-categoria\/fibra-hotel-desarrollara-nueva-unidad\/#primaryimage"},"thumbnailUrl":"https:\/\/centrourbano.com\/revista\/wp-content\/uploads\/villa-del-mar-1-1.jpg","datePublished":"2016-06-28T15:43:17+00:00","description":"El hotel contar\u00e1 con 179 habitaciones Fibra Hotel anunci\u00f3 el desarrollo de un nuevo hotel con 179 habitaciones de servicios completos dentro del proyecto","breadcrumb":{"@id":"https:\/\/centrourbano.com\/revista\/sin-categoria\/fibra-hotel-desarrollara-nueva-unidad\/#breadcrumb"},"inLanguage":"es","potentialAction":[{"@type":"ReadAction","target":["https:\/\/centrourbano.com\/revista\/sin-categoria\/fibra-hotel-desarrollara-nueva-unidad\/"]}]},{"@type":"ImageObject","inLanguage":"es","@id":"https:\/\/centrourbano.com\/revista\/sin-categoria\/fibra-hotel-desarrollara-nueva-unidad\/#primaryimage","url":"https:\/\/centrourbano.com\/revista\/wp-content\/uploads\/villa-del-mar-1-1.jpg","contentUrl":"https:\/\/centrourbano.com\/revista\/wp-content\/uploads\/villa-del-mar-1-1.jpg","width":580,"height":395},{"@type":"BreadcrumbList","@id":"https:\/\/centrourbano.com\/revista\/sin-categoria\/fibra-hotel-desarrollara-nueva-unidad\/#breadcrumb","itemListElement":[{"@type":"ListItem","position":1,"name":"Portada","item":"https:\/\/centrourbano.com\/revista\/"},{"@type":"ListItem","position":2,"name":"Fibra Hotel desarrollar\u00e1 nueva unidad"}]},{"@type":"WebSite","@id":"https:\/\/centrourbano.com\/revista\/#website","url":"https:\/\/centrourbano.com\/revista\/","name":"Centro Urbano","description":"Medio especializado en los sectores vivienda, inmobiliario, construcci\u00f3n, arquitectura y urbanismo.","publisher":{"@id":"https:\/\/centrourbano.com\/revista\/#organization"},"potentialAction":[{"@type":"SearchAction","target":{"@type":"EntryPoint","urlTemplate":"https:\/\/centrourbano.com\/revista\/?s={search_term_string}"},"query-input":{"@type":"PropertyValueSpecification","valueRequired":true,"valueName":"search_term_string"}}],"inLanguage":"es"},{"@type":"Organization","@id":"https:\/\/centrourbano.com\/revista\/#organization","name":"Centro Urbano","url":"https:\/\/centrourbano.com\/revista\/","logo":{"@type":"ImageObject","inLanguage":"es","@id":"https:\/\/centrourbano.com\/revista\/#\/schema\/logo\/image\/","url":"https:\/\/centrourbano.com\/revista\/wp-content\/uploads\/web_CU_logo-1.png","contentUrl":"https:\/\/centrourbano.com\/revista\/wp-content\/uploads\/web_CU_logo-1.png","width":350,"height":91,"caption":"Centro Urbano"},"image":{"@id":"https:\/\/centrourbano.com\/revista\/#\/schema\/logo\/image\/"},"sameAs":["https:\/\/www.facebook.com\/portalcentrourbano","https:\/\/x.com\/CentroUrbano","https:\/\/www.instagram.com\/centro_urbano\/","https:\/\/www.linkedin.com\/company\/centro-urbano\/","http:\/\/www.youtube.com\/user\/portalcentrourbano"]},{"@type":"Person","@id":"https:\/\/centrourbano.com\/revista\/#\/schema\/person\/370fa0ba2d8dd5bde3fdb8b62ad360aa","name":"G4A","image":{"@type":"ImageObject","inLanguage":"es","@id":"https:\/\/secure.gravatar.com\/avatar\/932a97121b13d5de5bbd8193c6c83d3b92c9eda0f39623607d4280e7a5778d97?s=96&d=mm&r=g","url":"https:\/\/secure.gravatar.com\/avatar\/932a97121b13d5de5bbd8193c6c83d3b92c9eda0f39623607d4280e7a5778d97?s=96&d=mm&r=g","contentUrl":"https:\/\/secure.gravatar.com\/avatar\/932a97121b13d5de5bbd8193c6c83d3b92c9eda0f39623607d4280e7a5778d97?s=96&d=mm&r=g","caption":"G4A"},"url":"https:\/\/centrourbano.com\/revista\/author\/admin-g4a\/"}]}},"_links":{"self":[{"href":"https:\/\/centrourbano.com\/revista\/wp-json\/wp\/v2\/posts\/36532","targetHints":{"allow":["GET"]}}],"collection":[{"href":"https:\/\/centrourbano.com\/revista\/wp-json\/wp\/v2\/posts"}],"about":[{"href":"https:\/\/centrourbano.com\/revista\/wp-json\/wp\/v2\/types\/post"}],"author":[{"embeddable":true,"href":"https:\/\/centrourbano.com\/revista\/wp-json\/wp\/v2\/users\/77"}],"replies":[{"embeddable":true,"href":"https:\/\/centrourbano.com\/revista\/wp-json\/wp\/v2\/comments?post=36532"}],"version-history":[{"count":0,"href":"https:\/\/centrourbano.com\/revista\/wp-json\/wp\/v2\/posts\/36532\/revisions"}],"wp:featuredmedia":[{"embeddable":true,"href":"https:\/\/centrourbano.com\/revista\/wp-json\/wp\/v2\/media\/36533"}],"wp:attachment":[{"href":"https:\/\/centrourbano.com\/revista\/wp-json\/wp\/v2\/media?parent=36532"}],"wp:term":[{"taxonomy":"category","embeddable":true,"href":"https:\/\/centrourbano.com\/revista\/wp-json\/wp\/v2\/categories?post=36532"},{"taxonomy":"post_tag","embeddable":true,"href":"https:\/\/centrourbano.com\/revista\/wp-json\/wp\/v2\/tags?post=36532"}],"curies":[{"name":"wp","href":"https:\/\/api.w.org\/{rel}","templated":true}]}}