{"id":36529,"date":"2016-06-28T09:54:50","date_gmt":"2016-06-28T14:54:50","guid":{"rendered":"https:\/\/centrourbano.com\/?p=36529"},"modified":"2016-06-28T09:54:50","modified_gmt":"2016-06-28T14:54:50","slug":"modifican-reglamento-construcciones-la-cdmx","status":"publish","type":"post","link":"https:\/\/centrourbano.com\/revista\/construccion\/modifican-reglamento-construcciones-la-cdmx\/","title":{"rendered":"Modifican Reglamento de Construcciones de la CDMX"},"content":{"rendered":"<p><em>Las adecuaciones se realizar\u00e1n en edificios nuevos y ya existentes para que sean sustentables <\/em><br \/>\n<!--more--><\/p>\n<p>Para garantizar la eficiencia energ\u00e9tica en las construcciones nuevas y realizar las modificaciones necesarias en edificios ya existentes, el jefe de Gobierno de la Ciudad de M\u00e9xico, Miguel \u00c1ngel Mancera, dio instrucciones para que se modifique el Reglamento de Construcciones \u201capegado a su compromiso de realizar acciones que aporten un beneficio ambiental importante en el corto, mediano y largo plazo\u201d, inform\u00f3 el gobierno capitalino. <\/p>\n<p>Algunas de las modificaciones contemplan que las construcciones multifamiliares de m\u00e1s de 3 viviendas, las unifamiliares de 100 o m\u00e1s metros cuadrados, as\u00ed como las albercas, fosas de clavados y todos los establecimientos industriales, comerciales, de oficinas, de servicios y de espect\u00e1culos que usen agua caliente y tengan m\u00e1s de 30 empleados, deber\u00e1n instalar adem\u00e1s del sistema convencional de calentamiento de agua, un sistema de calentamiento por medio de aprovechamiento de energ\u00eda solar.<\/p>\n<p>Adem\u00e1s, las instalaciones no habitacionales deber\u00e1n tener redes de agua tratada y de lluvia para usarse en donde no se requiera agua potable.<br \/>\n\u201cEn las pr\u00f3ximas 4 semanas ser\u00e1 publicada la Norma T\u00e9cnica Complementaria que establecer\u00e1 con precisi\u00f3n las consideraciones t\u00e9cnicas, f\u00f3rmulas, tablas, etc\u00e9tera para el adecuado cumplimiento de lo establecido en el Reglamento\u201d. <\/p>\n<p>Las consideraciones se basar\u00e1n en aislantes t\u00e9rmicos para edificaciones; eficiencia energ\u00e9tica en edificaciones; caracter\u00edsticas t\u00e9rmicas y \u00f3pticas del vidrio y sistemas vidriados para edificaciones; eficiencia energ\u00e9tica de bombas y sistemas de bombeo de agua; eficiencia energ\u00e9tica para sistemas de alumbrado en vialidades y eficiencia energ\u00e9tica de motores el\u00e9ctricos.<\/p>\n<p>\u201cEstas acciones son parte de la estrategia integral articulada para mitigar los impactos del cambio clim\u00e1tico y reducir la emisi\u00f3n de gases de efecto invernadero y se encuentran establecidas dentro de la Meta 26 en el Programa ProAire para fomentar el uso de energ\u00eda solar y ha quedado trazada como compromiso del gobierno de la Ciudad en el Grupo C40 de Ciudades L\u00edderes del Clima y el Pacto de los Alcaldes para el Clima y la Energ\u00eda\u201d.<\/p>\n<p>Finalmente, para las modificaciones se tuvo la asistencia t\u00e9cnica del Instituto Mundial de Recursos \u2013Movilidad Urbana Sustentable (WRI \u2013 EMBARQ por sus siglas en ingl\u00e9s), el Programa para el Desarrollo Bajo en Emisiones de la Agencia de los Estados Unidos para el Desarrollo Internacional (USAID \u2013 MLED) y la cooperaci\u00f3n t\u00e9cnica del Reino de Dinamarca.<\/p>\n","protected":false},"excerpt":{"rendered":"<p>Las adecuaciones se realizar\u00e1n en edificios nuevos y ya existentes para que sean sustentables<\/p>\n","protected":false},"author":37,"featured_media":25180,"comment_status":"open","ping_status":"closed","sticky":false,"template":"","format":"standard","meta":{"om_disable_all_campaigns":false,"inline_featured_image":false,"_monsterinsights_skip_tracking":false,"_monsterinsights_sitenote_active":false,"_monsterinsights_sitenote_note":"","_monsterinsights_sitenote_category":0,"footnotes":""},"categories":[14],"tags":[],"class_list":["post-36529","post","type-post","status-publish","format-standard","has-post-thumbnail","hentry","category-construccion"],"yoast_head":"<!-- This site is optimized with the Yoast SEO plugin v27.4 - https:\/\/yoast.com\/product\/yoast-seo-wordpress\/ -->\n<title>Modifican Reglamento de Construcciones de la CDMX -<\/title>\n<meta name=\"description\" content=\"Para garantizar la eficiencia energ\u00e9tica en las construcciones nuevas y realizar las modificaciones necesarias en edificios ya existentes, el jefe de Gobierno de la Ciudad de M\u00e9xico, Miguel \u00c1ngel Mancera, dio instrucciones para que se modifique el Reglamento de Construcciones \u201capegado a su compromiso de realizar acciones que aporten un beneficio ambiental importante en el corto, mediano y largo plazo\u201d, inform\u00f3 el gobierno capitalino.\" \/>\n<meta name=\"robots\" content=\"index, follow, max-snippet:-1, max-image-preview:large, max-video-preview:-1\" \/>\n<link rel=\"canonical\" href=\"https:\/\/centrourbano.com\/revista\/construccion\/modifican-reglamento-construcciones-la-cdmx\/\" \/>\n<meta property=\"og:locale\" content=\"es_ES\" \/>\n<meta property=\"og:type\" content=\"article\" \/>\n<meta property=\"og:title\" content=\"Modifican Reglamento de Construcciones de la CDMX -\" \/>\n<meta property=\"og:description\" content=\"Para garantizar la eficiencia energ\u00e9tica en las construcciones nuevas y realizar las modificaciones necesarias en edificios ya existentes, el jefe de Gobierno de la Ciudad de M\u00e9xico, Miguel \u00c1ngel Mancera, dio instrucciones para que se modifique el Reglamento de Construcciones \u201capegado a su compromiso de realizar acciones que aporten un beneficio ambiental importante en el corto, mediano y largo plazo\u201d, inform\u00f3 el gobierno capitalino.\" \/>\n<meta property=\"og:url\" content=\"https:\/\/centrourbano.com\/revista\/construccion\/modifican-reglamento-construcciones-la-cdmx\/\" \/>\n<meta property=\"og:site_name\" content=\"Centro Urbano\" \/>\n<meta property=\"article:publisher\" content=\"https:\/\/www.facebook.com\/portalcentrourbano\" \/>\n<meta property=\"article:published_time\" content=\"2016-06-28T14:54:50+00:00\" \/>\n<meta property=\"og:image\" content=\"https:\/\/centrourbano.com\/revista\/wp-content\/uploads\/SOBSE-PREPARATORIA-Edificios-en-construcci\u00f3n-scaled.jpg\" \/>\n\t<meta property=\"og:image:width\" content=\"2560\" \/>\n\t<meta property=\"og:image:height\" content=\"1707\" \/>\n\t<meta property=\"og:image:type\" content=\"image\/jpeg\" \/>\n<meta name=\"author\" content=\"Diego Rodr\u00edguez\" \/>\n<meta name=\"twitter:card\" content=\"summary_large_image\" \/>\n<meta name=\"twitter:creator\" content=\"@CentroUrbano\" \/>\n<meta name=\"twitter:site\" content=\"@CentroUrbano\" \/>\n<meta name=\"twitter:label1\" content=\"Escrito por\" \/>\n\t<meta name=\"twitter:data1\" content=\"Diego Rodr\u00edguez\" \/>\n\t<meta name=\"twitter:label2\" content=\"Tiempo de lectura\" \/>\n\t<meta name=\"twitter:data2\" content=\"2 minutos\" \/>\n<script type=\"application\/ld+json\" class=\"yoast-schema-graph\">{\"@context\":\"https:\\\/\\\/schema.org\",\"@graph\":[{\"@type\":\"Article\",\"@id\":\"https:\\\/\\\/centrourbano.com\\\/revista\\\/construccion\\\/modifican-reglamento-construcciones-la-cdmx\\\/#article\",\"isPartOf\":{\"@id\":\"https:\\\/\\\/centrourbano.com\\\/revista\\\/construccion\\\/modifican-reglamento-construcciones-la-cdmx\\\/\"},\"author\":{\"name\":\"Diego Rodr\u00edguez\",\"@id\":\"https:\\\/\\\/centrourbano.com\\\/revista\\\/#\\\/schema\\\/person\\\/b50192a3cd0e680841b45dc537f53970\"},\"headline\":\"Modifican Reglamento de Construcciones de la CDMX\",\"datePublished\":\"2016-06-28T14:54:50+00:00\",\"mainEntityOfPage\":{\"@id\":\"https:\\\/\\\/centrourbano.com\\\/revista\\\/construccion\\\/modifican-reglamento-construcciones-la-cdmx\\\/\"},\"wordCount\":421,\"commentCount\":0,\"publisher\":{\"@id\":\"https:\\\/\\\/centrourbano.com\\\/revista\\\/#organization\"},\"image\":{\"@id\":\"https:\\\/\\\/centrourbano.com\\\/revista\\\/construccion\\\/modifican-reglamento-construcciones-la-cdmx\\\/#primaryimage\"},\"thumbnailUrl\":\"https:\\\/\\\/centrourbano.com\\\/revista\\\/wp-content\\\/uploads\\\/SOBSE-PREPARATORIA-Edificios-en-construcci\u00f3n-scaled.jpg\",\"articleSection\":[\"Construcci\u00f3n\"],\"inLanguage\":\"es\",\"potentialAction\":[{\"@type\":\"CommentAction\",\"name\":\"Comment\",\"target\":[\"https:\\\/\\\/centrourbano.com\\\/revista\\\/construccion\\\/modifican-reglamento-construcciones-la-cdmx\\\/#respond\"]}]},{\"@type\":\"WebPage\",\"@id\":\"https:\\\/\\\/centrourbano.com\\\/revista\\\/construccion\\\/modifican-reglamento-construcciones-la-cdmx\\\/\",\"url\":\"https:\\\/\\\/centrourbano.com\\\/revista\\\/construccion\\\/modifican-reglamento-construcciones-la-cdmx\\\/\",\"name\":\"Modifican Reglamento de Construcciones de la CDMX -\",\"isPartOf\":{\"@id\":\"https:\\\/\\\/centrourbano.com\\\/revista\\\/#website\"},\"primaryImageOfPage\":{\"@id\":\"https:\\\/\\\/centrourbano.com\\\/revista\\\/construccion\\\/modifican-reglamento-construcciones-la-cdmx\\\/#primaryimage\"},\"image\":{\"@id\":\"https:\\\/\\\/centrourbano.com\\\/revista\\\/construccion\\\/modifican-reglamento-construcciones-la-cdmx\\\/#primaryimage\"},\"thumbnailUrl\":\"https:\\\/\\\/centrourbano.com\\\/revista\\\/wp-content\\\/uploads\\\/SOBSE-PREPARATORIA-Edificios-en-construcci\u00f3n-scaled.jpg\",\"datePublished\":\"2016-06-28T14:54:50+00:00\",\"description\":\"Para garantizar la eficiencia energ\u00e9tica en las construcciones nuevas y realizar las modificaciones necesarias en edificios ya existentes, el jefe de Gobierno de la Ciudad de M\u00e9xico, Miguel \u00c1ngel Mancera, dio instrucciones para que se modifique el Reglamento de Construcciones \u201capegado a su compromiso de realizar acciones que aporten un beneficio ambiental importante en el corto, mediano y largo plazo\u201d, inform\u00f3 el gobierno capitalino.\",\"breadcrumb\":{\"@id\":\"https:\\\/\\\/centrourbano.com\\\/revista\\\/construccion\\\/modifican-reglamento-construcciones-la-cdmx\\\/#breadcrumb\"},\"inLanguage\":\"es\",\"potentialAction\":[{\"@type\":\"ReadAction\",\"target\":[\"https:\\\/\\\/centrourbano.com\\\/revista\\\/construccion\\\/modifican-reglamento-construcciones-la-cdmx\\\/\"]}]},{\"@type\":\"ImageObject\",\"inLanguage\":\"es\",\"@id\":\"https:\\\/\\\/centrourbano.com\\\/revista\\\/construccion\\\/modifican-reglamento-construcciones-la-cdmx\\\/#primaryimage\",\"url\":\"https:\\\/\\\/centrourbano.com\\\/revista\\\/wp-content\\\/uploads\\\/SOBSE-PREPARATORIA-Edificios-en-construcci\u00f3n-scaled.jpg\",\"contentUrl\":\"https:\\\/\\\/centrourbano.com\\\/revista\\\/wp-content\\\/uploads\\\/SOBSE-PREPARATORIA-Edificios-en-construcci\u00f3n-scaled.jpg\",\"width\":2560,\"height\":1707,\"caption\":\"Las adecuaciones se realizar\u00e1n en edificios nuevos y ya existentes para que sean sustentables\"},{\"@type\":\"BreadcrumbList\",\"@id\":\"https:\\\/\\\/centrourbano.com\\\/revista\\\/construccion\\\/modifican-reglamento-construcciones-la-cdmx\\\/#breadcrumb\",\"itemListElement\":[{\"@type\":\"ListItem\",\"position\":1,\"name\":\"Portada\",\"item\":\"https:\\\/\\\/centrourbano.com\\\/revista\\\/\"},{\"@type\":\"ListItem\",\"position\":2,\"name\":\"Modifican Reglamento de Construcciones de la CDMX\"}]},{\"@type\":\"WebSite\",\"@id\":\"https:\\\/\\\/centrourbano.com\\\/revista\\\/#website\",\"url\":\"https:\\\/\\\/centrourbano.com\\\/revista\\\/\",\"name\":\"Centro Urbano\",\"description\":\"Medio especializado en los sectores vivienda, inmobiliario, construcci\u00f3n, arquitectura y urbanismo.\",\"publisher\":{\"@id\":\"https:\\\/\\\/centrourbano.com\\\/revista\\\/#organization\"},\"potentialAction\":[{\"@type\":\"SearchAction\",\"target\":{\"@type\":\"EntryPoint\",\"urlTemplate\":\"https:\\\/\\\/centrourbano.com\\\/revista\\\/?s={search_term_string}\"},\"query-input\":{\"@type\":\"PropertyValueSpecification\",\"valueRequired\":true,\"valueName\":\"search_term_string\"}}],\"inLanguage\":\"es\"},{\"@type\":\"Organization\",\"@id\":\"https:\\\/\\\/centrourbano.com\\\/revista\\\/#organization\",\"name\":\"Centro Urbano\",\"url\":\"https:\\\/\\\/centrourbano.com\\\/revista\\\/\",\"logo\":{\"@type\":\"ImageObject\",\"inLanguage\":\"es\",\"@id\":\"https:\\\/\\\/centrourbano.com\\\/revista\\\/#\\\/schema\\\/logo\\\/image\\\/\",\"url\":\"https:\\\/\\\/centrourbano.com\\\/revista\\\/wp-content\\\/uploads\\\/web_CU_logo-1.png\",\"contentUrl\":\"https:\\\/\\\/centrourbano.com\\\/revista\\\/wp-content\\\/uploads\\\/web_CU_logo-1.png\",\"width\":350,\"height\":91,\"caption\":\"Centro Urbano\"},\"image\":{\"@id\":\"https:\\\/\\\/centrourbano.com\\\/revista\\\/#\\\/schema\\\/logo\\\/image\\\/\"},\"sameAs\":[\"https:\\\/\\\/www.facebook.com\\\/portalcentrourbano\",\"https:\\\/\\\/x.com\\\/CentroUrbano\",\"https:\\\/\\\/www.instagram.com\\\/centro_urbano\\\/\",\"https:\\\/\\\/www.linkedin.com\\\/company\\\/centro-urbano\\\/\",\"http:\\\/\\\/www.youtube.com\\\/user\\\/portalcentrourbano\"]},{\"@type\":\"Person\",\"@id\":\"https:\\\/\\\/centrourbano.com\\\/revista\\\/#\\\/schema\\\/person\\\/b50192a3cd0e680841b45dc537f53970\",\"name\":\"Diego Rodr\u00edguez\",\"image\":{\"@type\":\"ImageObject\",\"inLanguage\":\"es\",\"@id\":\"https:\\\/\\\/secure.gravatar.com\\\/avatar\\\/d217565525df2df5d4e7265d47758506f41845ed9529510921a7625d8365789d?s=96&d=mm&r=g\",\"url\":\"https:\\\/\\\/secure.gravatar.com\\\/avatar\\\/d217565525df2df5d4e7265d47758506f41845ed9529510921a7625d8365789d?s=96&d=mm&r=g\",\"contentUrl\":\"https:\\\/\\\/secure.gravatar.com\\\/avatar\\\/d217565525df2df5d4e7265d47758506f41845ed9529510921a7625d8365789d?s=96&d=mm&r=g\",\"caption\":\"Diego Rodr\u00edguez\"},\"description\":\"Egresado de la Facultad de Estudios Superiores Acatl\u00e1n de la carrera en Comunicaci\u00f3n, con especialidad en medios escritos. Reportero del desaparecido peri\u00f3dico Nuestro M\u00e9xico, en donde cubri\u00f3 las fuentes delegacionales y Asamblea Legislativa. Tambi\u00e9n trabaj\u00f3 en la Coordinaci\u00f3n de Comunicaci\u00f3n Social en la delegaci\u00f3n \u00c1lvaro Obreg\u00f3n. Le gusta leer novelas y cuentos.\",\"url\":\"https:\\\/\\\/centrourbano.com\\\/revista\\\/author\\\/diegorodriguez\\\/\"}]}<\/script>\n<!-- \/ Yoast SEO plugin. -->","yoast_head_json":{"title":"Modifican Reglamento de Construcciones de la CDMX -","description":"Para garantizar la eficiencia energ\u00e9tica en las construcciones nuevas y realizar las modificaciones necesarias en edificios ya existentes, el jefe de Gobierno de la Ciudad de M\u00e9xico, Miguel \u00c1ngel Mancera, dio instrucciones para que se modifique el Reglamento de Construcciones \u201capegado a su compromiso de realizar acciones que aporten un beneficio ambiental importante en el corto, mediano y largo plazo\u201d, inform\u00f3 el gobierno capitalino.","robots":{"index":"index","follow":"follow","max-snippet":"max-snippet:-1","max-image-preview":"max-image-preview:large","max-video-preview":"max-video-preview:-1"},"canonical":"https:\/\/centrourbano.com\/revista\/construccion\/modifican-reglamento-construcciones-la-cdmx\/","og_locale":"es_ES","og_type":"article","og_title":"Modifican Reglamento de Construcciones de la CDMX -","og_description":"Para garantizar la eficiencia energ\u00e9tica en las construcciones nuevas y realizar las modificaciones necesarias en edificios ya existentes, el jefe de Gobierno de la Ciudad de M\u00e9xico, Miguel \u00c1ngel Mancera, dio instrucciones para que se modifique el Reglamento de Construcciones \u201capegado a su compromiso de realizar acciones que aporten un beneficio ambiental importante en el corto, mediano y largo plazo\u201d, inform\u00f3 el gobierno capitalino.","og_url":"https:\/\/centrourbano.com\/revista\/construccion\/modifican-reglamento-construcciones-la-cdmx\/","og_site_name":"Centro Urbano","article_publisher":"https:\/\/www.facebook.com\/portalcentrourbano","article_published_time":"2016-06-28T14:54:50+00:00","og_image":[{"width":2560,"height":1707,"url":"https:\/\/centrourbano.com\/revista\/wp-content\/uploads\/SOBSE-PREPARATORIA-Edificios-en-construcci\u00f3n-scaled.jpg","type":"image\/jpeg"}],"author":"Diego Rodr\u00edguez","twitter_card":"summary_large_image","twitter_creator":"@CentroUrbano","twitter_site":"@CentroUrbano","twitter_misc":{"Escrito por":"Diego Rodr\u00edguez","Tiempo de lectura":"2 minutos"},"schema":{"@context":"https:\/\/schema.org","@graph":[{"@type":"Article","@id":"https:\/\/centrourbano.com\/revista\/construccion\/modifican-reglamento-construcciones-la-cdmx\/#article","isPartOf":{"@id":"https:\/\/centrourbano.com\/revista\/construccion\/modifican-reglamento-construcciones-la-cdmx\/"},"author":{"name":"Diego Rodr\u00edguez","@id":"https:\/\/centrourbano.com\/revista\/#\/schema\/person\/b50192a3cd0e680841b45dc537f53970"},"headline":"Modifican Reglamento de Construcciones de la CDMX","datePublished":"2016-06-28T14:54:50+00:00","mainEntityOfPage":{"@id":"https:\/\/centrourbano.com\/revista\/construccion\/modifican-reglamento-construcciones-la-cdmx\/"},"wordCount":421,"commentCount":0,"publisher":{"@id":"https:\/\/centrourbano.com\/revista\/#organization"},"image":{"@id":"https:\/\/centrourbano.com\/revista\/construccion\/modifican-reglamento-construcciones-la-cdmx\/#primaryimage"},"thumbnailUrl":"https:\/\/centrourbano.com\/revista\/wp-content\/uploads\/SOBSE-PREPARATORIA-Edificios-en-construcci\u00f3n-scaled.jpg","articleSection":["Construcci\u00f3n"],"inLanguage":"es","potentialAction":[{"@type":"CommentAction","name":"Comment","target":["https:\/\/centrourbano.com\/revista\/construccion\/modifican-reglamento-construcciones-la-cdmx\/#respond"]}]},{"@type":"WebPage","@id":"https:\/\/centrourbano.com\/revista\/construccion\/modifican-reglamento-construcciones-la-cdmx\/","url":"https:\/\/centrourbano.com\/revista\/construccion\/modifican-reglamento-construcciones-la-cdmx\/","name":"Modifican Reglamento de Construcciones de la CDMX -","isPartOf":{"@id":"https:\/\/centrourbano.com\/revista\/#website"},"primaryImageOfPage":{"@id":"https:\/\/centrourbano.com\/revista\/construccion\/modifican-reglamento-construcciones-la-cdmx\/#primaryimage"},"image":{"@id":"https:\/\/centrourbano.com\/revista\/construccion\/modifican-reglamento-construcciones-la-cdmx\/#primaryimage"},"thumbnailUrl":"https:\/\/centrourbano.com\/revista\/wp-content\/uploads\/SOBSE-PREPARATORIA-Edificios-en-construcci\u00f3n-scaled.jpg","datePublished":"2016-06-28T14:54:50+00:00","description":"Para garantizar la eficiencia energ\u00e9tica en las construcciones nuevas y realizar las modificaciones necesarias en edificios ya existentes, el jefe de Gobierno de la Ciudad de M\u00e9xico, Miguel \u00c1ngel Mancera, dio instrucciones para que se modifique el Reglamento de Construcciones \u201capegado a su compromiso de realizar acciones que aporten un beneficio ambiental importante en el corto, mediano y largo plazo\u201d, inform\u00f3 el gobierno capitalino.","breadcrumb":{"@id":"https:\/\/centrourbano.com\/revista\/construccion\/modifican-reglamento-construcciones-la-cdmx\/#breadcrumb"},"inLanguage":"es","potentialAction":[{"@type":"ReadAction","target":["https:\/\/centrourbano.com\/revista\/construccion\/modifican-reglamento-construcciones-la-cdmx\/"]}]},{"@type":"ImageObject","inLanguage":"es","@id":"https:\/\/centrourbano.com\/revista\/construccion\/modifican-reglamento-construcciones-la-cdmx\/#primaryimage","url":"https:\/\/centrourbano.com\/revista\/wp-content\/uploads\/SOBSE-PREPARATORIA-Edificios-en-construcci\u00f3n-scaled.jpg","contentUrl":"https:\/\/centrourbano.com\/revista\/wp-content\/uploads\/SOBSE-PREPARATORIA-Edificios-en-construcci\u00f3n-scaled.jpg","width":2560,"height":1707,"caption":"Las adecuaciones se realizar\u00e1n en edificios nuevos y ya existentes para que sean sustentables"},{"@type":"BreadcrumbList","@id":"https:\/\/centrourbano.com\/revista\/construccion\/modifican-reglamento-construcciones-la-cdmx\/#breadcrumb","itemListElement":[{"@type":"ListItem","position":1,"name":"Portada","item":"https:\/\/centrourbano.com\/revista\/"},{"@type":"ListItem","position":2,"name":"Modifican Reglamento de Construcciones de la CDMX"}]},{"@type":"WebSite","@id":"https:\/\/centrourbano.com\/revista\/#website","url":"https:\/\/centrourbano.com\/revista\/","name":"Centro Urbano","description":"Medio especializado en los sectores vivienda, inmobiliario, construcci\u00f3n, arquitectura y urbanismo.","publisher":{"@id":"https:\/\/centrourbano.com\/revista\/#organization"},"potentialAction":[{"@type":"SearchAction","target":{"@type":"EntryPoint","urlTemplate":"https:\/\/centrourbano.com\/revista\/?s={search_term_string}"},"query-input":{"@type":"PropertyValueSpecification","valueRequired":true,"valueName":"search_term_string"}}],"inLanguage":"es"},{"@type":"Organization","@id":"https:\/\/centrourbano.com\/revista\/#organization","name":"Centro Urbano","url":"https:\/\/centrourbano.com\/revista\/","logo":{"@type":"ImageObject","inLanguage":"es","@id":"https:\/\/centrourbano.com\/revista\/#\/schema\/logo\/image\/","url":"https:\/\/centrourbano.com\/revista\/wp-content\/uploads\/web_CU_logo-1.png","contentUrl":"https:\/\/centrourbano.com\/revista\/wp-content\/uploads\/web_CU_logo-1.png","width":350,"height":91,"caption":"Centro Urbano"},"image":{"@id":"https:\/\/centrourbano.com\/revista\/#\/schema\/logo\/image\/"},"sameAs":["https:\/\/www.facebook.com\/portalcentrourbano","https:\/\/x.com\/CentroUrbano","https:\/\/www.instagram.com\/centro_urbano\/","https:\/\/www.linkedin.com\/company\/centro-urbano\/","http:\/\/www.youtube.com\/user\/portalcentrourbano"]},{"@type":"Person","@id":"https:\/\/centrourbano.com\/revista\/#\/schema\/person\/b50192a3cd0e680841b45dc537f53970","name":"Diego Rodr\u00edguez","image":{"@type":"ImageObject","inLanguage":"es","@id":"https:\/\/secure.gravatar.com\/avatar\/d217565525df2df5d4e7265d47758506f41845ed9529510921a7625d8365789d?s=96&d=mm&r=g","url":"https:\/\/secure.gravatar.com\/avatar\/d217565525df2df5d4e7265d47758506f41845ed9529510921a7625d8365789d?s=96&d=mm&r=g","contentUrl":"https:\/\/secure.gravatar.com\/avatar\/d217565525df2df5d4e7265d47758506f41845ed9529510921a7625d8365789d?s=96&d=mm&r=g","caption":"Diego Rodr\u00edguez"},"description":"Egresado de la Facultad de Estudios Superiores Acatl\u00e1n de la carrera en Comunicaci\u00f3n, con especialidad en medios escritos. Reportero del desaparecido peri\u00f3dico Nuestro M\u00e9xico, en donde cubri\u00f3 las fuentes delegacionales y Asamblea Legislativa. Tambi\u00e9n trabaj\u00f3 en la Coordinaci\u00f3n de Comunicaci\u00f3n Social en la delegaci\u00f3n \u00c1lvaro Obreg\u00f3n. Le gusta leer novelas y cuentos.","url":"https:\/\/centrourbano.com\/revista\/author\/diegorodriguez\/"}]}},"_links":{"self":[{"href":"https:\/\/centrourbano.com\/revista\/wp-json\/wp\/v2\/posts\/36529","targetHints":{"allow":["GET"]}}],"collection":[{"href":"https:\/\/centrourbano.com\/revista\/wp-json\/wp\/v2\/posts"}],"about":[{"href":"https:\/\/centrourbano.com\/revista\/wp-json\/wp\/v2\/types\/post"}],"author":[{"embeddable":true,"href":"https:\/\/centrourbano.com\/revista\/wp-json\/wp\/v2\/users\/37"}],"replies":[{"embeddable":true,"href":"https:\/\/centrourbano.com\/revista\/wp-json\/wp\/v2\/comments?post=36529"}],"version-history":[{"count":0,"href":"https:\/\/centrourbano.com\/revista\/wp-json\/wp\/v2\/posts\/36529\/revisions"}],"wp:featuredmedia":[{"embeddable":true,"href":"https:\/\/centrourbano.com\/revista\/wp-json\/wp\/v2\/media\/25180"}],"wp:attachment":[{"href":"https:\/\/centrourbano.com\/revista\/wp-json\/wp\/v2\/media?parent=36529"}],"wp:term":[{"taxonomy":"category","embeddable":true,"href":"https:\/\/centrourbano.com\/revista\/wp-json\/wp\/v2\/categories?post=36529"},{"taxonomy":"post_tag","embeddable":true,"href":"https:\/\/centrourbano.com\/revista\/wp-json\/wp\/v2\/tags?post=36529"}],"curies":[{"name":"wp","href":"https:\/\/api.w.org\/{rel}","templated":true}]}}