{"id":36310,"date":"2016-06-23T15:59:22","date_gmt":"2016-06-23T20:59:22","guid":{"rendered":"https:\/\/centrourbano.com\/?p=36310"},"modified":"2016-06-23T15:59:22","modified_gmt":"2016-06-23T20:59:22","slug":"espana-alista-festival-internacional-cine-arquitectura","status":"publish","type":"post","link":"https:\/\/centrourbano.com\/revista\/arquitectura-2\/espana-alista-festival-internacional-cine-arquitectura\/","title":{"rendered":"Espa\u00f1a alista Festival Internacional de Cine y Arquitectura"},"content":{"rendered":"<p><em>Se completa con un ciclo de conferencias por el que pasar\u00e1n m\u00e1s de veinte arquitectos<br \/>\n<\/em><!--more--><\/p>\n<p>Del 28 de junio al 2 de julio del presente a\u00f1o, se llevar\u00e1 a cabo la cuarta edici\u00f3n del Festival Internacional de Cine y Arquitectura (FICARQ), en la ciudad de Santander, en Espa\u00f1a, el cual est\u00e1 dedicado a explorar las intersecciones entre el lenguaje arquitect\u00f3nico y el lenguaje f\u00edlmico, reconocido como uno de los m\u00e1s destacados en el \u00e1mbito internacional. <\/p>\n<p>En este encuentro se dan cita diversos profesionales como arquitectos, cineastas, directores de arte y expertos en nuevas tecnolog\u00edas, quienes aprovechar\u00e1n este espacio para hablar sobre sus proyectos.<\/p>\n<p>El evento contar\u00e1 con una programaci\u00f3n de decenas de t\u00edtulos, una docena de conferencias, talleres infantiles, pases especiales y que conceder\u00e1<br \/>\nel segundo de sus premios honor\u00edficos, el galard\u00f3n \u00abPuente entre las artes\u00bb, al arquitecto Emilio Tu\u00f1\u00f3n, que acompa\u00f1ar\u00e1 en esta categor\u00eda al cineasta Carlos Saura.<\/p>\n<p>Adem\u00e1s, en la misma parte arquitect\u00f3nica destaca la presencia del arquitecto portugu\u00e9s Francisco Aires Mateus, que realizar\u00e1 una presentaci\u00f3n de los proyectos m\u00e1s recientes de su estudio. <\/p>\n<p>Adem\u00e1s, Carlos Saura recibir\u00e1 el premio de honor del FICARQ, que adem\u00e1s estrenar\u00e1 un avance del documental que prepara sobre el arquitecto italiano Renzo Piano. <\/p>\n<p>El comit\u00e9 organizador, bas\u00f3 la concesi\u00f3n del \u00abPuente entre las artes\u00bb a Emilio Tu\u00f1\u00f3n, debido a la trayectoria que ha logrado mantener el delicado equilibrio entre innovaci\u00f3n y honestidad, con un respeto exquisito por la historia y el patrimonio cultural.<\/p>\n<p>El arquitecto, Medalla de Oro al M\u00e9rito en las Bellas Artes, catedr\u00e1tico de proyectos en la ETSAM y que cuenta en su haber con galardones como el Mies van der Rohe por su proyecto del Musac en Le\u00f3n, cierra, de esta forma, el programa de arquitectura de FICARQ 2016, en el que figuran nombres como Francisco Xavier Aires Mateus, Alejandro Zaera-Polo, Cristina D\u00edaz y Efr\u00e9n Garc\u00eda, Eduardo Arroyo, Jos\u00e9 Selgas, Alfredo Pay\u00e1, Carmelo Rodr\u00edguez, Sancho Osinaga o Richard Levene, comisario, este \u00faltimo, de este apartado del certamen.<\/p>\n<p>La secci\u00f3n oficial, la secci\u00f3n informativa y los pases especiales suman una programaci\u00f3n que ronda los cincuenta t\u00edtulos y que se completa con un ciclo de conferencias por el que pasar\u00e1n m\u00e1s de veinte arquitectos y otros tantos directores de arte, cineastas y especialistas en nuevas tecnolog\u00edas.<\/p>\n","protected":false},"excerpt":{"rendered":"<p>Se completa con un ciclo de conferencias por el que pasar\u00e1n m\u00e1s de veinte arquitectos<\/p>\n","protected":false},"author":9,"featured_media":36311,"comment_status":"open","ping_status":"closed","sticky":false,"template":"","format":"standard","meta":{"om_disable_all_campaigns":false,"inline_featured_image":false,"_monsterinsights_skip_tracking":false,"_monsterinsights_sitenote_active":false,"_monsterinsights_sitenote_note":"","_monsterinsights_sitenote_category":0,"footnotes":""},"categories":[81],"tags":[20,46,8163,8162,1111],"class_list":["post-36310","post","type-post","status-publish","format-standard","has-post-thumbnail","hentry","category-arquitectura-2","tag-arquitectura","tag-espana","tag-festival-internacional-de-cine-y-arquitectura","tag-ficarq","tag-santander"],"yoast_head":"<!-- This site is optimized with the Yoast SEO plugin v27.5 - https:\/\/yoast.com\/product\/yoast-seo-wordpress\/ -->\n<title>Espa\u00f1a alista Festival Internacional de Cine y Arquitectura<\/title>\n<meta name=\"description\" content=\"Se completa con un ciclo de conferencias por el que pasar\u00e1n m\u00e1s de veinte arquitectos\" \/>\n<meta name=\"robots\" content=\"index, follow, max-snippet:-1, max-image-preview:large, max-video-preview:-1\" \/>\n<link rel=\"canonical\" href=\"https:\/\/centrourbano.com\/revista\/arquitectura-2\/espana-alista-festival-internacional-cine-arquitectura\/\" \/>\n<meta property=\"og:locale\" content=\"es_ES\" \/>\n<meta property=\"og:type\" content=\"article\" \/>\n<meta property=\"og:title\" content=\"Espa\u00f1a alista Festival Internacional de Cine y Arquitectura\" \/>\n<meta property=\"og:description\" content=\"Se completa con un ciclo de conferencias por el que pasar\u00e1n m\u00e1s de veinte arquitectos\" \/>\n<meta property=\"og:url\" content=\"https:\/\/centrourbano.com\/revista\/arquitectura-2\/espana-alista-festival-internacional-cine-arquitectura\/\" \/>\n<meta property=\"og:site_name\" content=\"Centro Urbano\" \/>\n<meta property=\"article:publisher\" content=\"https:\/\/www.facebook.com\/portalcentrourbano\" \/>\n<meta property=\"article:published_time\" content=\"2016-06-23T20:59:22+00:00\" \/>\n<meta property=\"og:image\" content=\"https:\/\/centrourbano.com\/revista\/wp-content\/uploads\/Espa\u00f1a-alista-Festival-Internacional-de-Cine-y-Arquitectura.jpg\" \/>\n\t<meta property=\"og:image:width\" content=\"1024\" \/>\n\t<meta property=\"og:image:height\" content=\"572\" \/>\n\t<meta property=\"og:image:type\" content=\"image\/jpeg\" \/>\n<meta name=\"author\" content=\"Dinorah Nava\" \/>\n<meta name=\"twitter:card\" content=\"summary_large_image\" \/>\n<meta name=\"twitter:creator\" content=\"@https:\/\/twitter.com\/Dinorah_Nava28\" \/>\n<meta name=\"twitter:site\" content=\"@CentroUrbano\" \/>\n<meta name=\"twitter:label1\" content=\"Escrito por\" \/>\n\t<meta name=\"twitter:data1\" content=\"Dinorah Nava\" \/>\n\t<meta name=\"twitter:label2\" content=\"Tiempo de lectura\" \/>\n\t<meta name=\"twitter:data2\" content=\"2 minutos\" \/>\n<script type=\"application\/ld+json\" class=\"yoast-schema-graph\">{\"@context\":\"https:\\\/\\\/schema.org\",\"@graph\":[{\"@type\":\"Article\",\"@id\":\"https:\\\/\\\/centrourbano.com\\\/revista\\\/arquitectura-2\\\/espana-alista-festival-internacional-cine-arquitectura\\\/#article\",\"isPartOf\":{\"@id\":\"https:\\\/\\\/centrourbano.com\\\/revista\\\/arquitectura-2\\\/espana-alista-festival-internacional-cine-arquitectura\\\/\"},\"author\":{\"name\":\"Dinorah Nava\",\"@id\":\"https:\\\/\\\/centrourbano.com\\\/revista\\\/#\\\/schema\\\/person\\\/baa9e569588d5544150642a11ad28b8b\"},\"headline\":\"Espa\u00f1a alista Festival Internacional de Cine y Arquitectura\",\"datePublished\":\"2016-06-23T20:59:22+00:00\",\"mainEntityOfPage\":{\"@id\":\"https:\\\/\\\/centrourbano.com\\\/revista\\\/arquitectura-2\\\/espana-alista-festival-internacional-cine-arquitectura\\\/\"},\"wordCount\":422,\"commentCount\":0,\"publisher\":{\"@id\":\"https:\\\/\\\/centrourbano.com\\\/revista\\\/#organization\"},\"image\":{\"@id\":\"https:\\\/\\\/centrourbano.com\\\/revista\\\/arquitectura-2\\\/espana-alista-festival-internacional-cine-arquitectura\\\/#primaryimage\"},\"thumbnailUrl\":\"https:\\\/\\\/centrourbano.com\\\/revista\\\/wp-content\\\/uploads\\\/Espa\u00f1a-alista-Festival-Internacional-de-Cine-y-Arquitectura.jpg\",\"keywords\":[\"arquitectura\",\"Espa\u00f1a\",\"Festival Internacional de Cine y Arquitectura\",\"FICARQ\",\"Santander\"],\"articleSection\":[\"Arquitectura\"],\"inLanguage\":\"es\",\"potentialAction\":[{\"@type\":\"CommentAction\",\"name\":\"Comment\",\"target\":[\"https:\\\/\\\/centrourbano.com\\\/revista\\\/arquitectura-2\\\/espana-alista-festival-internacional-cine-arquitectura\\\/#respond\"]}]},{\"@type\":\"WebPage\",\"@id\":\"https:\\\/\\\/centrourbano.com\\\/revista\\\/arquitectura-2\\\/espana-alista-festival-internacional-cine-arquitectura\\\/\",\"url\":\"https:\\\/\\\/centrourbano.com\\\/revista\\\/arquitectura-2\\\/espana-alista-festival-internacional-cine-arquitectura\\\/\",\"name\":\"Espa\u00f1a alista Festival Internacional de Cine y Arquitectura\",\"isPartOf\":{\"@id\":\"https:\\\/\\\/centrourbano.com\\\/revista\\\/#website\"},\"primaryImageOfPage\":{\"@id\":\"https:\\\/\\\/centrourbano.com\\\/revista\\\/arquitectura-2\\\/espana-alista-festival-internacional-cine-arquitectura\\\/#primaryimage\"},\"image\":{\"@id\":\"https:\\\/\\\/centrourbano.com\\\/revista\\\/arquitectura-2\\\/espana-alista-festival-internacional-cine-arquitectura\\\/#primaryimage\"},\"thumbnailUrl\":\"https:\\\/\\\/centrourbano.com\\\/revista\\\/wp-content\\\/uploads\\\/Espa\u00f1a-alista-Festival-Internacional-de-Cine-y-Arquitectura.jpg\",\"datePublished\":\"2016-06-23T20:59:22+00:00\",\"description\":\"Se completa con un ciclo de conferencias por el que pasar\u00e1n m\u00e1s de veinte arquitectos\",\"breadcrumb\":{\"@id\":\"https:\\\/\\\/centrourbano.com\\\/revista\\\/arquitectura-2\\\/espana-alista-festival-internacional-cine-arquitectura\\\/#breadcrumb\"},\"inLanguage\":\"es\",\"potentialAction\":[{\"@type\":\"ReadAction\",\"target\":[\"https:\\\/\\\/centrourbano.com\\\/revista\\\/arquitectura-2\\\/espana-alista-festival-internacional-cine-arquitectura\\\/\"]}]},{\"@type\":\"ImageObject\",\"inLanguage\":\"es\",\"@id\":\"https:\\\/\\\/centrourbano.com\\\/revista\\\/arquitectura-2\\\/espana-alista-festival-internacional-cine-arquitectura\\\/#primaryimage\",\"url\":\"https:\\\/\\\/centrourbano.com\\\/revista\\\/wp-content\\\/uploads\\\/Espa\u00f1a-alista-Festival-Internacional-de-Cine-y-Arquitectura.jpg\",\"contentUrl\":\"https:\\\/\\\/centrourbano.com\\\/revista\\\/wp-content\\\/uploads\\\/Espa\u00f1a-alista-Festival-Internacional-de-Cine-y-Arquitectura.jpg\",\"width\":1024,\"height\":572,\"caption\":\"Se completa con un ciclo de conferencias por el que pasar\u00e1n m\u00e1s de veinte arquitectos\"},{\"@type\":\"BreadcrumbList\",\"@id\":\"https:\\\/\\\/centrourbano.com\\\/revista\\\/arquitectura-2\\\/espana-alista-festival-internacional-cine-arquitectura\\\/#breadcrumb\",\"itemListElement\":[{\"@type\":\"ListItem\",\"position\":1,\"name\":\"Portada\",\"item\":\"https:\\\/\\\/centrourbano.com\\\/revista\\\/\"},{\"@type\":\"ListItem\",\"position\":2,\"name\":\"Espa\u00f1a alista Festival Internacional de Cine y Arquitectura\"}]},{\"@type\":\"WebSite\",\"@id\":\"https:\\\/\\\/centrourbano.com\\\/revista\\\/#website\",\"url\":\"https:\\\/\\\/centrourbano.com\\\/revista\\\/\",\"name\":\"Centro Urbano\",\"description\":\"Medio especializado en los sectores vivienda, inmobiliario, construcci\u00f3n, arquitectura y urbanismo.\",\"publisher\":{\"@id\":\"https:\\\/\\\/centrourbano.com\\\/revista\\\/#organization\"},\"potentialAction\":[{\"@type\":\"SearchAction\",\"target\":{\"@type\":\"EntryPoint\",\"urlTemplate\":\"https:\\\/\\\/centrourbano.com\\\/revista\\\/?s={search_term_string}\"},\"query-input\":{\"@type\":\"PropertyValueSpecification\",\"valueRequired\":true,\"valueName\":\"search_term_string\"}}],\"inLanguage\":\"es\"},{\"@type\":\"Organization\",\"@id\":\"https:\\\/\\\/centrourbano.com\\\/revista\\\/#organization\",\"name\":\"Centro Urbano\",\"url\":\"https:\\\/\\\/centrourbano.com\\\/revista\\\/\",\"logo\":{\"@type\":\"ImageObject\",\"inLanguage\":\"es\",\"@id\":\"https:\\\/\\\/centrourbano.com\\\/revista\\\/#\\\/schema\\\/logo\\\/image\\\/\",\"url\":\"https:\\\/\\\/centrourbano.com\\\/revista\\\/wp-content\\\/uploads\\\/web_CU_logo-1.png\",\"contentUrl\":\"https:\\\/\\\/centrourbano.com\\\/revista\\\/wp-content\\\/uploads\\\/web_CU_logo-1.png\",\"width\":350,\"height\":91,\"caption\":\"Centro Urbano\"},\"image\":{\"@id\":\"https:\\\/\\\/centrourbano.com\\\/revista\\\/#\\\/schema\\\/logo\\\/image\\\/\"},\"sameAs\":[\"https:\\\/\\\/www.facebook.com\\\/portalcentrourbano\",\"https:\\\/\\\/x.com\\\/CentroUrbano\",\"https:\\\/\\\/www.instagram.com\\\/centro_urbano\\\/\",\"https:\\\/\\\/www.linkedin.com\\\/company\\\/centro-urbano\\\/\",\"http:\\\/\\\/www.youtube.com\\\/user\\\/portalcentrourbano\"]},{\"@type\":\"Person\",\"@id\":\"https:\\\/\\\/centrourbano.com\\\/revista\\\/#\\\/schema\\\/person\\\/baa9e569588d5544150642a11ad28b8b\",\"name\":\"Dinorah Nava\",\"image\":{\"@type\":\"ImageObject\",\"inLanguage\":\"es\",\"@id\":\"https:\\\/\\\/secure.gravatar.com\\\/avatar\\\/f6ca6430c51d147f363940f84e1225aa4b8183885c11802cc3b042305a4ecc1a?s=96&d=mm&r=g\",\"url\":\"https:\\\/\\\/secure.gravatar.com\\\/avatar\\\/f6ca6430c51d147f363940f84e1225aa4b8183885c11802cc3b042305a4ecc1a?s=96&d=mm&r=g\",\"contentUrl\":\"https:\\\/\\\/secure.gravatar.com\\\/avatar\\\/f6ca6430c51d147f363940f84e1225aa4b8183885c11802cc3b042305a4ecc1a?s=96&d=mm&r=g\",\"caption\":\"Dinorah Nava\"},\"description\":\"Editora de Contenidos y Estrategias Digitales en Centro Urbano y Coeditora en Peri\u00f3dico Mi Casa. Egresada de la licenciatura en Comunicaci\u00f3n y Periodismo de la Facultad de Estudios Superiores Arag\u00f3n (UNAM). Amante de la edici\u00f3n y correcci\u00f3n de estilo, las redes sociales y el mundo digital. Especialista en temas son arquitectura, inmobiliario y urbanismo.\",\"sameAs\":[\"linkedin.com\\\/in\\\/dinorah-nava\",\"https:\\\/\\\/x.com\\\/https:\\\/\\\/twitter.com\\\/Dinorah_Nava28\"],\"url\":\"https:\\\/\\\/centrourbano.com\\\/revista\\\/author\\\/dinorah-nava\\\/\"}]}<\/script>\n<!-- \/ Yoast SEO plugin. -->","yoast_head_json":{"title":"Espa\u00f1a alista Festival Internacional de Cine y Arquitectura","description":"Se completa con un ciclo de conferencias por el que pasar\u00e1n m\u00e1s de veinte arquitectos","robots":{"index":"index","follow":"follow","max-snippet":"max-snippet:-1","max-image-preview":"max-image-preview:large","max-video-preview":"max-video-preview:-1"},"canonical":"https:\/\/centrourbano.com\/revista\/arquitectura-2\/espana-alista-festival-internacional-cine-arquitectura\/","og_locale":"es_ES","og_type":"article","og_title":"Espa\u00f1a alista Festival Internacional de Cine y Arquitectura","og_description":"Se completa con un ciclo de conferencias por el que pasar\u00e1n m\u00e1s de veinte arquitectos","og_url":"https:\/\/centrourbano.com\/revista\/arquitectura-2\/espana-alista-festival-internacional-cine-arquitectura\/","og_site_name":"Centro Urbano","article_publisher":"https:\/\/www.facebook.com\/portalcentrourbano","article_published_time":"2016-06-23T20:59:22+00:00","og_image":[{"width":1024,"height":572,"url":"https:\/\/centrourbano.com\/revista\/wp-content\/uploads\/Espa\u00f1a-alista-Festival-Internacional-de-Cine-y-Arquitectura.jpg","type":"image\/jpeg"}],"author":"Dinorah Nava","twitter_card":"summary_large_image","twitter_creator":"@https:\/\/twitter.com\/Dinorah_Nava28","twitter_site":"@CentroUrbano","twitter_misc":{"Escrito por":"Dinorah Nava","Tiempo de lectura":"2 minutos"},"schema":{"@context":"https:\/\/schema.org","@graph":[{"@type":"Article","@id":"https:\/\/centrourbano.com\/revista\/arquitectura-2\/espana-alista-festival-internacional-cine-arquitectura\/#article","isPartOf":{"@id":"https:\/\/centrourbano.com\/revista\/arquitectura-2\/espana-alista-festival-internacional-cine-arquitectura\/"},"author":{"name":"Dinorah Nava","@id":"https:\/\/centrourbano.com\/revista\/#\/schema\/person\/baa9e569588d5544150642a11ad28b8b"},"headline":"Espa\u00f1a alista Festival Internacional de Cine y Arquitectura","datePublished":"2016-06-23T20:59:22+00:00","mainEntityOfPage":{"@id":"https:\/\/centrourbano.com\/revista\/arquitectura-2\/espana-alista-festival-internacional-cine-arquitectura\/"},"wordCount":422,"commentCount":0,"publisher":{"@id":"https:\/\/centrourbano.com\/revista\/#organization"},"image":{"@id":"https:\/\/centrourbano.com\/revista\/arquitectura-2\/espana-alista-festival-internacional-cine-arquitectura\/#primaryimage"},"thumbnailUrl":"https:\/\/centrourbano.com\/revista\/wp-content\/uploads\/Espa\u00f1a-alista-Festival-Internacional-de-Cine-y-Arquitectura.jpg","keywords":["arquitectura","Espa\u00f1a","Festival Internacional de Cine y Arquitectura","FICARQ","Santander"],"articleSection":["Arquitectura"],"inLanguage":"es","potentialAction":[{"@type":"CommentAction","name":"Comment","target":["https:\/\/centrourbano.com\/revista\/arquitectura-2\/espana-alista-festival-internacional-cine-arquitectura\/#respond"]}]},{"@type":"WebPage","@id":"https:\/\/centrourbano.com\/revista\/arquitectura-2\/espana-alista-festival-internacional-cine-arquitectura\/","url":"https:\/\/centrourbano.com\/revista\/arquitectura-2\/espana-alista-festival-internacional-cine-arquitectura\/","name":"Espa\u00f1a alista Festival Internacional de Cine y Arquitectura","isPartOf":{"@id":"https:\/\/centrourbano.com\/revista\/#website"},"primaryImageOfPage":{"@id":"https:\/\/centrourbano.com\/revista\/arquitectura-2\/espana-alista-festival-internacional-cine-arquitectura\/#primaryimage"},"image":{"@id":"https:\/\/centrourbano.com\/revista\/arquitectura-2\/espana-alista-festival-internacional-cine-arquitectura\/#primaryimage"},"thumbnailUrl":"https:\/\/centrourbano.com\/revista\/wp-content\/uploads\/Espa\u00f1a-alista-Festival-Internacional-de-Cine-y-Arquitectura.jpg","datePublished":"2016-06-23T20:59:22+00:00","description":"Se completa con un ciclo de conferencias por el que pasar\u00e1n m\u00e1s de veinte arquitectos","breadcrumb":{"@id":"https:\/\/centrourbano.com\/revista\/arquitectura-2\/espana-alista-festival-internacional-cine-arquitectura\/#breadcrumb"},"inLanguage":"es","potentialAction":[{"@type":"ReadAction","target":["https:\/\/centrourbano.com\/revista\/arquitectura-2\/espana-alista-festival-internacional-cine-arquitectura\/"]}]},{"@type":"ImageObject","inLanguage":"es","@id":"https:\/\/centrourbano.com\/revista\/arquitectura-2\/espana-alista-festival-internacional-cine-arquitectura\/#primaryimage","url":"https:\/\/centrourbano.com\/revista\/wp-content\/uploads\/Espa\u00f1a-alista-Festival-Internacional-de-Cine-y-Arquitectura.jpg","contentUrl":"https:\/\/centrourbano.com\/revista\/wp-content\/uploads\/Espa\u00f1a-alista-Festival-Internacional-de-Cine-y-Arquitectura.jpg","width":1024,"height":572,"caption":"Se completa con un ciclo de conferencias por el que pasar\u00e1n m\u00e1s de veinte arquitectos"},{"@type":"BreadcrumbList","@id":"https:\/\/centrourbano.com\/revista\/arquitectura-2\/espana-alista-festival-internacional-cine-arquitectura\/#breadcrumb","itemListElement":[{"@type":"ListItem","position":1,"name":"Portada","item":"https:\/\/centrourbano.com\/revista\/"},{"@type":"ListItem","position":2,"name":"Espa\u00f1a alista Festival Internacional de Cine y Arquitectura"}]},{"@type":"WebSite","@id":"https:\/\/centrourbano.com\/revista\/#website","url":"https:\/\/centrourbano.com\/revista\/","name":"Centro Urbano","description":"Medio especializado en los sectores vivienda, inmobiliario, construcci\u00f3n, arquitectura y urbanismo.","publisher":{"@id":"https:\/\/centrourbano.com\/revista\/#organization"},"potentialAction":[{"@type":"SearchAction","target":{"@type":"EntryPoint","urlTemplate":"https:\/\/centrourbano.com\/revista\/?s={search_term_string}"},"query-input":{"@type":"PropertyValueSpecification","valueRequired":true,"valueName":"search_term_string"}}],"inLanguage":"es"},{"@type":"Organization","@id":"https:\/\/centrourbano.com\/revista\/#organization","name":"Centro Urbano","url":"https:\/\/centrourbano.com\/revista\/","logo":{"@type":"ImageObject","inLanguage":"es","@id":"https:\/\/centrourbano.com\/revista\/#\/schema\/logo\/image\/","url":"https:\/\/centrourbano.com\/revista\/wp-content\/uploads\/web_CU_logo-1.png","contentUrl":"https:\/\/centrourbano.com\/revista\/wp-content\/uploads\/web_CU_logo-1.png","width":350,"height":91,"caption":"Centro Urbano"},"image":{"@id":"https:\/\/centrourbano.com\/revista\/#\/schema\/logo\/image\/"},"sameAs":["https:\/\/www.facebook.com\/portalcentrourbano","https:\/\/x.com\/CentroUrbano","https:\/\/www.instagram.com\/centro_urbano\/","https:\/\/www.linkedin.com\/company\/centro-urbano\/","http:\/\/www.youtube.com\/user\/portalcentrourbano"]},{"@type":"Person","@id":"https:\/\/centrourbano.com\/revista\/#\/schema\/person\/baa9e569588d5544150642a11ad28b8b","name":"Dinorah Nava","image":{"@type":"ImageObject","inLanguage":"es","@id":"https:\/\/secure.gravatar.com\/avatar\/f6ca6430c51d147f363940f84e1225aa4b8183885c11802cc3b042305a4ecc1a?s=96&d=mm&r=g","url":"https:\/\/secure.gravatar.com\/avatar\/f6ca6430c51d147f363940f84e1225aa4b8183885c11802cc3b042305a4ecc1a?s=96&d=mm&r=g","contentUrl":"https:\/\/secure.gravatar.com\/avatar\/f6ca6430c51d147f363940f84e1225aa4b8183885c11802cc3b042305a4ecc1a?s=96&d=mm&r=g","caption":"Dinorah Nava"},"description":"Editora de Contenidos y Estrategias Digitales en Centro Urbano y Coeditora en Peri\u00f3dico Mi Casa. Egresada de la licenciatura en Comunicaci\u00f3n y Periodismo de la Facultad de Estudios Superiores Arag\u00f3n (UNAM). Amante de la edici\u00f3n y correcci\u00f3n de estilo, las redes sociales y el mundo digital. Especialista en temas son arquitectura, inmobiliario y urbanismo.","sameAs":["linkedin.com\/in\/dinorah-nava","https:\/\/x.com\/https:\/\/twitter.com\/Dinorah_Nava28"],"url":"https:\/\/centrourbano.com\/revista\/author\/dinorah-nava\/"}]}},"_links":{"self":[{"href":"https:\/\/centrourbano.com\/revista\/wp-json\/wp\/v2\/posts\/36310","targetHints":{"allow":["GET"]}}],"collection":[{"href":"https:\/\/centrourbano.com\/revista\/wp-json\/wp\/v2\/posts"}],"about":[{"href":"https:\/\/centrourbano.com\/revista\/wp-json\/wp\/v2\/types\/post"}],"author":[{"embeddable":true,"href":"https:\/\/centrourbano.com\/revista\/wp-json\/wp\/v2\/users\/9"}],"replies":[{"embeddable":true,"href":"https:\/\/centrourbano.com\/revista\/wp-json\/wp\/v2\/comments?post=36310"}],"version-history":[{"count":0,"href":"https:\/\/centrourbano.com\/revista\/wp-json\/wp\/v2\/posts\/36310\/revisions"}],"wp:featuredmedia":[{"embeddable":true,"href":"https:\/\/centrourbano.com\/revista\/wp-json\/wp\/v2\/media\/36311"}],"wp:attachment":[{"href":"https:\/\/centrourbano.com\/revista\/wp-json\/wp\/v2\/media?parent=36310"}],"wp:term":[{"taxonomy":"category","embeddable":true,"href":"https:\/\/centrourbano.com\/revista\/wp-json\/wp\/v2\/categories?post=36310"},{"taxonomy":"post_tag","embeddable":true,"href":"https:\/\/centrourbano.com\/revista\/wp-json\/wp\/v2\/tags?post=36310"}],"curies":[{"name":"wp","href":"https:\/\/api.w.org\/{rel}","templated":true}]}}