{"id":36220,"date":"2016-06-21T17:48:22","date_gmt":"2016-06-21T22:48:22","guid":{"rendered":"https:\/\/centrourbano.com\/?p=36220"},"modified":"2016-06-21T17:54:32","modified_gmt":"2016-06-21T22:54:32","slug":"presenta-gicsa-la-isla-cabo-norte-merida","status":"publish","type":"post","link":"https:\/\/centrourbano.com\/revista\/inmobiliario\/presenta-gicsa-la-isla-cabo-norte-merida\/","title":{"rendered":"Presenta GICSA: La Isla Cabo Norte en M\u00e9rida"},"content":{"rendered":"<p style=\"line-height: 18.0pt;\"><em><span style=\"font-family: 'Georgia','serif'; color: #333333;\">El proyecto de GICSA, La Isla M\u00e9rida, contar\u00e1 con 88, 000 metros de \u00e1rea comercial y m\u00e1s de 150\u00a0tiendas.<\/span><\/em><\/p>\n<p>GICSA present\u00f3 La Isla Cabo Norte M\u00e9rida, un ambicioso proyecto que coadyuvar\u00e1 a fomentar la convivencia familiar en la regi\u00f3n.<\/p>\n<a href=\"https:\/\/centrourbano.com\/revista\/wp-content\/uploads\/2-2.jpg\"><img loading=\"lazy\" decoding=\"async\" class=\"size-medium wp-image-36224 aligncenter\" src=\"https:\/\/centrourbano.com\/revista\/wp-content\/uploads\/2-2-300x224.jpg\" alt=\"2\" width=\"300\" height=\"224\" srcset=\"https:\/\/centrourbano.com\/revista\/wp-content\/uploads\/2-2-300x224.jpg 300w, https:\/\/centrourbano.com\/revista\/wp-content\/uploads\/2-2-768x574.jpg 768w, https:\/\/centrourbano.com\/revista\/wp-content\/uploads\/2-2-100x75.jpg 100w, https:\/\/centrourbano.com\/revista\/wp-content\/uploads\/2-2.jpg 909w\" sizes=\"auto, (max-width: 300px) 100vw, 300px\" \/><\/a>\n<p>En este sentido Abraham Cababie, Director General de GICSA, se\u00f1al\u00f3 que el desarrollo se decidi\u00f3 realizar en la zona de Cabo Norte debido a que es un lugar ideal que permite hacer un proyecto ambicioso sin da\u00f1ar el medio ambiente.<\/p>\n<p>Con una inversi\u00f3n de 2, 250 millones de pesos, La Isla M\u00e9rida contar\u00e1 con 88, 000 metros de \u00e1rea comercial y m\u00e1s de 150 opciones de compra y entretenimiento familiar.<\/p>\n<p>El proyecto contempla m\u00e1s de 70 mil metros cuadrados de agua concentrados en un lago, feria, restaurantes, cine, supermercado, todo esto en un espacio de m\u00e1s de 150 mil metros de construcci\u00f3n.<\/p>\n<p>El interior estar\u00e1 climatizado con un sistema \u00fanico en Latinoam\u00e9rica, que mantiene el clima y la brisa interior con alrededor de 21 grados cent\u00edgrados, brindando un confort inigualable.<\/p>\n<p>Por su parte, Samuel Jalife, director de Comercializaci\u00f3n de GICSA, destac\u00f3 que el La Isla acercar\u00e1 a los comerciantes locales, a quienes dar\u00e1 precios accesibles, con el objetivo de coadyuvar al crecimiento econ\u00f3mico de la regi\u00f3n.<\/p>\n<p>La Isla M\u00e9rida ofrecer\u00e1 alrededor de 1600 empleos indirectos y a la apertura se crear\u00e1n cerca de 2,000 empleos permanentes.<\/p>\n<p>Se estima que el proyecto, que actualmente tiene un avance del 12%, abra sus puertas en oto\u00f1o de 2017. Actualmente,\u00a0Canc\u00fan, Acapulco, Puerto Vallarta ya cuentan con el concepto de La Isla.<\/p>\n<p>&nbsp;<\/p>\n","protected":false},"excerpt":{"rendered":"<p>El proyecto de GICSA, La Isla M\u00e9rida, contar\u00e1 con 88, 000 metros de \u00e1rea comercial y m\u00e1s de 150\u00a0tiendas. GICSA present\u00f3 La Isla Cabo Norte M\u00e9rida, un ambicioso proyecto que coadyuvar\u00e1 a fomentar la convivencia familiar en la regi\u00f3n. En este sentido Abraham Cababie, Director General de GICSA, se\u00f1al\u00f3 que el desarrollo se decidi\u00f3 realizar [&hellip;]<\/p>\n","protected":false},"author":33,"featured_media":36225,"comment_status":"open","ping_status":"closed","sticky":false,"template":"","format":"standard","meta":{"om_disable_all_campaigns":false,"inline_featured_image":false,"_monsterinsights_skip_tracking":false,"_monsterinsights_sitenote_active":false,"_monsterinsights_sitenote_note":"","_monsterinsights_sitenote_category":0,"footnotes":""},"categories":[15],"tags":[],"class_list":["post-36220","post","type-post","status-publish","format-standard","has-post-thumbnail","hentry","category-inmobiliario"],"yoast_head":"<!-- This site is optimized with the Yoast SEO plugin v27.4 - https:\/\/yoast.com\/product\/yoast-seo-wordpress\/ -->\n<title>Presenta GICSA: La Isla Cabo Norte en M\u00e9rida -<\/title>\n<meta name=\"description\" content=\"GICSA pone en el mapa de Yucat\u00e1n, Un ambicioso proyecto que coadyuvar\u00e1 a fomentar la convivencia familiar en la regi\u00f3n.\" \/>\n<meta name=\"robots\" content=\"index, follow, max-snippet:-1, max-image-preview:large, max-video-preview:-1\" \/>\n<link rel=\"canonical\" href=\"https:\/\/centrourbano.com\/revista\/inmobiliario\/presenta-gicsa-la-isla-cabo-norte-merida\/\" \/>\n<meta property=\"og:locale\" content=\"es_ES\" \/>\n<meta property=\"og:type\" content=\"article\" \/>\n<meta property=\"og:title\" content=\"Presenta GICSA: La Isla Cabo Norte en M\u00e9rida -\" \/>\n<meta property=\"og:description\" content=\"GICSA pone en el mapa de Yucat\u00e1n, Un ambicioso proyecto que coadyuvar\u00e1 a fomentar la convivencia familiar en la regi\u00f3n.\" \/>\n<meta property=\"og:url\" content=\"https:\/\/centrourbano.com\/revista\/inmobiliario\/presenta-gicsa-la-isla-cabo-norte-merida\/\" \/>\n<meta property=\"og:site_name\" content=\"Centro Urbano\" \/>\n<meta property=\"article:publisher\" content=\"https:\/\/www.facebook.com\/portalcentrourbano\" \/>\n<meta property=\"article:published_time\" content=\"2016-06-21T22:48:22+00:00\" \/>\n<meta property=\"article:modified_time\" content=\"2016-06-21T22:54:32+00:00\" \/>\n<meta property=\"og:image\" content=\"https:\/\/centrourbano.com\/revista\/wp-content\/uploads\/1-2.jpg\" \/>\n\t<meta property=\"og:image:width\" content=\"909\" \/>\n\t<meta property=\"og:image:height\" content=\"679\" \/>\n\t<meta property=\"og:image:type\" content=\"image\/jpeg\" \/>\n<meta name=\"author\" content=\"Maribel Gamas Romero\" \/>\n<meta name=\"twitter:card\" content=\"summary_large_image\" \/>\n<meta name=\"twitter:creator\" content=\"@CentroUrbano\" \/>\n<meta name=\"twitter:site\" content=\"@CentroUrbano\" \/>\n<meta name=\"twitter:label1\" content=\"Escrito por\" \/>\n\t<meta name=\"twitter:data1\" content=\"Maribel Gamas Romero\" \/>\n\t<meta name=\"twitter:label2\" content=\"Tiempo de lectura\" \/>\n\t<meta name=\"twitter:data2\" content=\"1 minuto\" \/>\n<script type=\"application\/ld+json\" class=\"yoast-schema-graph\">{\"@context\":\"https:\\\/\\\/schema.org\",\"@graph\":[{\"@type\":\"Article\",\"@id\":\"https:\\\/\\\/centrourbano.com\\\/revista\\\/inmobiliario\\\/presenta-gicsa-la-isla-cabo-norte-merida\\\/#article\",\"isPartOf\":{\"@id\":\"https:\\\/\\\/centrourbano.com\\\/revista\\\/inmobiliario\\\/presenta-gicsa-la-isla-cabo-norte-merida\\\/\"},\"author\":{\"name\":\"Maribel Gamas Romero\",\"@id\":\"https:\\\/\\\/centrourbano.com\\\/revista\\\/#\\\/schema\\\/person\\\/d54f911ec0b07676fba4d8cd978af36c\"},\"headline\":\"Presenta GICSA: La Isla Cabo Norte en M\u00e9rida\",\"datePublished\":\"2016-06-21T22:48:22+00:00\",\"dateModified\":\"2016-06-21T22:54:32+00:00\",\"mainEntityOfPage\":{\"@id\":\"https:\\\/\\\/centrourbano.com\\\/revista\\\/inmobiliario\\\/presenta-gicsa-la-isla-cabo-norte-merida\\\/\"},\"wordCount\":274,\"commentCount\":0,\"publisher\":{\"@id\":\"https:\\\/\\\/centrourbano.com\\\/revista\\\/#organization\"},\"image\":{\"@id\":\"https:\\\/\\\/centrourbano.com\\\/revista\\\/inmobiliario\\\/presenta-gicsa-la-isla-cabo-norte-merida\\\/#primaryimage\"},\"thumbnailUrl\":\"https:\\\/\\\/centrourbano.com\\\/revista\\\/wp-content\\\/uploads\\\/1-2.jpg\",\"articleSection\":[\"Inmobiliario\"],\"inLanguage\":\"es\",\"potentialAction\":[{\"@type\":\"CommentAction\",\"name\":\"Comment\",\"target\":[\"https:\\\/\\\/centrourbano.com\\\/revista\\\/inmobiliario\\\/presenta-gicsa-la-isla-cabo-norte-merida\\\/#respond\"]}]},{\"@type\":\"WebPage\",\"@id\":\"https:\\\/\\\/centrourbano.com\\\/revista\\\/inmobiliario\\\/presenta-gicsa-la-isla-cabo-norte-merida\\\/\",\"url\":\"https:\\\/\\\/centrourbano.com\\\/revista\\\/inmobiliario\\\/presenta-gicsa-la-isla-cabo-norte-merida\\\/\",\"name\":\"Presenta GICSA: La Isla Cabo Norte en M\u00e9rida -\",\"isPartOf\":{\"@id\":\"https:\\\/\\\/centrourbano.com\\\/revista\\\/#website\"},\"primaryImageOfPage\":{\"@id\":\"https:\\\/\\\/centrourbano.com\\\/revista\\\/inmobiliario\\\/presenta-gicsa-la-isla-cabo-norte-merida\\\/#primaryimage\"},\"image\":{\"@id\":\"https:\\\/\\\/centrourbano.com\\\/revista\\\/inmobiliario\\\/presenta-gicsa-la-isla-cabo-norte-merida\\\/#primaryimage\"},\"thumbnailUrl\":\"https:\\\/\\\/centrourbano.com\\\/revista\\\/wp-content\\\/uploads\\\/1-2.jpg\",\"datePublished\":\"2016-06-21T22:48:22+00:00\",\"dateModified\":\"2016-06-21T22:54:32+00:00\",\"description\":\"GICSA pone en el mapa de Yucat\u00e1n, Un ambicioso proyecto que coadyuvar\u00e1 a fomentar la convivencia familiar en la regi\u00f3n.\",\"breadcrumb\":{\"@id\":\"https:\\\/\\\/centrourbano.com\\\/revista\\\/inmobiliario\\\/presenta-gicsa-la-isla-cabo-norte-merida\\\/#breadcrumb\"},\"inLanguage\":\"es\",\"potentialAction\":[{\"@type\":\"ReadAction\",\"target\":[\"https:\\\/\\\/centrourbano.com\\\/revista\\\/inmobiliario\\\/presenta-gicsa-la-isla-cabo-norte-merida\\\/\"]}]},{\"@type\":\"ImageObject\",\"inLanguage\":\"es\",\"@id\":\"https:\\\/\\\/centrourbano.com\\\/revista\\\/inmobiliario\\\/presenta-gicsa-la-isla-cabo-norte-merida\\\/#primaryimage\",\"url\":\"https:\\\/\\\/centrourbano.com\\\/revista\\\/wp-content\\\/uploads\\\/1-2.jpg\",\"contentUrl\":\"https:\\\/\\\/centrourbano.com\\\/revista\\\/wp-content\\\/uploads\\\/1-2.jpg\",\"width\":909,\"height\":679},{\"@type\":\"BreadcrumbList\",\"@id\":\"https:\\\/\\\/centrourbano.com\\\/revista\\\/inmobiliario\\\/presenta-gicsa-la-isla-cabo-norte-merida\\\/#breadcrumb\",\"itemListElement\":[{\"@type\":\"ListItem\",\"position\":1,\"name\":\"Portada\",\"item\":\"https:\\\/\\\/centrourbano.com\\\/revista\\\/\"},{\"@type\":\"ListItem\",\"position\":2,\"name\":\"Presenta GICSA: La Isla Cabo Norte en M\u00e9rida\"}]},{\"@type\":\"WebSite\",\"@id\":\"https:\\\/\\\/centrourbano.com\\\/revista\\\/#website\",\"url\":\"https:\\\/\\\/centrourbano.com\\\/revista\\\/\",\"name\":\"Centro Urbano\",\"description\":\"Medio especializado en los sectores vivienda, inmobiliario, construcci\u00f3n, arquitectura y urbanismo.\",\"publisher\":{\"@id\":\"https:\\\/\\\/centrourbano.com\\\/revista\\\/#organization\"},\"potentialAction\":[{\"@type\":\"SearchAction\",\"target\":{\"@type\":\"EntryPoint\",\"urlTemplate\":\"https:\\\/\\\/centrourbano.com\\\/revista\\\/?s={search_term_string}\"},\"query-input\":{\"@type\":\"PropertyValueSpecification\",\"valueRequired\":true,\"valueName\":\"search_term_string\"}}],\"inLanguage\":\"es\"},{\"@type\":\"Organization\",\"@id\":\"https:\\\/\\\/centrourbano.com\\\/revista\\\/#organization\",\"name\":\"Centro Urbano\",\"url\":\"https:\\\/\\\/centrourbano.com\\\/revista\\\/\",\"logo\":{\"@type\":\"ImageObject\",\"inLanguage\":\"es\",\"@id\":\"https:\\\/\\\/centrourbano.com\\\/revista\\\/#\\\/schema\\\/logo\\\/image\\\/\",\"url\":\"https:\\\/\\\/centrourbano.com\\\/revista\\\/wp-content\\\/uploads\\\/web_CU_logo-1.png\",\"contentUrl\":\"https:\\\/\\\/centrourbano.com\\\/revista\\\/wp-content\\\/uploads\\\/web_CU_logo-1.png\",\"width\":350,\"height\":91,\"caption\":\"Centro Urbano\"},\"image\":{\"@id\":\"https:\\\/\\\/centrourbano.com\\\/revista\\\/#\\\/schema\\\/logo\\\/image\\\/\"},\"sameAs\":[\"https:\\\/\\\/www.facebook.com\\\/portalcentrourbano\",\"https:\\\/\\\/x.com\\\/CentroUrbano\",\"https:\\\/\\\/www.instagram.com\\\/centro_urbano\\\/\",\"https:\\\/\\\/www.linkedin.com\\\/company\\\/centro-urbano\\\/\",\"http:\\\/\\\/www.youtube.com\\\/user\\\/portalcentrourbano\"]},{\"@type\":\"Person\",\"@id\":\"https:\\\/\\\/centrourbano.com\\\/revista\\\/#\\\/schema\\\/person\\\/d54f911ec0b07676fba4d8cd978af36c\",\"name\":\"Maribel Gamas Romero\",\"image\":{\"@type\":\"ImageObject\",\"inLanguage\":\"es\",\"@id\":\"https:\\\/\\\/secure.gravatar.com\\\/avatar\\\/75cf80f3e9f91ecdea6430e4a368a0ac0061737db10f2ce7b6110ce4206281a2?s=96&d=mm&r=g\",\"url\":\"https:\\\/\\\/secure.gravatar.com\\\/avatar\\\/75cf80f3e9f91ecdea6430e4a368a0ac0061737db10f2ce7b6110ce4206281a2?s=96&d=mm&r=g\",\"contentUrl\":\"https:\\\/\\\/secure.gravatar.com\\\/avatar\\\/75cf80f3e9f91ecdea6430e4a368a0ac0061737db10f2ce7b6110ce4206281a2?s=96&d=mm&r=g\",\"caption\":\"Maribel Gamas Romero\"},\"url\":\"https:\\\/\\\/centrourbano.com\\\/revista\\\/author\\\/maribel-gamas\\\/\"}]}<\/script>\n<!-- \/ Yoast SEO plugin. -->","yoast_head_json":{"title":"Presenta GICSA: La Isla Cabo Norte en M\u00e9rida -","description":"GICSA pone en el mapa de Yucat\u00e1n, Un ambicioso proyecto que coadyuvar\u00e1 a fomentar la convivencia familiar en la regi\u00f3n.","robots":{"index":"index","follow":"follow","max-snippet":"max-snippet:-1","max-image-preview":"max-image-preview:large","max-video-preview":"max-video-preview:-1"},"canonical":"https:\/\/centrourbano.com\/revista\/inmobiliario\/presenta-gicsa-la-isla-cabo-norte-merida\/","og_locale":"es_ES","og_type":"article","og_title":"Presenta GICSA: La Isla Cabo Norte en M\u00e9rida -","og_description":"GICSA pone en el mapa de Yucat\u00e1n, Un ambicioso proyecto que coadyuvar\u00e1 a fomentar la convivencia familiar en la regi\u00f3n.","og_url":"https:\/\/centrourbano.com\/revista\/inmobiliario\/presenta-gicsa-la-isla-cabo-norte-merida\/","og_site_name":"Centro Urbano","article_publisher":"https:\/\/www.facebook.com\/portalcentrourbano","article_published_time":"2016-06-21T22:48:22+00:00","article_modified_time":"2016-06-21T22:54:32+00:00","og_image":[{"width":909,"height":679,"url":"https:\/\/centrourbano.com\/revista\/wp-content\/uploads\/1-2.jpg","type":"image\/jpeg"}],"author":"Maribel Gamas Romero","twitter_card":"summary_large_image","twitter_creator":"@CentroUrbano","twitter_site":"@CentroUrbano","twitter_misc":{"Escrito por":"Maribel Gamas Romero","Tiempo de lectura":"1 minuto"},"schema":{"@context":"https:\/\/schema.org","@graph":[{"@type":"Article","@id":"https:\/\/centrourbano.com\/revista\/inmobiliario\/presenta-gicsa-la-isla-cabo-norte-merida\/#article","isPartOf":{"@id":"https:\/\/centrourbano.com\/revista\/inmobiliario\/presenta-gicsa-la-isla-cabo-norte-merida\/"},"author":{"name":"Maribel Gamas Romero","@id":"https:\/\/centrourbano.com\/revista\/#\/schema\/person\/d54f911ec0b07676fba4d8cd978af36c"},"headline":"Presenta GICSA: La Isla Cabo Norte en M\u00e9rida","datePublished":"2016-06-21T22:48:22+00:00","dateModified":"2016-06-21T22:54:32+00:00","mainEntityOfPage":{"@id":"https:\/\/centrourbano.com\/revista\/inmobiliario\/presenta-gicsa-la-isla-cabo-norte-merida\/"},"wordCount":274,"commentCount":0,"publisher":{"@id":"https:\/\/centrourbano.com\/revista\/#organization"},"image":{"@id":"https:\/\/centrourbano.com\/revista\/inmobiliario\/presenta-gicsa-la-isla-cabo-norte-merida\/#primaryimage"},"thumbnailUrl":"https:\/\/centrourbano.com\/revista\/wp-content\/uploads\/1-2.jpg","articleSection":["Inmobiliario"],"inLanguage":"es","potentialAction":[{"@type":"CommentAction","name":"Comment","target":["https:\/\/centrourbano.com\/revista\/inmobiliario\/presenta-gicsa-la-isla-cabo-norte-merida\/#respond"]}]},{"@type":"WebPage","@id":"https:\/\/centrourbano.com\/revista\/inmobiliario\/presenta-gicsa-la-isla-cabo-norte-merida\/","url":"https:\/\/centrourbano.com\/revista\/inmobiliario\/presenta-gicsa-la-isla-cabo-norte-merida\/","name":"Presenta GICSA: La Isla Cabo Norte en M\u00e9rida -","isPartOf":{"@id":"https:\/\/centrourbano.com\/revista\/#website"},"primaryImageOfPage":{"@id":"https:\/\/centrourbano.com\/revista\/inmobiliario\/presenta-gicsa-la-isla-cabo-norte-merida\/#primaryimage"},"image":{"@id":"https:\/\/centrourbano.com\/revista\/inmobiliario\/presenta-gicsa-la-isla-cabo-norte-merida\/#primaryimage"},"thumbnailUrl":"https:\/\/centrourbano.com\/revista\/wp-content\/uploads\/1-2.jpg","datePublished":"2016-06-21T22:48:22+00:00","dateModified":"2016-06-21T22:54:32+00:00","description":"GICSA pone en el mapa de Yucat\u00e1n, Un ambicioso proyecto que coadyuvar\u00e1 a fomentar la convivencia familiar en la regi\u00f3n.","breadcrumb":{"@id":"https:\/\/centrourbano.com\/revista\/inmobiliario\/presenta-gicsa-la-isla-cabo-norte-merida\/#breadcrumb"},"inLanguage":"es","potentialAction":[{"@type":"ReadAction","target":["https:\/\/centrourbano.com\/revista\/inmobiliario\/presenta-gicsa-la-isla-cabo-norte-merida\/"]}]},{"@type":"ImageObject","inLanguage":"es","@id":"https:\/\/centrourbano.com\/revista\/inmobiliario\/presenta-gicsa-la-isla-cabo-norte-merida\/#primaryimage","url":"https:\/\/centrourbano.com\/revista\/wp-content\/uploads\/1-2.jpg","contentUrl":"https:\/\/centrourbano.com\/revista\/wp-content\/uploads\/1-2.jpg","width":909,"height":679},{"@type":"BreadcrumbList","@id":"https:\/\/centrourbano.com\/revista\/inmobiliario\/presenta-gicsa-la-isla-cabo-norte-merida\/#breadcrumb","itemListElement":[{"@type":"ListItem","position":1,"name":"Portada","item":"https:\/\/centrourbano.com\/revista\/"},{"@type":"ListItem","position":2,"name":"Presenta GICSA: La Isla Cabo Norte en M\u00e9rida"}]},{"@type":"WebSite","@id":"https:\/\/centrourbano.com\/revista\/#website","url":"https:\/\/centrourbano.com\/revista\/","name":"Centro Urbano","description":"Medio especializado en los sectores vivienda, inmobiliario, construcci\u00f3n, arquitectura y urbanismo.","publisher":{"@id":"https:\/\/centrourbano.com\/revista\/#organization"},"potentialAction":[{"@type":"SearchAction","target":{"@type":"EntryPoint","urlTemplate":"https:\/\/centrourbano.com\/revista\/?s={search_term_string}"},"query-input":{"@type":"PropertyValueSpecification","valueRequired":true,"valueName":"search_term_string"}}],"inLanguage":"es"},{"@type":"Organization","@id":"https:\/\/centrourbano.com\/revista\/#organization","name":"Centro Urbano","url":"https:\/\/centrourbano.com\/revista\/","logo":{"@type":"ImageObject","inLanguage":"es","@id":"https:\/\/centrourbano.com\/revista\/#\/schema\/logo\/image\/","url":"https:\/\/centrourbano.com\/revista\/wp-content\/uploads\/web_CU_logo-1.png","contentUrl":"https:\/\/centrourbano.com\/revista\/wp-content\/uploads\/web_CU_logo-1.png","width":350,"height":91,"caption":"Centro Urbano"},"image":{"@id":"https:\/\/centrourbano.com\/revista\/#\/schema\/logo\/image\/"},"sameAs":["https:\/\/www.facebook.com\/portalcentrourbano","https:\/\/x.com\/CentroUrbano","https:\/\/www.instagram.com\/centro_urbano\/","https:\/\/www.linkedin.com\/company\/centro-urbano\/","http:\/\/www.youtube.com\/user\/portalcentrourbano"]},{"@type":"Person","@id":"https:\/\/centrourbano.com\/revista\/#\/schema\/person\/d54f911ec0b07676fba4d8cd978af36c","name":"Maribel Gamas Romero","image":{"@type":"ImageObject","inLanguage":"es","@id":"https:\/\/secure.gravatar.com\/avatar\/75cf80f3e9f91ecdea6430e4a368a0ac0061737db10f2ce7b6110ce4206281a2?s=96&d=mm&r=g","url":"https:\/\/secure.gravatar.com\/avatar\/75cf80f3e9f91ecdea6430e4a368a0ac0061737db10f2ce7b6110ce4206281a2?s=96&d=mm&r=g","contentUrl":"https:\/\/secure.gravatar.com\/avatar\/75cf80f3e9f91ecdea6430e4a368a0ac0061737db10f2ce7b6110ce4206281a2?s=96&d=mm&r=g","caption":"Maribel Gamas Romero"},"url":"https:\/\/centrourbano.com\/revista\/author\/maribel-gamas\/"}]}},"_links":{"self":[{"href":"https:\/\/centrourbano.com\/revista\/wp-json\/wp\/v2\/posts\/36220","targetHints":{"allow":["GET"]}}],"collection":[{"href":"https:\/\/centrourbano.com\/revista\/wp-json\/wp\/v2\/posts"}],"about":[{"href":"https:\/\/centrourbano.com\/revista\/wp-json\/wp\/v2\/types\/post"}],"author":[{"embeddable":true,"href":"https:\/\/centrourbano.com\/revista\/wp-json\/wp\/v2\/users\/33"}],"replies":[{"embeddable":true,"href":"https:\/\/centrourbano.com\/revista\/wp-json\/wp\/v2\/comments?post=36220"}],"version-history":[{"count":0,"href":"https:\/\/centrourbano.com\/revista\/wp-json\/wp\/v2\/posts\/36220\/revisions"}],"wp:featuredmedia":[{"embeddable":true,"href":"https:\/\/centrourbano.com\/revista\/wp-json\/wp\/v2\/media\/36225"}],"wp:attachment":[{"href":"https:\/\/centrourbano.com\/revista\/wp-json\/wp\/v2\/media?parent=36220"}],"wp:term":[{"taxonomy":"category","embeddable":true,"href":"https:\/\/centrourbano.com\/revista\/wp-json\/wp\/v2\/categories?post=36220"},{"taxonomy":"post_tag","embeddable":true,"href":"https:\/\/centrourbano.com\/revista\/wp-json\/wp\/v2\/tags?post=36220"}],"curies":[{"name":"wp","href":"https:\/\/api.w.org\/{rel}","templated":true}]}}