{"id":36077,"date":"2016-06-17T13:42:11","date_gmt":"2016-06-17T18:42:11","guid":{"rendered":"https:\/\/centrourbano.com\/?p=36077"},"modified":"2016-06-17T13:42:11","modified_gmt":"2016-06-17T18:42:11","slug":"realizara-canadevi-coahuila-expo-vivienda-10-empresas","status":"publish","type":"post","link":"https:\/\/centrourbano.com\/revista\/vivienda\/realizara-canadevi-coahuila-expo-vivienda-10-empresas\/","title":{"rendered":"Realizar\u00e1 Canadevi Coahuila Expo Vivienda con 10 empresas"},"content":{"rendered":"<p><em>Los precios oscilar\u00e1n entre 280,000 hasta los 2 millones de pesos<\/em><!--more--><\/p>\n<p>En la sede de la Plaza de las Ciudades Hermanas en el Centro de Coahuila, se realizar\u00e1 la Expo Vivienda Canadevi Coahuila los pr\u00f3ximos 25 y 26 de junio, del a\u00f1o en curdo, donde se contar\u00e1 con una oferta de 2,000 viviendas ubicadas en 35 fraccionamientos de Saltillo.<\/p>\n<p>Manuel Gonz\u00e1lez Zozaya presidente de la Canadevi delegaci\u00f3n Coahuila, dijo que participar\u00e1n en el evento 10 empresas desarrolladoras de vivienda, mismas que ofertar\u00e1n casas con precios desde los 280,000 pesos con subsidio federal, hasta m\u00e1s de 2 millones de pesos.<\/p>\n<p>Adem\u00e1s, se contar\u00e1 con la participaci\u00f3n del Infonavit y Fovissste y una unidad de evaluaci\u00f3n con brokers inmobiliarios, para que el evento sea un enlace entre el adquiriente con los desarrollos y al mismo tiempo se verifique la capacidad de cr\u00e9dito que tenga el trabajador para obtener un cr\u00e9dito seg\u00fan su capacidad crediticia.<\/p>\n<p>Finalmente explic\u00f3 que la Expo tiene la ventaja de que adem\u00e1s de aprovechar descuentos y promociones especiales que las empresas ofrecer\u00e1n durante el evento, en un sola visita se podr\u00e1 comparar adem\u00e1s la oferta de los desarrolladores, donde cualquier cliente potencial que quiera ver los fraccionamientos o viviendas f\u00edsicamente, se les llevar\u00e1 a conocerlas, como parte del servicio que se ofrecer\u00e1.  <\/p>\n","protected":false},"excerpt":{"rendered":"<p>Los precios oscilar\u00e1n entre 280,000 hasta los 2 millones de pesos<\/p>\n","protected":false},"author":28,"featured_media":36082,"comment_status":"open","ping_status":"closed","sticky":false,"template":"","format":"standard","meta":{"om_disable_all_campaigns":false,"inline_featured_image":false,"_monsterinsights_skip_tracking":false,"_monsterinsights_sitenote_active":false,"_monsterinsights_sitenote_note":"","_monsterinsights_sitenote_category":0,"footnotes":""},"categories":[12],"tags":[60],"class_list":["post-36077","post","type-post","status-publish","format-standard","has-post-thumbnail","hentry","category-vivienda","tag-vivienda-2"],"yoast_head":"<!-- This site is optimized with the Yoast SEO plugin v27.5 - https:\/\/yoast.com\/product\/yoast-seo-wordpress\/ -->\n<title>Realizar\u00e1 Canadevi Coahuila Expo Vivienda con 10 empresas<\/title>\n<meta name=\"description\" content=\"En la sede de la Plaza de las Ciudades Hermanas en el Centro de Coahuila, se realizar\u00e1 la Expo Vivienda Canadevi Coahuila los pr\u00f3ximos 25 y 26 de junio, del a\u00f1o en curdo, donde se contar\u00e1 con una oferta de 2,000 viviendas ubicadas en 35 fraccionamientos de Saltillo.\" \/>\n<meta name=\"robots\" content=\"index, follow, max-snippet:-1, max-image-preview:large, max-video-preview:-1\" \/>\n<link rel=\"canonical\" href=\"https:\/\/centrourbano.com\/revista\/vivienda\/realizara-canadevi-coahuila-expo-vivienda-10-empresas\/\" \/>\n<meta property=\"og:locale\" content=\"es_ES\" \/>\n<meta property=\"og:type\" content=\"article\" \/>\n<meta property=\"og:title\" content=\"Realizar\u00e1 Canadevi Coahuila Expo Vivienda con 10 empresas\" \/>\n<meta property=\"og:description\" content=\"En la sede de la Plaza de las Ciudades Hermanas en el Centro de Coahuila, se realizar\u00e1 la Expo Vivienda Canadevi Coahuila los pr\u00f3ximos 25 y 26 de junio, del a\u00f1o en curdo, donde se contar\u00e1 con una oferta de 2,000 viviendas ubicadas en 35 fraccionamientos de Saltillo.\" \/>\n<meta property=\"og:url\" content=\"https:\/\/centrourbano.com\/revista\/vivienda\/realizara-canadevi-coahuila-expo-vivienda-10-empresas\/\" \/>\n<meta property=\"og:site_name\" content=\"Centro Urbano\" \/>\n<meta property=\"article:publisher\" content=\"https:\/\/www.facebook.com\/portalcentrourbano\" \/>\n<meta property=\"article:published_time\" content=\"2016-06-17T18:42:11+00:00\" \/>\n<meta property=\"og:image\" content=\"https:\/\/centrourbano.com\/revista\/wp-content\/uploads\/Vivienda-Coahuila-ok-.jpg\" \/>\n\t<meta property=\"og:image:width\" content=\"594\" \/>\n\t<meta property=\"og:image:height\" content=\"364\" \/>\n\t<meta property=\"og:image:type\" content=\"image\/jpeg\" \/>\n<meta name=\"author\" content=\"Mario V\u00e1zquez Barrios\" \/>\n<meta name=\"twitter:card\" content=\"summary_large_image\" \/>\n<meta name=\"twitter:creator\" content=\"@MarioDeNiro\" \/>\n<meta name=\"twitter:site\" content=\"@CentroUrbano\" \/>\n<meta name=\"twitter:label1\" content=\"Escrito por\" \/>\n\t<meta name=\"twitter:data1\" content=\"Mario V\u00e1zquez Barrios\" \/>\n\t<meta name=\"twitter:label2\" content=\"Tiempo de lectura\" \/>\n\t<meta name=\"twitter:data2\" content=\"1 minuto\" \/>\n<script type=\"application\/ld+json\" class=\"yoast-schema-graph\">{\"@context\":\"https:\\\/\\\/schema.org\",\"@graph\":[{\"@type\":\"Article\",\"@id\":\"https:\\\/\\\/centrourbano.com\\\/revista\\\/vivienda\\\/realizara-canadevi-coahuila-expo-vivienda-10-empresas\\\/#article\",\"isPartOf\":{\"@id\":\"https:\\\/\\\/centrourbano.com\\\/revista\\\/vivienda\\\/realizara-canadevi-coahuila-expo-vivienda-10-empresas\\\/\"},\"author\":{\"name\":\"Mario V\u00e1zquez Barrios\",\"@id\":\"https:\\\/\\\/centrourbano.com\\\/revista\\\/#\\\/schema\\\/person\\\/45e1c041fc3bb6068a3502be717d44df\"},\"headline\":\"Realizar\u00e1 Canadevi Coahuila Expo Vivienda con 10 empresas\",\"datePublished\":\"2016-06-17T18:42:11+00:00\",\"mainEntityOfPage\":{\"@id\":\"https:\\\/\\\/centrourbano.com\\\/revista\\\/vivienda\\\/realizara-canadevi-coahuila-expo-vivienda-10-empresas\\\/\"},\"wordCount\":229,\"commentCount\":0,\"publisher\":{\"@id\":\"https:\\\/\\\/centrourbano.com\\\/revista\\\/#organization\"},\"image\":{\"@id\":\"https:\\\/\\\/centrourbano.com\\\/revista\\\/vivienda\\\/realizara-canadevi-coahuila-expo-vivienda-10-empresas\\\/#primaryimage\"},\"thumbnailUrl\":\"https:\\\/\\\/centrourbano.com\\\/revista\\\/wp-content\\\/uploads\\\/Vivienda-Coahuila-ok-.jpg\",\"keywords\":[\"vivienda\"],\"articleSection\":[\"Vivienda\"],\"inLanguage\":\"es\",\"potentialAction\":[{\"@type\":\"CommentAction\",\"name\":\"Comment\",\"target\":[\"https:\\\/\\\/centrourbano.com\\\/revista\\\/vivienda\\\/realizara-canadevi-coahuila-expo-vivienda-10-empresas\\\/#respond\"]}]},{\"@type\":\"WebPage\",\"@id\":\"https:\\\/\\\/centrourbano.com\\\/revista\\\/vivienda\\\/realizara-canadevi-coahuila-expo-vivienda-10-empresas\\\/\",\"url\":\"https:\\\/\\\/centrourbano.com\\\/revista\\\/vivienda\\\/realizara-canadevi-coahuila-expo-vivienda-10-empresas\\\/\",\"name\":\"Realizar\u00e1 Canadevi Coahuila Expo Vivienda con 10 empresas\",\"isPartOf\":{\"@id\":\"https:\\\/\\\/centrourbano.com\\\/revista\\\/#website\"},\"primaryImageOfPage\":{\"@id\":\"https:\\\/\\\/centrourbano.com\\\/revista\\\/vivienda\\\/realizara-canadevi-coahuila-expo-vivienda-10-empresas\\\/#primaryimage\"},\"image\":{\"@id\":\"https:\\\/\\\/centrourbano.com\\\/revista\\\/vivienda\\\/realizara-canadevi-coahuila-expo-vivienda-10-empresas\\\/#primaryimage\"},\"thumbnailUrl\":\"https:\\\/\\\/centrourbano.com\\\/revista\\\/wp-content\\\/uploads\\\/Vivienda-Coahuila-ok-.jpg\",\"datePublished\":\"2016-06-17T18:42:11+00:00\",\"description\":\"En la sede de la Plaza de las Ciudades Hermanas en el Centro de Coahuila, se realizar\u00e1 la Expo Vivienda Canadevi Coahuila los pr\u00f3ximos 25 y 26 de junio, del a\u00f1o en curdo, donde se contar\u00e1 con una oferta de 2,000 viviendas ubicadas en 35 fraccionamientos de Saltillo.\",\"breadcrumb\":{\"@id\":\"https:\\\/\\\/centrourbano.com\\\/revista\\\/vivienda\\\/realizara-canadevi-coahuila-expo-vivienda-10-empresas\\\/#breadcrumb\"},\"inLanguage\":\"es\",\"potentialAction\":[{\"@type\":\"ReadAction\",\"target\":[\"https:\\\/\\\/centrourbano.com\\\/revista\\\/vivienda\\\/realizara-canadevi-coahuila-expo-vivienda-10-empresas\\\/\"]}]},{\"@type\":\"ImageObject\",\"inLanguage\":\"es\",\"@id\":\"https:\\\/\\\/centrourbano.com\\\/revista\\\/vivienda\\\/realizara-canadevi-coahuila-expo-vivienda-10-empresas\\\/#primaryimage\",\"url\":\"https:\\\/\\\/centrourbano.com\\\/revista\\\/wp-content\\\/uploads\\\/Vivienda-Coahuila-ok-.jpg\",\"contentUrl\":\"https:\\\/\\\/centrourbano.com\\\/revista\\\/wp-content\\\/uploads\\\/Vivienda-Coahuila-ok-.jpg\",\"width\":594,\"height\":364,\"caption\":\"En la sede de la Plaza de las Ciudades Hermanas en el Centro de Coahuila, se realizar\u00e1 la Expo Vivienda Canadevi Coahuila los pr\u00f3ximos 25 y 26 de junio, del a\u00f1o en curdo, donde se contar\u00e1 con una oferta de 2,000 viviendas ubicadas en 35 fraccionamientos de Saltillo.\"},{\"@type\":\"BreadcrumbList\",\"@id\":\"https:\\\/\\\/centrourbano.com\\\/revista\\\/vivienda\\\/realizara-canadevi-coahuila-expo-vivienda-10-empresas\\\/#breadcrumb\",\"itemListElement\":[{\"@type\":\"ListItem\",\"position\":1,\"name\":\"Portada\",\"item\":\"https:\\\/\\\/centrourbano.com\\\/revista\\\/\"},{\"@type\":\"ListItem\",\"position\":2,\"name\":\"Realizar\u00e1 Canadevi Coahuila Expo Vivienda con 10 empresas\"}]},{\"@type\":\"WebSite\",\"@id\":\"https:\\\/\\\/centrourbano.com\\\/revista\\\/#website\",\"url\":\"https:\\\/\\\/centrourbano.com\\\/revista\\\/\",\"name\":\"Centro Urbano\",\"description\":\"Medio especializado en los sectores vivienda, inmobiliario, construcci\u00f3n, arquitectura y urbanismo.\",\"publisher\":{\"@id\":\"https:\\\/\\\/centrourbano.com\\\/revista\\\/#organization\"},\"potentialAction\":[{\"@type\":\"SearchAction\",\"target\":{\"@type\":\"EntryPoint\",\"urlTemplate\":\"https:\\\/\\\/centrourbano.com\\\/revista\\\/?s={search_term_string}\"},\"query-input\":{\"@type\":\"PropertyValueSpecification\",\"valueRequired\":true,\"valueName\":\"search_term_string\"}}],\"inLanguage\":\"es\"},{\"@type\":\"Organization\",\"@id\":\"https:\\\/\\\/centrourbano.com\\\/revista\\\/#organization\",\"name\":\"Centro Urbano\",\"url\":\"https:\\\/\\\/centrourbano.com\\\/revista\\\/\",\"logo\":{\"@type\":\"ImageObject\",\"inLanguage\":\"es\",\"@id\":\"https:\\\/\\\/centrourbano.com\\\/revista\\\/#\\\/schema\\\/logo\\\/image\\\/\",\"url\":\"https:\\\/\\\/centrourbano.com\\\/revista\\\/wp-content\\\/uploads\\\/web_CU_logo-1.png\",\"contentUrl\":\"https:\\\/\\\/centrourbano.com\\\/revista\\\/wp-content\\\/uploads\\\/web_CU_logo-1.png\",\"width\":350,\"height\":91,\"caption\":\"Centro Urbano\"},\"image\":{\"@id\":\"https:\\\/\\\/centrourbano.com\\\/revista\\\/#\\\/schema\\\/logo\\\/image\\\/\"},\"sameAs\":[\"https:\\\/\\\/www.facebook.com\\\/portalcentrourbano\",\"https:\\\/\\\/x.com\\\/CentroUrbano\",\"https:\\\/\\\/www.instagram.com\\\/centro_urbano\\\/\",\"https:\\\/\\\/www.linkedin.com\\\/company\\\/centro-urbano\\\/\",\"http:\\\/\\\/www.youtube.com\\\/user\\\/portalcentrourbano\"]},{\"@type\":\"Person\",\"@id\":\"https:\\\/\\\/centrourbano.com\\\/revista\\\/#\\\/schema\\\/person\\\/45e1c041fc3bb6068a3502be717d44df\",\"name\":\"Mario V\u00e1zquez Barrios\",\"image\":{\"@type\":\"ImageObject\",\"inLanguage\":\"es\",\"@id\":\"https:\\\/\\\/secure.gravatar.com\\\/avatar\\\/347e6d9c0b04f0194ca244ba64b0fe62752d716a3a93d1713bd259eb87aad5b6?s=96&d=mm&r=g\",\"url\":\"https:\\\/\\\/secure.gravatar.com\\\/avatar\\\/347e6d9c0b04f0194ca244ba64b0fe62752d716a3a93d1713bd259eb87aad5b6?s=96&d=mm&r=g\",\"contentUrl\":\"https:\\\/\\\/secure.gravatar.com\\\/avatar\\\/347e6d9c0b04f0194ca244ba64b0fe62752d716a3a93d1713bd259eb87aad5b6?s=96&d=mm&r=g\",\"caption\":\"Mario V\u00e1zquez Barrios\"},\"description\":\"Me inici\u00e9 en El Financiero haciendo reportajes; en MegaNoticias Televisi\u00f3n fui reportero titular; en EMedios, control de calidad; y Radio 13 Noticias me acogi\u00f3 como colaborador. Me gusta encontrar en las banquetas la nota, una entrevista y el inicio de un reportaje.\",\"sameAs\":[\"https:\\\/\\\/x.com\\\/@MarioDeNiro\"],\"url\":\"https:\\\/\\\/centrourbano.com\\\/revista\\\/author\\\/mario-vazquez\\\/\"}]}<\/script>\n<!-- \/ Yoast SEO plugin. -->","yoast_head_json":{"title":"Realizar\u00e1 Canadevi Coahuila Expo Vivienda con 10 empresas","description":"En la sede de la Plaza de las Ciudades Hermanas en el Centro de Coahuila, se realizar\u00e1 la Expo Vivienda Canadevi Coahuila los pr\u00f3ximos 25 y 26 de junio, del a\u00f1o en curdo, donde se contar\u00e1 con una oferta de 2,000 viviendas ubicadas en 35 fraccionamientos de Saltillo.","robots":{"index":"index","follow":"follow","max-snippet":"max-snippet:-1","max-image-preview":"max-image-preview:large","max-video-preview":"max-video-preview:-1"},"canonical":"https:\/\/centrourbano.com\/revista\/vivienda\/realizara-canadevi-coahuila-expo-vivienda-10-empresas\/","og_locale":"es_ES","og_type":"article","og_title":"Realizar\u00e1 Canadevi Coahuila Expo Vivienda con 10 empresas","og_description":"En la sede de la Plaza de las Ciudades Hermanas en el Centro de Coahuila, se realizar\u00e1 la Expo Vivienda Canadevi Coahuila los pr\u00f3ximos 25 y 26 de junio, del a\u00f1o en curdo, donde se contar\u00e1 con una oferta de 2,000 viviendas ubicadas en 35 fraccionamientos de Saltillo.","og_url":"https:\/\/centrourbano.com\/revista\/vivienda\/realizara-canadevi-coahuila-expo-vivienda-10-empresas\/","og_site_name":"Centro Urbano","article_publisher":"https:\/\/www.facebook.com\/portalcentrourbano","article_published_time":"2016-06-17T18:42:11+00:00","og_image":[{"width":594,"height":364,"url":"https:\/\/centrourbano.com\/revista\/wp-content\/uploads\/Vivienda-Coahuila-ok-.jpg","type":"image\/jpeg"}],"author":"Mario V\u00e1zquez Barrios","twitter_card":"summary_large_image","twitter_creator":"@MarioDeNiro","twitter_site":"@CentroUrbano","twitter_misc":{"Escrito por":"Mario V\u00e1zquez Barrios","Tiempo de lectura":"1 minuto"},"schema":{"@context":"https:\/\/schema.org","@graph":[{"@type":"Article","@id":"https:\/\/centrourbano.com\/revista\/vivienda\/realizara-canadevi-coahuila-expo-vivienda-10-empresas\/#article","isPartOf":{"@id":"https:\/\/centrourbano.com\/revista\/vivienda\/realizara-canadevi-coahuila-expo-vivienda-10-empresas\/"},"author":{"name":"Mario V\u00e1zquez Barrios","@id":"https:\/\/centrourbano.com\/revista\/#\/schema\/person\/45e1c041fc3bb6068a3502be717d44df"},"headline":"Realizar\u00e1 Canadevi Coahuila Expo Vivienda con 10 empresas","datePublished":"2016-06-17T18:42:11+00:00","mainEntityOfPage":{"@id":"https:\/\/centrourbano.com\/revista\/vivienda\/realizara-canadevi-coahuila-expo-vivienda-10-empresas\/"},"wordCount":229,"commentCount":0,"publisher":{"@id":"https:\/\/centrourbano.com\/revista\/#organization"},"image":{"@id":"https:\/\/centrourbano.com\/revista\/vivienda\/realizara-canadevi-coahuila-expo-vivienda-10-empresas\/#primaryimage"},"thumbnailUrl":"https:\/\/centrourbano.com\/revista\/wp-content\/uploads\/Vivienda-Coahuila-ok-.jpg","keywords":["vivienda"],"articleSection":["Vivienda"],"inLanguage":"es","potentialAction":[{"@type":"CommentAction","name":"Comment","target":["https:\/\/centrourbano.com\/revista\/vivienda\/realizara-canadevi-coahuila-expo-vivienda-10-empresas\/#respond"]}]},{"@type":"WebPage","@id":"https:\/\/centrourbano.com\/revista\/vivienda\/realizara-canadevi-coahuila-expo-vivienda-10-empresas\/","url":"https:\/\/centrourbano.com\/revista\/vivienda\/realizara-canadevi-coahuila-expo-vivienda-10-empresas\/","name":"Realizar\u00e1 Canadevi Coahuila Expo Vivienda con 10 empresas","isPartOf":{"@id":"https:\/\/centrourbano.com\/revista\/#website"},"primaryImageOfPage":{"@id":"https:\/\/centrourbano.com\/revista\/vivienda\/realizara-canadevi-coahuila-expo-vivienda-10-empresas\/#primaryimage"},"image":{"@id":"https:\/\/centrourbano.com\/revista\/vivienda\/realizara-canadevi-coahuila-expo-vivienda-10-empresas\/#primaryimage"},"thumbnailUrl":"https:\/\/centrourbano.com\/revista\/wp-content\/uploads\/Vivienda-Coahuila-ok-.jpg","datePublished":"2016-06-17T18:42:11+00:00","description":"En la sede de la Plaza de las Ciudades Hermanas en el Centro de Coahuila, se realizar\u00e1 la Expo Vivienda Canadevi Coahuila los pr\u00f3ximos 25 y 26 de junio, del a\u00f1o en curdo, donde se contar\u00e1 con una oferta de 2,000 viviendas ubicadas en 35 fraccionamientos de Saltillo.","breadcrumb":{"@id":"https:\/\/centrourbano.com\/revista\/vivienda\/realizara-canadevi-coahuila-expo-vivienda-10-empresas\/#breadcrumb"},"inLanguage":"es","potentialAction":[{"@type":"ReadAction","target":["https:\/\/centrourbano.com\/revista\/vivienda\/realizara-canadevi-coahuila-expo-vivienda-10-empresas\/"]}]},{"@type":"ImageObject","inLanguage":"es","@id":"https:\/\/centrourbano.com\/revista\/vivienda\/realizara-canadevi-coahuila-expo-vivienda-10-empresas\/#primaryimage","url":"https:\/\/centrourbano.com\/revista\/wp-content\/uploads\/Vivienda-Coahuila-ok-.jpg","contentUrl":"https:\/\/centrourbano.com\/revista\/wp-content\/uploads\/Vivienda-Coahuila-ok-.jpg","width":594,"height":364,"caption":"En la sede de la Plaza de las Ciudades Hermanas en el Centro de Coahuila, se realizar\u00e1 la Expo Vivienda Canadevi Coahuila los pr\u00f3ximos 25 y 26 de junio, del a\u00f1o en curdo, donde se contar\u00e1 con una oferta de 2,000 viviendas ubicadas en 35 fraccionamientos de Saltillo."},{"@type":"BreadcrumbList","@id":"https:\/\/centrourbano.com\/revista\/vivienda\/realizara-canadevi-coahuila-expo-vivienda-10-empresas\/#breadcrumb","itemListElement":[{"@type":"ListItem","position":1,"name":"Portada","item":"https:\/\/centrourbano.com\/revista\/"},{"@type":"ListItem","position":2,"name":"Realizar\u00e1 Canadevi Coahuila Expo Vivienda con 10 empresas"}]},{"@type":"WebSite","@id":"https:\/\/centrourbano.com\/revista\/#website","url":"https:\/\/centrourbano.com\/revista\/","name":"Centro Urbano","description":"Medio especializado en los sectores vivienda, inmobiliario, construcci\u00f3n, arquitectura y urbanismo.","publisher":{"@id":"https:\/\/centrourbano.com\/revista\/#organization"},"potentialAction":[{"@type":"SearchAction","target":{"@type":"EntryPoint","urlTemplate":"https:\/\/centrourbano.com\/revista\/?s={search_term_string}"},"query-input":{"@type":"PropertyValueSpecification","valueRequired":true,"valueName":"search_term_string"}}],"inLanguage":"es"},{"@type":"Organization","@id":"https:\/\/centrourbano.com\/revista\/#organization","name":"Centro Urbano","url":"https:\/\/centrourbano.com\/revista\/","logo":{"@type":"ImageObject","inLanguage":"es","@id":"https:\/\/centrourbano.com\/revista\/#\/schema\/logo\/image\/","url":"https:\/\/centrourbano.com\/revista\/wp-content\/uploads\/web_CU_logo-1.png","contentUrl":"https:\/\/centrourbano.com\/revista\/wp-content\/uploads\/web_CU_logo-1.png","width":350,"height":91,"caption":"Centro Urbano"},"image":{"@id":"https:\/\/centrourbano.com\/revista\/#\/schema\/logo\/image\/"},"sameAs":["https:\/\/www.facebook.com\/portalcentrourbano","https:\/\/x.com\/CentroUrbano","https:\/\/www.instagram.com\/centro_urbano\/","https:\/\/www.linkedin.com\/company\/centro-urbano\/","http:\/\/www.youtube.com\/user\/portalcentrourbano"]},{"@type":"Person","@id":"https:\/\/centrourbano.com\/revista\/#\/schema\/person\/45e1c041fc3bb6068a3502be717d44df","name":"Mario V\u00e1zquez Barrios","image":{"@type":"ImageObject","inLanguage":"es","@id":"https:\/\/secure.gravatar.com\/avatar\/347e6d9c0b04f0194ca244ba64b0fe62752d716a3a93d1713bd259eb87aad5b6?s=96&d=mm&r=g","url":"https:\/\/secure.gravatar.com\/avatar\/347e6d9c0b04f0194ca244ba64b0fe62752d716a3a93d1713bd259eb87aad5b6?s=96&d=mm&r=g","contentUrl":"https:\/\/secure.gravatar.com\/avatar\/347e6d9c0b04f0194ca244ba64b0fe62752d716a3a93d1713bd259eb87aad5b6?s=96&d=mm&r=g","caption":"Mario V\u00e1zquez Barrios"},"description":"Me inici\u00e9 en El Financiero haciendo reportajes; en MegaNoticias Televisi\u00f3n fui reportero titular; en EMedios, control de calidad; y Radio 13 Noticias me acogi\u00f3 como colaborador. Me gusta encontrar en las banquetas la nota, una entrevista y el inicio de un reportaje.","sameAs":["https:\/\/x.com\/@MarioDeNiro"],"url":"https:\/\/centrourbano.com\/revista\/author\/mario-vazquez\/"}]}},"_links":{"self":[{"href":"https:\/\/centrourbano.com\/revista\/wp-json\/wp\/v2\/posts\/36077","targetHints":{"allow":["GET"]}}],"collection":[{"href":"https:\/\/centrourbano.com\/revista\/wp-json\/wp\/v2\/posts"}],"about":[{"href":"https:\/\/centrourbano.com\/revista\/wp-json\/wp\/v2\/types\/post"}],"author":[{"embeddable":true,"href":"https:\/\/centrourbano.com\/revista\/wp-json\/wp\/v2\/users\/28"}],"replies":[{"embeddable":true,"href":"https:\/\/centrourbano.com\/revista\/wp-json\/wp\/v2\/comments?post=36077"}],"version-history":[{"count":0,"href":"https:\/\/centrourbano.com\/revista\/wp-json\/wp\/v2\/posts\/36077\/revisions"}],"wp:featuredmedia":[{"embeddable":true,"href":"https:\/\/centrourbano.com\/revista\/wp-json\/wp\/v2\/media\/36082"}],"wp:attachment":[{"href":"https:\/\/centrourbano.com\/revista\/wp-json\/wp\/v2\/media?parent=36077"}],"wp:term":[{"taxonomy":"category","embeddable":true,"href":"https:\/\/centrourbano.com\/revista\/wp-json\/wp\/v2\/categories?post=36077"},{"taxonomy":"post_tag","embeddable":true,"href":"https:\/\/centrourbano.com\/revista\/wp-json\/wp\/v2\/tags?post=36077"}],"curies":[{"name":"wp","href":"https:\/\/api.w.org\/{rel}","templated":true}]}}