{"id":35999,"date":"2016-06-16T12:57:40","date_gmt":"2016-06-16T17:57:40","guid":{"rendered":"https:\/\/centrourbano.com\/?p=35999"},"modified":"2016-06-16T14:34:26","modified_gmt":"2016-06-16T19:34:26","slug":"mancera-asiste-la-chatarrizacion-700-unidades-trasporte-publico","status":"publish","type":"post","link":"https:\/\/centrourbano.com\/revista\/actualidad\/mancera-asiste-la-chatarrizacion-700-unidades-trasporte-publico\/","title":{"rendered":"Mancera asiste a la chatarrizaci\u00f3n de unidades de trasporte p\u00fablico"},"content":{"rendered":"<p><em>Con esta acci\u00f3n, Miguel \u00c1ngel Mancera, asegura que las unidades ya no podr\u00e1n circular en otras ciudades del pa\u00eds<\/em><!--more--><\/p>\n<p>El Jefe de Gobierno de la Ciudad de M\u00e9xico, Miguel \u00c1ngel Mancera, acudi\u00f3 al proceso de chatarrizaci\u00f3n de 700 microbuses en el dep\u00f3sito vehicular \u201cRenovaci\u00f3n\u201d, ubicado en la delegaci\u00f3n Iztapalapa. Como prueba del compromiso ante la compactaci\u00f3n incluida en los ejes de acci\u00f3n del plan \u201cProAire\u201d.<\/p>\n<p>Uno de los prop\u00f3sitos de la acci\u00f3n, fue retirar de circulaci\u00f3n a las unidades con faltas administrativas, violaciones a la concesi\u00f3n o que ya no eran seguros, adem\u00e1s de contribuir en las medidas contra el cambio clim\u00e1tico y efectuar trabajos importantes para mejorar los sistemas de movilidad.<\/p>\n<p>El mandatario capitalino, indic\u00f3 que la Secretar\u00eda de Movilidad (SEMOVI) organizar\u00e1 una segunda etapa en los pr\u00f3ximos d\u00edas, donde aproximadamente otros 300 o 400 autobuses pasar\u00e1n por el mismo proceso de chatarrizaci\u00f3n y no ser\u00e1n reubicados en las ciudades de M\u00e9xico.<\/p>\n<p>\u201cQu\u00e9 bueno que formamos parte de la Comisi\u00f3n Ambiental de la Megal\u00f3polis (CAMe), pero nosotros estamos trabajando ya, desde ahora, no nos estamos esperando\u201d, subray\u00f3.<\/p>\n<p>Mancera recalc\u00f3 el compromiso de mantener limpios los dep\u00f3sitos vehiculares e inform\u00f3 que est\u00e1n en pl\u00e1ticas con los concesionarios para que se implemente un servicio de transporte p\u00fablico en el segundo piso del perif\u00e9rico, como una de las acciones incluidas para mejorar la movilidad de la capital del pa\u00eds.<\/p>\n<p>Dione Anguiano Flores, jefa delegacional de Iztapalapa, reconoci\u00f3 las acciones que se est\u00e1n emprendiendo en la CDMX referentes a materia ambiental, incluyendo cambiar los veh\u00edculos del Gobierno de la Ciudad de M\u00e9xico a gas natural, la compra de nuevas unidades para el Sistema M1 y la adquisici\u00f3n de nuevos camiones de basura, entre otros.<\/p>\n<p>&nbsp;<\/p>\n","protected":false},"excerpt":{"rendered":"<p>Con esta acci\u00f3n, Miguel \u00c1ngel Mancera, asegura que las unidades ya no podr\u00e1n circular en otras ciudades del pa\u00eds<\/p>\n","protected":false},"author":42,"featured_media":36001,"comment_status":"open","ping_status":"closed","sticky":false,"template":"","format":"standard","meta":{"om_disable_all_campaigns":false,"inline_featured_image":false,"_monsterinsights_skip_tracking":false,"_monsterinsights_sitenote_active":false,"_monsterinsights_sitenote_note":"","_monsterinsights_sitenote_category":0,"footnotes":""},"categories":[80],"tags":[606,587,3938],"class_list":["post-35999","post","type-post","status-publish","format-standard","has-post-thumbnail","hentry","category-actualidad","tag-cdmx","tag-medio-ambiente","tag-migue-angel-mancera"],"yoast_head":"<!-- This site is optimized with the Yoast SEO plugin v27.4 - https:\/\/yoast.com\/product\/yoast-seo-wordpress\/ -->\n<title>Mancera asiste a la chatarrizaci\u00f3n de unidades de trasporte p\u00fablico -<\/title>\n<meta name=\"description\" content=\"El Jefe de Gobierno de la Ciudad de M\u00e9xico, Miguel \u00c1ngel Mancera, acudi\u00f3 al proceso de chatarrizaci\u00f3n de 700 microbuses en el dep\u00f3sito vehicular \u201cRenovaci\u00f3n\u201d, ubicado en la delegaci\u00f3n Iztapalapa. Como prueba del compromiso ante la compactaci\u00f3n incluida en los ejes de acci\u00f3n del plan \u201cProAire\u201d, el pasado 15 de Junio\" \/>\n<meta name=\"robots\" content=\"index, follow, max-snippet:-1, max-image-preview:large, max-video-preview:-1\" \/>\n<link rel=\"canonical\" href=\"https:\/\/centrourbano.com\/revista\/actualidad\/mancera-asiste-la-chatarrizacion-700-unidades-trasporte-publico\/\" \/>\n<meta property=\"og:locale\" content=\"es_ES\" \/>\n<meta property=\"og:type\" content=\"article\" \/>\n<meta property=\"og:title\" content=\"Mancera asiste a la chatarrizaci\u00f3n de unidades de trasporte p\u00fablico -\" \/>\n<meta property=\"og:description\" content=\"El Jefe de Gobierno de la Ciudad de M\u00e9xico, Miguel \u00c1ngel Mancera, acudi\u00f3 al proceso de chatarrizaci\u00f3n de 700 microbuses en el dep\u00f3sito vehicular \u201cRenovaci\u00f3n\u201d, ubicado en la delegaci\u00f3n Iztapalapa. Como prueba del compromiso ante la compactaci\u00f3n incluida en los ejes de acci\u00f3n del plan \u201cProAire\u201d, el pasado 15 de Junio\" \/>\n<meta property=\"og:url\" content=\"https:\/\/centrourbano.com\/revista\/actualidad\/mancera-asiste-la-chatarrizacion-700-unidades-trasporte-publico\/\" \/>\n<meta property=\"og:site_name\" content=\"Centro Urbano\" \/>\n<meta property=\"article:publisher\" content=\"https:\/\/www.facebook.com\/portalcentrourbano\" \/>\n<meta property=\"article:published_time\" content=\"2016-06-16T17:57:40+00:00\" \/>\n<meta property=\"article:modified_time\" content=\"2016-06-16T19:34:26+00:00\" \/>\n<meta property=\"og:image\" content=\"https:\/\/centrourbano.com\/revista\/wp-content\/uploads\/150616-FOTO-MIGUEL-\u00c1NGEL-MANCERA-CHATARRIZACI\u00d3N-1-scaled.jpg\" \/>\n\t<meta property=\"og:image:width\" content=\"2560\" \/>\n\t<meta property=\"og:image:height\" content=\"1707\" \/>\n\t<meta property=\"og:image:type\" content=\"image\/jpeg\" \/>\n<meta name=\"author\" content=\"Priscila D\u00edaz\" \/>\n<meta name=\"twitter:card\" content=\"summary_large_image\" \/>\n<meta name=\"twitter:creator\" content=\"@CentroUrbano\" \/>\n<meta name=\"twitter:site\" content=\"@CentroUrbano\" \/>\n<meta name=\"twitter:label1\" content=\"Escrito por\" \/>\n\t<meta name=\"twitter:data1\" content=\"Priscila D\u00edaz\" \/>\n\t<meta name=\"twitter:label2\" content=\"Tiempo de lectura\" \/>\n\t<meta name=\"twitter:data2\" content=\"2 minutos\" \/>\n<script type=\"application\/ld+json\" class=\"yoast-schema-graph\">{\"@context\":\"https:\\\/\\\/schema.org\",\"@graph\":[{\"@type\":\"Article\",\"@id\":\"https:\\\/\\\/centrourbano.com\\\/revista\\\/actualidad\\\/mancera-asiste-la-chatarrizacion-700-unidades-trasporte-publico\\\/#article\",\"isPartOf\":{\"@id\":\"https:\\\/\\\/centrourbano.com\\\/revista\\\/actualidad\\\/mancera-asiste-la-chatarrizacion-700-unidades-trasporte-publico\\\/\"},\"author\":{\"name\":\"Priscila D\u00edaz\",\"@id\":\"https:\\\/\\\/centrourbano.com\\\/revista\\\/#\\\/schema\\\/person\\\/20613dd8a7db2b263325af517bc7420c\"},\"headline\":\"Mancera asiste a la chatarrizaci\u00f3n de unidades de trasporte p\u00fablico\",\"datePublished\":\"2016-06-16T17:57:40+00:00\",\"dateModified\":\"2016-06-16T19:34:26+00:00\",\"mainEntityOfPage\":{\"@id\":\"https:\\\/\\\/centrourbano.com\\\/revista\\\/actualidad\\\/mancera-asiste-la-chatarrizacion-700-unidades-trasporte-publico\\\/\"},\"wordCount\":326,\"commentCount\":0,\"publisher\":{\"@id\":\"https:\\\/\\\/centrourbano.com\\\/revista\\\/#organization\"},\"image\":{\"@id\":\"https:\\\/\\\/centrourbano.com\\\/revista\\\/actualidad\\\/mancera-asiste-la-chatarrizacion-700-unidades-trasporte-publico\\\/#primaryimage\"},\"thumbnailUrl\":\"https:\\\/\\\/centrourbano.com\\\/revista\\\/wp-content\\\/uploads\\\/150616-FOTO-MIGUEL-\u00c1NGEL-MANCERA-CHATARRIZACI\u00d3N-1-scaled.jpg\",\"keywords\":[\"CDMX\",\"Medio ambiente\",\"Migue \u00c1ngel Mancera\"],\"articleSection\":[\"Actualidad\"],\"inLanguage\":\"es\",\"potentialAction\":[{\"@type\":\"CommentAction\",\"name\":\"Comment\",\"target\":[\"https:\\\/\\\/centrourbano.com\\\/revista\\\/actualidad\\\/mancera-asiste-la-chatarrizacion-700-unidades-trasporte-publico\\\/#respond\"]}]},{\"@type\":\"WebPage\",\"@id\":\"https:\\\/\\\/centrourbano.com\\\/revista\\\/actualidad\\\/mancera-asiste-la-chatarrizacion-700-unidades-trasporte-publico\\\/\",\"url\":\"https:\\\/\\\/centrourbano.com\\\/revista\\\/actualidad\\\/mancera-asiste-la-chatarrizacion-700-unidades-trasporte-publico\\\/\",\"name\":\"Mancera asiste a la chatarrizaci\u00f3n de unidades de trasporte p\u00fablico -\",\"isPartOf\":{\"@id\":\"https:\\\/\\\/centrourbano.com\\\/revista\\\/#website\"},\"primaryImageOfPage\":{\"@id\":\"https:\\\/\\\/centrourbano.com\\\/revista\\\/actualidad\\\/mancera-asiste-la-chatarrizacion-700-unidades-trasporte-publico\\\/#primaryimage\"},\"image\":{\"@id\":\"https:\\\/\\\/centrourbano.com\\\/revista\\\/actualidad\\\/mancera-asiste-la-chatarrizacion-700-unidades-trasporte-publico\\\/#primaryimage\"},\"thumbnailUrl\":\"https:\\\/\\\/centrourbano.com\\\/revista\\\/wp-content\\\/uploads\\\/150616-FOTO-MIGUEL-\u00c1NGEL-MANCERA-CHATARRIZACI\u00d3N-1-scaled.jpg\",\"datePublished\":\"2016-06-16T17:57:40+00:00\",\"dateModified\":\"2016-06-16T19:34:26+00:00\",\"description\":\"El Jefe de Gobierno de la Ciudad de M\u00e9xico, Miguel \u00c1ngel Mancera, acudi\u00f3 al proceso de chatarrizaci\u00f3n de 700 microbuses en el dep\u00f3sito vehicular \u201cRenovaci\u00f3n\u201d, ubicado en la delegaci\u00f3n Iztapalapa. Como prueba del compromiso ante la compactaci\u00f3n incluida en los ejes de acci\u00f3n del plan \u201cProAire\u201d, el pasado 15 de Junio\",\"breadcrumb\":{\"@id\":\"https:\\\/\\\/centrourbano.com\\\/revista\\\/actualidad\\\/mancera-asiste-la-chatarrizacion-700-unidades-trasporte-publico\\\/#breadcrumb\"},\"inLanguage\":\"es\",\"potentialAction\":[{\"@type\":\"ReadAction\",\"target\":[\"https:\\\/\\\/centrourbano.com\\\/revista\\\/actualidad\\\/mancera-asiste-la-chatarrizacion-700-unidades-trasporte-publico\\\/\"]}]},{\"@type\":\"ImageObject\",\"inLanguage\":\"es\",\"@id\":\"https:\\\/\\\/centrourbano.com\\\/revista\\\/actualidad\\\/mancera-asiste-la-chatarrizacion-700-unidades-trasporte-publico\\\/#primaryimage\",\"url\":\"https:\\\/\\\/centrourbano.com\\\/revista\\\/wp-content\\\/uploads\\\/150616-FOTO-MIGUEL-\u00c1NGEL-MANCERA-CHATARRIZACI\u00d3N-1-scaled.jpg\",\"contentUrl\":\"https:\\\/\\\/centrourbano.com\\\/revista\\\/wp-content\\\/uploads\\\/150616-FOTO-MIGUEL-\u00c1NGEL-MANCERA-CHATARRIZACI\u00d3N-1-scaled.jpg\",\"width\":2560,\"height\":1707,\"caption\":\"Con esta acci\u00f3n, Miguel \u00c1ngel Mancera, asegura que las unidades ya no podr\u00e1n circular en otras ciudades del pa\u00eds\"},{\"@type\":\"BreadcrumbList\",\"@id\":\"https:\\\/\\\/centrourbano.com\\\/revista\\\/actualidad\\\/mancera-asiste-la-chatarrizacion-700-unidades-trasporte-publico\\\/#breadcrumb\",\"itemListElement\":[{\"@type\":\"ListItem\",\"position\":1,\"name\":\"Portada\",\"item\":\"https:\\\/\\\/centrourbano.com\\\/revista\\\/\"},{\"@type\":\"ListItem\",\"position\":2,\"name\":\"Mancera asiste a la chatarrizaci\u00f3n de unidades de trasporte p\u00fablico\"}]},{\"@type\":\"WebSite\",\"@id\":\"https:\\\/\\\/centrourbano.com\\\/revista\\\/#website\",\"url\":\"https:\\\/\\\/centrourbano.com\\\/revista\\\/\",\"name\":\"Centro Urbano\",\"description\":\"Medio especializado en los sectores vivienda, inmobiliario, construcci\u00f3n, arquitectura y urbanismo.\",\"publisher\":{\"@id\":\"https:\\\/\\\/centrourbano.com\\\/revista\\\/#organization\"},\"potentialAction\":[{\"@type\":\"SearchAction\",\"target\":{\"@type\":\"EntryPoint\",\"urlTemplate\":\"https:\\\/\\\/centrourbano.com\\\/revista\\\/?s={search_term_string}\"},\"query-input\":{\"@type\":\"PropertyValueSpecification\",\"valueRequired\":true,\"valueName\":\"search_term_string\"}}],\"inLanguage\":\"es\"},{\"@type\":\"Organization\",\"@id\":\"https:\\\/\\\/centrourbano.com\\\/revista\\\/#organization\",\"name\":\"Centro Urbano\",\"url\":\"https:\\\/\\\/centrourbano.com\\\/revista\\\/\",\"logo\":{\"@type\":\"ImageObject\",\"inLanguage\":\"es\",\"@id\":\"https:\\\/\\\/centrourbano.com\\\/revista\\\/#\\\/schema\\\/logo\\\/image\\\/\",\"url\":\"https:\\\/\\\/centrourbano.com\\\/revista\\\/wp-content\\\/uploads\\\/web_CU_logo-1.png\",\"contentUrl\":\"https:\\\/\\\/centrourbano.com\\\/revista\\\/wp-content\\\/uploads\\\/web_CU_logo-1.png\",\"width\":350,\"height\":91,\"caption\":\"Centro Urbano\"},\"image\":{\"@id\":\"https:\\\/\\\/centrourbano.com\\\/revista\\\/#\\\/schema\\\/logo\\\/image\\\/\"},\"sameAs\":[\"https:\\\/\\\/www.facebook.com\\\/portalcentrourbano\",\"https:\\\/\\\/x.com\\\/CentroUrbano\",\"https:\\\/\\\/www.instagram.com\\\/centro_urbano\\\/\",\"https:\\\/\\\/www.linkedin.com\\\/company\\\/centro-urbano\\\/\",\"http:\\\/\\\/www.youtube.com\\\/user\\\/portalcentrourbano\"]},{\"@type\":\"Person\",\"@id\":\"https:\\\/\\\/centrourbano.com\\\/revista\\\/#\\\/schema\\\/person\\\/20613dd8a7db2b263325af517bc7420c\",\"name\":\"Priscila D\u00edaz\",\"image\":{\"@type\":\"ImageObject\",\"inLanguage\":\"es\",\"@id\":\"https:\\\/\\\/secure.gravatar.com\\\/avatar\\\/bf28a62a51d45b542a0c3fe4c31a60c3887b5037867f58a6225cbf7479b56636?s=96&d=mm&r=g\",\"url\":\"https:\\\/\\\/secure.gravatar.com\\\/avatar\\\/bf28a62a51d45b542a0c3fe4c31a60c3887b5037867f58a6225cbf7479b56636?s=96&d=mm&r=g\",\"contentUrl\":\"https:\\\/\\\/secure.gravatar.com\\\/avatar\\\/bf28a62a51d45b542a0c3fe4c31a60c3887b5037867f58a6225cbf7479b56636?s=96&d=mm&r=g\",\"caption\":\"Priscila D\u00edaz\"},\"url\":\"https:\\\/\\\/centrourbano.com\\\/revista\\\/author\\\/priscila-diaz\\\/\"}]}<\/script>\n<!-- \/ Yoast SEO plugin. -->","yoast_head_json":{"title":"Mancera asiste a la chatarrizaci\u00f3n de unidades de trasporte p\u00fablico -","description":"El Jefe de Gobierno de la Ciudad de M\u00e9xico, Miguel \u00c1ngel Mancera, acudi\u00f3 al proceso de chatarrizaci\u00f3n de 700 microbuses en el dep\u00f3sito vehicular \u201cRenovaci\u00f3n\u201d, ubicado en la delegaci\u00f3n Iztapalapa. Como prueba del compromiso ante la compactaci\u00f3n incluida en los ejes de acci\u00f3n del plan \u201cProAire\u201d, el pasado 15 de Junio","robots":{"index":"index","follow":"follow","max-snippet":"max-snippet:-1","max-image-preview":"max-image-preview:large","max-video-preview":"max-video-preview:-1"},"canonical":"https:\/\/centrourbano.com\/revista\/actualidad\/mancera-asiste-la-chatarrizacion-700-unidades-trasporte-publico\/","og_locale":"es_ES","og_type":"article","og_title":"Mancera asiste a la chatarrizaci\u00f3n de unidades de trasporte p\u00fablico -","og_description":"El Jefe de Gobierno de la Ciudad de M\u00e9xico, Miguel \u00c1ngel Mancera, acudi\u00f3 al proceso de chatarrizaci\u00f3n de 700 microbuses en el dep\u00f3sito vehicular \u201cRenovaci\u00f3n\u201d, ubicado en la delegaci\u00f3n Iztapalapa. Como prueba del compromiso ante la compactaci\u00f3n incluida en los ejes de acci\u00f3n del plan \u201cProAire\u201d, el pasado 15 de Junio","og_url":"https:\/\/centrourbano.com\/revista\/actualidad\/mancera-asiste-la-chatarrizacion-700-unidades-trasporte-publico\/","og_site_name":"Centro Urbano","article_publisher":"https:\/\/www.facebook.com\/portalcentrourbano","article_published_time":"2016-06-16T17:57:40+00:00","article_modified_time":"2016-06-16T19:34:26+00:00","og_image":[{"width":2560,"height":1707,"url":"https:\/\/centrourbano.com\/revista\/wp-content\/uploads\/150616-FOTO-MIGUEL-\u00c1NGEL-MANCERA-CHATARRIZACI\u00d3N-1-scaled.jpg","type":"image\/jpeg"}],"author":"Priscila D\u00edaz","twitter_card":"summary_large_image","twitter_creator":"@CentroUrbano","twitter_site":"@CentroUrbano","twitter_misc":{"Escrito por":"Priscila D\u00edaz","Tiempo de lectura":"2 minutos"},"schema":{"@context":"https:\/\/schema.org","@graph":[{"@type":"Article","@id":"https:\/\/centrourbano.com\/revista\/actualidad\/mancera-asiste-la-chatarrizacion-700-unidades-trasporte-publico\/#article","isPartOf":{"@id":"https:\/\/centrourbano.com\/revista\/actualidad\/mancera-asiste-la-chatarrizacion-700-unidades-trasporte-publico\/"},"author":{"name":"Priscila D\u00edaz","@id":"https:\/\/centrourbano.com\/revista\/#\/schema\/person\/20613dd8a7db2b263325af517bc7420c"},"headline":"Mancera asiste a la chatarrizaci\u00f3n de unidades de trasporte p\u00fablico","datePublished":"2016-06-16T17:57:40+00:00","dateModified":"2016-06-16T19:34:26+00:00","mainEntityOfPage":{"@id":"https:\/\/centrourbano.com\/revista\/actualidad\/mancera-asiste-la-chatarrizacion-700-unidades-trasporte-publico\/"},"wordCount":326,"commentCount":0,"publisher":{"@id":"https:\/\/centrourbano.com\/revista\/#organization"},"image":{"@id":"https:\/\/centrourbano.com\/revista\/actualidad\/mancera-asiste-la-chatarrizacion-700-unidades-trasporte-publico\/#primaryimage"},"thumbnailUrl":"https:\/\/centrourbano.com\/revista\/wp-content\/uploads\/150616-FOTO-MIGUEL-\u00c1NGEL-MANCERA-CHATARRIZACI\u00d3N-1-scaled.jpg","keywords":["CDMX","Medio ambiente","Migue \u00c1ngel Mancera"],"articleSection":["Actualidad"],"inLanguage":"es","potentialAction":[{"@type":"CommentAction","name":"Comment","target":["https:\/\/centrourbano.com\/revista\/actualidad\/mancera-asiste-la-chatarrizacion-700-unidades-trasporte-publico\/#respond"]}]},{"@type":"WebPage","@id":"https:\/\/centrourbano.com\/revista\/actualidad\/mancera-asiste-la-chatarrizacion-700-unidades-trasporte-publico\/","url":"https:\/\/centrourbano.com\/revista\/actualidad\/mancera-asiste-la-chatarrizacion-700-unidades-trasporte-publico\/","name":"Mancera asiste a la chatarrizaci\u00f3n de unidades de trasporte p\u00fablico -","isPartOf":{"@id":"https:\/\/centrourbano.com\/revista\/#website"},"primaryImageOfPage":{"@id":"https:\/\/centrourbano.com\/revista\/actualidad\/mancera-asiste-la-chatarrizacion-700-unidades-trasporte-publico\/#primaryimage"},"image":{"@id":"https:\/\/centrourbano.com\/revista\/actualidad\/mancera-asiste-la-chatarrizacion-700-unidades-trasporte-publico\/#primaryimage"},"thumbnailUrl":"https:\/\/centrourbano.com\/revista\/wp-content\/uploads\/150616-FOTO-MIGUEL-\u00c1NGEL-MANCERA-CHATARRIZACI\u00d3N-1-scaled.jpg","datePublished":"2016-06-16T17:57:40+00:00","dateModified":"2016-06-16T19:34:26+00:00","description":"El Jefe de Gobierno de la Ciudad de M\u00e9xico, Miguel \u00c1ngel Mancera, acudi\u00f3 al proceso de chatarrizaci\u00f3n de 700 microbuses en el dep\u00f3sito vehicular \u201cRenovaci\u00f3n\u201d, ubicado en la delegaci\u00f3n Iztapalapa. Como prueba del compromiso ante la compactaci\u00f3n incluida en los ejes de acci\u00f3n del plan \u201cProAire\u201d, el pasado 15 de Junio","breadcrumb":{"@id":"https:\/\/centrourbano.com\/revista\/actualidad\/mancera-asiste-la-chatarrizacion-700-unidades-trasporte-publico\/#breadcrumb"},"inLanguage":"es","potentialAction":[{"@type":"ReadAction","target":["https:\/\/centrourbano.com\/revista\/actualidad\/mancera-asiste-la-chatarrizacion-700-unidades-trasporte-publico\/"]}]},{"@type":"ImageObject","inLanguage":"es","@id":"https:\/\/centrourbano.com\/revista\/actualidad\/mancera-asiste-la-chatarrizacion-700-unidades-trasporte-publico\/#primaryimage","url":"https:\/\/centrourbano.com\/revista\/wp-content\/uploads\/150616-FOTO-MIGUEL-\u00c1NGEL-MANCERA-CHATARRIZACI\u00d3N-1-scaled.jpg","contentUrl":"https:\/\/centrourbano.com\/revista\/wp-content\/uploads\/150616-FOTO-MIGUEL-\u00c1NGEL-MANCERA-CHATARRIZACI\u00d3N-1-scaled.jpg","width":2560,"height":1707,"caption":"Con esta acci\u00f3n, Miguel \u00c1ngel Mancera, asegura que las unidades ya no podr\u00e1n circular en otras ciudades del pa\u00eds"},{"@type":"BreadcrumbList","@id":"https:\/\/centrourbano.com\/revista\/actualidad\/mancera-asiste-la-chatarrizacion-700-unidades-trasporte-publico\/#breadcrumb","itemListElement":[{"@type":"ListItem","position":1,"name":"Portada","item":"https:\/\/centrourbano.com\/revista\/"},{"@type":"ListItem","position":2,"name":"Mancera asiste a la chatarrizaci\u00f3n de unidades de trasporte p\u00fablico"}]},{"@type":"WebSite","@id":"https:\/\/centrourbano.com\/revista\/#website","url":"https:\/\/centrourbano.com\/revista\/","name":"Centro Urbano","description":"Medio especializado en los sectores vivienda, inmobiliario, construcci\u00f3n, arquitectura y urbanismo.","publisher":{"@id":"https:\/\/centrourbano.com\/revista\/#organization"},"potentialAction":[{"@type":"SearchAction","target":{"@type":"EntryPoint","urlTemplate":"https:\/\/centrourbano.com\/revista\/?s={search_term_string}"},"query-input":{"@type":"PropertyValueSpecification","valueRequired":true,"valueName":"search_term_string"}}],"inLanguage":"es"},{"@type":"Organization","@id":"https:\/\/centrourbano.com\/revista\/#organization","name":"Centro Urbano","url":"https:\/\/centrourbano.com\/revista\/","logo":{"@type":"ImageObject","inLanguage":"es","@id":"https:\/\/centrourbano.com\/revista\/#\/schema\/logo\/image\/","url":"https:\/\/centrourbano.com\/revista\/wp-content\/uploads\/web_CU_logo-1.png","contentUrl":"https:\/\/centrourbano.com\/revista\/wp-content\/uploads\/web_CU_logo-1.png","width":350,"height":91,"caption":"Centro Urbano"},"image":{"@id":"https:\/\/centrourbano.com\/revista\/#\/schema\/logo\/image\/"},"sameAs":["https:\/\/www.facebook.com\/portalcentrourbano","https:\/\/x.com\/CentroUrbano","https:\/\/www.instagram.com\/centro_urbano\/","https:\/\/www.linkedin.com\/company\/centro-urbano\/","http:\/\/www.youtube.com\/user\/portalcentrourbano"]},{"@type":"Person","@id":"https:\/\/centrourbano.com\/revista\/#\/schema\/person\/20613dd8a7db2b263325af517bc7420c","name":"Priscila D\u00edaz","image":{"@type":"ImageObject","inLanguage":"es","@id":"https:\/\/secure.gravatar.com\/avatar\/bf28a62a51d45b542a0c3fe4c31a60c3887b5037867f58a6225cbf7479b56636?s=96&d=mm&r=g","url":"https:\/\/secure.gravatar.com\/avatar\/bf28a62a51d45b542a0c3fe4c31a60c3887b5037867f58a6225cbf7479b56636?s=96&d=mm&r=g","contentUrl":"https:\/\/secure.gravatar.com\/avatar\/bf28a62a51d45b542a0c3fe4c31a60c3887b5037867f58a6225cbf7479b56636?s=96&d=mm&r=g","caption":"Priscila D\u00edaz"},"url":"https:\/\/centrourbano.com\/revista\/author\/priscila-diaz\/"}]}},"_links":{"self":[{"href":"https:\/\/centrourbano.com\/revista\/wp-json\/wp\/v2\/posts\/35999","targetHints":{"allow":["GET"]}}],"collection":[{"href":"https:\/\/centrourbano.com\/revista\/wp-json\/wp\/v2\/posts"}],"about":[{"href":"https:\/\/centrourbano.com\/revista\/wp-json\/wp\/v2\/types\/post"}],"author":[{"embeddable":true,"href":"https:\/\/centrourbano.com\/revista\/wp-json\/wp\/v2\/users\/42"}],"replies":[{"embeddable":true,"href":"https:\/\/centrourbano.com\/revista\/wp-json\/wp\/v2\/comments?post=35999"}],"version-history":[{"count":0,"href":"https:\/\/centrourbano.com\/revista\/wp-json\/wp\/v2\/posts\/35999\/revisions"}],"wp:featuredmedia":[{"embeddable":true,"href":"https:\/\/centrourbano.com\/revista\/wp-json\/wp\/v2\/media\/36001"}],"wp:attachment":[{"href":"https:\/\/centrourbano.com\/revista\/wp-json\/wp\/v2\/media?parent=35999"}],"wp:term":[{"taxonomy":"category","embeddable":true,"href":"https:\/\/centrourbano.com\/revista\/wp-json\/wp\/v2\/categories?post=35999"},{"taxonomy":"post_tag","embeddable":true,"href":"https:\/\/centrourbano.com\/revista\/wp-json\/wp\/v2\/tags?post=35999"}],"curies":[{"name":"wp","href":"https:\/\/api.w.org\/{rel}","templated":true}]}}