{"id":35380,"date":"2016-06-01T18:07:40","date_gmt":"2016-06-01T23:07:40","guid":{"rendered":"https:\/\/centrourbano.com\/?p=35380"},"modified":"2016-06-01T18:12:41","modified_gmt":"2016-06-01T23:12:41","slug":"mejoramiento-integral-de-barrios","status":"publish","type":"post","link":"https:\/\/centrourbano.com\/revista\/opinion\/blog-de-urbanismo\/mejoramiento-integral-de-barrios\/","title":{"rendered":"Mejoramiento Integral de Barrios"},"content":{"rendered":"<p>POR CARLOS ALBERTO MONTOYA CORREA.<\/p>\n<p>Concepto<\/p>\n<p>El tratamiento de mejoramiento integral de barrios es la estrategia de facilitaci\u00f3n para los asentamientos, es una respuesta municipal a la ciudad construida desde abajo mediante el acompa\u00f1amiento a la formaci\u00f3n de barrios populares que a\u00fan caracteriza las ciudades latinoamericanas.<\/p>\n<p style=\"text-align: left;\">La arquitectura a\u00fan tiene mucho por decir cambiando su \u00e1ngulo de an\u00e1lisis: desde la arquitectura morfol\u00f3gica hacia la arquitectura de la sostenibilidad; la intervenci\u00f3n sobre los problemas asociados a la formaci\u00f3n de asentamientos deben ser considerada con una mirada m\u00e1s positiva; la inmensa mayor\u00eda de los asentamientos terminan siendo barrios incorporados a base de mucho esfuerzo ciudadano, actividad que puede ser acompa\u00f1ada y dinamizada por las pol\u00edticas institucionales.<br \/>\nProgramas de mejoramiento integral de barrios con enfoque de prevenci\u00f3n de riesgos geo-t\u00e9cnicos pueden ser implementados en los municipios, \u00e9ste tratamiento urbano fue incorporado en Colombia a ra\u00edz de la implementaci\u00f3n del PRIMED en Medell\u00edn; proyecto que fue ejecutado mediante aportes del municipio; contrapartida nacional y cooperaci\u00f3n internacional del gobierno de Alemania; dichos proyectos son poco conocidos te\u00f3ricamente por las academias, y en las ONG s\u00f3lo se enfatiza en las t\u00e9cnicas de acompa\u00f1amiento social<\/p>\n<p style=\"text-align: left;\">.<a href=\"https:\/\/centrourbano.com\/revista\/wp-content\/uploads\/img1.jpg\"><img loading=\"lazy\" decoding=\"async\" class=\"size-medium wp-image-35381 aligncenter\" src=\"https:\/\/centrourbano.com\/revista\/wp-content\/uploads\/img1-300x225.jpg\" alt=\"img1\" width=\"300\" height=\"225\" srcset=\"https:\/\/centrourbano.com\/revista\/wp-content\/uploads\/img1-300x225.jpg 300w, https:\/\/centrourbano.com\/revista\/wp-content\/uploads\/img1-100x75.jpg 100w, https:\/\/centrourbano.com\/revista\/wp-content\/uploads\/img1.jpg 582w\" sizes=\"auto, (max-width: 300px) 100vw, 300px\" \/><\/a><\/p>\n<p style=\"text-align: center;\"><em>Andenes elevados, Barrio Independencias. PRIMED<\/em><\/p>\n<p>Al interior de estos proyectos caben soluciones de viviendas nuevas en peque\u00f1as edificaciones que mejoran el \u00edndice de ocupaci\u00f3n y facilitan la configuraci\u00f3n de los espacios p\u00fablicos, la dotaci\u00f3n de redes de servicios p\u00fablicos y la construcci\u00f3n de obras de estabilizaci\u00f3n; como es el caso de la consolidaci\u00f3n habitacional en la quebrada Juan Bobo, premio Dub\u00e1i 2008, tambi\u00e9n realizado en Medell\u00edn y que se podr\u00eda connotar como un proyecto de renovaci\u00f3n urbana popular.<\/p>\n<p>Soluciones tecnol\u00f3gicas que den respuestas a los aspectos de estabilidad y ordenamiento pueden ser implementadas, como la implantaci\u00f3n hidro \u2013 geo &#8211; t\u00e9cnica de estructuras de soporte o estructuras con servicios en propiedad horizontal, realizados por arquitectos e ingenieros desde la formalidad, en concreto y\/o acero; lo cual se podr\u00eda combinar con autoconstrucci\u00f3n dirigida, formando un nuevo estilo de generaci\u00f3n de viviendas sociales y nueva manera de intervenci\u00f3n de ONGs, que ya no se basen solo en la colonizaci\u00f3n y\/o en la utilizaci\u00f3n del suelo, sino que premeditadamente gestionen el suelo y el espacio residencial con una visi\u00f3n futurista del asentamiento de intervenci\u00f3n, controlando las futuras densidades de los barrios as\u00ed formados en las grandes ciudades.<\/p>\n<p>Las casas de estructura met\u00e1lica es un modelo alternativo y patentado para laderas de alta pendiente y baja resistencia que hemos venido explorando en Medell\u00edn para acompa\u00f1ar la formaci\u00f3n m\u00e1s reciente de barrios en peque\u00f1os municipios y en las \u00e1reas rurales.<\/p>\n<p>Igualmente en la intervenci\u00f3n en asentamientos ya existentes, la incorporaci\u00f3n de peque\u00f1as edificaciones habitacionales facilitan la consolidaci\u00f3n de centralidades, ayuda a mejorar la configuraci\u00f3n de espacios p\u00fablicos y a liberar \u00e1reas para equipamientos b\u00e1sicos en ampliaci\u00f3n, de tal manera que los impactos en vivienda de la construcci\u00f3n de equipamientos se absorbe en los mismos barrios, reduciendo el impacto de desalojos y expropiaciones!<\/p>\n<a href=\"https:\/\/centrourbano.com\/revista\/wp-content\/uploads\/img2-1.jpg\"><img loading=\"lazy\" decoding=\"async\" class=\"size-medium wp-image-35382 aligncenter\" src=\"https:\/\/centrourbano.com\/revista\/wp-content\/uploads\/img2-1-300x242.jpg\" alt=\"img2\" width=\"300\" height=\"242\" srcset=\"https:\/\/centrourbano.com\/revista\/wp-content\/uploads\/img2-1-300x242.jpg 300w, https:\/\/centrourbano.com\/revista\/wp-content\/uploads\/img2-1-768x618.jpg 768w, https:\/\/centrourbano.com\/revista\/wp-content\/uploads\/img2-1.jpg 908w\" sizes=\"auto, (max-width: 300px) 100vw, 300px\" \/><\/a>\n<p style=\"text-align: center;\"><em>Consolidaci\u00f3n habitacional en la quebrada Juan Bobo, Medell\u00edn<\/em><br \/>\n<em> Combinaci\u00f3n de planes de vivienda nueva y en mejoramiento<\/em><\/p>\n<p>El sector p\u00fablico se ha concentrado solo en la consulta con el sector privado que analiza los proyectos bajo la \u00f3ptica inmobiliaria; se deber\u00eda generar mayor apertura con el sector acad\u00e9mico, pero al mismo tiempo la universidad debe abandonar su posici\u00f3n c\u00f3moda o de salvamento de conciencia que la ha caracterizado.<br \/>\nA\u00fan los ejercicios m\u00e1s avanzados: PRIMED, Juan Bobo, y Casas de Estructura Met\u00e1lica; han surgido en \u00e1mbitos institucionales muy especiales:<br \/>\nEn La Consejer\u00eda Presidencial para Medell\u00edn, cuando la ciudad se debat\u00eda en su peor crisis de violencia en los 90 en el primer caso y la necesidad de proponer alternativas desde los barrios se torn\u00f3 imperativa.<br \/>\nLa conformaci\u00f3n de una unidad ejecutora del municipio, con pensamiento integral y de experimentaci\u00f3n en el segundo caso, en la EDU hacia la primera d\u00e9cada del 2000.<br \/>\nEl \u00faltimo proyecto es una apuesta independiente que personalmente vengo impulsando y que fue originada en un concurso nacional convocado por el sector privado.<\/p>\n<p>&nbsp;<\/p>\n<a href=\"https:\/\/centrourbano.com\/revista\/wp-content\/uploads\/img3.jpg\"><img loading=\"lazy\" decoding=\"async\" class=\"alignnone wp-image-35383\" src=\"https:\/\/centrourbano.com\/revista\/wp-content\/uploads\/img3-300x106.jpg\" alt=\"img3\" width=\"546\" height=\"193\" srcset=\"https:\/\/centrourbano.com\/revista\/wp-content\/uploads\/img3-300x106.jpg 300w, https:\/\/centrourbano.com\/revista\/wp-content\/uploads\/img3.jpg 711w\" sizes=\"auto, (max-width: 546px) 100vw, 546px\" \/><\/a><a href=\"https:\/\/centrourbano.com\/revista\/wp-content\/uploads\/img4.jpg\"><img loading=\"lazy\" decoding=\"async\" class=\"alignnone size-medium wp-image-35384\" src=\"https:\/\/centrourbano.com\/revista\/wp-content\/uploads\/img4-204x300.jpg\" alt=\"img4\" width=\"204\" height=\"300\" srcset=\"https:\/\/centrourbano.com\/revista\/wp-content\/uploads\/img4-204x300.jpg 204w, https:\/\/centrourbano.com\/revista\/wp-content\/uploads\/img4.jpg 546w\" sizes=\"auto, (max-width: 204px) 100vw, 204px\" \/><\/a>\n<p><em>Casas de estructura met\u00e1lica Propuesta en experimentaci\u00f3n, Patente CEME, Arquitecto Carlos Alberto Montoya Correa<\/em><\/p>\n<p>El Arquitecto Carlos Alberto Montoya Correa, es consultor independiente. Profesor en reingreso, Universidad Nacional, Sede Medell\u00edn<\/p>\n<p>@CarlosAMontoyaC<\/p>\n","protected":false},"excerpt":{"rendered":"<p>POR CARLOS ALBERTO MONTOYA CORREA. Concepto El tratamiento de mejoramiento integral de barrios es la estrategia de facilitaci\u00f3n para los asentamientos, es una respuesta municipal a la ciudad construida desde abajo mediante el acompa\u00f1amiento a la formaci\u00f3n de barrios populares que a\u00fan caracteriza las ciudades latinoamericanas. La arquitectura a\u00fan tiene mucho por decir cambiando su [&hellip;]<\/p>\n","protected":false},"author":1,"featured_media":35386,"comment_status":"open","ping_status":"closed","sticky":false,"template":"","format":"standard","meta":{"om_disable_all_campaigns":false,"inline_featured_image":false,"_monsterinsights_skip_tracking":false,"_monsterinsights_sitenote_active":false,"_monsterinsights_sitenote_note":"","_monsterinsights_sitenote_category":0,"footnotes":""},"categories":[5817],"tags":[],"class_list":["post-35380","post","type-post","status-publish","format-standard","has-post-thumbnail","hentry","category-blog-de-urbanismo"],"yoast_head":"<!-- This site is optimized with the Yoast SEO plugin v27.4 - https:\/\/yoast.com\/product\/yoast-seo-wordpress\/ -->\n<title>Mejoramiento Integral de Barrios -<\/title>\n<meta name=\"description\" content=\"El tratamiento de mejoramiento integral de barrios es la estrategia de facilitaci\u00f3n para los asentamientos, es una respuesta municipal a la ciudad construida desde abajo mediante el acompa\u00f1amiento a la formaci\u00f3n de barrios populares que a\u00fan caracteriza las ciudades latinoamericanas.\" \/>\n<meta name=\"robots\" content=\"index, follow, max-snippet:-1, max-image-preview:large, max-video-preview:-1\" \/>\n<link rel=\"canonical\" href=\"https:\/\/centrourbano.com\/revista\/opinion\/blog-de-urbanismo\/mejoramiento-integral-de-barrios\/\" \/>\n<meta property=\"og:locale\" content=\"es_ES\" \/>\n<meta property=\"og:type\" content=\"article\" \/>\n<meta property=\"og:title\" content=\"Mejoramiento Integral de Barrios -\" \/>\n<meta property=\"og:description\" content=\"El tratamiento de mejoramiento integral de barrios es la estrategia de facilitaci\u00f3n para los asentamientos, es una respuesta municipal a la ciudad construida desde abajo mediante el acompa\u00f1amiento a la formaci\u00f3n de barrios populares que a\u00fan caracteriza las ciudades latinoamericanas.\" \/>\n<meta property=\"og:url\" content=\"https:\/\/centrourbano.com\/revista\/opinion\/blog-de-urbanismo\/mejoramiento-integral-de-barrios\/\" \/>\n<meta property=\"og:site_name\" content=\"Centro Urbano\" \/>\n<meta property=\"article:publisher\" content=\"https:\/\/www.facebook.com\/portalcentrourbano\" \/>\n<meta property=\"article:published_time\" content=\"2016-06-01T23:07:40+00:00\" \/>\n<meta property=\"article:modified_time\" content=\"2016-06-01T23:12:41+00:00\" \/>\n<meta property=\"og:image\" content=\"https:\/\/centrourbano.com\/revista\/wp-content\/uploads\/CAMC_2.png\" \/>\n\t<meta property=\"og:image:width\" content=\"398\" \/>\n\t<meta property=\"og:image:height\" content=\"342\" \/>\n\t<meta property=\"og:image:type\" content=\"image\/png\" \/>\n<meta name=\"author\" content=\"BlogCU 2022\" \/>\n<meta name=\"twitter:card\" content=\"summary_large_image\" \/>\n<meta name=\"twitter:creator\" content=\"@CentroUrbano\" \/>\n<meta name=\"twitter:site\" content=\"@CentroUrbano\" \/>\n<meta name=\"twitter:label1\" content=\"Escrito por\" \/>\n\t<meta name=\"twitter:data1\" content=\"BlogCU 2022\" \/>\n\t<meta name=\"twitter:label2\" content=\"Tiempo de lectura\" \/>\n\t<meta name=\"twitter:data2\" content=\"4 minutos\" \/>\n<script type=\"application\/ld+json\" class=\"yoast-schema-graph\">{\"@context\":\"https:\\\/\\\/schema.org\",\"@graph\":[{\"@type\":\"Article\",\"@id\":\"https:\\\/\\\/centrourbano.com\\\/revista\\\/opinion\\\/blog-de-urbanismo\\\/mejoramiento-integral-de-barrios\\\/#article\",\"isPartOf\":{\"@id\":\"https:\\\/\\\/centrourbano.com\\\/revista\\\/opinion\\\/blog-de-urbanismo\\\/mejoramiento-integral-de-barrios\\\/\"},\"author\":{\"name\":\"BlogCU 2022\",\"@id\":\"https:\\\/\\\/centrourbano.com\\\/revista\\\/#\\\/schema\\\/person\\\/26c0ab2d8952e32eb17ccf62f8e88ce6\"},\"headline\":\"Mejoramiento Integral de Barrios\",\"datePublished\":\"2016-06-01T23:07:40+00:00\",\"dateModified\":\"2016-06-01T23:12:41+00:00\",\"mainEntityOfPage\":{\"@id\":\"https:\\\/\\\/centrourbano.com\\\/revista\\\/opinion\\\/blog-de-urbanismo\\\/mejoramiento-integral-de-barrios\\\/\"},\"wordCount\":777,\"commentCount\":0,\"publisher\":{\"@id\":\"https:\\\/\\\/centrourbano.com\\\/revista\\\/#organization\"},\"image\":{\"@id\":\"https:\\\/\\\/centrourbano.com\\\/revista\\\/opinion\\\/blog-de-urbanismo\\\/mejoramiento-integral-de-barrios\\\/#primaryimage\"},\"thumbnailUrl\":\"https:\\\/\\\/centrourbano.com\\\/revista\\\/wp-content\\\/uploads\\\/CAMC_2.png\",\"articleSection\":[\"Hablemos de Urbanismo\"],\"inLanguage\":\"es\",\"potentialAction\":[{\"@type\":\"CommentAction\",\"name\":\"Comment\",\"target\":[\"https:\\\/\\\/centrourbano.com\\\/revista\\\/opinion\\\/blog-de-urbanismo\\\/mejoramiento-integral-de-barrios\\\/#respond\"]}]},{\"@type\":\"WebPage\",\"@id\":\"https:\\\/\\\/centrourbano.com\\\/revista\\\/opinion\\\/blog-de-urbanismo\\\/mejoramiento-integral-de-barrios\\\/\",\"url\":\"https:\\\/\\\/centrourbano.com\\\/revista\\\/opinion\\\/blog-de-urbanismo\\\/mejoramiento-integral-de-barrios\\\/\",\"name\":\"Mejoramiento Integral de Barrios -\",\"isPartOf\":{\"@id\":\"https:\\\/\\\/centrourbano.com\\\/revista\\\/#website\"},\"primaryImageOfPage\":{\"@id\":\"https:\\\/\\\/centrourbano.com\\\/revista\\\/opinion\\\/blog-de-urbanismo\\\/mejoramiento-integral-de-barrios\\\/#primaryimage\"},\"image\":{\"@id\":\"https:\\\/\\\/centrourbano.com\\\/revista\\\/opinion\\\/blog-de-urbanismo\\\/mejoramiento-integral-de-barrios\\\/#primaryimage\"},\"thumbnailUrl\":\"https:\\\/\\\/centrourbano.com\\\/revista\\\/wp-content\\\/uploads\\\/CAMC_2.png\",\"datePublished\":\"2016-06-01T23:07:40+00:00\",\"dateModified\":\"2016-06-01T23:12:41+00:00\",\"description\":\"El tratamiento de mejoramiento integral de barrios es la estrategia de facilitaci\u00f3n para los asentamientos, es una respuesta municipal a la ciudad construida desde abajo mediante el acompa\u00f1amiento a la formaci\u00f3n de barrios populares que a\u00fan caracteriza las ciudades latinoamericanas.\",\"breadcrumb\":{\"@id\":\"https:\\\/\\\/centrourbano.com\\\/revista\\\/opinion\\\/blog-de-urbanismo\\\/mejoramiento-integral-de-barrios\\\/#breadcrumb\"},\"inLanguage\":\"es\",\"potentialAction\":[{\"@type\":\"ReadAction\",\"target\":[\"https:\\\/\\\/centrourbano.com\\\/revista\\\/opinion\\\/blog-de-urbanismo\\\/mejoramiento-integral-de-barrios\\\/\"]}]},{\"@type\":\"ImageObject\",\"inLanguage\":\"es\",\"@id\":\"https:\\\/\\\/centrourbano.com\\\/revista\\\/opinion\\\/blog-de-urbanismo\\\/mejoramiento-integral-de-barrios\\\/#primaryimage\",\"url\":\"https:\\\/\\\/centrourbano.com\\\/revista\\\/wp-content\\\/uploads\\\/CAMC_2.png\",\"contentUrl\":\"https:\\\/\\\/centrourbano.com\\\/revista\\\/wp-content\\\/uploads\\\/CAMC_2.png\",\"width\":398,\"height\":342},{\"@type\":\"BreadcrumbList\",\"@id\":\"https:\\\/\\\/centrourbano.com\\\/revista\\\/opinion\\\/blog-de-urbanismo\\\/mejoramiento-integral-de-barrios\\\/#breadcrumb\",\"itemListElement\":[{\"@type\":\"ListItem\",\"position\":1,\"name\":\"Portada\",\"item\":\"https:\\\/\\\/centrourbano.com\\\/revista\\\/\"},{\"@type\":\"ListItem\",\"position\":2,\"name\":\"Mejoramiento Integral de Barrios\"}]},{\"@type\":\"WebSite\",\"@id\":\"https:\\\/\\\/centrourbano.com\\\/revista\\\/#website\",\"url\":\"https:\\\/\\\/centrourbano.com\\\/revista\\\/\",\"name\":\"Centro Urbano\",\"description\":\"Medio especializado en los sectores vivienda, inmobiliario, construcci\u00f3n, arquitectura y urbanismo.\",\"publisher\":{\"@id\":\"https:\\\/\\\/centrourbano.com\\\/revista\\\/#organization\"},\"potentialAction\":[{\"@type\":\"SearchAction\",\"target\":{\"@type\":\"EntryPoint\",\"urlTemplate\":\"https:\\\/\\\/centrourbano.com\\\/revista\\\/?s={search_term_string}\"},\"query-input\":{\"@type\":\"PropertyValueSpecification\",\"valueRequired\":true,\"valueName\":\"search_term_string\"}}],\"inLanguage\":\"es\"},{\"@type\":\"Organization\",\"@id\":\"https:\\\/\\\/centrourbano.com\\\/revista\\\/#organization\",\"name\":\"Centro Urbano\",\"url\":\"https:\\\/\\\/centrourbano.com\\\/revista\\\/\",\"logo\":{\"@type\":\"ImageObject\",\"inLanguage\":\"es\",\"@id\":\"https:\\\/\\\/centrourbano.com\\\/revista\\\/#\\\/schema\\\/logo\\\/image\\\/\",\"url\":\"https:\\\/\\\/centrourbano.com\\\/revista\\\/wp-content\\\/uploads\\\/web_CU_logo-1.png\",\"contentUrl\":\"https:\\\/\\\/centrourbano.com\\\/revista\\\/wp-content\\\/uploads\\\/web_CU_logo-1.png\",\"width\":350,\"height\":91,\"caption\":\"Centro Urbano\"},\"image\":{\"@id\":\"https:\\\/\\\/centrourbano.com\\\/revista\\\/#\\\/schema\\\/logo\\\/image\\\/\"},\"sameAs\":[\"https:\\\/\\\/www.facebook.com\\\/portalcentrourbano\",\"https:\\\/\\\/x.com\\\/CentroUrbano\",\"https:\\\/\\\/www.instagram.com\\\/centro_urbano\\\/\",\"https:\\\/\\\/www.linkedin.com\\\/company\\\/centro-urbano\\\/\",\"http:\\\/\\\/www.youtube.com\\\/user\\\/portalcentrourbano\"]},{\"@type\":\"Person\",\"@id\":\"https:\\\/\\\/centrourbano.com\\\/revista\\\/#\\\/schema\\\/person\\\/26c0ab2d8952e32eb17ccf62f8e88ce6\",\"name\":\"BlogCU 2022\",\"image\":{\"@type\":\"ImageObject\",\"inLanguage\":\"es\",\"@id\":\"https:\\\/\\\/secure.gravatar.com\\\/avatar\\\/5ec2975f6d4b1643c723f08ef135c488131c64cba4524740d438f2e04dbeacdc?s=96&d=mm&r=g\",\"url\":\"https:\\\/\\\/secure.gravatar.com\\\/avatar\\\/5ec2975f6d4b1643c723f08ef135c488131c64cba4524740d438f2e04dbeacdc?s=96&d=mm&r=g\",\"contentUrl\":\"https:\\\/\\\/secure.gravatar.com\\\/avatar\\\/5ec2975f6d4b1643c723f08ef135c488131c64cba4524740d438f2e04dbeacdc?s=96&d=mm&r=g\",\"caption\":\"BlogCU 2022\"},\"url\":\"https:\\\/\\\/centrourbano.com\\\/revista\\\/author\\\/BlogCU 2022\\\/\"}]}<\/script>\n<!-- \/ Yoast SEO plugin. -->","yoast_head_json":{"title":"Mejoramiento Integral de Barrios -","description":"El tratamiento de mejoramiento integral de barrios es la estrategia de facilitaci\u00f3n para los asentamientos, es una respuesta municipal a la ciudad construida desde abajo mediante el acompa\u00f1amiento a la formaci\u00f3n de barrios populares que a\u00fan caracteriza las ciudades latinoamericanas.","robots":{"index":"index","follow":"follow","max-snippet":"max-snippet:-1","max-image-preview":"max-image-preview:large","max-video-preview":"max-video-preview:-1"},"canonical":"https:\/\/centrourbano.com\/revista\/opinion\/blog-de-urbanismo\/mejoramiento-integral-de-barrios\/","og_locale":"es_ES","og_type":"article","og_title":"Mejoramiento Integral de Barrios -","og_description":"El tratamiento de mejoramiento integral de barrios es la estrategia de facilitaci\u00f3n para los asentamientos, es una respuesta municipal a la ciudad construida desde abajo mediante el acompa\u00f1amiento a la formaci\u00f3n de barrios populares que a\u00fan caracteriza las ciudades latinoamericanas.","og_url":"https:\/\/centrourbano.com\/revista\/opinion\/blog-de-urbanismo\/mejoramiento-integral-de-barrios\/","og_site_name":"Centro Urbano","article_publisher":"https:\/\/www.facebook.com\/portalcentrourbano","article_published_time":"2016-06-01T23:07:40+00:00","article_modified_time":"2016-06-01T23:12:41+00:00","og_image":[{"width":398,"height":342,"url":"https:\/\/centrourbano.com\/revista\/wp-content\/uploads\/CAMC_2.png","type":"image\/png"}],"author":"BlogCU 2022","twitter_card":"summary_large_image","twitter_creator":"@CentroUrbano","twitter_site":"@CentroUrbano","twitter_misc":{"Escrito por":"BlogCU 2022","Tiempo de lectura":"4 minutos"},"schema":{"@context":"https:\/\/schema.org","@graph":[{"@type":"Article","@id":"https:\/\/centrourbano.com\/revista\/opinion\/blog-de-urbanismo\/mejoramiento-integral-de-barrios\/#article","isPartOf":{"@id":"https:\/\/centrourbano.com\/revista\/opinion\/blog-de-urbanismo\/mejoramiento-integral-de-barrios\/"},"author":{"name":"BlogCU 2022","@id":"https:\/\/centrourbano.com\/revista\/#\/schema\/person\/26c0ab2d8952e32eb17ccf62f8e88ce6"},"headline":"Mejoramiento Integral de Barrios","datePublished":"2016-06-01T23:07:40+00:00","dateModified":"2016-06-01T23:12:41+00:00","mainEntityOfPage":{"@id":"https:\/\/centrourbano.com\/revista\/opinion\/blog-de-urbanismo\/mejoramiento-integral-de-barrios\/"},"wordCount":777,"commentCount":0,"publisher":{"@id":"https:\/\/centrourbano.com\/revista\/#organization"},"image":{"@id":"https:\/\/centrourbano.com\/revista\/opinion\/blog-de-urbanismo\/mejoramiento-integral-de-barrios\/#primaryimage"},"thumbnailUrl":"https:\/\/centrourbano.com\/revista\/wp-content\/uploads\/CAMC_2.png","articleSection":["Hablemos de Urbanismo"],"inLanguage":"es","potentialAction":[{"@type":"CommentAction","name":"Comment","target":["https:\/\/centrourbano.com\/revista\/opinion\/blog-de-urbanismo\/mejoramiento-integral-de-barrios\/#respond"]}]},{"@type":"WebPage","@id":"https:\/\/centrourbano.com\/revista\/opinion\/blog-de-urbanismo\/mejoramiento-integral-de-barrios\/","url":"https:\/\/centrourbano.com\/revista\/opinion\/blog-de-urbanismo\/mejoramiento-integral-de-barrios\/","name":"Mejoramiento Integral de Barrios -","isPartOf":{"@id":"https:\/\/centrourbano.com\/revista\/#website"},"primaryImageOfPage":{"@id":"https:\/\/centrourbano.com\/revista\/opinion\/blog-de-urbanismo\/mejoramiento-integral-de-barrios\/#primaryimage"},"image":{"@id":"https:\/\/centrourbano.com\/revista\/opinion\/blog-de-urbanismo\/mejoramiento-integral-de-barrios\/#primaryimage"},"thumbnailUrl":"https:\/\/centrourbano.com\/revista\/wp-content\/uploads\/CAMC_2.png","datePublished":"2016-06-01T23:07:40+00:00","dateModified":"2016-06-01T23:12:41+00:00","description":"El tratamiento de mejoramiento integral de barrios es la estrategia de facilitaci\u00f3n para los asentamientos, es una respuesta municipal a la ciudad construida desde abajo mediante el acompa\u00f1amiento a la formaci\u00f3n de barrios populares que a\u00fan caracteriza las ciudades latinoamericanas.","breadcrumb":{"@id":"https:\/\/centrourbano.com\/revista\/opinion\/blog-de-urbanismo\/mejoramiento-integral-de-barrios\/#breadcrumb"},"inLanguage":"es","potentialAction":[{"@type":"ReadAction","target":["https:\/\/centrourbano.com\/revista\/opinion\/blog-de-urbanismo\/mejoramiento-integral-de-barrios\/"]}]},{"@type":"ImageObject","inLanguage":"es","@id":"https:\/\/centrourbano.com\/revista\/opinion\/blog-de-urbanismo\/mejoramiento-integral-de-barrios\/#primaryimage","url":"https:\/\/centrourbano.com\/revista\/wp-content\/uploads\/CAMC_2.png","contentUrl":"https:\/\/centrourbano.com\/revista\/wp-content\/uploads\/CAMC_2.png","width":398,"height":342},{"@type":"BreadcrumbList","@id":"https:\/\/centrourbano.com\/revista\/opinion\/blog-de-urbanismo\/mejoramiento-integral-de-barrios\/#breadcrumb","itemListElement":[{"@type":"ListItem","position":1,"name":"Portada","item":"https:\/\/centrourbano.com\/revista\/"},{"@type":"ListItem","position":2,"name":"Mejoramiento Integral de Barrios"}]},{"@type":"WebSite","@id":"https:\/\/centrourbano.com\/revista\/#website","url":"https:\/\/centrourbano.com\/revista\/","name":"Centro Urbano","description":"Medio especializado en los sectores vivienda, inmobiliario, construcci\u00f3n, arquitectura y urbanismo.","publisher":{"@id":"https:\/\/centrourbano.com\/revista\/#organization"},"potentialAction":[{"@type":"SearchAction","target":{"@type":"EntryPoint","urlTemplate":"https:\/\/centrourbano.com\/revista\/?s={search_term_string}"},"query-input":{"@type":"PropertyValueSpecification","valueRequired":true,"valueName":"search_term_string"}}],"inLanguage":"es"},{"@type":"Organization","@id":"https:\/\/centrourbano.com\/revista\/#organization","name":"Centro Urbano","url":"https:\/\/centrourbano.com\/revista\/","logo":{"@type":"ImageObject","inLanguage":"es","@id":"https:\/\/centrourbano.com\/revista\/#\/schema\/logo\/image\/","url":"https:\/\/centrourbano.com\/revista\/wp-content\/uploads\/web_CU_logo-1.png","contentUrl":"https:\/\/centrourbano.com\/revista\/wp-content\/uploads\/web_CU_logo-1.png","width":350,"height":91,"caption":"Centro Urbano"},"image":{"@id":"https:\/\/centrourbano.com\/revista\/#\/schema\/logo\/image\/"},"sameAs":["https:\/\/www.facebook.com\/portalcentrourbano","https:\/\/x.com\/CentroUrbano","https:\/\/www.instagram.com\/centro_urbano\/","https:\/\/www.linkedin.com\/company\/centro-urbano\/","http:\/\/www.youtube.com\/user\/portalcentrourbano"]},{"@type":"Person","@id":"https:\/\/centrourbano.com\/revista\/#\/schema\/person\/26c0ab2d8952e32eb17ccf62f8e88ce6","name":"BlogCU 2022","image":{"@type":"ImageObject","inLanguage":"es","@id":"https:\/\/secure.gravatar.com\/avatar\/5ec2975f6d4b1643c723f08ef135c488131c64cba4524740d438f2e04dbeacdc?s=96&d=mm&r=g","url":"https:\/\/secure.gravatar.com\/avatar\/5ec2975f6d4b1643c723f08ef135c488131c64cba4524740d438f2e04dbeacdc?s=96&d=mm&r=g","contentUrl":"https:\/\/secure.gravatar.com\/avatar\/5ec2975f6d4b1643c723f08ef135c488131c64cba4524740d438f2e04dbeacdc?s=96&d=mm&r=g","caption":"BlogCU 2022"},"url":"https:\/\/centrourbano.com\/revista\/author\/BlogCU 2022\/"}]}},"_links":{"self":[{"href":"https:\/\/centrourbano.com\/revista\/wp-json\/wp\/v2\/posts\/35380","targetHints":{"allow":["GET"]}}],"collection":[{"href":"https:\/\/centrourbano.com\/revista\/wp-json\/wp\/v2\/posts"}],"about":[{"href":"https:\/\/centrourbano.com\/revista\/wp-json\/wp\/v2\/types\/post"}],"author":[{"embeddable":true,"href":"https:\/\/centrourbano.com\/revista\/wp-json\/wp\/v2\/users\/1"}],"replies":[{"embeddable":true,"href":"https:\/\/centrourbano.com\/revista\/wp-json\/wp\/v2\/comments?post=35380"}],"version-history":[{"count":0,"href":"https:\/\/centrourbano.com\/revista\/wp-json\/wp\/v2\/posts\/35380\/revisions"}],"wp:featuredmedia":[{"embeddable":true,"href":"https:\/\/centrourbano.com\/revista\/wp-json\/wp\/v2\/media\/35386"}],"wp:attachment":[{"href":"https:\/\/centrourbano.com\/revista\/wp-json\/wp\/v2\/media?parent=35380"}],"wp:term":[{"taxonomy":"category","embeddable":true,"href":"https:\/\/centrourbano.com\/revista\/wp-json\/wp\/v2\/categories?post=35380"},{"taxonomy":"post_tag","embeddable":true,"href":"https:\/\/centrourbano.com\/revista\/wp-json\/wp\/v2\/tags?post=35380"}],"curies":[{"name":"wp","href":"https:\/\/api.w.org\/{rel}","templated":true}]}}