{"id":35215,"date":"2016-05-30T10:47:58","date_gmt":"2016-05-30T15:47:58","guid":{"rendered":"https:\/\/centrourbano.com\/?p=35215"},"modified":"2016-05-30T10:47:58","modified_gmt":"2016-05-30T15:47:58","slug":"envuelve-arquitectura-la-feria-las-culturas-amigas-2016","status":"publish","type":"post","link":"https:\/\/centrourbano.com\/revista\/arquitectura-2\/envuelve-arquitectura-la-feria-las-culturas-amigas-2016\/","title":{"rendered":"Envuelve arquitectura a la Feria de las Culturas Amigas 2016"},"content":{"rendered":"<p><em>El proyecto arquitect\u00f3nico delinea dos circunferencias que albergan 100 stands de 25 m\u00b2, con frentes a la plaza del Z\u00f3calo y al interior del pasaje cultural con doble altura<br \/>\n<\/em><!--more--><\/p>\n<p>La pluralidad de los distintos pa\u00edses unidos en un mismo espacio arquitect\u00f3nico, es tan solo una de las particularidades que envuelve al Pabell\u00f3n donde, desde el pasado 21 de mayo, se desarrolla la octava edici\u00f3n de la Feria de las Culturas Amigas 2016.<\/p>\n<p>Este proyecto, del despacho Ambrosi Etchegaray, result\u00f3 ganador de la convocatoria para participar en la intervenci\u00f3n arquitect\u00f3nica de este espacio, en donde compiti\u00f3 como finalista con las firmas Dellekamp Arquitectos y EL UMBRAL, de entre un total de 77 portafolios recibidos, que cumpl\u00edan con los requisitos establecidos.<\/p>\n<p>La obra est\u00e1 conformada por un m\u00f3dulo tipo, el cual en su repetici\u00f3n delinea dos circunferencias que albergan 100 stands con caracter\u00edsticas similares, de 25 m\u00b2, y con frentes a la plaza del Z\u00f3calo y al interior del pasaje cultural con doble altura.<\/p>\n<p>Seg\u00fan explica la firma de arquitectura, el sistema estructural es a base de andamios, en donde los \u00fanicos m\u00f3dulos distintos son los que corresponden a los ajustes. <\/p>\n<p>El pabell\u00f3n de la Ciudad de M\u00e9xico se encuentra al centro del proyecto, el cual sugiere un espacio de m\u00faltiples usos, con foros, andadores elevados, espacios de sombra y un gran mezzanine que circunda la feria desde la doble altura. <\/p>\n<p>La composici\u00f3n geom\u00e9trica del proyecto de Ambrosi Etchegaray es s\u00edmbolo de unidad, resultado de una estructura ligera que representa la pluralidad de los distintos pa\u00edses en un solo gesto y una sola materialidad que en conjunto tienen diversos significados.<\/p>\n<p>La forma radial permite que el recorrido sea continuo y a la vez l\u00fadico, invitando a los transe\u00fantes salir y entrar del lugar, logrando que la Feria de las Culturas Amigas pueda acoger y recibir a los distintos pa\u00edses e invitados.<\/p>\n<p>Este pabell\u00f3n dota de una visi\u00f3n de sustentabilidad y eficiencia, e incide en el mejoramiento de la infraestructura, operaci\u00f3n y calidad de los servicios de la Feria, garantizando el respeto y la optimizaci\u00f3n del espacio p\u00fablico utilizado para albergar este importante evento, facilitando el acceso a la movilidad y seguridad de los visitantes.<\/p>\n<p>La Feria de las Culturas Amigas, disponible hasta el pr\u00f3ximo 5 de junio, realiza m\u00e1s de 200 actividades art\u00edsticas y culturales con la participaci\u00f3n de m\u00e1s de 90 pa\u00edses. <\/p>\n","protected":false},"excerpt":{"rendered":"<p>El proyecto arquitect\u00f3nico delinea dos circunferencias que albergan 100 stands de 25 m\u00b2, con frentes a la plaza del Z\u00f3calo y al interior del pasaje cultural con doble altura<\/p>\n","protected":false},"author":9,"featured_media":35216,"comment_status":"open","ping_status":"closed","sticky":false,"template":"","format":"standard","meta":{"om_disable_all_campaigns":false,"inline_featured_image":false,"_monsterinsights_skip_tracking":false,"_monsterinsights_sitenote_active":false,"_monsterinsights_sitenote_note":"","_monsterinsights_sitenote_category":0,"footnotes":""},"categories":[81],"tags":[4435,20,7782,5089,7563],"class_list":["post-35215","post","type-post","status-publish","format-standard","has-post-thumbnail","hentry","category-arquitectura-2","tag-ambrosi-etchegaray","tag-arquitectura","tag-fca-2016","tag-feria-de-las-culturas-amigas","tag-proyecto-arquitectonico"],"yoast_head":"<!-- This site is optimized with the Yoast SEO plugin v27.5 - https:\/\/yoast.com\/product\/yoast-seo-wordpress\/ -->\n<title>Envuelve arquitectura a la Feria de las Culturas Amigas 2016<\/title>\n<meta name=\"description\" content=\"El proyecto arquitect\u00f3nico delinea dos circunferencias que albergan 100 stands de 25 m\u00b2, con frentes a la plaza del Z\u00f3calo y al interior del pasaje cultural con doble altura\" \/>\n<meta name=\"robots\" content=\"index, follow, max-snippet:-1, max-image-preview:large, max-video-preview:-1\" \/>\n<link rel=\"canonical\" href=\"https:\/\/centrourbano.com\/revista\/arquitectura-2\/envuelve-arquitectura-la-feria-las-culturas-amigas-2016\/\" \/>\n<meta property=\"og:locale\" content=\"es_ES\" \/>\n<meta property=\"og:type\" content=\"article\" \/>\n<meta property=\"og:title\" content=\"Envuelve arquitectura a la Feria de las Culturas Amigas 2016\" \/>\n<meta property=\"og:description\" content=\"El proyecto arquitect\u00f3nico delinea dos circunferencias que albergan 100 stands de 25 m\u00b2, con frentes a la plaza del Z\u00f3calo y al interior del pasaje cultural con doble altura\" \/>\n<meta property=\"og:url\" content=\"https:\/\/centrourbano.com\/revista\/arquitectura-2\/envuelve-arquitectura-la-feria-las-culturas-amigas-2016\/\" \/>\n<meta property=\"og:site_name\" content=\"Centro Urbano\" \/>\n<meta property=\"article:publisher\" content=\"https:\/\/www.facebook.com\/portalcentrourbano\" \/>\n<meta property=\"article:published_time\" content=\"2016-05-30T15:47:58+00:00\" \/>\n<meta property=\"og:image\" content=\"https:\/\/centrourbano.com\/revista\/wp-content\/uploads\/Pabell\u00f3n-Feria-de-las-Culturas-Amigas-2016-2.jpg\" \/>\n\t<meta property=\"og:image:width\" content=\"1200\" \/>\n\t<meta property=\"og:image:height\" content=\"599\" \/>\n\t<meta property=\"og:image:type\" content=\"image\/jpeg\" \/>\n<meta name=\"author\" content=\"Dinorah Nava\" \/>\n<meta name=\"twitter:card\" content=\"summary_large_image\" \/>\n<meta name=\"twitter:creator\" content=\"@https:\/\/twitter.com\/Dinorah_Nava28\" \/>\n<meta name=\"twitter:site\" content=\"@CentroUrbano\" \/>\n<meta name=\"twitter:label1\" content=\"Escrito por\" \/>\n\t<meta name=\"twitter:data1\" content=\"Dinorah Nava\" \/>\n\t<meta name=\"twitter:label2\" content=\"Tiempo de lectura\" \/>\n\t<meta name=\"twitter:data2\" content=\"2 minutos\" \/>\n<script type=\"application\/ld+json\" class=\"yoast-schema-graph\">{\"@context\":\"https:\\\/\\\/schema.org\",\"@graph\":[{\"@type\":\"Article\",\"@id\":\"https:\\\/\\\/centrourbano.com\\\/revista\\\/arquitectura-2\\\/envuelve-arquitectura-la-feria-las-culturas-amigas-2016\\\/#article\",\"isPartOf\":{\"@id\":\"https:\\\/\\\/centrourbano.com\\\/revista\\\/arquitectura-2\\\/envuelve-arquitectura-la-feria-las-culturas-amigas-2016\\\/\"},\"author\":{\"name\":\"Dinorah Nava\",\"@id\":\"https:\\\/\\\/centrourbano.com\\\/revista\\\/#\\\/schema\\\/person\\\/baa9e569588d5544150642a11ad28b8b\"},\"headline\":\"Envuelve arquitectura a la Feria de las Culturas Amigas 2016\",\"datePublished\":\"2016-05-30T15:47:58+00:00\",\"mainEntityOfPage\":{\"@id\":\"https:\\\/\\\/centrourbano.com\\\/revista\\\/arquitectura-2\\\/envuelve-arquitectura-la-feria-las-culturas-amigas-2016\\\/\"},\"wordCount\":426,\"commentCount\":0,\"publisher\":{\"@id\":\"https:\\\/\\\/centrourbano.com\\\/revista\\\/#organization\"},\"image\":{\"@id\":\"https:\\\/\\\/centrourbano.com\\\/revista\\\/arquitectura-2\\\/envuelve-arquitectura-la-feria-las-culturas-amigas-2016\\\/#primaryimage\"},\"thumbnailUrl\":\"https:\\\/\\\/centrourbano.com\\\/revista\\\/wp-content\\\/uploads\\\/Pabell\u00f3n-Feria-de-las-Culturas-Amigas-2016-2.jpg\",\"keywords\":[\"Ambrosi- Etchegaray\",\"arquitectura\",\"FCA 2016\",\"Feria de las Culturas Amigas\",\"proyecto arquitect\u00f3nico\"],\"articleSection\":[\"Arquitectura\"],\"inLanguage\":\"es\",\"potentialAction\":[{\"@type\":\"CommentAction\",\"name\":\"Comment\",\"target\":[\"https:\\\/\\\/centrourbano.com\\\/revista\\\/arquitectura-2\\\/envuelve-arquitectura-la-feria-las-culturas-amigas-2016\\\/#respond\"]}]},{\"@type\":\"WebPage\",\"@id\":\"https:\\\/\\\/centrourbano.com\\\/revista\\\/arquitectura-2\\\/envuelve-arquitectura-la-feria-las-culturas-amigas-2016\\\/\",\"url\":\"https:\\\/\\\/centrourbano.com\\\/revista\\\/arquitectura-2\\\/envuelve-arquitectura-la-feria-las-culturas-amigas-2016\\\/\",\"name\":\"Envuelve arquitectura a la Feria de las Culturas Amigas 2016\",\"isPartOf\":{\"@id\":\"https:\\\/\\\/centrourbano.com\\\/revista\\\/#website\"},\"primaryImageOfPage\":{\"@id\":\"https:\\\/\\\/centrourbano.com\\\/revista\\\/arquitectura-2\\\/envuelve-arquitectura-la-feria-las-culturas-amigas-2016\\\/#primaryimage\"},\"image\":{\"@id\":\"https:\\\/\\\/centrourbano.com\\\/revista\\\/arquitectura-2\\\/envuelve-arquitectura-la-feria-las-culturas-amigas-2016\\\/#primaryimage\"},\"thumbnailUrl\":\"https:\\\/\\\/centrourbano.com\\\/revista\\\/wp-content\\\/uploads\\\/Pabell\u00f3n-Feria-de-las-Culturas-Amigas-2016-2.jpg\",\"datePublished\":\"2016-05-30T15:47:58+00:00\",\"description\":\"El proyecto arquitect\u00f3nico delinea dos circunferencias que albergan 100 stands de 25 m\u00b2, con frentes a la plaza del Z\u00f3calo y al interior del pasaje cultural con doble altura\",\"breadcrumb\":{\"@id\":\"https:\\\/\\\/centrourbano.com\\\/revista\\\/arquitectura-2\\\/envuelve-arquitectura-la-feria-las-culturas-amigas-2016\\\/#breadcrumb\"},\"inLanguage\":\"es\",\"potentialAction\":[{\"@type\":\"ReadAction\",\"target\":[\"https:\\\/\\\/centrourbano.com\\\/revista\\\/arquitectura-2\\\/envuelve-arquitectura-la-feria-las-culturas-amigas-2016\\\/\"]}]},{\"@type\":\"ImageObject\",\"inLanguage\":\"es\",\"@id\":\"https:\\\/\\\/centrourbano.com\\\/revista\\\/arquitectura-2\\\/envuelve-arquitectura-la-feria-las-culturas-amigas-2016\\\/#primaryimage\",\"url\":\"https:\\\/\\\/centrourbano.com\\\/revista\\\/wp-content\\\/uploads\\\/Pabell\u00f3n-Feria-de-las-Culturas-Amigas-2016-2.jpg\",\"contentUrl\":\"https:\\\/\\\/centrourbano.com\\\/revista\\\/wp-content\\\/uploads\\\/Pabell\u00f3n-Feria-de-las-Culturas-Amigas-2016-2.jpg\",\"width\":1200,\"height\":599,\"caption\":\"El proyecto arquitect\u00f3nico delinea dos circunferencias que albergan 100 stands de 25 m\u00b2, con frentes a la plaza del Z\u00f3calo y al interior del pasaje cultural con doble altura\"},{\"@type\":\"BreadcrumbList\",\"@id\":\"https:\\\/\\\/centrourbano.com\\\/revista\\\/arquitectura-2\\\/envuelve-arquitectura-la-feria-las-culturas-amigas-2016\\\/#breadcrumb\",\"itemListElement\":[{\"@type\":\"ListItem\",\"position\":1,\"name\":\"Portada\",\"item\":\"https:\\\/\\\/centrourbano.com\\\/revista\\\/\"},{\"@type\":\"ListItem\",\"position\":2,\"name\":\"Envuelve arquitectura a la Feria de las Culturas Amigas 2016\"}]},{\"@type\":\"WebSite\",\"@id\":\"https:\\\/\\\/centrourbano.com\\\/revista\\\/#website\",\"url\":\"https:\\\/\\\/centrourbano.com\\\/revista\\\/\",\"name\":\"Centro Urbano\",\"description\":\"Medio especializado en los sectores vivienda, inmobiliario, construcci\u00f3n, arquitectura y urbanismo.\",\"publisher\":{\"@id\":\"https:\\\/\\\/centrourbano.com\\\/revista\\\/#organization\"},\"potentialAction\":[{\"@type\":\"SearchAction\",\"target\":{\"@type\":\"EntryPoint\",\"urlTemplate\":\"https:\\\/\\\/centrourbano.com\\\/revista\\\/?s={search_term_string}\"},\"query-input\":{\"@type\":\"PropertyValueSpecification\",\"valueRequired\":true,\"valueName\":\"search_term_string\"}}],\"inLanguage\":\"es\"},{\"@type\":\"Organization\",\"@id\":\"https:\\\/\\\/centrourbano.com\\\/revista\\\/#organization\",\"name\":\"Centro Urbano\",\"url\":\"https:\\\/\\\/centrourbano.com\\\/revista\\\/\",\"logo\":{\"@type\":\"ImageObject\",\"inLanguage\":\"es\",\"@id\":\"https:\\\/\\\/centrourbano.com\\\/revista\\\/#\\\/schema\\\/logo\\\/image\\\/\",\"url\":\"https:\\\/\\\/centrourbano.com\\\/revista\\\/wp-content\\\/uploads\\\/web_CU_logo-1.png\",\"contentUrl\":\"https:\\\/\\\/centrourbano.com\\\/revista\\\/wp-content\\\/uploads\\\/web_CU_logo-1.png\",\"width\":350,\"height\":91,\"caption\":\"Centro Urbano\"},\"image\":{\"@id\":\"https:\\\/\\\/centrourbano.com\\\/revista\\\/#\\\/schema\\\/logo\\\/image\\\/\"},\"sameAs\":[\"https:\\\/\\\/www.facebook.com\\\/portalcentrourbano\",\"https:\\\/\\\/x.com\\\/CentroUrbano\",\"https:\\\/\\\/www.instagram.com\\\/centro_urbano\\\/\",\"https:\\\/\\\/www.linkedin.com\\\/company\\\/centro-urbano\\\/\",\"http:\\\/\\\/www.youtube.com\\\/user\\\/portalcentrourbano\"]},{\"@type\":\"Person\",\"@id\":\"https:\\\/\\\/centrourbano.com\\\/revista\\\/#\\\/schema\\\/person\\\/baa9e569588d5544150642a11ad28b8b\",\"name\":\"Dinorah Nava\",\"image\":{\"@type\":\"ImageObject\",\"inLanguage\":\"es\",\"@id\":\"https:\\\/\\\/secure.gravatar.com\\\/avatar\\\/f6ca6430c51d147f363940f84e1225aa4b8183885c11802cc3b042305a4ecc1a?s=96&d=mm&r=g\",\"url\":\"https:\\\/\\\/secure.gravatar.com\\\/avatar\\\/f6ca6430c51d147f363940f84e1225aa4b8183885c11802cc3b042305a4ecc1a?s=96&d=mm&r=g\",\"contentUrl\":\"https:\\\/\\\/secure.gravatar.com\\\/avatar\\\/f6ca6430c51d147f363940f84e1225aa4b8183885c11802cc3b042305a4ecc1a?s=96&d=mm&r=g\",\"caption\":\"Dinorah Nava\"},\"description\":\"Editora de Contenidos y Estrategias Digitales en Centro Urbano y Coeditora en Peri\u00f3dico Mi Casa. Egresada de la licenciatura en Comunicaci\u00f3n y Periodismo de la Facultad de Estudios Superiores Arag\u00f3n (UNAM). Amante de la edici\u00f3n y correcci\u00f3n de estilo, las redes sociales y el mundo digital. Especialista en temas son arquitectura, inmobiliario y urbanismo.\",\"sameAs\":[\"linkedin.com\\\/in\\\/dinorah-nava\",\"https:\\\/\\\/x.com\\\/https:\\\/\\\/twitter.com\\\/Dinorah_Nava28\"],\"url\":\"https:\\\/\\\/centrourbano.com\\\/revista\\\/author\\\/dinorah-nava\\\/\"}]}<\/script>\n<!-- \/ Yoast SEO plugin. -->","yoast_head_json":{"title":"Envuelve arquitectura a la Feria de las Culturas Amigas 2016","description":"El proyecto arquitect\u00f3nico delinea dos circunferencias que albergan 100 stands de 25 m\u00b2, con frentes a la plaza del Z\u00f3calo y al interior del pasaje cultural con doble altura","robots":{"index":"index","follow":"follow","max-snippet":"max-snippet:-1","max-image-preview":"max-image-preview:large","max-video-preview":"max-video-preview:-1"},"canonical":"https:\/\/centrourbano.com\/revista\/arquitectura-2\/envuelve-arquitectura-la-feria-las-culturas-amigas-2016\/","og_locale":"es_ES","og_type":"article","og_title":"Envuelve arquitectura a la Feria de las Culturas Amigas 2016","og_description":"El proyecto arquitect\u00f3nico delinea dos circunferencias que albergan 100 stands de 25 m\u00b2, con frentes a la plaza del Z\u00f3calo y al interior del pasaje cultural con doble altura","og_url":"https:\/\/centrourbano.com\/revista\/arquitectura-2\/envuelve-arquitectura-la-feria-las-culturas-amigas-2016\/","og_site_name":"Centro Urbano","article_publisher":"https:\/\/www.facebook.com\/portalcentrourbano","article_published_time":"2016-05-30T15:47:58+00:00","og_image":[{"width":1200,"height":599,"url":"https:\/\/centrourbano.com\/revista\/wp-content\/uploads\/Pabell\u00f3n-Feria-de-las-Culturas-Amigas-2016-2.jpg","type":"image\/jpeg"}],"author":"Dinorah Nava","twitter_card":"summary_large_image","twitter_creator":"@https:\/\/twitter.com\/Dinorah_Nava28","twitter_site":"@CentroUrbano","twitter_misc":{"Escrito por":"Dinorah Nava","Tiempo de lectura":"2 minutos"},"schema":{"@context":"https:\/\/schema.org","@graph":[{"@type":"Article","@id":"https:\/\/centrourbano.com\/revista\/arquitectura-2\/envuelve-arquitectura-la-feria-las-culturas-amigas-2016\/#article","isPartOf":{"@id":"https:\/\/centrourbano.com\/revista\/arquitectura-2\/envuelve-arquitectura-la-feria-las-culturas-amigas-2016\/"},"author":{"name":"Dinorah Nava","@id":"https:\/\/centrourbano.com\/revista\/#\/schema\/person\/baa9e569588d5544150642a11ad28b8b"},"headline":"Envuelve arquitectura a la Feria de las Culturas Amigas 2016","datePublished":"2016-05-30T15:47:58+00:00","mainEntityOfPage":{"@id":"https:\/\/centrourbano.com\/revista\/arquitectura-2\/envuelve-arquitectura-la-feria-las-culturas-amigas-2016\/"},"wordCount":426,"commentCount":0,"publisher":{"@id":"https:\/\/centrourbano.com\/revista\/#organization"},"image":{"@id":"https:\/\/centrourbano.com\/revista\/arquitectura-2\/envuelve-arquitectura-la-feria-las-culturas-amigas-2016\/#primaryimage"},"thumbnailUrl":"https:\/\/centrourbano.com\/revista\/wp-content\/uploads\/Pabell\u00f3n-Feria-de-las-Culturas-Amigas-2016-2.jpg","keywords":["Ambrosi- Etchegaray","arquitectura","FCA 2016","Feria de las Culturas Amigas","proyecto arquitect\u00f3nico"],"articleSection":["Arquitectura"],"inLanguage":"es","potentialAction":[{"@type":"CommentAction","name":"Comment","target":["https:\/\/centrourbano.com\/revista\/arquitectura-2\/envuelve-arquitectura-la-feria-las-culturas-amigas-2016\/#respond"]}]},{"@type":"WebPage","@id":"https:\/\/centrourbano.com\/revista\/arquitectura-2\/envuelve-arquitectura-la-feria-las-culturas-amigas-2016\/","url":"https:\/\/centrourbano.com\/revista\/arquitectura-2\/envuelve-arquitectura-la-feria-las-culturas-amigas-2016\/","name":"Envuelve arquitectura a la Feria de las Culturas Amigas 2016","isPartOf":{"@id":"https:\/\/centrourbano.com\/revista\/#website"},"primaryImageOfPage":{"@id":"https:\/\/centrourbano.com\/revista\/arquitectura-2\/envuelve-arquitectura-la-feria-las-culturas-amigas-2016\/#primaryimage"},"image":{"@id":"https:\/\/centrourbano.com\/revista\/arquitectura-2\/envuelve-arquitectura-la-feria-las-culturas-amigas-2016\/#primaryimage"},"thumbnailUrl":"https:\/\/centrourbano.com\/revista\/wp-content\/uploads\/Pabell\u00f3n-Feria-de-las-Culturas-Amigas-2016-2.jpg","datePublished":"2016-05-30T15:47:58+00:00","description":"El proyecto arquitect\u00f3nico delinea dos circunferencias que albergan 100 stands de 25 m\u00b2, con frentes a la plaza del Z\u00f3calo y al interior del pasaje cultural con doble altura","breadcrumb":{"@id":"https:\/\/centrourbano.com\/revista\/arquitectura-2\/envuelve-arquitectura-la-feria-las-culturas-amigas-2016\/#breadcrumb"},"inLanguage":"es","potentialAction":[{"@type":"ReadAction","target":["https:\/\/centrourbano.com\/revista\/arquitectura-2\/envuelve-arquitectura-la-feria-las-culturas-amigas-2016\/"]}]},{"@type":"ImageObject","inLanguage":"es","@id":"https:\/\/centrourbano.com\/revista\/arquitectura-2\/envuelve-arquitectura-la-feria-las-culturas-amigas-2016\/#primaryimage","url":"https:\/\/centrourbano.com\/revista\/wp-content\/uploads\/Pabell\u00f3n-Feria-de-las-Culturas-Amigas-2016-2.jpg","contentUrl":"https:\/\/centrourbano.com\/revista\/wp-content\/uploads\/Pabell\u00f3n-Feria-de-las-Culturas-Amigas-2016-2.jpg","width":1200,"height":599,"caption":"El proyecto arquitect\u00f3nico delinea dos circunferencias que albergan 100 stands de 25 m\u00b2, con frentes a la plaza del Z\u00f3calo y al interior del pasaje cultural con doble altura"},{"@type":"BreadcrumbList","@id":"https:\/\/centrourbano.com\/revista\/arquitectura-2\/envuelve-arquitectura-la-feria-las-culturas-amigas-2016\/#breadcrumb","itemListElement":[{"@type":"ListItem","position":1,"name":"Portada","item":"https:\/\/centrourbano.com\/revista\/"},{"@type":"ListItem","position":2,"name":"Envuelve arquitectura a la Feria de las Culturas Amigas 2016"}]},{"@type":"WebSite","@id":"https:\/\/centrourbano.com\/revista\/#website","url":"https:\/\/centrourbano.com\/revista\/","name":"Centro Urbano","description":"Medio especializado en los sectores vivienda, inmobiliario, construcci\u00f3n, arquitectura y urbanismo.","publisher":{"@id":"https:\/\/centrourbano.com\/revista\/#organization"},"potentialAction":[{"@type":"SearchAction","target":{"@type":"EntryPoint","urlTemplate":"https:\/\/centrourbano.com\/revista\/?s={search_term_string}"},"query-input":{"@type":"PropertyValueSpecification","valueRequired":true,"valueName":"search_term_string"}}],"inLanguage":"es"},{"@type":"Organization","@id":"https:\/\/centrourbano.com\/revista\/#organization","name":"Centro Urbano","url":"https:\/\/centrourbano.com\/revista\/","logo":{"@type":"ImageObject","inLanguage":"es","@id":"https:\/\/centrourbano.com\/revista\/#\/schema\/logo\/image\/","url":"https:\/\/centrourbano.com\/revista\/wp-content\/uploads\/web_CU_logo-1.png","contentUrl":"https:\/\/centrourbano.com\/revista\/wp-content\/uploads\/web_CU_logo-1.png","width":350,"height":91,"caption":"Centro Urbano"},"image":{"@id":"https:\/\/centrourbano.com\/revista\/#\/schema\/logo\/image\/"},"sameAs":["https:\/\/www.facebook.com\/portalcentrourbano","https:\/\/x.com\/CentroUrbano","https:\/\/www.instagram.com\/centro_urbano\/","https:\/\/www.linkedin.com\/company\/centro-urbano\/","http:\/\/www.youtube.com\/user\/portalcentrourbano"]},{"@type":"Person","@id":"https:\/\/centrourbano.com\/revista\/#\/schema\/person\/baa9e569588d5544150642a11ad28b8b","name":"Dinorah Nava","image":{"@type":"ImageObject","inLanguage":"es","@id":"https:\/\/secure.gravatar.com\/avatar\/f6ca6430c51d147f363940f84e1225aa4b8183885c11802cc3b042305a4ecc1a?s=96&d=mm&r=g","url":"https:\/\/secure.gravatar.com\/avatar\/f6ca6430c51d147f363940f84e1225aa4b8183885c11802cc3b042305a4ecc1a?s=96&d=mm&r=g","contentUrl":"https:\/\/secure.gravatar.com\/avatar\/f6ca6430c51d147f363940f84e1225aa4b8183885c11802cc3b042305a4ecc1a?s=96&d=mm&r=g","caption":"Dinorah Nava"},"description":"Editora de Contenidos y Estrategias Digitales en Centro Urbano y Coeditora en Peri\u00f3dico Mi Casa. Egresada de la licenciatura en Comunicaci\u00f3n y Periodismo de la Facultad de Estudios Superiores Arag\u00f3n (UNAM). Amante de la edici\u00f3n y correcci\u00f3n de estilo, las redes sociales y el mundo digital. Especialista en temas son arquitectura, inmobiliario y urbanismo.","sameAs":["linkedin.com\/in\/dinorah-nava","https:\/\/x.com\/https:\/\/twitter.com\/Dinorah_Nava28"],"url":"https:\/\/centrourbano.com\/revista\/author\/dinorah-nava\/"}]}},"_links":{"self":[{"href":"https:\/\/centrourbano.com\/revista\/wp-json\/wp\/v2\/posts\/35215","targetHints":{"allow":["GET"]}}],"collection":[{"href":"https:\/\/centrourbano.com\/revista\/wp-json\/wp\/v2\/posts"}],"about":[{"href":"https:\/\/centrourbano.com\/revista\/wp-json\/wp\/v2\/types\/post"}],"author":[{"embeddable":true,"href":"https:\/\/centrourbano.com\/revista\/wp-json\/wp\/v2\/users\/9"}],"replies":[{"embeddable":true,"href":"https:\/\/centrourbano.com\/revista\/wp-json\/wp\/v2\/comments?post=35215"}],"version-history":[{"count":0,"href":"https:\/\/centrourbano.com\/revista\/wp-json\/wp\/v2\/posts\/35215\/revisions"}],"wp:featuredmedia":[{"embeddable":true,"href":"https:\/\/centrourbano.com\/revista\/wp-json\/wp\/v2\/media\/35216"}],"wp:attachment":[{"href":"https:\/\/centrourbano.com\/revista\/wp-json\/wp\/v2\/media?parent=35215"}],"wp:term":[{"taxonomy":"category","embeddable":true,"href":"https:\/\/centrourbano.com\/revista\/wp-json\/wp\/v2\/categories?post=35215"},{"taxonomy":"post_tag","embeddable":true,"href":"https:\/\/centrourbano.com\/revista\/wp-json\/wp\/v2\/tags?post=35215"}],"curies":[{"name":"wp","href":"https:\/\/api.w.org\/{rel}","templated":true}]}}