{"id":34988,"date":"2016-05-24T08:55:39","date_gmt":"2016-05-24T13:55:39","guid":{"rendered":"https:\/\/centrourbano.com\/?p=34988"},"modified":"2016-05-23T17:04:57","modified_gmt":"2016-05-23T22:04:57","slug":"ecocasa-toma-liderazgo-sustentable-al","status":"publish","type":"post","link":"https:\/\/centrourbano.com\/revista\/entrevistas\/ecocasa-toma-liderazgo-sustentable-al\/","title":{"rendered":"EcoCasa toma liderazgo sustentable en AL"},"content":{"rendered":"<p><em>ALIDE cuenta con m\u00e1s de 80 participantes, donde M\u00e9xico destac\u00f3 en temas de desarrollo <\/em><!--more--><\/p>\n<p>La 46\u00aa Reuni\u00f3n Ordinaria Anual de la Asamblea General de la Asociaci\u00f3n Latinoamericana de Instituciones Financieras para el Desarrollo (ALIDE), realizada el 20 de mayo de 2016 en Brasil, otorg\u00f3 el Premios ALIDE VERDE 2016 a la Sociedad Hipotecaria Federal (SHF) en reconocimiento a su aportaci\u00f3n a la sustentabilidad por el Programa EcoCasa durante 2016. <\/p>\n<p>\u201cEsta categor\u00eda busca en las bancas de desarrollo presentar programas donde est\u00e9n desempe\u00f1ando un papel relevante sustentable en su pa\u00eds, con mejoras productivas locales, temas de transformaci\u00f3n del sector, y que sean socialmente justas y sustentables. SHF present\u00f3 un documento extenso sobre los mecanismos de financiamiento y un an\u00e1lisis t\u00e9cnico del Programa EcoCasa en eficiencia energ\u00e9tica con sus beneficios para el pa\u00eds, familia y como empresa\u201d, detall\u00f3 Ernesto Infante Barbosa, Subdirector de Asuntos Multilaterales y Sustentabilidad de SHF en exclusiva para <strong>Centro Urbano<\/strong>. <\/p>\n<p>Explic\u00f3 que desde el a\u00f1o pasado se tuvo un acercamiento con la organizaci\u00f3n internacional dado el \u00e9xito que tuvo el Programa EcoCasa ante financieras internacionales como KfW y el Banco Interamericano de Desarrollo (BID), y que con base en eso tuvieron una participaci\u00f3n m\u00e1s activa con ALIDE, que es el organismo internacional que representa a banca de desarrollo sin fines de lucro en Am\u00e9rica Latina.<\/p>\n<p>\u201cALIDE tiene lazos con KfW (banca de desarrollo alemana); en EU con el Banco Interamericano, y adem\u00e1s hay bancos chinos, canadienses, espa\u00f1oles, suecos, y alguna instituci\u00f3n financiera ruso, pero es un organismo fuerte con m\u00e1s de 80 miembros y desde 2016 somos miembros activos y donde compartimos asistencia t\u00e9cnica y know how con otros pa\u00edses. Es un organismo relevante que impulsar mecanismos y mercados de la banca de desarrollo\u201d, asever\u00f3.  <\/p>\n<p>En este marco, dijo, el Programa EcoCasa se convirti\u00f3 en un paraguas de muchas otras iniciativas que la Sociedad va a estar impulsando a partir de 2016 y que tendr\u00e1n que ver con muchos nichos de mercado, como lo es la vivienda en renta; los mercados eficaces en materia de infraestructura, adem\u00e1s que exploran la posibilidad de implementar nuevos mecanismos sustentables con fondos blandos para M\u00e9xico, entre otros. <\/p>\n<p>Finalmente inform\u00f3 que en Brasil, el director general de la SHF, Jes\u00fas Alberto Cano V\u00e9lez, estuvo en la Asamblea de ALIDE donde el organismo tuvo una participaci\u00f3n relevante a trav\u00e9s de un panel de financiamientos sustentables, junto con otros presidentes de banca de desarrollo de la regi\u00f3n.<\/p>\n","protected":false},"excerpt":{"rendered":"<p>ALIDE cuenta con m\u00e1s de 80 participantes, donde M\u00e9xico destac\u00f3 en temas de desarrollo<\/p>\n","protected":false},"author":28,"featured_media":34989,"comment_status":"open","ping_status":"closed","sticky":false,"template":"","format":"standard","meta":{"om_disable_all_campaigns":false,"inline_featured_image":false,"_monsterinsights_skip_tracking":false,"_monsterinsights_sitenote_active":false,"_monsterinsights_sitenote_note":"","_monsterinsights_sitenote_category":0,"footnotes":""},"categories":[13],"tags":[259],"class_list":["post-34988","post","type-post","status-publish","format-standard","has-post-thumbnail","hentry","category-entrevistas","tag-ecocasa"],"yoast_head":"<!-- This site is optimized with the Yoast SEO plugin v27.4 - https:\/\/yoast.com\/product\/yoast-seo-wordpress\/ -->\n<title>EcoCasa toma liderazgo sustentable en AL<\/title>\n<meta name=\"description\" content=\"\u201cEsta categor\u00eda busca en las bancas de desarrollo presentar programas donde est\u00e9n desempe\u00f1ando un papel relevante sustentable en su pa\u00eds, con mejoras productivas locales, temas de transformaci\u00f3n del sector, y que sean socialmente justas y sustentables. SHF present\u00f3 un documento extenso sobre los mecanismos de financiamiento y un an\u00e1lisis t\u00e9cnico del Programa EcoCasa en eficiencia energ\u00e9tica con sus beneficios para el pa\u00eds, familia y como empresa\u201d, detall\u00f3 Ernesto Infante Barbosa, Subdirector de Asuntos Multilaterales y Sustentabilidad de SHF en exclusiva para Centro Urbano.\" \/>\n<meta name=\"robots\" content=\"index, follow, max-snippet:-1, max-image-preview:large, max-video-preview:-1\" \/>\n<link rel=\"canonical\" href=\"https:\/\/centrourbano.com\/revista\/entrevistas\/ecocasa-toma-liderazgo-sustentable-al\/\" \/>\n<meta property=\"og:locale\" content=\"es_ES\" \/>\n<meta property=\"og:type\" content=\"article\" \/>\n<meta property=\"og:title\" content=\"EcoCasa toma liderazgo sustentable en AL\" \/>\n<meta property=\"og:description\" content=\"\u201cEsta categor\u00eda busca en las bancas de desarrollo presentar programas donde est\u00e9n desempe\u00f1ando un papel relevante sustentable en su pa\u00eds, con mejoras productivas locales, temas de transformaci\u00f3n del sector, y que sean socialmente justas y sustentables. SHF present\u00f3 un documento extenso sobre los mecanismos de financiamiento y un an\u00e1lisis t\u00e9cnico del Programa EcoCasa en eficiencia energ\u00e9tica con sus beneficios para el pa\u00eds, familia y como empresa\u201d, detall\u00f3 Ernesto Infante Barbosa, Subdirector de Asuntos Multilaterales y Sustentabilidad de SHF en exclusiva para Centro Urbano.\" \/>\n<meta property=\"og:url\" content=\"https:\/\/centrourbano.com\/revista\/entrevistas\/ecocasa-toma-liderazgo-sustentable-al\/\" \/>\n<meta property=\"og:site_name\" content=\"Centro Urbano\" \/>\n<meta property=\"article:publisher\" content=\"https:\/\/www.facebook.com\/portalcentrourbano\" \/>\n<meta property=\"article:published_time\" content=\"2016-05-24T13:55:39+00:00\" \/>\n<meta property=\"og:image\" content=\"https:\/\/centrourbano.com\/revista\/wp-content\/uploads\/Ernesto-Barbosa-Infante-2.jpg\" \/>\n\t<meta property=\"og:image:width\" content=\"2369\" \/>\n\t<meta property=\"og:image:height\" content=\"1838\" \/>\n\t<meta property=\"og:image:type\" content=\"image\/jpeg\" \/>\n<meta name=\"author\" content=\"Mario V\u00e1zquez Barrios\" \/>\n<meta name=\"twitter:card\" content=\"summary_large_image\" \/>\n<meta name=\"twitter:creator\" content=\"@MarioDeNiro\" \/>\n<meta name=\"twitter:site\" content=\"@CentroUrbano\" \/>\n<meta name=\"twitter:label1\" content=\"Escrito por\" \/>\n\t<meta name=\"twitter:data1\" content=\"Mario V\u00e1zquez Barrios\" \/>\n\t<meta name=\"twitter:label2\" content=\"Tiempo de lectura\" \/>\n\t<meta name=\"twitter:data2\" content=\"2 minutos\" \/>\n<script type=\"application\/ld+json\" class=\"yoast-schema-graph\">{\"@context\":\"https:\\\/\\\/schema.org\",\"@graph\":[{\"@type\":\"Article\",\"@id\":\"https:\\\/\\\/centrourbano.com\\\/revista\\\/entrevistas\\\/ecocasa-toma-liderazgo-sustentable-al\\\/#article\",\"isPartOf\":{\"@id\":\"https:\\\/\\\/centrourbano.com\\\/revista\\\/entrevistas\\\/ecocasa-toma-liderazgo-sustentable-al\\\/\"},\"author\":{\"name\":\"Mario V\u00e1zquez Barrios\",\"@id\":\"https:\\\/\\\/centrourbano.com\\\/revista\\\/#\\\/schema\\\/person\\\/71e020a5b63ca4230c0f1228a36cde93\"},\"headline\":\"EcoCasa toma liderazgo sustentable en AL\",\"datePublished\":\"2016-05-24T13:55:39+00:00\",\"mainEntityOfPage\":{\"@id\":\"https:\\\/\\\/centrourbano.com\\\/revista\\\/entrevistas\\\/ecocasa-toma-liderazgo-sustentable-al\\\/\"},\"wordCount\":432,\"commentCount\":0,\"publisher\":{\"@id\":\"https:\\\/\\\/centrourbano.com\\\/revista\\\/#organization\"},\"image\":{\"@id\":\"https:\\\/\\\/centrourbano.com\\\/revista\\\/entrevistas\\\/ecocasa-toma-liderazgo-sustentable-al\\\/#primaryimage\"},\"thumbnailUrl\":\"https:\\\/\\\/centrourbano.com\\\/revista\\\/wp-content\\\/uploads\\\/Ernesto-Barbosa-Infante-2.jpg\",\"keywords\":[\"EcoCasa\"],\"articleSection\":[\"Entrevistas\"],\"inLanguage\":\"es\",\"potentialAction\":[{\"@type\":\"CommentAction\",\"name\":\"Comment\",\"target\":[\"https:\\\/\\\/centrourbano.com\\\/revista\\\/entrevistas\\\/ecocasa-toma-liderazgo-sustentable-al\\\/#respond\"]}]},{\"@type\":\"WebPage\",\"@id\":\"https:\\\/\\\/centrourbano.com\\\/revista\\\/entrevistas\\\/ecocasa-toma-liderazgo-sustentable-al\\\/\",\"url\":\"https:\\\/\\\/centrourbano.com\\\/revista\\\/entrevistas\\\/ecocasa-toma-liderazgo-sustentable-al\\\/\",\"name\":\"EcoCasa toma liderazgo sustentable en AL\",\"isPartOf\":{\"@id\":\"https:\\\/\\\/centrourbano.com\\\/revista\\\/#website\"},\"primaryImageOfPage\":{\"@id\":\"https:\\\/\\\/centrourbano.com\\\/revista\\\/entrevistas\\\/ecocasa-toma-liderazgo-sustentable-al\\\/#primaryimage\"},\"image\":{\"@id\":\"https:\\\/\\\/centrourbano.com\\\/revista\\\/entrevistas\\\/ecocasa-toma-liderazgo-sustentable-al\\\/#primaryimage\"},\"thumbnailUrl\":\"https:\\\/\\\/centrourbano.com\\\/revista\\\/wp-content\\\/uploads\\\/Ernesto-Barbosa-Infante-2.jpg\",\"datePublished\":\"2016-05-24T13:55:39+00:00\",\"description\":\"\u201cEsta categor\u00eda busca en las bancas de desarrollo presentar programas donde est\u00e9n desempe\u00f1ando un papel relevante sustentable en su pa\u00eds, con mejoras productivas locales, temas de transformaci\u00f3n del sector, y que sean socialmente justas y sustentables. SHF present\u00f3 un documento extenso sobre los mecanismos de financiamiento y un an\u00e1lisis t\u00e9cnico del Programa EcoCasa en eficiencia energ\u00e9tica con sus beneficios para el pa\u00eds, familia y como empresa\u201d, detall\u00f3 Ernesto Infante Barbosa, Subdirector de Asuntos Multilaterales y Sustentabilidad de SHF en exclusiva para Centro Urbano.\",\"breadcrumb\":{\"@id\":\"https:\\\/\\\/centrourbano.com\\\/revista\\\/entrevistas\\\/ecocasa-toma-liderazgo-sustentable-al\\\/#breadcrumb\"},\"inLanguage\":\"es\",\"potentialAction\":[{\"@type\":\"ReadAction\",\"target\":[\"https:\\\/\\\/centrourbano.com\\\/revista\\\/entrevistas\\\/ecocasa-toma-liderazgo-sustentable-al\\\/\"]}]},{\"@type\":\"ImageObject\",\"inLanguage\":\"es\",\"@id\":\"https:\\\/\\\/centrourbano.com\\\/revista\\\/entrevistas\\\/ecocasa-toma-liderazgo-sustentable-al\\\/#primaryimage\",\"url\":\"https:\\\/\\\/centrourbano.com\\\/revista\\\/wp-content\\\/uploads\\\/Ernesto-Barbosa-Infante-2.jpg\",\"contentUrl\":\"https:\\\/\\\/centrourbano.com\\\/revista\\\/wp-content\\\/uploads\\\/Ernesto-Barbosa-Infante-2.jpg\",\"width\":2369,\"height\":1838,\"caption\":\"Desde el a\u00f1o pasado se tuvo un acercamiento con la organizaci\u00f3n internacional dado el \u00e9xito que tuvo el Programa EcoCasa ante financieras internacionales como KfW y el Banco Interamericano de Desarrollo (BID), y que con base en eso tuvieron una participaci\u00f3n m\u00e1s activa con ALIDE, que es el organismo internacional que representa a banca de desarrollo sin fines de lucro en Am\u00e9rica Latina.\"},{\"@type\":\"BreadcrumbList\",\"@id\":\"https:\\\/\\\/centrourbano.com\\\/revista\\\/entrevistas\\\/ecocasa-toma-liderazgo-sustentable-al\\\/#breadcrumb\",\"itemListElement\":[{\"@type\":\"ListItem\",\"position\":1,\"name\":\"Portada\",\"item\":\"https:\\\/\\\/centrourbano.com\\\/revista\\\/\"},{\"@type\":\"ListItem\",\"position\":2,\"name\":\"EcoCasa toma liderazgo sustentable en AL\"}]},{\"@type\":\"WebSite\",\"@id\":\"https:\\\/\\\/centrourbano.com\\\/revista\\\/#website\",\"url\":\"https:\\\/\\\/centrourbano.com\\\/revista\\\/\",\"name\":\"Centro Urbano\",\"description\":\"Medio especializado en los sectores vivienda, inmobiliario, construcci\u00f3n, arquitectura y urbanismo.\",\"publisher\":{\"@id\":\"https:\\\/\\\/centrourbano.com\\\/revista\\\/#organization\"},\"potentialAction\":[{\"@type\":\"SearchAction\",\"target\":{\"@type\":\"EntryPoint\",\"urlTemplate\":\"https:\\\/\\\/centrourbano.com\\\/revista\\\/?s={search_term_string}\"},\"query-input\":{\"@type\":\"PropertyValueSpecification\",\"valueRequired\":true,\"valueName\":\"search_term_string\"}}],\"inLanguage\":\"es\"},{\"@type\":\"Organization\",\"@id\":\"https:\\\/\\\/centrourbano.com\\\/revista\\\/#organization\",\"name\":\"Centro Urbano\",\"url\":\"https:\\\/\\\/centrourbano.com\\\/revista\\\/\",\"logo\":{\"@type\":\"ImageObject\",\"inLanguage\":\"es\",\"@id\":\"https:\\\/\\\/centrourbano.com\\\/revista\\\/#\\\/schema\\\/logo\\\/image\\\/\",\"url\":\"https:\\\/\\\/centrourbano.com\\\/revista\\\/wp-content\\\/uploads\\\/web_CU_logo-1.png\",\"contentUrl\":\"https:\\\/\\\/centrourbano.com\\\/revista\\\/wp-content\\\/uploads\\\/web_CU_logo-1.png\",\"width\":350,\"height\":91,\"caption\":\"Centro Urbano\"},\"image\":{\"@id\":\"https:\\\/\\\/centrourbano.com\\\/revista\\\/#\\\/schema\\\/logo\\\/image\\\/\"},\"sameAs\":[\"https:\\\/\\\/www.facebook.com\\\/portalcentrourbano\",\"https:\\\/\\\/x.com\\\/CentroUrbano\",\"https:\\\/\\\/www.instagram.com\\\/centro_urbano\\\/\",\"https:\\\/\\\/www.linkedin.com\\\/company\\\/centro-urbano\\\/\",\"http:\\\/\\\/www.youtube.com\\\/user\\\/portalcentrourbano\"]},{\"@type\":\"Person\",\"@id\":\"https:\\\/\\\/centrourbano.com\\\/revista\\\/#\\\/schema\\\/person\\\/71e020a5b63ca4230c0f1228a36cde93\",\"name\":\"Mario V\u00e1zquez Barrios\",\"image\":{\"@type\":\"ImageObject\",\"inLanguage\":\"es\",\"@id\":\"https:\\\/\\\/secure.gravatar.com\\\/avatar\\\/347e6d9c0b04f0194ca244ba64b0fe62752d716a3a93d1713bd259eb87aad5b6?s=96&d=mm&r=g\",\"url\":\"https:\\\/\\\/secure.gravatar.com\\\/avatar\\\/347e6d9c0b04f0194ca244ba64b0fe62752d716a3a93d1713bd259eb87aad5b6?s=96&d=mm&r=g\",\"contentUrl\":\"https:\\\/\\\/secure.gravatar.com\\\/avatar\\\/347e6d9c0b04f0194ca244ba64b0fe62752d716a3a93d1713bd259eb87aad5b6?s=96&d=mm&r=g\",\"caption\":\"Mario V\u00e1zquez Barrios\"},\"description\":\"Me inici\u00e9 en El Financiero haciendo reportajes; en MegaNoticias Televisi\u00f3n fui reportero titular; en EMedios, control de calidad; y Radio 13 Noticias me acogi\u00f3 como colaborador. Me gusta encontrar en las banquetas la nota, una entrevista y el inicio de un reportaje.\",\"sameAs\":[\"https:\\\/\\\/x.com\\\/@MarioDeNiro\"],\"url\":\"https:\\\/\\\/centrourbano.com\\\/revista\\\/author\\\/mario-vazquez\\\/\"}]}<\/script>\n<!-- \/ Yoast SEO plugin. -->","yoast_head_json":{"title":"EcoCasa toma liderazgo sustentable en AL","description":"\u201cEsta categor\u00eda busca en las bancas de desarrollo presentar programas donde est\u00e9n desempe\u00f1ando un papel relevante sustentable en su pa\u00eds, con mejoras productivas locales, temas de transformaci\u00f3n del sector, y que sean socialmente justas y sustentables. SHF present\u00f3 un documento extenso sobre los mecanismos de financiamiento y un an\u00e1lisis t\u00e9cnico del Programa EcoCasa en eficiencia energ\u00e9tica con sus beneficios para el pa\u00eds, familia y como empresa\u201d, detall\u00f3 Ernesto Infante Barbosa, Subdirector de Asuntos Multilaterales y Sustentabilidad de SHF en exclusiva para Centro Urbano.","robots":{"index":"index","follow":"follow","max-snippet":"max-snippet:-1","max-image-preview":"max-image-preview:large","max-video-preview":"max-video-preview:-1"},"canonical":"https:\/\/centrourbano.com\/revista\/entrevistas\/ecocasa-toma-liderazgo-sustentable-al\/","og_locale":"es_ES","og_type":"article","og_title":"EcoCasa toma liderazgo sustentable en AL","og_description":"\u201cEsta categor\u00eda busca en las bancas de desarrollo presentar programas donde est\u00e9n desempe\u00f1ando un papel relevante sustentable en su pa\u00eds, con mejoras productivas locales, temas de transformaci\u00f3n del sector, y que sean socialmente justas y sustentables. SHF present\u00f3 un documento extenso sobre los mecanismos de financiamiento y un an\u00e1lisis t\u00e9cnico del Programa EcoCasa en eficiencia energ\u00e9tica con sus beneficios para el pa\u00eds, familia y como empresa\u201d, detall\u00f3 Ernesto Infante Barbosa, Subdirector de Asuntos Multilaterales y Sustentabilidad de SHF en exclusiva para Centro Urbano.","og_url":"https:\/\/centrourbano.com\/revista\/entrevistas\/ecocasa-toma-liderazgo-sustentable-al\/","og_site_name":"Centro Urbano","article_publisher":"https:\/\/www.facebook.com\/portalcentrourbano","article_published_time":"2016-05-24T13:55:39+00:00","og_image":[{"width":2369,"height":1838,"url":"https:\/\/centrourbano.com\/revista\/wp-content\/uploads\/Ernesto-Barbosa-Infante-2.jpg","type":"image\/jpeg"}],"author":"Mario V\u00e1zquez Barrios","twitter_card":"summary_large_image","twitter_creator":"@MarioDeNiro","twitter_site":"@CentroUrbano","twitter_misc":{"Escrito por":"Mario V\u00e1zquez Barrios","Tiempo de lectura":"2 minutos"},"schema":{"@context":"https:\/\/schema.org","@graph":[{"@type":"Article","@id":"https:\/\/centrourbano.com\/revista\/entrevistas\/ecocasa-toma-liderazgo-sustentable-al\/#article","isPartOf":{"@id":"https:\/\/centrourbano.com\/revista\/entrevistas\/ecocasa-toma-liderazgo-sustentable-al\/"},"author":{"name":"Mario V\u00e1zquez Barrios","@id":"https:\/\/centrourbano.com\/revista\/#\/schema\/person\/71e020a5b63ca4230c0f1228a36cde93"},"headline":"EcoCasa toma liderazgo sustentable en AL","datePublished":"2016-05-24T13:55:39+00:00","mainEntityOfPage":{"@id":"https:\/\/centrourbano.com\/revista\/entrevistas\/ecocasa-toma-liderazgo-sustentable-al\/"},"wordCount":432,"commentCount":0,"publisher":{"@id":"https:\/\/centrourbano.com\/revista\/#organization"},"image":{"@id":"https:\/\/centrourbano.com\/revista\/entrevistas\/ecocasa-toma-liderazgo-sustentable-al\/#primaryimage"},"thumbnailUrl":"https:\/\/centrourbano.com\/revista\/wp-content\/uploads\/Ernesto-Barbosa-Infante-2.jpg","keywords":["EcoCasa"],"articleSection":["Entrevistas"],"inLanguage":"es","potentialAction":[{"@type":"CommentAction","name":"Comment","target":["https:\/\/centrourbano.com\/revista\/entrevistas\/ecocasa-toma-liderazgo-sustentable-al\/#respond"]}]},{"@type":"WebPage","@id":"https:\/\/centrourbano.com\/revista\/entrevistas\/ecocasa-toma-liderazgo-sustentable-al\/","url":"https:\/\/centrourbano.com\/revista\/entrevistas\/ecocasa-toma-liderazgo-sustentable-al\/","name":"EcoCasa toma liderazgo sustentable en AL","isPartOf":{"@id":"https:\/\/centrourbano.com\/revista\/#website"},"primaryImageOfPage":{"@id":"https:\/\/centrourbano.com\/revista\/entrevistas\/ecocasa-toma-liderazgo-sustentable-al\/#primaryimage"},"image":{"@id":"https:\/\/centrourbano.com\/revista\/entrevistas\/ecocasa-toma-liderazgo-sustentable-al\/#primaryimage"},"thumbnailUrl":"https:\/\/centrourbano.com\/revista\/wp-content\/uploads\/Ernesto-Barbosa-Infante-2.jpg","datePublished":"2016-05-24T13:55:39+00:00","description":"\u201cEsta categor\u00eda busca en las bancas de desarrollo presentar programas donde est\u00e9n desempe\u00f1ando un papel relevante sustentable en su pa\u00eds, con mejoras productivas locales, temas de transformaci\u00f3n del sector, y que sean socialmente justas y sustentables. SHF present\u00f3 un documento extenso sobre los mecanismos de financiamiento y un an\u00e1lisis t\u00e9cnico del Programa EcoCasa en eficiencia energ\u00e9tica con sus beneficios para el pa\u00eds, familia y como empresa\u201d, detall\u00f3 Ernesto Infante Barbosa, Subdirector de Asuntos Multilaterales y Sustentabilidad de SHF en exclusiva para Centro Urbano.","breadcrumb":{"@id":"https:\/\/centrourbano.com\/revista\/entrevistas\/ecocasa-toma-liderazgo-sustentable-al\/#breadcrumb"},"inLanguage":"es","potentialAction":[{"@type":"ReadAction","target":["https:\/\/centrourbano.com\/revista\/entrevistas\/ecocasa-toma-liderazgo-sustentable-al\/"]}]},{"@type":"ImageObject","inLanguage":"es","@id":"https:\/\/centrourbano.com\/revista\/entrevistas\/ecocasa-toma-liderazgo-sustentable-al\/#primaryimage","url":"https:\/\/centrourbano.com\/revista\/wp-content\/uploads\/Ernesto-Barbosa-Infante-2.jpg","contentUrl":"https:\/\/centrourbano.com\/revista\/wp-content\/uploads\/Ernesto-Barbosa-Infante-2.jpg","width":2369,"height":1838,"caption":"Desde el a\u00f1o pasado se tuvo un acercamiento con la organizaci\u00f3n internacional dado el \u00e9xito que tuvo el Programa EcoCasa ante financieras internacionales como KfW y el Banco Interamericano de Desarrollo (BID), y que con base en eso tuvieron una participaci\u00f3n m\u00e1s activa con ALIDE, que es el organismo internacional que representa a banca de desarrollo sin fines de lucro en Am\u00e9rica Latina."},{"@type":"BreadcrumbList","@id":"https:\/\/centrourbano.com\/revista\/entrevistas\/ecocasa-toma-liderazgo-sustentable-al\/#breadcrumb","itemListElement":[{"@type":"ListItem","position":1,"name":"Portada","item":"https:\/\/centrourbano.com\/revista\/"},{"@type":"ListItem","position":2,"name":"EcoCasa toma liderazgo sustentable en AL"}]},{"@type":"WebSite","@id":"https:\/\/centrourbano.com\/revista\/#website","url":"https:\/\/centrourbano.com\/revista\/","name":"Centro Urbano","description":"Medio especializado en los sectores vivienda, inmobiliario, construcci\u00f3n, arquitectura y urbanismo.","publisher":{"@id":"https:\/\/centrourbano.com\/revista\/#organization"},"potentialAction":[{"@type":"SearchAction","target":{"@type":"EntryPoint","urlTemplate":"https:\/\/centrourbano.com\/revista\/?s={search_term_string}"},"query-input":{"@type":"PropertyValueSpecification","valueRequired":true,"valueName":"search_term_string"}}],"inLanguage":"es"},{"@type":"Organization","@id":"https:\/\/centrourbano.com\/revista\/#organization","name":"Centro Urbano","url":"https:\/\/centrourbano.com\/revista\/","logo":{"@type":"ImageObject","inLanguage":"es","@id":"https:\/\/centrourbano.com\/revista\/#\/schema\/logo\/image\/","url":"https:\/\/centrourbano.com\/revista\/wp-content\/uploads\/web_CU_logo-1.png","contentUrl":"https:\/\/centrourbano.com\/revista\/wp-content\/uploads\/web_CU_logo-1.png","width":350,"height":91,"caption":"Centro Urbano"},"image":{"@id":"https:\/\/centrourbano.com\/revista\/#\/schema\/logo\/image\/"},"sameAs":["https:\/\/www.facebook.com\/portalcentrourbano","https:\/\/x.com\/CentroUrbano","https:\/\/www.instagram.com\/centro_urbano\/","https:\/\/www.linkedin.com\/company\/centro-urbano\/","http:\/\/www.youtube.com\/user\/portalcentrourbano"]},{"@type":"Person","@id":"https:\/\/centrourbano.com\/revista\/#\/schema\/person\/71e020a5b63ca4230c0f1228a36cde93","name":"Mario V\u00e1zquez Barrios","image":{"@type":"ImageObject","inLanguage":"es","@id":"https:\/\/secure.gravatar.com\/avatar\/347e6d9c0b04f0194ca244ba64b0fe62752d716a3a93d1713bd259eb87aad5b6?s=96&d=mm&r=g","url":"https:\/\/secure.gravatar.com\/avatar\/347e6d9c0b04f0194ca244ba64b0fe62752d716a3a93d1713bd259eb87aad5b6?s=96&d=mm&r=g","contentUrl":"https:\/\/secure.gravatar.com\/avatar\/347e6d9c0b04f0194ca244ba64b0fe62752d716a3a93d1713bd259eb87aad5b6?s=96&d=mm&r=g","caption":"Mario V\u00e1zquez Barrios"},"description":"Me inici\u00e9 en El Financiero haciendo reportajes; en MegaNoticias Televisi\u00f3n fui reportero titular; en EMedios, control de calidad; y Radio 13 Noticias me acogi\u00f3 como colaborador. Me gusta encontrar en las banquetas la nota, una entrevista y el inicio de un reportaje.","sameAs":["https:\/\/x.com\/@MarioDeNiro"],"url":"https:\/\/centrourbano.com\/revista\/author\/mario-vazquez\/"}]}},"_links":{"self":[{"href":"https:\/\/centrourbano.com\/revista\/wp-json\/wp\/v2\/posts\/34988","targetHints":{"allow":["GET"]}}],"collection":[{"href":"https:\/\/centrourbano.com\/revista\/wp-json\/wp\/v2\/posts"}],"about":[{"href":"https:\/\/centrourbano.com\/revista\/wp-json\/wp\/v2\/types\/post"}],"author":[{"embeddable":true,"href":"https:\/\/centrourbano.com\/revista\/wp-json\/wp\/v2\/users\/28"}],"replies":[{"embeddable":true,"href":"https:\/\/centrourbano.com\/revista\/wp-json\/wp\/v2\/comments?post=34988"}],"version-history":[{"count":0,"href":"https:\/\/centrourbano.com\/revista\/wp-json\/wp\/v2\/posts\/34988\/revisions"}],"wp:featuredmedia":[{"embeddable":true,"href":"https:\/\/centrourbano.com\/revista\/wp-json\/wp\/v2\/media\/34989"}],"wp:attachment":[{"href":"https:\/\/centrourbano.com\/revista\/wp-json\/wp\/v2\/media?parent=34988"}],"wp:term":[{"taxonomy":"category","embeddable":true,"href":"https:\/\/centrourbano.com\/revista\/wp-json\/wp\/v2\/categories?post=34988"},{"taxonomy":"post_tag","embeddable":true,"href":"https:\/\/centrourbano.com\/revista\/wp-json\/wp\/v2\/tags?post=34988"}],"curies":[{"name":"wp","href":"https:\/\/api.w.org\/{rel}","templated":true}]}}