{"id":34911,"date":"2016-05-23T09:44:50","date_gmt":"2016-05-23T14:44:50","guid":{"rendered":"https:\/\/centrourbano.com\/?p=34911"},"modified":"2016-05-23T09:44:50","modified_gmt":"2016-05-23T14:44:50","slug":"sordo-madaleno-arquitectos-finalista-los-global-awards-for-excellence","status":"publish","type":"post","link":"https:\/\/centrourbano.com\/revista\/inmobiliario\/sordo-madaleno-arquitectos-finalista-los-global-awards-for-excellence\/","title":{"rendered":"Sordo Madaleno Arquitectos finalista de los \u201cGlobal Awards for Excellence\u201d"},"content":{"rendered":"<p><em>Antara Fashion Hall destaca por el impacto urbano y su proceso constructivo innovador<\/em><!--more--><\/p>\n<p>El despacho de arquitectos Sordo Madaleno se posicion\u00f3 como finalista del premio \u201cGlobal Awards for Excellence\u201d por el Urban Land Institute (ULI);, esto por el proyecto de usos mixtos Antara Fashion Hall.<\/p>\n<p>El centro de investigaci\u00f3n ULI (por sus siglas en ingl\u00e9s), fomenta el uso de suelo responsable, por lo que su premio busca reconocer a los proyectos inmobiliarios que destaquen en su dise\u00f1o, construcci\u00f3n, eficiencia y gesti\u00f3n.<\/p>\n<p>Antara Fashion Hall ha sido relevante no s\u00f3lo por su innovador dise\u00f1o sino por el impacto urbano que ha tenido; adem\u00e1s es parte de los 26 proyectos finalistas a nivel mundial.<\/p>\n<p>&nbsp;<\/p>\n","protected":false},"excerpt":{"rendered":"<p>Antara Fashion Hall destaca por el impacto urbano y su proceso constructivo innovador<\/p>\n","protected":false},"author":36,"featured_media":34912,"comment_status":"open","ping_status":"closed","sticky":false,"template":"","format":"standard","meta":{"om_disable_all_campaigns":false,"inline_featured_image":false,"_monsterinsights_skip_tracking":false,"_monsterinsights_sitenote_active":false,"_monsterinsights_sitenote_note":"","_monsterinsights_sitenote_category":0,"footnotes":""},"categories":[15],"tags":[],"class_list":["post-34911","post","type-post","status-publish","format-standard","has-post-thumbnail","hentry","category-inmobiliario"],"yoast_head":"<!-- This site is optimized with the Yoast SEO plugin v27.4 - https:\/\/yoast.com\/product\/yoast-seo-wordpress\/ -->\n<title>Sordo Madaleno Arquitectos finalista de los \u201cGlobal Awards for Excellence\u201d -<\/title>\n<meta name=\"description\" content=\"El despacho de arquitectos Sordo Madaleno se posicion\u00f3 como finalista del premio \u201cGlobal Awards for Excellence\u201d por el Urban Land Institute (ULI), esto por el proyecto de usos mixtos Antara Fashion Hall.\" \/>\n<meta name=\"robots\" content=\"index, follow, max-snippet:-1, max-image-preview:large, max-video-preview:-1\" \/>\n<link rel=\"canonical\" href=\"https:\/\/centrourbano.com\/revista\/inmobiliario\/sordo-madaleno-arquitectos-finalista-los-global-awards-for-excellence\/\" \/>\n<meta property=\"og:locale\" content=\"es_ES\" \/>\n<meta property=\"og:type\" content=\"article\" \/>\n<meta property=\"og:title\" content=\"Sordo Madaleno Arquitectos finalista de los \u201cGlobal Awards for Excellence\u201d -\" \/>\n<meta property=\"og:description\" content=\"El despacho de arquitectos Sordo Madaleno se posicion\u00f3 como finalista del premio \u201cGlobal Awards for Excellence\u201d por el Urban Land Institute (ULI), esto por el proyecto de usos mixtos Antara Fashion Hall.\" \/>\n<meta property=\"og:url\" content=\"https:\/\/centrourbano.com\/revista\/inmobiliario\/sordo-madaleno-arquitectos-finalista-los-global-awards-for-excellence\/\" \/>\n<meta property=\"og:site_name\" content=\"Centro Urbano\" \/>\n<meta property=\"article:publisher\" content=\"https:\/\/www.facebook.com\/portalcentrourbano\" \/>\n<meta property=\"article:published_time\" content=\"2016-05-23T14:44:50+00:00\" \/>\n<meta property=\"og:image\" content=\"https:\/\/centrourbano.com\/revista\/wp-content\/uploads\/2013_ANTARA_CORP_I_WEB_PHOTO_by_Paul_Rivera_18_webpage-e1464014578493.jpg\" \/>\n\t<meta property=\"og:image:width\" content=\"580\" \/>\n\t<meta property=\"og:image:height\" content=\"352\" \/>\n\t<meta property=\"og:image:type\" content=\"image\/jpeg\" \/>\n<meta name=\"author\" content=\"Yareth Casanova\" \/>\n<meta name=\"twitter:card\" content=\"summary_large_image\" \/>\n<meta name=\"twitter:creator\" content=\"@CentroUrbano\" \/>\n<meta name=\"twitter:site\" content=\"@CentroUrbano\" \/>\n<meta name=\"twitter:label1\" content=\"Escrito por\" \/>\n\t<meta name=\"twitter:data1\" content=\"Yareth Casanova\" \/>\n\t<meta name=\"twitter:label2\" content=\"Tiempo de lectura\" \/>\n\t<meta name=\"twitter:data2\" content=\"1 minuto\" \/>\n<script type=\"application\/ld+json\" class=\"yoast-schema-graph\">{\"@context\":\"https:\\\/\\\/schema.org\",\"@graph\":[{\"@type\":\"Article\",\"@id\":\"https:\\\/\\\/centrourbano.com\\\/revista\\\/inmobiliario\\\/sordo-madaleno-arquitectos-finalista-los-global-awards-for-excellence\\\/#article\",\"isPartOf\":{\"@id\":\"https:\\\/\\\/centrourbano.com\\\/revista\\\/inmobiliario\\\/sordo-madaleno-arquitectos-finalista-los-global-awards-for-excellence\\\/\"},\"author\":{\"name\":\"Yareth Casanova\",\"@id\":\"https:\\\/\\\/centrourbano.com\\\/revista\\\/#\\\/schema\\\/person\\\/fa3124fc7c30aaf90c5e85dc5ce88a3d\"},\"headline\":\"Sordo Madaleno Arquitectos finalista de los \u201cGlobal Awards for Excellence\u201d\",\"datePublished\":\"2016-05-23T14:44:50+00:00\",\"mainEntityOfPage\":{\"@id\":\"https:\\\/\\\/centrourbano.com\\\/revista\\\/inmobiliario\\\/sordo-madaleno-arquitectos-finalista-los-global-awards-for-excellence\\\/\"},\"wordCount\":130,\"commentCount\":0,\"publisher\":{\"@id\":\"https:\\\/\\\/centrourbano.com\\\/revista\\\/#organization\"},\"image\":{\"@id\":\"https:\\\/\\\/centrourbano.com\\\/revista\\\/inmobiliario\\\/sordo-madaleno-arquitectos-finalista-los-global-awards-for-excellence\\\/#primaryimage\"},\"thumbnailUrl\":\"https:\\\/\\\/centrourbano.com\\\/revista\\\/wp-content\\\/uploads\\\/2013_ANTARA_CORP_I_WEB_PHOTO_by_Paul_Rivera_18_webpage-e1464014578493.jpg\",\"articleSection\":[\"Inmobiliario\"],\"inLanguage\":\"es\",\"potentialAction\":[{\"@type\":\"CommentAction\",\"name\":\"Comment\",\"target\":[\"https:\\\/\\\/centrourbano.com\\\/revista\\\/inmobiliario\\\/sordo-madaleno-arquitectos-finalista-los-global-awards-for-excellence\\\/#respond\"]}]},{\"@type\":\"WebPage\",\"@id\":\"https:\\\/\\\/centrourbano.com\\\/revista\\\/inmobiliario\\\/sordo-madaleno-arquitectos-finalista-los-global-awards-for-excellence\\\/\",\"url\":\"https:\\\/\\\/centrourbano.com\\\/revista\\\/inmobiliario\\\/sordo-madaleno-arquitectos-finalista-los-global-awards-for-excellence\\\/\",\"name\":\"Sordo Madaleno Arquitectos finalista de los \u201cGlobal Awards for Excellence\u201d -\",\"isPartOf\":{\"@id\":\"https:\\\/\\\/centrourbano.com\\\/revista\\\/#website\"},\"primaryImageOfPage\":{\"@id\":\"https:\\\/\\\/centrourbano.com\\\/revista\\\/inmobiliario\\\/sordo-madaleno-arquitectos-finalista-los-global-awards-for-excellence\\\/#primaryimage\"},\"image\":{\"@id\":\"https:\\\/\\\/centrourbano.com\\\/revista\\\/inmobiliario\\\/sordo-madaleno-arquitectos-finalista-los-global-awards-for-excellence\\\/#primaryimage\"},\"thumbnailUrl\":\"https:\\\/\\\/centrourbano.com\\\/revista\\\/wp-content\\\/uploads\\\/2013_ANTARA_CORP_I_WEB_PHOTO_by_Paul_Rivera_18_webpage-e1464014578493.jpg\",\"datePublished\":\"2016-05-23T14:44:50+00:00\",\"description\":\"El despacho de arquitectos Sordo Madaleno se posicion\u00f3 como finalista del premio \u201cGlobal Awards for Excellence\u201d por el Urban Land Institute (ULI), esto por el proyecto de usos mixtos Antara Fashion Hall.\",\"breadcrumb\":{\"@id\":\"https:\\\/\\\/centrourbano.com\\\/revista\\\/inmobiliario\\\/sordo-madaleno-arquitectos-finalista-los-global-awards-for-excellence\\\/#breadcrumb\"},\"inLanguage\":\"es\",\"potentialAction\":[{\"@type\":\"ReadAction\",\"target\":[\"https:\\\/\\\/centrourbano.com\\\/revista\\\/inmobiliario\\\/sordo-madaleno-arquitectos-finalista-los-global-awards-for-excellence\\\/\"]}]},{\"@type\":\"ImageObject\",\"inLanguage\":\"es\",\"@id\":\"https:\\\/\\\/centrourbano.com\\\/revista\\\/inmobiliario\\\/sordo-madaleno-arquitectos-finalista-los-global-awards-for-excellence\\\/#primaryimage\",\"url\":\"https:\\\/\\\/centrourbano.com\\\/revista\\\/wp-content\\\/uploads\\\/2013_ANTARA_CORP_I_WEB_PHOTO_by_Paul_Rivera_18_webpage-e1464014578493.jpg\",\"contentUrl\":\"https:\\\/\\\/centrourbano.com\\\/revista\\\/wp-content\\\/uploads\\\/2013_ANTARA_CORP_I_WEB_PHOTO_by_Paul_Rivera_18_webpage-e1464014578493.jpg\",\"width\":580,\"height\":352},{\"@type\":\"BreadcrumbList\",\"@id\":\"https:\\\/\\\/centrourbano.com\\\/revista\\\/inmobiliario\\\/sordo-madaleno-arquitectos-finalista-los-global-awards-for-excellence\\\/#breadcrumb\",\"itemListElement\":[{\"@type\":\"ListItem\",\"position\":1,\"name\":\"Portada\",\"item\":\"https:\\\/\\\/centrourbano.com\\\/revista\\\/\"},{\"@type\":\"ListItem\",\"position\":2,\"name\":\"Sordo Madaleno Arquitectos finalista de los \u201cGlobal Awards for Excellence\u201d\"}]},{\"@type\":\"WebSite\",\"@id\":\"https:\\\/\\\/centrourbano.com\\\/revista\\\/#website\",\"url\":\"https:\\\/\\\/centrourbano.com\\\/revista\\\/\",\"name\":\"Centro Urbano\",\"description\":\"Medio especializado en los sectores vivienda, inmobiliario, construcci\u00f3n, arquitectura y urbanismo.\",\"publisher\":{\"@id\":\"https:\\\/\\\/centrourbano.com\\\/revista\\\/#organization\"},\"potentialAction\":[{\"@type\":\"SearchAction\",\"target\":{\"@type\":\"EntryPoint\",\"urlTemplate\":\"https:\\\/\\\/centrourbano.com\\\/revista\\\/?s={search_term_string}\"},\"query-input\":{\"@type\":\"PropertyValueSpecification\",\"valueRequired\":true,\"valueName\":\"search_term_string\"}}],\"inLanguage\":\"es\"},{\"@type\":\"Organization\",\"@id\":\"https:\\\/\\\/centrourbano.com\\\/revista\\\/#organization\",\"name\":\"Centro Urbano\",\"url\":\"https:\\\/\\\/centrourbano.com\\\/revista\\\/\",\"logo\":{\"@type\":\"ImageObject\",\"inLanguage\":\"es\",\"@id\":\"https:\\\/\\\/centrourbano.com\\\/revista\\\/#\\\/schema\\\/logo\\\/image\\\/\",\"url\":\"https:\\\/\\\/centrourbano.com\\\/revista\\\/wp-content\\\/uploads\\\/web_CU_logo-1.png\",\"contentUrl\":\"https:\\\/\\\/centrourbano.com\\\/revista\\\/wp-content\\\/uploads\\\/web_CU_logo-1.png\",\"width\":350,\"height\":91,\"caption\":\"Centro Urbano\"},\"image\":{\"@id\":\"https:\\\/\\\/centrourbano.com\\\/revista\\\/#\\\/schema\\\/logo\\\/image\\\/\"},\"sameAs\":[\"https:\\\/\\\/www.facebook.com\\\/portalcentrourbano\",\"https:\\\/\\\/x.com\\\/CentroUrbano\",\"https:\\\/\\\/www.instagram.com\\\/centro_urbano\\\/\",\"https:\\\/\\\/www.linkedin.com\\\/company\\\/centro-urbano\\\/\",\"http:\\\/\\\/www.youtube.com\\\/user\\\/portalcentrourbano\"]},{\"@type\":\"Person\",\"@id\":\"https:\\\/\\\/centrourbano.com\\\/revista\\\/#\\\/schema\\\/person\\\/fa3124fc7c30aaf90c5e85dc5ce88a3d\",\"name\":\"Yareth Casanova\",\"image\":{\"@type\":\"ImageObject\",\"inLanguage\":\"es\",\"@id\":\"https:\\\/\\\/secure.gravatar.com\\\/avatar\\\/cc5021d028a26acc18cd90754b870114c9449717d0cf43cc142712f089324f6d?s=96&d=mm&r=g\",\"url\":\"https:\\\/\\\/secure.gravatar.com\\\/avatar\\\/cc5021d028a26acc18cd90754b870114c9449717d0cf43cc142712f089324f6d?s=96&d=mm&r=g\",\"contentUrl\":\"https:\\\/\\\/secure.gravatar.com\\\/avatar\\\/cc5021d028a26acc18cd90754b870114c9449717d0cf43cc142712f089324f6d?s=96&d=mm&r=g\",\"caption\":\"Yareth Casanova\"},\"description\":\"Egresada de la Universidad del Valle de M\u00e9xico en Ciencias de la Comunicaci\u00f3n. Fungi\u00f3 como community manager en el Senado de la Rep\u00fablica y como becaria en editorial Televisa. Actualmente se desempe\u00f1a como community manager y reportera en Centro Urbano. Es amante de los perros y sus pasiones son el baile, el cine, la pol\u00edtica y la moda.\",\"url\":\"https:\\\/\\\/centrourbano.com\\\/revista\\\/author\\\/yarethcu\\\/\"}]}<\/script>\n<!-- \/ Yoast SEO plugin. -->","yoast_head_json":{"title":"Sordo Madaleno Arquitectos finalista de los \u201cGlobal Awards for Excellence\u201d -","description":"El despacho de arquitectos Sordo Madaleno se posicion\u00f3 como finalista del premio \u201cGlobal Awards for Excellence\u201d por el Urban Land Institute (ULI), esto por el proyecto de usos mixtos Antara Fashion Hall.","robots":{"index":"index","follow":"follow","max-snippet":"max-snippet:-1","max-image-preview":"max-image-preview:large","max-video-preview":"max-video-preview:-1"},"canonical":"https:\/\/centrourbano.com\/revista\/inmobiliario\/sordo-madaleno-arquitectos-finalista-los-global-awards-for-excellence\/","og_locale":"es_ES","og_type":"article","og_title":"Sordo Madaleno Arquitectos finalista de los \u201cGlobal Awards for Excellence\u201d -","og_description":"El despacho de arquitectos Sordo Madaleno se posicion\u00f3 como finalista del premio \u201cGlobal Awards for Excellence\u201d por el Urban Land Institute (ULI), esto por el proyecto de usos mixtos Antara Fashion Hall.","og_url":"https:\/\/centrourbano.com\/revista\/inmobiliario\/sordo-madaleno-arquitectos-finalista-los-global-awards-for-excellence\/","og_site_name":"Centro Urbano","article_publisher":"https:\/\/www.facebook.com\/portalcentrourbano","article_published_time":"2016-05-23T14:44:50+00:00","og_image":[{"width":580,"height":352,"url":"https:\/\/centrourbano.com\/revista\/wp-content\/uploads\/2013_ANTARA_CORP_I_WEB_PHOTO_by_Paul_Rivera_18_webpage-e1464014578493.jpg","type":"image\/jpeg"}],"author":"Yareth Casanova","twitter_card":"summary_large_image","twitter_creator":"@CentroUrbano","twitter_site":"@CentroUrbano","twitter_misc":{"Escrito por":"Yareth Casanova","Tiempo de lectura":"1 minuto"},"schema":{"@context":"https:\/\/schema.org","@graph":[{"@type":"Article","@id":"https:\/\/centrourbano.com\/revista\/inmobiliario\/sordo-madaleno-arquitectos-finalista-los-global-awards-for-excellence\/#article","isPartOf":{"@id":"https:\/\/centrourbano.com\/revista\/inmobiliario\/sordo-madaleno-arquitectos-finalista-los-global-awards-for-excellence\/"},"author":{"name":"Yareth Casanova","@id":"https:\/\/centrourbano.com\/revista\/#\/schema\/person\/fa3124fc7c30aaf90c5e85dc5ce88a3d"},"headline":"Sordo Madaleno Arquitectos finalista de los \u201cGlobal Awards for Excellence\u201d","datePublished":"2016-05-23T14:44:50+00:00","mainEntityOfPage":{"@id":"https:\/\/centrourbano.com\/revista\/inmobiliario\/sordo-madaleno-arquitectos-finalista-los-global-awards-for-excellence\/"},"wordCount":130,"commentCount":0,"publisher":{"@id":"https:\/\/centrourbano.com\/revista\/#organization"},"image":{"@id":"https:\/\/centrourbano.com\/revista\/inmobiliario\/sordo-madaleno-arquitectos-finalista-los-global-awards-for-excellence\/#primaryimage"},"thumbnailUrl":"https:\/\/centrourbano.com\/revista\/wp-content\/uploads\/2013_ANTARA_CORP_I_WEB_PHOTO_by_Paul_Rivera_18_webpage-e1464014578493.jpg","articleSection":["Inmobiliario"],"inLanguage":"es","potentialAction":[{"@type":"CommentAction","name":"Comment","target":["https:\/\/centrourbano.com\/revista\/inmobiliario\/sordo-madaleno-arquitectos-finalista-los-global-awards-for-excellence\/#respond"]}]},{"@type":"WebPage","@id":"https:\/\/centrourbano.com\/revista\/inmobiliario\/sordo-madaleno-arquitectos-finalista-los-global-awards-for-excellence\/","url":"https:\/\/centrourbano.com\/revista\/inmobiliario\/sordo-madaleno-arquitectos-finalista-los-global-awards-for-excellence\/","name":"Sordo Madaleno Arquitectos finalista de los \u201cGlobal Awards for Excellence\u201d -","isPartOf":{"@id":"https:\/\/centrourbano.com\/revista\/#website"},"primaryImageOfPage":{"@id":"https:\/\/centrourbano.com\/revista\/inmobiliario\/sordo-madaleno-arquitectos-finalista-los-global-awards-for-excellence\/#primaryimage"},"image":{"@id":"https:\/\/centrourbano.com\/revista\/inmobiliario\/sordo-madaleno-arquitectos-finalista-los-global-awards-for-excellence\/#primaryimage"},"thumbnailUrl":"https:\/\/centrourbano.com\/revista\/wp-content\/uploads\/2013_ANTARA_CORP_I_WEB_PHOTO_by_Paul_Rivera_18_webpage-e1464014578493.jpg","datePublished":"2016-05-23T14:44:50+00:00","description":"El despacho de arquitectos Sordo Madaleno se posicion\u00f3 como finalista del premio \u201cGlobal Awards for Excellence\u201d por el Urban Land Institute (ULI), esto por el proyecto de usos mixtos Antara Fashion Hall.","breadcrumb":{"@id":"https:\/\/centrourbano.com\/revista\/inmobiliario\/sordo-madaleno-arquitectos-finalista-los-global-awards-for-excellence\/#breadcrumb"},"inLanguage":"es","potentialAction":[{"@type":"ReadAction","target":["https:\/\/centrourbano.com\/revista\/inmobiliario\/sordo-madaleno-arquitectos-finalista-los-global-awards-for-excellence\/"]}]},{"@type":"ImageObject","inLanguage":"es","@id":"https:\/\/centrourbano.com\/revista\/inmobiliario\/sordo-madaleno-arquitectos-finalista-los-global-awards-for-excellence\/#primaryimage","url":"https:\/\/centrourbano.com\/revista\/wp-content\/uploads\/2013_ANTARA_CORP_I_WEB_PHOTO_by_Paul_Rivera_18_webpage-e1464014578493.jpg","contentUrl":"https:\/\/centrourbano.com\/revista\/wp-content\/uploads\/2013_ANTARA_CORP_I_WEB_PHOTO_by_Paul_Rivera_18_webpage-e1464014578493.jpg","width":580,"height":352},{"@type":"BreadcrumbList","@id":"https:\/\/centrourbano.com\/revista\/inmobiliario\/sordo-madaleno-arquitectos-finalista-los-global-awards-for-excellence\/#breadcrumb","itemListElement":[{"@type":"ListItem","position":1,"name":"Portada","item":"https:\/\/centrourbano.com\/revista\/"},{"@type":"ListItem","position":2,"name":"Sordo Madaleno Arquitectos finalista de los \u201cGlobal Awards for Excellence\u201d"}]},{"@type":"WebSite","@id":"https:\/\/centrourbano.com\/revista\/#website","url":"https:\/\/centrourbano.com\/revista\/","name":"Centro Urbano","description":"Medio especializado en los sectores vivienda, inmobiliario, construcci\u00f3n, arquitectura y urbanismo.","publisher":{"@id":"https:\/\/centrourbano.com\/revista\/#organization"},"potentialAction":[{"@type":"SearchAction","target":{"@type":"EntryPoint","urlTemplate":"https:\/\/centrourbano.com\/revista\/?s={search_term_string}"},"query-input":{"@type":"PropertyValueSpecification","valueRequired":true,"valueName":"search_term_string"}}],"inLanguage":"es"},{"@type":"Organization","@id":"https:\/\/centrourbano.com\/revista\/#organization","name":"Centro Urbano","url":"https:\/\/centrourbano.com\/revista\/","logo":{"@type":"ImageObject","inLanguage":"es","@id":"https:\/\/centrourbano.com\/revista\/#\/schema\/logo\/image\/","url":"https:\/\/centrourbano.com\/revista\/wp-content\/uploads\/web_CU_logo-1.png","contentUrl":"https:\/\/centrourbano.com\/revista\/wp-content\/uploads\/web_CU_logo-1.png","width":350,"height":91,"caption":"Centro Urbano"},"image":{"@id":"https:\/\/centrourbano.com\/revista\/#\/schema\/logo\/image\/"},"sameAs":["https:\/\/www.facebook.com\/portalcentrourbano","https:\/\/x.com\/CentroUrbano","https:\/\/www.instagram.com\/centro_urbano\/","https:\/\/www.linkedin.com\/company\/centro-urbano\/","http:\/\/www.youtube.com\/user\/portalcentrourbano"]},{"@type":"Person","@id":"https:\/\/centrourbano.com\/revista\/#\/schema\/person\/fa3124fc7c30aaf90c5e85dc5ce88a3d","name":"Yareth Casanova","image":{"@type":"ImageObject","inLanguage":"es","@id":"https:\/\/secure.gravatar.com\/avatar\/cc5021d028a26acc18cd90754b870114c9449717d0cf43cc142712f089324f6d?s=96&d=mm&r=g","url":"https:\/\/secure.gravatar.com\/avatar\/cc5021d028a26acc18cd90754b870114c9449717d0cf43cc142712f089324f6d?s=96&d=mm&r=g","contentUrl":"https:\/\/secure.gravatar.com\/avatar\/cc5021d028a26acc18cd90754b870114c9449717d0cf43cc142712f089324f6d?s=96&d=mm&r=g","caption":"Yareth Casanova"},"description":"Egresada de la Universidad del Valle de M\u00e9xico en Ciencias de la Comunicaci\u00f3n. Fungi\u00f3 como community manager en el Senado de la Rep\u00fablica y como becaria en editorial Televisa. Actualmente se desempe\u00f1a como community manager y reportera en Centro Urbano. Es amante de los perros y sus pasiones son el baile, el cine, la pol\u00edtica y la moda.","url":"https:\/\/centrourbano.com\/revista\/author\/yarethcu\/"}]}},"_links":{"self":[{"href":"https:\/\/centrourbano.com\/revista\/wp-json\/wp\/v2\/posts\/34911","targetHints":{"allow":["GET"]}}],"collection":[{"href":"https:\/\/centrourbano.com\/revista\/wp-json\/wp\/v2\/posts"}],"about":[{"href":"https:\/\/centrourbano.com\/revista\/wp-json\/wp\/v2\/types\/post"}],"author":[{"embeddable":true,"href":"https:\/\/centrourbano.com\/revista\/wp-json\/wp\/v2\/users\/36"}],"replies":[{"embeddable":true,"href":"https:\/\/centrourbano.com\/revista\/wp-json\/wp\/v2\/comments?post=34911"}],"version-history":[{"count":0,"href":"https:\/\/centrourbano.com\/revista\/wp-json\/wp\/v2\/posts\/34911\/revisions"}],"wp:featuredmedia":[{"embeddable":true,"href":"https:\/\/centrourbano.com\/revista\/wp-json\/wp\/v2\/media\/34912"}],"wp:attachment":[{"href":"https:\/\/centrourbano.com\/revista\/wp-json\/wp\/v2\/media?parent=34911"}],"wp:term":[{"taxonomy":"category","embeddable":true,"href":"https:\/\/centrourbano.com\/revista\/wp-json\/wp\/v2\/categories?post=34911"},{"taxonomy":"post_tag","embeddable":true,"href":"https:\/\/centrourbano.com\/revista\/wp-json\/wp\/v2\/tags?post=34911"}],"curies":[{"name":"wp","href":"https:\/\/api.w.org\/{rel}","templated":true}]}}