{"id":34702,"date":"2016-05-17T13:25:24","date_gmt":"2016-05-17T18:25:24","guid":{"rendered":"https:\/\/centrourbano.com\/?p=34702"},"modified":"2016-05-17T13:26:34","modified_gmt":"2016-05-17T18:26:34","slug":"museo-tamayo-presenta-exposicion-isamu-noguchi","status":"publish","type":"post","link":"https:\/\/centrourbano.com\/revista\/arquitectura-2\/museo-tamayo-presenta-exposicion-isamu-noguchi\/","title":{"rendered":"Museo Tamayo presenta exposici\u00f3n de Isamu Noguchi"},"content":{"rendered":"<p><em>A trav\u00e9s de maquetas, bocetos, dibujos arquitect\u00f3nicos y fotograf\u00edas, esta muestra centra la visi\u00f3n de uno de los escultores m\u00e1s importantes del siglo XX<br \/>\n<\/em><!--more--><\/p>\n<p>Desde el pasado 11 de mayo el Museo Tamayo de la Ciudad de M\u00e9xico exhibe una muestra que se centra en la visi\u00f3n de uno de los escultores m\u00e1s importantes del siglo XX sobre parques infantiles y el espacio p\u00fablico.<\/p>\n<p>Se trata de la primera exposici\u00f3n en el mundo que re\u00fane investigaci\u00f3n realizada por Isamu Noguchi a lo largo de 50 a\u00f1os, e incluye maquetas, bocetos, dibujos arquitect\u00f3nicos y fotograf\u00edas, adem\u00e1s de recreaciones de espacios escult\u00f3ricos l\u00fadicos y funcionales.<\/p>\n<a href=\"https:\/\/centrourbano.com\/revista\/wp-content\/uploads\/2-1.png\"><img loading=\"lazy\" decoding=\"async\" src=\"https:\/\/centrourbano.com\/revista\/wp-content\/uploads\/2-1.png\" alt=\"2\" width=\"666\" height=\"474\" class=\"alignnone size-full wp-image-34705\" srcset=\"https:\/\/centrourbano.com\/revista\/wp-content\/uploads\/2-1.png 666w, https:\/\/centrourbano.com\/revista\/wp-content\/uploads\/2-1-300x214.png 300w\" sizes=\"auto, (max-width: 666px) 100vw, 666px\" \/><\/a>\n<p>\u201cLos parques de Noguchi\u201d,  retoma ideas relevantes de Isamu Noguchi respecto a la forma de aproximarnos al juego, la recreaci\u00f3n y el aprendizaje, buscando provocar una reconsideraci\u00f3n de estas categor\u00edas en el sentido de comunidad que opera en nuestro propio tiempo. <\/p>\n<p>Las maquetas, dibujos, escenograf\u00edas e im\u00e1genes de archivo, que esta muestra trae por primera vez a M\u00e9xico, llegan al Museo Tamayo, ubicados dentro y fuera del edificio; los juegos estar\u00e1n disponibles a los visitantes. <\/p>\n<p>Isamu Noguchi fue un artista multifac\u00e9tico cuya trayectoria art\u00edstica se caracteriz\u00f3 por una continua exploraci\u00f3n del medio escult\u00f3rico, expandi\u00e9ndolo hacia otras disciplinas como la escenograf\u00eda, la arquitectura, el paisaje y el dise\u00f1o. <\/p>\n","protected":false},"excerpt":{"rendered":"<p>A trav\u00e9s de maquetas, bocetos, dibujos arquitect\u00f3nicos y fotograf\u00edas, esta muestra centra la visi\u00f3n de uno de los escultores m\u00e1s importantes del siglo XX<\/p>\n","protected":false},"author":9,"featured_media":34703,"comment_status":"open","ping_status":"closed","sticky":false,"template":"","format":"standard","meta":{"om_disable_all_campaigns":false,"inline_featured_image":false,"_monsterinsights_skip_tracking":false,"_monsterinsights_sitenote_active":false,"_monsterinsights_sitenote_note":"","_monsterinsights_sitenote_category":0,"footnotes":""},"categories":[81],"tags":[2786],"class_list":["post-34702","post","type-post","status-publish","format-standard","has-post-thumbnail","hentry","category-arquitectura-2","tag-museo-tamayo"],"yoast_head":"<!-- This site is optimized with the Yoast SEO plugin v27.4 - https:\/\/yoast.com\/product\/yoast-seo-wordpress\/ -->\n<title>Museo Tamayo presenta exposici\u00f3n de Isamu Noguchi<\/title>\n<meta name=\"description\" content=\"A trav\u00e9s de maquetas, bocetos, dibujos arquitect\u00f3nicos y fotograf\u00edas, esta muestra centra la visi\u00f3n de uno de los escultores m\u00e1s importantes del siglo XX\" \/>\n<meta name=\"robots\" content=\"index, follow, max-snippet:-1, max-image-preview:large, max-video-preview:-1\" \/>\n<link rel=\"canonical\" href=\"https:\/\/centrourbano.com\/revista\/arquitectura-2\/museo-tamayo-presenta-exposicion-isamu-noguchi\/\" \/>\n<meta property=\"og:locale\" content=\"es_ES\" \/>\n<meta property=\"og:type\" content=\"article\" \/>\n<meta property=\"og:title\" content=\"Museo Tamayo presenta exposici\u00f3n de Isamu Noguchi\" \/>\n<meta property=\"og:description\" content=\"A trav\u00e9s de maquetas, bocetos, dibujos arquitect\u00f3nicos y fotograf\u00edas, esta muestra centra la visi\u00f3n de uno de los escultores m\u00e1s importantes del siglo XX\" \/>\n<meta property=\"og:url\" content=\"https:\/\/centrourbano.com\/revista\/arquitectura-2\/museo-tamayo-presenta-exposicion-isamu-noguchi\/\" \/>\n<meta property=\"og:site_name\" content=\"Centro Urbano\" \/>\n<meta property=\"article:publisher\" content=\"https:\/\/www.facebook.com\/portalcentrourbano\" \/>\n<meta property=\"article:published_time\" content=\"2016-05-17T18:25:24+00:00\" \/>\n<meta property=\"article:modified_time\" content=\"2016-05-17T18:26:34+00:00\" \/>\n<meta property=\"og:image\" content=\"https:\/\/centrourbano.com\/revista\/wp-content\/uploads\/Sin-t\u00edtulo-10.png\" \/>\n\t<meta property=\"og:image:width\" content=\"714\" \/>\n\t<meta property=\"og:image:height\" content=\"432\" \/>\n\t<meta property=\"og:image:type\" content=\"image\/png\" \/>\n<meta name=\"author\" content=\"Dinorah Nava\" \/>\n<meta name=\"twitter:card\" content=\"summary_large_image\" \/>\n<meta name=\"twitter:creator\" content=\"@https:\/\/twitter.com\/Dinorah_Nava28\" \/>\n<meta name=\"twitter:site\" content=\"@CentroUrbano\" \/>\n<meta name=\"twitter:label1\" content=\"Escrito por\" \/>\n\t<meta name=\"twitter:data1\" content=\"Dinorah Nava\" \/>\n\t<meta name=\"twitter:label2\" content=\"Tiempo de lectura\" \/>\n\t<meta name=\"twitter:data2\" content=\"1 minuto\" \/>\n<script type=\"application\/ld+json\" class=\"yoast-schema-graph\">{\"@context\":\"https:\\\/\\\/schema.org\",\"@graph\":[{\"@type\":\"Article\",\"@id\":\"https:\\\/\\\/centrourbano.com\\\/revista\\\/arquitectura-2\\\/museo-tamayo-presenta-exposicion-isamu-noguchi\\\/#article\",\"isPartOf\":{\"@id\":\"https:\\\/\\\/centrourbano.com\\\/revista\\\/arquitectura-2\\\/museo-tamayo-presenta-exposicion-isamu-noguchi\\\/\"},\"author\":{\"name\":\"Dinorah Nava\",\"@id\":\"https:\\\/\\\/centrourbano.com\\\/revista\\\/#\\\/schema\\\/person\\\/b45db815d96831257ba428a3d5a5fbdc\"},\"headline\":\"Museo Tamayo presenta exposici\u00f3n de Isamu Noguchi\",\"datePublished\":\"2016-05-17T18:25:24+00:00\",\"dateModified\":\"2016-05-17T18:26:34+00:00\",\"mainEntityOfPage\":{\"@id\":\"https:\\\/\\\/centrourbano.com\\\/revista\\\/arquitectura-2\\\/museo-tamayo-presenta-exposicion-isamu-noguchi\\\/\"},\"wordCount\":248,\"commentCount\":0,\"publisher\":{\"@id\":\"https:\\\/\\\/centrourbano.com\\\/revista\\\/#organization\"},\"image\":{\"@id\":\"https:\\\/\\\/centrourbano.com\\\/revista\\\/arquitectura-2\\\/museo-tamayo-presenta-exposicion-isamu-noguchi\\\/#primaryimage\"},\"thumbnailUrl\":\"https:\\\/\\\/centrourbano.com\\\/revista\\\/wp-content\\\/uploads\\\/Sin-t\u00edtulo-10.png\",\"keywords\":[\"Museo Tamayo\"],\"articleSection\":[\"Arquitectura\"],\"inLanguage\":\"es\",\"potentialAction\":[{\"@type\":\"CommentAction\",\"name\":\"Comment\",\"target\":[\"https:\\\/\\\/centrourbano.com\\\/revista\\\/arquitectura-2\\\/museo-tamayo-presenta-exposicion-isamu-noguchi\\\/#respond\"]}]},{\"@type\":\"WebPage\",\"@id\":\"https:\\\/\\\/centrourbano.com\\\/revista\\\/arquitectura-2\\\/museo-tamayo-presenta-exposicion-isamu-noguchi\\\/\",\"url\":\"https:\\\/\\\/centrourbano.com\\\/revista\\\/arquitectura-2\\\/museo-tamayo-presenta-exposicion-isamu-noguchi\\\/\",\"name\":\"Museo Tamayo presenta exposici\u00f3n de Isamu Noguchi\",\"isPartOf\":{\"@id\":\"https:\\\/\\\/centrourbano.com\\\/revista\\\/#website\"},\"primaryImageOfPage\":{\"@id\":\"https:\\\/\\\/centrourbano.com\\\/revista\\\/arquitectura-2\\\/museo-tamayo-presenta-exposicion-isamu-noguchi\\\/#primaryimage\"},\"image\":{\"@id\":\"https:\\\/\\\/centrourbano.com\\\/revista\\\/arquitectura-2\\\/museo-tamayo-presenta-exposicion-isamu-noguchi\\\/#primaryimage\"},\"thumbnailUrl\":\"https:\\\/\\\/centrourbano.com\\\/revista\\\/wp-content\\\/uploads\\\/Sin-t\u00edtulo-10.png\",\"datePublished\":\"2016-05-17T18:25:24+00:00\",\"dateModified\":\"2016-05-17T18:26:34+00:00\",\"description\":\"A trav\u00e9s de maquetas, bocetos, dibujos arquitect\u00f3nicos y fotograf\u00edas, esta muestra centra la visi\u00f3n de uno de los escultores m\u00e1s importantes del siglo XX\",\"breadcrumb\":{\"@id\":\"https:\\\/\\\/centrourbano.com\\\/revista\\\/arquitectura-2\\\/museo-tamayo-presenta-exposicion-isamu-noguchi\\\/#breadcrumb\"},\"inLanguage\":\"es\",\"potentialAction\":[{\"@type\":\"ReadAction\",\"target\":[\"https:\\\/\\\/centrourbano.com\\\/revista\\\/arquitectura-2\\\/museo-tamayo-presenta-exposicion-isamu-noguchi\\\/\"]}]},{\"@type\":\"ImageObject\",\"inLanguage\":\"es\",\"@id\":\"https:\\\/\\\/centrourbano.com\\\/revista\\\/arquitectura-2\\\/museo-tamayo-presenta-exposicion-isamu-noguchi\\\/#primaryimage\",\"url\":\"https:\\\/\\\/centrourbano.com\\\/revista\\\/wp-content\\\/uploads\\\/Sin-t\u00edtulo-10.png\",\"contentUrl\":\"https:\\\/\\\/centrourbano.com\\\/revista\\\/wp-content\\\/uploads\\\/Sin-t\u00edtulo-10.png\",\"width\":714,\"height\":432,\"caption\":\"A trav\u00e9s de maquetas, bocetos, dibujos arquitect\u00f3nicos y fotograf\u00edas, esta muestra centra la visi\u00f3n de uno de los escultores m\u00e1s importantes del siglo XX\"},{\"@type\":\"BreadcrumbList\",\"@id\":\"https:\\\/\\\/centrourbano.com\\\/revista\\\/arquitectura-2\\\/museo-tamayo-presenta-exposicion-isamu-noguchi\\\/#breadcrumb\",\"itemListElement\":[{\"@type\":\"ListItem\",\"position\":1,\"name\":\"Portada\",\"item\":\"https:\\\/\\\/centrourbano.com\\\/revista\\\/\"},{\"@type\":\"ListItem\",\"position\":2,\"name\":\"Museo Tamayo presenta exposici\u00f3n de Isamu Noguchi\"}]},{\"@type\":\"WebSite\",\"@id\":\"https:\\\/\\\/centrourbano.com\\\/revista\\\/#website\",\"url\":\"https:\\\/\\\/centrourbano.com\\\/revista\\\/\",\"name\":\"Centro Urbano\",\"description\":\"Medio especializado en los sectores vivienda, inmobiliario, construcci\u00f3n, arquitectura y urbanismo.\",\"publisher\":{\"@id\":\"https:\\\/\\\/centrourbano.com\\\/revista\\\/#organization\"},\"potentialAction\":[{\"@type\":\"SearchAction\",\"target\":{\"@type\":\"EntryPoint\",\"urlTemplate\":\"https:\\\/\\\/centrourbano.com\\\/revista\\\/?s={search_term_string}\"},\"query-input\":{\"@type\":\"PropertyValueSpecification\",\"valueRequired\":true,\"valueName\":\"search_term_string\"}}],\"inLanguage\":\"es\"},{\"@type\":\"Organization\",\"@id\":\"https:\\\/\\\/centrourbano.com\\\/revista\\\/#organization\",\"name\":\"Centro Urbano\",\"url\":\"https:\\\/\\\/centrourbano.com\\\/revista\\\/\",\"logo\":{\"@type\":\"ImageObject\",\"inLanguage\":\"es\",\"@id\":\"https:\\\/\\\/centrourbano.com\\\/revista\\\/#\\\/schema\\\/logo\\\/image\\\/\",\"url\":\"https:\\\/\\\/centrourbano.com\\\/revista\\\/wp-content\\\/uploads\\\/web_CU_logo-1.png\",\"contentUrl\":\"https:\\\/\\\/centrourbano.com\\\/revista\\\/wp-content\\\/uploads\\\/web_CU_logo-1.png\",\"width\":350,\"height\":91,\"caption\":\"Centro Urbano\"},\"image\":{\"@id\":\"https:\\\/\\\/centrourbano.com\\\/revista\\\/#\\\/schema\\\/logo\\\/image\\\/\"},\"sameAs\":[\"https:\\\/\\\/www.facebook.com\\\/portalcentrourbano\",\"https:\\\/\\\/x.com\\\/CentroUrbano\",\"https:\\\/\\\/www.instagram.com\\\/centro_urbano\\\/\",\"https:\\\/\\\/www.linkedin.com\\\/company\\\/centro-urbano\\\/\",\"http:\\\/\\\/www.youtube.com\\\/user\\\/portalcentrourbano\"]},{\"@type\":\"Person\",\"@id\":\"https:\\\/\\\/centrourbano.com\\\/revista\\\/#\\\/schema\\\/person\\\/b45db815d96831257ba428a3d5a5fbdc\",\"name\":\"Dinorah Nava\",\"image\":{\"@type\":\"ImageObject\",\"inLanguage\":\"es\",\"@id\":\"https:\\\/\\\/secure.gravatar.com\\\/avatar\\\/f6ca6430c51d147f363940f84e1225aa4b8183885c11802cc3b042305a4ecc1a?s=96&d=mm&r=g\",\"url\":\"https:\\\/\\\/secure.gravatar.com\\\/avatar\\\/f6ca6430c51d147f363940f84e1225aa4b8183885c11802cc3b042305a4ecc1a?s=96&d=mm&r=g\",\"contentUrl\":\"https:\\\/\\\/secure.gravatar.com\\\/avatar\\\/f6ca6430c51d147f363940f84e1225aa4b8183885c11802cc3b042305a4ecc1a?s=96&d=mm&r=g\",\"caption\":\"Dinorah Nava\"},\"description\":\"Editora de Contenidos y Estrategias Digitales en Centro Urbano y Coeditora en Peri\u00f3dico Mi Casa. Egresada de la licenciatura en Comunicaci\u00f3n y Periodismo de la Facultad de Estudios Superiores Arag\u00f3n (UNAM). Amante de la edici\u00f3n y correcci\u00f3n de estilo, las redes sociales y el mundo digital. Especialista en temas son arquitectura, inmobiliario y urbanismo.\",\"sameAs\":[\"linkedin.com\\\/in\\\/dinorah-nava\",\"https:\\\/\\\/x.com\\\/https:\\\/\\\/twitter.com\\\/Dinorah_Nava28\"],\"url\":\"https:\\\/\\\/centrourbano.com\\\/revista\\\/author\\\/dinorah-nava\\\/\"}]}<\/script>\n<!-- \/ Yoast SEO plugin. -->","yoast_head_json":{"title":"Museo Tamayo presenta exposici\u00f3n de Isamu Noguchi","description":"A trav\u00e9s de maquetas, bocetos, dibujos arquitect\u00f3nicos y fotograf\u00edas, esta muestra centra la visi\u00f3n de uno de los escultores m\u00e1s importantes del siglo XX","robots":{"index":"index","follow":"follow","max-snippet":"max-snippet:-1","max-image-preview":"max-image-preview:large","max-video-preview":"max-video-preview:-1"},"canonical":"https:\/\/centrourbano.com\/revista\/arquitectura-2\/museo-tamayo-presenta-exposicion-isamu-noguchi\/","og_locale":"es_ES","og_type":"article","og_title":"Museo Tamayo presenta exposici\u00f3n de Isamu Noguchi","og_description":"A trav\u00e9s de maquetas, bocetos, dibujos arquitect\u00f3nicos y fotograf\u00edas, esta muestra centra la visi\u00f3n de uno de los escultores m\u00e1s importantes del siglo XX","og_url":"https:\/\/centrourbano.com\/revista\/arquitectura-2\/museo-tamayo-presenta-exposicion-isamu-noguchi\/","og_site_name":"Centro Urbano","article_publisher":"https:\/\/www.facebook.com\/portalcentrourbano","article_published_time":"2016-05-17T18:25:24+00:00","article_modified_time":"2016-05-17T18:26:34+00:00","og_image":[{"width":714,"height":432,"url":"https:\/\/centrourbano.com\/revista\/wp-content\/uploads\/Sin-t\u00edtulo-10.png","type":"image\/png"}],"author":"Dinorah Nava","twitter_card":"summary_large_image","twitter_creator":"@https:\/\/twitter.com\/Dinorah_Nava28","twitter_site":"@CentroUrbano","twitter_misc":{"Escrito por":"Dinorah Nava","Tiempo de lectura":"1 minuto"},"schema":{"@context":"https:\/\/schema.org","@graph":[{"@type":"Article","@id":"https:\/\/centrourbano.com\/revista\/arquitectura-2\/museo-tamayo-presenta-exposicion-isamu-noguchi\/#article","isPartOf":{"@id":"https:\/\/centrourbano.com\/revista\/arquitectura-2\/museo-tamayo-presenta-exposicion-isamu-noguchi\/"},"author":{"name":"Dinorah Nava","@id":"https:\/\/centrourbano.com\/revista\/#\/schema\/person\/b45db815d96831257ba428a3d5a5fbdc"},"headline":"Museo Tamayo presenta exposici\u00f3n de Isamu Noguchi","datePublished":"2016-05-17T18:25:24+00:00","dateModified":"2016-05-17T18:26:34+00:00","mainEntityOfPage":{"@id":"https:\/\/centrourbano.com\/revista\/arquitectura-2\/museo-tamayo-presenta-exposicion-isamu-noguchi\/"},"wordCount":248,"commentCount":0,"publisher":{"@id":"https:\/\/centrourbano.com\/revista\/#organization"},"image":{"@id":"https:\/\/centrourbano.com\/revista\/arquitectura-2\/museo-tamayo-presenta-exposicion-isamu-noguchi\/#primaryimage"},"thumbnailUrl":"https:\/\/centrourbano.com\/revista\/wp-content\/uploads\/Sin-t\u00edtulo-10.png","keywords":["Museo Tamayo"],"articleSection":["Arquitectura"],"inLanguage":"es","potentialAction":[{"@type":"CommentAction","name":"Comment","target":["https:\/\/centrourbano.com\/revista\/arquitectura-2\/museo-tamayo-presenta-exposicion-isamu-noguchi\/#respond"]}]},{"@type":"WebPage","@id":"https:\/\/centrourbano.com\/revista\/arquitectura-2\/museo-tamayo-presenta-exposicion-isamu-noguchi\/","url":"https:\/\/centrourbano.com\/revista\/arquitectura-2\/museo-tamayo-presenta-exposicion-isamu-noguchi\/","name":"Museo Tamayo presenta exposici\u00f3n de Isamu Noguchi","isPartOf":{"@id":"https:\/\/centrourbano.com\/revista\/#website"},"primaryImageOfPage":{"@id":"https:\/\/centrourbano.com\/revista\/arquitectura-2\/museo-tamayo-presenta-exposicion-isamu-noguchi\/#primaryimage"},"image":{"@id":"https:\/\/centrourbano.com\/revista\/arquitectura-2\/museo-tamayo-presenta-exposicion-isamu-noguchi\/#primaryimage"},"thumbnailUrl":"https:\/\/centrourbano.com\/revista\/wp-content\/uploads\/Sin-t\u00edtulo-10.png","datePublished":"2016-05-17T18:25:24+00:00","dateModified":"2016-05-17T18:26:34+00:00","description":"A trav\u00e9s de maquetas, bocetos, dibujos arquitect\u00f3nicos y fotograf\u00edas, esta muestra centra la visi\u00f3n de uno de los escultores m\u00e1s importantes del siglo XX","breadcrumb":{"@id":"https:\/\/centrourbano.com\/revista\/arquitectura-2\/museo-tamayo-presenta-exposicion-isamu-noguchi\/#breadcrumb"},"inLanguage":"es","potentialAction":[{"@type":"ReadAction","target":["https:\/\/centrourbano.com\/revista\/arquitectura-2\/museo-tamayo-presenta-exposicion-isamu-noguchi\/"]}]},{"@type":"ImageObject","inLanguage":"es","@id":"https:\/\/centrourbano.com\/revista\/arquitectura-2\/museo-tamayo-presenta-exposicion-isamu-noguchi\/#primaryimage","url":"https:\/\/centrourbano.com\/revista\/wp-content\/uploads\/Sin-t\u00edtulo-10.png","contentUrl":"https:\/\/centrourbano.com\/revista\/wp-content\/uploads\/Sin-t\u00edtulo-10.png","width":714,"height":432,"caption":"A trav\u00e9s de maquetas, bocetos, dibujos arquitect\u00f3nicos y fotograf\u00edas, esta muestra centra la visi\u00f3n de uno de los escultores m\u00e1s importantes del siglo XX"},{"@type":"BreadcrumbList","@id":"https:\/\/centrourbano.com\/revista\/arquitectura-2\/museo-tamayo-presenta-exposicion-isamu-noguchi\/#breadcrumb","itemListElement":[{"@type":"ListItem","position":1,"name":"Portada","item":"https:\/\/centrourbano.com\/revista\/"},{"@type":"ListItem","position":2,"name":"Museo Tamayo presenta exposici\u00f3n de Isamu Noguchi"}]},{"@type":"WebSite","@id":"https:\/\/centrourbano.com\/revista\/#website","url":"https:\/\/centrourbano.com\/revista\/","name":"Centro Urbano","description":"Medio especializado en los sectores vivienda, inmobiliario, construcci\u00f3n, arquitectura y urbanismo.","publisher":{"@id":"https:\/\/centrourbano.com\/revista\/#organization"},"potentialAction":[{"@type":"SearchAction","target":{"@type":"EntryPoint","urlTemplate":"https:\/\/centrourbano.com\/revista\/?s={search_term_string}"},"query-input":{"@type":"PropertyValueSpecification","valueRequired":true,"valueName":"search_term_string"}}],"inLanguage":"es"},{"@type":"Organization","@id":"https:\/\/centrourbano.com\/revista\/#organization","name":"Centro Urbano","url":"https:\/\/centrourbano.com\/revista\/","logo":{"@type":"ImageObject","inLanguage":"es","@id":"https:\/\/centrourbano.com\/revista\/#\/schema\/logo\/image\/","url":"https:\/\/centrourbano.com\/revista\/wp-content\/uploads\/web_CU_logo-1.png","contentUrl":"https:\/\/centrourbano.com\/revista\/wp-content\/uploads\/web_CU_logo-1.png","width":350,"height":91,"caption":"Centro Urbano"},"image":{"@id":"https:\/\/centrourbano.com\/revista\/#\/schema\/logo\/image\/"},"sameAs":["https:\/\/www.facebook.com\/portalcentrourbano","https:\/\/x.com\/CentroUrbano","https:\/\/www.instagram.com\/centro_urbano\/","https:\/\/www.linkedin.com\/company\/centro-urbano\/","http:\/\/www.youtube.com\/user\/portalcentrourbano"]},{"@type":"Person","@id":"https:\/\/centrourbano.com\/revista\/#\/schema\/person\/b45db815d96831257ba428a3d5a5fbdc","name":"Dinorah Nava","image":{"@type":"ImageObject","inLanguage":"es","@id":"https:\/\/secure.gravatar.com\/avatar\/f6ca6430c51d147f363940f84e1225aa4b8183885c11802cc3b042305a4ecc1a?s=96&d=mm&r=g","url":"https:\/\/secure.gravatar.com\/avatar\/f6ca6430c51d147f363940f84e1225aa4b8183885c11802cc3b042305a4ecc1a?s=96&d=mm&r=g","contentUrl":"https:\/\/secure.gravatar.com\/avatar\/f6ca6430c51d147f363940f84e1225aa4b8183885c11802cc3b042305a4ecc1a?s=96&d=mm&r=g","caption":"Dinorah Nava"},"description":"Editora de Contenidos y Estrategias Digitales en Centro Urbano y Coeditora en Peri\u00f3dico Mi Casa. Egresada de la licenciatura en Comunicaci\u00f3n y Periodismo de la Facultad de Estudios Superiores Arag\u00f3n (UNAM). Amante de la edici\u00f3n y correcci\u00f3n de estilo, las redes sociales y el mundo digital. Especialista en temas son arquitectura, inmobiliario y urbanismo.","sameAs":["linkedin.com\/in\/dinorah-nava","https:\/\/x.com\/https:\/\/twitter.com\/Dinorah_Nava28"],"url":"https:\/\/centrourbano.com\/revista\/author\/dinorah-nava\/"}]}},"_links":{"self":[{"href":"https:\/\/centrourbano.com\/revista\/wp-json\/wp\/v2\/posts\/34702","targetHints":{"allow":["GET"]}}],"collection":[{"href":"https:\/\/centrourbano.com\/revista\/wp-json\/wp\/v2\/posts"}],"about":[{"href":"https:\/\/centrourbano.com\/revista\/wp-json\/wp\/v2\/types\/post"}],"author":[{"embeddable":true,"href":"https:\/\/centrourbano.com\/revista\/wp-json\/wp\/v2\/users\/9"}],"replies":[{"embeddable":true,"href":"https:\/\/centrourbano.com\/revista\/wp-json\/wp\/v2\/comments?post=34702"}],"version-history":[{"count":0,"href":"https:\/\/centrourbano.com\/revista\/wp-json\/wp\/v2\/posts\/34702\/revisions"}],"wp:featuredmedia":[{"embeddable":true,"href":"https:\/\/centrourbano.com\/revista\/wp-json\/wp\/v2\/media\/34703"}],"wp:attachment":[{"href":"https:\/\/centrourbano.com\/revista\/wp-json\/wp\/v2\/media?parent=34702"}],"wp:term":[{"taxonomy":"category","embeddable":true,"href":"https:\/\/centrourbano.com\/revista\/wp-json\/wp\/v2\/categories?post=34702"},{"taxonomy":"post_tag","embeddable":true,"href":"https:\/\/centrourbano.com\/revista\/wp-json\/wp\/v2\/tags?post=34702"}],"curies":[{"name":"wp","href":"https:\/\/api.w.org\/{rel}","templated":true}]}}