{"id":34418,"date":"2016-05-09T12:23:06","date_gmt":"2016-05-09T17:23:06","guid":{"rendered":"https:\/\/centrourbano.com\/?p=34418"},"modified":"2016-05-09T12:23:06","modified_gmt":"2016-05-09T17:23:06","slug":"inba-festeja-aniversario-teodoro-gonzalez-leon-actividades","status":"publish","type":"post","link":"https:\/\/centrourbano.com\/revista\/arquitectura-2\/inba-festeja-aniversario-teodoro-gonzalez-leon-actividades\/","title":{"rendered":"INBA festeja aniversario de Teodoro Gonz\u00e1lez de Le\u00f3n con actividades"},"content":{"rendered":"<p><em>El INBA realizar\u00e1 una mesa de reflexi\u00f3n sobre el arquitecto en donde participar\u00e1n Enrique Krauze, Enrique Norten, Manuel Felgu\u00e9rez, Francisco Serrano y Silvia Cherem<br \/>\n<\/em><br \/>\nEl <a href=\"http:\/\/www.inba.gob.mx\/\" target=\"_blank\">Instituto Nacional de Bellas Artes<\/a> (INBA) realizar\u00e1 tres actividades con motivo de los festejos que se llevar\u00e1n a cabo en los pr\u00f3ximos d\u00edas con motivo del 90 aniversario del arquitecto Teodoro Gonz\u00e1lez de Le\u00f3n. <\/p>\n<p>Se trata de una mesa de an\u00e1lisis, la exhibici\u00f3n de una escultura ef\u00edmera transitable y la gesti\u00f3n para declarar Monumento Art\u00edstico al inmueble que albera a El Colegio de M\u00e9xico. <\/p>\n<p>De esta \u00faltima actividad, Gonz\u00e1lez de Le\u00f3n record\u00f3, durante una conferencia de prensa, que, junto con Abraham Zabludovsky, gan\u00f3 la convocatoria para materializar el proyecto de construcci\u00f3n de El Colegio de M\u00e9xico.<\/p>\n<p>Lo anterior, ya que los dem\u00e1s participantes presentaron edificios en altura mientras que \u00e9l y Zabludovsky pensaron que un colegio, al tratarse de un lugar de comunidad, deb\u00eda ser un edificio bajo con un patio al que accedieran todas las puertas, idea que m\u00e1s le gust\u00f3 al jurado. <\/p>\n<p>En ese sentido, dijo que la declaratoria de Monumento Art\u00edstico no ser\u00e1 paralizante, ya que se trata de un edificio din\u00e1mico que se mueve imperceptiblemente, adapt\u00e1ndose a las nuevas necesidades de una instituci\u00f3n que crece y cambia.<\/p>\n<p>Para llevar a cabo esto, se necesita la petici\u00f3n por parte del propietario del edificio, en este caso, se recibi\u00f3 la solicitud de la presidenta de El Colegio de M\u00e9xico y se est\u00e1 reuniendo la informaci\u00f3n necesaria para armar el expediente, que debe incluir, entre otros documentos, los planos arquitect\u00f3nicos, seg\u00fan explic\u00f3 la directora general del INBA, Mar\u00eda Cristina Garc\u00eda Cepeda.<\/p>\n<p>Hoy en d\u00eda el arquitecto Teodoro Gonz\u00e1lez trabaja en la ampliaci\u00f3n de la biblioteca de El Colegio de M\u00e9xico, que ser\u00e1 un edificio independiente ubicado en la fachada norponiente del inmueble. <\/p>\n<p>Con respecto a la escultura ef\u00edmera transitable que ser\u00e1 exhibida en el Museo Tamayo Arte Contempor\u00e1neo a partir de octubre, se trata de una pieza nueva realizada por el arquitecto, ya que lo que se buscaba era ver al personaje ligado a las artes visuales sin hacer una retrospectiva. <\/p>\n<p>Al respecto, Gonz\u00e1lez de Le\u00f3n detall\u00f3 que la obra fue dise\u00f1ada por \u00e9l hasta el \u00faltimo tornillo, sin ning\u00fan ayudante. Medir\u00e1 6 x 6 x 6 metros, es desarmable y est\u00e1 elaborada en madera de pino de segunda, para que los visitantes vean nudos y vetas con tubos de acero para unirla que crean una mara\u00f1a en el techo, lo cual sorprender\u00e1 a los espectadores cuando se metan en ella.<\/p>\n<p>En cuanto  a la primera mesa de reflexi\u00f3n del aniversario, se llevar\u00e1 a cabo el mi\u00e9rcoles 11 de mayo a las 18:00 en la Sala Manuel M. Ponce del Palacio de Bellas Artes, con la participaci\u00f3n de Enrique Krauze, Enrique Norten, Manuel Felgu\u00e9rez, Francisco Serrano y Silvia Cherem<\/p>\n","protected":false},"excerpt":{"rendered":"<p>El INBA realizar\u00e1 una mesa de reflexi\u00f3n sobre el arquitecto en donde participar\u00e1n Enrique Krauze, Enrique Norten, Manuel Felgu\u00e9rez, Francisco Serrano y Silvia Cherem El Instituto Nacional de Bellas Artes (INBA) realizar\u00e1 tres actividades con motivo de los festejos que se llevar\u00e1n a cabo en los pr\u00f3ximos d\u00edas con motivo del 90 aniversario del arquitecto [&hellip;]<\/p>\n","protected":false},"author":9,"featured_media":34419,"comment_status":"open","ping_status":"closed","sticky":false,"template":"","format":"standard","meta":{"om_disable_all_campaigns":false,"inline_featured_image":false,"_monsterinsights_skip_tracking":false,"_monsterinsights_sitenote_active":false,"_monsterinsights_sitenote_note":"","_monsterinsights_sitenote_category":0,"footnotes":""},"categories":[81],"tags":[712,3630,388,3333,1425],"class_list":["post-34418","post","type-post","status-publish","format-standard","has-post-thumbnail","hentry","category-arquitectura-2","tag-arquitecto","tag-colegio-de-mexico","tag-inba","tag-instituto-nacional-de-bellas-artes","tag-teodoro-gonzalez-de-leon"],"yoast_head":"<!-- This site is optimized with the Yoast SEO plugin v27.5 - https:\/\/yoast.com\/product\/yoast-seo-wordpress\/ -->\n<title>INBA festeja aniversario de Teodoro Gonz\u00e1lez de Le\u00f3n con actividades<\/title>\n<meta name=\"description\" content=\"El INBA realizar\u00e1 una mesa de reflexi\u00f3n sobre el arquitecto en donde participar\u00e1n Enrique Krauze, Enrique Norten, Manuel Felgu\u00e9rez, Francisco Serrano y Silvia Cherem\" \/>\n<meta name=\"robots\" content=\"index, follow, max-snippet:-1, max-image-preview:large, max-video-preview:-1\" \/>\n<link rel=\"canonical\" href=\"https:\/\/centrourbano.com\/revista\/arquitectura-2\/inba-festeja-aniversario-teodoro-gonzalez-leon-actividades\/\" \/>\n<meta property=\"og:locale\" content=\"es_ES\" \/>\n<meta property=\"og:type\" content=\"article\" \/>\n<meta property=\"og:title\" content=\"INBA festeja aniversario de Teodoro Gonz\u00e1lez de Le\u00f3n con actividades\" \/>\n<meta property=\"og:description\" content=\"El INBA realizar\u00e1 una mesa de reflexi\u00f3n sobre el arquitecto en donde participar\u00e1n Enrique Krauze, Enrique Norten, Manuel Felgu\u00e9rez, Francisco Serrano y Silvia Cherem\" \/>\n<meta property=\"og:url\" content=\"https:\/\/centrourbano.com\/revista\/arquitectura-2\/inba-festeja-aniversario-teodoro-gonzalez-leon-actividades\/\" \/>\n<meta property=\"og:site_name\" content=\"Centro Urbano\" \/>\n<meta property=\"article:publisher\" content=\"https:\/\/www.facebook.com\/portalcentrourbano\" \/>\n<meta property=\"article:published_time\" content=\"2016-05-09T17:23:06+00:00\" \/>\n<meta property=\"og:image\" content=\"https:\/\/centrourbano.com\/revista\/wp-content\/uploads\/INBA-festeja-aniversario-de-Teodoro-Gonz\u00e1lez-de-Le\u00f3n-con-actividades.jpg\" \/>\n\t<meta property=\"og:image:width\" content=\"900\" \/>\n\t<meta property=\"og:image:height\" content=\"540\" \/>\n\t<meta property=\"og:image:type\" content=\"image\/jpeg\" \/>\n<meta name=\"author\" content=\"Dinorah Nava\" \/>\n<meta name=\"twitter:card\" content=\"summary_large_image\" \/>\n<meta name=\"twitter:creator\" content=\"@https:\/\/twitter.com\/Dinorah_Nava28\" \/>\n<meta name=\"twitter:site\" content=\"@CentroUrbano\" \/>\n<meta name=\"twitter:label1\" content=\"Escrito por\" \/>\n\t<meta name=\"twitter:data1\" content=\"Dinorah Nava\" \/>\n\t<meta name=\"twitter:label2\" content=\"Tiempo de lectura\" \/>\n\t<meta name=\"twitter:data2\" content=\"3 minutos\" \/>\n<script type=\"application\/ld+json\" class=\"yoast-schema-graph\">{\"@context\":\"https:\\\/\\\/schema.org\",\"@graph\":[{\"@type\":\"Article\",\"@id\":\"https:\\\/\\\/centrourbano.com\\\/revista\\\/arquitectura-2\\\/inba-festeja-aniversario-teodoro-gonzalez-leon-actividades\\\/#article\",\"isPartOf\":{\"@id\":\"https:\\\/\\\/centrourbano.com\\\/revista\\\/arquitectura-2\\\/inba-festeja-aniversario-teodoro-gonzalez-leon-actividades\\\/\"},\"author\":{\"name\":\"Dinorah Nava\",\"@id\":\"https:\\\/\\\/centrourbano.com\\\/revista\\\/#\\\/schema\\\/person\\\/baa9e569588d5544150642a11ad28b8b\"},\"headline\":\"INBA festeja aniversario de Teodoro Gonz\u00e1lez de Le\u00f3n con actividades\",\"datePublished\":\"2016-05-09T17:23:06+00:00\",\"mainEntityOfPage\":{\"@id\":\"https:\\\/\\\/centrourbano.com\\\/revista\\\/arquitectura-2\\\/inba-festeja-aniversario-teodoro-gonzalez-leon-actividades\\\/\"},\"wordCount\":518,\"commentCount\":0,\"publisher\":{\"@id\":\"https:\\\/\\\/centrourbano.com\\\/revista\\\/#organization\"},\"image\":{\"@id\":\"https:\\\/\\\/centrourbano.com\\\/revista\\\/arquitectura-2\\\/inba-festeja-aniversario-teodoro-gonzalez-leon-actividades\\\/#primaryimage\"},\"thumbnailUrl\":\"https:\\\/\\\/centrourbano.com\\\/revista\\\/wp-content\\\/uploads\\\/INBA-festeja-aniversario-de-Teodoro-Gonz\u00e1lez-de-Le\u00f3n-con-actividades.jpg\",\"keywords\":[\"arquitecto\",\"Colegio de M\u00e9xico\",\"INBA\",\"Instituto Nacional de Bellas Artes\",\"Teodoro Gonz\u00e1lez de Le\u00f3n\"],\"articleSection\":[\"Arquitectura\"],\"inLanguage\":\"es\",\"potentialAction\":[{\"@type\":\"CommentAction\",\"name\":\"Comment\",\"target\":[\"https:\\\/\\\/centrourbano.com\\\/revista\\\/arquitectura-2\\\/inba-festeja-aniversario-teodoro-gonzalez-leon-actividades\\\/#respond\"]}]},{\"@type\":\"WebPage\",\"@id\":\"https:\\\/\\\/centrourbano.com\\\/revista\\\/arquitectura-2\\\/inba-festeja-aniversario-teodoro-gonzalez-leon-actividades\\\/\",\"url\":\"https:\\\/\\\/centrourbano.com\\\/revista\\\/arquitectura-2\\\/inba-festeja-aniversario-teodoro-gonzalez-leon-actividades\\\/\",\"name\":\"INBA festeja aniversario de Teodoro Gonz\u00e1lez de Le\u00f3n con actividades\",\"isPartOf\":{\"@id\":\"https:\\\/\\\/centrourbano.com\\\/revista\\\/#website\"},\"primaryImageOfPage\":{\"@id\":\"https:\\\/\\\/centrourbano.com\\\/revista\\\/arquitectura-2\\\/inba-festeja-aniversario-teodoro-gonzalez-leon-actividades\\\/#primaryimage\"},\"image\":{\"@id\":\"https:\\\/\\\/centrourbano.com\\\/revista\\\/arquitectura-2\\\/inba-festeja-aniversario-teodoro-gonzalez-leon-actividades\\\/#primaryimage\"},\"thumbnailUrl\":\"https:\\\/\\\/centrourbano.com\\\/revista\\\/wp-content\\\/uploads\\\/INBA-festeja-aniversario-de-Teodoro-Gonz\u00e1lez-de-Le\u00f3n-con-actividades.jpg\",\"datePublished\":\"2016-05-09T17:23:06+00:00\",\"description\":\"El INBA realizar\u00e1 una mesa de reflexi\u00f3n sobre el arquitecto en donde participar\u00e1n Enrique Krauze, Enrique Norten, Manuel Felgu\u00e9rez, Francisco Serrano y Silvia Cherem\",\"breadcrumb\":{\"@id\":\"https:\\\/\\\/centrourbano.com\\\/revista\\\/arquitectura-2\\\/inba-festeja-aniversario-teodoro-gonzalez-leon-actividades\\\/#breadcrumb\"},\"inLanguage\":\"es\",\"potentialAction\":[{\"@type\":\"ReadAction\",\"target\":[\"https:\\\/\\\/centrourbano.com\\\/revista\\\/arquitectura-2\\\/inba-festeja-aniversario-teodoro-gonzalez-leon-actividades\\\/\"]}]},{\"@type\":\"ImageObject\",\"inLanguage\":\"es\",\"@id\":\"https:\\\/\\\/centrourbano.com\\\/revista\\\/arquitectura-2\\\/inba-festeja-aniversario-teodoro-gonzalez-leon-actividades\\\/#primaryimage\",\"url\":\"https:\\\/\\\/centrourbano.com\\\/revista\\\/wp-content\\\/uploads\\\/INBA-festeja-aniversario-de-Teodoro-Gonz\u00e1lez-de-Le\u00f3n-con-actividades.jpg\",\"contentUrl\":\"https:\\\/\\\/centrourbano.com\\\/revista\\\/wp-content\\\/uploads\\\/INBA-festeja-aniversario-de-Teodoro-Gonz\u00e1lez-de-Le\u00f3n-con-actividades.jpg\",\"width\":900,\"height\":540,\"caption\":\"El INBA realizar\u00e1 una mesa de reflexi\u00f3n sobre el arquitecto en donde participar\u00e1n Enrique Krauze, Enrique Norten, Manuel Felgu\u00e9rez, Francisco Serrano y Silvia Cherem\"},{\"@type\":\"BreadcrumbList\",\"@id\":\"https:\\\/\\\/centrourbano.com\\\/revista\\\/arquitectura-2\\\/inba-festeja-aniversario-teodoro-gonzalez-leon-actividades\\\/#breadcrumb\",\"itemListElement\":[{\"@type\":\"ListItem\",\"position\":1,\"name\":\"Portada\",\"item\":\"https:\\\/\\\/centrourbano.com\\\/revista\\\/\"},{\"@type\":\"ListItem\",\"position\":2,\"name\":\"INBA festeja aniversario de Teodoro Gonz\u00e1lez de Le\u00f3n con actividades\"}]},{\"@type\":\"WebSite\",\"@id\":\"https:\\\/\\\/centrourbano.com\\\/revista\\\/#website\",\"url\":\"https:\\\/\\\/centrourbano.com\\\/revista\\\/\",\"name\":\"Centro Urbano\",\"description\":\"Medio especializado en los sectores vivienda, inmobiliario, construcci\u00f3n, arquitectura y urbanismo.\",\"publisher\":{\"@id\":\"https:\\\/\\\/centrourbano.com\\\/revista\\\/#organization\"},\"potentialAction\":[{\"@type\":\"SearchAction\",\"target\":{\"@type\":\"EntryPoint\",\"urlTemplate\":\"https:\\\/\\\/centrourbano.com\\\/revista\\\/?s={search_term_string}\"},\"query-input\":{\"@type\":\"PropertyValueSpecification\",\"valueRequired\":true,\"valueName\":\"search_term_string\"}}],\"inLanguage\":\"es\"},{\"@type\":\"Organization\",\"@id\":\"https:\\\/\\\/centrourbano.com\\\/revista\\\/#organization\",\"name\":\"Centro Urbano\",\"url\":\"https:\\\/\\\/centrourbano.com\\\/revista\\\/\",\"logo\":{\"@type\":\"ImageObject\",\"inLanguage\":\"es\",\"@id\":\"https:\\\/\\\/centrourbano.com\\\/revista\\\/#\\\/schema\\\/logo\\\/image\\\/\",\"url\":\"https:\\\/\\\/centrourbano.com\\\/revista\\\/wp-content\\\/uploads\\\/web_CU_logo-1.png\",\"contentUrl\":\"https:\\\/\\\/centrourbano.com\\\/revista\\\/wp-content\\\/uploads\\\/web_CU_logo-1.png\",\"width\":350,\"height\":91,\"caption\":\"Centro Urbano\"},\"image\":{\"@id\":\"https:\\\/\\\/centrourbano.com\\\/revista\\\/#\\\/schema\\\/logo\\\/image\\\/\"},\"sameAs\":[\"https:\\\/\\\/www.facebook.com\\\/portalcentrourbano\",\"https:\\\/\\\/x.com\\\/CentroUrbano\",\"https:\\\/\\\/www.instagram.com\\\/centro_urbano\\\/\",\"https:\\\/\\\/www.linkedin.com\\\/company\\\/centro-urbano\\\/\",\"http:\\\/\\\/www.youtube.com\\\/user\\\/portalcentrourbano\"]},{\"@type\":\"Person\",\"@id\":\"https:\\\/\\\/centrourbano.com\\\/revista\\\/#\\\/schema\\\/person\\\/baa9e569588d5544150642a11ad28b8b\",\"name\":\"Dinorah Nava\",\"image\":{\"@type\":\"ImageObject\",\"inLanguage\":\"es\",\"@id\":\"https:\\\/\\\/secure.gravatar.com\\\/avatar\\\/f6ca6430c51d147f363940f84e1225aa4b8183885c11802cc3b042305a4ecc1a?s=96&d=mm&r=g\",\"url\":\"https:\\\/\\\/secure.gravatar.com\\\/avatar\\\/f6ca6430c51d147f363940f84e1225aa4b8183885c11802cc3b042305a4ecc1a?s=96&d=mm&r=g\",\"contentUrl\":\"https:\\\/\\\/secure.gravatar.com\\\/avatar\\\/f6ca6430c51d147f363940f84e1225aa4b8183885c11802cc3b042305a4ecc1a?s=96&d=mm&r=g\",\"caption\":\"Dinorah Nava\"},\"description\":\"Editora de Contenidos y Estrategias Digitales en Centro Urbano y Coeditora en Peri\u00f3dico Mi Casa. Egresada de la licenciatura en Comunicaci\u00f3n y Periodismo de la Facultad de Estudios Superiores Arag\u00f3n (UNAM). Amante de la edici\u00f3n y correcci\u00f3n de estilo, las redes sociales y el mundo digital. Especialista en temas son arquitectura, inmobiliario y urbanismo.\",\"sameAs\":[\"linkedin.com\\\/in\\\/dinorah-nava\",\"https:\\\/\\\/x.com\\\/https:\\\/\\\/twitter.com\\\/Dinorah_Nava28\"],\"url\":\"https:\\\/\\\/centrourbano.com\\\/revista\\\/author\\\/dinorah-nava\\\/\"}]}<\/script>\n<!-- \/ Yoast SEO plugin. -->","yoast_head_json":{"title":"INBA festeja aniversario de Teodoro Gonz\u00e1lez de Le\u00f3n con actividades","description":"El INBA realizar\u00e1 una mesa de reflexi\u00f3n sobre el arquitecto en donde participar\u00e1n Enrique Krauze, Enrique Norten, Manuel Felgu\u00e9rez, Francisco Serrano y Silvia Cherem","robots":{"index":"index","follow":"follow","max-snippet":"max-snippet:-1","max-image-preview":"max-image-preview:large","max-video-preview":"max-video-preview:-1"},"canonical":"https:\/\/centrourbano.com\/revista\/arquitectura-2\/inba-festeja-aniversario-teodoro-gonzalez-leon-actividades\/","og_locale":"es_ES","og_type":"article","og_title":"INBA festeja aniversario de Teodoro Gonz\u00e1lez de Le\u00f3n con actividades","og_description":"El INBA realizar\u00e1 una mesa de reflexi\u00f3n sobre el arquitecto en donde participar\u00e1n Enrique Krauze, Enrique Norten, Manuel Felgu\u00e9rez, Francisco Serrano y Silvia Cherem","og_url":"https:\/\/centrourbano.com\/revista\/arquitectura-2\/inba-festeja-aniversario-teodoro-gonzalez-leon-actividades\/","og_site_name":"Centro Urbano","article_publisher":"https:\/\/www.facebook.com\/portalcentrourbano","article_published_time":"2016-05-09T17:23:06+00:00","og_image":[{"width":900,"height":540,"url":"https:\/\/centrourbano.com\/revista\/wp-content\/uploads\/INBA-festeja-aniversario-de-Teodoro-Gonz\u00e1lez-de-Le\u00f3n-con-actividades.jpg","type":"image\/jpeg"}],"author":"Dinorah Nava","twitter_card":"summary_large_image","twitter_creator":"@https:\/\/twitter.com\/Dinorah_Nava28","twitter_site":"@CentroUrbano","twitter_misc":{"Escrito por":"Dinorah Nava","Tiempo de lectura":"3 minutos"},"schema":{"@context":"https:\/\/schema.org","@graph":[{"@type":"Article","@id":"https:\/\/centrourbano.com\/revista\/arquitectura-2\/inba-festeja-aniversario-teodoro-gonzalez-leon-actividades\/#article","isPartOf":{"@id":"https:\/\/centrourbano.com\/revista\/arquitectura-2\/inba-festeja-aniversario-teodoro-gonzalez-leon-actividades\/"},"author":{"name":"Dinorah Nava","@id":"https:\/\/centrourbano.com\/revista\/#\/schema\/person\/baa9e569588d5544150642a11ad28b8b"},"headline":"INBA festeja aniversario de Teodoro Gonz\u00e1lez de Le\u00f3n con actividades","datePublished":"2016-05-09T17:23:06+00:00","mainEntityOfPage":{"@id":"https:\/\/centrourbano.com\/revista\/arquitectura-2\/inba-festeja-aniversario-teodoro-gonzalez-leon-actividades\/"},"wordCount":518,"commentCount":0,"publisher":{"@id":"https:\/\/centrourbano.com\/revista\/#organization"},"image":{"@id":"https:\/\/centrourbano.com\/revista\/arquitectura-2\/inba-festeja-aniversario-teodoro-gonzalez-leon-actividades\/#primaryimage"},"thumbnailUrl":"https:\/\/centrourbano.com\/revista\/wp-content\/uploads\/INBA-festeja-aniversario-de-Teodoro-Gonz\u00e1lez-de-Le\u00f3n-con-actividades.jpg","keywords":["arquitecto","Colegio de M\u00e9xico","INBA","Instituto Nacional de Bellas Artes","Teodoro Gonz\u00e1lez de Le\u00f3n"],"articleSection":["Arquitectura"],"inLanguage":"es","potentialAction":[{"@type":"CommentAction","name":"Comment","target":["https:\/\/centrourbano.com\/revista\/arquitectura-2\/inba-festeja-aniversario-teodoro-gonzalez-leon-actividades\/#respond"]}]},{"@type":"WebPage","@id":"https:\/\/centrourbano.com\/revista\/arquitectura-2\/inba-festeja-aniversario-teodoro-gonzalez-leon-actividades\/","url":"https:\/\/centrourbano.com\/revista\/arquitectura-2\/inba-festeja-aniversario-teodoro-gonzalez-leon-actividades\/","name":"INBA festeja aniversario de Teodoro Gonz\u00e1lez de Le\u00f3n con actividades","isPartOf":{"@id":"https:\/\/centrourbano.com\/revista\/#website"},"primaryImageOfPage":{"@id":"https:\/\/centrourbano.com\/revista\/arquitectura-2\/inba-festeja-aniversario-teodoro-gonzalez-leon-actividades\/#primaryimage"},"image":{"@id":"https:\/\/centrourbano.com\/revista\/arquitectura-2\/inba-festeja-aniversario-teodoro-gonzalez-leon-actividades\/#primaryimage"},"thumbnailUrl":"https:\/\/centrourbano.com\/revista\/wp-content\/uploads\/INBA-festeja-aniversario-de-Teodoro-Gonz\u00e1lez-de-Le\u00f3n-con-actividades.jpg","datePublished":"2016-05-09T17:23:06+00:00","description":"El INBA realizar\u00e1 una mesa de reflexi\u00f3n sobre el arquitecto en donde participar\u00e1n Enrique Krauze, Enrique Norten, Manuel Felgu\u00e9rez, Francisco Serrano y Silvia Cherem","breadcrumb":{"@id":"https:\/\/centrourbano.com\/revista\/arquitectura-2\/inba-festeja-aniversario-teodoro-gonzalez-leon-actividades\/#breadcrumb"},"inLanguage":"es","potentialAction":[{"@type":"ReadAction","target":["https:\/\/centrourbano.com\/revista\/arquitectura-2\/inba-festeja-aniversario-teodoro-gonzalez-leon-actividades\/"]}]},{"@type":"ImageObject","inLanguage":"es","@id":"https:\/\/centrourbano.com\/revista\/arquitectura-2\/inba-festeja-aniversario-teodoro-gonzalez-leon-actividades\/#primaryimage","url":"https:\/\/centrourbano.com\/revista\/wp-content\/uploads\/INBA-festeja-aniversario-de-Teodoro-Gonz\u00e1lez-de-Le\u00f3n-con-actividades.jpg","contentUrl":"https:\/\/centrourbano.com\/revista\/wp-content\/uploads\/INBA-festeja-aniversario-de-Teodoro-Gonz\u00e1lez-de-Le\u00f3n-con-actividades.jpg","width":900,"height":540,"caption":"El INBA realizar\u00e1 una mesa de reflexi\u00f3n sobre el arquitecto en donde participar\u00e1n Enrique Krauze, Enrique Norten, Manuel Felgu\u00e9rez, Francisco Serrano y Silvia Cherem"},{"@type":"BreadcrumbList","@id":"https:\/\/centrourbano.com\/revista\/arquitectura-2\/inba-festeja-aniversario-teodoro-gonzalez-leon-actividades\/#breadcrumb","itemListElement":[{"@type":"ListItem","position":1,"name":"Portada","item":"https:\/\/centrourbano.com\/revista\/"},{"@type":"ListItem","position":2,"name":"INBA festeja aniversario de Teodoro Gonz\u00e1lez de Le\u00f3n con actividades"}]},{"@type":"WebSite","@id":"https:\/\/centrourbano.com\/revista\/#website","url":"https:\/\/centrourbano.com\/revista\/","name":"Centro Urbano","description":"Medio especializado en los sectores vivienda, inmobiliario, construcci\u00f3n, arquitectura y urbanismo.","publisher":{"@id":"https:\/\/centrourbano.com\/revista\/#organization"},"potentialAction":[{"@type":"SearchAction","target":{"@type":"EntryPoint","urlTemplate":"https:\/\/centrourbano.com\/revista\/?s={search_term_string}"},"query-input":{"@type":"PropertyValueSpecification","valueRequired":true,"valueName":"search_term_string"}}],"inLanguage":"es"},{"@type":"Organization","@id":"https:\/\/centrourbano.com\/revista\/#organization","name":"Centro Urbano","url":"https:\/\/centrourbano.com\/revista\/","logo":{"@type":"ImageObject","inLanguage":"es","@id":"https:\/\/centrourbano.com\/revista\/#\/schema\/logo\/image\/","url":"https:\/\/centrourbano.com\/revista\/wp-content\/uploads\/web_CU_logo-1.png","contentUrl":"https:\/\/centrourbano.com\/revista\/wp-content\/uploads\/web_CU_logo-1.png","width":350,"height":91,"caption":"Centro Urbano"},"image":{"@id":"https:\/\/centrourbano.com\/revista\/#\/schema\/logo\/image\/"},"sameAs":["https:\/\/www.facebook.com\/portalcentrourbano","https:\/\/x.com\/CentroUrbano","https:\/\/www.instagram.com\/centro_urbano\/","https:\/\/www.linkedin.com\/company\/centro-urbano\/","http:\/\/www.youtube.com\/user\/portalcentrourbano"]},{"@type":"Person","@id":"https:\/\/centrourbano.com\/revista\/#\/schema\/person\/baa9e569588d5544150642a11ad28b8b","name":"Dinorah Nava","image":{"@type":"ImageObject","inLanguage":"es","@id":"https:\/\/secure.gravatar.com\/avatar\/f6ca6430c51d147f363940f84e1225aa4b8183885c11802cc3b042305a4ecc1a?s=96&d=mm&r=g","url":"https:\/\/secure.gravatar.com\/avatar\/f6ca6430c51d147f363940f84e1225aa4b8183885c11802cc3b042305a4ecc1a?s=96&d=mm&r=g","contentUrl":"https:\/\/secure.gravatar.com\/avatar\/f6ca6430c51d147f363940f84e1225aa4b8183885c11802cc3b042305a4ecc1a?s=96&d=mm&r=g","caption":"Dinorah Nava"},"description":"Editora de Contenidos y Estrategias Digitales en Centro Urbano y Coeditora en Peri\u00f3dico Mi Casa. Egresada de la licenciatura en Comunicaci\u00f3n y Periodismo de la Facultad de Estudios Superiores Arag\u00f3n (UNAM). Amante de la edici\u00f3n y correcci\u00f3n de estilo, las redes sociales y el mundo digital. Especialista en temas son arquitectura, inmobiliario y urbanismo.","sameAs":["linkedin.com\/in\/dinorah-nava","https:\/\/x.com\/https:\/\/twitter.com\/Dinorah_Nava28"],"url":"https:\/\/centrourbano.com\/revista\/author\/dinorah-nava\/"}]}},"_links":{"self":[{"href":"https:\/\/centrourbano.com\/revista\/wp-json\/wp\/v2\/posts\/34418","targetHints":{"allow":["GET"]}}],"collection":[{"href":"https:\/\/centrourbano.com\/revista\/wp-json\/wp\/v2\/posts"}],"about":[{"href":"https:\/\/centrourbano.com\/revista\/wp-json\/wp\/v2\/types\/post"}],"author":[{"embeddable":true,"href":"https:\/\/centrourbano.com\/revista\/wp-json\/wp\/v2\/users\/9"}],"replies":[{"embeddable":true,"href":"https:\/\/centrourbano.com\/revista\/wp-json\/wp\/v2\/comments?post=34418"}],"version-history":[{"count":0,"href":"https:\/\/centrourbano.com\/revista\/wp-json\/wp\/v2\/posts\/34418\/revisions"}],"wp:featuredmedia":[{"embeddable":true,"href":"https:\/\/centrourbano.com\/revista\/wp-json\/wp\/v2\/media\/34419"}],"wp:attachment":[{"href":"https:\/\/centrourbano.com\/revista\/wp-json\/wp\/v2\/media?parent=34418"}],"wp:term":[{"taxonomy":"category","embeddable":true,"href":"https:\/\/centrourbano.com\/revista\/wp-json\/wp\/v2\/categories?post=34418"},{"taxonomy":"post_tag","embeddable":true,"href":"https:\/\/centrourbano.com\/revista\/wp-json\/wp\/v2\/tags?post=34418"}],"curies":[{"name":"wp","href":"https:\/\/api.w.org\/{rel}","templated":true}]}}