{"id":34120,"date":"2016-05-02T15:45:44","date_gmt":"2016-05-02T20:45:44","guid":{"rendered":"https:\/\/centrourbano.com\/?p=34120"},"modified":"2016-05-02T15:45:44","modified_gmt":"2016-05-02T20:45:44","slug":"dejaran-circular-taxis-modelo-2006-la-cdmx","status":"publish","type":"post","link":"https:\/\/centrourbano.com\/revista\/actualidad\/dejaran-circular-taxis-modelo-2006-la-cdmx\/","title":{"rendered":"Dejar\u00e1n de circular taxis modelo 2006 en la CDMX"},"content":{"rendered":"<p><em>En caso de ser detectadas, estas unidades se har\u00e1n acreedores a una multa superior a los de 11 mil pesos<\/em><!--more--><\/p>\n<p>La Secretar\u00eda de Movilidad (Semovi) notific\u00f3 a trav\u00e9s de su portal, que los taxis con 10 a\u00f1os de antig\u00fcedad deber\u00e1n ser sustituidas por unidades m\u00e1s recientes \u201ccon la finalidad de garantizar las mejores condiciones de seguridad, calidad en el servicio y contribuir a la disminuci\u00f3n de emisiones contaminantes\u201d.<\/p>\n<p>Los taxis de la Ciudad de M\u00e9xico que sean modelo 2006 y anteriores, a partir del 31 de diciembre de 2016 ya no podr\u00e1n circular, por lo que los conductores deber\u00e1n renovar sus unidades en un programa de deschatarrizaci\u00f3n propuesto por Semovi.<\/p>\n<p>La dependencia public\u00f3 tambi\u00e9n la convocatoria para la \u201cactividad institucional para el otorgamiento de apoyo econ\u00f3mico de la sustituci\u00f3n obligatoria de los veh\u00edculos modelo 2006 y a\u00f1os anteriores\u201d.<\/p>\n<p>En caso de que sean detectados taxis con 10 o m\u00e1s a\u00f1os de antig\u00fcedad se har\u00e1n acreedores a una multa de 157 d\u00edas de salario m\u00ednimo, es decir, de 11 mil 467.28 pesos.<\/p>\n<p>Los propietarios de concesiones para taxis interesados en entrar al programa dechatarrizaci\u00f3n de la Semovi podr\u00e1n generar una cita desde el 3 de mayo y hasta el 4 de noviembre a trav\u00e9s de la p\u00e1gina http:\/\/www.taxi.df.gob.mx\/sustituci%C3%B3n\/<\/p>\n<p>Quienes soliciten la inscripci\u00f3n al programa, podr\u00e1n optar por un financiamiento otorgado por un banco elegido por la Semovi; un apoyo econ\u00f3mico de 35 mil pesos entregado por la dependencia o las dos anteriores.<\/p>\n","protected":false},"excerpt":{"rendered":"<p>En caso de ser detectadas, estas unidades se har\u00e1n acreedores a una multa superior a los de 11 mil pesos<\/p>\n","protected":false},"author":28,"featured_media":34121,"comment_status":"open","ping_status":"closed","sticky":false,"template":"","format":"standard","meta":{"om_disable_all_campaigns":false,"inline_featured_image":false,"_monsterinsights_skip_tracking":false,"_monsterinsights_sitenote_active":false,"_monsterinsights_sitenote_note":"","_monsterinsights_sitenote_category":0,"footnotes":""},"categories":[80],"tags":[2196],"class_list":["post-34120","post","type-post","status-publish","format-standard","has-post-thumbnail","hentry","category-actualidad","tag-semovi"],"yoast_head":"<!-- This site is optimized with the Yoast SEO plugin v27.4 - https:\/\/yoast.com\/product\/yoast-seo-wordpress\/ -->\n<title>Dejar\u00e1n de circular taxis modelo 2006 en la CDMX -<\/title>\n<meta name=\"description\" content=\"En caso de ser detectadas, estas unidades se har\u00e1n acreedores a una multa superior a los de 11 mil pesos La Secretar\u00eda de Movilidad (Semovi) notific\u00f3 a\" \/>\n<meta name=\"robots\" content=\"index, follow, max-snippet:-1, max-image-preview:large, max-video-preview:-1\" \/>\n<link rel=\"canonical\" href=\"https:\/\/centrourbano.com\/revista\/actualidad\/dejaran-circular-taxis-modelo-2006-la-cdmx\/\" \/>\n<meta property=\"og:locale\" content=\"es_ES\" \/>\n<meta property=\"og:type\" content=\"article\" \/>\n<meta property=\"og:title\" content=\"Dejar\u00e1n de circular taxis modelo 2006 en la CDMX -\" \/>\n<meta property=\"og:description\" content=\"En caso de ser detectadas, estas unidades se har\u00e1n acreedores a una multa superior a los de 11 mil pesos La Secretar\u00eda de Movilidad (Semovi) notific\u00f3 a\" \/>\n<meta property=\"og:url\" content=\"https:\/\/centrourbano.com\/revista\/actualidad\/dejaran-circular-taxis-modelo-2006-la-cdmx\/\" \/>\n<meta property=\"og:site_name\" content=\"Centro Urbano\" \/>\n<meta property=\"article:publisher\" content=\"https:\/\/www.facebook.com\/portalcentrourbano\" \/>\n<meta property=\"article:published_time\" content=\"2016-05-02T20:45:44+00:00\" \/>\n<meta property=\"og:image\" content=\"https:\/\/centrourbano.com\/revista\/wp-content\/uploads\/taxi.jpg\" \/>\n\t<meta property=\"og:image:width\" content=\"2268\" \/>\n\t<meta property=\"og:image:height\" content=\"1512\" \/>\n\t<meta property=\"og:image:type\" content=\"image\/jpeg\" \/>\n<meta name=\"author\" content=\"Mario V\u00e1zquez Barrios\" \/>\n<meta name=\"twitter:card\" content=\"summary_large_image\" \/>\n<meta name=\"twitter:creator\" content=\"@MarioDeNiro\" \/>\n<meta name=\"twitter:site\" content=\"@CentroUrbano\" \/>\n<meta name=\"twitter:label1\" content=\"Escrito por\" \/>\n\t<meta name=\"twitter:data1\" content=\"Mario V\u00e1zquez Barrios\" \/>\n\t<meta name=\"twitter:label2\" content=\"Tiempo de lectura\" \/>\n\t<meta name=\"twitter:data2\" content=\"1 minuto\" \/>\n<script type=\"application\/ld+json\" class=\"yoast-schema-graph\">{\"@context\":\"https:\\\/\\\/schema.org\",\"@graph\":[{\"@type\":\"Article\",\"@id\":\"https:\\\/\\\/centrourbano.com\\\/revista\\\/actualidad\\\/dejaran-circular-taxis-modelo-2006-la-cdmx\\\/#article\",\"isPartOf\":{\"@id\":\"https:\\\/\\\/centrourbano.com\\\/revista\\\/actualidad\\\/dejaran-circular-taxis-modelo-2006-la-cdmx\\\/\"},\"author\":{\"name\":\"Mario V\u00e1zquez Barrios\",\"@id\":\"https:\\\/\\\/centrourbano.com\\\/revista\\\/#\\\/schema\\\/person\\\/71e020a5b63ca4230c0f1228a36cde93\"},\"headline\":\"Dejar\u00e1n de circular taxis modelo 2006 en la CDMX\",\"datePublished\":\"2016-05-02T20:45:44+00:00\",\"mainEntityOfPage\":{\"@id\":\"https:\\\/\\\/centrourbano.com\\\/revista\\\/actualidad\\\/dejaran-circular-taxis-modelo-2006-la-cdmx\\\/\"},\"wordCount\":276,\"commentCount\":0,\"publisher\":{\"@id\":\"https:\\\/\\\/centrourbano.com\\\/revista\\\/#organization\"},\"image\":{\"@id\":\"https:\\\/\\\/centrourbano.com\\\/revista\\\/actualidad\\\/dejaran-circular-taxis-modelo-2006-la-cdmx\\\/#primaryimage\"},\"thumbnailUrl\":\"https:\\\/\\\/centrourbano.com\\\/revista\\\/wp-content\\\/uploads\\\/taxi.jpg\",\"keywords\":[\"Semovi\"],\"articleSection\":[\"Actualidad\"],\"inLanguage\":\"es\",\"potentialAction\":[{\"@type\":\"CommentAction\",\"name\":\"Comment\",\"target\":[\"https:\\\/\\\/centrourbano.com\\\/revista\\\/actualidad\\\/dejaran-circular-taxis-modelo-2006-la-cdmx\\\/#respond\"]}]},{\"@type\":\"WebPage\",\"@id\":\"https:\\\/\\\/centrourbano.com\\\/revista\\\/actualidad\\\/dejaran-circular-taxis-modelo-2006-la-cdmx\\\/\",\"url\":\"https:\\\/\\\/centrourbano.com\\\/revista\\\/actualidad\\\/dejaran-circular-taxis-modelo-2006-la-cdmx\\\/\",\"name\":\"Dejar\u00e1n de circular taxis modelo 2006 en la CDMX -\",\"isPartOf\":{\"@id\":\"https:\\\/\\\/centrourbano.com\\\/revista\\\/#website\"},\"primaryImageOfPage\":{\"@id\":\"https:\\\/\\\/centrourbano.com\\\/revista\\\/actualidad\\\/dejaran-circular-taxis-modelo-2006-la-cdmx\\\/#primaryimage\"},\"image\":{\"@id\":\"https:\\\/\\\/centrourbano.com\\\/revista\\\/actualidad\\\/dejaran-circular-taxis-modelo-2006-la-cdmx\\\/#primaryimage\"},\"thumbnailUrl\":\"https:\\\/\\\/centrourbano.com\\\/revista\\\/wp-content\\\/uploads\\\/taxi.jpg\",\"datePublished\":\"2016-05-02T20:45:44+00:00\",\"description\":\"En caso de ser detectadas, estas unidades se har\u00e1n acreedores a una multa superior a los de 11 mil pesos La Secretar\u00eda de Movilidad (Semovi) notific\u00f3 a\",\"breadcrumb\":{\"@id\":\"https:\\\/\\\/centrourbano.com\\\/revista\\\/actualidad\\\/dejaran-circular-taxis-modelo-2006-la-cdmx\\\/#breadcrumb\"},\"inLanguage\":\"es\",\"potentialAction\":[{\"@type\":\"ReadAction\",\"target\":[\"https:\\\/\\\/centrourbano.com\\\/revista\\\/actualidad\\\/dejaran-circular-taxis-modelo-2006-la-cdmx\\\/\"]}]},{\"@type\":\"ImageObject\",\"inLanguage\":\"es\",\"@id\":\"https:\\\/\\\/centrourbano.com\\\/revista\\\/actualidad\\\/dejaran-circular-taxis-modelo-2006-la-cdmx\\\/#primaryimage\",\"url\":\"https:\\\/\\\/centrourbano.com\\\/revista\\\/wp-content\\\/uploads\\\/taxi.jpg\",\"contentUrl\":\"https:\\\/\\\/centrourbano.com\\\/revista\\\/wp-content\\\/uploads\\\/taxi.jpg\",\"width\":2268,\"height\":1512,\"caption\":\"41015115. M\u00e9xico, D.F.- Con la finalidad de garantizar mejores condiciones de seguridad, calidad en el servicio y contribuir con la disminuci\u00f3n de emisiones contaminantes, los propietarios de taxis modelo 2004 y anteriores deber\u00e1n sustituir sus unidades cada diez a\u00f1os tomando como referencia la fecha de fabricaci\u00f3n de cada veh\u00edculo. NOTIMEX\\\/FOTO\\\/JOSE LUIS SALMERON\\\/JLS\\\/EBF\\\/\"},{\"@type\":\"BreadcrumbList\",\"@id\":\"https:\\\/\\\/centrourbano.com\\\/revista\\\/actualidad\\\/dejaran-circular-taxis-modelo-2006-la-cdmx\\\/#breadcrumb\",\"itemListElement\":[{\"@type\":\"ListItem\",\"position\":1,\"name\":\"Portada\",\"item\":\"https:\\\/\\\/centrourbano.com\\\/revista\\\/\"},{\"@type\":\"ListItem\",\"position\":2,\"name\":\"Dejar\u00e1n de circular taxis modelo 2006 en la CDMX\"}]},{\"@type\":\"WebSite\",\"@id\":\"https:\\\/\\\/centrourbano.com\\\/revista\\\/#website\",\"url\":\"https:\\\/\\\/centrourbano.com\\\/revista\\\/\",\"name\":\"Centro Urbano\",\"description\":\"Medio especializado en los sectores vivienda, inmobiliario, construcci\u00f3n, arquitectura y urbanismo.\",\"publisher\":{\"@id\":\"https:\\\/\\\/centrourbano.com\\\/revista\\\/#organization\"},\"potentialAction\":[{\"@type\":\"SearchAction\",\"target\":{\"@type\":\"EntryPoint\",\"urlTemplate\":\"https:\\\/\\\/centrourbano.com\\\/revista\\\/?s={search_term_string}\"},\"query-input\":{\"@type\":\"PropertyValueSpecification\",\"valueRequired\":true,\"valueName\":\"search_term_string\"}}],\"inLanguage\":\"es\"},{\"@type\":\"Organization\",\"@id\":\"https:\\\/\\\/centrourbano.com\\\/revista\\\/#organization\",\"name\":\"Centro Urbano\",\"url\":\"https:\\\/\\\/centrourbano.com\\\/revista\\\/\",\"logo\":{\"@type\":\"ImageObject\",\"inLanguage\":\"es\",\"@id\":\"https:\\\/\\\/centrourbano.com\\\/revista\\\/#\\\/schema\\\/logo\\\/image\\\/\",\"url\":\"https:\\\/\\\/centrourbano.com\\\/revista\\\/wp-content\\\/uploads\\\/web_CU_logo-1.png\",\"contentUrl\":\"https:\\\/\\\/centrourbano.com\\\/revista\\\/wp-content\\\/uploads\\\/web_CU_logo-1.png\",\"width\":350,\"height\":91,\"caption\":\"Centro Urbano\"},\"image\":{\"@id\":\"https:\\\/\\\/centrourbano.com\\\/revista\\\/#\\\/schema\\\/logo\\\/image\\\/\"},\"sameAs\":[\"https:\\\/\\\/www.facebook.com\\\/portalcentrourbano\",\"https:\\\/\\\/x.com\\\/CentroUrbano\",\"https:\\\/\\\/www.instagram.com\\\/centro_urbano\\\/\",\"https:\\\/\\\/www.linkedin.com\\\/company\\\/centro-urbano\\\/\",\"http:\\\/\\\/www.youtube.com\\\/user\\\/portalcentrourbano\"]},{\"@type\":\"Person\",\"@id\":\"https:\\\/\\\/centrourbano.com\\\/revista\\\/#\\\/schema\\\/person\\\/71e020a5b63ca4230c0f1228a36cde93\",\"name\":\"Mario V\u00e1zquez Barrios\",\"image\":{\"@type\":\"ImageObject\",\"inLanguage\":\"es\",\"@id\":\"https:\\\/\\\/secure.gravatar.com\\\/avatar\\\/347e6d9c0b04f0194ca244ba64b0fe62752d716a3a93d1713bd259eb87aad5b6?s=96&d=mm&r=g\",\"url\":\"https:\\\/\\\/secure.gravatar.com\\\/avatar\\\/347e6d9c0b04f0194ca244ba64b0fe62752d716a3a93d1713bd259eb87aad5b6?s=96&d=mm&r=g\",\"contentUrl\":\"https:\\\/\\\/secure.gravatar.com\\\/avatar\\\/347e6d9c0b04f0194ca244ba64b0fe62752d716a3a93d1713bd259eb87aad5b6?s=96&d=mm&r=g\",\"caption\":\"Mario V\u00e1zquez Barrios\"},\"description\":\"Me inici\u00e9 en El Financiero haciendo reportajes; en MegaNoticias Televisi\u00f3n fui reportero titular; en EMedios, control de calidad; y Radio 13 Noticias me acogi\u00f3 como colaborador. Me gusta encontrar en las banquetas la nota, una entrevista y el inicio de un reportaje.\",\"sameAs\":[\"https:\\\/\\\/x.com\\\/@MarioDeNiro\"],\"url\":\"https:\\\/\\\/centrourbano.com\\\/revista\\\/author\\\/mario-vazquez\\\/\"}]}<\/script>\n<!-- \/ Yoast SEO plugin. -->","yoast_head_json":{"title":"Dejar\u00e1n de circular taxis modelo 2006 en la CDMX -","description":"En caso de ser detectadas, estas unidades se har\u00e1n acreedores a una multa superior a los de 11 mil pesos La Secretar\u00eda de Movilidad (Semovi) notific\u00f3 a","robots":{"index":"index","follow":"follow","max-snippet":"max-snippet:-1","max-image-preview":"max-image-preview:large","max-video-preview":"max-video-preview:-1"},"canonical":"https:\/\/centrourbano.com\/revista\/actualidad\/dejaran-circular-taxis-modelo-2006-la-cdmx\/","og_locale":"es_ES","og_type":"article","og_title":"Dejar\u00e1n de circular taxis modelo 2006 en la CDMX -","og_description":"En caso de ser detectadas, estas unidades se har\u00e1n acreedores a una multa superior a los de 11 mil pesos La Secretar\u00eda de Movilidad (Semovi) notific\u00f3 a","og_url":"https:\/\/centrourbano.com\/revista\/actualidad\/dejaran-circular-taxis-modelo-2006-la-cdmx\/","og_site_name":"Centro Urbano","article_publisher":"https:\/\/www.facebook.com\/portalcentrourbano","article_published_time":"2016-05-02T20:45:44+00:00","og_image":[{"width":2268,"height":1512,"url":"https:\/\/centrourbano.com\/revista\/wp-content\/uploads\/taxi.jpg","type":"image\/jpeg"}],"author":"Mario V\u00e1zquez Barrios","twitter_card":"summary_large_image","twitter_creator":"@MarioDeNiro","twitter_site":"@CentroUrbano","twitter_misc":{"Escrito por":"Mario V\u00e1zquez Barrios","Tiempo de lectura":"1 minuto"},"schema":{"@context":"https:\/\/schema.org","@graph":[{"@type":"Article","@id":"https:\/\/centrourbano.com\/revista\/actualidad\/dejaran-circular-taxis-modelo-2006-la-cdmx\/#article","isPartOf":{"@id":"https:\/\/centrourbano.com\/revista\/actualidad\/dejaran-circular-taxis-modelo-2006-la-cdmx\/"},"author":{"name":"Mario V\u00e1zquez Barrios","@id":"https:\/\/centrourbano.com\/revista\/#\/schema\/person\/71e020a5b63ca4230c0f1228a36cde93"},"headline":"Dejar\u00e1n de circular taxis modelo 2006 en la CDMX","datePublished":"2016-05-02T20:45:44+00:00","mainEntityOfPage":{"@id":"https:\/\/centrourbano.com\/revista\/actualidad\/dejaran-circular-taxis-modelo-2006-la-cdmx\/"},"wordCount":276,"commentCount":0,"publisher":{"@id":"https:\/\/centrourbano.com\/revista\/#organization"},"image":{"@id":"https:\/\/centrourbano.com\/revista\/actualidad\/dejaran-circular-taxis-modelo-2006-la-cdmx\/#primaryimage"},"thumbnailUrl":"https:\/\/centrourbano.com\/revista\/wp-content\/uploads\/taxi.jpg","keywords":["Semovi"],"articleSection":["Actualidad"],"inLanguage":"es","potentialAction":[{"@type":"CommentAction","name":"Comment","target":["https:\/\/centrourbano.com\/revista\/actualidad\/dejaran-circular-taxis-modelo-2006-la-cdmx\/#respond"]}]},{"@type":"WebPage","@id":"https:\/\/centrourbano.com\/revista\/actualidad\/dejaran-circular-taxis-modelo-2006-la-cdmx\/","url":"https:\/\/centrourbano.com\/revista\/actualidad\/dejaran-circular-taxis-modelo-2006-la-cdmx\/","name":"Dejar\u00e1n de circular taxis modelo 2006 en la CDMX -","isPartOf":{"@id":"https:\/\/centrourbano.com\/revista\/#website"},"primaryImageOfPage":{"@id":"https:\/\/centrourbano.com\/revista\/actualidad\/dejaran-circular-taxis-modelo-2006-la-cdmx\/#primaryimage"},"image":{"@id":"https:\/\/centrourbano.com\/revista\/actualidad\/dejaran-circular-taxis-modelo-2006-la-cdmx\/#primaryimage"},"thumbnailUrl":"https:\/\/centrourbano.com\/revista\/wp-content\/uploads\/taxi.jpg","datePublished":"2016-05-02T20:45:44+00:00","description":"En caso de ser detectadas, estas unidades se har\u00e1n acreedores a una multa superior a los de 11 mil pesos La Secretar\u00eda de Movilidad (Semovi) notific\u00f3 a","breadcrumb":{"@id":"https:\/\/centrourbano.com\/revista\/actualidad\/dejaran-circular-taxis-modelo-2006-la-cdmx\/#breadcrumb"},"inLanguage":"es","potentialAction":[{"@type":"ReadAction","target":["https:\/\/centrourbano.com\/revista\/actualidad\/dejaran-circular-taxis-modelo-2006-la-cdmx\/"]}]},{"@type":"ImageObject","inLanguage":"es","@id":"https:\/\/centrourbano.com\/revista\/actualidad\/dejaran-circular-taxis-modelo-2006-la-cdmx\/#primaryimage","url":"https:\/\/centrourbano.com\/revista\/wp-content\/uploads\/taxi.jpg","contentUrl":"https:\/\/centrourbano.com\/revista\/wp-content\/uploads\/taxi.jpg","width":2268,"height":1512,"caption":"41015115. M\u00e9xico, D.F.- Con la finalidad de garantizar mejores condiciones de seguridad, calidad en el servicio y contribuir con la disminuci\u00f3n de emisiones contaminantes, los propietarios de taxis modelo 2004 y anteriores deber\u00e1n sustituir sus unidades cada diez a\u00f1os tomando como referencia la fecha de fabricaci\u00f3n de cada veh\u00edculo. NOTIMEX\/FOTO\/JOSE LUIS SALMERON\/JLS\/EBF\/"},{"@type":"BreadcrumbList","@id":"https:\/\/centrourbano.com\/revista\/actualidad\/dejaran-circular-taxis-modelo-2006-la-cdmx\/#breadcrumb","itemListElement":[{"@type":"ListItem","position":1,"name":"Portada","item":"https:\/\/centrourbano.com\/revista\/"},{"@type":"ListItem","position":2,"name":"Dejar\u00e1n de circular taxis modelo 2006 en la CDMX"}]},{"@type":"WebSite","@id":"https:\/\/centrourbano.com\/revista\/#website","url":"https:\/\/centrourbano.com\/revista\/","name":"Centro Urbano","description":"Medio especializado en los sectores vivienda, inmobiliario, construcci\u00f3n, arquitectura y urbanismo.","publisher":{"@id":"https:\/\/centrourbano.com\/revista\/#organization"},"potentialAction":[{"@type":"SearchAction","target":{"@type":"EntryPoint","urlTemplate":"https:\/\/centrourbano.com\/revista\/?s={search_term_string}"},"query-input":{"@type":"PropertyValueSpecification","valueRequired":true,"valueName":"search_term_string"}}],"inLanguage":"es"},{"@type":"Organization","@id":"https:\/\/centrourbano.com\/revista\/#organization","name":"Centro Urbano","url":"https:\/\/centrourbano.com\/revista\/","logo":{"@type":"ImageObject","inLanguage":"es","@id":"https:\/\/centrourbano.com\/revista\/#\/schema\/logo\/image\/","url":"https:\/\/centrourbano.com\/revista\/wp-content\/uploads\/web_CU_logo-1.png","contentUrl":"https:\/\/centrourbano.com\/revista\/wp-content\/uploads\/web_CU_logo-1.png","width":350,"height":91,"caption":"Centro Urbano"},"image":{"@id":"https:\/\/centrourbano.com\/revista\/#\/schema\/logo\/image\/"},"sameAs":["https:\/\/www.facebook.com\/portalcentrourbano","https:\/\/x.com\/CentroUrbano","https:\/\/www.instagram.com\/centro_urbano\/","https:\/\/www.linkedin.com\/company\/centro-urbano\/","http:\/\/www.youtube.com\/user\/portalcentrourbano"]},{"@type":"Person","@id":"https:\/\/centrourbano.com\/revista\/#\/schema\/person\/71e020a5b63ca4230c0f1228a36cde93","name":"Mario V\u00e1zquez Barrios","image":{"@type":"ImageObject","inLanguage":"es","@id":"https:\/\/secure.gravatar.com\/avatar\/347e6d9c0b04f0194ca244ba64b0fe62752d716a3a93d1713bd259eb87aad5b6?s=96&d=mm&r=g","url":"https:\/\/secure.gravatar.com\/avatar\/347e6d9c0b04f0194ca244ba64b0fe62752d716a3a93d1713bd259eb87aad5b6?s=96&d=mm&r=g","contentUrl":"https:\/\/secure.gravatar.com\/avatar\/347e6d9c0b04f0194ca244ba64b0fe62752d716a3a93d1713bd259eb87aad5b6?s=96&d=mm&r=g","caption":"Mario V\u00e1zquez Barrios"},"description":"Me inici\u00e9 en El Financiero haciendo reportajes; en MegaNoticias Televisi\u00f3n fui reportero titular; en EMedios, control de calidad; y Radio 13 Noticias me acogi\u00f3 como colaborador. Me gusta encontrar en las banquetas la nota, una entrevista y el inicio de un reportaje.","sameAs":["https:\/\/x.com\/@MarioDeNiro"],"url":"https:\/\/centrourbano.com\/revista\/author\/mario-vazquez\/"}]}},"_links":{"self":[{"href":"https:\/\/centrourbano.com\/revista\/wp-json\/wp\/v2\/posts\/34120","targetHints":{"allow":["GET"]}}],"collection":[{"href":"https:\/\/centrourbano.com\/revista\/wp-json\/wp\/v2\/posts"}],"about":[{"href":"https:\/\/centrourbano.com\/revista\/wp-json\/wp\/v2\/types\/post"}],"author":[{"embeddable":true,"href":"https:\/\/centrourbano.com\/revista\/wp-json\/wp\/v2\/users\/28"}],"replies":[{"embeddable":true,"href":"https:\/\/centrourbano.com\/revista\/wp-json\/wp\/v2\/comments?post=34120"}],"version-history":[{"count":0,"href":"https:\/\/centrourbano.com\/revista\/wp-json\/wp\/v2\/posts\/34120\/revisions"}],"wp:featuredmedia":[{"embeddable":true,"href":"https:\/\/centrourbano.com\/revista\/wp-json\/wp\/v2\/media\/34121"}],"wp:attachment":[{"href":"https:\/\/centrourbano.com\/revista\/wp-json\/wp\/v2\/media?parent=34120"}],"wp:term":[{"taxonomy":"category","embeddable":true,"href":"https:\/\/centrourbano.com\/revista\/wp-json\/wp\/v2\/categories?post=34120"},{"taxonomy":"post_tag","embeddable":true,"href":"https:\/\/centrourbano.com\/revista\/wp-json\/wp\/v2\/tags?post=34120"}],"curies":[{"name":"wp","href":"https:\/\/api.w.org\/{rel}","templated":true}]}}