{"id":3403,"date":"2014-02-10T09:00:43","date_gmt":"2014-02-10T15:00:43","guid":{"rendered":"http:\/\/centrourbano.com\/?p=3403"},"modified":"2014-03-21T14:45:28","modified_gmt":"2014-03-21T20:45:28","slug":"repunta-construccion-de-vivienda-en-sonora","status":"publish","type":"post","link":"https:\/\/centrourbano.com\/revista\/vivienda\/repunta-construccion-de-vivienda-en-sonora\/","title":{"rendered":"Repunta construcci\u00f3n de vivienda en Sonora"},"content":{"rendered":"<p><em>La C\u00e1mara Nacional de Desarrollo y Promoci\u00f3n a la Vivienda ampl\u00eda su panorama de crecimiento con la firme visi\u00f3n de construir 10 mil viviendas para este 2014 en la entidad\u00a0<\/em><\/p>\n<p><!--more--><\/p>\n<p>Durante el a\u00f1o 2013, Sonora se posicion\u00f3 como uno de los 6 estados con mayor inscripci\u00f3n de paquetes para la construcci\u00f3n de vivienda, registrando un repunte particularmente en el \u00faltimo mes del a\u00f1o, de acuerdo al Registro \u00danico de Vivienda.<\/p>\n<p>As\u00ed lo dio a conocer Y\u00e1nez Navarro, presidente de Canadevi Delegaci\u00f3n Sonora, quien adem\u00e1s indic\u00f3 que en 2013 se colocaron 16 mil 308 cr\u00e9ditos, de los cuales 6 mil 523 fueron de vivienda nueva y 9 mil 785 de vivienda usada.<\/p>\n<p>Este 2014, la C\u00e1mara Nacional de Desarrollo y Promoci\u00f3n a la Vivienda ampl\u00eda su panorama de crecimiento con la firme visi\u00f3n de construir 10 mil viviendas en donde proyectar\u00e1 las reglas establecidas, financiamiento a proyectos, ofertas de cr\u00e9ditos en pesos y tasas de intereses competitivas.<\/p>\n<p>Con este aumento, se podr\u00edan otorgar cr\u00e9ditos Infonavit para empleados estatales y municipales; asimismo, Fovissste tambi\u00e9n anunci\u00f3 que se otorgar\u00e1n cr\u00e9ditos para que los derechohabientes tengan derecho a viviendas intraurbanas mejor ubicadas y con m\u00e1s metros cuadrados de construcci\u00f3n.<\/p>\n<p>Adem\u00e1s, para incentivar al sector, este a\u00f1o se aprob\u00f3 la ley de Aranceles Registrales, la cual es una de las m\u00e1s competitivas del pa\u00eds; a la par que se anunciaron 12 mil 100 millones de pesos para subsidios de vivienda econ\u00f3mica y sustentable.<\/p>\n<p>En cuanto a las instituciones financieras, en 2013 se colocaron cr\u00e9ditos apoyados por Fovissste en sus programas establecidos, los cuales ser\u00e1n incrementados durante el 2014; el Infonavit, por su parte, rebas\u00f3 las expectativas de 24 mil a 29 mil en colocaci\u00f3n de cr\u00e9ditos a derechohabientes tendiendo este a\u00f1o una tendencia a aumentar el n\u00famero.<\/p>\n<p>&nbsp;<\/p>\n","protected":false},"excerpt":{"rendered":"<p>La C\u00e1mara Nacional de Desarrollo y Promoci\u00f3n a la Vivienda ampl\u00eda su panorama de crecimiento con la firme visi\u00f3n de construir 10 mil viviendas para este 2014 en la entidad\u00a0<\/p>\n","protected":false},"author":9,"featured_media":0,"comment_status":"open","ping_status":"closed","sticky":false,"template":"","format":"standard","meta":{"om_disable_all_campaigns":false,"inline_featured_image":false,"_monsterinsights_skip_tracking":false,"_monsterinsights_sitenote_active":false,"_monsterinsights_sitenote_note":"","_monsterinsights_sitenote_category":0,"footnotes":""},"categories":[12],"tags":[99,155,100,1010,60],"class_list":["post-3403","post","type-post","status-publish","format-standard","hentry","category-vivienda","tag-canadevi","tag-fovissste","tag-infonavit","tag-sonora","tag-vivienda-2"],"yoast_head":"<!-- This site is optimized with the Yoast SEO plugin v27.5 - https:\/\/yoast.com\/product\/yoast-seo-wordpress\/ -->\n<title>Repunta construcci\u00f3n de vivienda en Sonora -<\/title>\n<meta name=\"description\" content=\"La C\u00e1mara Nacional de Desarrollo y Promoci\u00f3n a la Vivienda ampl\u00eda su panorama de crecimiento con la firme visi\u00f3n de construir 10 mil viviendas para este\" \/>\n<meta name=\"robots\" content=\"index, follow, max-snippet:-1, max-image-preview:large, max-video-preview:-1\" \/>\n<link rel=\"canonical\" href=\"https:\/\/centrourbano.com\/revista\/vivienda\/repunta-construccion-de-vivienda-en-sonora\/\" \/>\n<meta property=\"og:locale\" content=\"es_ES\" \/>\n<meta property=\"og:type\" content=\"article\" \/>\n<meta property=\"og:title\" content=\"Repunta construcci\u00f3n de vivienda en Sonora -\" \/>\n<meta property=\"og:description\" content=\"La C\u00e1mara Nacional de Desarrollo y Promoci\u00f3n a la Vivienda ampl\u00eda su panorama de crecimiento con la firme visi\u00f3n de construir 10 mil viviendas para este\" \/>\n<meta property=\"og:url\" content=\"https:\/\/centrourbano.com\/revista\/vivienda\/repunta-construccion-de-vivienda-en-sonora\/\" \/>\n<meta property=\"og:site_name\" content=\"Centro Urbano\" \/>\n<meta property=\"article:publisher\" content=\"https:\/\/www.facebook.com\/portalcentrourbano\" \/>\n<meta property=\"article:published_time\" content=\"2014-02-10T15:00:43+00:00\" \/>\n<meta property=\"article:modified_time\" content=\"2014-03-21T20:45:28+00:00\" \/>\n<meta property=\"og:image\" content=\"https:\/\/centrourbano.com\/revista\/wp-content\/uploads\/CU-logo.png\" \/>\n\t<meta property=\"og:image:width\" content=\"350\" \/>\n\t<meta property=\"og:image:height\" content=\"91\" \/>\n\t<meta property=\"og:image:type\" content=\"image\/png\" \/>\n<meta name=\"author\" content=\"Dinorah Nava\" \/>\n<meta name=\"twitter:card\" content=\"summary_large_image\" \/>\n<meta name=\"twitter:creator\" content=\"@https:\/\/twitter.com\/Dinorah_Nava28\" \/>\n<meta name=\"twitter:site\" content=\"@CentroUrbano\" \/>\n<meta name=\"twitter:label1\" content=\"Escrito por\" \/>\n\t<meta name=\"twitter:data1\" content=\"Dinorah Nava\" \/>\n\t<meta name=\"twitter:label2\" content=\"Tiempo de lectura\" \/>\n\t<meta name=\"twitter:data2\" content=\"2 minutos\" \/>\n<script type=\"application\/ld+json\" class=\"yoast-schema-graph\">{\"@context\":\"https:\\\/\\\/schema.org\",\"@graph\":[{\"@type\":\"Article\",\"@id\":\"https:\\\/\\\/centrourbano.com\\\/revista\\\/vivienda\\\/repunta-construccion-de-vivienda-en-sonora\\\/#article\",\"isPartOf\":{\"@id\":\"https:\\\/\\\/centrourbano.com\\\/revista\\\/vivienda\\\/repunta-construccion-de-vivienda-en-sonora\\\/\"},\"author\":{\"name\":\"Dinorah Nava\",\"@id\":\"https:\\\/\\\/centrourbano.com\\\/revista\\\/#\\\/schema\\\/person\\\/baa9e569588d5544150642a11ad28b8b\"},\"headline\":\"Repunta construcci\u00f3n de vivienda en Sonora\",\"datePublished\":\"2014-02-10T15:00:43+00:00\",\"dateModified\":\"2014-03-21T20:45:28+00:00\",\"mainEntityOfPage\":{\"@id\":\"https:\\\/\\\/centrourbano.com\\\/revista\\\/vivienda\\\/repunta-construccion-de-vivienda-en-sonora\\\/\"},\"wordCount\":316,\"commentCount\":0,\"publisher\":{\"@id\":\"https:\\\/\\\/centrourbano.com\\\/revista\\\/#organization\"},\"keywords\":[\"Canadevi\",\"Fovissste\",\"Infonavit\",\"Sonora\",\"vivienda\"],\"articleSection\":[\"Vivienda\"],\"inLanguage\":\"es\",\"potentialAction\":[{\"@type\":\"CommentAction\",\"name\":\"Comment\",\"target\":[\"https:\\\/\\\/centrourbano.com\\\/revista\\\/vivienda\\\/repunta-construccion-de-vivienda-en-sonora\\\/#respond\"]}]},{\"@type\":\"WebPage\",\"@id\":\"https:\\\/\\\/centrourbano.com\\\/revista\\\/vivienda\\\/repunta-construccion-de-vivienda-en-sonora\\\/\",\"url\":\"https:\\\/\\\/centrourbano.com\\\/revista\\\/vivienda\\\/repunta-construccion-de-vivienda-en-sonora\\\/\",\"name\":\"Repunta construcci\u00f3n de vivienda en Sonora -\",\"isPartOf\":{\"@id\":\"https:\\\/\\\/centrourbano.com\\\/revista\\\/#website\"},\"datePublished\":\"2014-02-10T15:00:43+00:00\",\"dateModified\":\"2014-03-21T20:45:28+00:00\",\"description\":\"La C\u00e1mara Nacional de Desarrollo y Promoci\u00f3n a la Vivienda ampl\u00eda su panorama de crecimiento con la firme visi\u00f3n de construir 10 mil viviendas para este\",\"breadcrumb\":{\"@id\":\"https:\\\/\\\/centrourbano.com\\\/revista\\\/vivienda\\\/repunta-construccion-de-vivienda-en-sonora\\\/#breadcrumb\"},\"inLanguage\":\"es\",\"potentialAction\":[{\"@type\":\"ReadAction\",\"target\":[\"https:\\\/\\\/centrourbano.com\\\/revista\\\/vivienda\\\/repunta-construccion-de-vivienda-en-sonora\\\/\"]}]},{\"@type\":\"BreadcrumbList\",\"@id\":\"https:\\\/\\\/centrourbano.com\\\/revista\\\/vivienda\\\/repunta-construccion-de-vivienda-en-sonora\\\/#breadcrumb\",\"itemListElement\":[{\"@type\":\"ListItem\",\"position\":1,\"name\":\"Portada\",\"item\":\"https:\\\/\\\/centrourbano.com\\\/revista\\\/\"},{\"@type\":\"ListItem\",\"position\":2,\"name\":\"Repunta construcci\u00f3n de vivienda en Sonora\"}]},{\"@type\":\"WebSite\",\"@id\":\"https:\\\/\\\/centrourbano.com\\\/revista\\\/#website\",\"url\":\"https:\\\/\\\/centrourbano.com\\\/revista\\\/\",\"name\":\"Centro Urbano\",\"description\":\"Medio especializado en los sectores vivienda, inmobiliario, construcci\u00f3n, arquitectura y urbanismo.\",\"publisher\":{\"@id\":\"https:\\\/\\\/centrourbano.com\\\/revista\\\/#organization\"},\"potentialAction\":[{\"@type\":\"SearchAction\",\"target\":{\"@type\":\"EntryPoint\",\"urlTemplate\":\"https:\\\/\\\/centrourbano.com\\\/revista\\\/?s={search_term_string}\"},\"query-input\":{\"@type\":\"PropertyValueSpecification\",\"valueRequired\":true,\"valueName\":\"search_term_string\"}}],\"inLanguage\":\"es\"},{\"@type\":\"Organization\",\"@id\":\"https:\\\/\\\/centrourbano.com\\\/revista\\\/#organization\",\"name\":\"Centro Urbano\",\"url\":\"https:\\\/\\\/centrourbano.com\\\/revista\\\/\",\"logo\":{\"@type\":\"ImageObject\",\"inLanguage\":\"es\",\"@id\":\"https:\\\/\\\/centrourbano.com\\\/revista\\\/#\\\/schema\\\/logo\\\/image\\\/\",\"url\":\"https:\\\/\\\/centrourbano.com\\\/revista\\\/wp-content\\\/uploads\\\/web_CU_logo-1.png\",\"contentUrl\":\"https:\\\/\\\/centrourbano.com\\\/revista\\\/wp-content\\\/uploads\\\/web_CU_logo-1.png\",\"width\":350,\"height\":91,\"caption\":\"Centro Urbano\"},\"image\":{\"@id\":\"https:\\\/\\\/centrourbano.com\\\/revista\\\/#\\\/schema\\\/logo\\\/image\\\/\"},\"sameAs\":[\"https:\\\/\\\/www.facebook.com\\\/portalcentrourbano\",\"https:\\\/\\\/x.com\\\/CentroUrbano\",\"https:\\\/\\\/www.instagram.com\\\/centro_urbano\\\/\",\"https:\\\/\\\/www.linkedin.com\\\/company\\\/centro-urbano\\\/\",\"http:\\\/\\\/www.youtube.com\\\/user\\\/portalcentrourbano\"]},{\"@type\":\"Person\",\"@id\":\"https:\\\/\\\/centrourbano.com\\\/revista\\\/#\\\/schema\\\/person\\\/baa9e569588d5544150642a11ad28b8b\",\"name\":\"Dinorah Nava\",\"image\":{\"@type\":\"ImageObject\",\"inLanguage\":\"es\",\"@id\":\"https:\\\/\\\/secure.gravatar.com\\\/avatar\\\/f6ca6430c51d147f363940f84e1225aa4b8183885c11802cc3b042305a4ecc1a?s=96&d=mm&r=g\",\"url\":\"https:\\\/\\\/secure.gravatar.com\\\/avatar\\\/f6ca6430c51d147f363940f84e1225aa4b8183885c11802cc3b042305a4ecc1a?s=96&d=mm&r=g\",\"contentUrl\":\"https:\\\/\\\/secure.gravatar.com\\\/avatar\\\/f6ca6430c51d147f363940f84e1225aa4b8183885c11802cc3b042305a4ecc1a?s=96&d=mm&r=g\",\"caption\":\"Dinorah Nava\"},\"description\":\"Editora de Contenidos y Estrategias Digitales en Centro Urbano y Coeditora en Peri\u00f3dico Mi Casa. Egresada de la licenciatura en Comunicaci\u00f3n y Periodismo de la Facultad de Estudios Superiores Arag\u00f3n (UNAM). Amante de la edici\u00f3n y correcci\u00f3n de estilo, las redes sociales y el mundo digital. Especialista en temas son arquitectura, inmobiliario y urbanismo.\",\"sameAs\":[\"linkedin.com\\\/in\\\/dinorah-nava\",\"https:\\\/\\\/x.com\\\/https:\\\/\\\/twitter.com\\\/Dinorah_Nava28\"],\"url\":\"https:\\\/\\\/centrourbano.com\\\/revista\\\/author\\\/dinorah-nava\\\/\"}]}<\/script>\n<!-- \/ Yoast SEO plugin. -->","yoast_head_json":{"title":"Repunta construcci\u00f3n de vivienda en Sonora -","description":"La C\u00e1mara Nacional de Desarrollo y Promoci\u00f3n a la Vivienda ampl\u00eda su panorama de crecimiento con la firme visi\u00f3n de construir 10 mil viviendas para este","robots":{"index":"index","follow":"follow","max-snippet":"max-snippet:-1","max-image-preview":"max-image-preview:large","max-video-preview":"max-video-preview:-1"},"canonical":"https:\/\/centrourbano.com\/revista\/vivienda\/repunta-construccion-de-vivienda-en-sonora\/","og_locale":"es_ES","og_type":"article","og_title":"Repunta construcci\u00f3n de vivienda en Sonora -","og_description":"La C\u00e1mara Nacional de Desarrollo y Promoci\u00f3n a la Vivienda ampl\u00eda su panorama de crecimiento con la firme visi\u00f3n de construir 10 mil viviendas para este","og_url":"https:\/\/centrourbano.com\/revista\/vivienda\/repunta-construccion-de-vivienda-en-sonora\/","og_site_name":"Centro Urbano","article_publisher":"https:\/\/www.facebook.com\/portalcentrourbano","article_published_time":"2014-02-10T15:00:43+00:00","article_modified_time":"2014-03-21T20:45:28+00:00","og_image":[{"width":350,"height":91,"url":"https:\/\/centrourbano.com\/revista\/wp-content\/uploads\/CU-logo.png","type":"image\/png"}],"author":"Dinorah Nava","twitter_card":"summary_large_image","twitter_creator":"@https:\/\/twitter.com\/Dinorah_Nava28","twitter_site":"@CentroUrbano","twitter_misc":{"Escrito por":"Dinorah Nava","Tiempo de lectura":"2 minutos"},"schema":{"@context":"https:\/\/schema.org","@graph":[{"@type":"Article","@id":"https:\/\/centrourbano.com\/revista\/vivienda\/repunta-construccion-de-vivienda-en-sonora\/#article","isPartOf":{"@id":"https:\/\/centrourbano.com\/revista\/vivienda\/repunta-construccion-de-vivienda-en-sonora\/"},"author":{"name":"Dinorah Nava","@id":"https:\/\/centrourbano.com\/revista\/#\/schema\/person\/baa9e569588d5544150642a11ad28b8b"},"headline":"Repunta construcci\u00f3n de vivienda en Sonora","datePublished":"2014-02-10T15:00:43+00:00","dateModified":"2014-03-21T20:45:28+00:00","mainEntityOfPage":{"@id":"https:\/\/centrourbano.com\/revista\/vivienda\/repunta-construccion-de-vivienda-en-sonora\/"},"wordCount":316,"commentCount":0,"publisher":{"@id":"https:\/\/centrourbano.com\/revista\/#organization"},"keywords":["Canadevi","Fovissste","Infonavit","Sonora","vivienda"],"articleSection":["Vivienda"],"inLanguage":"es","potentialAction":[{"@type":"CommentAction","name":"Comment","target":["https:\/\/centrourbano.com\/revista\/vivienda\/repunta-construccion-de-vivienda-en-sonora\/#respond"]}]},{"@type":"WebPage","@id":"https:\/\/centrourbano.com\/revista\/vivienda\/repunta-construccion-de-vivienda-en-sonora\/","url":"https:\/\/centrourbano.com\/revista\/vivienda\/repunta-construccion-de-vivienda-en-sonora\/","name":"Repunta construcci\u00f3n de vivienda en Sonora -","isPartOf":{"@id":"https:\/\/centrourbano.com\/revista\/#website"},"datePublished":"2014-02-10T15:00:43+00:00","dateModified":"2014-03-21T20:45:28+00:00","description":"La C\u00e1mara Nacional de Desarrollo y Promoci\u00f3n a la Vivienda ampl\u00eda su panorama de crecimiento con la firme visi\u00f3n de construir 10 mil viviendas para este","breadcrumb":{"@id":"https:\/\/centrourbano.com\/revista\/vivienda\/repunta-construccion-de-vivienda-en-sonora\/#breadcrumb"},"inLanguage":"es","potentialAction":[{"@type":"ReadAction","target":["https:\/\/centrourbano.com\/revista\/vivienda\/repunta-construccion-de-vivienda-en-sonora\/"]}]},{"@type":"BreadcrumbList","@id":"https:\/\/centrourbano.com\/revista\/vivienda\/repunta-construccion-de-vivienda-en-sonora\/#breadcrumb","itemListElement":[{"@type":"ListItem","position":1,"name":"Portada","item":"https:\/\/centrourbano.com\/revista\/"},{"@type":"ListItem","position":2,"name":"Repunta construcci\u00f3n de vivienda en Sonora"}]},{"@type":"WebSite","@id":"https:\/\/centrourbano.com\/revista\/#website","url":"https:\/\/centrourbano.com\/revista\/","name":"Centro Urbano","description":"Medio especializado en los sectores vivienda, inmobiliario, construcci\u00f3n, arquitectura y urbanismo.","publisher":{"@id":"https:\/\/centrourbano.com\/revista\/#organization"},"potentialAction":[{"@type":"SearchAction","target":{"@type":"EntryPoint","urlTemplate":"https:\/\/centrourbano.com\/revista\/?s={search_term_string}"},"query-input":{"@type":"PropertyValueSpecification","valueRequired":true,"valueName":"search_term_string"}}],"inLanguage":"es"},{"@type":"Organization","@id":"https:\/\/centrourbano.com\/revista\/#organization","name":"Centro Urbano","url":"https:\/\/centrourbano.com\/revista\/","logo":{"@type":"ImageObject","inLanguage":"es","@id":"https:\/\/centrourbano.com\/revista\/#\/schema\/logo\/image\/","url":"https:\/\/centrourbano.com\/revista\/wp-content\/uploads\/web_CU_logo-1.png","contentUrl":"https:\/\/centrourbano.com\/revista\/wp-content\/uploads\/web_CU_logo-1.png","width":350,"height":91,"caption":"Centro Urbano"},"image":{"@id":"https:\/\/centrourbano.com\/revista\/#\/schema\/logo\/image\/"},"sameAs":["https:\/\/www.facebook.com\/portalcentrourbano","https:\/\/x.com\/CentroUrbano","https:\/\/www.instagram.com\/centro_urbano\/","https:\/\/www.linkedin.com\/company\/centro-urbano\/","http:\/\/www.youtube.com\/user\/portalcentrourbano"]},{"@type":"Person","@id":"https:\/\/centrourbano.com\/revista\/#\/schema\/person\/baa9e569588d5544150642a11ad28b8b","name":"Dinorah Nava","image":{"@type":"ImageObject","inLanguage":"es","@id":"https:\/\/secure.gravatar.com\/avatar\/f6ca6430c51d147f363940f84e1225aa4b8183885c11802cc3b042305a4ecc1a?s=96&d=mm&r=g","url":"https:\/\/secure.gravatar.com\/avatar\/f6ca6430c51d147f363940f84e1225aa4b8183885c11802cc3b042305a4ecc1a?s=96&d=mm&r=g","contentUrl":"https:\/\/secure.gravatar.com\/avatar\/f6ca6430c51d147f363940f84e1225aa4b8183885c11802cc3b042305a4ecc1a?s=96&d=mm&r=g","caption":"Dinorah Nava"},"description":"Editora de Contenidos y Estrategias Digitales en Centro Urbano y Coeditora en Peri\u00f3dico Mi Casa. Egresada de la licenciatura en Comunicaci\u00f3n y Periodismo de la Facultad de Estudios Superiores Arag\u00f3n (UNAM). Amante de la edici\u00f3n y correcci\u00f3n de estilo, las redes sociales y el mundo digital. Especialista en temas son arquitectura, inmobiliario y urbanismo.","sameAs":["linkedin.com\/in\/dinorah-nava","https:\/\/x.com\/https:\/\/twitter.com\/Dinorah_Nava28"],"url":"https:\/\/centrourbano.com\/revista\/author\/dinorah-nava\/"}]}},"_links":{"self":[{"href":"https:\/\/centrourbano.com\/revista\/wp-json\/wp\/v2\/posts\/3403","targetHints":{"allow":["GET"]}}],"collection":[{"href":"https:\/\/centrourbano.com\/revista\/wp-json\/wp\/v2\/posts"}],"about":[{"href":"https:\/\/centrourbano.com\/revista\/wp-json\/wp\/v2\/types\/post"}],"author":[{"embeddable":true,"href":"https:\/\/centrourbano.com\/revista\/wp-json\/wp\/v2\/users\/9"}],"replies":[{"embeddable":true,"href":"https:\/\/centrourbano.com\/revista\/wp-json\/wp\/v2\/comments?post=3403"}],"version-history":[{"count":0,"href":"https:\/\/centrourbano.com\/revista\/wp-json\/wp\/v2\/posts\/3403\/revisions"}],"wp:attachment":[{"href":"https:\/\/centrourbano.com\/revista\/wp-json\/wp\/v2\/media?parent=3403"}],"wp:term":[{"taxonomy":"category","embeddable":true,"href":"https:\/\/centrourbano.com\/revista\/wp-json\/wp\/v2\/categories?post=3403"},{"taxonomy":"post_tag","embeddable":true,"href":"https:\/\/centrourbano.com\/revista\/wp-json\/wp\/v2\/tags?post=3403"}],"curies":[{"name":"wp","href":"https:\/\/api.w.org\/{rel}","templated":true}]}}