{"id":33869,"date":"2016-04-26T12:50:31","date_gmt":"2016-04-26T17:50:31","guid":{"rendered":"https:\/\/centrourbano.com\/?p=33869"},"modified":"2016-04-26T13:03:31","modified_gmt":"2016-04-26T18:03:31","slug":"nuevo-camp-nou-del-fc-barcelona-estara-listo-en-2021","status":"publish","type":"post","link":"https:\/\/centrourbano.com\/revista\/arquitectura-2\/nuevo-camp-nou-del-fc-barcelona-estara-listo-en-2021\/","title":{"rendered":"Nuevo Camp Nou del FC Barcelona estar\u00e1 listo en 2021"},"content":{"rendered":"<p><em>El espacio arquitect\u00f3nico contar\u00e1 con una capacidad total para 105,000 espectadores, todos ellos cubiertos<br \/>\n<\/em><!--more--><\/p>\n<p>Recientemente el FC Barcelona dio a conocer m\u00e1s detalles sobre c\u00f3mo ser\u00e1 el Nuevo Camp Nou, proyecto que en el mes de marzo fue concedido al consorcio conformado por \u201cNIKKEN SEKKEI + Joan Pascual i Ramon Ausi\u00f3 Arquitectes\u201d.<\/p>\n<p>El nuevo campus contar\u00e1 con una capacidad total para 105,000 espectadores, todos ellos cubiertos, y se construir\u00e1 una nueva primera grada m\u00e1s vertical y con mejor visibilidad, mientras que la segunda se mantendr\u00eda tal como est\u00e1 ahora y la tercera se completar\u00eda.<\/p>\n<p>Se construir\u00eda un nuevo eslab\u00f3n de palcos, restaurantes con vistas al terreno de juego, \u201csuperboxes\u201d y otros servicios VIP entre la primera y la segunda grada. Las zonas VIP mejorar\u00e1n en cuanto a la calidad y a la cantidad, a\u00f1adiendo 3,500 asientos nuevos para completar un total de 5,700 asientos de m\u00e1ximo confort.<\/p>\n<p>Las obras de la remodelaci\u00f3n, que dar\u00e1n inicio en el mes de mayo de 2017 y concluir\u00edan en febrero de 2021, convertir\u00e1n al estadio en uno de los centros de referencia en la sociedad de la Ciudad Condal. <\/p>\n<a href=\"https:\/\/centrourbano.com\/revista\/wp-content\/uploads\/Nuevo-Camp-Nou-FC-Barcelona.jpg\"><img loading=\"lazy\" decoding=\"async\" src=\"https:\/\/centrourbano.com\/revista\/wp-content\/uploads\/Nuevo-Camp-Nou-FC-Barcelona.jpg\" alt=\"Nuevo Camp Nou FC Barcelona\" width=\"640\" height=\"360\" class=\"alignnone size-full wp-image-33873\" srcset=\"https:\/\/centrourbano.com\/revista\/wp-content\/uploads\/Nuevo-Camp-Nou-FC-Barcelona.jpg 640w, https:\/\/centrourbano.com\/revista\/wp-content\/uploads\/Nuevo-Camp-Nou-FC-Barcelona-300x169.jpg 300w\" sizes=\"auto, (max-width: 640px) 100vw, 640px\" \/><\/a>\n<p>Dentro de las acciones est\u00e1 el mejoramiento de los accesos desde los aleda\u00f1os del campo, la instalaci\u00f3n de un mirador con una vista panor\u00e1mica 360\u00ba de toda Barcelona, as\u00ed como la ampliaci\u00f3n de manera exponencial de las tiendas y espacios por todo el complejo.<\/p>\n<p>Asimismo, se ampliar\u00e1n el Museo del club y la tienda oficial tambi\u00e9n, pasando a ocupar m\u00e1s de 2,500 metros cuadrados cada una. <\/p>\n<p>Cabe recordar que en el mes de marzo se dio a conocer la propuesta que incorporar\u00eda mejoras en funcionalidad, accesibilidad, movilidad, sostenibilidad, modernidad y calidad, mediante un urbanismo al servicio de las personas, del barrio y de la ciudad.<\/p>\n<p>La propuesta inclu\u00eda tambi\u00e9n mejoras en los pasillos y la construcci\u00f3n de un anillo perimetral de servicios y accesos para facilitar la circulaci\u00f3n interior, mejorando la oferta gastron\u00f3mica, los servicios p\u00fablicos y la operativa del servicio de limpieza. <\/p>\n<p>Se incluyen tambi\u00e9n escaleras mec\u00e1nicas y ascensores para acceder a toda la tercera grada y se crear\u00e1n plantas niveladas y ordenadas, eliminando las escaleras interiores y a\u00f1adiendo espacios m\u00e1s di\u00e1fanos.  <\/p>\n<p>El espacio arquitect\u00f3nico contempla una nueva ubicaci\u00f3n de la c\u00e1mara m\u00e1ster en una posici\u00f3n central, seg\u00fan requerimientos de la UEFA, que permitir\u00e1 explotar una segunda U televisiva (per\u00edmetro de la publicidad din\u00e1mica a pie de c\u00e9sped) que incrementar\u00eda los ingresos para el FC Barcelona.<\/p>\n<p>En cuanto al exterior de la sede se incrementar\u00eda la capacidad del estacionamiento para contar con un aforo total de alrededor de 5,000 espacios para coche.<\/p>\n<p><iframe loading=\"lazy\" frameborder=\"0\" width=\"480\" height=\"270\" src=\"\/\/www.dailymotion.com\/embed\/video\/x45x2zi\" allowfullscreen><\/iframe><br \/><a href=\"http:\/\/www.dailymotion.com\/video\/x45x2zi_nuevo-camp-nou-un-sueno-abierto-al-mundo-asi-sera-el-nuevo-estadio_sport\" target=\"_blank\">NUEVO CAMP NOU &ndash; Un sue&ntilde;o abierto al mundo: as&iacute;&#8230;<\/a> <i>por <a href=\"http:\/\/www.dailymotion.com\/fcbarcelona\" target=\"_blank\">fcbarcelona<\/a><\/i><\/p>\n","protected":false},"excerpt":{"rendered":"<p>El espacio arquitect\u00f3nico contar\u00e1 con una capacidad total para 105,000 espectadores, todos ellos cubiertos<\/p>\n","protected":false},"author":9,"featured_media":33870,"comment_status":"open","ping_status":"closed","sticky":false,"template":"","format":"standard","meta":{"om_disable_all_campaigns":false,"inline_featured_image":false,"_monsterinsights_skip_tracking":false,"_monsterinsights_sitenote_active":false,"_monsterinsights_sitenote_note":"","_monsterinsights_sitenote_category":0,"footnotes":""},"categories":[81],"tags":[7773,6370,6369],"class_list":["post-33869","post","type-post","status-publish","format-standard","has-post-thumbnail","hentry","category-arquitectura-2","tag-arquitectonico","tag-fc-barcelona","tag-nuevo-camp-nou"],"yoast_head":"<!-- This site is optimized with the Yoast SEO plugin v27.4 - https:\/\/yoast.com\/product\/yoast-seo-wordpress\/ -->\n<title>Nuevo Camp Nou del FC Barcelona estar\u00e1 listo en 2021<\/title>\n<meta name=\"description\" content=\"El espacio arquitect\u00f3nico contar\u00e1 con una capacidad total para 105,000\u00a0espectadores, todos ellos cubiertos\" \/>\n<meta name=\"robots\" content=\"index, follow, max-snippet:-1, max-image-preview:large, max-video-preview:-1\" \/>\n<link rel=\"canonical\" href=\"https:\/\/centrourbano.com\/revista\/arquitectura-2\/nuevo-camp-nou-del-fc-barcelona-estara-listo-en-2021\/\" \/>\n<meta property=\"og:locale\" content=\"es_ES\" \/>\n<meta property=\"og:type\" content=\"article\" \/>\n<meta property=\"og:title\" content=\"Nuevo Camp Nou del FC Barcelona estar\u00e1 listo en 2021\" \/>\n<meta property=\"og:description\" content=\"El espacio arquitect\u00f3nico contar\u00e1 con una capacidad total para 105,000\u00a0espectadores, todos ellos cubiertos\" \/>\n<meta property=\"og:url\" content=\"https:\/\/centrourbano.com\/revista\/arquitectura-2\/nuevo-camp-nou-del-fc-barcelona-estara-listo-en-2021\/\" \/>\n<meta property=\"og:site_name\" content=\"Centro Urbano\" \/>\n<meta property=\"article:publisher\" content=\"https:\/\/www.facebook.com\/portalcentrourbano\" \/>\n<meta property=\"article:published_time\" content=\"2016-04-26T17:50:31+00:00\" \/>\n<meta property=\"article:modified_time\" content=\"2016-04-26T18:03:31+00:00\" \/>\n<meta property=\"og:image\" content=\"https:\/\/centrourbano.com\/revista\/wp-content\/uploads\/AerialViewNightTime-1.jpg\" \/>\n\t<meta property=\"og:image:width\" content=\"760\" \/>\n\t<meta property=\"og:image:height\" content=\"507\" \/>\n\t<meta property=\"og:image:type\" content=\"image\/jpeg\" \/>\n<meta name=\"author\" content=\"Dinorah Nava\" \/>\n<meta name=\"twitter:card\" content=\"summary_large_image\" \/>\n<meta name=\"twitter:creator\" content=\"@https:\/\/twitter.com\/Dinorah_Nava28\" \/>\n<meta name=\"twitter:site\" content=\"@CentroUrbano\" \/>\n<meta name=\"twitter:label1\" content=\"Escrito por\" \/>\n\t<meta name=\"twitter:data1\" content=\"Dinorah Nava\" \/>\n\t<meta name=\"twitter:label2\" content=\"Tiempo de lectura\" \/>\n\t<meta name=\"twitter:data2\" content=\"2 minutos\" \/>\n<script type=\"application\/ld+json\" class=\"yoast-schema-graph\">{\"@context\":\"https:\\\/\\\/schema.org\",\"@graph\":[{\"@type\":\"Article\",\"@id\":\"https:\\\/\\\/centrourbano.com\\\/revista\\\/arquitectura-2\\\/nuevo-camp-nou-del-fc-barcelona-estara-listo-en-2021\\\/#article\",\"isPartOf\":{\"@id\":\"https:\\\/\\\/centrourbano.com\\\/revista\\\/arquitectura-2\\\/nuevo-camp-nou-del-fc-barcelona-estara-listo-en-2021\\\/\"},\"author\":{\"name\":\"Dinorah Nava\",\"@id\":\"https:\\\/\\\/centrourbano.com\\\/revista\\\/#\\\/schema\\\/person\\\/b45db815d96831257ba428a3d5a5fbdc\"},\"headline\":\"Nuevo Camp Nou del FC Barcelona estar\u00e1 listo en 2021\",\"datePublished\":\"2016-04-26T17:50:31+00:00\",\"dateModified\":\"2016-04-26T18:03:31+00:00\",\"mainEntityOfPage\":{\"@id\":\"https:\\\/\\\/centrourbano.com\\\/revista\\\/arquitectura-2\\\/nuevo-camp-nou-del-fc-barcelona-estara-listo-en-2021\\\/\"},\"wordCount\":488,\"commentCount\":0,\"publisher\":{\"@id\":\"https:\\\/\\\/centrourbano.com\\\/revista\\\/#organization\"},\"image\":{\"@id\":\"https:\\\/\\\/centrourbano.com\\\/revista\\\/arquitectura-2\\\/nuevo-camp-nou-del-fc-barcelona-estara-listo-en-2021\\\/#primaryimage\"},\"thumbnailUrl\":\"https:\\\/\\\/centrourbano.com\\\/revista\\\/wp-content\\\/uploads\\\/AerialViewNightTime-1.jpg\",\"keywords\":[\"arquitect\u00f3nico\",\"FC Barcelona\",\"Nuevo Camp Nou\"],\"articleSection\":[\"Arquitectura\"],\"inLanguage\":\"es\",\"potentialAction\":[{\"@type\":\"CommentAction\",\"name\":\"Comment\",\"target\":[\"https:\\\/\\\/centrourbano.com\\\/revista\\\/arquitectura-2\\\/nuevo-camp-nou-del-fc-barcelona-estara-listo-en-2021\\\/#respond\"]}]},{\"@type\":\"WebPage\",\"@id\":\"https:\\\/\\\/centrourbano.com\\\/revista\\\/arquitectura-2\\\/nuevo-camp-nou-del-fc-barcelona-estara-listo-en-2021\\\/\",\"url\":\"https:\\\/\\\/centrourbano.com\\\/revista\\\/arquitectura-2\\\/nuevo-camp-nou-del-fc-barcelona-estara-listo-en-2021\\\/\",\"name\":\"Nuevo Camp Nou del FC Barcelona estar\u00e1 listo en 2021\",\"isPartOf\":{\"@id\":\"https:\\\/\\\/centrourbano.com\\\/revista\\\/#website\"},\"primaryImageOfPage\":{\"@id\":\"https:\\\/\\\/centrourbano.com\\\/revista\\\/arquitectura-2\\\/nuevo-camp-nou-del-fc-barcelona-estara-listo-en-2021\\\/#primaryimage\"},\"image\":{\"@id\":\"https:\\\/\\\/centrourbano.com\\\/revista\\\/arquitectura-2\\\/nuevo-camp-nou-del-fc-barcelona-estara-listo-en-2021\\\/#primaryimage\"},\"thumbnailUrl\":\"https:\\\/\\\/centrourbano.com\\\/revista\\\/wp-content\\\/uploads\\\/AerialViewNightTime-1.jpg\",\"datePublished\":\"2016-04-26T17:50:31+00:00\",\"dateModified\":\"2016-04-26T18:03:31+00:00\",\"description\":\"El espacio arquitect\u00f3nico contar\u00e1 con una capacidad total para 105,000\u00a0espectadores, todos ellos cubiertos\",\"breadcrumb\":{\"@id\":\"https:\\\/\\\/centrourbano.com\\\/revista\\\/arquitectura-2\\\/nuevo-camp-nou-del-fc-barcelona-estara-listo-en-2021\\\/#breadcrumb\"},\"inLanguage\":\"es\",\"potentialAction\":[{\"@type\":\"ReadAction\",\"target\":[\"https:\\\/\\\/centrourbano.com\\\/revista\\\/arquitectura-2\\\/nuevo-camp-nou-del-fc-barcelona-estara-listo-en-2021\\\/\"]}]},{\"@type\":\"ImageObject\",\"inLanguage\":\"es\",\"@id\":\"https:\\\/\\\/centrourbano.com\\\/revista\\\/arquitectura-2\\\/nuevo-camp-nou-del-fc-barcelona-estara-listo-en-2021\\\/#primaryimage\",\"url\":\"https:\\\/\\\/centrourbano.com\\\/revista\\\/wp-content\\\/uploads\\\/AerialViewNightTime-1.jpg\",\"contentUrl\":\"https:\\\/\\\/centrourbano.com\\\/revista\\\/wp-content\\\/uploads\\\/AerialViewNightTime-1.jpg\",\"width\":760,\"height\":507,\"caption\":\"El espacio arquitect\u00f3nico contar\u00e1 con una capacidad total para 105,000 espectadores, todos ellos cubiertos\"},{\"@type\":\"BreadcrumbList\",\"@id\":\"https:\\\/\\\/centrourbano.com\\\/revista\\\/arquitectura-2\\\/nuevo-camp-nou-del-fc-barcelona-estara-listo-en-2021\\\/#breadcrumb\",\"itemListElement\":[{\"@type\":\"ListItem\",\"position\":1,\"name\":\"Portada\",\"item\":\"https:\\\/\\\/centrourbano.com\\\/revista\\\/\"},{\"@type\":\"ListItem\",\"position\":2,\"name\":\"Nuevo Camp Nou del FC Barcelona estar\u00e1 listo en 2021\"}]},{\"@type\":\"WebSite\",\"@id\":\"https:\\\/\\\/centrourbano.com\\\/revista\\\/#website\",\"url\":\"https:\\\/\\\/centrourbano.com\\\/revista\\\/\",\"name\":\"Centro Urbano\",\"description\":\"Medio especializado en los sectores vivienda, inmobiliario, construcci\u00f3n, arquitectura y urbanismo.\",\"publisher\":{\"@id\":\"https:\\\/\\\/centrourbano.com\\\/revista\\\/#organization\"},\"potentialAction\":[{\"@type\":\"SearchAction\",\"target\":{\"@type\":\"EntryPoint\",\"urlTemplate\":\"https:\\\/\\\/centrourbano.com\\\/revista\\\/?s={search_term_string}\"},\"query-input\":{\"@type\":\"PropertyValueSpecification\",\"valueRequired\":true,\"valueName\":\"search_term_string\"}}],\"inLanguage\":\"es\"},{\"@type\":\"Organization\",\"@id\":\"https:\\\/\\\/centrourbano.com\\\/revista\\\/#organization\",\"name\":\"Centro Urbano\",\"url\":\"https:\\\/\\\/centrourbano.com\\\/revista\\\/\",\"logo\":{\"@type\":\"ImageObject\",\"inLanguage\":\"es\",\"@id\":\"https:\\\/\\\/centrourbano.com\\\/revista\\\/#\\\/schema\\\/logo\\\/image\\\/\",\"url\":\"https:\\\/\\\/centrourbano.com\\\/revista\\\/wp-content\\\/uploads\\\/web_CU_logo-1.png\",\"contentUrl\":\"https:\\\/\\\/centrourbano.com\\\/revista\\\/wp-content\\\/uploads\\\/web_CU_logo-1.png\",\"width\":350,\"height\":91,\"caption\":\"Centro Urbano\"},\"image\":{\"@id\":\"https:\\\/\\\/centrourbano.com\\\/revista\\\/#\\\/schema\\\/logo\\\/image\\\/\"},\"sameAs\":[\"https:\\\/\\\/www.facebook.com\\\/portalcentrourbano\",\"https:\\\/\\\/x.com\\\/CentroUrbano\",\"https:\\\/\\\/www.instagram.com\\\/centro_urbano\\\/\",\"https:\\\/\\\/www.linkedin.com\\\/company\\\/centro-urbano\\\/\",\"http:\\\/\\\/www.youtube.com\\\/user\\\/portalcentrourbano\"]},{\"@type\":\"Person\",\"@id\":\"https:\\\/\\\/centrourbano.com\\\/revista\\\/#\\\/schema\\\/person\\\/b45db815d96831257ba428a3d5a5fbdc\",\"name\":\"Dinorah Nava\",\"image\":{\"@type\":\"ImageObject\",\"inLanguage\":\"es\",\"@id\":\"https:\\\/\\\/secure.gravatar.com\\\/avatar\\\/f6ca6430c51d147f363940f84e1225aa4b8183885c11802cc3b042305a4ecc1a?s=96&d=mm&r=g\",\"url\":\"https:\\\/\\\/secure.gravatar.com\\\/avatar\\\/f6ca6430c51d147f363940f84e1225aa4b8183885c11802cc3b042305a4ecc1a?s=96&d=mm&r=g\",\"contentUrl\":\"https:\\\/\\\/secure.gravatar.com\\\/avatar\\\/f6ca6430c51d147f363940f84e1225aa4b8183885c11802cc3b042305a4ecc1a?s=96&d=mm&r=g\",\"caption\":\"Dinorah Nava\"},\"description\":\"Editora de Contenidos y Estrategias Digitales en Centro Urbano y Coeditora en Peri\u00f3dico Mi Casa. Egresada de la licenciatura en Comunicaci\u00f3n y Periodismo de la Facultad de Estudios Superiores Arag\u00f3n (UNAM). Amante de la edici\u00f3n y correcci\u00f3n de estilo, las redes sociales y el mundo digital. Especialista en temas son arquitectura, inmobiliario y urbanismo.\",\"sameAs\":[\"linkedin.com\\\/in\\\/dinorah-nava\",\"https:\\\/\\\/x.com\\\/https:\\\/\\\/twitter.com\\\/Dinorah_Nava28\"],\"url\":\"https:\\\/\\\/centrourbano.com\\\/revista\\\/author\\\/dinorah-nava\\\/\"}]}<\/script>\n<!-- \/ Yoast SEO plugin. -->","yoast_head_json":{"title":"Nuevo Camp Nou del FC Barcelona estar\u00e1 listo en 2021","description":"El espacio arquitect\u00f3nico contar\u00e1 con una capacidad total para 105,000\u00a0espectadores, todos ellos cubiertos","robots":{"index":"index","follow":"follow","max-snippet":"max-snippet:-1","max-image-preview":"max-image-preview:large","max-video-preview":"max-video-preview:-1"},"canonical":"https:\/\/centrourbano.com\/revista\/arquitectura-2\/nuevo-camp-nou-del-fc-barcelona-estara-listo-en-2021\/","og_locale":"es_ES","og_type":"article","og_title":"Nuevo Camp Nou del FC Barcelona estar\u00e1 listo en 2021","og_description":"El espacio arquitect\u00f3nico contar\u00e1 con una capacidad total para 105,000\u00a0espectadores, todos ellos cubiertos","og_url":"https:\/\/centrourbano.com\/revista\/arquitectura-2\/nuevo-camp-nou-del-fc-barcelona-estara-listo-en-2021\/","og_site_name":"Centro Urbano","article_publisher":"https:\/\/www.facebook.com\/portalcentrourbano","article_published_time":"2016-04-26T17:50:31+00:00","article_modified_time":"2016-04-26T18:03:31+00:00","og_image":[{"width":760,"height":507,"url":"https:\/\/centrourbano.com\/revista\/wp-content\/uploads\/AerialViewNightTime-1.jpg","type":"image\/jpeg"}],"author":"Dinorah Nava","twitter_card":"summary_large_image","twitter_creator":"@https:\/\/twitter.com\/Dinorah_Nava28","twitter_site":"@CentroUrbano","twitter_misc":{"Escrito por":"Dinorah Nava","Tiempo de lectura":"2 minutos"},"schema":{"@context":"https:\/\/schema.org","@graph":[{"@type":"Article","@id":"https:\/\/centrourbano.com\/revista\/arquitectura-2\/nuevo-camp-nou-del-fc-barcelona-estara-listo-en-2021\/#article","isPartOf":{"@id":"https:\/\/centrourbano.com\/revista\/arquitectura-2\/nuevo-camp-nou-del-fc-barcelona-estara-listo-en-2021\/"},"author":{"name":"Dinorah Nava","@id":"https:\/\/centrourbano.com\/revista\/#\/schema\/person\/b45db815d96831257ba428a3d5a5fbdc"},"headline":"Nuevo Camp Nou del FC Barcelona estar\u00e1 listo en 2021","datePublished":"2016-04-26T17:50:31+00:00","dateModified":"2016-04-26T18:03:31+00:00","mainEntityOfPage":{"@id":"https:\/\/centrourbano.com\/revista\/arquitectura-2\/nuevo-camp-nou-del-fc-barcelona-estara-listo-en-2021\/"},"wordCount":488,"commentCount":0,"publisher":{"@id":"https:\/\/centrourbano.com\/revista\/#organization"},"image":{"@id":"https:\/\/centrourbano.com\/revista\/arquitectura-2\/nuevo-camp-nou-del-fc-barcelona-estara-listo-en-2021\/#primaryimage"},"thumbnailUrl":"https:\/\/centrourbano.com\/revista\/wp-content\/uploads\/AerialViewNightTime-1.jpg","keywords":["arquitect\u00f3nico","FC Barcelona","Nuevo Camp Nou"],"articleSection":["Arquitectura"],"inLanguage":"es","potentialAction":[{"@type":"CommentAction","name":"Comment","target":["https:\/\/centrourbano.com\/revista\/arquitectura-2\/nuevo-camp-nou-del-fc-barcelona-estara-listo-en-2021\/#respond"]}]},{"@type":"WebPage","@id":"https:\/\/centrourbano.com\/revista\/arquitectura-2\/nuevo-camp-nou-del-fc-barcelona-estara-listo-en-2021\/","url":"https:\/\/centrourbano.com\/revista\/arquitectura-2\/nuevo-camp-nou-del-fc-barcelona-estara-listo-en-2021\/","name":"Nuevo Camp Nou del FC Barcelona estar\u00e1 listo en 2021","isPartOf":{"@id":"https:\/\/centrourbano.com\/revista\/#website"},"primaryImageOfPage":{"@id":"https:\/\/centrourbano.com\/revista\/arquitectura-2\/nuevo-camp-nou-del-fc-barcelona-estara-listo-en-2021\/#primaryimage"},"image":{"@id":"https:\/\/centrourbano.com\/revista\/arquitectura-2\/nuevo-camp-nou-del-fc-barcelona-estara-listo-en-2021\/#primaryimage"},"thumbnailUrl":"https:\/\/centrourbano.com\/revista\/wp-content\/uploads\/AerialViewNightTime-1.jpg","datePublished":"2016-04-26T17:50:31+00:00","dateModified":"2016-04-26T18:03:31+00:00","description":"El espacio arquitect\u00f3nico contar\u00e1 con una capacidad total para 105,000\u00a0espectadores, todos ellos cubiertos","breadcrumb":{"@id":"https:\/\/centrourbano.com\/revista\/arquitectura-2\/nuevo-camp-nou-del-fc-barcelona-estara-listo-en-2021\/#breadcrumb"},"inLanguage":"es","potentialAction":[{"@type":"ReadAction","target":["https:\/\/centrourbano.com\/revista\/arquitectura-2\/nuevo-camp-nou-del-fc-barcelona-estara-listo-en-2021\/"]}]},{"@type":"ImageObject","inLanguage":"es","@id":"https:\/\/centrourbano.com\/revista\/arquitectura-2\/nuevo-camp-nou-del-fc-barcelona-estara-listo-en-2021\/#primaryimage","url":"https:\/\/centrourbano.com\/revista\/wp-content\/uploads\/AerialViewNightTime-1.jpg","contentUrl":"https:\/\/centrourbano.com\/revista\/wp-content\/uploads\/AerialViewNightTime-1.jpg","width":760,"height":507,"caption":"El espacio arquitect\u00f3nico contar\u00e1 con una capacidad total para 105,000 espectadores, todos ellos cubiertos"},{"@type":"BreadcrumbList","@id":"https:\/\/centrourbano.com\/revista\/arquitectura-2\/nuevo-camp-nou-del-fc-barcelona-estara-listo-en-2021\/#breadcrumb","itemListElement":[{"@type":"ListItem","position":1,"name":"Portada","item":"https:\/\/centrourbano.com\/revista\/"},{"@type":"ListItem","position":2,"name":"Nuevo Camp Nou del FC Barcelona estar\u00e1 listo en 2021"}]},{"@type":"WebSite","@id":"https:\/\/centrourbano.com\/revista\/#website","url":"https:\/\/centrourbano.com\/revista\/","name":"Centro Urbano","description":"Medio especializado en los sectores vivienda, inmobiliario, construcci\u00f3n, arquitectura y urbanismo.","publisher":{"@id":"https:\/\/centrourbano.com\/revista\/#organization"},"potentialAction":[{"@type":"SearchAction","target":{"@type":"EntryPoint","urlTemplate":"https:\/\/centrourbano.com\/revista\/?s={search_term_string}"},"query-input":{"@type":"PropertyValueSpecification","valueRequired":true,"valueName":"search_term_string"}}],"inLanguage":"es"},{"@type":"Organization","@id":"https:\/\/centrourbano.com\/revista\/#organization","name":"Centro Urbano","url":"https:\/\/centrourbano.com\/revista\/","logo":{"@type":"ImageObject","inLanguage":"es","@id":"https:\/\/centrourbano.com\/revista\/#\/schema\/logo\/image\/","url":"https:\/\/centrourbano.com\/revista\/wp-content\/uploads\/web_CU_logo-1.png","contentUrl":"https:\/\/centrourbano.com\/revista\/wp-content\/uploads\/web_CU_logo-1.png","width":350,"height":91,"caption":"Centro Urbano"},"image":{"@id":"https:\/\/centrourbano.com\/revista\/#\/schema\/logo\/image\/"},"sameAs":["https:\/\/www.facebook.com\/portalcentrourbano","https:\/\/x.com\/CentroUrbano","https:\/\/www.instagram.com\/centro_urbano\/","https:\/\/www.linkedin.com\/company\/centro-urbano\/","http:\/\/www.youtube.com\/user\/portalcentrourbano"]},{"@type":"Person","@id":"https:\/\/centrourbano.com\/revista\/#\/schema\/person\/b45db815d96831257ba428a3d5a5fbdc","name":"Dinorah Nava","image":{"@type":"ImageObject","inLanguage":"es","@id":"https:\/\/secure.gravatar.com\/avatar\/f6ca6430c51d147f363940f84e1225aa4b8183885c11802cc3b042305a4ecc1a?s=96&d=mm&r=g","url":"https:\/\/secure.gravatar.com\/avatar\/f6ca6430c51d147f363940f84e1225aa4b8183885c11802cc3b042305a4ecc1a?s=96&d=mm&r=g","contentUrl":"https:\/\/secure.gravatar.com\/avatar\/f6ca6430c51d147f363940f84e1225aa4b8183885c11802cc3b042305a4ecc1a?s=96&d=mm&r=g","caption":"Dinorah Nava"},"description":"Editora de Contenidos y Estrategias Digitales en Centro Urbano y Coeditora en Peri\u00f3dico Mi Casa. Egresada de la licenciatura en Comunicaci\u00f3n y Periodismo de la Facultad de Estudios Superiores Arag\u00f3n (UNAM). Amante de la edici\u00f3n y correcci\u00f3n de estilo, las redes sociales y el mundo digital. Especialista en temas son arquitectura, inmobiliario y urbanismo.","sameAs":["linkedin.com\/in\/dinorah-nava","https:\/\/x.com\/https:\/\/twitter.com\/Dinorah_Nava28"],"url":"https:\/\/centrourbano.com\/revista\/author\/dinorah-nava\/"}]}},"_links":{"self":[{"href":"https:\/\/centrourbano.com\/revista\/wp-json\/wp\/v2\/posts\/33869","targetHints":{"allow":["GET"]}}],"collection":[{"href":"https:\/\/centrourbano.com\/revista\/wp-json\/wp\/v2\/posts"}],"about":[{"href":"https:\/\/centrourbano.com\/revista\/wp-json\/wp\/v2\/types\/post"}],"author":[{"embeddable":true,"href":"https:\/\/centrourbano.com\/revista\/wp-json\/wp\/v2\/users\/9"}],"replies":[{"embeddable":true,"href":"https:\/\/centrourbano.com\/revista\/wp-json\/wp\/v2\/comments?post=33869"}],"version-history":[{"count":0,"href":"https:\/\/centrourbano.com\/revista\/wp-json\/wp\/v2\/posts\/33869\/revisions"}],"wp:featuredmedia":[{"embeddable":true,"href":"https:\/\/centrourbano.com\/revista\/wp-json\/wp\/v2\/media\/33870"}],"wp:attachment":[{"href":"https:\/\/centrourbano.com\/revista\/wp-json\/wp\/v2\/media?parent=33869"}],"wp:term":[{"taxonomy":"category","embeddable":true,"href":"https:\/\/centrourbano.com\/revista\/wp-json\/wp\/v2\/categories?post=33869"},{"taxonomy":"post_tag","embeddable":true,"href":"https:\/\/centrourbano.com\/revista\/wp-json\/wp\/v2\/tags?post=33869"}],"curies":[{"name":"wp","href":"https:\/\/api.w.org\/{rel}","templated":true}]}}