{"id":33839,"date":"2016-04-25T15:11:38","date_gmt":"2016-04-25T20:11:38","guid":{"rendered":"https:\/\/centrourbano.com\/?p=33839"},"modified":"2016-04-25T15:11:38","modified_gmt":"2016-04-25T20:11:38","slug":"cfe-pone-en-marcha-planta-electrica-solar-en-baja-california-sur","status":"publish","type":"post","link":"https:\/\/centrourbano.com\/revista\/construccion\/cfe-pone-en-marcha-planta-electrica-solar-en-baja-california-sur\/","title":{"rendered":"CFE pone en marcha Planta El\u00e9ctrica Solar en Baja California Sur"},"content":{"rendered":"<p><em>La planta el\u00e9ctrica cuenta con 468 paneles solares con una capacidad conjunta de 342 kilowatts\/hora<br \/>\n<\/em><!--more--><\/p>\n<p>El Director General de la Comisi\u00f3n Federal de Electricidad (CFE), Enrique Ochoa Reza, y el Gobernador del Estado de Baja California Sur, Carlos Mendoza Davis, inauguraron una Planta El\u00e9ctrica Solar en el poblado de Luis Echeverr\u00eda \u00c1lvarez, en el Municipio de Muleg\u00e9.<\/p>\n<p>Esta obra forma parte del Proyecto de Servicios Integrales de Energ\u00eda, coordinado por la Secretar\u00eda de Energ\u00eda y apoyado por el Banco Mundial, el cual tiene como objetivo impulsar la cobertura universal del servicio de energ\u00eda el\u00e9ctrica a nivel nacional, y a trav\u00e9s del cual se instalar\u00e1n 40 plantas de generaci\u00f3n de energ\u00eda solar en distintos estados para que brinden energ\u00eda el\u00e9ctrica a comunidades que antes no contaban con el servicio.<\/p>\n<p>La planta solar cuenta con un respaldo de energ\u00eda de aproximadamente 48 horas, que funciona a trav\u00e9s de bater\u00edas, permiti\u00e9ndole suministrar energ\u00eda el\u00e9ctrica a la comunidad aun cuando no haya sol.<\/p>\n<p>En un comunicado emitido por la CFE, se detalla que durante el evento, el director de la CFE dijo que esta planta cuenta con 468 paneles solares con una capacidad conjunta de 342 kilowatts\/hora. <\/p>\n<p>El ejido de Luis Echeverr\u00eda, alejado de cualquier centro urbano, es una comunidad que sin duda se ver\u00e1 sumamente beneficiada con la puesta en marcha de esta planta, ya que hasta la fecha depend\u00eda de la compra de hielo en poblados alejados, o de tecnolog\u00eda de gas, para refrigerar la comida.<br \/>\nAdem\u00e1s, no cuenta con se\u00f1al de telefon\u00eda celular y la \u00fanica instalaci\u00f3n de telefon\u00eda fija depende de la energ\u00eda el\u00e9ctrica que le suministra esta nueva planta solar. <\/p>\n<p>Enrique Ochoa destac\u00f3 que esta nueva planta es el resultado de la suma de esfuerzos entre el Municipio de Muleg\u00e9, que don\u00f3 el terreno en donde se instal\u00f3 la planta solar; el Banco Mundial, que otorg\u00f3 financiamiento para la obra; el Gobierno del Estado de Baja California Sur, que contribuy\u00f3 con recursos para la planta; y la Comisi\u00f3n Federal de Electricidad que realiz\u00f3 una inversi\u00f3n y aport\u00f3 recursos t\u00e9cnicos y tecnol\u00f3gicos para el proyecto.<\/p>\n","protected":false},"excerpt":{"rendered":"<p>La planta el\u00e9ctrica cuenta con 468 paneles solares con una capacidad conjunta de 342 kilowatts\/hora<\/p>\n","protected":false},"author":9,"featured_media":33840,"comment_status":"open","ping_status":"closed","sticky":false,"template":"","format":"standard","meta":{"om_disable_all_campaigns":false,"inline_featured_image":false,"_monsterinsights_skip_tracking":false,"_monsterinsights_sitenote_active":false,"_monsterinsights_sitenote_note":"","_monsterinsights_sitenote_category":0,"footnotes":""},"categories":[14],"tags":[2673,612,3714,8045,5018],"class_list":["post-33839","post","type-post","status-publish","format-standard","has-post-thumbnail","hentry","category-construccion","tag-baja-califormia-sur","tag-cfe","tag-energia-electrica","tag-planta-electrica","tag-planta-solar"],"yoast_head":"<!-- This site is optimized with the Yoast SEO plugin v27.4 - https:\/\/yoast.com\/product\/yoast-seo-wordpress\/ -->\n<title>CFE pone en marcha Planta El\u00e9ctrica Solar en Baja California Sur<\/title>\n<meta name=\"description\" content=\"La planta el\u00e9ctrica cuenta con 468 paneles solares con una capacidad conjunta de 342 kilowatts\/hora\" \/>\n<meta name=\"robots\" content=\"index, follow, max-snippet:-1, max-image-preview:large, max-video-preview:-1\" \/>\n<link rel=\"canonical\" href=\"https:\/\/centrourbano.com\/revista\/construccion\/cfe-pone-en-marcha-planta-electrica-solar-en-baja-california-sur\/\" \/>\n<meta property=\"og:locale\" content=\"es_ES\" \/>\n<meta property=\"og:type\" content=\"article\" \/>\n<meta property=\"og:title\" content=\"CFE pone en marcha Planta El\u00e9ctrica Solar en Baja California Sur\" \/>\n<meta property=\"og:description\" content=\"La planta el\u00e9ctrica cuenta con 468 paneles solares con una capacidad conjunta de 342 kilowatts\/hora\" \/>\n<meta property=\"og:url\" content=\"https:\/\/centrourbano.com\/revista\/construccion\/cfe-pone-en-marcha-planta-electrica-solar-en-baja-california-sur\/\" \/>\n<meta property=\"og:site_name\" content=\"Centro Urbano\" \/>\n<meta property=\"article:publisher\" content=\"https:\/\/www.facebook.com\/portalcentrourbano\" \/>\n<meta property=\"article:published_time\" content=\"2016-04-25T20:11:38+00:00\" \/>\n<meta property=\"og:image\" content=\"https:\/\/centrourbano.com\/revista\/wp-content\/uploads\/IMG_0182-e1461615024285.jpg\" \/>\n\t<meta property=\"og:image:width\" content=\"800\" \/>\n\t<meta property=\"og:image:height\" content=\"432\" \/>\n\t<meta property=\"og:image:type\" content=\"image\/jpeg\" \/>\n<meta name=\"author\" content=\"Dinorah Nava\" \/>\n<meta name=\"twitter:card\" content=\"summary_large_image\" \/>\n<meta name=\"twitter:creator\" content=\"@https:\/\/twitter.com\/Dinorah_Nava28\" \/>\n<meta name=\"twitter:site\" content=\"@CentroUrbano\" \/>\n<meta name=\"twitter:label1\" content=\"Escrito por\" \/>\n\t<meta name=\"twitter:data1\" content=\"Dinorah Nava\" \/>\n\t<meta name=\"twitter:label2\" content=\"Tiempo de lectura\" \/>\n\t<meta name=\"twitter:data2\" content=\"2 minutos\" \/>\n<script type=\"application\/ld+json\" class=\"yoast-schema-graph\">{\"@context\":\"https:\\\/\\\/schema.org\",\"@graph\":[{\"@type\":\"Article\",\"@id\":\"https:\\\/\\\/centrourbano.com\\\/revista\\\/construccion\\\/cfe-pone-en-marcha-planta-electrica-solar-en-baja-california-sur\\\/#article\",\"isPartOf\":{\"@id\":\"https:\\\/\\\/centrourbano.com\\\/revista\\\/construccion\\\/cfe-pone-en-marcha-planta-electrica-solar-en-baja-california-sur\\\/\"},\"author\":{\"name\":\"Dinorah Nava\",\"@id\":\"https:\\\/\\\/centrourbano.com\\\/revista\\\/#\\\/schema\\\/person\\\/b45db815d96831257ba428a3d5a5fbdc\"},\"headline\":\"CFE pone en marcha Planta El\u00e9ctrica Solar en Baja California Sur\",\"datePublished\":\"2016-04-25T20:11:38+00:00\",\"mainEntityOfPage\":{\"@id\":\"https:\\\/\\\/centrourbano.com\\\/revista\\\/construccion\\\/cfe-pone-en-marcha-planta-electrica-solar-en-baja-california-sur\\\/\"},\"wordCount\":388,\"commentCount\":0,\"publisher\":{\"@id\":\"https:\\\/\\\/centrourbano.com\\\/revista\\\/#organization\"},\"image\":{\"@id\":\"https:\\\/\\\/centrourbano.com\\\/revista\\\/construccion\\\/cfe-pone-en-marcha-planta-electrica-solar-en-baja-california-sur\\\/#primaryimage\"},\"thumbnailUrl\":\"https:\\\/\\\/centrourbano.com\\\/revista\\\/wp-content\\\/uploads\\\/IMG_0182-e1461615024285.jpg\",\"keywords\":[\"Baja Califormia Sur\",\"CFE\",\"energ\u00eda el\u00e9ctrica\",\"Planta El\u00e9ctrica\",\"planta solar\"],\"articleSection\":[\"Construcci\u00f3n\"],\"inLanguage\":\"es\",\"potentialAction\":[{\"@type\":\"CommentAction\",\"name\":\"Comment\",\"target\":[\"https:\\\/\\\/centrourbano.com\\\/revista\\\/construccion\\\/cfe-pone-en-marcha-planta-electrica-solar-en-baja-california-sur\\\/#respond\"]}]},{\"@type\":\"WebPage\",\"@id\":\"https:\\\/\\\/centrourbano.com\\\/revista\\\/construccion\\\/cfe-pone-en-marcha-planta-electrica-solar-en-baja-california-sur\\\/\",\"url\":\"https:\\\/\\\/centrourbano.com\\\/revista\\\/construccion\\\/cfe-pone-en-marcha-planta-electrica-solar-en-baja-california-sur\\\/\",\"name\":\"CFE pone en marcha Planta El\u00e9ctrica Solar en Baja California Sur\",\"isPartOf\":{\"@id\":\"https:\\\/\\\/centrourbano.com\\\/revista\\\/#website\"},\"primaryImageOfPage\":{\"@id\":\"https:\\\/\\\/centrourbano.com\\\/revista\\\/construccion\\\/cfe-pone-en-marcha-planta-electrica-solar-en-baja-california-sur\\\/#primaryimage\"},\"image\":{\"@id\":\"https:\\\/\\\/centrourbano.com\\\/revista\\\/construccion\\\/cfe-pone-en-marcha-planta-electrica-solar-en-baja-california-sur\\\/#primaryimage\"},\"thumbnailUrl\":\"https:\\\/\\\/centrourbano.com\\\/revista\\\/wp-content\\\/uploads\\\/IMG_0182-e1461615024285.jpg\",\"datePublished\":\"2016-04-25T20:11:38+00:00\",\"description\":\"La planta el\u00e9ctrica cuenta con 468 paneles solares con una capacidad conjunta de 342 kilowatts\\\/hora\",\"breadcrumb\":{\"@id\":\"https:\\\/\\\/centrourbano.com\\\/revista\\\/construccion\\\/cfe-pone-en-marcha-planta-electrica-solar-en-baja-california-sur\\\/#breadcrumb\"},\"inLanguage\":\"es\",\"potentialAction\":[{\"@type\":\"ReadAction\",\"target\":[\"https:\\\/\\\/centrourbano.com\\\/revista\\\/construccion\\\/cfe-pone-en-marcha-planta-electrica-solar-en-baja-california-sur\\\/\"]}]},{\"@type\":\"ImageObject\",\"inLanguage\":\"es\",\"@id\":\"https:\\\/\\\/centrourbano.com\\\/revista\\\/construccion\\\/cfe-pone-en-marcha-planta-electrica-solar-en-baja-california-sur\\\/#primaryimage\",\"url\":\"https:\\\/\\\/centrourbano.com\\\/revista\\\/wp-content\\\/uploads\\\/IMG_0182-e1461615024285.jpg\",\"contentUrl\":\"https:\\\/\\\/centrourbano.com\\\/revista\\\/wp-content\\\/uploads\\\/IMG_0182-e1461615024285.jpg\",\"width\":800,\"height\":432,\"caption\":\"La planta el\u00e9ctrica cuenta con 468 paneles solares con una capacidad conjunta de 342 kilowatts\\\/hora\"},{\"@type\":\"BreadcrumbList\",\"@id\":\"https:\\\/\\\/centrourbano.com\\\/revista\\\/construccion\\\/cfe-pone-en-marcha-planta-electrica-solar-en-baja-california-sur\\\/#breadcrumb\",\"itemListElement\":[{\"@type\":\"ListItem\",\"position\":1,\"name\":\"Portada\",\"item\":\"https:\\\/\\\/centrourbano.com\\\/revista\\\/\"},{\"@type\":\"ListItem\",\"position\":2,\"name\":\"CFE pone en marcha Planta El\u00e9ctrica Solar en Baja California Sur\"}]},{\"@type\":\"WebSite\",\"@id\":\"https:\\\/\\\/centrourbano.com\\\/revista\\\/#website\",\"url\":\"https:\\\/\\\/centrourbano.com\\\/revista\\\/\",\"name\":\"Centro Urbano\",\"description\":\"Medio especializado en los sectores vivienda, inmobiliario, construcci\u00f3n, arquitectura y urbanismo.\",\"publisher\":{\"@id\":\"https:\\\/\\\/centrourbano.com\\\/revista\\\/#organization\"},\"potentialAction\":[{\"@type\":\"SearchAction\",\"target\":{\"@type\":\"EntryPoint\",\"urlTemplate\":\"https:\\\/\\\/centrourbano.com\\\/revista\\\/?s={search_term_string}\"},\"query-input\":{\"@type\":\"PropertyValueSpecification\",\"valueRequired\":true,\"valueName\":\"search_term_string\"}}],\"inLanguage\":\"es\"},{\"@type\":\"Organization\",\"@id\":\"https:\\\/\\\/centrourbano.com\\\/revista\\\/#organization\",\"name\":\"Centro Urbano\",\"url\":\"https:\\\/\\\/centrourbano.com\\\/revista\\\/\",\"logo\":{\"@type\":\"ImageObject\",\"inLanguage\":\"es\",\"@id\":\"https:\\\/\\\/centrourbano.com\\\/revista\\\/#\\\/schema\\\/logo\\\/image\\\/\",\"url\":\"https:\\\/\\\/centrourbano.com\\\/revista\\\/wp-content\\\/uploads\\\/web_CU_logo-1.png\",\"contentUrl\":\"https:\\\/\\\/centrourbano.com\\\/revista\\\/wp-content\\\/uploads\\\/web_CU_logo-1.png\",\"width\":350,\"height\":91,\"caption\":\"Centro Urbano\"},\"image\":{\"@id\":\"https:\\\/\\\/centrourbano.com\\\/revista\\\/#\\\/schema\\\/logo\\\/image\\\/\"},\"sameAs\":[\"https:\\\/\\\/www.facebook.com\\\/portalcentrourbano\",\"https:\\\/\\\/x.com\\\/CentroUrbano\",\"https:\\\/\\\/www.instagram.com\\\/centro_urbano\\\/\",\"https:\\\/\\\/www.linkedin.com\\\/company\\\/centro-urbano\\\/\",\"http:\\\/\\\/www.youtube.com\\\/user\\\/portalcentrourbano\"]},{\"@type\":\"Person\",\"@id\":\"https:\\\/\\\/centrourbano.com\\\/revista\\\/#\\\/schema\\\/person\\\/b45db815d96831257ba428a3d5a5fbdc\",\"name\":\"Dinorah Nava\",\"image\":{\"@type\":\"ImageObject\",\"inLanguage\":\"es\",\"@id\":\"https:\\\/\\\/secure.gravatar.com\\\/avatar\\\/f6ca6430c51d147f363940f84e1225aa4b8183885c11802cc3b042305a4ecc1a?s=96&d=mm&r=g\",\"url\":\"https:\\\/\\\/secure.gravatar.com\\\/avatar\\\/f6ca6430c51d147f363940f84e1225aa4b8183885c11802cc3b042305a4ecc1a?s=96&d=mm&r=g\",\"contentUrl\":\"https:\\\/\\\/secure.gravatar.com\\\/avatar\\\/f6ca6430c51d147f363940f84e1225aa4b8183885c11802cc3b042305a4ecc1a?s=96&d=mm&r=g\",\"caption\":\"Dinorah Nava\"},\"description\":\"Editora de Contenidos y Estrategias Digitales en Centro Urbano y Coeditora en Peri\u00f3dico Mi Casa. Egresada de la licenciatura en Comunicaci\u00f3n y Periodismo de la Facultad de Estudios Superiores Arag\u00f3n (UNAM). Amante de la edici\u00f3n y correcci\u00f3n de estilo, las redes sociales y el mundo digital. Especialista en temas son arquitectura, inmobiliario y urbanismo.\",\"sameAs\":[\"linkedin.com\\\/in\\\/dinorah-nava\",\"https:\\\/\\\/x.com\\\/https:\\\/\\\/twitter.com\\\/Dinorah_Nava28\"],\"url\":\"https:\\\/\\\/centrourbano.com\\\/revista\\\/author\\\/dinorah-nava\\\/\"}]}<\/script>\n<!-- \/ Yoast SEO plugin. -->","yoast_head_json":{"title":"CFE pone en marcha Planta El\u00e9ctrica Solar en Baja California Sur","description":"La planta el\u00e9ctrica cuenta con 468 paneles solares con una capacidad conjunta de 342 kilowatts\/hora","robots":{"index":"index","follow":"follow","max-snippet":"max-snippet:-1","max-image-preview":"max-image-preview:large","max-video-preview":"max-video-preview:-1"},"canonical":"https:\/\/centrourbano.com\/revista\/construccion\/cfe-pone-en-marcha-planta-electrica-solar-en-baja-california-sur\/","og_locale":"es_ES","og_type":"article","og_title":"CFE pone en marcha Planta El\u00e9ctrica Solar en Baja California Sur","og_description":"La planta el\u00e9ctrica cuenta con 468 paneles solares con una capacidad conjunta de 342 kilowatts\/hora","og_url":"https:\/\/centrourbano.com\/revista\/construccion\/cfe-pone-en-marcha-planta-electrica-solar-en-baja-california-sur\/","og_site_name":"Centro Urbano","article_publisher":"https:\/\/www.facebook.com\/portalcentrourbano","article_published_time":"2016-04-25T20:11:38+00:00","og_image":[{"width":800,"height":432,"url":"https:\/\/centrourbano.com\/revista\/wp-content\/uploads\/IMG_0182-e1461615024285.jpg","type":"image\/jpeg"}],"author":"Dinorah Nava","twitter_card":"summary_large_image","twitter_creator":"@https:\/\/twitter.com\/Dinorah_Nava28","twitter_site":"@CentroUrbano","twitter_misc":{"Escrito por":"Dinorah Nava","Tiempo de lectura":"2 minutos"},"schema":{"@context":"https:\/\/schema.org","@graph":[{"@type":"Article","@id":"https:\/\/centrourbano.com\/revista\/construccion\/cfe-pone-en-marcha-planta-electrica-solar-en-baja-california-sur\/#article","isPartOf":{"@id":"https:\/\/centrourbano.com\/revista\/construccion\/cfe-pone-en-marcha-planta-electrica-solar-en-baja-california-sur\/"},"author":{"name":"Dinorah Nava","@id":"https:\/\/centrourbano.com\/revista\/#\/schema\/person\/b45db815d96831257ba428a3d5a5fbdc"},"headline":"CFE pone en marcha Planta El\u00e9ctrica Solar en Baja California Sur","datePublished":"2016-04-25T20:11:38+00:00","mainEntityOfPage":{"@id":"https:\/\/centrourbano.com\/revista\/construccion\/cfe-pone-en-marcha-planta-electrica-solar-en-baja-california-sur\/"},"wordCount":388,"commentCount":0,"publisher":{"@id":"https:\/\/centrourbano.com\/revista\/#organization"},"image":{"@id":"https:\/\/centrourbano.com\/revista\/construccion\/cfe-pone-en-marcha-planta-electrica-solar-en-baja-california-sur\/#primaryimage"},"thumbnailUrl":"https:\/\/centrourbano.com\/revista\/wp-content\/uploads\/IMG_0182-e1461615024285.jpg","keywords":["Baja Califormia Sur","CFE","energ\u00eda el\u00e9ctrica","Planta El\u00e9ctrica","planta solar"],"articleSection":["Construcci\u00f3n"],"inLanguage":"es","potentialAction":[{"@type":"CommentAction","name":"Comment","target":["https:\/\/centrourbano.com\/revista\/construccion\/cfe-pone-en-marcha-planta-electrica-solar-en-baja-california-sur\/#respond"]}]},{"@type":"WebPage","@id":"https:\/\/centrourbano.com\/revista\/construccion\/cfe-pone-en-marcha-planta-electrica-solar-en-baja-california-sur\/","url":"https:\/\/centrourbano.com\/revista\/construccion\/cfe-pone-en-marcha-planta-electrica-solar-en-baja-california-sur\/","name":"CFE pone en marcha Planta El\u00e9ctrica Solar en Baja California Sur","isPartOf":{"@id":"https:\/\/centrourbano.com\/revista\/#website"},"primaryImageOfPage":{"@id":"https:\/\/centrourbano.com\/revista\/construccion\/cfe-pone-en-marcha-planta-electrica-solar-en-baja-california-sur\/#primaryimage"},"image":{"@id":"https:\/\/centrourbano.com\/revista\/construccion\/cfe-pone-en-marcha-planta-electrica-solar-en-baja-california-sur\/#primaryimage"},"thumbnailUrl":"https:\/\/centrourbano.com\/revista\/wp-content\/uploads\/IMG_0182-e1461615024285.jpg","datePublished":"2016-04-25T20:11:38+00:00","description":"La planta el\u00e9ctrica cuenta con 468 paneles solares con una capacidad conjunta de 342 kilowatts\/hora","breadcrumb":{"@id":"https:\/\/centrourbano.com\/revista\/construccion\/cfe-pone-en-marcha-planta-electrica-solar-en-baja-california-sur\/#breadcrumb"},"inLanguage":"es","potentialAction":[{"@type":"ReadAction","target":["https:\/\/centrourbano.com\/revista\/construccion\/cfe-pone-en-marcha-planta-electrica-solar-en-baja-california-sur\/"]}]},{"@type":"ImageObject","inLanguage":"es","@id":"https:\/\/centrourbano.com\/revista\/construccion\/cfe-pone-en-marcha-planta-electrica-solar-en-baja-california-sur\/#primaryimage","url":"https:\/\/centrourbano.com\/revista\/wp-content\/uploads\/IMG_0182-e1461615024285.jpg","contentUrl":"https:\/\/centrourbano.com\/revista\/wp-content\/uploads\/IMG_0182-e1461615024285.jpg","width":800,"height":432,"caption":"La planta el\u00e9ctrica cuenta con 468 paneles solares con una capacidad conjunta de 342 kilowatts\/hora"},{"@type":"BreadcrumbList","@id":"https:\/\/centrourbano.com\/revista\/construccion\/cfe-pone-en-marcha-planta-electrica-solar-en-baja-california-sur\/#breadcrumb","itemListElement":[{"@type":"ListItem","position":1,"name":"Portada","item":"https:\/\/centrourbano.com\/revista\/"},{"@type":"ListItem","position":2,"name":"CFE pone en marcha Planta El\u00e9ctrica Solar en Baja California Sur"}]},{"@type":"WebSite","@id":"https:\/\/centrourbano.com\/revista\/#website","url":"https:\/\/centrourbano.com\/revista\/","name":"Centro Urbano","description":"Medio especializado en los sectores vivienda, inmobiliario, construcci\u00f3n, arquitectura y urbanismo.","publisher":{"@id":"https:\/\/centrourbano.com\/revista\/#organization"},"potentialAction":[{"@type":"SearchAction","target":{"@type":"EntryPoint","urlTemplate":"https:\/\/centrourbano.com\/revista\/?s={search_term_string}"},"query-input":{"@type":"PropertyValueSpecification","valueRequired":true,"valueName":"search_term_string"}}],"inLanguage":"es"},{"@type":"Organization","@id":"https:\/\/centrourbano.com\/revista\/#organization","name":"Centro Urbano","url":"https:\/\/centrourbano.com\/revista\/","logo":{"@type":"ImageObject","inLanguage":"es","@id":"https:\/\/centrourbano.com\/revista\/#\/schema\/logo\/image\/","url":"https:\/\/centrourbano.com\/revista\/wp-content\/uploads\/web_CU_logo-1.png","contentUrl":"https:\/\/centrourbano.com\/revista\/wp-content\/uploads\/web_CU_logo-1.png","width":350,"height":91,"caption":"Centro Urbano"},"image":{"@id":"https:\/\/centrourbano.com\/revista\/#\/schema\/logo\/image\/"},"sameAs":["https:\/\/www.facebook.com\/portalcentrourbano","https:\/\/x.com\/CentroUrbano","https:\/\/www.instagram.com\/centro_urbano\/","https:\/\/www.linkedin.com\/company\/centro-urbano\/","http:\/\/www.youtube.com\/user\/portalcentrourbano"]},{"@type":"Person","@id":"https:\/\/centrourbano.com\/revista\/#\/schema\/person\/b45db815d96831257ba428a3d5a5fbdc","name":"Dinorah Nava","image":{"@type":"ImageObject","inLanguage":"es","@id":"https:\/\/secure.gravatar.com\/avatar\/f6ca6430c51d147f363940f84e1225aa4b8183885c11802cc3b042305a4ecc1a?s=96&d=mm&r=g","url":"https:\/\/secure.gravatar.com\/avatar\/f6ca6430c51d147f363940f84e1225aa4b8183885c11802cc3b042305a4ecc1a?s=96&d=mm&r=g","contentUrl":"https:\/\/secure.gravatar.com\/avatar\/f6ca6430c51d147f363940f84e1225aa4b8183885c11802cc3b042305a4ecc1a?s=96&d=mm&r=g","caption":"Dinorah Nava"},"description":"Editora de Contenidos y Estrategias Digitales en Centro Urbano y Coeditora en Peri\u00f3dico Mi Casa. Egresada de la licenciatura en Comunicaci\u00f3n y Periodismo de la Facultad de Estudios Superiores Arag\u00f3n (UNAM). Amante de la edici\u00f3n y correcci\u00f3n de estilo, las redes sociales y el mundo digital. Especialista en temas son arquitectura, inmobiliario y urbanismo.","sameAs":["linkedin.com\/in\/dinorah-nava","https:\/\/x.com\/https:\/\/twitter.com\/Dinorah_Nava28"],"url":"https:\/\/centrourbano.com\/revista\/author\/dinorah-nava\/"}]}},"_links":{"self":[{"href":"https:\/\/centrourbano.com\/revista\/wp-json\/wp\/v2\/posts\/33839","targetHints":{"allow":["GET"]}}],"collection":[{"href":"https:\/\/centrourbano.com\/revista\/wp-json\/wp\/v2\/posts"}],"about":[{"href":"https:\/\/centrourbano.com\/revista\/wp-json\/wp\/v2\/types\/post"}],"author":[{"embeddable":true,"href":"https:\/\/centrourbano.com\/revista\/wp-json\/wp\/v2\/users\/9"}],"replies":[{"embeddable":true,"href":"https:\/\/centrourbano.com\/revista\/wp-json\/wp\/v2\/comments?post=33839"}],"version-history":[{"count":0,"href":"https:\/\/centrourbano.com\/revista\/wp-json\/wp\/v2\/posts\/33839\/revisions"}],"wp:featuredmedia":[{"embeddable":true,"href":"https:\/\/centrourbano.com\/revista\/wp-json\/wp\/v2\/media\/33840"}],"wp:attachment":[{"href":"https:\/\/centrourbano.com\/revista\/wp-json\/wp\/v2\/media?parent=33839"}],"wp:term":[{"taxonomy":"category","embeddable":true,"href":"https:\/\/centrourbano.com\/revista\/wp-json\/wp\/v2\/categories?post=33839"},{"taxonomy":"post_tag","embeddable":true,"href":"https:\/\/centrourbano.com\/revista\/wp-json\/wp\/v2\/tags?post=33839"}],"curies":[{"name":"wp","href":"https:\/\/api.w.org\/{rel}","templated":true}]}}