{"id":33838,"date":"2016-04-25T16:45:51","date_gmt":"2016-04-25T21:45:51","guid":{"rendered":"https:\/\/centrourbano.com\/?p=33838"},"modified":"2016-04-25T16:45:51","modified_gmt":"2016-04-25T21:45:51","slug":"colocan-mallas-para-proteccion-solar-en-escuelas-de-la-gam","status":"publish","type":"post","link":"https:\/\/centrourbano.com\/revista\/construccion\/colocan-mallas-para-proteccion-solar-en-escuelas-de-la-gam\/","title":{"rendered":"Colocan mallas para protecci\u00f3n solar en escuelas de la GAM"},"content":{"rendered":"<p><em>Cada protecci\u00f3n abarca 625 metros cuadrados, se colocar\u00e1n 450 estructuras<\/em><br \/>\n<!--more--><\/p>\n<p>La delegaci\u00f3n Gustavo A. Madero ha colocado 350 estructuras met\u00e1licas para la instalaci\u00f3n de mallas solares en escuelas p\u00fablicas de la demarcaci\u00f3n, hasta la fecha se tiene un avance de 77%, cuya finalidad es proteger a los alumnos de los rayos ultravioleta durante actividades al aire libre.  <\/p>\n<p>\u201cLa protecci\u00f3n a base de malla-sombra tiene una extensi\u00f3n de 25 por 25 metros, elaborada con fibras de polietileno, lo que evitar\u00e1 exponer a la poblaci\u00f3n infantil a los intensos rayos del sol sin protecci\u00f3n\u201d, explic\u00f3 la delegaci\u00f3n. <\/p>\n<p>La colocaci\u00f3n se realiza sobre una estructura de perfiles estructurales, personal de la Direcci\u00f3n General de Obras realiz\u00f3 un proyecto de estructura para cada escuela, para que se ajustaran a las caracter\u00edsticas de cada uno de los planteles. <\/p>\n<p>\u201cA la fecha el avance de la instalaci\u00f3n de las  estructuras met\u00e1licas es del 77%, de un total de 450 que ser\u00e1n instaladas en los plateles educativos. Su colocaci\u00f3n se realiza sobre una estructura met\u00e1lica con base en perfiles estructurales que est\u00e1 dise\u00f1ada para cubrir un \u00e1rea de 625 metros cuadrados\u201d.<\/p>\n","protected":false},"excerpt":{"rendered":"<p>Cada protecci\u00f3n abarca 625 metros cuadrados, se colocar\u00e1n 450 estructuras<\/p>\n","protected":false},"author":37,"featured_media":33843,"comment_status":"open","ping_status":"closed","sticky":false,"template":"","format":"standard","meta":{"om_disable_all_campaigns":false,"inline_featured_image":false,"_monsterinsights_skip_tracking":false,"_monsterinsights_sitenote_active":false,"_monsterinsights_sitenote_note":"","_monsterinsights_sitenote_category":0,"footnotes":""},"categories":[14],"tags":[],"class_list":["post-33838","post","type-post","status-publish","format-standard","has-post-thumbnail","hentry","category-construccion"],"yoast_head":"<!-- This site is optimized with the Yoast SEO plugin v27.4 - https:\/\/yoast.com\/product\/yoast-seo-wordpress\/ -->\n<title>Colocan mallas para protecci\u00f3n solar en escuelas de la GAM -<\/title>\n<meta name=\"description\" content=\"La delegaci\u00f3n Gustavo A. Madero ha colocado 350 estructuras met\u00e1licas para la instalaci\u00f3n de mallas solares en escuelas p\u00fablicas de la demarcaci\u00f3n, hasta la fecha se tiene un avance de 77%, cuya finalidad es proteger a los alumnos de los rayos ultravioleta durante actividades al aire libre.\u00a0\" \/>\n<meta name=\"robots\" content=\"index, follow, max-snippet:-1, max-image-preview:large, max-video-preview:-1\" \/>\n<link rel=\"canonical\" href=\"https:\/\/centrourbano.com\/revista\/construccion\/colocan-mallas-para-proteccion-solar-en-escuelas-de-la-gam\/\" \/>\n<meta property=\"og:locale\" content=\"es_ES\" \/>\n<meta property=\"og:type\" content=\"article\" \/>\n<meta property=\"og:title\" content=\"Colocan mallas para protecci\u00f3n solar en escuelas de la GAM -\" \/>\n<meta property=\"og:description\" content=\"La delegaci\u00f3n Gustavo A. Madero ha colocado 350 estructuras met\u00e1licas para la instalaci\u00f3n de mallas solares en escuelas p\u00fablicas de la demarcaci\u00f3n, hasta la fecha se tiene un avance de 77%, cuya finalidad es proteger a los alumnos de los rayos ultravioleta durante actividades al aire libre.\u00a0\" \/>\n<meta property=\"og:url\" content=\"https:\/\/centrourbano.com\/revista\/construccion\/colocan-mallas-para-proteccion-solar-en-escuelas-de-la-gam\/\" \/>\n<meta property=\"og:site_name\" content=\"Centro Urbano\" \/>\n<meta property=\"article:publisher\" content=\"https:\/\/www.facebook.com\/portalcentrourbano\" \/>\n<meta property=\"article:published_time\" content=\"2016-04-25T21:45:51+00:00\" \/>\n<meta property=\"og:image\" content=\"https:\/\/centrourbano.com\/revista\/wp-content\/uploads\/MALLAS-SOLARES-1-scaled.jpg\" \/>\n\t<meta property=\"og:image:width\" content=\"2560\" \/>\n\t<meta property=\"og:image:height\" content=\"1707\" \/>\n\t<meta property=\"og:image:type\" content=\"image\/jpeg\" \/>\n<meta name=\"author\" content=\"Diego Rodr\u00edguez\" \/>\n<meta name=\"twitter:card\" content=\"summary_large_image\" \/>\n<meta name=\"twitter:creator\" content=\"@CentroUrbano\" \/>\n<meta name=\"twitter:site\" content=\"@CentroUrbano\" \/>\n<meta name=\"twitter:label1\" content=\"Escrito por\" \/>\n\t<meta name=\"twitter:data1\" content=\"Diego Rodr\u00edguez\" \/>\n\t<meta name=\"twitter:label2\" content=\"Tiempo de lectura\" \/>\n\t<meta name=\"twitter:data2\" content=\"1 minuto\" \/>\n<script type=\"application\/ld+json\" class=\"yoast-schema-graph\">{\"@context\":\"https:\\\/\\\/schema.org\",\"@graph\":[{\"@type\":\"Article\",\"@id\":\"https:\\\/\\\/centrourbano.com\\\/revista\\\/construccion\\\/colocan-mallas-para-proteccion-solar-en-escuelas-de-la-gam\\\/#article\",\"isPartOf\":{\"@id\":\"https:\\\/\\\/centrourbano.com\\\/revista\\\/construccion\\\/colocan-mallas-para-proteccion-solar-en-escuelas-de-la-gam\\\/\"},\"author\":{\"name\":\"Diego Rodr\u00edguez\",\"@id\":\"https:\\\/\\\/centrourbano.com\\\/revista\\\/#\\\/schema\\\/person\\\/b50192a3cd0e680841b45dc537f53970\"},\"headline\":\"Colocan mallas para protecci\u00f3n solar en escuelas de la GAM\",\"datePublished\":\"2016-04-25T21:45:51+00:00\",\"mainEntityOfPage\":{\"@id\":\"https:\\\/\\\/centrourbano.com\\\/revista\\\/construccion\\\/colocan-mallas-para-proteccion-solar-en-escuelas-de-la-gam\\\/\"},\"wordCount\":207,\"commentCount\":0,\"publisher\":{\"@id\":\"https:\\\/\\\/centrourbano.com\\\/revista\\\/#organization\"},\"image\":{\"@id\":\"https:\\\/\\\/centrourbano.com\\\/revista\\\/construccion\\\/colocan-mallas-para-proteccion-solar-en-escuelas-de-la-gam\\\/#primaryimage\"},\"thumbnailUrl\":\"https:\\\/\\\/centrourbano.com\\\/revista\\\/wp-content\\\/uploads\\\/MALLAS-SOLARES-1-scaled.jpg\",\"articleSection\":[\"Construcci\u00f3n\"],\"inLanguage\":\"es\",\"potentialAction\":[{\"@type\":\"CommentAction\",\"name\":\"Comment\",\"target\":[\"https:\\\/\\\/centrourbano.com\\\/revista\\\/construccion\\\/colocan-mallas-para-proteccion-solar-en-escuelas-de-la-gam\\\/#respond\"]}]},{\"@type\":\"WebPage\",\"@id\":\"https:\\\/\\\/centrourbano.com\\\/revista\\\/construccion\\\/colocan-mallas-para-proteccion-solar-en-escuelas-de-la-gam\\\/\",\"url\":\"https:\\\/\\\/centrourbano.com\\\/revista\\\/construccion\\\/colocan-mallas-para-proteccion-solar-en-escuelas-de-la-gam\\\/\",\"name\":\"Colocan mallas para protecci\u00f3n solar en escuelas de la GAM -\",\"isPartOf\":{\"@id\":\"https:\\\/\\\/centrourbano.com\\\/revista\\\/#website\"},\"primaryImageOfPage\":{\"@id\":\"https:\\\/\\\/centrourbano.com\\\/revista\\\/construccion\\\/colocan-mallas-para-proteccion-solar-en-escuelas-de-la-gam\\\/#primaryimage\"},\"image\":{\"@id\":\"https:\\\/\\\/centrourbano.com\\\/revista\\\/construccion\\\/colocan-mallas-para-proteccion-solar-en-escuelas-de-la-gam\\\/#primaryimage\"},\"thumbnailUrl\":\"https:\\\/\\\/centrourbano.com\\\/revista\\\/wp-content\\\/uploads\\\/MALLAS-SOLARES-1-scaled.jpg\",\"datePublished\":\"2016-04-25T21:45:51+00:00\",\"description\":\"La delegaci\u00f3n Gustavo A. Madero ha colocado 350 estructuras met\u00e1licas para la instalaci\u00f3n de mallas solares en escuelas p\u00fablicas de la demarcaci\u00f3n, hasta la fecha se tiene un avance de 77%, cuya finalidad es proteger a los alumnos de los rayos ultravioleta durante actividades al aire libre.\u00a0\",\"breadcrumb\":{\"@id\":\"https:\\\/\\\/centrourbano.com\\\/revista\\\/construccion\\\/colocan-mallas-para-proteccion-solar-en-escuelas-de-la-gam\\\/#breadcrumb\"},\"inLanguage\":\"es\",\"potentialAction\":[{\"@type\":\"ReadAction\",\"target\":[\"https:\\\/\\\/centrourbano.com\\\/revista\\\/construccion\\\/colocan-mallas-para-proteccion-solar-en-escuelas-de-la-gam\\\/\"]}]},{\"@type\":\"ImageObject\",\"inLanguage\":\"es\",\"@id\":\"https:\\\/\\\/centrourbano.com\\\/revista\\\/construccion\\\/colocan-mallas-para-proteccion-solar-en-escuelas-de-la-gam\\\/#primaryimage\",\"url\":\"https:\\\/\\\/centrourbano.com\\\/revista\\\/wp-content\\\/uploads\\\/MALLAS-SOLARES-1-scaled.jpg\",\"contentUrl\":\"https:\\\/\\\/centrourbano.com\\\/revista\\\/wp-content\\\/uploads\\\/MALLAS-SOLARES-1-scaled.jpg\",\"width\":2560,\"height\":1707,\"caption\":\"Cada protecci\u00f3n abarca 625 metros cuadrados, se colocar\u00e1n 450 estructuras\"},{\"@type\":\"BreadcrumbList\",\"@id\":\"https:\\\/\\\/centrourbano.com\\\/revista\\\/construccion\\\/colocan-mallas-para-proteccion-solar-en-escuelas-de-la-gam\\\/#breadcrumb\",\"itemListElement\":[{\"@type\":\"ListItem\",\"position\":1,\"name\":\"Portada\",\"item\":\"https:\\\/\\\/centrourbano.com\\\/revista\\\/\"},{\"@type\":\"ListItem\",\"position\":2,\"name\":\"Colocan mallas para protecci\u00f3n solar en escuelas de la GAM\"}]},{\"@type\":\"WebSite\",\"@id\":\"https:\\\/\\\/centrourbano.com\\\/revista\\\/#website\",\"url\":\"https:\\\/\\\/centrourbano.com\\\/revista\\\/\",\"name\":\"Centro Urbano\",\"description\":\"Medio especializado en los sectores vivienda, inmobiliario, construcci\u00f3n, arquitectura y urbanismo.\",\"publisher\":{\"@id\":\"https:\\\/\\\/centrourbano.com\\\/revista\\\/#organization\"},\"potentialAction\":[{\"@type\":\"SearchAction\",\"target\":{\"@type\":\"EntryPoint\",\"urlTemplate\":\"https:\\\/\\\/centrourbano.com\\\/revista\\\/?s={search_term_string}\"},\"query-input\":{\"@type\":\"PropertyValueSpecification\",\"valueRequired\":true,\"valueName\":\"search_term_string\"}}],\"inLanguage\":\"es\"},{\"@type\":\"Organization\",\"@id\":\"https:\\\/\\\/centrourbano.com\\\/revista\\\/#organization\",\"name\":\"Centro Urbano\",\"url\":\"https:\\\/\\\/centrourbano.com\\\/revista\\\/\",\"logo\":{\"@type\":\"ImageObject\",\"inLanguage\":\"es\",\"@id\":\"https:\\\/\\\/centrourbano.com\\\/revista\\\/#\\\/schema\\\/logo\\\/image\\\/\",\"url\":\"https:\\\/\\\/centrourbano.com\\\/revista\\\/wp-content\\\/uploads\\\/web_CU_logo-1.png\",\"contentUrl\":\"https:\\\/\\\/centrourbano.com\\\/revista\\\/wp-content\\\/uploads\\\/web_CU_logo-1.png\",\"width\":350,\"height\":91,\"caption\":\"Centro Urbano\"},\"image\":{\"@id\":\"https:\\\/\\\/centrourbano.com\\\/revista\\\/#\\\/schema\\\/logo\\\/image\\\/\"},\"sameAs\":[\"https:\\\/\\\/www.facebook.com\\\/portalcentrourbano\",\"https:\\\/\\\/x.com\\\/CentroUrbano\",\"https:\\\/\\\/www.instagram.com\\\/centro_urbano\\\/\",\"https:\\\/\\\/www.linkedin.com\\\/company\\\/centro-urbano\\\/\",\"http:\\\/\\\/www.youtube.com\\\/user\\\/portalcentrourbano\"]},{\"@type\":\"Person\",\"@id\":\"https:\\\/\\\/centrourbano.com\\\/revista\\\/#\\\/schema\\\/person\\\/b50192a3cd0e680841b45dc537f53970\",\"name\":\"Diego Rodr\u00edguez\",\"image\":{\"@type\":\"ImageObject\",\"inLanguage\":\"es\",\"@id\":\"https:\\\/\\\/secure.gravatar.com\\\/avatar\\\/d217565525df2df5d4e7265d47758506f41845ed9529510921a7625d8365789d?s=96&d=mm&r=g\",\"url\":\"https:\\\/\\\/secure.gravatar.com\\\/avatar\\\/d217565525df2df5d4e7265d47758506f41845ed9529510921a7625d8365789d?s=96&d=mm&r=g\",\"contentUrl\":\"https:\\\/\\\/secure.gravatar.com\\\/avatar\\\/d217565525df2df5d4e7265d47758506f41845ed9529510921a7625d8365789d?s=96&d=mm&r=g\",\"caption\":\"Diego Rodr\u00edguez\"},\"description\":\"Egresado de la Facultad de Estudios Superiores Acatl\u00e1n de la carrera en Comunicaci\u00f3n, con especialidad en medios escritos. Reportero del desaparecido peri\u00f3dico Nuestro M\u00e9xico, en donde cubri\u00f3 las fuentes delegacionales y Asamblea Legislativa. Tambi\u00e9n trabaj\u00f3 en la Coordinaci\u00f3n de Comunicaci\u00f3n Social en la delegaci\u00f3n \u00c1lvaro Obreg\u00f3n. Le gusta leer novelas y cuentos.\",\"url\":\"https:\\\/\\\/centrourbano.com\\\/revista\\\/author\\\/diegorodriguez\\\/\"}]}<\/script>\n<!-- \/ Yoast SEO plugin. -->","yoast_head_json":{"title":"Colocan mallas para protecci\u00f3n solar en escuelas de la GAM -","description":"La delegaci\u00f3n Gustavo A. Madero ha colocado 350 estructuras met\u00e1licas para la instalaci\u00f3n de mallas solares en escuelas p\u00fablicas de la demarcaci\u00f3n, hasta la fecha se tiene un avance de 77%, cuya finalidad es proteger a los alumnos de los rayos ultravioleta durante actividades al aire libre.\u00a0","robots":{"index":"index","follow":"follow","max-snippet":"max-snippet:-1","max-image-preview":"max-image-preview:large","max-video-preview":"max-video-preview:-1"},"canonical":"https:\/\/centrourbano.com\/revista\/construccion\/colocan-mallas-para-proteccion-solar-en-escuelas-de-la-gam\/","og_locale":"es_ES","og_type":"article","og_title":"Colocan mallas para protecci\u00f3n solar en escuelas de la GAM -","og_description":"La delegaci\u00f3n Gustavo A. Madero ha colocado 350 estructuras met\u00e1licas para la instalaci\u00f3n de mallas solares en escuelas p\u00fablicas de la demarcaci\u00f3n, hasta la fecha se tiene un avance de 77%, cuya finalidad es proteger a los alumnos de los rayos ultravioleta durante actividades al aire libre.\u00a0","og_url":"https:\/\/centrourbano.com\/revista\/construccion\/colocan-mallas-para-proteccion-solar-en-escuelas-de-la-gam\/","og_site_name":"Centro Urbano","article_publisher":"https:\/\/www.facebook.com\/portalcentrourbano","article_published_time":"2016-04-25T21:45:51+00:00","og_image":[{"width":2560,"height":1707,"url":"https:\/\/centrourbano.com\/revista\/wp-content\/uploads\/MALLAS-SOLARES-1-scaled.jpg","type":"image\/jpeg"}],"author":"Diego Rodr\u00edguez","twitter_card":"summary_large_image","twitter_creator":"@CentroUrbano","twitter_site":"@CentroUrbano","twitter_misc":{"Escrito por":"Diego Rodr\u00edguez","Tiempo de lectura":"1 minuto"},"schema":{"@context":"https:\/\/schema.org","@graph":[{"@type":"Article","@id":"https:\/\/centrourbano.com\/revista\/construccion\/colocan-mallas-para-proteccion-solar-en-escuelas-de-la-gam\/#article","isPartOf":{"@id":"https:\/\/centrourbano.com\/revista\/construccion\/colocan-mallas-para-proteccion-solar-en-escuelas-de-la-gam\/"},"author":{"name":"Diego Rodr\u00edguez","@id":"https:\/\/centrourbano.com\/revista\/#\/schema\/person\/b50192a3cd0e680841b45dc537f53970"},"headline":"Colocan mallas para protecci\u00f3n solar en escuelas de la GAM","datePublished":"2016-04-25T21:45:51+00:00","mainEntityOfPage":{"@id":"https:\/\/centrourbano.com\/revista\/construccion\/colocan-mallas-para-proteccion-solar-en-escuelas-de-la-gam\/"},"wordCount":207,"commentCount":0,"publisher":{"@id":"https:\/\/centrourbano.com\/revista\/#organization"},"image":{"@id":"https:\/\/centrourbano.com\/revista\/construccion\/colocan-mallas-para-proteccion-solar-en-escuelas-de-la-gam\/#primaryimage"},"thumbnailUrl":"https:\/\/centrourbano.com\/revista\/wp-content\/uploads\/MALLAS-SOLARES-1-scaled.jpg","articleSection":["Construcci\u00f3n"],"inLanguage":"es","potentialAction":[{"@type":"CommentAction","name":"Comment","target":["https:\/\/centrourbano.com\/revista\/construccion\/colocan-mallas-para-proteccion-solar-en-escuelas-de-la-gam\/#respond"]}]},{"@type":"WebPage","@id":"https:\/\/centrourbano.com\/revista\/construccion\/colocan-mallas-para-proteccion-solar-en-escuelas-de-la-gam\/","url":"https:\/\/centrourbano.com\/revista\/construccion\/colocan-mallas-para-proteccion-solar-en-escuelas-de-la-gam\/","name":"Colocan mallas para protecci\u00f3n solar en escuelas de la GAM -","isPartOf":{"@id":"https:\/\/centrourbano.com\/revista\/#website"},"primaryImageOfPage":{"@id":"https:\/\/centrourbano.com\/revista\/construccion\/colocan-mallas-para-proteccion-solar-en-escuelas-de-la-gam\/#primaryimage"},"image":{"@id":"https:\/\/centrourbano.com\/revista\/construccion\/colocan-mallas-para-proteccion-solar-en-escuelas-de-la-gam\/#primaryimage"},"thumbnailUrl":"https:\/\/centrourbano.com\/revista\/wp-content\/uploads\/MALLAS-SOLARES-1-scaled.jpg","datePublished":"2016-04-25T21:45:51+00:00","description":"La delegaci\u00f3n Gustavo A. Madero ha colocado 350 estructuras met\u00e1licas para la instalaci\u00f3n de mallas solares en escuelas p\u00fablicas de la demarcaci\u00f3n, hasta la fecha se tiene un avance de 77%, cuya finalidad es proteger a los alumnos de los rayos ultravioleta durante actividades al aire libre.\u00a0","breadcrumb":{"@id":"https:\/\/centrourbano.com\/revista\/construccion\/colocan-mallas-para-proteccion-solar-en-escuelas-de-la-gam\/#breadcrumb"},"inLanguage":"es","potentialAction":[{"@type":"ReadAction","target":["https:\/\/centrourbano.com\/revista\/construccion\/colocan-mallas-para-proteccion-solar-en-escuelas-de-la-gam\/"]}]},{"@type":"ImageObject","inLanguage":"es","@id":"https:\/\/centrourbano.com\/revista\/construccion\/colocan-mallas-para-proteccion-solar-en-escuelas-de-la-gam\/#primaryimage","url":"https:\/\/centrourbano.com\/revista\/wp-content\/uploads\/MALLAS-SOLARES-1-scaled.jpg","contentUrl":"https:\/\/centrourbano.com\/revista\/wp-content\/uploads\/MALLAS-SOLARES-1-scaled.jpg","width":2560,"height":1707,"caption":"Cada protecci\u00f3n abarca 625 metros cuadrados, se colocar\u00e1n 450 estructuras"},{"@type":"BreadcrumbList","@id":"https:\/\/centrourbano.com\/revista\/construccion\/colocan-mallas-para-proteccion-solar-en-escuelas-de-la-gam\/#breadcrumb","itemListElement":[{"@type":"ListItem","position":1,"name":"Portada","item":"https:\/\/centrourbano.com\/revista\/"},{"@type":"ListItem","position":2,"name":"Colocan mallas para protecci\u00f3n solar en escuelas de la GAM"}]},{"@type":"WebSite","@id":"https:\/\/centrourbano.com\/revista\/#website","url":"https:\/\/centrourbano.com\/revista\/","name":"Centro Urbano","description":"Medio especializado en los sectores vivienda, inmobiliario, construcci\u00f3n, arquitectura y urbanismo.","publisher":{"@id":"https:\/\/centrourbano.com\/revista\/#organization"},"potentialAction":[{"@type":"SearchAction","target":{"@type":"EntryPoint","urlTemplate":"https:\/\/centrourbano.com\/revista\/?s={search_term_string}"},"query-input":{"@type":"PropertyValueSpecification","valueRequired":true,"valueName":"search_term_string"}}],"inLanguage":"es"},{"@type":"Organization","@id":"https:\/\/centrourbano.com\/revista\/#organization","name":"Centro Urbano","url":"https:\/\/centrourbano.com\/revista\/","logo":{"@type":"ImageObject","inLanguage":"es","@id":"https:\/\/centrourbano.com\/revista\/#\/schema\/logo\/image\/","url":"https:\/\/centrourbano.com\/revista\/wp-content\/uploads\/web_CU_logo-1.png","contentUrl":"https:\/\/centrourbano.com\/revista\/wp-content\/uploads\/web_CU_logo-1.png","width":350,"height":91,"caption":"Centro Urbano"},"image":{"@id":"https:\/\/centrourbano.com\/revista\/#\/schema\/logo\/image\/"},"sameAs":["https:\/\/www.facebook.com\/portalcentrourbano","https:\/\/x.com\/CentroUrbano","https:\/\/www.instagram.com\/centro_urbano\/","https:\/\/www.linkedin.com\/company\/centro-urbano\/","http:\/\/www.youtube.com\/user\/portalcentrourbano"]},{"@type":"Person","@id":"https:\/\/centrourbano.com\/revista\/#\/schema\/person\/b50192a3cd0e680841b45dc537f53970","name":"Diego Rodr\u00edguez","image":{"@type":"ImageObject","inLanguage":"es","@id":"https:\/\/secure.gravatar.com\/avatar\/d217565525df2df5d4e7265d47758506f41845ed9529510921a7625d8365789d?s=96&d=mm&r=g","url":"https:\/\/secure.gravatar.com\/avatar\/d217565525df2df5d4e7265d47758506f41845ed9529510921a7625d8365789d?s=96&d=mm&r=g","contentUrl":"https:\/\/secure.gravatar.com\/avatar\/d217565525df2df5d4e7265d47758506f41845ed9529510921a7625d8365789d?s=96&d=mm&r=g","caption":"Diego Rodr\u00edguez"},"description":"Egresado de la Facultad de Estudios Superiores Acatl\u00e1n de la carrera en Comunicaci\u00f3n, con especialidad en medios escritos. Reportero del desaparecido peri\u00f3dico Nuestro M\u00e9xico, en donde cubri\u00f3 las fuentes delegacionales y Asamblea Legislativa. Tambi\u00e9n trabaj\u00f3 en la Coordinaci\u00f3n de Comunicaci\u00f3n Social en la delegaci\u00f3n \u00c1lvaro Obreg\u00f3n. Le gusta leer novelas y cuentos.","url":"https:\/\/centrourbano.com\/revista\/author\/diegorodriguez\/"}]}},"_links":{"self":[{"href":"https:\/\/centrourbano.com\/revista\/wp-json\/wp\/v2\/posts\/33838","targetHints":{"allow":["GET"]}}],"collection":[{"href":"https:\/\/centrourbano.com\/revista\/wp-json\/wp\/v2\/posts"}],"about":[{"href":"https:\/\/centrourbano.com\/revista\/wp-json\/wp\/v2\/types\/post"}],"author":[{"embeddable":true,"href":"https:\/\/centrourbano.com\/revista\/wp-json\/wp\/v2\/users\/37"}],"replies":[{"embeddable":true,"href":"https:\/\/centrourbano.com\/revista\/wp-json\/wp\/v2\/comments?post=33838"}],"version-history":[{"count":0,"href":"https:\/\/centrourbano.com\/revista\/wp-json\/wp\/v2\/posts\/33838\/revisions"}],"wp:featuredmedia":[{"embeddable":true,"href":"https:\/\/centrourbano.com\/revista\/wp-json\/wp\/v2\/media\/33843"}],"wp:attachment":[{"href":"https:\/\/centrourbano.com\/revista\/wp-json\/wp\/v2\/media?parent=33838"}],"wp:term":[{"taxonomy":"category","embeddable":true,"href":"https:\/\/centrourbano.com\/revista\/wp-json\/wp\/v2\/categories?post=33838"},{"taxonomy":"post_tag","embeddable":true,"href":"https:\/\/centrourbano.com\/revista\/wp-json\/wp\/v2\/tags?post=33838"}],"curies":[{"name":"wp","href":"https:\/\/api.w.org\/{rel}","templated":true}]}}